{"id":1014,"date":"2014-11-16T19:00:55","date_gmt":"2014-11-16T18:00:55","guid":{"rendered":"http:\/\/phicatgarnier.wordpress.com\/?p=2"},"modified":"2014-11-16T19:00:55","modified_gmt":"2014-11-16T18:00:55","slug":"preparatifs","status":"publish","type":"post","link":"https:\/\/imaginedemain.fr\/index.php\/2014\/11\/16\/preparatifs\/","title":{"rendered":"Derniers pr\u00e9paratifs"},"content":{"rendered":"<p>Cinq jours avant le d\u00e9part &#8230; nous avons environ 500 entr\u00e9es dans notre lexique perso d&rsquo;espagnol sous excel, revues chaque jour, dont le pass\u00e9 simple <a href=\"https:\/\/phicatgarnier.files.wordpress.com\/2014\/11\/photo-1.jpg\"><img data-recalc-dims=\"1\" loading=\"lazy\" decoding=\"async\" class=\"alignleft wp-image-4 size-medium\" src=\"https:\/\/phicatgarnier.files.wordpress.com\/2014\/11\/photo-1.jpg?w=300&#038;resize=300%2C225\" alt=\"Photo 1\" width=\"300\" height=\"225\" \/><\/a>de \u00ab\u00a0<em>hacer\u00a0\u00bb<\/em>: <em>hice, hiciste, hizo &#8230; <\/em>j&rsquo;ai fait, tu as fait, il a fait &#8230; Pas simple l&rsquo;espagnol, il ne suffit pas de tordre le fran\u00e7ais en z\u00e9zayant, mais \u00e9l\u00e8ves en progr\u00e8s. D\u00e9j\u00e0 20 kg dans le sac \u00ab\u00a0montagne\u00a0\u00bb, les bagages sont limit\u00e9s \u00e0 23 kg par personne, un joli casse-t\u00eate car on anticipe la ville, la haute montagne \u00e0 4000 m\u00e8tres et plus si affinit\u00e9s, la carretera austral, les salars, la playa, les grands observatoires, des treks sur glacier, le v\u00e9lo contre le vent en Patagonie &#8230; Et si nous \u00e9tions re\u00e7us par l&rsquo;ambassade de France, ou des campesinos ici ou l\u00e0, quoi prendre?<\/p>\n","protected":false},"excerpt":{"rendered":"<p>Cinq jours avant le d\u00e9part &#8230; nous avons environ 500 entr\u00e9es dans notre lexique perso d&rsquo;espagnol sous excel, revues chaque jour, dont le pass\u00e9 simple de \u00ab\u00a0hacer\u00a0\u00bb: hice, hiciste, hizo &#8230; j&rsquo;ai fait, tu as fait, il a fait &#8230; Pas simple l&rsquo;espagnol, il ne suffit pas de tordre le fran\u00e7ais en z\u00e9zayant, mais \u00e9l\u00e8ves [&hellip;]<\/p>\n","protected":false},"author":1,"featured_media":0,"comment_status":"open","ping_status":"open","sticky":false,"template":"","format":"standard","meta":{"ngg_post_thumbnail":0,"jetpack_post_was_ever_published":false,"_jetpack_newsletter_access":"","_jetpack_dont_email_post_to_subs":false,"_jetpack_newsletter_tier_id":0,"_jetpack_memberships_contains_paywalled_content":false,"_jetpack_memberships_contains_paid_content":false,"footnotes":"","jetpack_publicize_message":"","jetpack_publicize_feature_enabled":true,"jetpack_social_post_already_shared":false,"jetpack_social_options":{"image_generator_settings":{"template":"highway","default_image_id":0,"font":"","enabled":false},"version":2}},"categories":[10],"tags":[14],"class_list":["post-1014","post","type-post","status-publish","format-standard","hentry","category-chile-y-argentina","tag-chili"],"yoast_head":"<!-- This site is optimized with the Yoast SEO plugin v27.5 - https:\/\/yoast.com\/product\/yoast-seo-wordpress\/ -->\n<title>Derniers pr\u00e9paratifs - Imagine demain<\/title>\n<meta name=\"robots\" content=\"index, follow, max-snippet:-1, max-image-preview:large, max-video-preview:-1\" \/>\n<link rel=\"canonical\" href=\"https:\/\/imaginedemain.fr\/index.php\/2014\/11\/16\/preparatifs\/\" \/>\n<meta property=\"og:locale\" content=\"fr_FR\" \/>\n<meta property=\"og:type\" content=\"article\" \/>\n<meta property=\"og:title\" content=\"Derniers pr\u00e9paratifs - Imagine demain\" \/>\n<meta property=\"og:description\" content=\"Cinq jours avant le d\u00e9part &#8230; nous avons environ 500 entr\u00e9es dans notre lexique perso d&rsquo;espagnol sous excel, revues chaque jour, dont le pass\u00e9 simple de \u00ab\u00a0hacer\u00a0\u00bb: hice, hiciste, hizo &#8230; j&rsquo;ai fait, tu as fait, il a fait &#8230; Pas simple l&rsquo;espagnol, il ne suffit pas de tordre le fran\u00e7ais en z\u00e9zayant, mais \u00e9l\u00e8ves [&hellip;]\" \/>\n<meta property=\"og:url\" content=\"https:\/\/imaginedemain.fr\/index.php\/2014\/11\/16\/preparatifs\/\" \/>\n<meta property=\"og:site_name\" content=\"Imagine demain\" \/>\n<meta property=\"article:published_time\" content=\"2014-11-16T18:00:55+00:00\" \/>\n<meta property=\"og:image\" content=\"https:\/\/phicatgarnier.files.wordpress.com\/2014\/11\/photo-1.jpg?w=300\" \/>\n<meta name=\"author\" content=\"Philippe\" \/>\n<meta name=\"twitter:card\" content=\"summary_large_image\" \/>\n<meta name=\"twitter:label1\" content=\"\u00c9crit par\" \/>\n\t<meta name=\"twitter:data1\" content=\"Philippe\" \/>\n\t<meta name=\"twitter:label2\" content=\"Dur\u00e9e de lecture estim\u00e9e\" \/>\n\t<meta name=\"twitter:data2\" content=\"1 minute\" \/>\n<script type=\"application\/ld+json\" class=\"yoast-schema-graph\">{\"@context\":\"https:\\\/\\\/schema.org\",\"@graph\":[{\"@type\":\"Article\",\"@id\":\"https:\\\/\\\/imaginedemain.fr\\\/index.php\\\/2014\\\/11\\\/16\\\/preparatifs\\\/#article\",\"isPartOf\":{\"@id\":\"https:\\\/\\\/imaginedemain.fr\\\/index.php\\\/2014\\\/11\\\/16\\\/preparatifs\\\/\"},\"author\":{\"name\":\"Philippe\",\"@id\":\"https:\\\/\\\/imaginedemain.fr\\\/#\\\/schema\\\/person\\\/e38f616126180f1f6000edc7daca21ab\"},\"headline\":\"Derniers pr\u00e9paratifs\",\"datePublished\":\"2014-11-16T18:00:55+00:00\",\"mainEntityOfPage\":{\"@id\":\"https:\\\/\\\/imaginedemain.fr\\\/index.php\\\/2014\\\/11\\\/16\\\/preparatifs\\\/\"},\"wordCount\":140,\"commentCount\":0,\"image\":{\"@id\":\"https:\\\/\\\/imaginedemain.fr\\\/index.php\\\/2014\\\/11\\\/16\\\/preparatifs\\\/#primaryimage\"},\"thumbnailUrl\":\"https:\\\/\\\/phicatgarnier.files.wordpress.com\\\/2014\\\/11\\\/photo-1.jpg?w=300\",\"keywords\":[\"Chili\"],\"articleSection\":[\"Chili &amp; Argentine\"],\"inLanguage\":\"fr-FR\",\"potentialAction\":[{\"@type\":\"CommentAction\",\"name\":\"Comment\",\"target\":[\"https:\\\/\\\/imaginedemain.fr\\\/index.php\\\/2014\\\/11\\\/16\\\/preparatifs\\\/#respond\"]}]},{\"@type\":\"WebPage\",\"@id\":\"https:\\\/\\\/imaginedemain.fr\\\/index.php\\\/2014\\\/11\\\/16\\\/preparatifs\\\/\",\"url\":\"https:\\\/\\\/imaginedemain.fr\\\/index.php\\\/2014\\\/11\\\/16\\\/preparatifs\\\/\",\"name\":\"Derniers pr\u00e9paratifs - Imagine demain\",\"isPartOf\":{\"@id\":\"https:\\\/\\\/imaginedemain.fr\\\/#website\"},\"primaryImageOfPage\":{\"@id\":\"https:\\\/\\\/imaginedemain.fr\\\/index.php\\\/2014\\\/11\\\/16\\\/preparatifs\\\/#primaryimage\"},\"image\":{\"@id\":\"https:\\\/\\\/imaginedemain.fr\\\/index.php\\\/2014\\\/11\\\/16\\\/preparatifs\\\/#primaryimage\"},\"thumbnailUrl\":\"https:\\\/\\\/phicatgarnier.files.wordpress.com\\\/2014\\\/11\\\/photo-1.jpg?w=300\",\"datePublished\":\"2014-11-16T18:00:55+00:00\",\"author\":{\"@id\":\"https:\\\/\\\/imaginedemain.fr\\\/#\\\/schema\\\/person\\\/e38f616126180f1f6000edc7daca21ab\"},\"breadcrumb\":{\"@id\":\"https:\\\/\\\/imaginedemain.fr\\\/index.php\\\/2014\\\/11\\\/16\\\/preparatifs\\\/#breadcrumb\"},\"inLanguage\":\"fr-FR\",\"potentialAction\":[{\"@type\":\"ReadAction\",\"target\":[\"https:\\\/\\\/imaginedemain.fr\\\/index.php\\\/2014\\\/11\\\/16\\\/preparatifs\\\/\"]}]},{\"@type\":\"ImageObject\",\"inLanguage\":\"fr-FR\",\"@id\":\"https:\\\/\\\/imaginedemain.fr\\\/index.php\\\/2014\\\/11\\\/16\\\/preparatifs\\\/#primaryimage\",\"url\":\"https:\\\/\\\/phicatgarnier.files.wordpress.com\\\/2014\\\/11\\\/photo-1.jpg?w=300\",\"contentUrl\":\"https:\\\/\\\/phicatgarnier.files.wordpress.com\\\/2014\\\/11\\\/photo-1.jpg?w=300\"},{\"@type\":\"BreadcrumbList\",\"@id\":\"https:\\\/\\\/imaginedemain.fr\\\/index.php\\\/2014\\\/11\\\/16\\\/preparatifs\\\/#breadcrumb\",\"itemListElement\":[{\"@type\":\"ListItem\",\"position\":1,\"name\":\"Accueil\",\"item\":\"https:\\\/\\\/imaginedemain.fr\\\/\"},{\"@type\":\"ListItem\",\"position\":2,\"name\":\"Derniers pr\u00e9paratifs\"}]},{\"@type\":\"WebSite\",\"@id\":\"https:\\\/\\\/imaginedemain.fr\\\/#website\",\"url\":\"https:\\\/\\\/imaginedemain.fr\\\/\",\"name\":\"Imagine demain\",\"description\":\"\",\"potentialAction\":[{\"@type\":\"SearchAction\",\"target\":{\"@type\":\"EntryPoint\",\"urlTemplate\":\"https:\\\/\\\/imaginedemain.fr\\\/?s={search_term_string}\"},\"query-input\":{\"@type\":\"PropertyValueSpecification\",\"valueRequired\":true,\"valueName\":\"search_term_string\"}}],\"inLanguage\":\"fr-FR\"},{\"@type\":\"Person\",\"@id\":\"https:\\\/\\\/imaginedemain.fr\\\/#\\\/schema\\\/person\\\/e38f616126180f1f6000edc7daca21ab\",\"name\":\"Philippe\",\"image\":{\"@type\":\"ImageObject\",\"inLanguage\":\"fr-FR\",\"@id\":\"https:\\\/\\\/secure.gravatar.com\\\/avatar\\\/69f59b5b22630ea786677085abd0e3dc50190e58bc7ca3c50bd640bfaf2456a4?s=96&d=blank&r=g\",\"url\":\"https:\\\/\\\/secure.gravatar.com\\\/avatar\\\/69f59b5b22630ea786677085abd0e3dc50190e58bc7ca3c50bd640bfaf2456a4?s=96&d=blank&r=g\",\"contentUrl\":\"https:\\\/\\\/secure.gravatar.com\\\/avatar\\\/69f59b5b22630ea786677085abd0e3dc50190e58bc7ca3c50bd640bfaf2456a4?s=96&d=blank&r=g\",\"caption\":\"Philippe\"},\"sameAs\":[\"http:\\\/\\\/imaginedemain.fr\\\/\"],\"url\":\"https:\\\/\\\/imaginedemain.fr\\\/index.php\\\/author\\\/admin4809\\\/\"}]}<\/script>\n<!-- \/ Yoast SEO plugin. -->","yoast_head_json":{"title":"Derniers pr\u00e9paratifs - Imagine demain","robots":{"index":"index","follow":"follow","max-snippet":"max-snippet:-1","max-image-preview":"max-image-preview:large","max-video-preview":"max-video-preview:-1"},"canonical":"https:\/\/imaginedemain.fr\/index.php\/2014\/11\/16\/preparatifs\/","og_locale":"fr_FR","og_type":"article","og_title":"Derniers pr\u00e9paratifs - Imagine demain","og_description":"Cinq jours avant le d\u00e9part &#8230; nous avons environ 500 entr\u00e9es dans notre lexique perso d&rsquo;espagnol sous excel, revues chaque jour, dont le pass\u00e9 simple de \u00ab\u00a0hacer\u00a0\u00bb: hice, hiciste, hizo &#8230; j&rsquo;ai fait, tu as fait, il a fait &#8230; Pas simple l&rsquo;espagnol, il ne suffit pas de tordre le fran\u00e7ais en z\u00e9zayant, mais \u00e9l\u00e8ves [&hellip;]","og_url":"https:\/\/imaginedemain.fr\/index.php\/2014\/11\/16\/preparatifs\/","og_site_name":"Imagine demain","article_published_time":"2014-11-16T18:00:55+00:00","og_image":[{"url":"https:\/\/phicatgarnier.files.wordpress.com\/2014\/11\/photo-1.jpg?w=300","type":"","width":"","height":""}],"author":"Philippe","twitter_card":"summary_large_image","twitter_misc":{"\u00c9crit par":"Philippe","Dur\u00e9e de lecture estim\u00e9e":"1 minute"},"schema":{"@context":"https:\/\/schema.org","@graph":[{"@type":"Article","@id":"https:\/\/imaginedemain.fr\/index.php\/2014\/11\/16\/preparatifs\/#article","isPartOf":{"@id":"https:\/\/imaginedemain.fr\/index.php\/2014\/11\/16\/preparatifs\/"},"author":{"name":"Philippe","@id":"https:\/\/imaginedemain.fr\/#\/schema\/person\/e38f616126180f1f6000edc7daca21ab"},"headline":"Derniers pr\u00e9paratifs","datePublished":"2014-11-16T18:00:55+00:00","mainEntityOfPage":{"@id":"https:\/\/imaginedemain.fr\/index.php\/2014\/11\/16\/preparatifs\/"},"wordCount":140,"commentCount":0,"image":{"@id":"https:\/\/imaginedemain.fr\/index.php\/2014\/11\/16\/preparatifs\/#primaryimage"},"thumbnailUrl":"https:\/\/phicatgarnier.files.wordpress.com\/2014\/11\/photo-1.jpg?w=300","keywords":["Chili"],"articleSection":["Chili &amp; Argentine"],"inLanguage":"fr-FR","potentialAction":[{"@type":"CommentAction","name":"Comment","target":["https:\/\/imaginedemain.fr\/index.php\/2014\/11\/16\/preparatifs\/#respond"]}]},{"@type":"WebPage","@id":"https:\/\/imaginedemain.fr\/index.php\/2014\/11\/16\/preparatifs\/","url":"https:\/\/imaginedemain.fr\/index.php\/2014\/11\/16\/preparatifs\/","name":"Derniers pr\u00e9paratifs - Imagine demain","isPartOf":{"@id":"https:\/\/imaginedemain.fr\/#website"},"primaryImageOfPage":{"@id":"https:\/\/imaginedemain.fr\/index.php\/2014\/11\/16\/preparatifs\/#primaryimage"},"image":{"@id":"https:\/\/imaginedemain.fr\/index.php\/2014\/11\/16\/preparatifs\/#primaryimage"},"thumbnailUrl":"https:\/\/phicatgarnier.files.wordpress.com\/2014\/11\/photo-1.jpg?w=300","datePublished":"2014-11-16T18:00:55+00:00","author":{"@id":"https:\/\/imaginedemain.fr\/#\/schema\/person\/e38f616126180f1f6000edc7daca21ab"},"breadcrumb":{"@id":"https:\/\/imaginedemain.fr\/index.php\/2014\/11\/16\/preparatifs\/#breadcrumb"},"inLanguage":"fr-FR","potentialAction":[{"@type":"ReadAction","target":["https:\/\/imaginedemain.fr\/index.php\/2014\/11\/16\/preparatifs\/"]}]},{"@type":"ImageObject","inLanguage":"fr-FR","@id":"https:\/\/imaginedemain.fr\/index.php\/2014\/11\/16\/preparatifs\/#primaryimage","url":"https:\/\/phicatgarnier.files.wordpress.com\/2014\/11\/photo-1.jpg?w=300","contentUrl":"https:\/\/phicatgarnier.files.wordpress.com\/2014\/11\/photo-1.jpg?w=300"},{"@type":"BreadcrumbList","@id":"https:\/\/imaginedemain.fr\/index.php\/2014\/11\/16\/preparatifs\/#breadcrumb","itemListElement":[{"@type":"ListItem","position":1,"name":"Accueil","item":"https:\/\/imaginedemain.fr\/"},{"@type":"ListItem","position":2,"name":"Derniers pr\u00e9paratifs"}]},{"@type":"WebSite","@id":"https:\/\/imaginedemain.fr\/#website","url":"https:\/\/imaginedemain.fr\/","name":"Imagine demain","description":"","potentialAction":[{"@type":"SearchAction","target":{"@type":"EntryPoint","urlTemplate":"https:\/\/imaginedemain.fr\/?s={search_term_string}"},"query-input":{"@type":"PropertyValueSpecification","valueRequired":true,"valueName":"search_term_string"}}],"inLanguage":"fr-FR"},{"@type":"Person","@id":"https:\/\/imaginedemain.fr\/#\/schema\/person\/e38f616126180f1f6000edc7daca21ab","name":"Philippe","image":{"@type":"ImageObject","inLanguage":"fr-FR","@id":"https:\/\/secure.gravatar.com\/avatar\/69f59b5b22630ea786677085abd0e3dc50190e58bc7ca3c50bd640bfaf2456a4?s=96&d=blank&r=g","url":"https:\/\/secure.gravatar.com\/avatar\/69f59b5b22630ea786677085abd0e3dc50190e58bc7ca3c50bd640bfaf2456a4?s=96&d=blank&r=g","contentUrl":"https:\/\/secure.gravatar.com\/avatar\/69f59b5b22630ea786677085abd0e3dc50190e58bc7ca3c50bd640bfaf2456a4?s=96&d=blank&r=g","caption":"Philippe"},"sameAs":["http:\/\/imaginedemain.fr\/"],"url":"https:\/\/imaginedemain.fr\/index.php\/author\/admin4809\/"}]}},"jetpack_publicize_connections":[],"jetpack_featured_media_url":"","jetpack_shortlink":"https:\/\/wp.me\/p8tuMH-gm","jetpack-related-posts":[{"id":1332,"url":"https:\/\/imaginedemain.fr\/index.php\/2015\/03\/06\/comment-voyager-voiture-bus-avion-velo-cheval-pick-up-paquebot-camping-car-ferry\/","url_meta":{"origin":1014,"position":0},"title":"Comment voyager? Voiture, bus, avion, v\u00e9lo, cheval, pick-up, paquebot, camping-car, ferry?","author":"Philippe","date":"6 mars 2015","format":false,"excerpt":"En 15000 kilom\u00e8tres parcourus au Chili et en Argentine, nous avons rencontr\u00e9 bien des voyageurs, et bien des styles d'aventure. Petit bilan pour ceux qui pr\u00e9parent le voyage, ou ceux, plus nombreux, qui ne le pr\u00e9parent pas tout en y pensant. Garder \u00e0 l'esprit la loi universelle du voyage, selon\u2026","rel":"","context":"Dans &quot;Chili &amp; Argentine&quot;","block_context":{"text":"Chili &amp; Argentine","link":"https:\/\/imaginedemain.fr\/index.php\/category\/chile-y-argentina\/"},"img":{"alt_text":"","src":"https:\/\/i0.wp.com\/imaginedemain.fr\/wp-content\/uploads\/2014\/12\/dsc00109.jpg?fit=1200%2C673&ssl=1&resize=350%2C200","width":350,"height":200,"srcset":"https:\/\/i0.wp.com\/imaginedemain.fr\/wp-content\/uploads\/2014\/12\/dsc00109.jpg?fit=1200%2C673&ssl=1&resize=350%2C200 1x, https:\/\/i0.wp.com\/imaginedemain.fr\/wp-content\/uploads\/2014\/12\/dsc00109.jpg?fit=1200%2C673&ssl=1&resize=525%2C300 1.5x, https:\/\/i0.wp.com\/imaginedemain.fr\/wp-content\/uploads\/2014\/12\/dsc00109.jpg?fit=1200%2C673&ssl=1&resize=700%2C400 2x, https:\/\/i0.wp.com\/imaginedemain.fr\/wp-content\/uploads\/2014\/12\/dsc00109.jpg?fit=1200%2C673&ssl=1&resize=1050%2C600 3x"},"classes":[]},{"id":575,"url":"https:\/\/imaginedemain.fr\/index.php\/2015\/01\/15\/detroit-de-magellan-le-mythe\/","url_meta":{"origin":1014,"position":1},"title":"D\u00e9troit de Magellan, le mythe","author":"Philippe","date":"15 janvier 2015","format":false,"excerpt":"Apr\u00e8s le Perito Moreno en Argentine, poursuivant toujours plus sud nous revenons au Chili. Cinq guichets \u00e0 franchir et trois bonnes heures au poste fronti\u00e8re. Au cinqui\u00e8me et dernier guichet, un douanier chilien saisit les deux oranges et les deux avocats que nous transportons. Il les p\u00e8se sur un p\u00e8se-h\u00e9ro\u00efne,\u2026","rel":"","context":"Dans &quot;Chili &amp; Argentine&quot;","block_context":{"text":"Chili &amp; Argentine","link":"https:\/\/imaginedemain.fr\/index.php\/category\/chile-y-argentina\/"},"img":{"alt_text":"IMG_1025","src":"https:\/\/phicatgarnier.files.wordpress.com\/2015\/01\/img_1025.jpg?w=350&h=200&crop=1","width":350,"height":200,"srcset":"https:\/\/phicatgarnier.files.wordpress.com\/2015\/01\/img_1025.jpg?w=350&h=200&crop=1 1x, https:\/\/phicatgarnier.files.wordpress.com\/2015\/01\/img_1025.jpg?w=525&h=300&crop=1 1.5x, https:\/\/phicatgarnier.files.wordpress.com\/2015\/01\/img_1025.jpg?w=700&h=400&crop=1 2x"},"classes":[]},{"id":1101,"url":"https:\/\/imaginedemain.fr\/index.php\/2014\/12\/21\/carretera-austral\/","url_meta":{"origin":1014,"position":2},"title":"Carretera austral","author":"Philippe","date":"21 d\u00e9cembre 2014","format":false,"excerpt":"Nous quittons Chilo\u00e9 apr\u00e8s une derni\u00e8re \u00e9glise et une rencontre avec les p\u00e9cheurs huilliches de la c\u00f4te, qui pratiquent une p\u00eache \u00e0 pied pour le moins sportive. A Quellon nous embarquons avec \u00ab\u00a0Naviera Austral\u00a0\u00bb pour Puerto Cisnes o\u00f9 nous aborderons la Patagonie chilienne. Cette partie du Chili, bien que continentale,\u2026","rel":"","context":"Dans &quot;Chili &amp; Argentine&quot;","block_context":{"text":"Chili &amp; Argentine","link":"https:\/\/imaginedemain.fr\/index.php\/category\/chile-y-argentina\/"},"img":{"alt_text":"","src":"https:\/\/i0.wp.com\/imaginedemain.fr\/wp-content\/uploads\/2014\/12\/dsc00105.jpg?fit=1200%2C673&ssl=1&resize=350%2C200","width":350,"height":200,"srcset":"https:\/\/i0.wp.com\/imaginedemain.fr\/wp-content\/uploads\/2014\/12\/dsc00105.jpg?fit=1200%2C673&ssl=1&resize=350%2C200 1x, https:\/\/i0.wp.com\/imaginedemain.fr\/wp-content\/uploads\/2014\/12\/dsc00105.jpg?fit=1200%2C673&ssl=1&resize=525%2C300 1.5x, https:\/\/i0.wp.com\/imaginedemain.fr\/wp-content\/uploads\/2014\/12\/dsc00105.jpg?fit=1200%2C673&ssl=1&resize=700%2C400 2x, https:\/\/i0.wp.com\/imaginedemain.fr\/wp-content\/uploads\/2014\/12\/dsc00105.jpg?fit=1200%2C673&ssl=1&resize=1050%2C600 3x"},"classes":[]},{"id":1116,"url":"https:\/\/imaginedemain.fr\/index.php\/2015\/02\/22\/que-lindo-que-lindo\/","url_meta":{"origin":1014,"position":3},"title":"\u00a1Que lindo ! \u00a1Que lindo !","author":"Philippe","date":"22 f\u00e9vrier 2015","format":false,"excerpt":"Trois mois depuis notre arriv\u00e9e \u00e0 Santiago du Chili. Derri\u00e8re nous le grand sud du Chili, derri\u00e8re nous le sud de l\u2019Argentine et l\u2019immense Pampa d\u00e9sertique, derri\u00e8re nous les parcs argentins puis le nord-ouest de l\u2019Argentine, derri\u00e8re nous le nord chilien et l\u2019Atacama o\u00f9 il ne pleut jamais (oui\u00a0! jamais\u00a0!\u2026","rel":"","context":"Dans &quot;Chili &amp; Argentine&quot;","block_context":{"text":"Chili &amp; Argentine","link":"https:\/\/imaginedemain.fr\/index.php\/category\/chile-y-argentina\/"},"img":{"alt_text":"","src":"https:\/\/i0.wp.com\/imaginedemain.fr\/wp-content\/uploads\/2015\/02\/dsc05277.jpg?fit=1200%2C673&ssl=1&resize=350%2C200","width":350,"height":200,"srcset":"https:\/\/i0.wp.com\/imaginedemain.fr\/wp-content\/uploads\/2015\/02\/dsc05277.jpg?fit=1200%2C673&ssl=1&resize=350%2C200 1x, https:\/\/i0.wp.com\/imaginedemain.fr\/wp-content\/uploads\/2015\/02\/dsc05277.jpg?fit=1200%2C673&ssl=1&resize=525%2C300 1.5x, https:\/\/i0.wp.com\/imaginedemain.fr\/wp-content\/uploads\/2015\/02\/dsc05277.jpg?fit=1200%2C673&ssl=1&resize=700%2C400 2x, https:\/\/i0.wp.com\/imaginedemain.fr\/wp-content\/uploads\/2015\/02\/dsc05277.jpg?fit=1200%2C673&ssl=1&resize=1050%2C600 3x"},"classes":[]},{"id":5935,"url":"https:\/\/imaginedemain.fr\/index.php\/2020\/08\/04\/sur-le-gr10-damnees-pyrenees\/","url_meta":{"origin":1014,"position":4},"title":"Sur le GR10, damn\u00e9es  Pyr\u00e9n\u00e9es!","author":"Philippe","date":"4 ao\u00fbt 2020","format":false,"excerpt":"Chloroform\u00e9s par la p\u00e9riode de confinement, nous peinions \u00e0 nous projeter dans de nouvelles aventures pyr\u00e9n\u00e9ennes. Aussi f\u00eemes-nous, en cette ann\u00e9e virale, le choix de revenir sur nos pas \u00e0 Saint-Jean-Pied-de-Port pour nous diriger vers l'est, mais cette fois-ci du c\u00f4t\u00e9 fran\u00e7ais, sur le parcours du GR10. Neuf jours pour\u2026","rel":"","context":"Dans &quot;Pyr\u00e9n\u00e9es&quot;","block_context":{"text":"Pyr\u00e9n\u00e9es","link":"https:\/\/imaginedemain.fr\/index.php\/category\/pyrenees\/"},"img":{"alt_text":"","src":"https:\/\/i0.wp.com\/imaginedemain.fr\/wp-content\/uploads\/2020\/07\/IMG_1733-scaled.jpg?fit=1200%2C676&ssl=1&resize=350%2C200","width":350,"height":200,"srcset":"https:\/\/i0.wp.com\/imaginedemain.fr\/wp-content\/uploads\/2020\/07\/IMG_1733-scaled.jpg?fit=1200%2C676&ssl=1&resize=350%2C200 1x, https:\/\/i0.wp.com\/imaginedemain.fr\/wp-content\/uploads\/2020\/07\/IMG_1733-scaled.jpg?fit=1200%2C676&ssl=1&resize=525%2C300 1.5x, https:\/\/i0.wp.com\/imaginedemain.fr\/wp-content\/uploads\/2020\/07\/IMG_1733-scaled.jpg?fit=1200%2C676&ssl=1&resize=700%2C400 2x, https:\/\/i0.wp.com\/imaginedemain.fr\/wp-content\/uploads\/2020\/07\/IMG_1733-scaled.jpg?fit=1200%2C676&ssl=1&resize=1050%2C600 3x"},"classes":[]},{"id":2593,"url":"https:\/\/imaginedemain.fr\/index.php\/2017\/10\/07\/randonnee-de-banyuls-a-llivia-etape-2-entre-harmonie-et-chaos\/","url_meta":{"origin":1014,"position":5},"title":"Randonn\u00e9e de Banyuls \u00e0 Llivia, \u00e9tape 2, entre harmonie et chaos","author":"Philippe","date":"7 octobre 2017","format":false,"excerpt":"Il y a quelque chose de troublant \u00e0 embrasser d'un seul regard, depuis notre bivouac sur la cr\u00eate de la Massane, la c\u00f4te du Roussillon au nord, le Cap Creus \u00e0 l\u2019Est, tout au bout du bout des Pyr\u00e9n\u00e9es, quand elles l\u00e2chent prise dans la grande bleue, et au sud,\u2026","rel":"","context":"Dans &quot;Pyr\u00e9n\u00e9es&quot;","block_context":{"text":"Pyr\u00e9n\u00e9es","link":"https:\/\/imaginedemain.fr\/index.php\/category\/pyrenees\/"},"img":{"alt_text":"","src":"https:\/\/i0.wp.com\/imaginedemain.fr\/wp-content\/uploads\/2017\/10\/DSC05087.jpg?fit=1200%2C675&ssl=1&resize=350%2C200","width":350,"height":200,"srcset":"https:\/\/i0.wp.com\/imaginedemain.fr\/wp-content\/uploads\/2017\/10\/DSC05087.jpg?fit=1200%2C675&ssl=1&resize=350%2C200 1x, https:\/\/i0.wp.com\/imaginedemain.fr\/wp-content\/uploads\/2017\/10\/DSC05087.jpg?fit=1200%2C675&ssl=1&resize=525%2C300 1.5x, https:\/\/i0.wp.com\/imaginedemain.fr\/wp-content\/uploads\/2017\/10\/DSC05087.jpg?fit=1200%2C675&ssl=1&resize=700%2C400 2x, https:\/\/i0.wp.com\/imaginedemain.fr\/wp-content\/uploads\/2017\/10\/DSC05087.jpg?fit=1200%2C675&ssl=1&resize=1050%2C600 3x"},"classes":[]}],"jetpack_sharing_enabled":true,"_links":{"self":[{"href":"https:\/\/imaginedemain.fr\/index.php\/wp-json\/wp\/v2\/posts\/1014","targetHints":{"allow":["GET"]}}],"collection":[{"href":"https:\/\/imaginedemain.fr\/index.php\/wp-json\/wp\/v2\/posts"}],"about":[{"href":"https:\/\/imaginedemain.fr\/index.php\/wp-json\/wp\/v2\/types\/post"}],"author":[{"embeddable":true,"href":"https:\/\/imaginedemain.fr\/index.php\/wp-json\/wp\/v2\/users\/1"}],"replies":[{"embeddable":true,"href":"https:\/\/imaginedemain.fr\/index.php\/wp-json\/wp\/v2\/comments?post=1014"}],"version-history":[{"count":0,"href":"https:\/\/imaginedemain.fr\/index.php\/wp-json\/wp\/v2\/posts\/1014\/revisions"}],"wp:attachment":[{"href":"https:\/\/imaginedemain.fr\/index.php\/wp-json\/wp\/v2\/media?parent=1014"}],"wp:term":[{"taxonomy":"category","embeddable":true,"href":"https:\/\/imaginedemain.fr\/index.php\/wp-json\/wp\/v2\/categories?post=1014"},{"taxonomy":"post_tag","embeddable":true,"href":"https:\/\/imaginedemain.fr\/index.php\/wp-json\/wp\/v2\/tags?post=1014"}],"curies":[{"name":"wp","href":"https:\/\/api.w.org\/{rel}","templated":true}]}}