{"id":1030,"date":"2014-12-01T21:08:20","date_gmt":"2014-12-01T20:08:20","guid":{"rendered":"http:\/\/phicatgarnier.wordpress.com\/?p=92"},"modified":"2017-03-22T16:23:01","modified_gmt":"2017-03-22T15:23:01","slug":"araucanie-araucarias","status":"publish","type":"post","link":"https:\/\/imaginedemain.fr\/index.php\/2014\/12\/01\/araucanie-araucarias\/","title":{"rendered":"Araucanie, araucarias"},"content":{"rendered":"<p><a href=\"https:\/\/phicatgarnier.files.wordpress.com\/2014\/12\/dsc00294.jpg\"><img data-recalc-dims=\"1\" loading=\"lazy\" decoding=\"async\" data-attachment-id=\"91\" data-permalink=\"https:\/\/imaginedemain.fr\/sony-dsc-26-2\/\" data-orig-file=\"https:\/\/i0.wp.com\/imaginedemain.fr\/wp-content\/uploads\/2014\/12\/dsc00294.jpg?fit=4592%2C2576&amp;ssl=1\" data-orig-size=\"4592,2576\" data-comments-opened=\"1\" data-image-meta=\"{&quot;aperture&quot;:&quot;5.6&quot;,&quot;credit&quot;:&quot;&quot;,&quot;camera&quot;:&quot;DSLR-A350&quot;,&quot;caption&quot;:&quot;SONY DSC&quot;,&quot;created_timestamp&quot;:&quot;1417378322&quot;,&quot;copyright&quot;:&quot;&quot;,&quot;focal_length&quot;:&quot;230&quot;,&quot;iso&quot;:&quot;320&quot;,&quot;shutter_speed&quot;:&quot;0.0025&quot;,&quot;title&quot;:&quot;SONY DSC&quot;,&quot;orientation&quot;:&quot;1&quot;}\" data-image-title=\"SONY DSC\" data-image-description=\"\" data-image-caption=\"\" data-large-file=\"https:\/\/i0.wp.com\/imaginedemain.fr\/wp-content\/uploads\/2014\/12\/dsc00294.jpg?fit=600%2C336&amp;ssl=1\" class=\"alignnone wp-image-91\" src=\"https:\/\/phicatgarnier.files.wordpress.com\/2014\/12\/dsc00294.jpg?w=300&#038;resize=254%2C147\" alt=\"SONY DSC\" width=\"254\" height=\"147\" \/><\/a>\u00a0\u00a0\u00a0\u00a0 Solidement muni de nos points cardinaux, nous avons d\u00e9j\u00e0 quelques randonn\u00e9es \u00e0 notre actif, toutes s\u00e9duisantes. Mais aujourd\u2019hui nous sommes en Araucanie, encore un nom \u00e0 la Tintin, une contr\u00e9e o\u00f9 prosp\u00e8rent logiquement les araucarias, autrement dit les arbres d\u2019Araucanie. C\u2019est aussi l\u2019arbre national du Chili.<\/p>\n<p><a href=\"https:\/\/phicatgarnier.files.wordpress.com\/2014\/12\/dsc00169.jpg\"><img data-recalc-dims=\"1\" loading=\"lazy\" decoding=\"async\" data-attachment-id=\"77\" data-permalink=\"https:\/\/imaginedemain.fr\/presentation1\/\" data-orig-file=\"https:\/\/i0.wp.com\/imaginedemain.fr\/wp-content\/uploads\/2016\/01\/prc3a9sentation1.gif?fit=960%2C720&amp;ssl=1\" data-orig-size=\"960,720\" data-comments-opened=\"1\" data-image-meta=\"{&quot;aperture&quot;:&quot;0&quot;,&quot;credit&quot;:&quot;&quot;,&quot;camera&quot;:&quot;&quot;,&quot;caption&quot;:&quot;&quot;,&quot;created_timestamp&quot;:&quot;0&quot;,&quot;copyright&quot;:&quot;&quot;,&quot;focal_length&quot;:&quot;0&quot;,&quot;iso&quot;:&quot;0&quot;,&quot;shutter_speed&quot;:&quot;0&quot;,&quot;title&quot;:&quot;&quot;,&quot;orientation&quot;:&quot;0&quot;}\" data-image-title=\"\" data-image-description=\"\" data-image-caption=\"\" data-large-file=\"https:\/\/i0.wp.com\/imaginedemain.fr\/wp-content\/uploads\/2016\/01\/prc3a9sentation1.gif?fit=600%2C450&amp;ssl=1\" class=\"alignnone wp-image-77\" src=\"https:\/\/phicatgarnier.files.wordpress.com\/2014\/12\/dsc00169.jpg?w=300&#038;resize=529%2C302\" alt=\"SONY DSC\" width=\"529\" height=\"302\" \/><\/a><\/p>\n<p><a href=\"https:\/\/phicatgarnier.files.wordpress.com\/2014\/12\/dsc00182.jpg\"><img data-recalc-dims=\"1\" loading=\"lazy\" decoding=\"async\" data-attachment-id=\"79\" data-permalink=\"https:\/\/imaginedemain.fr\/sony-dsc-14-2\/\" data-orig-file=\"https:\/\/i0.wp.com\/imaginedemain.fr\/wp-content\/uploads\/2014\/12\/dsc00182.jpg?fit=4592%2C2576&amp;ssl=1\" data-orig-size=\"4592,2576\" data-comments-opened=\"1\" data-image-meta=\"{&quot;aperture&quot;:&quot;8&quot;,&quot;credit&quot;:&quot;&quot;,&quot;camera&quot;:&quot;DSLR-A350&quot;,&quot;caption&quot;:&quot;SONY DSC&quot;,&quot;created_timestamp&quot;:&quot;1417360958&quot;,&quot;copyright&quot;:&quot;&quot;,&quot;focal_length&quot;:&quot;18&quot;,&quot;iso&quot;:&quot;100&quot;,&quot;shutter_speed&quot;:&quot;0.016666666666667&quot;,&quot;title&quot;:&quot;SONY DSC&quot;,&quot;orientation&quot;:&quot;1&quot;}\" data-image-title=\"SONY DSC\" data-image-description=\"\" data-image-caption=\"\" data-large-file=\"https:\/\/i0.wp.com\/imaginedemain.fr\/wp-content\/uploads\/2014\/12\/dsc00182.jpg?fit=600%2C336&amp;ssl=1\" class=\"alignnone wp-image-79\" src=\"https:\/\/phicatgarnier.files.wordpress.com\/2014\/12\/dsc00182.jpg?w=300&#038;resize=529%2C302\" alt=\"SONY DSC\" width=\"529\" height=\"302\" \/><\/a><\/p>\n<p>Ce sont ces conif\u00e8res d\u2019allure bizarre, \u00e0 l\u2019\u00e9corce en \u00e9cailles de reptile, aux branches imitant les cact\u00e9es. On les voit souvent transplant\u00e9s dans les jardins de banlieue qui se la jouent jardin botanique. Ils s\u2019y trouvent plut\u00f4t ch\u00e9tifs, jamais bien haut, comme les jeunes singes dans un zoo, victimes d\u2019anag\u00e9isme.<\/p>\n<p><a href=\"https:\/\/phicatgarnier.files.wordpress.com\/2014\/12\/dsc00200.jpg\"><img data-recalc-dims=\"1\" loading=\"lazy\" decoding=\"async\" data-attachment-id=\"83\" data-permalink=\"https:\/\/imaginedemain.fr\/sony-dsc-18-2\/\" data-orig-file=\"https:\/\/i0.wp.com\/imaginedemain.fr\/wp-content\/uploads\/2014\/12\/dsc00200.jpg?fit=4592%2C2576&amp;ssl=1\" data-orig-size=\"4592,2576\" data-comments-opened=\"1\" data-image-meta=\"{&quot;aperture&quot;:&quot;5&quot;,&quot;credit&quot;:&quot;&quot;,&quot;camera&quot;:&quot;DSLR-A350&quot;,&quot;caption&quot;:&quot;SONY DSC&quot;,&quot;created_timestamp&quot;:&quot;1417362461&quot;,&quot;copyright&quot;:&quot;&quot;,&quot;focal_length&quot;:&quot;160&quot;,&quot;iso&quot;:&quot;160&quot;,&quot;shutter_speed&quot;:&quot;0.004&quot;,&quot;title&quot;:&quot;SONY DSC&quot;,&quot;orientation&quot;:&quot;1&quot;}\" data-image-title=\"SONY DSC\" data-image-description=\"\" data-image-caption=\"\" data-large-file=\"https:\/\/i0.wp.com\/imaginedemain.fr\/wp-content\/uploads\/2014\/12\/dsc00200.jpg?fit=600%2C336&amp;ssl=1\" class=\"alignnone wp-image-83\" src=\"https:\/\/phicatgarnier.files.wordpress.com\/2014\/12\/dsc00200.jpg?w=300&#038;resize=255%2C148\" alt=\"SONY DSC\" width=\"255\" height=\"148\" \/><\/a>\u00a0\u00a0\u00a0\u00a0 <a href=\"https:\/\/phicatgarnier.files.wordpress.com\/2014\/12\/dsc00184.jpg\"><img data-recalc-dims=\"1\" loading=\"lazy\" decoding=\"async\" data-attachment-id=\"80\" data-permalink=\"https:\/\/imaginedemain.fr\/sony-dsc-15-2\/\" data-orig-file=\"https:\/\/i0.wp.com\/imaginedemain.fr\/wp-content\/uploads\/2014\/12\/dsc00184.jpg?fit=4592%2C2576&amp;ssl=1\" data-orig-size=\"4592,2576\" data-comments-opened=\"1\" data-image-meta=\"{&quot;aperture&quot;:&quot;10&quot;,&quot;credit&quot;:&quot;&quot;,&quot;camera&quot;:&quot;DSLR-A350&quot;,&quot;caption&quot;:&quot;SONY DSC&quot;,&quot;created_timestamp&quot;:&quot;1417361055&quot;,&quot;copyright&quot;:&quot;&quot;,&quot;focal_length&quot;:&quot;18&quot;,&quot;iso&quot;:&quot;100&quot;,&quot;shutter_speed&quot;:&quot;0.00625&quot;,&quot;title&quot;:&quot;SONY DSC&quot;,&quot;orientation&quot;:&quot;1&quot;}\" data-image-title=\"\" data-image-description=\"\" data-image-caption=\"\" data-large-file=\"https:\/\/i0.wp.com\/imaginedemain.fr\/wp-content\/uploads\/2014\/12\/dsc00184.jpg?fit=600%2C336&amp;ssl=1\" class=\"alignnone wp-image-80\" src=\"https:\/\/phicatgarnier.files.wordpress.com\/2014\/12\/dsc00184.jpg?w=300&#038;resize=255%2C147\" alt=\"SONY DSC\" width=\"255\" height=\"147\" \/><\/a><\/p>\n<p><a href=\"https:\/\/phicatgarnier.files.wordpress.com\/2014\/12\/dsc00189.jpg\"><img data-recalc-dims=\"1\" loading=\"lazy\" decoding=\"async\" data-attachment-id=\"81\" data-permalink=\"https:\/\/imaginedemain.fr\/sony-dsc-16-2\/\" data-orig-file=\"https:\/\/i0.wp.com\/imaginedemain.fr\/wp-content\/uploads\/2014\/12\/dsc00189.jpg?fit=4592%2C2576&amp;ssl=1\" data-orig-size=\"4592,2576\" data-comments-opened=\"1\" data-image-meta=\"{&quot;aperture&quot;:&quot;10&quot;,&quot;credit&quot;:&quot;&quot;,&quot;camera&quot;:&quot;DSLR-A350&quot;,&quot;caption&quot;:&quot;SONY DSC&quot;,&quot;created_timestamp&quot;:&quot;1417361263&quot;,&quot;copyright&quot;:&quot;&quot;,&quot;focal_length&quot;:&quot;18&quot;,&quot;iso&quot;:&quot;100&quot;,&quot;shutter_speed&quot;:&quot;0.01&quot;,&quot;title&quot;:&quot;SONY DSC&quot;,&quot;orientation&quot;:&quot;1&quot;}\" data-image-title=\"SONY DSC\" data-image-description=\"\" data-image-caption=\"\" data-large-file=\"https:\/\/i0.wp.com\/imaginedemain.fr\/wp-content\/uploads\/2014\/12\/dsc00189.jpg?fit=600%2C336&amp;ssl=1\" class=\"alignnone wp-image-81\" src=\"https:\/\/phicatgarnier.files.wordpress.com\/2014\/12\/dsc00189.jpg?w=300&#038;resize=529%2C302\" alt=\"SONY DSC\" width=\"529\" height=\"302\" \/><\/a><\/p>\n<p>Ici les araucarias sont des seigneurs. Ils font respecter leur statut de plus vieille esp\u00e8ce d\u2019arbre de la plan\u00e8te, pas moins de 200 millions d\u2019ann\u00e9es. Selon un jeune g\u00e9ographe talentueux rencontr\u00e9 ici, on aurait retrouv\u00e9 leurs graines dans les restes des dinosaures, disparus il y a 65 millions d\u2019ann\u00e9es. Affectionnant les terrains volcaniques, ils prosp\u00e8rent dans les pentes raides, en compagnie des notofagus g\u00e9ants, comme sur les cr\u00eates dont ils rythment la ligne. Les beaux sujets, au tronc impeccablement vertical de 30 ou 40 m\u00e8tres, \u00e2g\u00e9s de 200 ans, nous en remontrent sur les facult\u00e9s de r\u00e9sistance aux stress les plus violents\u00a0: \u00e9ruptions volcaniques, froids andins.<\/p>\n<p><a href=\"https:\/\/phicatgarnier.files.wordpress.com\/2014\/12\/dsc00197.jpg\"><img data-recalc-dims=\"1\" loading=\"lazy\" decoding=\"async\" data-attachment-id=\"82\" data-permalink=\"https:\/\/imaginedemain.fr\/presentation1-2\/\" data-orig-file=\"https:\/\/i0.wp.com\/imaginedemain.fr\/wp-content\/uploads\/2016\/01\/prc3a9sentation1.jpg?fit=960%2C720&amp;ssl=1\" data-orig-size=\"960,720\" data-comments-opened=\"1\" data-image-meta=\"{&quot;aperture&quot;:&quot;0&quot;,&quot;credit&quot;:&quot;&quot;,&quot;camera&quot;:&quot;&quot;,&quot;caption&quot;:&quot;&quot;,&quot;created_timestamp&quot;:&quot;0&quot;,&quot;copyright&quot;:&quot;&quot;,&quot;focal_length&quot;:&quot;0&quot;,&quot;iso&quot;:&quot;0&quot;,&quot;shutter_speed&quot;:&quot;0&quot;,&quot;title&quot;:&quot;&quot;,&quot;orientation&quot;:&quot;0&quot;}\" data-image-title=\"Pr\u00e9sentation1\" data-image-description=\"\" data-image-caption=\"\" data-large-file=\"https:\/\/i0.wp.com\/imaginedemain.fr\/wp-content\/uploads\/2016\/01\/prc3a9sentation1.jpg?fit=600%2C450&amp;ssl=1\" class=\"alignnone wp-image-82\" src=\"https:\/\/phicatgarnier.files.wordpress.com\/2014\/12\/dsc00197.jpg?w=300&#038;resize=255%2C146\" alt=\"SONY DSC\" width=\"255\" height=\"146\" \/><\/a>\u00a0\u00a0\u00a0\u00a0 <a href=\"https:\/\/phicatgarnier.files.wordpress.com\/2014\/12\/dsc00183.jpg\"><img data-recalc-dims=\"1\" loading=\"lazy\" decoding=\"async\" data-attachment-id=\"96\" data-permalink=\"https:\/\/imaginedemain.fr\/index.php\/2014\/12\/01\/araucanie-araucarias\/sony-dsc-28-2\/\" data-orig-file=\"https:\/\/i0.wp.com\/imaginedemain.fr\/wp-content\/uploads\/2014\/12\/dsc00183.jpg?fit=4592%2C2576&amp;ssl=1\" data-orig-size=\"4592,2576\" data-comments-opened=\"1\" data-image-meta=\"{&quot;aperture&quot;:&quot;5&quot;,&quot;credit&quot;:&quot;&quot;,&quot;camera&quot;:&quot;DSLR-A350&quot;,&quot;caption&quot;:&quot;SONY DSC&quot;,&quot;created_timestamp&quot;:&quot;1417360988&quot;,&quot;copyright&quot;:&quot;&quot;,&quot;focal_length&quot;:&quot;18&quot;,&quot;iso&quot;:&quot;100&quot;,&quot;shutter_speed&quot;:&quot;0.0125&quot;,&quot;title&quot;:&quot;SONY DSC&quot;,&quot;orientation&quot;:&quot;1&quot;}\" data-image-title=\"SONY DSC\" data-image-description=\"\" data-image-caption=\"\" data-large-file=\"https:\/\/i0.wp.com\/imaginedemain.fr\/wp-content\/uploads\/2014\/12\/dsc00183.jpg?fit=600%2C336&amp;ssl=1\" class=\"alignnone wp-image-96\" src=\"https:\/\/phicatgarnier.files.wordpress.com\/2014\/12\/dsc00183.jpg?w=300&#038;resize=255%2C147\" alt=\"SONY DSC\" width=\"255\" height=\"147\" \/><\/a><\/p>\n<p>Les notofagus, ainsi nomm\u00e9s car ils ressemblent \u00e0 des fagus mais n&rsquo;en sont pas:<\/p>\n<p><a href=\"https:\/\/phicatgarnier.files.wordpress.com\/2014\/12\/dsc00230.jpg\"><img data-recalc-dims=\"1\" loading=\"lazy\" decoding=\"async\" data-attachment-id=\"86\" data-permalink=\"https:\/\/imaginedemain.fr\/sony-dsc-21-2\/\" data-orig-file=\"https:\/\/i0.wp.com\/imaginedemain.fr\/wp-content\/uploads\/2014\/12\/dsc00230.jpg?fit=4592%2C2576&amp;ssl=1\" data-orig-size=\"4592,2576\" data-comments-opened=\"1\" data-image-meta=\"{&quot;aperture&quot;:&quot;8&quot;,&quot;credit&quot;:&quot;&quot;,&quot;camera&quot;:&quot;DSLR-A350&quot;,&quot;caption&quot;:&quot;SONY DSC&quot;,&quot;created_timestamp&quot;:&quot;1417366877&quot;,&quot;copyright&quot;:&quot;&quot;,&quot;focal_length&quot;:&quot;70&quot;,&quot;iso&quot;:&quot;100&quot;,&quot;shutter_speed&quot;:&quot;0.00625&quot;,&quot;title&quot;:&quot;SONY DSC&quot;,&quot;orientation&quot;:&quot;1&quot;}\" data-image-title=\"SONY DSC\" data-image-description=\"\" data-image-caption=\"\" data-large-file=\"https:\/\/i0.wp.com\/imaginedemain.fr\/wp-content\/uploads\/2014\/12\/dsc00230.jpg?fit=600%2C336&amp;ssl=1\" class=\"alignnone wp-image-86\" src=\"https:\/\/phicatgarnier.files.wordpress.com\/2014\/12\/dsc00230.jpg?w=300&#038;resize=255%2C147\" alt=\"SONY DSC\" width=\"255\" height=\"147\" \/><\/a>\u00a0\u00a0\u00a0\u00a0 <a href=\"https:\/\/phicatgarnier.files.wordpress.com\/2014\/12\/dsc00225.jpg\"><img data-recalc-dims=\"1\" loading=\"lazy\" decoding=\"async\" data-attachment-id=\"85\" data-permalink=\"https:\/\/imaginedemain.fr\/sony-dsc-20-2\/\" data-orig-file=\"https:\/\/i0.wp.com\/imaginedemain.fr\/wp-content\/uploads\/2014\/12\/dsc00225.jpg?fit=4592%2C2576&amp;ssl=1\" data-orig-size=\"4592,2576\" data-comments-opened=\"1\" data-image-meta=\"{&quot;aperture&quot;:&quot;4&quot;,&quot;credit&quot;:&quot;&quot;,&quot;camera&quot;:&quot;DSLR-A350&quot;,&quot;caption&quot;:&quot;SONY DSC&quot;,&quot;created_timestamp&quot;:&quot;1417366464&quot;,&quot;copyright&quot;:&quot;&quot;,&quot;focal_length&quot;:&quot;70&quot;,&quot;iso&quot;:&quot;125&quot;,&quot;shutter_speed&quot;:&quot;0.008&quot;,&quot;title&quot;:&quot;SONY DSC&quot;,&quot;orientation&quot;:&quot;1&quot;}\" data-image-title=\"SONY DSC\" data-image-description=\"\" data-image-caption=\"\" data-large-file=\"https:\/\/i0.wp.com\/imaginedemain.fr\/wp-content\/uploads\/2014\/12\/dsc00225.jpg?fit=600%2C336&amp;ssl=1\" class=\"alignnone wp-image-85\" src=\"https:\/\/phicatgarnier.files.wordpress.com\/2014\/12\/dsc00225.jpg?w=300&#038;resize=255%2C147\" alt=\"SONY DSC\" width=\"255\" height=\"147\" \/><\/a><\/p>\n<p>Dans le parc Tolhuaca, on voit la for\u00eat primaire, avec ces arbres d\u2019allure pr\u00e9historique, survol\u00e9s par des condors (impossibles \u00e0 saisir, si haut et si vite), abritant les carpenteros, des oiseaux charpentiers qui tapent le bois de leur bec avec une force surprenante, \u00e0 en faire tomber des \u00e9cailles d\u2019araucaria sur la t\u00eate des randonneurs.<\/p>\n<p><a href=\"https:\/\/phicatgarnier.files.wordpress.com\/2014\/12\/dsc00147.jpg\"><img data-recalc-dims=\"1\" loading=\"lazy\" decoding=\"async\" class=\"alignnone wp-image-76\" src=\"https:\/\/phicatgarnier.files.wordpress.com\/2014\/12\/dsc00147.jpg?w=300&#038;resize=255%2C147\" alt=\"SONY DSC\" width=\"255\" height=\"147\" \/><\/a>\u00a0\u00a0\u00a0\u00a0 <a href=\"https:\/\/phicatgarnier.files.wordpress.com\/2014\/12\/dsc00153.jpg\"><img data-recalc-dims=\"1\" loading=\"lazy\" decoding=\"async\" data-attachment-id=\"95\" data-permalink=\"https:\/\/imaginedemain.fr\/index.php\/2014\/12\/01\/araucanie-araucarias\/sony-dsc-27-2\/\" data-orig-file=\"https:\/\/i0.wp.com\/imaginedemain.fr\/wp-content\/uploads\/2014\/12\/dsc00153.jpg?fit=4592%2C2576&amp;ssl=1\" data-orig-size=\"4592,2576\" data-comments-opened=\"1\" data-image-meta=\"{&quot;aperture&quot;:&quot;5&quot;,&quot;credit&quot;:&quot;&quot;,&quot;camera&quot;:&quot;DSLR-A350&quot;,&quot;caption&quot;:&quot;SONY DSC&quot;,&quot;created_timestamp&quot;:&quot;1417359412&quot;,&quot;copyright&quot;:&quot;&quot;,&quot;focal_length&quot;:&quot;180&quot;,&quot;iso&quot;:&quot;400&quot;,&quot;shutter_speed&quot;:&quot;0.004&quot;,&quot;title&quot;:&quot;SONY DSC&quot;,&quot;orientation&quot;:&quot;1&quot;}\" data-image-title=\"SONY DSC\" data-image-description=\"\" data-image-caption=\"\" data-large-file=\"https:\/\/i0.wp.com\/imaginedemain.fr\/wp-content\/uploads\/2014\/12\/dsc00153.jpg?fit=600%2C336&amp;ssl=1\" class=\"alignnone wp-image-95\" src=\"https:\/\/phicatgarnier.files.wordpress.com\/2014\/12\/dsc00153.jpg?w=300&#038;resize=255%2C147\" alt=\"SONY DSC\" width=\"255\" height=\"147\" \/><\/a><\/p>\n<p><a href=\"https:\/\/phicatgarnier.files.wordpress.com\/2014\/12\/dsc00180.jpg\"><img data-recalc-dims=\"1\" loading=\"lazy\" decoding=\"async\" data-attachment-id=\"78\" data-permalink=\"https:\/\/imaginedemain.fr\/sony-dsc-13-2\/\" data-orig-file=\"https:\/\/i0.wp.com\/imaginedemain.fr\/wp-content\/uploads\/2014\/12\/dsc00180.jpg?fit=4592%2C2576&amp;ssl=1\" data-orig-size=\"4592,2576\" data-comments-opened=\"1\" data-image-meta=\"{&quot;aperture&quot;:&quot;8&quot;,&quot;credit&quot;:&quot;&quot;,&quot;camera&quot;:&quot;DSLR-A350&quot;,&quot;caption&quot;:&quot;SONY DSC&quot;,&quot;created_timestamp&quot;:&quot;1417360865&quot;,&quot;copyright&quot;:&quot;&quot;,&quot;focal_length&quot;:&quot;18&quot;,&quot;iso&quot;:&quot;100&quot;,&quot;shutter_speed&quot;:&quot;0.0125&quot;,&quot;title&quot;:&quot;SONY DSC&quot;,&quot;orientation&quot;:&quot;1&quot;}\" data-image-title=\"SONY DSC\" data-image-description=\"\" data-image-caption=\"\" data-large-file=\"https:\/\/i0.wp.com\/imaginedemain.fr\/wp-content\/uploads\/2014\/12\/dsc00180.jpg?fit=600%2C336&amp;ssl=1\" class=\"alignnone wp-image-78\" src=\"https:\/\/phicatgarnier.files.wordpress.com\/2014\/12\/dsc00180.jpg?w=300&#038;resize=529%2C305\" alt=\"SONY DSC\" width=\"529\" height=\"305\" \/><\/a><\/p>\n<p><a href=\"https:\/\/phicatgarnier.files.wordpress.com\/2014\/12\/dsc00243.jpg\"><img data-recalc-dims=\"1\" loading=\"lazy\" decoding=\"async\" data-attachment-id=\"87\" data-permalink=\"https:\/\/imaginedemain.fr\/sony-dsc-22-2\/\" data-orig-file=\"https:\/\/i0.wp.com\/imaginedemain.fr\/wp-content\/uploads\/2014\/12\/dsc00243.jpg?fit=4592%2C2576&amp;ssl=1\" data-orig-size=\"4592,2576\" data-comments-opened=\"1\" data-image-meta=\"{&quot;aperture&quot;:&quot;7.1&quot;,&quot;credit&quot;:&quot;&quot;,&quot;camera&quot;:&quot;DSLR-A350&quot;,&quot;caption&quot;:&quot;SONY DSC&quot;,&quot;created_timestamp&quot;:&quot;1417367360&quot;,&quot;copyright&quot;:&quot;&quot;,&quot;focal_length&quot;:&quot;50&quot;,&quot;iso&quot;:&quot;100&quot;,&quot;shutter_speed&quot;:&quot;0.0125&quot;,&quot;title&quot;:&quot;SONY DSC&quot;,&quot;orientation&quot;:&quot;1&quot;}\" data-image-title=\"SONY DSC\" data-image-description=\"\" data-image-caption=\"\" data-large-file=\"https:\/\/i0.wp.com\/imaginedemain.fr\/wp-content\/uploads\/2014\/12\/dsc00243.jpg?fit=600%2C336&amp;ssl=1\" class=\"alignnone wp-image-87\" src=\"https:\/\/phicatgarnier.files.wordpress.com\/2014\/12\/dsc00243.jpg?w=300&#038;resize=255%2C147\" alt=\"SONY DSC\" width=\"255\" height=\"147\" \/><\/a>\u00a0\u00a0\u00a0\u00a0 <a href=\"https:\/\/phicatgarnier.files.wordpress.com\/2014\/12\/dsc00271.jpg\"><img data-recalc-dims=\"1\" loading=\"lazy\" decoding=\"async\" data-attachment-id=\"88\" data-permalink=\"https:\/\/imaginedemain.fr\/sony-dsc-23-2\/\" data-orig-file=\"https:\/\/i0.wp.com\/imaginedemain.fr\/wp-content\/uploads\/2014\/12\/dsc00271.jpg?fit=4592%2C2576&amp;ssl=1\" data-orig-size=\"4592,2576\" data-comments-opened=\"1\" data-image-meta=\"{&quot;aperture&quot;:&quot;5.6&quot;,&quot;credit&quot;:&quot;&quot;,&quot;camera&quot;:&quot;DSLR-A350&quot;,&quot;caption&quot;:&quot;SONY DSC&quot;,&quot;created_timestamp&quot;:&quot;1417374153&quot;,&quot;copyright&quot;:&quot;&quot;,&quot;focal_length&quot;:&quot;35&quot;,&quot;iso&quot;:&quot;400&quot;,&quot;shutter_speed&quot;:&quot;0.0004&quot;,&quot;title&quot;:&quot;SONY DSC&quot;,&quot;orientation&quot;:&quot;1&quot;}\" data-image-title=\"SONY DSC\" data-image-description=\"\" data-image-caption=\"\" data-large-file=\"https:\/\/i0.wp.com\/imaginedemain.fr\/wp-content\/uploads\/2014\/12\/dsc00271.jpg?fit=600%2C336&amp;ssl=1\" class=\"alignnone wp-image-88\" src=\"https:\/\/phicatgarnier.files.wordpress.com\/2014\/12\/dsc00271.jpg?w=300&#038;resize=255%2C147\" alt=\"SONY DSC\" width=\"255\" height=\"147\" \/><\/a><\/p>\n<p><a href=\"https:\/\/phicatgarnier.files.wordpress.com\/2014\/12\/dsc00279.jpg\"><img data-recalc-dims=\"1\" loading=\"lazy\" decoding=\"async\" data-attachment-id=\"89\" data-permalink=\"https:\/\/imaginedemain.fr\/sony-dsc-24-2\/\" data-orig-file=\"https:\/\/i0.wp.com\/imaginedemain.fr\/wp-content\/uploads\/2014\/12\/dsc00279.jpg?fit=4592%2C2576&amp;ssl=1\" data-orig-size=\"4592,2576\" data-comments-opened=\"1\" data-image-meta=\"{&quot;aperture&quot;:&quot;22&quot;,&quot;credit&quot;:&quot;&quot;,&quot;camera&quot;:&quot;DSLR-A350&quot;,&quot;caption&quot;:&quot;SONY DSC&quot;,&quot;created_timestamp&quot;:&quot;1417374940&quot;,&quot;copyright&quot;:&quot;&quot;,&quot;focal_length&quot;:&quot;18&quot;,&quot;iso&quot;:&quot;400&quot;,&quot;shutter_speed&quot;:&quot;0.025&quot;,&quot;title&quot;:&quot;SONY DSC&quot;,&quot;orientation&quot;:&quot;1&quot;}\" data-image-title=\"SONY DSC\" data-image-description=\"\" data-image-caption=\"\" data-large-file=\"https:\/\/i0.wp.com\/imaginedemain.fr\/wp-content\/uploads\/2014\/12\/dsc00279.jpg?fit=600%2C336&amp;ssl=1\" class=\"alignnone wp-image-89\" src=\"https:\/\/phicatgarnier.files.wordpress.com\/2014\/12\/dsc00279.jpg?w=300&#038;resize=530%2C302\" alt=\"SONY DSC\" width=\"530\" height=\"302\" \/><\/a><\/p>\n<p>&#8230; merci pour vos visites et commentaires, qui nous encouragent \u00e0 batailler pour des connections Wi-Fi et avec le logiciel du blog, pas compl\u00e8tement \u00e9vident.<\/p>\n","protected":false},"excerpt":{"rendered":"<p>\u00a0\u00a0\u00a0\u00a0 Solidement muni de nos points cardinaux, nous avons d\u00e9j\u00e0 quelques randonn\u00e9es \u00e0 notre actif, toutes s\u00e9duisantes. Mais aujourd\u2019hui nous sommes en Araucanie, encore un nom \u00e0 la Tintin, une contr\u00e9e o\u00f9 prosp\u00e8rent logiquement les araucarias, autrement dit les arbres d\u2019Araucanie. C\u2019est aussi l\u2019arbre national du Chili. Ce sont ces conif\u00e8res d\u2019allure bizarre, \u00e0 l\u2019\u00e9corce [&hellip;]<\/p>\n","protected":false},"author":1,"featured_media":80,"comment_status":"open","ping_status":"open","sticky":false,"template":"","format":"standard","meta":{"ngg_post_thumbnail":0,"jetpack_post_was_ever_published":false,"_jetpack_newsletter_access":"","_jetpack_dont_email_post_to_subs":true,"_jetpack_newsletter_tier_id":0,"_jetpack_memberships_contains_paywalled_content":false,"_jetpack_memberships_contains_paid_content":false,"footnotes":"","jetpack_publicize_message":"","jetpack_publicize_feature_enabled":true,"jetpack_social_post_already_shared":false,"jetpack_social_options":{"image_generator_settings":{"template":"highway","default_image_id":0,"font":"","enabled":false},"version":2}},"categories":[10],"tags":[14],"class_list":["post-1030","post","type-post","status-publish","format-standard","has-post-thumbnail","hentry","category-chile-y-argentina","tag-chili"],"yoast_head":"<!-- This site is optimized with the Yoast SEO plugin v27.5 - https:\/\/yoast.com\/product\/yoast-seo-wordpress\/ -->\n<title>Araucanie, araucarias - Imagine demain<\/title>\n<meta name=\"robots\" content=\"index, follow, max-snippet:-1, max-image-preview:large, max-video-preview:-1\" \/>\n<link rel=\"canonical\" href=\"https:\/\/imaginedemain.fr\/index.php\/2014\/12\/01\/araucanie-araucarias\/\" \/>\n<meta property=\"og:locale\" content=\"fr_FR\" \/>\n<meta property=\"og:type\" content=\"article\" \/>\n<meta property=\"og:title\" content=\"Araucanie, araucarias - Imagine demain\" \/>\n<meta property=\"og:description\" content=\"\u00a0\u00a0\u00a0\u00a0 Solidement muni de nos points cardinaux, nous avons d\u00e9j\u00e0 quelques randonn\u00e9es \u00e0 notre actif, toutes s\u00e9duisantes. Mais aujourd\u2019hui nous sommes en Araucanie, encore un nom \u00e0 la Tintin, une contr\u00e9e o\u00f9 prosp\u00e8rent logiquement les araucarias, autrement dit les arbres d\u2019Araucanie. C\u2019est aussi l\u2019arbre national du Chili. Ce sont ces conif\u00e8res d\u2019allure bizarre, \u00e0 l\u2019\u00e9corce [&hellip;]\" \/>\n<meta property=\"og:url\" content=\"https:\/\/imaginedemain.fr\/index.php\/2014\/12\/01\/araucanie-araucarias\/\" \/>\n<meta property=\"og:site_name\" content=\"Imagine demain\" \/>\n<meta property=\"article:published_time\" content=\"2014-12-01T20:08:20+00:00\" \/>\n<meta property=\"article:modified_time\" content=\"2017-03-22T15:23:01+00:00\" \/>\n<meta property=\"og:image\" content=\"https:\/\/i0.wp.com\/imaginedemain.fr\/wp-content\/uploads\/2014\/12\/dsc00184.jpg?fit=4592%2C2576&ssl=1\" \/>\n\t<meta property=\"og:image:width\" content=\"4592\" \/>\n\t<meta property=\"og:image:height\" content=\"2576\" \/>\n\t<meta property=\"og:image:type\" content=\"image\/jpeg\" \/>\n<meta name=\"author\" content=\"Philippe\" \/>\n<meta name=\"twitter:card\" content=\"summary_large_image\" \/>\n<meta name=\"twitter:label1\" content=\"\u00c9crit par\" \/>\n\t<meta name=\"twitter:data1\" content=\"Philippe\" \/>\n\t<meta name=\"twitter:label2\" content=\"Dur\u00e9e de lecture estim\u00e9e\" \/>\n\t<meta name=\"twitter:data2\" content=\"2 minutes\" \/>\n<script type=\"application\/ld+json\" class=\"yoast-schema-graph\">{\"@context\":\"https:\\\/\\\/schema.org\",\"@graph\":[{\"@type\":\"Article\",\"@id\":\"https:\\\/\\\/imaginedemain.fr\\\/index.php\\\/2014\\\/12\\\/01\\\/araucanie-araucarias\\\/#article\",\"isPartOf\":{\"@id\":\"https:\\\/\\\/imaginedemain.fr\\\/index.php\\\/2014\\\/12\\\/01\\\/araucanie-araucarias\\\/\"},\"author\":{\"name\":\"Philippe\",\"@id\":\"https:\\\/\\\/imaginedemain.fr\\\/#\\\/schema\\\/person\\\/e38f616126180f1f6000edc7daca21ab\"},\"headline\":\"Araucanie, araucarias\",\"datePublished\":\"2014-12-01T20:08:20+00:00\",\"dateModified\":\"2017-03-22T15:23:01+00:00\",\"mainEntityOfPage\":{\"@id\":\"https:\\\/\\\/imaginedemain.fr\\\/index.php\\\/2014\\\/12\\\/01\\\/araucanie-araucarias\\\/\"},\"wordCount\":328,\"commentCount\":0,\"image\":{\"@id\":\"https:\\\/\\\/imaginedemain.fr\\\/index.php\\\/2014\\\/12\\\/01\\\/araucanie-araucarias\\\/#primaryimage\"},\"thumbnailUrl\":\"https:\\\/\\\/i0.wp.com\\\/imaginedemain.fr\\\/wp-content\\\/uploads\\\/2014\\\/12\\\/dsc00184.jpg?fit=4592%2C2576&ssl=1\",\"keywords\":[\"Chili\"],\"articleSection\":[\"Chili &amp; Argentine\"],\"inLanguage\":\"fr-FR\",\"potentialAction\":[{\"@type\":\"CommentAction\",\"name\":\"Comment\",\"target\":[\"https:\\\/\\\/imaginedemain.fr\\\/index.php\\\/2014\\\/12\\\/01\\\/araucanie-araucarias\\\/#respond\"]}]},{\"@type\":\"WebPage\",\"@id\":\"https:\\\/\\\/imaginedemain.fr\\\/index.php\\\/2014\\\/12\\\/01\\\/araucanie-araucarias\\\/\",\"url\":\"https:\\\/\\\/imaginedemain.fr\\\/index.php\\\/2014\\\/12\\\/01\\\/araucanie-araucarias\\\/\",\"name\":\"Araucanie, araucarias - Imagine demain\",\"isPartOf\":{\"@id\":\"https:\\\/\\\/imaginedemain.fr\\\/#website\"},\"primaryImageOfPage\":{\"@id\":\"https:\\\/\\\/imaginedemain.fr\\\/index.php\\\/2014\\\/12\\\/01\\\/araucanie-araucarias\\\/#primaryimage\"},\"image\":{\"@id\":\"https:\\\/\\\/imaginedemain.fr\\\/index.php\\\/2014\\\/12\\\/01\\\/araucanie-araucarias\\\/#primaryimage\"},\"thumbnailUrl\":\"https:\\\/\\\/i0.wp.com\\\/imaginedemain.fr\\\/wp-content\\\/uploads\\\/2014\\\/12\\\/dsc00184.jpg?fit=4592%2C2576&ssl=1\",\"datePublished\":\"2014-12-01T20:08:20+00:00\",\"dateModified\":\"2017-03-22T15:23:01+00:00\",\"author\":{\"@id\":\"https:\\\/\\\/imaginedemain.fr\\\/#\\\/schema\\\/person\\\/e38f616126180f1f6000edc7daca21ab\"},\"breadcrumb\":{\"@id\":\"https:\\\/\\\/imaginedemain.fr\\\/index.php\\\/2014\\\/12\\\/01\\\/araucanie-araucarias\\\/#breadcrumb\"},\"inLanguage\":\"fr-FR\",\"potentialAction\":[{\"@type\":\"ReadAction\",\"target\":[\"https:\\\/\\\/imaginedemain.fr\\\/index.php\\\/2014\\\/12\\\/01\\\/araucanie-araucarias\\\/\"]}]},{\"@type\":\"ImageObject\",\"inLanguage\":\"fr-FR\",\"@id\":\"https:\\\/\\\/imaginedemain.fr\\\/index.php\\\/2014\\\/12\\\/01\\\/araucanie-araucarias\\\/#primaryimage\",\"url\":\"https:\\\/\\\/i0.wp.com\\\/imaginedemain.fr\\\/wp-content\\\/uploads\\\/2014\\\/12\\\/dsc00184.jpg?fit=4592%2C2576&ssl=1\",\"contentUrl\":\"https:\\\/\\\/i0.wp.com\\\/imaginedemain.fr\\\/wp-content\\\/uploads\\\/2014\\\/12\\\/dsc00184.jpg?fit=4592%2C2576&ssl=1\",\"width\":4592,\"height\":2576},{\"@type\":\"BreadcrumbList\",\"@id\":\"https:\\\/\\\/imaginedemain.fr\\\/index.php\\\/2014\\\/12\\\/01\\\/araucanie-araucarias\\\/#breadcrumb\",\"itemListElement\":[{\"@type\":\"ListItem\",\"position\":1,\"name\":\"Accueil\",\"item\":\"https:\\\/\\\/imaginedemain.fr\\\/\"},{\"@type\":\"ListItem\",\"position\":2,\"name\":\"Araucanie, araucarias\"}]},{\"@type\":\"WebSite\",\"@id\":\"https:\\\/\\\/imaginedemain.fr\\\/#website\",\"url\":\"https:\\\/\\\/imaginedemain.fr\\\/\",\"name\":\"Imagine demain\",\"description\":\"\",\"potentialAction\":[{\"@type\":\"SearchAction\",\"target\":{\"@type\":\"EntryPoint\",\"urlTemplate\":\"https:\\\/\\\/imaginedemain.fr\\\/?s={search_term_string}\"},\"query-input\":{\"@type\":\"PropertyValueSpecification\",\"valueRequired\":true,\"valueName\":\"search_term_string\"}}],\"inLanguage\":\"fr-FR\"},{\"@type\":\"Person\",\"@id\":\"https:\\\/\\\/imaginedemain.fr\\\/#\\\/schema\\\/person\\\/e38f616126180f1f6000edc7daca21ab\",\"name\":\"Philippe\",\"image\":{\"@type\":\"ImageObject\",\"inLanguage\":\"fr-FR\",\"@id\":\"https:\\\/\\\/secure.gravatar.com\\\/avatar\\\/69f59b5b22630ea786677085abd0e3dc50190e58bc7ca3c50bd640bfaf2456a4?s=96&d=blank&r=g\",\"url\":\"https:\\\/\\\/secure.gravatar.com\\\/avatar\\\/69f59b5b22630ea786677085abd0e3dc50190e58bc7ca3c50bd640bfaf2456a4?s=96&d=blank&r=g\",\"contentUrl\":\"https:\\\/\\\/secure.gravatar.com\\\/avatar\\\/69f59b5b22630ea786677085abd0e3dc50190e58bc7ca3c50bd640bfaf2456a4?s=96&d=blank&r=g\",\"caption\":\"Philippe\"},\"sameAs\":[\"http:\\\/\\\/imaginedemain.fr\\\/\"],\"url\":\"https:\\\/\\\/imaginedemain.fr\\\/index.php\\\/author\\\/admin4809\\\/\"}]}<\/script>\n<!-- \/ Yoast SEO plugin. -->","yoast_head_json":{"title":"Araucanie, araucarias - Imagine demain","robots":{"index":"index","follow":"follow","max-snippet":"max-snippet:-1","max-image-preview":"max-image-preview:large","max-video-preview":"max-video-preview:-1"},"canonical":"https:\/\/imaginedemain.fr\/index.php\/2014\/12\/01\/araucanie-araucarias\/","og_locale":"fr_FR","og_type":"article","og_title":"Araucanie, araucarias - Imagine demain","og_description":"\u00a0\u00a0\u00a0\u00a0 Solidement muni de nos points cardinaux, nous avons d\u00e9j\u00e0 quelques randonn\u00e9es \u00e0 notre actif, toutes s\u00e9duisantes. Mais aujourd\u2019hui nous sommes en Araucanie, encore un nom \u00e0 la Tintin, une contr\u00e9e o\u00f9 prosp\u00e8rent logiquement les araucarias, autrement dit les arbres d\u2019Araucanie. C\u2019est aussi l\u2019arbre national du Chili. Ce sont ces conif\u00e8res d\u2019allure bizarre, \u00e0 l\u2019\u00e9corce [&hellip;]","og_url":"https:\/\/imaginedemain.fr\/index.php\/2014\/12\/01\/araucanie-araucarias\/","og_site_name":"Imagine demain","article_published_time":"2014-12-01T20:08:20+00:00","article_modified_time":"2017-03-22T15:23:01+00:00","og_image":[{"width":4592,"height":2576,"url":"https:\/\/i0.wp.com\/imaginedemain.fr\/wp-content\/uploads\/2014\/12\/dsc00184.jpg?fit=4592%2C2576&ssl=1","type":"image\/jpeg"}],"author":"Philippe","twitter_card":"summary_large_image","twitter_misc":{"\u00c9crit par":"Philippe","Dur\u00e9e de lecture estim\u00e9e":"2 minutes"},"schema":{"@context":"https:\/\/schema.org","@graph":[{"@type":"Article","@id":"https:\/\/imaginedemain.fr\/index.php\/2014\/12\/01\/araucanie-araucarias\/#article","isPartOf":{"@id":"https:\/\/imaginedemain.fr\/index.php\/2014\/12\/01\/araucanie-araucarias\/"},"author":{"name":"Philippe","@id":"https:\/\/imaginedemain.fr\/#\/schema\/person\/e38f616126180f1f6000edc7daca21ab"},"headline":"Araucanie, araucarias","datePublished":"2014-12-01T20:08:20+00:00","dateModified":"2017-03-22T15:23:01+00:00","mainEntityOfPage":{"@id":"https:\/\/imaginedemain.fr\/index.php\/2014\/12\/01\/araucanie-araucarias\/"},"wordCount":328,"commentCount":0,"image":{"@id":"https:\/\/imaginedemain.fr\/index.php\/2014\/12\/01\/araucanie-araucarias\/#primaryimage"},"thumbnailUrl":"https:\/\/i0.wp.com\/imaginedemain.fr\/wp-content\/uploads\/2014\/12\/dsc00184.jpg?fit=4592%2C2576&ssl=1","keywords":["Chili"],"articleSection":["Chili &amp; Argentine"],"inLanguage":"fr-FR","potentialAction":[{"@type":"CommentAction","name":"Comment","target":["https:\/\/imaginedemain.fr\/index.php\/2014\/12\/01\/araucanie-araucarias\/#respond"]}]},{"@type":"WebPage","@id":"https:\/\/imaginedemain.fr\/index.php\/2014\/12\/01\/araucanie-araucarias\/","url":"https:\/\/imaginedemain.fr\/index.php\/2014\/12\/01\/araucanie-araucarias\/","name":"Araucanie, araucarias - Imagine demain","isPartOf":{"@id":"https:\/\/imaginedemain.fr\/#website"},"primaryImageOfPage":{"@id":"https:\/\/imaginedemain.fr\/index.php\/2014\/12\/01\/araucanie-araucarias\/#primaryimage"},"image":{"@id":"https:\/\/imaginedemain.fr\/index.php\/2014\/12\/01\/araucanie-araucarias\/#primaryimage"},"thumbnailUrl":"https:\/\/i0.wp.com\/imaginedemain.fr\/wp-content\/uploads\/2014\/12\/dsc00184.jpg?fit=4592%2C2576&ssl=1","datePublished":"2014-12-01T20:08:20+00:00","dateModified":"2017-03-22T15:23:01+00:00","author":{"@id":"https:\/\/imaginedemain.fr\/#\/schema\/person\/e38f616126180f1f6000edc7daca21ab"},"breadcrumb":{"@id":"https:\/\/imaginedemain.fr\/index.php\/2014\/12\/01\/araucanie-araucarias\/#breadcrumb"},"inLanguage":"fr-FR","potentialAction":[{"@type":"ReadAction","target":["https:\/\/imaginedemain.fr\/index.php\/2014\/12\/01\/araucanie-araucarias\/"]}]},{"@type":"ImageObject","inLanguage":"fr-FR","@id":"https:\/\/imaginedemain.fr\/index.php\/2014\/12\/01\/araucanie-araucarias\/#primaryimage","url":"https:\/\/i0.wp.com\/imaginedemain.fr\/wp-content\/uploads\/2014\/12\/dsc00184.jpg?fit=4592%2C2576&ssl=1","contentUrl":"https:\/\/i0.wp.com\/imaginedemain.fr\/wp-content\/uploads\/2014\/12\/dsc00184.jpg?fit=4592%2C2576&ssl=1","width":4592,"height":2576},{"@type":"BreadcrumbList","@id":"https:\/\/imaginedemain.fr\/index.php\/2014\/12\/01\/araucanie-araucarias\/#breadcrumb","itemListElement":[{"@type":"ListItem","position":1,"name":"Accueil","item":"https:\/\/imaginedemain.fr\/"},{"@type":"ListItem","position":2,"name":"Araucanie, araucarias"}]},{"@type":"WebSite","@id":"https:\/\/imaginedemain.fr\/#website","url":"https:\/\/imaginedemain.fr\/","name":"Imagine demain","description":"","potentialAction":[{"@type":"SearchAction","target":{"@type":"EntryPoint","urlTemplate":"https:\/\/imaginedemain.fr\/?s={search_term_string}"},"query-input":{"@type":"PropertyValueSpecification","valueRequired":true,"valueName":"search_term_string"}}],"inLanguage":"fr-FR"},{"@type":"Person","@id":"https:\/\/imaginedemain.fr\/#\/schema\/person\/e38f616126180f1f6000edc7daca21ab","name":"Philippe","image":{"@type":"ImageObject","inLanguage":"fr-FR","@id":"https:\/\/secure.gravatar.com\/avatar\/69f59b5b22630ea786677085abd0e3dc50190e58bc7ca3c50bd640bfaf2456a4?s=96&d=blank&r=g","url":"https:\/\/secure.gravatar.com\/avatar\/69f59b5b22630ea786677085abd0e3dc50190e58bc7ca3c50bd640bfaf2456a4?s=96&d=blank&r=g","contentUrl":"https:\/\/secure.gravatar.com\/avatar\/69f59b5b22630ea786677085abd0e3dc50190e58bc7ca3c50bd640bfaf2456a4?s=96&d=blank&r=g","caption":"Philippe"},"sameAs":["http:\/\/imaginedemain.fr\/"],"url":"https:\/\/imaginedemain.fr\/index.php\/author\/admin4809\/"}]}},"jetpack_publicize_connections":[],"jetpack_featured_media_url":"https:\/\/i0.wp.com\/imaginedemain.fr\/wp-content\/uploads\/2014\/12\/dsc00184.jpg?fit=4592%2C2576&ssl=1","jetpack_shortlink":"https:\/\/wp.me\/p8tuMH-gC","jetpack-related-posts":[{"id":566,"url":"https:\/\/imaginedemain.fr\/index.php\/2015\/01\/08\/el-terrorismo-golpea-a-francia\/","url_meta":{"origin":1030,"position":0},"title":"El terrorismo golpea a Francia","author":"Philippe","date":"8 janvier 2015","format":false,"excerpt":"Ici \u00e0 Punta Arenas, \u00e0 l'extr\u00eame sud du monde, les grands journaux locaux titrent sur l'attentat de Paris. http:\/\/www.latercera.com\/canal\/mundo\/678.html Il nous semble que les chiliens sont sensibles \u00e0 la France. Apr\u00e8s la p\u00e9riode Pinochet le gouvernement a d\u00e9cid\u00e9 de promouvoir l'enseignement du fran\u00e7ais, en \u00e9cho au soutien apport\u00e9 par les\u2026","rel":"","context":"Dans &quot;Chili &amp; Argentine&quot;","block_context":{"text":"Chili &amp; Argentine","link":"https:\/\/imaginedemain.fr\/index.php\/category\/chile-y-argentina\/"},"img":{"alt_text":"","src":"https:\/\/i0.wp.com\/imaginedemain.fr\/wp-content\/uploads\/2015\/01\/dsc02451.jpg?fit=1200%2C673&ssl=1&resize=350%2C200","width":350,"height":200,"srcset":"https:\/\/i0.wp.com\/imaginedemain.fr\/wp-content\/uploads\/2015\/01\/dsc02451.jpg?fit=1200%2C673&ssl=1&resize=350%2C200 1x, https:\/\/i0.wp.com\/imaginedemain.fr\/wp-content\/uploads\/2015\/01\/dsc02451.jpg?fit=1200%2C673&ssl=1&resize=525%2C300 1.5x, https:\/\/i0.wp.com\/imaginedemain.fr\/wp-content\/uploads\/2015\/01\/dsc02451.jpg?fit=1200%2C673&ssl=1&resize=700%2C400 2x, https:\/\/i0.wp.com\/imaginedemain.fr\/wp-content\/uploads\/2015\/01\/dsc02451.jpg?fit=1200%2C673&ssl=1&resize=1050%2C600 3x"},"classes":[]},{"id":1116,"url":"https:\/\/imaginedemain.fr\/index.php\/2015\/02\/22\/que-lindo-que-lindo\/","url_meta":{"origin":1030,"position":1},"title":"\u00a1Que lindo ! \u00a1Que lindo !","author":"Philippe","date":"22 f\u00e9vrier 2015","format":false,"excerpt":"Trois mois depuis notre arriv\u00e9e \u00e0 Santiago du Chili. Derri\u00e8re nous le grand sud du Chili, derri\u00e8re nous le sud de l\u2019Argentine et l\u2019immense Pampa d\u00e9sertique, derri\u00e8re nous les parcs argentins puis le nord-ouest de l\u2019Argentine, derri\u00e8re nous le nord chilien et l\u2019Atacama o\u00f9 il ne pleut jamais (oui\u00a0! jamais\u00a0!\u2026","rel":"","context":"Dans &quot;Chili &amp; Argentine&quot;","block_context":{"text":"Chili &amp; Argentine","link":"https:\/\/imaginedemain.fr\/index.php\/category\/chile-y-argentina\/"},"img":{"alt_text":"","src":"https:\/\/i0.wp.com\/imaginedemain.fr\/wp-content\/uploads\/2015\/02\/dsc05277.jpg?fit=1200%2C673&ssl=1&resize=350%2C200","width":350,"height":200,"srcset":"https:\/\/i0.wp.com\/imaginedemain.fr\/wp-content\/uploads\/2015\/02\/dsc05277.jpg?fit=1200%2C673&ssl=1&resize=350%2C200 1x, https:\/\/i0.wp.com\/imaginedemain.fr\/wp-content\/uploads\/2015\/02\/dsc05277.jpg?fit=1200%2C673&ssl=1&resize=525%2C300 1.5x, https:\/\/i0.wp.com\/imaginedemain.fr\/wp-content\/uploads\/2015\/02\/dsc05277.jpg?fit=1200%2C673&ssl=1&resize=700%2C400 2x, https:\/\/i0.wp.com\/imaginedemain.fr\/wp-content\/uploads\/2015\/02\/dsc05277.jpg?fit=1200%2C673&ssl=1&resize=1050%2C600 3x"},"classes":[]},{"id":1332,"url":"https:\/\/imaginedemain.fr\/index.php\/2015\/03\/06\/comment-voyager-voiture-bus-avion-velo-cheval-pick-up-paquebot-camping-car-ferry\/","url_meta":{"origin":1030,"position":2},"title":"Comment voyager? Voiture, bus, avion, v\u00e9lo, cheval, pick-up, paquebot, camping-car, ferry?","author":"Philippe","date":"6 mars 2015","format":false,"excerpt":"En 15000 kilom\u00e8tres parcourus au Chili et en Argentine, nous avons rencontr\u00e9 bien des voyageurs, et bien des styles d'aventure. Petit bilan pour ceux qui pr\u00e9parent le voyage, ou ceux, plus nombreux, qui ne le pr\u00e9parent pas tout en y pensant. Garder \u00e0 l'esprit la loi universelle du voyage, selon\u2026","rel":"","context":"Dans &quot;Chili &amp; Argentine&quot;","block_context":{"text":"Chili &amp; Argentine","link":"https:\/\/imaginedemain.fr\/index.php\/category\/chile-y-argentina\/"},"img":{"alt_text":"","src":"https:\/\/i0.wp.com\/imaginedemain.fr\/wp-content\/uploads\/2014\/12\/dsc00109.jpg?fit=1200%2C673&ssl=1&resize=350%2C200","width":350,"height":200,"srcset":"https:\/\/i0.wp.com\/imaginedemain.fr\/wp-content\/uploads\/2014\/12\/dsc00109.jpg?fit=1200%2C673&ssl=1&resize=350%2C200 1x, https:\/\/i0.wp.com\/imaginedemain.fr\/wp-content\/uploads\/2014\/12\/dsc00109.jpg?fit=1200%2C673&ssl=1&resize=525%2C300 1.5x, https:\/\/i0.wp.com\/imaginedemain.fr\/wp-content\/uploads\/2014\/12\/dsc00109.jpg?fit=1200%2C673&ssl=1&resize=700%2C400 2x, https:\/\/i0.wp.com\/imaginedemain.fr\/wp-content\/uploads\/2014\/12\/dsc00109.jpg?fit=1200%2C673&ssl=1&resize=1050%2C600 3x"},"classes":[]},{"id":1014,"url":"https:\/\/imaginedemain.fr\/index.php\/2014\/11\/16\/preparatifs\/","url_meta":{"origin":1030,"position":3},"title":"Derniers pr\u00e9paratifs","author":"Philippe","date":"16 novembre 2014","format":false,"excerpt":"Cinq jours avant le d\u00e9part ... nous avons environ 500 entr\u00e9es dans notre lexique perso d'espagnol sous excel, revues chaque jour, dont le pass\u00e9 simple de \"hacer\": hice, hiciste, hizo ... j'ai fait, tu as fait, il a fait ... Pas simple l'espagnol, il ne suffit pas de tordre le\u2026","rel":"","context":"Dans &quot;Chili &amp; Argentine&quot;","block_context":{"text":"Chili &amp; Argentine","link":"https:\/\/imaginedemain.fr\/index.php\/category\/chile-y-argentina\/"},"img":{"alt_text":"Photo 1","src":"https:\/\/phicatgarnier.files.wordpress.com\/2014\/11\/photo-1.jpg?w=350&h=200&crop=1","width":350,"height":200},"classes":[]},{"id":1190,"url":"https:\/\/imaginedemain.fr\/index.php\/2015\/03\/04\/et-nous-irons-a-valparaiso\/","url_meta":{"origin":1030,"position":4},"title":"Et nous irons \u00e0 Valparaiso!","author":"Philippe","date":"4 mars 2015","format":false,"excerpt":"Valparaiso, Valpo, un monument d\u2019histoire et de g\u00e9ographie, bien difficile \u00e0 situer dans ce grand monde. Le Chili c\u2019est o\u00f9\u00a0? Valparaiso c\u2019est quoi? Beau totem entour\u00e9 de brume, elle a tout d\u2019un mythe. Et les mythes nous int\u00e9ressent. Les explications qu\u2019on nous donne, les paroles des chansons qui l\u2019\u00e9voquent, ne\u2026","rel":"","context":"Dans &quot;Chili &amp; Argentine&quot;","block_context":{"text":"Chili &amp; Argentine","link":"https:\/\/imaginedemain.fr\/index.php\/category\/chile-y-argentina\/"},"img":{"alt_text":"","src":"https:\/\/i0.wp.com\/imaginedemain.fr\/wp-content\/uploads\/2015\/03\/1300026.jpg?fit=1200%2C673&ssl=1&resize=350%2C200","width":350,"height":200,"srcset":"https:\/\/i0.wp.com\/imaginedemain.fr\/wp-content\/uploads\/2015\/03\/1300026.jpg?fit=1200%2C673&ssl=1&resize=350%2C200 1x, https:\/\/i0.wp.com\/imaginedemain.fr\/wp-content\/uploads\/2015\/03\/1300026.jpg?fit=1200%2C673&ssl=1&resize=525%2C300 1.5x, https:\/\/i0.wp.com\/imaginedemain.fr\/wp-content\/uploads\/2015\/03\/1300026.jpg?fit=1200%2C673&ssl=1&resize=700%2C400 2x, https:\/\/i0.wp.com\/imaginedemain.fr\/wp-content\/uploads\/2015\/03\/1300026.jpg?fit=1200%2C673&ssl=1&resize=1050%2C600 3x"},"classes":[]},{"id":575,"url":"https:\/\/imaginedemain.fr\/index.php\/2015\/01\/15\/detroit-de-magellan-le-mythe\/","url_meta":{"origin":1030,"position":5},"title":"D\u00e9troit de Magellan, le mythe","author":"Philippe","date":"15 janvier 2015","format":false,"excerpt":"Apr\u00e8s le Perito Moreno en Argentine, poursuivant toujours plus sud nous revenons au Chili. Cinq guichets \u00e0 franchir et trois bonnes heures au poste fronti\u00e8re. Au cinqui\u00e8me et dernier guichet, un douanier chilien saisit les deux oranges et les deux avocats que nous transportons. Il les p\u00e8se sur un p\u00e8se-h\u00e9ro\u00efne,\u2026","rel":"","context":"Dans &quot;Chili &amp; Argentine&quot;","block_context":{"text":"Chili &amp; Argentine","link":"https:\/\/imaginedemain.fr\/index.php\/category\/chile-y-argentina\/"},"img":{"alt_text":"IMG_1025","src":"https:\/\/phicatgarnier.files.wordpress.com\/2015\/01\/img_1025.jpg?w=350&h=200&crop=1","width":350,"height":200,"srcset":"https:\/\/phicatgarnier.files.wordpress.com\/2015\/01\/img_1025.jpg?w=350&h=200&crop=1 1x, https:\/\/phicatgarnier.files.wordpress.com\/2015\/01\/img_1025.jpg?w=525&h=300&crop=1 1.5x, https:\/\/phicatgarnier.files.wordpress.com\/2015\/01\/img_1025.jpg?w=700&h=400&crop=1 2x"},"classes":[]}],"jetpack_sharing_enabled":true,"_links":{"self":[{"href":"https:\/\/imaginedemain.fr\/index.php\/wp-json\/wp\/v2\/posts\/1030","targetHints":{"allow":["GET"]}}],"collection":[{"href":"https:\/\/imaginedemain.fr\/index.php\/wp-json\/wp\/v2\/posts"}],"about":[{"href":"https:\/\/imaginedemain.fr\/index.php\/wp-json\/wp\/v2\/types\/post"}],"author":[{"embeddable":true,"href":"https:\/\/imaginedemain.fr\/index.php\/wp-json\/wp\/v2\/users\/1"}],"replies":[{"embeddable":true,"href":"https:\/\/imaginedemain.fr\/index.php\/wp-json\/wp\/v2\/comments?post=1030"}],"version-history":[{"count":1,"href":"https:\/\/imaginedemain.fr\/index.php\/wp-json\/wp\/v2\/posts\/1030\/revisions"}],"predecessor-version":[{"id":2144,"href":"https:\/\/imaginedemain.fr\/index.php\/wp-json\/wp\/v2\/posts\/1030\/revisions\/2144"}],"wp:featuredmedia":[{"embeddable":true,"href":"https:\/\/imaginedemain.fr\/index.php\/wp-json\/wp\/v2\/media\/80"}],"wp:attachment":[{"href":"https:\/\/imaginedemain.fr\/index.php\/wp-json\/wp\/v2\/media?parent=1030"}],"wp:term":[{"taxonomy":"category","embeddable":true,"href":"https:\/\/imaginedemain.fr\/index.php\/wp-json\/wp\/v2\/categories?post=1030"},{"taxonomy":"post_tag","embeddable":true,"href":"https:\/\/imaginedemain.fr\/index.php\/wp-json\/wp\/v2\/tags?post=1030"}],"curies":[{"name":"wp","href":"https:\/\/api.w.org\/{rel}","templated":true}]}}