{"id":104,"date":"2014-12-04T02:59:57","date_gmt":"2014-12-04T01:59:57","guid":{"rendered":"http:\/\/phicatgarnier.wordpress.com\/?p=104"},"modified":"2017-03-22T16:21:22","modified_gmt":"2017-03-22T15:21:22","slug":"notre-module-sest-pose-sur-mars-mais-repond-toujours","status":"publish","type":"post","link":"https:\/\/imaginedemain.fr\/index.php\/2014\/12\/04\/notre-module-sest-pose-sur-mars-mais-repond-toujours\/","title":{"rendered":"Notre module s&rsquo;est pos\u00e9 sur Mars, mais r\u00e9pond toujours."},"content":{"rendered":"<p>Beaucoup d&rsquo;\u00e9l\u00e9ments diff\u00e9rencient les Andes des Alpes &#8230; mais l&rsquo;un majeur est la pr\u00e9sence de volcans actifs tout au long des Andes. Tr\u00e8s nombreux dans ces r\u00e9gions, il se pr\u00e9sentent sous la forme parfaite du volcan, \u00e0 la \u00ab\u00a0M<em>ont Fuji\u00a0\u00bb<\/em>, un c\u00f4ne couronn\u00e9 de cr\u00e8me glac\u00e9e.<\/p>\n<p><a href=\"https:\/\/phicatgarnier.files.wordpress.com\/2014\/12\/dsc00641.jpg\"><img data-recalc-dims=\"1\" loading=\"lazy\" decoding=\"async\" data-attachment-id=\"130\" data-permalink=\"https:\/\/imaginedemain.fr\/img_0555\/\" data-orig-file=\"https:\/\/i0.wp.com\/imaginedemain.fr\/wp-content\/uploads\/2016\/02\/img_0555.jpg?fit=4071%2C2645&amp;ssl=1\" data-orig-size=\"4071,2645\" data-comments-opened=\"1\" data-image-meta=\"{&quot;aperture&quot;:&quot;2.4&quot;,&quot;credit&quot;:&quot;Picasa&quot;,&quot;camera&quot;:&quot;iPhone 5&quot;,&quot;caption&quot;:&quot;&quot;,&quot;created_timestamp&quot;:&quot;1454754907&quot;,&quot;copyright&quot;:&quot;&quot;,&quot;focal_length&quot;:&quot;4.12&quot;,&quot;iso&quot;:&quot;50&quot;,&quot;shutter_speed&quot;:&quot;0.0024570024570025&quot;,&quot;title&quot;:&quot;&quot;,&quot;orientation&quot;:&quot;0&quot;}\" data-image-title=\"IMG_0555\" data-image-description=\"\" data-image-caption=\"\" data-large-file=\"https:\/\/i0.wp.com\/imaginedemain.fr\/wp-content\/uploads\/2016\/02\/img_0555.jpg?fit=600%2C390&amp;ssl=1\" class=\"alignnone wp-image-130\" src=\"https:\/\/phicatgarnier.files.wordpress.com\/2014\/12\/dsc00641.jpg?w=300&#038;resize=600%2C336\" alt=\"SONY DSC\" width=\"600\" height=\"336\" \/><\/a><\/p>\n<p>Notre gite face au volcan Osorno, dans la r\u00e9gion des lacs.<\/p>\n<p>Pour autant ces volcans nous imposent une certaine humilit\u00e9 et une crainte certaine. Passant il y a quelques ann\u00e9es par Saint-Pierre de la Martinique, nous avions compris ce qu&rsquo;est une catastrophe caus\u00e9e par une \u00e9ruption. Le livre \u00ab\u00a0Nu\u00e9e ardente\u00a0\u00bb de Rapha\u00ebl Confiant, relatant la destruction totale de la ville en 1902, nous avait aussi pr\u00e9venus de l&rsquo;inconscience des autorit\u00e9s et de la population locale qui avaient voulu ignorer les signes annonciateurs. Mais cela est un peu loin: 1902 &#8230;<\/p>\n<p>Au Chili les volcans\u00a0 fument, bouillonnent. Les derni\u00e8res grandes \u00e9ruptions y remontent \u00e0 quelques ann\u00e9es seulement. Leur impact sur le milieu environnant y a \u00e9t\u00e9 consid\u00e9rable: destruction de for\u00eats et de villes enti\u00e8res. Espaces st\u00e9rilis\u00e9s pour de nombreuses ann\u00e9es.<\/p>\n<p>Deux randonn\u00e9es nous ont conduits dans ces paysages volcaniques\u00a0 surr\u00e9alistes tels qu&rsquo;on les imagine sur la lune ou sur Mars. La premi\u00e8re nous a men\u00e9 sur le volcan Lonquimay dont la derni\u00e8re \u00e9ruption date du 25 d\u00e9cembre 1988, la seconde sur le volcan Llaima qui a aussi connu une \u00e9ruption majeure en 2010.<\/p>\n<p><a href=\"https:\/\/phicatgarnier.files.wordpress.com\/2014\/12\/dsc00301.jpg\"><img data-recalc-dims=\"1\" loading=\"lazy\" decoding=\"async\" data-attachment-id=\"106\" data-permalink=\"https:\/\/imaginedemain.fr\/cropped-prc3a9sentation11-gif\/\" data-orig-file=\"https:\/\/i0.wp.com\/imaginedemain.fr\/wp-content\/uploads\/2016\/01\/cropped-prc3a9sentation11.gif?fit=960%2C8&amp;ssl=1\" data-orig-size=\"960,8\" data-comments-opened=\"1\" data-image-meta=\"{&quot;aperture&quot;:&quot;0&quot;,&quot;credit&quot;:&quot;&quot;,&quot;camera&quot;:&quot;&quot;,&quot;caption&quot;:&quot;&quot;,&quot;created_timestamp&quot;:&quot;0&quot;,&quot;copyright&quot;:&quot;&quot;,&quot;focal_length&quot;:&quot;0&quot;,&quot;iso&quot;:&quot;0&quot;,&quot;shutter_speed&quot;:&quot;0&quot;,&quot;title&quot;:&quot;&quot;,&quot;orientation&quot;:&quot;0&quot;}\" data-image-title=\"cropped-prc3a9sentation11.gif\" data-image-description=\"\" data-image-caption=\"\" data-large-file=\"https:\/\/i0.wp.com\/imaginedemain.fr\/wp-content\/uploads\/2016\/01\/cropped-prc3a9sentation11.gif?fit=600%2C5&amp;ssl=1\" class=\"alignnone wp-image-106\" src=\"https:\/\/phicatgarnier.files.wordpress.com\/2014\/12\/dsc00301.jpg?w=300&#038;resize=255%2C147\" alt=\"SONY DSC\" width=\"255\" height=\"147\" \/><\/a>\u00a0\u00a0\u00a0\u00a0 <a href=\"https:\/\/phicatgarnier.files.wordpress.com\/2014\/12\/dsc00311.jpg\"><img data-recalc-dims=\"1\" loading=\"lazy\" decoding=\"async\" data-attachment-id=\"107\" data-permalink=\"https:\/\/imaginedemain.fr\/cropped-cropped-dscn1845-jpg\/\" data-orig-file=\"https:\/\/i0.wp.com\/imaginedemain.fr\/wp-content\/uploads\/2016\/01\/cropped-cropped-dscn1845.jpg?fit=1600%2C276&amp;ssl=1\" data-orig-size=\"1600,276\" data-comments-opened=\"1\" data-image-meta=\"{&quot;aperture&quot;:&quot;0&quot;,&quot;credit&quot;:&quot;&quot;,&quot;camera&quot;:&quot;&quot;,&quot;caption&quot;:&quot;&quot;,&quot;created_timestamp&quot;:&quot;0&quot;,&quot;copyright&quot;:&quot;&quot;,&quot;focal_length&quot;:&quot;0&quot;,&quot;iso&quot;:&quot;0&quot;,&quot;shutter_speed&quot;:&quot;0&quot;,&quot;title&quot;:&quot;&quot;,&quot;orientation&quot;:&quot;0&quot;}\" data-image-title=\"cropped-cropped-dscn1845.jpg\" data-image-description=\"\" data-image-caption=\"\" data-large-file=\"https:\/\/i0.wp.com\/imaginedemain.fr\/wp-content\/uploads\/2016\/01\/cropped-cropped-dscn1845.jpg?fit=600%2C104&amp;ssl=1\" class=\"alignnone wp-image-107\" src=\"https:\/\/phicatgarnier.files.wordpress.com\/2014\/12\/dsc00311.jpg?w=300&#038;resize=257%2C149\" alt=\"SONY DSC\" width=\"257\" height=\"149\" \/><\/a><\/p>\n<p>On y a march\u00e9 sur des champs de cendre.<\/p>\n<p><a href=\"https:\/\/phicatgarnier.files.wordpress.com\/2014\/12\/dsc00326.jpg\"><img data-recalc-dims=\"1\" loading=\"lazy\" decoding=\"async\" data-attachment-id=\"109\" data-permalink=\"https:\/\/imaginedemain.fr\/cropped-dscn09532-jpg\/\" data-orig-file=\"https:\/\/i0.wp.com\/imaginedemain.fr\/wp-content\/uploads\/2016\/01\/cropped-dscn09532.jpg?fit=1600%2C274&amp;ssl=1\" data-orig-size=\"1600,274\" data-comments-opened=\"1\" data-image-meta=\"{&quot;aperture&quot;:&quot;0&quot;,&quot;credit&quot;:&quot;&quot;,&quot;camera&quot;:&quot;&quot;,&quot;caption&quot;:&quot;&quot;,&quot;created_timestamp&quot;:&quot;0&quot;,&quot;copyright&quot;:&quot;&quot;,&quot;focal_length&quot;:&quot;0&quot;,&quot;iso&quot;:&quot;0&quot;,&quot;shutter_speed&quot;:&quot;0&quot;,&quot;title&quot;:&quot;&quot;,&quot;orientation&quot;:&quot;0&quot;}\" data-image-title=\"Face \u00e0 l&amp;rsquo;oc\u00e9an sur la plage d&amp;rsquo;Herlin \u00e0 Belle-Ile\" data-image-description=\"\" data-image-caption=\"&lt;p&gt;Cette photo est une r\u00e9f\u00e9rence au travail de Pierre Jamet, qui r\u00e9alisa de formidables photos \u00e0 Belle-Ile dans les ann\u00e9es 30, notamment deux baigneuses de dos \u00e0 Dotchot&lt;\/p&gt;\n\" data-large-file=\"https:\/\/i0.wp.com\/imaginedemain.fr\/wp-content\/uploads\/2016\/01\/cropped-dscn09532.jpg?fit=600%2C103&amp;ssl=1\" class=\"alignnone wp-image-109\" src=\"https:\/\/phicatgarnier.files.wordpress.com\/2014\/12\/dsc00326.jpg?w=300&#038;resize=492%2C282\" alt=\"SONY DSC\" width=\"492\" height=\"282\" \/><\/a><\/p>\n<p><a href=\"https:\/\/phicatgarnier.files.wordpress.com\/2014\/12\/dsc00338.jpg\"><img data-recalc-dims=\"1\" loading=\"lazy\" decoding=\"async\" data-attachment-id=\"110\" data-permalink=\"https:\/\/imaginedemain.fr\/cropped-img_0494-jpg\/\" data-orig-file=\"https:\/\/i0.wp.com\/imaginedemain.fr\/wp-content\/uploads\/2016\/01\/cropped-img_0494.jpg?fit=1600%2C275&amp;ssl=1\" data-orig-size=\"1600,275\" data-comments-opened=\"1\" data-image-meta=\"{&quot;aperture&quot;:&quot;0&quot;,&quot;credit&quot;:&quot;&quot;,&quot;camera&quot;:&quot;&quot;,&quot;caption&quot;:&quot;&quot;,&quot;created_timestamp&quot;:&quot;0&quot;,&quot;copyright&quot;:&quot;&quot;,&quot;focal_length&quot;:&quot;0&quot;,&quot;iso&quot;:&quot;0&quot;,&quot;shutter_speed&quot;:&quot;0&quot;,&quot;title&quot;:&quot;&quot;,&quot;orientation&quot;:&quot;0&quot;}\" data-image-title=\"cropped-img_0494.jpg\" data-image-description=\"\" data-image-caption=\"\" data-large-file=\"https:\/\/i0.wp.com\/imaginedemain.fr\/wp-content\/uploads\/2016\/01\/cropped-img_0494.jpg?fit=600%2C103&amp;ssl=1\" class=\"alignnone wp-image-110\" src=\"https:\/\/phicatgarnier.files.wordpress.com\/2014\/12\/dsc00338.jpg?w=300&#038;resize=255%2C147\" alt=\"SONY DSC\" width=\"255\" height=\"147\" \/><\/a>\u00a0\u00a0\u00a0\u00a0 <a href=\"https:\/\/phicatgarnier.files.wordpress.com\/2014\/12\/dsc00608.jpg\"><img data-recalc-dims=\"1\" loading=\"lazy\" decoding=\"async\" data-attachment-id=\"101\" data-permalink=\"https:\/\/imaginedemain.fr\/sony-dsc-30-2\/\" data-orig-file=\"https:\/\/i0.wp.com\/imaginedemain.fr\/wp-content\/uploads\/2014\/12\/dsc00608.jpg?fit=4592%2C2576&amp;ssl=1\" data-orig-size=\"4592,2576\" data-comments-opened=\"1\" data-image-meta=\"{&quot;aperture&quot;:&quot;22&quot;,&quot;credit&quot;:&quot;&quot;,&quot;camera&quot;:&quot;DSLR-A350&quot;,&quot;caption&quot;:&quot;SONY DSC&quot;,&quot;created_timestamp&quot;:&quot;1417553891&quot;,&quot;copyright&quot;:&quot;&quot;,&quot;focal_length&quot;:&quot;28&quot;,&quot;iso&quot;:&quot;400&quot;,&quot;shutter_speed&quot;:&quot;0.01&quot;,&quot;title&quot;:&quot;SONY DSC&quot;,&quot;orientation&quot;:&quot;1&quot;}\" data-image-title=\"SONY DSC\" data-image-description=\"\" data-image-caption=\"\" data-large-file=\"https:\/\/i0.wp.com\/imaginedemain.fr\/wp-content\/uploads\/2014\/12\/dsc00608.jpg?fit=600%2C336&amp;ssl=1\" class=\"alignnone wp-image-101\" src=\"https:\/\/phicatgarnier.files.wordpress.com\/2014\/12\/dsc00608.jpg?w=300&#038;resize=258%2C150\" alt=\"SONY DSC\" width=\"258\" height=\"150\" \/><\/a><\/p>\n<p>On y a vu des coul\u00e9es de lave extr\u00eamement \u00e9tendues &#8230; mais on n&rsquo;y a pas march\u00e9 car c&rsquo;est un relief dantesque.<\/p>\n<p><a href=\"https:\/\/phicatgarnier.files.wordpress.com\/2014\/12\/dsc00614.jpg\"><img data-recalc-dims=\"1\" loading=\"lazy\" decoding=\"async\" data-attachment-id=\"102\" data-permalink=\"https:\/\/imaginedemain.fr\/sony-dsc-31-2\/\" data-orig-file=\"https:\/\/i0.wp.com\/imaginedemain.fr\/wp-content\/uploads\/2014\/12\/dsc00614.jpg?fit=4592%2C2576&amp;ssl=1\" data-orig-size=\"4592,2576\" data-comments-opened=\"1\" data-image-meta=\"{&quot;aperture&quot;:&quot;22&quot;,&quot;credit&quot;:&quot;&quot;,&quot;camera&quot;:&quot;DSLR-A350&quot;,&quot;caption&quot;:&quot;SONY DSC&quot;,&quot;created_timestamp&quot;:&quot;1417554888&quot;,&quot;copyright&quot;:&quot;&quot;,&quot;focal_length&quot;:&quot;35&quot;,&quot;iso&quot;:&quot;400&quot;,&quot;shutter_speed&quot;:&quot;0.01&quot;,&quot;title&quot;:&quot;SONY DSC&quot;,&quot;orientation&quot;:&quot;1&quot;}\" data-image-title=\"SONY DSC\" data-image-description=\"\" data-image-caption=\"\" data-large-file=\"https:\/\/i0.wp.com\/imaginedemain.fr\/wp-content\/uploads\/2014\/12\/dsc00614.jpg?fit=600%2C336&amp;ssl=1\" class=\"alignnone wp-image-102\" src=\"https:\/\/phicatgarnier.files.wordpress.com\/2014\/12\/dsc00614.jpg?w=300&#038;resize=255%2C147\" alt=\"SONY DSC\" width=\"255\" height=\"147\" \/><\/a>\u00a0\u00a0\u00a0\u00a0 <a href=\"https:\/\/phicatgarnier.files.wordpress.com\/2014\/12\/dsc00380.jpg\"><img data-recalc-dims=\"1\" loading=\"lazy\" decoding=\"async\" data-attachment-id=\"115\" data-permalink=\"https:\/\/imaginedemain.fr\/index.php\/2014\/12\/04\/notre-module-sest-pose-sur-mars-mais-repond-toujours\/sony-dsc-41-2\/\" data-orig-file=\"https:\/\/i0.wp.com\/imaginedemain.fr\/wp-content\/uploads\/2014\/12\/dsc00380.jpg?fit=4592%2C2576&amp;ssl=1\" data-orig-size=\"4592,2576\" data-comments-opened=\"1\" data-image-meta=\"{&quot;aperture&quot;:&quot;13&quot;,&quot;credit&quot;:&quot;&quot;,&quot;camera&quot;:&quot;DSLR-A350&quot;,&quot;caption&quot;:&quot;SONY DSC&quot;,&quot;created_timestamp&quot;:&quot;1417448461&quot;,&quot;copyright&quot;:&quot;&quot;,&quot;focal_length&quot;:&quot;18&quot;,&quot;iso&quot;:&quot;400&quot;,&quot;shutter_speed&quot;:&quot;0.0008&quot;,&quot;title&quot;:&quot;SONY DSC&quot;,&quot;orientation&quot;:&quot;1&quot;}\" data-image-title=\"SONY DSC\" data-image-description=\"\" data-image-caption=\"\" data-large-file=\"https:\/\/i0.wp.com\/imaginedemain.fr\/wp-content\/uploads\/2014\/12\/dsc00380.jpg?fit=600%2C336&amp;ssl=1\" class=\"alignnone wp-image-115\" src=\"https:\/\/phicatgarnier.files.wordpress.com\/2014\/12\/dsc00380.jpg?w=300&#038;resize=255%2C147\" alt=\"SONY DSC\" width=\"255\" height=\"147\" \/><\/a><\/p>\n<p><a href=\"https:\/\/phicatgarnier.files.wordpress.com\/2014\/12\/dsc00592.jpg\"><img data-recalc-dims=\"1\" loading=\"lazy\" decoding=\"async\" data-attachment-id=\"100\" data-permalink=\"https:\/\/imaginedemain.fr\/sony-dsc-29-2\/\" data-orig-file=\"https:\/\/i0.wp.com\/imaginedemain.fr\/wp-content\/uploads\/2014\/12\/dsc00592.jpg?fit=4592%2C2576&amp;ssl=1\" data-orig-size=\"4592,2576\" data-comments-opened=\"1\" data-image-meta=\"{&quot;aperture&quot;:&quot;22&quot;,&quot;credit&quot;:&quot;&quot;,&quot;camera&quot;:&quot;DSLR-A350&quot;,&quot;caption&quot;:&quot;SONY DSC&quot;,&quot;created_timestamp&quot;:&quot;1417552848&quot;,&quot;copyright&quot;:&quot;&quot;,&quot;focal_length&quot;:&quot;60&quot;,&quot;iso&quot;:&quot;400&quot;,&quot;shutter_speed&quot;:&quot;0.016666666666667&quot;,&quot;title&quot;:&quot;SONY DSC&quot;,&quot;orientation&quot;:&quot;1&quot;}\" data-image-title=\"SONY DSC\" data-image-description=\"\" data-image-caption=\"\" data-large-file=\"https:\/\/i0.wp.com\/imaginedemain.fr\/wp-content\/uploads\/2014\/12\/dsc00592.jpg?fit=600%2C336&amp;ssl=1\" class=\"alignnone wp-image-100\" src=\"https:\/\/phicatgarnier.files.wordpress.com\/2014\/12\/dsc00592.jpg?w=300&#038;resize=255%2C148\" alt=\"SONY DSC\" width=\"255\" height=\"148\" \/><\/a>\u00a0\u00a0\u00a0\u00a0 <a href=\"https:\/\/phicatgarnier.files.wordpress.com\/2014\/12\/dsc00405.jpg\"><img data-recalc-dims=\"1\" loading=\"lazy\" decoding=\"async\" data-attachment-id=\"117\" data-permalink=\"https:\/\/imaginedemain.fr\/dsc04865\/\" data-orig-file=\"https:\/\/i0.wp.com\/imaginedemain.fr\/wp-content\/uploads\/2016\/02\/dsc04865.jpg?fit=5418%2C3402&amp;ssl=1\" data-orig-size=\"5418,3402\" data-comments-opened=\"1\" data-image-meta=\"{&quot;aperture&quot;:&quot;6.5&quot;,&quot;credit&quot;:&quot;Picasa&quot;,&quot;camera&quot;:&quot;DSC-TF1&quot;,&quot;caption&quot;:&quot;&quot;,&quot;created_timestamp&quot;:&quot;1454565509&quot;,&quot;copyright&quot;:&quot;&quot;,&quot;focal_length&quot;:&quot;4.43&quot;,&quot;iso&quot;:&quot;100&quot;,&quot;shutter_speed&quot;:&quot;0.001&quot;,&quot;title&quot;:&quot;&quot;,&quot;orientation&quot;:&quot;0&quot;}\" data-image-title=\"DSC04865\" data-image-description=\"\" data-image-caption=\"\" data-large-file=\"https:\/\/i0.wp.com\/imaginedemain.fr\/wp-content\/uploads\/2016\/02\/dsc04865.jpg?fit=600%2C377&amp;ssl=1\" class=\"alignnone wp-image-117\" src=\"https:\/\/phicatgarnier.files.wordpress.com\/2014\/12\/dsc00405.jpg?w=300&#038;resize=255%2C147\" alt=\"SONY DSC\" width=\"255\" height=\"147\" \/><\/a><\/p>\n<p><a href=\"https:\/\/phicatgarnier.files.wordpress.com\/2014\/12\/dsc00408.jpg\"><img data-recalc-dims=\"1\" loading=\"lazy\" decoding=\"async\" data-attachment-id=\"118\" data-permalink=\"https:\/\/imaginedemain.fr\/dsc04903\/\" data-orig-file=\"https:\/\/i0.wp.com\/imaginedemain.fr\/wp-content\/uploads\/2016\/02\/dsc04903.jpg?fit=5418%2C3402&amp;ssl=1\" data-orig-size=\"5418,3402\" data-comments-opened=\"1\" data-image-meta=\"{&quot;aperture&quot;:&quot;6.5&quot;,&quot;credit&quot;:&quot;Picasa&quot;,&quot;camera&quot;:&quot;DSC-TF1&quot;,&quot;caption&quot;:&quot;&quot;,&quot;created_timestamp&quot;:&quot;1454571745&quot;,&quot;copyright&quot;:&quot;&quot;,&quot;focal_length&quot;:&quot;4.43&quot;,&quot;iso&quot;:&quot;100&quot;,&quot;shutter_speed&quot;:&quot;0.000625&quot;,&quot;title&quot;:&quot;&quot;,&quot;orientation&quot;:&quot;0&quot;}\" data-image-title=\"DSC04903\" data-image-description=\"\" data-image-caption=\"\" data-large-file=\"https:\/\/i0.wp.com\/imaginedemain.fr\/wp-content\/uploads\/2016\/02\/dsc04903.jpg?fit=600%2C377&amp;ssl=1\" class=\"alignnone wp-image-118\" src=\"https:\/\/phicatgarnier.files.wordpress.com\/2014\/12\/dsc00408.jpg?w=300&#038;resize=255%2C147\" alt=\"SONY DSC\" width=\"255\" height=\"147\" \/><\/a>\u00a0\u00a0\u00a0\u00a0 <a href=\"https:\/\/phicatgarnier.files.wordpress.com\/2014\/12\/dsc00387.jpg\"><img data-recalc-dims=\"1\" loading=\"lazy\" decoding=\"async\" data-attachment-id=\"116\" data-permalink=\"https:\/\/imaginedemain.fr\/dsc04837\/\" data-orig-file=\"https:\/\/i0.wp.com\/imaginedemain.fr\/wp-content\/uploads\/2016\/02\/dsc04837.jpg?fit=5418%2C3402&amp;ssl=1\" data-orig-size=\"5418,3402\" data-comments-opened=\"1\" data-image-meta=\"{&quot;aperture&quot;:&quot;6.5&quot;,&quot;credit&quot;:&quot;Picasa&quot;,&quot;camera&quot;:&quot;DSC-TF1&quot;,&quot;caption&quot;:&quot;&quot;,&quot;created_timestamp&quot;:&quot;1454485703&quot;,&quot;copyright&quot;:&quot;&quot;,&quot;focal_length&quot;:&quot;4.43&quot;,&quot;iso&quot;:&quot;100&quot;,&quot;shutter_speed&quot;:&quot;0.000625&quot;,&quot;title&quot;:&quot;&quot;,&quot;orientation&quot;:&quot;0&quot;}\" data-image-title=\"DSC04837\" data-image-description=\"\" data-image-caption=\"\" data-large-file=\"https:\/\/i0.wp.com\/imaginedemain.fr\/wp-content\/uploads\/2016\/02\/dsc04837.jpg?fit=600%2C377&amp;ssl=1\" class=\"alignnone wp-image-116\" src=\"https:\/\/phicatgarnier.files.wordpress.com\/2014\/12\/dsc00387.jpg?w=300&#038;resize=256%2C149\" alt=\"SONY DSC\" width=\"256\" height=\"149\" \/><\/a><\/p>\n<p>On y a vu des collines couvertes d&rsquo;\u00e9paisses couches de cendres et de projections.<\/p>\n<p><a href=\"https:\/\/phicatgarnier.files.wordpress.com\/2014\/12\/dsc00353.jpg\"><img data-recalc-dims=\"1\" loading=\"lazy\" decoding=\"async\" data-attachment-id=\"112\" data-permalink=\"https:\/\/imaginedemain.fr\/cropped-img_04942-jpg\/\" data-orig-file=\"https:\/\/i0.wp.com\/imaginedemain.fr\/wp-content\/uploads\/2016\/01\/cropped-img_04942.jpg?fit=1600%2C416&amp;ssl=1\" data-orig-size=\"1600,416\" data-comments-opened=\"1\" data-image-meta=\"{&quot;aperture&quot;:&quot;0&quot;,&quot;credit&quot;:&quot;&quot;,&quot;camera&quot;:&quot;&quot;,&quot;caption&quot;:&quot;&quot;,&quot;created_timestamp&quot;:&quot;0&quot;,&quot;copyright&quot;:&quot;&quot;,&quot;focal_length&quot;:&quot;0&quot;,&quot;iso&quot;:&quot;0&quot;,&quot;shutter_speed&quot;:&quot;0&quot;,&quot;title&quot;:&quot;&quot;,&quot;orientation&quot;:&quot;0&quot;}\" data-image-title=\"cropped-img_04942.jpg\" data-image-description=\"\" data-image-caption=\"\" data-large-file=\"https:\/\/i0.wp.com\/imaginedemain.fr\/wp-content\/uploads\/2016\/01\/cropped-img_04942.jpg?fit=600%2C156&amp;ssl=1\" class=\"alignnone wp-image-112\" src=\"https:\/\/phicatgarnier.files.wordpress.com\/2014\/12\/dsc00353.jpg?w=300&#038;resize=255%2C147\" alt=\"SONY DSC\" width=\"255\" height=\"147\" \/><\/a>\u00a0\u00a0\u00a0\u00a0 <a href=\"https:\/\/phicatgarnier.files.wordpress.com\/2014\/12\/dsc00363.jpg\"><img data-recalc-dims=\"1\" loading=\"lazy\" decoding=\"async\" class=\"alignnone wp-image-114\" src=\"https:\/\/phicatgarnier.files.wordpress.com\/2014\/12\/dsc00363.jpg?w=300&#038;resize=255%2C147\" alt=\"SONY DSC\" width=\"255\" height=\"147\" \/><\/a><\/p>\n<p><a href=\"https:\/\/phicatgarnier.files.wordpress.com\/2014\/12\/dsc00425.jpg\"><img data-recalc-dims=\"1\" loading=\"lazy\" decoding=\"async\" data-attachment-id=\"119\" data-permalink=\"https:\/\/imaginedemain.fr\/dsc04870\/\" data-orig-file=\"https:\/\/i0.wp.com\/imaginedemain.fr\/wp-content\/uploads\/2016\/02\/dsc04870.jpg?fit=5418%2C3402&amp;ssl=1\" data-orig-size=\"5418,3402\" data-comments-opened=\"1\" data-image-meta=\"{&quot;aperture&quot;:&quot;6.5&quot;,&quot;credit&quot;:&quot;Picasa&quot;,&quot;camera&quot;:&quot;DSC-TF1&quot;,&quot;caption&quot;:&quot;&quot;,&quot;created_timestamp&quot;:&quot;1454567017&quot;,&quot;copyright&quot;:&quot;&quot;,&quot;focal_length&quot;:&quot;4.43&quot;,&quot;iso&quot;:&quot;100&quot;,&quot;shutter_speed&quot;:&quot;0.00125&quot;,&quot;title&quot;:&quot;&quot;,&quot;orientation&quot;:&quot;0&quot;}\" data-image-title=\"DSC04870\" data-image-description=\"\" data-image-caption=\"\" data-large-file=\"https:\/\/i0.wp.com\/imaginedemain.fr\/wp-content\/uploads\/2016\/02\/dsc04870.jpg?fit=600%2C377&amp;ssl=1\" class=\"alignnone wp-image-119\" src=\"https:\/\/phicatgarnier.files.wordpress.com\/2014\/12\/dsc00425.jpg?w=300&#038;resize=255%2C147\" alt=\"SONY DSC\" width=\"255\" height=\"147\" \/><\/a>\u00a0\u00a0\u00a0\u00a0 <a href=\"https:\/\/phicatgarnier.files.wordpress.com\/2014\/12\/dsc00427.jpg\"><img data-recalc-dims=\"1\" loading=\"lazy\" decoding=\"async\" data-attachment-id=\"120\" data-permalink=\"https:\/\/imaginedemain.fr\/dsc04841\/\" data-orig-file=\"https:\/\/i0.wp.com\/imaginedemain.fr\/wp-content\/uploads\/2016\/02\/dsc04841.jpg?fit=5418%2C3402&amp;ssl=1\" data-orig-size=\"5418,3402\" data-comments-opened=\"1\" data-image-meta=\"{&quot;aperture&quot;:&quot;6.5&quot;,&quot;credit&quot;:&quot;Picasa&quot;,&quot;camera&quot;:&quot;DSC-TF1&quot;,&quot;caption&quot;:&quot;&quot;,&quot;created_timestamp&quot;:&quot;1454490214&quot;,&quot;copyright&quot;:&quot;&quot;,&quot;focal_length&quot;:&quot;4.43&quot;,&quot;iso&quot;:&quot;100&quot;,&quot;shutter_speed&quot;:&quot;0.0025&quot;,&quot;title&quot;:&quot;&quot;,&quot;orientation&quot;:&quot;0&quot;}\" data-image-title=\"DSC04841\" data-image-description=\"\" data-image-caption=\"\" data-large-file=\"https:\/\/i0.wp.com\/imaginedemain.fr\/wp-content\/uploads\/2016\/02\/dsc04841.jpg?fit=600%2C377&amp;ssl=1\" class=\"alignnone wp-image-120\" src=\"https:\/\/phicatgarnier.files.wordpress.com\/2014\/12\/dsc00427.jpg?w=300&#038;resize=255%2C147\" alt=\"SONY DSC\" width=\"255\" height=\"147\" \/><\/a><\/p>\n<p>On y a senti des petites bouches dont sortait un air chaud et soufr\u00e9<\/p>\n<p><a href=\"https:\/\/phicatgarnier.files.wordpress.com\/2014\/12\/dsc00445.jpg\"><img data-recalc-dims=\"1\" loading=\"lazy\" decoding=\"async\" data-attachment-id=\"124\" data-permalink=\"https:\/\/imaginedemain.fr\/dsc04863\/\" data-orig-file=\"https:\/\/i0.wp.com\/imaginedemain.fr\/wp-content\/uploads\/2016\/02\/dsc04863.jpg?fit=5418%2C3402&amp;ssl=1\" data-orig-size=\"5418,3402\" data-comments-opened=\"1\" data-image-meta=\"{&quot;aperture&quot;:&quot;6.5&quot;,&quot;credit&quot;:&quot;Picasa&quot;,&quot;camera&quot;:&quot;DSC-TF1&quot;,&quot;caption&quot;:&quot;&quot;,&quot;created_timestamp&quot;:&quot;1454565495&quot;,&quot;copyright&quot;:&quot;&quot;,&quot;focal_length&quot;:&quot;4.43&quot;,&quot;iso&quot;:&quot;100&quot;,&quot;shutter_speed&quot;:&quot;0.001&quot;,&quot;title&quot;:&quot;&quot;,&quot;orientation&quot;:&quot;0&quot;}\" data-image-title=\"DSC04863\" data-image-description=\"\" data-image-caption=\"\" data-large-file=\"https:\/\/i0.wp.com\/imaginedemain.fr\/wp-content\/uploads\/2016\/02\/dsc04863.jpg?fit=600%2C377&amp;ssl=1\" class=\"alignnone size-medium wp-image-124\" src=\"https:\/\/phicatgarnier.files.wordpress.com\/2014\/12\/dsc00445.jpg?w=300&#038;resize=300%2C168\" alt=\"SONY DSC\" width=\"300\" height=\"168\" \/><\/a><\/p>\n<p>Sur le volcan Lonquimay nous avons rejoint le crat\u00e8re \u00ab\u00a0Navidad\u00a0\u00bb, ainsi nomm\u00e9 parce qu&rsquo;il a \u00e9t\u00e9 form\u00e9 le jour de No\u00eal 1988. On y a vu la bouche dont toute cette mati\u00e8re est sortie.<\/p>\n<p><a href=\"https:\/\/phicatgarnier.files.wordpress.com\/2014\/12\/dsc00451.jpg\"><img data-recalc-dims=\"1\" loading=\"lazy\" decoding=\"async\" data-attachment-id=\"125\" data-permalink=\"https:\/\/imaginedemain.fr\/dsc04931\/\" data-orig-file=\"https:\/\/i0.wp.com\/imaginedemain.fr\/wp-content\/uploads\/2016\/02\/dsc04931.jpg?fit=5418%2C3402&amp;ssl=1\" data-orig-size=\"5418,3402\" data-comments-opened=\"1\" data-image-meta=\"{&quot;aperture&quot;:&quot;8.1&quot;,&quot;credit&quot;:&quot;Picasa&quot;,&quot;camera&quot;:&quot;DSC-TF1&quot;,&quot;caption&quot;:&quot;&quot;,&quot;created_timestamp&quot;:&quot;1454579452&quot;,&quot;copyright&quot;:&quot;&quot;,&quot;focal_length&quot;:&quot;15.17&quot;,&quot;iso&quot;:&quot;100&quot;,&quot;shutter_speed&quot;:&quot;0.000625&quot;,&quot;title&quot;:&quot;&quot;,&quot;orientation&quot;:&quot;0&quot;}\" data-image-title=\"DSC04931\" data-image-description=\"\" data-image-caption=\"\" data-large-file=\"https:\/\/i0.wp.com\/imaginedemain.fr\/wp-content\/uploads\/2016\/02\/dsc04931.jpg?fit=600%2C377&amp;ssl=1\" class=\"alignnone size-medium wp-image-125\" src=\"https:\/\/phicatgarnier.files.wordpress.com\/2014\/12\/dsc00451.jpg?w=168&#038;resize=168%2C300\" alt=\"SONY DSC\" width=\"168\" height=\"300\" \/><\/a>\u00a0\u00a0\u00a0\u00a0 <a href=\"https:\/\/phicatgarnier.files.wordpress.com\/2014\/12\/dsc00433.jpg\"><img data-recalc-dims=\"1\" loading=\"lazy\" decoding=\"async\" data-attachment-id=\"121\" data-permalink=\"https:\/\/imaginedemain.fr\/dsc04832\/\" data-orig-file=\"https:\/\/i0.wp.com\/imaginedemain.fr\/wp-content\/uploads\/2016\/02\/dsc04832.jpg?fit=5056%2C3202&amp;ssl=1\" data-orig-size=\"5056,3202\" data-comments-opened=\"1\" data-image-meta=\"{&quot;aperture&quot;:&quot;6.5&quot;,&quot;credit&quot;:&quot;Picasa&quot;,&quot;camera&quot;:&quot;DSC-TF1&quot;,&quot;caption&quot;:&quot;&quot;,&quot;created_timestamp&quot;:&quot;1454480425&quot;,&quot;copyright&quot;:&quot;&quot;,&quot;focal_length&quot;:&quot;4.43&quot;,&quot;iso&quot;:&quot;100&quot;,&quot;shutter_speed&quot;:&quot;0.00125&quot;,&quot;title&quot;:&quot;&quot;,&quot;orientation&quot;:&quot;0&quot;}\" data-image-title=\"DSC04832\" data-image-description=\"\" data-image-caption=\"\" data-large-file=\"https:\/\/i0.wp.com\/imaginedemain.fr\/wp-content\/uploads\/2016\/02\/dsc04832.jpg?fit=600%2C380&amp;ssl=1\" class=\"alignnone wp-image-121\" src=\"https:\/\/phicatgarnier.files.wordpress.com\/2014\/12\/dsc00433.jpg?w=300&#038;resize=289%2C168\" alt=\"SONY DSC\" width=\"289\" height=\"168\" \/><\/a><\/p>\n<p><a href=\"https:\/\/phicatgarnier.files.wordpress.com\/2014\/12\/dsc00444.jpg\"><img data-recalc-dims=\"1\" loading=\"lazy\" decoding=\"async\" data-attachment-id=\"123\" data-permalink=\"https:\/\/imaginedemain.fr\/dsc04852\/\" data-orig-file=\"https:\/\/i0.wp.com\/imaginedemain.fr\/wp-content\/uploads\/2016\/02\/dsc04852.jpg?fit=5418%2C3402&amp;ssl=1\" data-orig-size=\"5418,3402\" data-comments-opened=\"1\" data-image-meta=\"{&quot;aperture&quot;:&quot;6.5&quot;,&quot;credit&quot;:&quot;Picasa&quot;,&quot;camera&quot;:&quot;DSC-TF1&quot;,&quot;caption&quot;:&quot;&quot;,&quot;created_timestamp&quot;:&quot;1454564590&quot;,&quot;copyright&quot;:&quot;&quot;,&quot;focal_length&quot;:&quot;4.43&quot;,&quot;iso&quot;:&quot;100&quot;,&quot;shutter_speed&quot;:&quot;0.0005&quot;,&quot;title&quot;:&quot;&quot;,&quot;orientation&quot;:&quot;0&quot;}\" data-image-title=\"DSC04852\" data-image-description=\"\" data-image-caption=\"&lt;p&gt;Le soleil revient sur les hauts plateuas du Vercors, nous en profitons pour sortir du refuge de Chamailloux&lt;\/p&gt;\n\" data-large-file=\"https:\/\/i0.wp.com\/imaginedemain.fr\/wp-content\/uploads\/2016\/02\/dsc04852.jpg?fit=600%2C377&amp;ssl=1\" class=\"alignnone wp-image-123\" src=\"https:\/\/phicatgarnier.files.wordpress.com\/2014\/12\/dsc00444.jpg?w=300&#038;resize=255%2C147\" alt=\"SONY DSC\" width=\"255\" height=\"147\" \/><\/a>\u00a0\u00a0\u00a0\u00a0 <a href=\"https:\/\/phicatgarnier.files.wordpress.com\/2014\/12\/dsc00441.jpg\"><img data-recalc-dims=\"1\" loading=\"lazy\" decoding=\"async\" data-attachment-id=\"122\" data-permalink=\"https:\/\/imaginedemain.fr\/dsc04884\/\" data-orig-file=\"https:\/\/i0.wp.com\/imaginedemain.fr\/wp-content\/uploads\/2016\/02\/dsc04884.jpg?fit=5418%2C3402&amp;ssl=1\" data-orig-size=\"5418,3402\" data-comments-opened=\"1\" data-image-meta=\"{&quot;aperture&quot;:&quot;6.5&quot;,&quot;credit&quot;:&quot;Picasa&quot;,&quot;camera&quot;:&quot;DSC-TF1&quot;,&quot;caption&quot;:&quot;&quot;,&quot;created_timestamp&quot;:&quot;1454567356&quot;,&quot;copyright&quot;:&quot;&quot;,&quot;focal_length&quot;:&quot;4.43&quot;,&quot;iso&quot;:&quot;100&quot;,&quot;shutter_speed&quot;:&quot;0.0005&quot;,&quot;title&quot;:&quot;&quot;,&quot;orientation&quot;:&quot;0&quot;}\" data-image-title=\"DSC04884\" data-image-description=\"\" data-image-caption=\"\" data-large-file=\"https:\/\/i0.wp.com\/imaginedemain.fr\/wp-content\/uploads\/2016\/02\/dsc04884.jpg?fit=600%2C377&amp;ssl=1\" class=\"alignnone wp-image-122\" src=\"https:\/\/phicatgarnier.files.wordpress.com\/2014\/12\/dsc00441.jpg?w=300&#038;resize=255%2C148\" alt=\"SONY DSC\" width=\"255\" height=\"148\" \/><\/a><\/p>\n<p>Et puis nous sommes revenus \u00e0 la vie presque ordinaire &#8230;<\/p>\n<p><a href=\"https:\/\/phicatgarnier.files.wordpress.com\/2014\/12\/dsc00458.jpg\"><img data-recalc-dims=\"1\" loading=\"lazy\" decoding=\"async\" data-attachment-id=\"127\" data-permalink=\"https:\/\/imaginedemain.fr\/img_2267\/\" data-orig-file=\"https:\/\/i0.wp.com\/imaginedemain.fr\/wp-content\/uploads\/2016\/02\/img_2267.jpg?fit=3400%2C2269&amp;ssl=1\" data-orig-size=\"3400,2269\" data-comments-opened=\"1\" data-image-meta=\"{&quot;aperture&quot;:&quot;2.8&quot;,&quot;credit&quot;:&quot;Picasa&quot;,&quot;camera&quot;:&quot;iPhone 4&quot;,&quot;caption&quot;:&quot;&quot;,&quot;created_timestamp&quot;:&quot;1454516210&quot;,&quot;copyright&quot;:&quot;&quot;,&quot;focal_length&quot;:&quot;3.85&quot;,&quot;iso&quot;:&quot;80&quot;,&quot;shutter_speed&quot;:&quot;0.0030211480362538&quot;,&quot;title&quot;:&quot;&quot;,&quot;orientation&quot;:&quot;0&quot;}\" data-image-title=\"IMG_2267\" data-image-description=\"\" data-image-caption=\"\" data-large-file=\"https:\/\/i0.wp.com\/imaginedemain.fr\/wp-content\/uploads\/2016\/02\/img_2267.jpg?fit=600%2C400&amp;ssl=1\" class=\"alignnone wp-image-127\" src=\"https:\/\/phicatgarnier.files.wordpress.com\/2014\/12\/dsc00458.jpg?w=300&#038;resize=589%2C338\" alt=\"SONY DSC\" width=\"589\" height=\"338\" \/><\/a>&#8230; surement pas les derni\u00e8res images volcaniques de ce p\u00e9riple!<\/p>\n","protected":false},"excerpt":{"rendered":"<p>Beaucoup d&rsquo;\u00e9l\u00e9ments diff\u00e9rencient les Andes des Alpes &#8230; mais l&rsquo;un majeur est la pr\u00e9sence de volcans actifs tout au long des Andes. Tr\u00e8s nombreux dans ces r\u00e9gions, il se pr\u00e9sentent sous la forme parfaite du volcan, \u00e0 la \u00ab\u00a0Mont Fuji\u00a0\u00bb, un c\u00f4ne couronn\u00e9 de cr\u00e8me glac\u00e9e. Notre gite face au volcan Osorno, dans la r\u00e9gion [&hellip;]<\/p>\n","protected":false},"author":1,"featured_media":1044,"comment_status":"open","ping_status":"open","sticky":false,"template":"","format":"standard","meta":{"ngg_post_thumbnail":0,"jetpack_post_was_ever_published":false,"_jetpack_newsletter_access":"","_jetpack_dont_email_post_to_subs":true,"_jetpack_newsletter_tier_id":0,"_jetpack_memberships_contains_paywalled_content":false,"_jetpack_memberships_contains_paid_content":false,"footnotes":"","jetpack_publicize_message":"","jetpack_publicize_feature_enabled":true,"jetpack_social_post_already_shared":false,"jetpack_social_options":{"image_generator_settings":{"template":"highway","default_image_id":0,"font":"","enabled":false},"version":2}},"categories":[10],"tags":[14],"class_list":["post-104","post","type-post","status-publish","format-standard","has-post-thumbnail","hentry","category-chile-y-argentina","tag-chili"],"yoast_head":"<!-- This site is optimized with the Yoast SEO plugin v27.5 - https:\/\/yoast.com\/product\/yoast-seo-wordpress\/ -->\n<title>Notre module s&#039;est pos\u00e9 sur Mars, mais r\u00e9pond toujours. - Imagine demain<\/title>\n<meta name=\"robots\" content=\"index, follow, max-snippet:-1, max-image-preview:large, max-video-preview:-1\" \/>\n<link rel=\"canonical\" href=\"https:\/\/imaginedemain.fr\/index.php\/2014\/12\/04\/notre-module-sest-pose-sur-mars-mais-repond-toujours\/\" \/>\n<meta property=\"og:locale\" content=\"fr_FR\" \/>\n<meta property=\"og:type\" content=\"article\" \/>\n<meta property=\"og:title\" content=\"Notre module s&#039;est pos\u00e9 sur Mars, mais r\u00e9pond toujours. - Imagine demain\" \/>\n<meta property=\"og:description\" content=\"Beaucoup d&rsquo;\u00e9l\u00e9ments diff\u00e9rencient les Andes des Alpes &#8230; mais l&rsquo;un majeur est la pr\u00e9sence de volcans actifs tout au long des Andes. Tr\u00e8s nombreux dans ces r\u00e9gions, il se pr\u00e9sentent sous la forme parfaite du volcan, \u00e0 la \u00ab\u00a0Mont Fuji\u00a0\u00bb, un c\u00f4ne couronn\u00e9 de cr\u00e8me glac\u00e9e. Notre gite face au volcan Osorno, dans la r\u00e9gion [&hellip;]\" \/>\n<meta property=\"og:url\" content=\"https:\/\/imaginedemain.fr\/index.php\/2014\/12\/04\/notre-module-sest-pose-sur-mars-mais-repond-toujours\/\" \/>\n<meta property=\"og:site_name\" content=\"Imagine demain\" \/>\n<meta property=\"article:published_time\" content=\"2014-12-04T01:59:57+00:00\" \/>\n<meta property=\"article:modified_time\" content=\"2017-03-22T15:21:22+00:00\" \/>\n<meta property=\"og:image\" content=\"https:\/\/i0.wp.com\/imaginedemain.fr\/wp-content\/uploads\/2014\/12\/dsc00427.jpg?fit=4592%2C2576&ssl=1\" \/>\n\t<meta property=\"og:image:width\" content=\"4592\" \/>\n\t<meta property=\"og:image:height\" content=\"2576\" \/>\n\t<meta property=\"og:image:type\" content=\"image\/jpeg\" \/>\n<meta name=\"author\" content=\"Philippe\" \/>\n<meta name=\"twitter:card\" content=\"summary_large_image\" \/>\n<meta name=\"twitter:label1\" content=\"\u00c9crit par\" \/>\n\t<meta name=\"twitter:data1\" content=\"Philippe\" \/>\n\t<meta name=\"twitter:label2\" content=\"Dur\u00e9e de lecture estim\u00e9e\" \/>\n\t<meta name=\"twitter:data2\" content=\"2 minutes\" \/>\n<script type=\"application\/ld+json\" class=\"yoast-schema-graph\">{\"@context\":\"https:\\\/\\\/schema.org\",\"@graph\":[{\"@type\":\"Article\",\"@id\":\"https:\\\/\\\/imaginedemain.fr\\\/index.php\\\/2014\\\/12\\\/04\\\/notre-module-sest-pose-sur-mars-mais-repond-toujours\\\/#article\",\"isPartOf\":{\"@id\":\"https:\\\/\\\/imaginedemain.fr\\\/index.php\\\/2014\\\/12\\\/04\\\/notre-module-sest-pose-sur-mars-mais-repond-toujours\\\/\"},\"author\":{\"name\":\"Philippe\",\"@id\":\"https:\\\/\\\/imaginedemain.fr\\\/#\\\/schema\\\/person\\\/e38f616126180f1f6000edc7daca21ab\"},\"headline\":\"Notre module s&rsquo;est pos\u00e9 sur Mars, mais r\u00e9pond toujours.\",\"datePublished\":\"2014-12-04T01:59:57+00:00\",\"dateModified\":\"2017-03-22T15:21:22+00:00\",\"mainEntityOfPage\":{\"@id\":\"https:\\\/\\\/imaginedemain.fr\\\/index.php\\\/2014\\\/12\\\/04\\\/notre-module-sest-pose-sur-mars-mais-repond-toujours\\\/\"},\"wordCount\":384,\"commentCount\":0,\"image\":{\"@id\":\"https:\\\/\\\/imaginedemain.fr\\\/index.php\\\/2014\\\/12\\\/04\\\/notre-module-sest-pose-sur-mars-mais-repond-toujours\\\/#primaryimage\"},\"thumbnailUrl\":\"https:\\\/\\\/i0.wp.com\\\/imaginedemain.fr\\\/wp-content\\\/uploads\\\/2014\\\/12\\\/dsc00427.jpg?fit=4592%2C2576&ssl=1\",\"keywords\":[\"Chili\"],\"articleSection\":[\"Chili &amp; Argentine\"],\"inLanguage\":\"fr-FR\",\"potentialAction\":[{\"@type\":\"CommentAction\",\"name\":\"Comment\",\"target\":[\"https:\\\/\\\/imaginedemain.fr\\\/index.php\\\/2014\\\/12\\\/04\\\/notre-module-sest-pose-sur-mars-mais-repond-toujours\\\/#respond\"]}]},{\"@type\":\"WebPage\",\"@id\":\"https:\\\/\\\/imaginedemain.fr\\\/index.php\\\/2014\\\/12\\\/04\\\/notre-module-sest-pose-sur-mars-mais-repond-toujours\\\/\",\"url\":\"https:\\\/\\\/imaginedemain.fr\\\/index.php\\\/2014\\\/12\\\/04\\\/notre-module-sest-pose-sur-mars-mais-repond-toujours\\\/\",\"name\":\"Notre module s'est pos\u00e9 sur Mars, mais r\u00e9pond toujours. - Imagine demain\",\"isPartOf\":{\"@id\":\"https:\\\/\\\/imaginedemain.fr\\\/#website\"},\"primaryImageOfPage\":{\"@id\":\"https:\\\/\\\/imaginedemain.fr\\\/index.php\\\/2014\\\/12\\\/04\\\/notre-module-sest-pose-sur-mars-mais-repond-toujours\\\/#primaryimage\"},\"image\":{\"@id\":\"https:\\\/\\\/imaginedemain.fr\\\/index.php\\\/2014\\\/12\\\/04\\\/notre-module-sest-pose-sur-mars-mais-repond-toujours\\\/#primaryimage\"},\"thumbnailUrl\":\"https:\\\/\\\/i0.wp.com\\\/imaginedemain.fr\\\/wp-content\\\/uploads\\\/2014\\\/12\\\/dsc00427.jpg?fit=4592%2C2576&ssl=1\",\"datePublished\":\"2014-12-04T01:59:57+00:00\",\"dateModified\":\"2017-03-22T15:21:22+00:00\",\"author\":{\"@id\":\"https:\\\/\\\/imaginedemain.fr\\\/#\\\/schema\\\/person\\\/e38f616126180f1f6000edc7daca21ab\"},\"breadcrumb\":{\"@id\":\"https:\\\/\\\/imaginedemain.fr\\\/index.php\\\/2014\\\/12\\\/04\\\/notre-module-sest-pose-sur-mars-mais-repond-toujours\\\/#breadcrumb\"},\"inLanguage\":\"fr-FR\",\"potentialAction\":[{\"@type\":\"ReadAction\",\"target\":[\"https:\\\/\\\/imaginedemain.fr\\\/index.php\\\/2014\\\/12\\\/04\\\/notre-module-sest-pose-sur-mars-mais-repond-toujours\\\/\"]}]},{\"@type\":\"ImageObject\",\"inLanguage\":\"fr-FR\",\"@id\":\"https:\\\/\\\/imaginedemain.fr\\\/index.php\\\/2014\\\/12\\\/04\\\/notre-module-sest-pose-sur-mars-mais-repond-toujours\\\/#primaryimage\",\"url\":\"https:\\\/\\\/i0.wp.com\\\/imaginedemain.fr\\\/wp-content\\\/uploads\\\/2014\\\/12\\\/dsc00427.jpg?fit=4592%2C2576&ssl=1\",\"contentUrl\":\"https:\\\/\\\/i0.wp.com\\\/imaginedemain.fr\\\/wp-content\\\/uploads\\\/2014\\\/12\\\/dsc00427.jpg?fit=4592%2C2576&ssl=1\",\"width\":4592,\"height\":2576},{\"@type\":\"BreadcrumbList\",\"@id\":\"https:\\\/\\\/imaginedemain.fr\\\/index.php\\\/2014\\\/12\\\/04\\\/notre-module-sest-pose-sur-mars-mais-repond-toujours\\\/#breadcrumb\",\"itemListElement\":[{\"@type\":\"ListItem\",\"position\":1,\"name\":\"Accueil\",\"item\":\"https:\\\/\\\/imaginedemain.fr\\\/\"},{\"@type\":\"ListItem\",\"position\":2,\"name\":\"Notre module s&#8217;est pos\u00e9 sur Mars, mais r\u00e9pond toujours.\"}]},{\"@type\":\"WebSite\",\"@id\":\"https:\\\/\\\/imaginedemain.fr\\\/#website\",\"url\":\"https:\\\/\\\/imaginedemain.fr\\\/\",\"name\":\"Imagine demain\",\"description\":\"\",\"potentialAction\":[{\"@type\":\"SearchAction\",\"target\":{\"@type\":\"EntryPoint\",\"urlTemplate\":\"https:\\\/\\\/imaginedemain.fr\\\/?s={search_term_string}\"},\"query-input\":{\"@type\":\"PropertyValueSpecification\",\"valueRequired\":true,\"valueName\":\"search_term_string\"}}],\"inLanguage\":\"fr-FR\"},{\"@type\":\"Person\",\"@id\":\"https:\\\/\\\/imaginedemain.fr\\\/#\\\/schema\\\/person\\\/e38f616126180f1f6000edc7daca21ab\",\"name\":\"Philippe\",\"image\":{\"@type\":\"ImageObject\",\"inLanguage\":\"fr-FR\",\"@id\":\"https:\\\/\\\/secure.gravatar.com\\\/avatar\\\/69f59b5b22630ea786677085abd0e3dc50190e58bc7ca3c50bd640bfaf2456a4?s=96&d=blank&r=g\",\"url\":\"https:\\\/\\\/secure.gravatar.com\\\/avatar\\\/69f59b5b22630ea786677085abd0e3dc50190e58bc7ca3c50bd640bfaf2456a4?s=96&d=blank&r=g\",\"contentUrl\":\"https:\\\/\\\/secure.gravatar.com\\\/avatar\\\/69f59b5b22630ea786677085abd0e3dc50190e58bc7ca3c50bd640bfaf2456a4?s=96&d=blank&r=g\",\"caption\":\"Philippe\"},\"sameAs\":[\"http:\\\/\\\/imaginedemain.fr\\\/\"],\"url\":\"https:\\\/\\\/imaginedemain.fr\\\/index.php\\\/author\\\/admin4809\\\/\"}]}<\/script>\n<!-- \/ Yoast SEO plugin. -->","yoast_head_json":{"title":"Notre module s'est pos\u00e9 sur Mars, mais r\u00e9pond toujours. - Imagine demain","robots":{"index":"index","follow":"follow","max-snippet":"max-snippet:-1","max-image-preview":"max-image-preview:large","max-video-preview":"max-video-preview:-1"},"canonical":"https:\/\/imaginedemain.fr\/index.php\/2014\/12\/04\/notre-module-sest-pose-sur-mars-mais-repond-toujours\/","og_locale":"fr_FR","og_type":"article","og_title":"Notre module s'est pos\u00e9 sur Mars, mais r\u00e9pond toujours. - Imagine demain","og_description":"Beaucoup d&rsquo;\u00e9l\u00e9ments diff\u00e9rencient les Andes des Alpes &#8230; mais l&rsquo;un majeur est la pr\u00e9sence de volcans actifs tout au long des Andes. Tr\u00e8s nombreux dans ces r\u00e9gions, il se pr\u00e9sentent sous la forme parfaite du volcan, \u00e0 la \u00ab\u00a0Mont Fuji\u00a0\u00bb, un c\u00f4ne couronn\u00e9 de cr\u00e8me glac\u00e9e. Notre gite face au volcan Osorno, dans la r\u00e9gion [&hellip;]","og_url":"https:\/\/imaginedemain.fr\/index.php\/2014\/12\/04\/notre-module-sest-pose-sur-mars-mais-repond-toujours\/","og_site_name":"Imagine demain","article_published_time":"2014-12-04T01:59:57+00:00","article_modified_time":"2017-03-22T15:21:22+00:00","og_image":[{"width":4592,"height":2576,"url":"https:\/\/i0.wp.com\/imaginedemain.fr\/wp-content\/uploads\/2014\/12\/dsc00427.jpg?fit=4592%2C2576&ssl=1","type":"image\/jpeg"}],"author":"Philippe","twitter_card":"summary_large_image","twitter_misc":{"\u00c9crit par":"Philippe","Dur\u00e9e de lecture estim\u00e9e":"2 minutes"},"schema":{"@context":"https:\/\/schema.org","@graph":[{"@type":"Article","@id":"https:\/\/imaginedemain.fr\/index.php\/2014\/12\/04\/notre-module-sest-pose-sur-mars-mais-repond-toujours\/#article","isPartOf":{"@id":"https:\/\/imaginedemain.fr\/index.php\/2014\/12\/04\/notre-module-sest-pose-sur-mars-mais-repond-toujours\/"},"author":{"name":"Philippe","@id":"https:\/\/imaginedemain.fr\/#\/schema\/person\/e38f616126180f1f6000edc7daca21ab"},"headline":"Notre module s&rsquo;est pos\u00e9 sur Mars, mais r\u00e9pond toujours.","datePublished":"2014-12-04T01:59:57+00:00","dateModified":"2017-03-22T15:21:22+00:00","mainEntityOfPage":{"@id":"https:\/\/imaginedemain.fr\/index.php\/2014\/12\/04\/notre-module-sest-pose-sur-mars-mais-repond-toujours\/"},"wordCount":384,"commentCount":0,"image":{"@id":"https:\/\/imaginedemain.fr\/index.php\/2014\/12\/04\/notre-module-sest-pose-sur-mars-mais-repond-toujours\/#primaryimage"},"thumbnailUrl":"https:\/\/i0.wp.com\/imaginedemain.fr\/wp-content\/uploads\/2014\/12\/dsc00427.jpg?fit=4592%2C2576&ssl=1","keywords":["Chili"],"articleSection":["Chili &amp; Argentine"],"inLanguage":"fr-FR","potentialAction":[{"@type":"CommentAction","name":"Comment","target":["https:\/\/imaginedemain.fr\/index.php\/2014\/12\/04\/notre-module-sest-pose-sur-mars-mais-repond-toujours\/#respond"]}]},{"@type":"WebPage","@id":"https:\/\/imaginedemain.fr\/index.php\/2014\/12\/04\/notre-module-sest-pose-sur-mars-mais-repond-toujours\/","url":"https:\/\/imaginedemain.fr\/index.php\/2014\/12\/04\/notre-module-sest-pose-sur-mars-mais-repond-toujours\/","name":"Notre module s'est pos\u00e9 sur Mars, mais r\u00e9pond toujours. - Imagine demain","isPartOf":{"@id":"https:\/\/imaginedemain.fr\/#website"},"primaryImageOfPage":{"@id":"https:\/\/imaginedemain.fr\/index.php\/2014\/12\/04\/notre-module-sest-pose-sur-mars-mais-repond-toujours\/#primaryimage"},"image":{"@id":"https:\/\/imaginedemain.fr\/index.php\/2014\/12\/04\/notre-module-sest-pose-sur-mars-mais-repond-toujours\/#primaryimage"},"thumbnailUrl":"https:\/\/i0.wp.com\/imaginedemain.fr\/wp-content\/uploads\/2014\/12\/dsc00427.jpg?fit=4592%2C2576&ssl=1","datePublished":"2014-12-04T01:59:57+00:00","dateModified":"2017-03-22T15:21:22+00:00","author":{"@id":"https:\/\/imaginedemain.fr\/#\/schema\/person\/e38f616126180f1f6000edc7daca21ab"},"breadcrumb":{"@id":"https:\/\/imaginedemain.fr\/index.php\/2014\/12\/04\/notre-module-sest-pose-sur-mars-mais-repond-toujours\/#breadcrumb"},"inLanguage":"fr-FR","potentialAction":[{"@type":"ReadAction","target":["https:\/\/imaginedemain.fr\/index.php\/2014\/12\/04\/notre-module-sest-pose-sur-mars-mais-repond-toujours\/"]}]},{"@type":"ImageObject","inLanguage":"fr-FR","@id":"https:\/\/imaginedemain.fr\/index.php\/2014\/12\/04\/notre-module-sest-pose-sur-mars-mais-repond-toujours\/#primaryimage","url":"https:\/\/i0.wp.com\/imaginedemain.fr\/wp-content\/uploads\/2014\/12\/dsc00427.jpg?fit=4592%2C2576&ssl=1","contentUrl":"https:\/\/i0.wp.com\/imaginedemain.fr\/wp-content\/uploads\/2014\/12\/dsc00427.jpg?fit=4592%2C2576&ssl=1","width":4592,"height":2576},{"@type":"BreadcrumbList","@id":"https:\/\/imaginedemain.fr\/index.php\/2014\/12\/04\/notre-module-sest-pose-sur-mars-mais-repond-toujours\/#breadcrumb","itemListElement":[{"@type":"ListItem","position":1,"name":"Accueil","item":"https:\/\/imaginedemain.fr\/"},{"@type":"ListItem","position":2,"name":"Notre module s&#8217;est pos\u00e9 sur Mars, mais r\u00e9pond toujours."}]},{"@type":"WebSite","@id":"https:\/\/imaginedemain.fr\/#website","url":"https:\/\/imaginedemain.fr\/","name":"Imagine demain","description":"","potentialAction":[{"@type":"SearchAction","target":{"@type":"EntryPoint","urlTemplate":"https:\/\/imaginedemain.fr\/?s={search_term_string}"},"query-input":{"@type":"PropertyValueSpecification","valueRequired":true,"valueName":"search_term_string"}}],"inLanguage":"fr-FR"},{"@type":"Person","@id":"https:\/\/imaginedemain.fr\/#\/schema\/person\/e38f616126180f1f6000edc7daca21ab","name":"Philippe","image":{"@type":"ImageObject","inLanguage":"fr-FR","@id":"https:\/\/secure.gravatar.com\/avatar\/69f59b5b22630ea786677085abd0e3dc50190e58bc7ca3c50bd640bfaf2456a4?s=96&d=blank&r=g","url":"https:\/\/secure.gravatar.com\/avatar\/69f59b5b22630ea786677085abd0e3dc50190e58bc7ca3c50bd640bfaf2456a4?s=96&d=blank&r=g","contentUrl":"https:\/\/secure.gravatar.com\/avatar\/69f59b5b22630ea786677085abd0e3dc50190e58bc7ca3c50bd640bfaf2456a4?s=96&d=blank&r=g","caption":"Philippe"},"sameAs":["http:\/\/imaginedemain.fr\/"],"url":"https:\/\/imaginedemain.fr\/index.php\/author\/admin4809\/"}]}},"jetpack_publicize_connections":[],"jetpack_featured_media_url":"https:\/\/i0.wp.com\/imaginedemain.fr\/wp-content\/uploads\/2014\/12\/dsc00427.jpg?fit=4592%2C2576&ssl=1","jetpack_shortlink":"https:\/\/wp.me\/p8tuMH-1G","jetpack-related-posts":[{"id":1233,"url":"https:\/\/imaginedemain.fr\/index.php\/2017\/03\/17\/fuerteventura-la-venteuse-laventureuse\/","url_meta":{"origin":104,"position":0},"title":"Fuerteventura, la venteuse, l\u2019aventureuse","author":"Philippe","date":"17 mars 2017","format":false,"excerpt":"S\u00e9par\u00e9e de Lanzarote par un d\u00e9troit d\u2019une douzaine de kilom\u00e8tres seulement, \u00e9loign\u00e9e de l\u2019Afrique d\u2019une centaine, Fuerteventura,\u00a0 l\u2019ile du \u00ab\u00a0vent fort\u00a0\u00bb n\u2019usurpe pas son nom. Les nombreux moulins \u00e0 vent d\u2019un joli style campagnard, ancr\u00e9s dans un paysage fi\u00e8rement aride, nous en fournissent un indice d\u00e8s le premier jour. La\u2026","rel":"","context":"Dans &quot;Canaries&quot;","block_context":{"text":"Canaries","link":"https:\/\/imaginedemain.fr\/index.php\/category\/canaries\/"},"img":{"alt_text":"","src":"https:\/\/i0.wp.com\/imaginedemain.fr\/wp-content\/uploads\/2017\/03\/fuerteventura-comp-13.jpg?fit=1200%2C900&ssl=1&resize=350%2C200","width":350,"height":200,"srcset":"https:\/\/i0.wp.com\/imaginedemain.fr\/wp-content\/uploads\/2017\/03\/fuerteventura-comp-13.jpg?fit=1200%2C900&ssl=1&resize=350%2C200 1x, https:\/\/i0.wp.com\/imaginedemain.fr\/wp-content\/uploads\/2017\/03\/fuerteventura-comp-13.jpg?fit=1200%2C900&ssl=1&resize=525%2C300 1.5x, https:\/\/i0.wp.com\/imaginedemain.fr\/wp-content\/uploads\/2017\/03\/fuerteventura-comp-13.jpg?fit=1200%2C900&ssl=1&resize=700%2C400 2x, https:\/\/i0.wp.com\/imaginedemain.fr\/wp-content\/uploads\/2017\/03\/fuerteventura-comp-13.jpg?fit=1200%2C900&ssl=1&resize=1050%2C600 3x"},"classes":[]},{"id":5444,"url":"https:\/\/imaginedemain.fr\/index.php\/2020\/02\/20\/au-sommet-de-lamerique-centrale\/","url_meta":{"origin":104,"position":1},"title":"Au sommet de l&rsquo;Am\u00e9rique Centrale","author":"Philippe","date":"20 f\u00e9vrier 2020","format":false,"excerpt":"Nous avons rejoint Quetzaltenango pour deux jours. La ville n'est pas fantastique ... mais c'est un point de d\u00e9part pour deux ascensions, celle du volcan Santa Maria, 3770 m\u00e8tres, et celle du volcan Tajumulco, 4220 m\u00e8tres, point culminant de l'Am\u00e9rique Centrale. Nous enchainons ces deux randonn\u00e9es en deux jours, lever\u2026","rel":"","context":"Dans &quot;Guatemala&quot;","block_context":{"text":"Guatemala","link":"https:\/\/imaginedemain.fr\/index.php\/category\/guatemala\/"},"img":{"alt_text":"","src":"https:\/\/i0.wp.com\/imaginedemain.fr\/wp-content\/uploads\/2020\/02\/DSC06462-scaled.jpg?fit=1200%2C676&ssl=1&resize=350%2C200","width":350,"height":200,"srcset":"https:\/\/i0.wp.com\/imaginedemain.fr\/wp-content\/uploads\/2020\/02\/DSC06462-scaled.jpg?fit=1200%2C676&ssl=1&resize=350%2C200 1x, https:\/\/i0.wp.com\/imaginedemain.fr\/wp-content\/uploads\/2020\/02\/DSC06462-scaled.jpg?fit=1200%2C676&ssl=1&resize=525%2C300 1.5x, https:\/\/i0.wp.com\/imaginedemain.fr\/wp-content\/uploads\/2020\/02\/DSC06462-scaled.jpg?fit=1200%2C676&ssl=1&resize=700%2C400 2x, https:\/\/i0.wp.com\/imaginedemain.fr\/wp-content\/uploads\/2020\/02\/DSC06462-scaled.jpg?fit=1200%2C676&ssl=1&resize=1050%2C600 3x"},"classes":[]},{"id":773,"url":"https:\/\/imaginedemain.fr\/index.php\/2015\/01\/28\/flamants-roses-et-autres-natifs-des-andes-a-la-laguna-brava\/","url_meta":{"origin":104,"position":2},"title":"Flamants roses et autres natifs des Andes \u00e0 la Laguna Brava","author":"Philippe","date":"28 janvier 2015","format":false,"excerpt":"Dans notre grande remont\u00e9e \u00e0 l'est des Andes, nous faisons une halte \u00e0 Villa Union, petit bourg proche du parc Talampaya. Cette \u00e9tape ne nous semblait pas tr\u00e8s prometteuse, mais nous y trouvons enfin un excellent h\u00f4tel, un village accabl\u00e9 de chaleur typ\u00e9 \u00ab\u00a0Il \u00e9tait une fois dans l\u2019Ouest\u00a0\u00bb, entre\u2026","rel":"","context":"Dans &quot;Chili &amp; Argentine&quot;","block_context":{"text":"Chili &amp; Argentine","link":"https:\/\/imaginedemain.fr\/index.php\/category\/chile-y-argentina\/"},"img":{"alt_text":"","src":"https:\/\/i0.wp.com\/imaginedemain.fr\/wp-content\/uploads\/2015\/01\/dsc02955.jpg?fit=1200%2C672&ssl=1&resize=350%2C200","width":350,"height":200,"srcset":"https:\/\/i0.wp.com\/imaginedemain.fr\/wp-content\/uploads\/2015\/01\/dsc02955.jpg?fit=1200%2C672&ssl=1&resize=350%2C200 1x, https:\/\/i0.wp.com\/imaginedemain.fr\/wp-content\/uploads\/2015\/01\/dsc02955.jpg?fit=1200%2C672&ssl=1&resize=525%2C300 1.5x, https:\/\/i0.wp.com\/imaginedemain.fr\/wp-content\/uploads\/2015\/01\/dsc02955.jpg?fit=1200%2C672&ssl=1&resize=700%2C400 2x, https:\/\/i0.wp.com\/imaginedemain.fr\/wp-content\/uploads\/2015\/01\/dsc02955.jpg?fit=1200%2C672&ssl=1&resize=1050%2C600 3x"},"classes":[]},{"id":859,"url":"https:\/\/imaginedemain.fr\/index.php\/2015\/02\/12\/dernieres-nouvelles-datacama\/","url_meta":{"origin":104,"position":3},"title":"Derni\u00e8res nouvelles d&rsquo;Atacama","author":"Philippe","date":"12 f\u00e9vrier 2015","format":false,"excerpt":"Nos aventures argentines termin\u00e9es, nous voici de retour au Chili par la route qui relie Pumarmarca au nord de l\u2019Argentine \u00e0 San Pedro de Atacama au Chili. Cinq cents kilom\u00e8tres de route en tr\u00e8s haute altitude, franchissant la fronti\u00e8re au Paso de Jama \u00e0 4300 m\u00e8tres. Sept guichets de contr\u00f4le\u2026","rel":"","context":"Dans &quot;Chili &amp; Argentine&quot;","block_context":{"text":"Chili &amp; Argentine","link":"https:\/\/imaginedemain.fr\/index.php\/category\/chile-y-argentina\/"},"img":{"alt_text":"","src":"https:\/\/i0.wp.com\/imaginedemain.fr\/wp-content\/uploads\/2015\/02\/dsc03604.jpg?fit=1200%2C673&ssl=1&resize=350%2C200","width":350,"height":200,"srcset":"https:\/\/i0.wp.com\/imaginedemain.fr\/wp-content\/uploads\/2015\/02\/dsc03604.jpg?fit=1200%2C673&ssl=1&resize=350%2C200 1x, https:\/\/i0.wp.com\/imaginedemain.fr\/wp-content\/uploads\/2015\/02\/dsc03604.jpg?fit=1200%2C673&ssl=1&resize=525%2C300 1.5x, https:\/\/i0.wp.com\/imaginedemain.fr\/wp-content\/uploads\/2015\/02\/dsc03604.jpg?fit=1200%2C673&ssl=1&resize=700%2C400 2x, https:\/\/i0.wp.com\/imaginedemain.fr\/wp-content\/uploads\/2015\/02\/dsc03604.jpg?fit=1200%2C673&ssl=1&resize=1050%2C600 3x"},"classes":[]},{"id":5410,"url":"https:\/\/imaginedemain.fr\/index.php\/2020\/02\/16\/premieres-impressions-du-guatemala\/","url_meta":{"origin":104,"position":4},"title":"Premi\u00e8res impressions du Guatemala","author":"Philippe","date":"16 f\u00e9vrier 2020","format":false,"excerpt":"Difficile de trouver une vue plus majestueuse que celle que nous offre aujourd\u2019hui le lac Atitlan. Enserr\u00e9 dans une vaste barri\u00e8re montagneuse, que dominent trois volcans id\u00e9alement coniques, ses eaux azur renvoient la couleur d\u2019un ciel parfaitement d\u00e9gag\u00e9. De loin en loin s\u2019\u00e9tagent des villages aux maisons modestes, inond\u00e9es de\u2026","rel":"","context":"Dans &quot;Guatemala&quot;","block_context":{"text":"Guatemala","link":"https:\/\/imaginedemain.fr\/index.php\/category\/guatemala\/"},"img":{"alt_text":"","src":"https:\/\/i0.wp.com\/imaginedemain.fr\/wp-content\/uploads\/2020\/02\/DSC06320-scaled.jpg?fit=1200%2C676&ssl=1&resize=350%2C200","width":350,"height":200,"srcset":"https:\/\/i0.wp.com\/imaginedemain.fr\/wp-content\/uploads\/2020\/02\/DSC06320-scaled.jpg?fit=1200%2C676&ssl=1&resize=350%2C200 1x, https:\/\/i0.wp.com\/imaginedemain.fr\/wp-content\/uploads\/2020\/02\/DSC06320-scaled.jpg?fit=1200%2C676&ssl=1&resize=525%2C300 1.5x, https:\/\/i0.wp.com\/imaginedemain.fr\/wp-content\/uploads\/2020\/02\/DSC06320-scaled.jpg?fit=1200%2C676&ssl=1&resize=700%2C400 2x, https:\/\/i0.wp.com\/imaginedemain.fr\/wp-content\/uploads\/2020\/02\/DSC06320-scaled.jpg?fit=1200%2C676&ssl=1&resize=1050%2C600 3x"},"classes":[]},{"id":575,"url":"https:\/\/imaginedemain.fr\/index.php\/2015\/01\/15\/detroit-de-magellan-le-mythe\/","url_meta":{"origin":104,"position":5},"title":"D\u00e9troit de Magellan, le mythe","author":"Philippe","date":"15 janvier 2015","format":false,"excerpt":"Apr\u00e8s le Perito Moreno en Argentine, poursuivant toujours plus sud nous revenons au Chili. Cinq guichets \u00e0 franchir et trois bonnes heures au poste fronti\u00e8re. Au cinqui\u00e8me et dernier guichet, un douanier chilien saisit les deux oranges et les deux avocats que nous transportons. Il les p\u00e8se sur un p\u00e8se-h\u00e9ro\u00efne,\u2026","rel":"","context":"Dans &quot;Chili &amp; Argentine&quot;","block_context":{"text":"Chili &amp; Argentine","link":"https:\/\/imaginedemain.fr\/index.php\/category\/chile-y-argentina\/"},"img":{"alt_text":"IMG_1025","src":"https:\/\/phicatgarnier.files.wordpress.com\/2015\/01\/img_1025.jpg?w=350&h=200&crop=1","width":350,"height":200,"srcset":"https:\/\/phicatgarnier.files.wordpress.com\/2015\/01\/img_1025.jpg?w=350&h=200&crop=1 1x, https:\/\/phicatgarnier.files.wordpress.com\/2015\/01\/img_1025.jpg?w=525&h=300&crop=1 1.5x, https:\/\/phicatgarnier.files.wordpress.com\/2015\/01\/img_1025.jpg?w=700&h=400&crop=1 2x"},"classes":[]}],"jetpack_sharing_enabled":true,"_links":{"self":[{"href":"https:\/\/imaginedemain.fr\/index.php\/wp-json\/wp\/v2\/posts\/104","targetHints":{"allow":["GET"]}}],"collection":[{"href":"https:\/\/imaginedemain.fr\/index.php\/wp-json\/wp\/v2\/posts"}],"about":[{"href":"https:\/\/imaginedemain.fr\/index.php\/wp-json\/wp\/v2\/types\/post"}],"author":[{"embeddable":true,"href":"https:\/\/imaginedemain.fr\/index.php\/wp-json\/wp\/v2\/users\/1"}],"replies":[{"embeddable":true,"href":"https:\/\/imaginedemain.fr\/index.php\/wp-json\/wp\/v2\/comments?post=104"}],"version-history":[{"count":1,"href":"https:\/\/imaginedemain.fr\/index.php\/wp-json\/wp\/v2\/posts\/104\/revisions"}],"predecessor-version":[{"id":2143,"href":"https:\/\/imaginedemain.fr\/index.php\/wp-json\/wp\/v2\/posts\/104\/revisions\/2143"}],"wp:featuredmedia":[{"embeddable":true,"href":"https:\/\/imaginedemain.fr\/index.php\/wp-json\/wp\/v2\/media\/1044"}],"wp:attachment":[{"href":"https:\/\/imaginedemain.fr\/index.php\/wp-json\/wp\/v2\/media?parent=104"}],"wp:term":[{"taxonomy":"category","embeddable":true,"href":"https:\/\/imaginedemain.fr\/index.php\/wp-json\/wp\/v2\/categories?post=104"},{"taxonomy":"post_tag","embeddable":true,"href":"https:\/\/imaginedemain.fr\/index.php\/wp-json\/wp\/v2\/tags?post=104"}],"curies":[{"name":"wp","href":"https:\/\/api.w.org\/{rel}","templated":true}]}}