{"id":1101,"date":"2014-12-21T13:54:47","date_gmt":"2014-12-21T12:54:47","guid":{"rendered":"http:\/\/phicatgarnier.wordpress.com\/?p=377"},"modified":"2017-03-22T16:15:32","modified_gmt":"2017-03-22T15:15:32","slug":"carretera-austral","status":"publish","type":"post","link":"https:\/\/imaginedemain.fr\/index.php\/2014\/12\/21\/carretera-austral\/","title":{"rendered":"Carretera austral"},"content":{"rendered":"<p>Nous quittons Chilo\u00e9 apr\u00e8s une derni\u00e8re \u00e9glise et une rencontre avec les p\u00e9cheurs huilliches de la c\u00f4te, qui pratiquent une p\u00eache \u00e0 pied pour le moins sportive.<\/p>\n<p><a href=\"https:\/\/phicatgarnier.files.wordpress.com\/2014\/12\/dsc01532.jpg\"><img data-recalc-dims=\"1\" loading=\"lazy\" decoding=\"async\" data-attachment-id=\"322\" data-permalink=\"https:\/\/imaginedemain.fr\/sony-dsc-144\/\" data-orig-file=\"https:\/\/i0.wp.com\/imaginedemain.fr\/wp-content\/uploads\/2014\/12\/dsc01532.jpg?fit=4592%2C2576&amp;ssl=1\" data-orig-size=\"4592,2576\" data-comments-opened=\"1\" data-image-meta=\"{&quot;aperture&quot;:&quot;9&quot;,&quot;credit&quot;:&quot;&quot;,&quot;camera&quot;:&quot;DSLR-A350&quot;,&quot;caption&quot;:&quot;SONY DSC&quot;,&quot;created_timestamp&quot;:&quot;1418657613&quot;,&quot;copyright&quot;:&quot;&quot;,&quot;focal_length&quot;:&quot;200&quot;,&quot;iso&quot;:&quot;100&quot;,&quot;shutter_speed&quot;:&quot;0.0025&quot;,&quot;title&quot;:&quot;SONY DSC&quot;,&quot;orientation&quot;:&quot;1&quot;}\" data-image-title=\"SONY DSC\" data-image-description=\"\" data-image-caption=\"\" data-large-file=\"https:\/\/i0.wp.com\/imaginedemain.fr\/wp-content\/uploads\/2014\/12\/dsc01532.jpg?fit=600%2C336&amp;ssl=1\" class=\"alignnone size-medium wp-image-322\" src=\"https:\/\/phicatgarnier.files.wordpress.com\/2014\/12\/dsc01532.jpg?w=300&#038;resize=300%2C168\" alt=\"SONY DSC\" width=\"300\" height=\"168\" srcset=\"https:\/\/i0.wp.com\/imaginedemain.fr\/wp-content\/uploads\/2014\/12\/dsc01532.jpg?w=4592&amp;ssl=1 4592w, https:\/\/i0.wp.com\/imaginedemain.fr\/wp-content\/uploads\/2014\/12\/dsc01532.jpg?resize=300%2C168&amp;ssl=1 300w, https:\/\/i0.wp.com\/imaginedemain.fr\/wp-content\/uploads\/2014\/12\/dsc01532.jpg?resize=768%2C431&amp;ssl=1 768w, https:\/\/i0.wp.com\/imaginedemain.fr\/wp-content\/uploads\/2014\/12\/dsc01532.jpg?resize=1024%2C574&amp;ssl=1 1024w, https:\/\/i0.wp.com\/imaginedemain.fr\/wp-content\/uploads\/2014\/12\/dsc01532.jpg?resize=620%2C348&amp;ssl=1 620w, https:\/\/i0.wp.com\/imaginedemain.fr\/wp-content\/uploads\/2014\/12\/dsc01532.jpg?w=1200&amp;ssl=1 1200w, https:\/\/i0.wp.com\/imaginedemain.fr\/wp-content\/uploads\/2014\/12\/dsc01532.jpg?w=1800&amp;ssl=1 1800w\" sizes=\"auto, (max-width: 300px) 100vw, 300px\" \/><\/a><a href=\"https:\/\/phicatgarnier.files.wordpress.com\/2014\/12\/dsc01538.jpg\"><img data-recalc-dims=\"1\" loading=\"lazy\" decoding=\"async\" data-attachment-id=\"323\" data-permalink=\"https:\/\/imaginedemain.fr\/sony-dsc-145\/\" data-orig-file=\"https:\/\/i0.wp.com\/imaginedemain.fr\/wp-content\/uploads\/2014\/12\/dsc01538.jpg?fit=4592%2C2576&amp;ssl=1\" data-orig-size=\"4592,2576\" data-comments-opened=\"1\" data-image-meta=\"{&quot;aperture&quot;:&quot;8&quot;,&quot;credit&quot;:&quot;&quot;,&quot;camera&quot;:&quot;DSLR-A350&quot;,&quot;caption&quot;:&quot;SONY DSC&quot;,&quot;created_timestamp&quot;:&quot;1418657719&quot;,&quot;copyright&quot;:&quot;&quot;,&quot;focal_length&quot;:&quot;250&quot;,&quot;iso&quot;:&quot;100&quot;,&quot;shutter_speed&quot;:&quot;0.002&quot;,&quot;title&quot;:&quot;SONY DSC&quot;,&quot;orientation&quot;:&quot;1&quot;}\" data-image-title=\"SONY DSC\" data-image-description=\"\" data-image-caption=\"\" data-large-file=\"https:\/\/i0.wp.com\/imaginedemain.fr\/wp-content\/uploads\/2014\/12\/dsc01538.jpg?fit=600%2C336&amp;ssl=1\" class=\"alignnone size-medium wp-image-323\" src=\"https:\/\/phicatgarnier.files.wordpress.com\/2014\/12\/dsc01538.jpg?w=300&#038;resize=300%2C168\" alt=\"SONY DSC\" width=\"300\" height=\"168\" srcset=\"https:\/\/i0.wp.com\/imaginedemain.fr\/wp-content\/uploads\/2014\/12\/dsc01538.jpg?w=4592&amp;ssl=1 4592w, https:\/\/i0.wp.com\/imaginedemain.fr\/wp-content\/uploads\/2014\/12\/dsc01538.jpg?resize=300%2C168&amp;ssl=1 300w, https:\/\/i0.wp.com\/imaginedemain.fr\/wp-content\/uploads\/2014\/12\/dsc01538.jpg?resize=768%2C431&amp;ssl=1 768w, https:\/\/i0.wp.com\/imaginedemain.fr\/wp-content\/uploads\/2014\/12\/dsc01538.jpg?resize=1024%2C574&amp;ssl=1 1024w, https:\/\/i0.wp.com\/imaginedemain.fr\/wp-content\/uploads\/2014\/12\/dsc01538.jpg?resize=620%2C348&amp;ssl=1 620w, https:\/\/i0.wp.com\/imaginedemain.fr\/wp-content\/uploads\/2014\/12\/dsc01538.jpg?w=1200&amp;ssl=1 1200w, https:\/\/i0.wp.com\/imaginedemain.fr\/wp-content\/uploads\/2014\/12\/dsc01538.jpg?w=1800&amp;ssl=1 1800w\" sizes=\"auto, (max-width: 300px) 100vw, 300px\" \/><\/a><a href=\"https:\/\/phicatgarnier.files.wordpress.com\/2014\/12\/dsc01676.jpg\"><img data-recalc-dims=\"1\" loading=\"lazy\" decoding=\"async\" data-attachment-id=\"343\" data-permalink=\"https:\/\/imaginedemain.fr\/sony-dsc-12\/\" data-orig-file=\"https:\/\/i0.wp.com\/imaginedemain.fr\/wp-content\/uploads\/2017\/01\/dsc00513.jpg?fit=4592%2C2576&amp;ssl=1\" data-orig-size=\"4592,2576\" data-comments-opened=\"1\" data-image-meta=\"{&quot;aperture&quot;:&quot;6.3&quot;,&quot;credit&quot;:&quot;&quot;,&quot;camera&quot;:&quot;DSLR-A350&quot;,&quot;caption&quot;:&quot;SONY DSC&quot;,&quot;created_timestamp&quot;:&quot;1483012022&quot;,&quot;copyright&quot;:&quot;&quot;,&quot;focal_length&quot;:&quot;60&quot;,&quot;iso&quot;:&quot;100&quot;,&quot;shutter_speed&quot;:&quot;0.00625&quot;,&quot;title&quot;:&quot;SONY DSC&quot;,&quot;orientation&quot;:&quot;1&quot;}\" data-image-title=\"\" data-image-description=\"\" data-image-caption=\"\" data-large-file=\"https:\/\/i0.wp.com\/imaginedemain.fr\/wp-content\/uploads\/2017\/01\/dsc00513.jpg?fit=600%2C336&amp;ssl=1\" class=\"alignnone size-medium wp-image-343\" src=\"https:\/\/phicatgarnier.files.wordpress.com\/2014\/12\/dsc01676.jpg?w=300&#038;resize=300%2C168\" alt=\"SONY DSC\" width=\"300\" height=\"168\" \/><\/a><a href=\"https:\/\/phicatgarnier.files.wordpress.com\/2014\/12\/dsc01099.jpg\"><img data-recalc-dims=\"1\" loading=\"lazy\" decoding=\"async\" data-attachment-id=\"315\" data-permalink=\"https:\/\/imaginedemain.fr\/sony-dsc-137\/\" data-orig-file=\"https:\/\/i0.wp.com\/imaginedemain.fr\/wp-content\/uploads\/2014\/12\/dsc01099.jpg?fit=4592%2C2576&amp;ssl=1\" data-orig-size=\"4592,2576\" data-comments-opened=\"1\" data-image-meta=\"{&quot;aperture&quot;:&quot;10&quot;,&quot;credit&quot;:&quot;&quot;,&quot;camera&quot;:&quot;DSLR-A350&quot;,&quot;caption&quot;:&quot;SONY DSC&quot;,&quot;created_timestamp&quot;:&quot;1418229471&quot;,&quot;copyright&quot;:&quot;&quot;,&quot;focal_length&quot;:&quot;20&quot;,&quot;iso&quot;:&quot;100&quot;,&quot;shutter_speed&quot;:&quot;0.008&quot;,&quot;title&quot;:&quot;SONY DSC&quot;,&quot;orientation&quot;:&quot;1&quot;}\" data-image-title=\"SONY DSC\" data-image-description=\"\" data-image-caption=\"\" data-large-file=\"https:\/\/i0.wp.com\/imaginedemain.fr\/wp-content\/uploads\/2014\/12\/dsc01099.jpg?fit=600%2C336&amp;ssl=1\" class=\"alignnone size-medium wp-image-315\" src=\"https:\/\/phicatgarnier.files.wordpress.com\/2014\/12\/dsc01099.jpg?w=300&#038;resize=300%2C168\" alt=\"SONY DSC\" width=\"300\" height=\"168\" srcset=\"https:\/\/i0.wp.com\/imaginedemain.fr\/wp-content\/uploads\/2014\/12\/dsc01099.jpg?w=4592&amp;ssl=1 4592w, https:\/\/i0.wp.com\/imaginedemain.fr\/wp-content\/uploads\/2014\/12\/dsc01099.jpg?resize=300%2C168&amp;ssl=1 300w, https:\/\/i0.wp.com\/imaginedemain.fr\/wp-content\/uploads\/2014\/12\/dsc01099.jpg?resize=768%2C431&amp;ssl=1 768w, https:\/\/i0.wp.com\/imaginedemain.fr\/wp-content\/uploads\/2014\/12\/dsc01099.jpg?resize=1024%2C574&amp;ssl=1 1024w, https:\/\/i0.wp.com\/imaginedemain.fr\/wp-content\/uploads\/2014\/12\/dsc01099.jpg?resize=620%2C348&amp;ssl=1 620w, https:\/\/i0.wp.com\/imaginedemain.fr\/wp-content\/uploads\/2014\/12\/dsc01099.jpg?w=1200&amp;ssl=1 1200w, https:\/\/i0.wp.com\/imaginedemain.fr\/wp-content\/uploads\/2014\/12\/dsc01099.jpg?w=1800&amp;ssl=1 1800w\" sizes=\"auto, (max-width: 300px) 100vw, 300px\" \/><\/a><a href=\"https:\/\/phicatgarnier.files.wordpress.com\/2014\/12\/dsc01682.jpg\"><img data-recalc-dims=\"1\" loading=\"lazy\" decoding=\"async\" data-attachment-id=\"344\" data-permalink=\"https:\/\/imaginedemain.fr\/sony-dsc-13\/\" data-orig-file=\"https:\/\/i0.wp.com\/imaginedemain.fr\/wp-content\/uploads\/2017\/01\/dsc00528.jpg?fit=4592%2C2576&amp;ssl=1\" data-orig-size=\"4592,2576\" data-comments-opened=\"1\" data-image-meta=\"{&quot;aperture&quot;:&quot;9&quot;,&quot;credit&quot;:&quot;&quot;,&quot;camera&quot;:&quot;DSLR-A350&quot;,&quot;caption&quot;:&quot;SONY DSC&quot;,&quot;created_timestamp&quot;:&quot;1483012435&quot;,&quot;copyright&quot;:&quot;&quot;,&quot;focal_length&quot;:&quot;50&quot;,&quot;iso&quot;:&quot;100&quot;,&quot;shutter_speed&quot;:&quot;0.008&quot;,&quot;title&quot;:&quot;SONY DSC&quot;,&quot;orientation&quot;:&quot;1&quot;}\" data-image-title=\"\" data-image-description=\"\" data-image-caption=\"\" data-large-file=\"https:\/\/i0.wp.com\/imaginedemain.fr\/wp-content\/uploads\/2017\/01\/dsc00528.jpg?fit=600%2C336&amp;ssl=1\" class=\"alignnone size-medium wp-image-344\" src=\"https:\/\/phicatgarnier.files.wordpress.com\/2014\/12\/dsc01682.jpg?w=300&#038;resize=300%2C168\" alt=\"SONY DSC\" width=\"300\" height=\"168\" \/><\/a><a href=\"https:\/\/phicatgarnier.files.wordpress.com\/2014\/12\/dsc01691.jpg\"><img data-recalc-dims=\"1\" loading=\"lazy\" decoding=\"async\" data-attachment-id=\"346\" data-permalink=\"https:\/\/imaginedemain.fr\/sony-dsc-15\/\" data-orig-file=\"https:\/\/i0.wp.com\/imaginedemain.fr\/wp-content\/uploads\/2017\/01\/dsc00538.jpg?fit=4592%2C2576&amp;ssl=1\" data-orig-size=\"4592,2576\" data-comments-opened=\"1\" data-image-meta=\"{&quot;aperture&quot;:&quot;7.1&quot;,&quot;credit&quot;:&quot;&quot;,&quot;camera&quot;:&quot;DSLR-A350&quot;,&quot;caption&quot;:&quot;SONY DSC&quot;,&quot;created_timestamp&quot;:&quot;1483013729&quot;,&quot;copyright&quot;:&quot;&quot;,&quot;focal_length&quot;:&quot;40&quot;,&quot;iso&quot;:&quot;100&quot;,&quot;shutter_speed&quot;:&quot;0.01&quot;,&quot;title&quot;:&quot;SONY DSC&quot;,&quot;orientation&quot;:&quot;1&quot;}\" data-image-title=\"\" data-image-description=\"\" data-image-caption=\"\" data-large-file=\"https:\/\/i0.wp.com\/imaginedemain.fr\/wp-content\/uploads\/2017\/01\/dsc00538.jpg?fit=600%2C336&amp;ssl=1\" class=\"alignnone size-medium wp-image-346\" src=\"https:\/\/phicatgarnier.files.wordpress.com\/2014\/12\/dsc01691.jpg?w=300&#038;resize=300%2C168\" alt=\"SONY DSC\" width=\"300\" height=\"168\" \/><\/a><a href=\"https:\/\/phicatgarnier.files.wordpress.com\/2014\/12\/dsc01577.jpg\"><img data-recalc-dims=\"1\" loading=\"lazy\" decoding=\"async\" data-attachment-id=\"328\" data-permalink=\"https:\/\/imaginedemain.fr\/sony-dsc-150\/\" data-orig-file=\"https:\/\/i0.wp.com\/imaginedemain.fr\/wp-content\/uploads\/2014\/12\/dsc01577.jpg?fit=4592%2C2576&amp;ssl=1\" data-orig-size=\"4592,2576\" data-comments-opened=\"1\" data-image-meta=\"{&quot;aperture&quot;:&quot;6.3&quot;,&quot;credit&quot;:&quot;&quot;,&quot;camera&quot;:&quot;DSLR-A350&quot;,&quot;caption&quot;:&quot;SONY DSC&quot;,&quot;created_timestamp&quot;:&quot;1418660540&quot;,&quot;copyright&quot;:&quot;&quot;,&quot;focal_length&quot;:&quot;230&quot;,&quot;iso&quot;:&quot;100&quot;,&quot;shutter_speed&quot;:&quot;0.0015625&quot;,&quot;title&quot;:&quot;SONY DSC&quot;,&quot;orientation&quot;:&quot;1&quot;}\" data-image-title=\"SONY DSC\" data-image-description=\"\" data-image-caption=\"\" data-large-file=\"https:\/\/i0.wp.com\/imaginedemain.fr\/wp-content\/uploads\/2014\/12\/dsc01577.jpg?fit=600%2C336&amp;ssl=1\" class=\"alignnone size-medium wp-image-328\" src=\"https:\/\/phicatgarnier.files.wordpress.com\/2014\/12\/dsc01577.jpg?w=300&#038;resize=300%2C168\" alt=\"SONY DSC\" width=\"300\" height=\"168\" srcset=\"https:\/\/i0.wp.com\/imaginedemain.fr\/wp-content\/uploads\/2014\/12\/dsc01577.jpg?w=4592&amp;ssl=1 4592w, https:\/\/i0.wp.com\/imaginedemain.fr\/wp-content\/uploads\/2014\/12\/dsc01577.jpg?resize=300%2C168&amp;ssl=1 300w, https:\/\/i0.wp.com\/imaginedemain.fr\/wp-content\/uploads\/2014\/12\/dsc01577.jpg?resize=768%2C431&amp;ssl=1 768w, https:\/\/i0.wp.com\/imaginedemain.fr\/wp-content\/uploads\/2014\/12\/dsc01577.jpg?resize=1024%2C574&amp;ssl=1 1024w, https:\/\/i0.wp.com\/imaginedemain.fr\/wp-content\/uploads\/2014\/12\/dsc01577.jpg?resize=620%2C348&amp;ssl=1 620w, https:\/\/i0.wp.com\/imaginedemain.fr\/wp-content\/uploads\/2014\/12\/dsc01577.jpg?w=1200&amp;ssl=1 1200w, https:\/\/i0.wp.com\/imaginedemain.fr\/wp-content\/uploads\/2014\/12\/dsc01577.jpg?w=1800&amp;ssl=1 1800w\" sizes=\"auto, (max-width: 300px) 100vw, 300px\" \/><\/a><a href=\"https:\/\/phicatgarnier.files.wordpress.com\/2014\/12\/dsc01629.jpg\"><img data-recalc-dims=\"1\" loading=\"lazy\" decoding=\"async\" data-attachment-id=\"339\" data-permalink=\"https:\/\/imaginedemain.fr\/sony-dsc-161\/\" data-orig-file=\"https:\/\/i0.wp.com\/imaginedemain.fr\/wp-content\/uploads\/2014\/12\/dsc01629.jpg?fit=4592%2C2576&amp;ssl=1\" data-orig-size=\"4592,2576\" data-comments-opened=\"1\" data-image-meta=\"{&quot;aperture&quot;:&quot;10&quot;,&quot;credit&quot;:&quot;&quot;,&quot;camera&quot;:&quot;DSLR-A350&quot;,&quot;caption&quot;:&quot;SONY DSC&quot;,&quot;created_timestamp&quot;:&quot;1418670995&quot;,&quot;copyright&quot;:&quot;&quot;,&quot;focal_length&quot;:&quot;200&quot;,&quot;iso&quot;:&quot;100&quot;,&quot;shutter_speed&quot;:&quot;0.0025&quot;,&quot;title&quot;:&quot;SONY DSC&quot;,&quot;orientation&quot;:&quot;1&quot;}\" data-image-title=\"SONY DSC\" data-image-description=\"\" data-image-caption=\"\" data-large-file=\"https:\/\/i0.wp.com\/imaginedemain.fr\/wp-content\/uploads\/2014\/12\/dsc01629.jpg?fit=600%2C336&amp;ssl=1\" class=\"alignnone size-medium wp-image-339\" src=\"https:\/\/phicatgarnier.files.wordpress.com\/2014\/12\/dsc01629.jpg?w=300&#038;resize=300%2C168\" alt=\"SONY DSC\" width=\"300\" height=\"168\" srcset=\"https:\/\/i0.wp.com\/imaginedemain.fr\/wp-content\/uploads\/2014\/12\/dsc01629.jpg?w=4592&amp;ssl=1 4592w, https:\/\/i0.wp.com\/imaginedemain.fr\/wp-content\/uploads\/2014\/12\/dsc01629.jpg?resize=300%2C168&amp;ssl=1 300w, https:\/\/i0.wp.com\/imaginedemain.fr\/wp-content\/uploads\/2014\/12\/dsc01629.jpg?resize=768%2C431&amp;ssl=1 768w, https:\/\/i0.wp.com\/imaginedemain.fr\/wp-content\/uploads\/2014\/12\/dsc01629.jpg?resize=1024%2C574&amp;ssl=1 1024w, https:\/\/i0.wp.com\/imaginedemain.fr\/wp-content\/uploads\/2014\/12\/dsc01629.jpg?resize=620%2C348&amp;ssl=1 620w, https:\/\/i0.wp.com\/imaginedemain.fr\/wp-content\/uploads\/2014\/12\/dsc01629.jpg?w=1200&amp;ssl=1 1200w, https:\/\/i0.wp.com\/imaginedemain.fr\/wp-content\/uploads\/2014\/12\/dsc01629.jpg?w=1800&amp;ssl=1 1800w\" sizes=\"auto, (max-width: 300px) 100vw, 300px\" \/><\/a><a href=\"https:\/\/phicatgarnier.files.wordpress.com\/2014\/12\/dsc01626.jpg\"><img data-recalc-dims=\"1\" loading=\"lazy\" decoding=\"async\" data-attachment-id=\"338\" data-permalink=\"https:\/\/imaginedemain.fr\/sony-dsc-160\/\" data-orig-file=\"https:\/\/i0.wp.com\/imaginedemain.fr\/wp-content\/uploads\/2014\/12\/dsc01626.jpg?fit=4592%2C2576&amp;ssl=1\" data-orig-size=\"4592,2576\" data-comments-opened=\"1\" data-image-meta=\"{&quot;aperture&quot;:&quot;9&quot;,&quot;credit&quot;:&quot;&quot;,&quot;camera&quot;:&quot;DSLR-A350&quot;,&quot;caption&quot;:&quot;SONY DSC&quot;,&quot;created_timestamp&quot;:&quot;1418670817&quot;,&quot;copyright&quot;:&quot;&quot;,&quot;focal_length&quot;:&quot;250&quot;,&quot;iso&quot;:&quot;100&quot;,&quot;shutter_speed&quot;:&quot;0.002&quot;,&quot;title&quot;:&quot;SONY DSC&quot;,&quot;orientation&quot;:&quot;1&quot;}\" data-image-title=\"SONY DSC\" data-image-description=\"\" data-image-caption=\"\" data-large-file=\"https:\/\/i0.wp.com\/imaginedemain.fr\/wp-content\/uploads\/2014\/12\/dsc01626.jpg?fit=600%2C336&amp;ssl=1\" class=\"alignnone size-medium wp-image-338\" src=\"https:\/\/phicatgarnier.files.wordpress.com\/2014\/12\/dsc01626.jpg?w=300&#038;resize=300%2C168\" alt=\"SONY DSC\" width=\"300\" height=\"168\" srcset=\"https:\/\/i0.wp.com\/imaginedemain.fr\/wp-content\/uploads\/2014\/12\/dsc01626.jpg?w=4592&amp;ssl=1 4592w, https:\/\/i0.wp.com\/imaginedemain.fr\/wp-content\/uploads\/2014\/12\/dsc01626.jpg?resize=300%2C168&amp;ssl=1 300w, https:\/\/i0.wp.com\/imaginedemain.fr\/wp-content\/uploads\/2014\/12\/dsc01626.jpg?resize=768%2C431&amp;ssl=1 768w, https:\/\/i0.wp.com\/imaginedemain.fr\/wp-content\/uploads\/2014\/12\/dsc01626.jpg?resize=1024%2C574&amp;ssl=1 1024w, https:\/\/i0.wp.com\/imaginedemain.fr\/wp-content\/uploads\/2014\/12\/dsc01626.jpg?resize=620%2C348&amp;ssl=1 620w, https:\/\/i0.wp.com\/imaginedemain.fr\/wp-content\/uploads\/2014\/12\/dsc01626.jpg?w=1200&amp;ssl=1 1200w, https:\/\/i0.wp.com\/imaginedemain.fr\/wp-content\/uploads\/2014\/12\/dsc01626.jpg?w=1800&amp;ssl=1 1800w\" sizes=\"auto, (max-width: 300px) 100vw, 300px\" \/><\/a><a href=\"https:\/\/phicatgarnier.files.wordpress.com\/2014\/12\/dsc01693.jpg\"><img data-recalc-dims=\"1\" loading=\"lazy\" decoding=\"async\" data-attachment-id=\"347\" data-permalink=\"https:\/\/imaginedemain.fr\/sony-dsc-16\/\" data-orig-file=\"https:\/\/i0.wp.com\/imaginedemain.fr\/wp-content\/uploads\/2017\/01\/dsc00539.jpg?fit=4592%2C2576&amp;ssl=1\" data-orig-size=\"4592,2576\" data-comments-opened=\"1\" data-image-meta=\"{&quot;aperture&quot;:&quot;5&quot;,&quot;credit&quot;:&quot;&quot;,&quot;camera&quot;:&quot;DSLR-A350&quot;,&quot;caption&quot;:&quot;SONY DSC&quot;,&quot;created_timestamp&quot;:&quot;1483013818&quot;,&quot;copyright&quot;:&quot;&quot;,&quot;focal_length&quot;:&quot;40&quot;,&quot;iso&quot;:&quot;100&quot;,&quot;shutter_speed&quot;:&quot;0.01&quot;,&quot;title&quot;:&quot;SONY DSC&quot;,&quot;orientation&quot;:&quot;1&quot;}\" data-image-title=\"\" data-image-description=\"\" data-image-caption=\"\" data-large-file=\"https:\/\/i0.wp.com\/imaginedemain.fr\/wp-content\/uploads\/2017\/01\/dsc00539.jpg?fit=600%2C336&amp;ssl=1\" class=\"alignnone size-medium wp-image-347\" src=\"https:\/\/phicatgarnier.files.wordpress.com\/2014\/12\/dsc01693.jpg?w=300&#038;resize=300%2C168\" alt=\"SONY DSC\" width=\"300\" height=\"168\" \/><\/a><\/p>\n<p>A Quellon nous embarquons avec <em>\u00ab\u00a0Naviera Austral<\/em>\u00a0\u00bb pour Puerto Cisnes o\u00f9 nous aborderons la Patagonie chilienne. Cette partie du Chili, bien que continentale, ne peut \u00eatre atteinte qu\u2019en bateau. Elle est en effet coup\u00e9e au nord comme au sud par des bras de mer ou des fjords tr\u00e8s larges qui s\u2019enfoncent profond\u00e9ment dans les terres.<\/p>\n<p>Notre ferry embarque aujourd\u2019hui des camions tr\u00e8s charg\u00e9s et quelques voitures. Le premier semi-remorque p\u00e9n\u00e8tre en arri\u00e8re dans l\u2019entr\u00e9e \u00e9troite du ferry, en courbe sur le plan inclin\u00e9. Dur\u00e9e de la man\u0153uvre\u00a0: une heure. Belle \u00e9preuve de permis PL. Nous entrons plus simplement. 9 heures du soir, une petite photo souvenir, avec Quellon en arri\u00e8re-plan.<\/p>\n<p><a href=\"https:\/\/phicatgarnier.files.wordpress.com\/2014\/12\/dsc00009.jpg\"><img data-recalc-dims=\"1\" loading=\"lazy\" decoding=\"async\" data-attachment-id=\"354\" data-permalink=\"https:\/\/imaginedemain.fr\/sony-dsc-23\/\" data-orig-file=\"https:\/\/i0.wp.com\/imaginedemain.fr\/wp-content\/uploads\/2017\/01\/dsc00573.jpg?fit=4592%2C2576&amp;ssl=1\" data-orig-size=\"4592,2576\" data-comments-opened=\"1\" data-image-meta=\"{&quot;aperture&quot;:&quot;11&quot;,&quot;credit&quot;:&quot;&quot;,&quot;camera&quot;:&quot;DSLR-A350&quot;,&quot;caption&quot;:&quot;SONY DSC&quot;,&quot;created_timestamp&quot;:&quot;1483017782&quot;,&quot;copyright&quot;:&quot;&quot;,&quot;focal_length&quot;:&quot;60&quot;,&quot;iso&quot;:&quot;100&quot;,&quot;shutter_speed&quot;:&quot;0.005&quot;,&quot;title&quot;:&quot;SONY DSC&quot;,&quot;orientation&quot;:&quot;1&quot;}\" data-image-title=\"\" data-image-description=\"\" data-image-caption=\"\" data-large-file=\"https:\/\/i0.wp.com\/imaginedemain.fr\/wp-content\/uploads\/2017\/01\/dsc00573.jpg?fit=600%2C336&amp;ssl=1\" class=\"alignnone wp-image-354 size-large\" src=\"https:\/\/phicatgarnier.files.wordpress.com\/2014\/12\/dsc00009.jpg?w=640&#038;resize=600%2C337\" alt=\"SONY DSC\" width=\"600\" height=\"337\" \/><\/a><\/p>\n<p><a href=\"https:\/\/phicatgarnier.files.wordpress.com\/2014\/12\/dsc02741.jpg\"><img data-recalc-dims=\"1\" loading=\"lazy\" decoding=\"async\" class=\"alignnone wp-image-368 size-large\" src=\"https:\/\/phicatgarnier.files.wordpress.com\/2014\/12\/dsc02741.jpg?w=640&#038;resize=600%2C338\" alt=\"DSC02741\" width=\"600\" height=\"338\" \/><\/a><\/p>\n<p><a href=\"https:\/\/phicatgarnier.files.wordpress.com\/2014\/12\/dsc02797.jpg\"><img data-recalc-dims=\"1\" loading=\"lazy\" decoding=\"async\" data-attachment-id=\"369\" data-permalink=\"https:\/\/imaginedemain.fr\/index.php\/2017\/01\/03\/jours-tranquilles-en-vallee-daspe\/sony-dsc-36\/\" data-orig-file=\"https:\/\/i0.wp.com\/imaginedemain.fr\/wp-content\/uploads\/2017\/01\/dsc00659.jpg?fit=4592%2C2576&amp;ssl=1\" data-orig-size=\"4592,2576\" data-comments-opened=\"1\" data-image-meta=\"{&quot;aperture&quot;:&quot;6.3&quot;,&quot;credit&quot;:&quot;&quot;,&quot;camera&quot;:&quot;DSLR-A350&quot;,&quot;caption&quot;:&quot;SONY DSC&quot;,&quot;created_timestamp&quot;:&quot;1483032585&quot;,&quot;copyright&quot;:&quot;&quot;,&quot;focal_length&quot;:&quot;24&quot;,&quot;iso&quot;:&quot;100&quot;,&quot;shutter_speed&quot;:&quot;0.0125&quot;,&quot;title&quot;:&quot;SONY DSC&quot;,&quot;orientation&quot;:&quot;1&quot;}\" data-image-title=\"\" data-image-description=\"\" data-image-caption=\"\" data-large-file=\"https:\/\/i0.wp.com\/imaginedemain.fr\/wp-content\/uploads\/2017\/01\/dsc00659.jpg?fit=600%2C336&amp;ssl=1\" class=\"alignnone wp-image-369 size-large\" src=\"https:\/\/phicatgarnier.files.wordpress.com\/2014\/12\/dsc02797.jpg?w=640&#038;resize=600%2C338\" alt=\"DSC02797\" width=\"600\" height=\"338\" \/><\/a><\/p>\n<p><a href=\"https:\/\/phicatgarnier.files.wordpress.com\/2014\/12\/dsc02805.jpg\"><img data-recalc-dims=\"1\" loading=\"lazy\" decoding=\"async\" data-attachment-id=\"370\" data-permalink=\"https:\/\/imaginedemain.fr\/index.php\/2017\/01\/03\/jours-tranquilles-en-vallee-daspe\/sony-dsc-37\/\" data-orig-file=\"https:\/\/i0.wp.com\/imaginedemain.fr\/wp-content\/uploads\/2017\/01\/dsc00668.jpg?fit=4592%2C2576&amp;ssl=1\" data-orig-size=\"4592,2576\" data-comments-opened=\"1\" data-image-meta=\"{&quot;aperture&quot;:&quot;4.5&quot;,&quot;credit&quot;:&quot;&quot;,&quot;camera&quot;:&quot;DSLR-A350&quot;,&quot;caption&quot;:&quot;SONY DSC&quot;,&quot;created_timestamp&quot;:&quot;1483032917&quot;,&quot;copyright&quot;:&quot;&quot;,&quot;focal_length&quot;:&quot;40&quot;,&quot;iso&quot;:&quot;100&quot;,&quot;shutter_speed&quot;:&quot;0.008&quot;,&quot;title&quot;:&quot;SONY DSC&quot;,&quot;orientation&quot;:&quot;1&quot;}\" data-image-title=\"\" data-image-description=\"\" data-image-caption=\"\" data-large-file=\"https:\/\/i0.wp.com\/imaginedemain.fr\/wp-content\/uploads\/2017\/01\/dsc00668.jpg?fit=600%2C336&amp;ssl=1\" class=\"alignnone wp-image-370 size-large\" src=\"https:\/\/phicatgarnier.files.wordpress.com\/2014\/12\/dsc02805.jpg?w=640&#038;resize=600%2C338\" alt=\"DSC02805\" width=\"600\" height=\"338\" \/><\/a><\/p>\n<p>Au petit matin notre bateau navigue dans un d\u00e9dale d\u2019iles et d\u2019ilots. Spectacle rare que ce sillage dans des eaux calmes, sur ce qui para\u00eet \u00eatre un lac cern\u00e9 de montagnes bois\u00e9es. Nous avons de la chance car il fait beau, ce qui est rare en ces parages. A dix heures du matin nous sommes \u00e0 Puerto Cisnes.<\/p>\n<p><a href=\"https:\/\/phicatgarnier.files.wordpress.com\/2014\/12\/img_0876.jpg\"><img data-recalc-dims=\"1\" loading=\"lazy\" decoding=\"async\" data-attachment-id=\"374\" data-permalink=\"https:\/\/imaginedemain.fr\/index.php\/2017\/01\/03\/jours-tranquilles-en-vallee-daspe\/sony-dsc-41\/\" data-orig-file=\"https:\/\/i0.wp.com\/imaginedemain.fr\/wp-content\/uploads\/2017\/01\/dsc00685.jpg?fit=4592%2C2576&amp;ssl=1\" data-orig-size=\"4592,2576\" data-comments-opened=\"1\" data-image-meta=\"{&quot;aperture&quot;:&quot;11&quot;,&quot;credit&quot;:&quot;&quot;,&quot;camera&quot;:&quot;DSLR-A350&quot;,&quot;caption&quot;:&quot;SONY DSC&quot;,&quot;created_timestamp&quot;:&quot;1483101066&quot;,&quot;copyright&quot;:&quot;&quot;,&quot;focal_length&quot;:&quot;35&quot;,&quot;iso&quot;:&quot;100&quot;,&quot;shutter_speed&quot;:&quot;0.008&quot;,&quot;title&quot;:&quot;SONY DSC&quot;,&quot;orientation&quot;:&quot;1&quot;}\" data-image-title=\"\" data-image-description=\"\" data-image-caption=\"\" data-large-file=\"https:\/\/i0.wp.com\/imaginedemain.fr\/wp-content\/uploads\/2017\/01\/dsc00685.jpg?fit=600%2C336&amp;ssl=1\" class=\"alignnone wp-image-374 size-large\" src=\"https:\/\/phicatgarnier.files.wordpress.com\/2014\/12\/img_0876.jpg?w=640&#038;resize=600%2C450\" alt=\"IMG_0876\" width=\"600\" height=\"450\" \/><\/a><\/p>\n<p><a href=\"https:\/\/phicatgarnier.files.wordpress.com\/2014\/12\/img_0899.jpg\"><img data-recalc-dims=\"1\" loading=\"lazy\" decoding=\"async\" data-attachment-id=\"375\" data-permalink=\"https:\/\/imaginedemain.fr\/index.php\/2017\/01\/03\/jours-tranquilles-en-vallee-daspe\/sony-dsc-42\/\" data-orig-file=\"https:\/\/i0.wp.com\/imaginedemain.fr\/wp-content\/uploads\/2017\/01\/dsc00687.jpg?fit=4592%2C2576&amp;ssl=1\" data-orig-size=\"4592,2576\" data-comments-opened=\"1\" data-image-meta=\"{&quot;aperture&quot;:&quot;9&quot;,&quot;credit&quot;:&quot;&quot;,&quot;camera&quot;:&quot;DSLR-A350&quot;,&quot;caption&quot;:&quot;SONY DSC&quot;,&quot;created_timestamp&quot;:&quot;1483101152&quot;,&quot;copyright&quot;:&quot;&quot;,&quot;focal_length&quot;:&quot;24&quot;,&quot;iso&quot;:&quot;100&quot;,&quot;shutter_speed&quot;:&quot;0.005&quot;,&quot;title&quot;:&quot;SONY DSC&quot;,&quot;orientation&quot;:&quot;1&quot;}\" data-image-title=\"\" data-image-description=\"\" data-image-caption=\"&lt;p&gt;SONY DSC&lt;\/p&gt;\n\" data-large-file=\"https:\/\/i0.wp.com\/imaginedemain.fr\/wp-content\/uploads\/2017\/01\/dsc00687.jpg?fit=600%2C336&amp;ssl=1\" class=\"alignnone wp-image-375 size-large\" src=\"https:\/\/phicatgarnier.files.wordpress.com\/2014\/12\/img_0899.jpg?w=640&#038;resize=600%2C450\" alt=\"IMG_0899\" width=\"600\" height=\"450\" \/><\/a><\/p>\n<p><a href=\"https:\/\/phicatgarnier.files.wordpress.com\/2014\/12\/img_0871.jpg\"><img data-recalc-dims=\"1\" loading=\"lazy\" decoding=\"async\" data-attachment-id=\"373\" data-permalink=\"https:\/\/imaginedemain.fr\/index.php\/2017\/01\/03\/jours-tranquilles-en-vallee-daspe\/sony-dsc-40\/\" data-orig-file=\"https:\/\/i0.wp.com\/imaginedemain.fr\/wp-content\/uploads\/2017\/01\/dsc00680.jpg?fit=4592%2C2576&amp;ssl=1\" data-orig-size=\"4592,2576\" data-comments-opened=\"1\" data-image-meta=\"{&quot;aperture&quot;:&quot;9&quot;,&quot;credit&quot;:&quot;Picasa&quot;,&quot;camera&quot;:&quot;DSLR-A350&quot;,&quot;caption&quot;:&quot;SONY DSC&quot;,&quot;created_timestamp&quot;:&quot;1483099679&quot;,&quot;copyright&quot;:&quot;&quot;,&quot;focal_length&quot;:&quot;24&quot;,&quot;iso&quot;:&quot;100&quot;,&quot;shutter_speed&quot;:&quot;0.0025&quot;,&quot;title&quot;:&quot;SONY DSC&quot;,&quot;orientation&quot;:&quot;0&quot;}\" data-image-title=\"\" data-image-description=\"\" data-image-caption=\"\" data-large-file=\"https:\/\/i0.wp.com\/imaginedemain.fr\/wp-content\/uploads\/2017\/01\/dsc00680.jpg?fit=600%2C336&amp;ssl=1\" class=\"alignnone wp-image-373 size-large\" src=\"https:\/\/phicatgarnier.files.wordpress.com\/2014\/12\/img_0871.jpg?w=640&#038;resize=600%2C450\" alt=\"IMG_0871\" width=\"600\" height=\"450\" \/><\/a><\/p>\n<p><a href=\"https:\/\/phicatgarnier.files.wordpress.com\/2014\/12\/dsc02810.jpg\"><img data-recalc-dims=\"1\" loading=\"lazy\" decoding=\"async\" data-attachment-id=\"371\" data-permalink=\"https:\/\/imaginedemain.fr\/index.php\/2017\/01\/03\/jours-tranquilles-en-vallee-daspe\/sony-dsc-38\/\" data-orig-file=\"https:\/\/i0.wp.com\/imaginedemain.fr\/wp-content\/uploads\/2017\/01\/dsc00676.jpg?fit=4592%2C2576&amp;ssl=1\" data-orig-size=\"4592,2576\" data-comments-opened=\"1\" data-image-meta=\"{&quot;aperture&quot;:&quot;9&quot;,&quot;credit&quot;:&quot;&quot;,&quot;camera&quot;:&quot;DSLR-A350&quot;,&quot;caption&quot;:&quot;SONY DSC&quot;,&quot;created_timestamp&quot;:&quot;1483099359&quot;,&quot;copyright&quot;:&quot;&quot;,&quot;focal_length&quot;:&quot;24&quot;,&quot;iso&quot;:&quot;100&quot;,&quot;shutter_speed&quot;:&quot;0.00625&quot;,&quot;title&quot;:&quot;SONY DSC&quot;,&quot;orientation&quot;:&quot;1&quot;}\" data-image-title=\"\" data-image-description=\"\" data-image-caption=\"\" data-large-file=\"https:\/\/i0.wp.com\/imaginedemain.fr\/wp-content\/uploads\/2017\/01\/dsc00676.jpg?fit=600%2C336&amp;ssl=1\" class=\"alignnone wp-image-371 size-large\" src=\"https:\/\/phicatgarnier.files.wordpress.com\/2014\/12\/dsc02810.jpg?w=640&#038;resize=600%2C338\" alt=\"DSC02810\" width=\"600\" height=\"338\" \/><\/a><\/p>\n<p><a href=\"https:\/\/phicatgarnier.files.wordpress.com\/2014\/12\/img_0946.jpg\"><img data-recalc-dims=\"1\" loading=\"lazy\" decoding=\"async\" data-attachment-id=\"376\" data-permalink=\"https:\/\/imaginedemain.fr\/index.php\/2017\/01\/03\/jours-tranquilles-en-vallee-daspe\/sony-dsc-43\/\" data-orig-file=\"https:\/\/i0.wp.com\/imaginedemain.fr\/wp-content\/uploads\/2017\/01\/dsc00694.jpg?fit=4592%2C2576&amp;ssl=1\" data-orig-size=\"4592,2576\" data-comments-opened=\"1\" data-image-meta=\"{&quot;aperture&quot;:&quot;13&quot;,&quot;credit&quot;:&quot;Picasa&quot;,&quot;camera&quot;:&quot;DSLR-A350&quot;,&quot;caption&quot;:&quot;SONY DSC&quot;,&quot;created_timestamp&quot;:&quot;1483103425&quot;,&quot;copyright&quot;:&quot;&quot;,&quot;focal_length&quot;:&quot;70&quot;,&quot;iso&quot;:&quot;100&quot;,&quot;shutter_speed&quot;:&quot;0.005&quot;,&quot;title&quot;:&quot;SONY DSC&quot;,&quot;orientation&quot;:&quot;0&quot;}\" data-image-title=\"\" data-image-description=\"\" data-image-caption=\"\" data-large-file=\"https:\/\/i0.wp.com\/imaginedemain.fr\/wp-content\/uploads\/2017\/01\/dsc00694.jpg?fit=600%2C336&amp;ssl=1\" class=\"alignnone wp-image-376 size-large\" src=\"https:\/\/phicatgarnier.files.wordpress.com\/2014\/12\/img_0946.jpg?w=640&#038;resize=600%2C450\" alt=\"IMG_0946\" width=\"600\" height=\"450\" \/><\/a><\/p>\n<p>Premier jour en Patagonie. Premi\u00e8re partie de p\u00eache \u00e0 la truite dans un cadre idyllique. Au deuxi\u00e8me lancer je remonte une (petite) truite. La suite ne sera pas aussi probante, mais cela se pr\u00e9sente bien.<\/p>\n<p><a href=\"https:\/\/phicatgarnier.files.wordpress.com\/2014\/12\/dsc00015.jpg\"><img data-recalc-dims=\"1\" loading=\"lazy\" decoding=\"async\" data-attachment-id=\"355\" data-permalink=\"https:\/\/imaginedemain.fr\/sony-dsc-24\/\" data-orig-file=\"https:\/\/i0.wp.com\/imaginedemain.fr\/wp-content\/uploads\/2017\/01\/dsc00579.jpg?fit=4592%2C2576&amp;ssl=1\" data-orig-size=\"4592,2576\" data-comments-opened=\"1\" data-image-meta=\"{&quot;aperture&quot;:&quot;8&quot;,&quot;credit&quot;:&quot;Picasa&quot;,&quot;camera&quot;:&quot;DSLR-A350&quot;,&quot;caption&quot;:&quot;SONY DSC&quot;,&quot;created_timestamp&quot;:&quot;1483017996&quot;,&quot;copyright&quot;:&quot;&quot;,&quot;focal_length&quot;:&quot;35&quot;,&quot;iso&quot;:&quot;100&quot;,&quot;shutter_speed&quot;:&quot;0.01&quot;,&quot;title&quot;:&quot;SONY DSC&quot;,&quot;orientation&quot;:&quot;0&quot;}\" data-image-title=\"\" data-image-description=\"\" data-image-caption=\"\" data-large-file=\"https:\/\/i0.wp.com\/imaginedemain.fr\/wp-content\/uploads\/2017\/01\/dsc00579.jpg?fit=600%2C336&amp;ssl=1\" class=\"alignnone wp-image-355 size-large\" src=\"https:\/\/phicatgarnier.files.wordpress.com\/2014\/12\/dsc00015.jpg?w=640&#038;resize=600%2C337\" alt=\"SONY DSC\" width=\"600\" height=\"337\" \/><\/a><\/p>\n<p><a href=\"https:\/\/phicatgarnier.files.wordpress.com\/2014\/12\/dsc00031.jpg\"><img data-recalc-dims=\"1\" loading=\"lazy\" decoding=\"async\" data-attachment-id=\"356\" data-permalink=\"https:\/\/imaginedemain.fr\/sony-dsc-176\/\" data-orig-file=\"https:\/\/i0.wp.com\/imaginedemain.fr\/wp-content\/uploads\/2014\/12\/dsc00031.jpg?fit=4592%2C2576&amp;ssl=1\" data-orig-size=\"4592,2576\" data-comments-opened=\"1\" data-image-meta=\"{&quot;aperture&quot;:&quot;10&quot;,&quot;credit&quot;:&quot;&quot;,&quot;camera&quot;:&quot;DSLR-A350&quot;,&quot;caption&quot;:&quot;SONY DSC&quot;,&quot;created_timestamp&quot;:&quot;1418825680&quot;,&quot;copyright&quot;:&quot;&quot;,&quot;focal_length&quot;:&quot;50&quot;,&quot;iso&quot;:&quot;100&quot;,&quot;shutter_speed&quot;:&quot;0.00625&quot;,&quot;title&quot;:&quot;SONY DSC&quot;,&quot;orientation&quot;:&quot;1&quot;}\" data-image-title=\"SONY DSC\" data-image-description=\"\" data-image-caption=\"\" data-large-file=\"https:\/\/i0.wp.com\/imaginedemain.fr\/wp-content\/uploads\/2014\/12\/dsc00031.jpg?fit=600%2C336&amp;ssl=1\" class=\"alignnone wp-image-356 size-large\" src=\"https:\/\/phicatgarnier.files.wordpress.com\/2014\/12\/dsc00031.jpg?w=640&#038;resize=600%2C337\" alt=\"SONY DSC\" width=\"600\" height=\"337\" srcset=\"https:\/\/i0.wp.com\/imaginedemain.fr\/wp-content\/uploads\/2014\/12\/dsc00031.jpg?w=4592&amp;ssl=1 4592w, https:\/\/i0.wp.com\/imaginedemain.fr\/wp-content\/uploads\/2014\/12\/dsc00031.jpg?resize=300%2C168&amp;ssl=1 300w, https:\/\/i0.wp.com\/imaginedemain.fr\/wp-content\/uploads\/2014\/12\/dsc00031.jpg?resize=768%2C431&amp;ssl=1 768w, https:\/\/i0.wp.com\/imaginedemain.fr\/wp-content\/uploads\/2014\/12\/dsc00031.jpg?resize=1024%2C574&amp;ssl=1 1024w, https:\/\/i0.wp.com\/imaginedemain.fr\/wp-content\/uploads\/2014\/12\/dsc00031.jpg?resize=620%2C348&amp;ssl=1 620w, https:\/\/i0.wp.com\/imaginedemain.fr\/wp-content\/uploads\/2014\/12\/dsc00031.jpg?w=1200&amp;ssl=1 1200w, https:\/\/i0.wp.com\/imaginedemain.fr\/wp-content\/uploads\/2014\/12\/dsc00031.jpg?w=1800&amp;ssl=1 1800w\" sizes=\"auto, (max-width: 600px) 100vw, 600px\" \/><\/a><\/p>\n<p>Le temps se g\u00e2tant quelque peu, nous d\u00e9cidons de reprendre la route du sud et d\u2019entrer sur la mythique \u00ab\u00a0<em>Carretera austral<\/em>\u00a0\u00bb, mythique par sa difficult\u00e9 et par la qualit\u00e9 des paysages travers\u00e9s . Nous avons tout de m\u00eame un peu d\u2019appr\u00e9hension\u00a0!<\/p>\n<p>Le premier contact n\u2019est pas exactement conforme. La route est toute neuve, magnifiquement asphalt\u00e9e et le temps est pourri, pluie et vent violent, on ne voit pas grand-chose. Mais le lendemain apr\u00e8s Villa Cerro Castillo, c\u2019est tout autre chose.<\/p>\n<p>On compl\u00e8te notre r\u00e9servoir d\u2019essence \u00e0 l\u2019\u00e9picerie. Fini le \u00ab\u00a0<em>pavimiento<\/em>\u00a0\u00bb, vive le \u00ab\u00a0<em>ripio<\/em>\u00a0\u00bb. Il n\u2019y a plus que de la piste \u00e0 partir d\u2019ici. On commence \u00e0 voir dans quelle nature nous sommes. Le Cerro Castillo encore embrum\u00e9 est vraiment impressionnant.<\/p>\n<p><a href=\"https:\/\/phicatgarnier.files.wordpress.com\/2014\/12\/dsc02828.jpg\"><img data-recalc-dims=\"1\" loading=\"lazy\" decoding=\"async\" data-attachment-id=\"386\" data-permalink=\"https:\/\/imaginedemain.fr\/index.php\/2017\/01\/03\/jours-tranquilles-en-vallee-daspe\/sony-dsc-53\/\" data-orig-file=\"https:\/\/i0.wp.com\/imaginedemain.fr\/wp-content\/uploads\/2017\/01\/dsc00749.jpg?fit=4592%2C2576&amp;ssl=1\" data-orig-size=\"4592,2576\" data-comments-opened=\"1\" data-image-meta=\"{&quot;aperture&quot;:&quot;22&quot;,&quot;credit&quot;:&quot;&quot;,&quot;camera&quot;:&quot;DSLR-A350&quot;,&quot;caption&quot;:&quot;SONY DSC&quot;,&quot;created_timestamp&quot;:&quot;1483186576&quot;,&quot;copyright&quot;:&quot;&quot;,&quot;focal_length&quot;:&quot;24&quot;,&quot;iso&quot;:&quot;200&quot;,&quot;shutter_speed&quot;:&quot;0.00625&quot;,&quot;title&quot;:&quot;SONY DSC&quot;,&quot;orientation&quot;:&quot;1&quot;}\" data-image-title=\"\" data-image-description=\"\" data-image-caption=\"\" data-large-file=\"https:\/\/i0.wp.com\/imaginedemain.fr\/wp-content\/uploads\/2017\/01\/dsc00749.jpg?fit=600%2C336&amp;ssl=1\" class=\"alignnone wp-image-386\" src=\"https:\/\/phicatgarnier.files.wordpress.com\/2014\/12\/dsc02828.jpg?w=300&#038;resize=319%2C180\" alt=\"DSC02828\" width=\"319\" height=\"180\" \/><\/a>\u00a0\u00a0\u00a0\u00a0 <a href=\"https:\/\/phicatgarnier.files.wordpress.com\/2014\/12\/dsc00046.jpg\"><img data-recalc-dims=\"1\" loading=\"lazy\" decoding=\"async\" data-attachment-id=\"357\" data-permalink=\"https:\/\/imaginedemain.fr\/index.php\/2017\/01\/03\/jours-tranquilles-en-vallee-daspe\/sony-dsc-25\/\" data-orig-file=\"https:\/\/i0.wp.com\/imaginedemain.fr\/wp-content\/uploads\/2017\/01\/dsc00585.jpg?fit=4592%2C2576&amp;ssl=1\" data-orig-size=\"4592,2576\" data-comments-opened=\"1\" data-image-meta=\"{&quot;aperture&quot;:&quot;9&quot;,&quot;credit&quot;:&quot;&quot;,&quot;camera&quot;:&quot;DSLR-A350&quot;,&quot;caption&quot;:&quot;SONY DSC&quot;,&quot;created_timestamp&quot;:&quot;1483018693&quot;,&quot;copyright&quot;:&quot;&quot;,&quot;focal_length&quot;:&quot;24&quot;,&quot;iso&quot;:&quot;100&quot;,&quot;shutter_speed&quot;:&quot;0.008&quot;,&quot;title&quot;:&quot;SONY DSC&quot;,&quot;orientation&quot;:&quot;1&quot;}\" data-image-title=\"\" data-image-description=\"\" data-image-caption=\"\" data-large-file=\"https:\/\/i0.wp.com\/imaginedemain.fr\/wp-content\/uploads\/2017\/01\/dsc00585.jpg?fit=600%2C336&amp;ssl=1\" class=\"alignnone wp-image-357\" src=\"https:\/\/phicatgarnier.files.wordpress.com\/2014\/12\/dsc00046.jpg?w=300&#038;resize=320%2C179\" alt=\"SONY DSC\" width=\"320\" height=\"179\" \/><\/a><\/p>\n<p><a href=\"https:\/\/phicatgarnier.files.wordpress.com\/2014\/12\/dsc00051.jpg\"><img data-recalc-dims=\"1\" loading=\"lazy\" decoding=\"async\" data-attachment-id=\"358\" data-permalink=\"https:\/\/imaginedemain.fr\/index.php\/2017\/01\/03\/jours-tranquilles-en-vallee-daspe\/sony-dsc-26\/\" data-orig-file=\"https:\/\/i0.wp.com\/imaginedemain.fr\/wp-content\/uploads\/2017\/01\/dsc00602.jpg?fit=4592%2C2576&amp;ssl=1\" data-orig-size=\"4592,2576\" data-comments-opened=\"1\" data-image-meta=\"{&quot;aperture&quot;:&quot;9&quot;,&quot;credit&quot;:&quot;&quot;,&quot;camera&quot;:&quot;DSLR-A350&quot;,&quot;caption&quot;:&quot;SONY DSC&quot;,&quot;created_timestamp&quot;:&quot;1483023132&quot;,&quot;copyright&quot;:&quot;&quot;,&quot;focal_length&quot;:&quot;24&quot;,&quot;iso&quot;:&quot;100&quot;,&quot;shutter_speed&quot;:&quot;0.01&quot;,&quot;title&quot;:&quot;SONY DSC&quot;,&quot;orientation&quot;:&quot;1&quot;}\" data-image-title=\"\" data-image-description=\"\" data-image-caption=\"\" data-large-file=\"https:\/\/i0.wp.com\/imaginedemain.fr\/wp-content\/uploads\/2017\/01\/dsc00602.jpg?fit=600%2C336&amp;ssl=1\" class=\"alignnone wp-image-358 size-large\" src=\"https:\/\/phicatgarnier.files.wordpress.com\/2014\/12\/dsc00051.jpg?w=640&#038;resize=600%2C337\" alt=\"SONY DSC\" width=\"600\" height=\"337\" \/><\/a><\/p>\n<p><a href=\"https:\/\/phicatgarnier.files.wordpress.com\/2014\/12\/dsc000761.jpg\"><img data-recalc-dims=\"1\" loading=\"lazy\" decoding=\"async\" data-attachment-id=\"359\" data-permalink=\"https:\/\/imaginedemain.fr\/index.php\/2017\/01\/03\/jours-tranquilles-en-vallee-daspe\/sony-dsc-27\/\" data-orig-file=\"https:\/\/i0.wp.com\/imaginedemain.fr\/wp-content\/uploads\/2017\/01\/dsc00604.jpg?fit=4592%2C2576&amp;ssl=1\" data-orig-size=\"4592,2576\" data-comments-opened=\"1\" data-image-meta=\"{&quot;aperture&quot;:&quot;9&quot;,&quot;credit&quot;:&quot;&quot;,&quot;camera&quot;:&quot;DSLR-A350&quot;,&quot;caption&quot;:&quot;SONY DSC&quot;,&quot;created_timestamp&quot;:&quot;1483023323&quot;,&quot;copyright&quot;:&quot;&quot;,&quot;focal_length&quot;:&quot;55&quot;,&quot;iso&quot;:&quot;100&quot;,&quot;shutter_speed&quot;:&quot;0.00625&quot;,&quot;title&quot;:&quot;SONY DSC&quot;,&quot;orientation&quot;:&quot;1&quot;}\" data-image-title=\"\" data-image-description=\"\" data-image-caption=\"\" data-large-file=\"https:\/\/i0.wp.com\/imaginedemain.fr\/wp-content\/uploads\/2017\/01\/dsc00604.jpg?fit=600%2C336&amp;ssl=1\" class=\"alignnone wp-image-359 size-large\" src=\"https:\/\/phicatgarnier.files.wordpress.com\/2014\/12\/dsc000761.jpg?w=640&#038;resize=600%2C337\" alt=\"SONY DSC\" width=\"600\" height=\"337\" \/><\/a><\/p>\n<p>Le vent est violent et le temps instable, mais on y voit bien avec la lumi\u00e8re de ce front froid. Des cours d\u2019eau aux couleur \u00e9tranges, torrents ravageurs ou deltas sinueux, zones lacustres et for\u00eats inond\u00e9es, arbres morts en colonies de chandelles, grands lacs de montagnes, bleus, verts, jaunes, cimes enneig\u00e9es, for\u00eats denses, prairies de lupins. On y voit aussi des cyclistes fous qui comme nous font la route du sud, mais prennent le vent et la pluie glac\u00e9e en pleine g\u2026.., transportant des kilotonnes d\u2019\u00e9quipement, sur la t\u00f4le gondol\u00e9e o\u00f9 les pierres roulent sous les pneus. Il fait entre 3\u00b0Cen haut des c\u00f4tes et 6\u00b0C au mieux en bas. Nous adorons le v\u00e9lo, mais heureusement nous n\u2019avons jamais eu l\u2019id\u00e9e de nous infliger cette torture cycliste.<\/p>\n<p><a href=\"https:\/\/phicatgarnier.files.wordpress.com\/2014\/12\/dsc00124.jpg\"><img data-recalc-dims=\"1\" loading=\"lazy\" decoding=\"async\" data-attachment-id=\"363\" data-permalink=\"https:\/\/imaginedemain.fr\/index.php\/2017\/01\/03\/jours-tranquilles-en-vallee-daspe\/sony-dsc-31\/\" data-orig-file=\"https:\/\/i0.wp.com\/imaginedemain.fr\/wp-content\/uploads\/2017\/01\/dsc00624.jpg?fit=4592%2C2576&amp;ssl=1\" data-orig-size=\"4592,2576\" data-comments-opened=\"1\" data-image-meta=\"{&quot;aperture&quot;:&quot;4&quot;,&quot;credit&quot;:&quot;&quot;,&quot;camera&quot;:&quot;DSLR-A350&quot;,&quot;caption&quot;:&quot;SONY DSC&quot;,&quot;created_timestamp&quot;:&quot;1483026938&quot;,&quot;copyright&quot;:&quot;&quot;,&quot;focal_length&quot;:&quot;60&quot;,&quot;iso&quot;:&quot;100&quot;,&quot;shutter_speed&quot;:&quot;0.005&quot;,&quot;title&quot;:&quot;SONY DSC&quot;,&quot;orientation&quot;:&quot;1&quot;}\" data-image-title=\"\" data-image-description=\"\" data-image-caption=\"\" data-large-file=\"https:\/\/i0.wp.com\/imaginedemain.fr\/wp-content\/uploads\/2017\/01\/dsc00624.jpg?fit=600%2C336&amp;ssl=1\" class=\"alignnone wp-image-363 size-large\" src=\"https:\/\/phicatgarnier.files.wordpress.com\/2014\/12\/dsc00124.jpg?w=640&#038;resize=600%2C337\" alt=\"SONY DSC\" width=\"600\" height=\"337\" \/><\/a><\/p>\n<p><a href=\"https:\/\/phicatgarnier.files.wordpress.com\/2014\/12\/dsc00054.jpg\"><img data-recalc-dims=\"1\" loading=\"lazy\" decoding=\"async\" data-attachment-id=\"381\" data-permalink=\"https:\/\/imaginedemain.fr\/index.php\/2017\/01\/03\/jours-tranquilles-en-vallee-daspe\/sony-dsc-48\/\" data-orig-file=\"https:\/\/i0.wp.com\/imaginedemain.fr\/wp-content\/uploads\/2017\/01\/dsc00740.jpg?fit=4592%2C2576&amp;ssl=1\" data-orig-size=\"4592,2576\" data-comments-opened=\"1\" data-image-meta=\"{&quot;aperture&quot;:&quot;22&quot;,&quot;credit&quot;:&quot;&quot;,&quot;camera&quot;:&quot;DSLR-A350&quot;,&quot;caption&quot;:&quot;SONY DSC&quot;,&quot;created_timestamp&quot;:&quot;1483185843&quot;,&quot;copyright&quot;:&quot;&quot;,&quot;focal_length&quot;:&quot;45&quot;,&quot;iso&quot;:&quot;200&quot;,&quot;shutter_speed&quot;:&quot;0.025&quot;,&quot;title&quot;:&quot;SONY DSC&quot;,&quot;orientation&quot;:&quot;1&quot;}\" data-image-title=\"\" data-image-description=\"\" data-image-caption=\"\" data-large-file=\"https:\/\/i0.wp.com\/imaginedemain.fr\/wp-content\/uploads\/2017\/01\/dsc00740.jpg?fit=600%2C336&amp;ssl=1\" class=\"alignnone wp-image-381 size-large\" src=\"https:\/\/phicatgarnier.files.wordpress.com\/2014\/12\/dsc00054.jpg?w=574&#038;resize=574%2C1024\" alt=\"SONY DSC\" width=\"574\" height=\"1024\" \/><\/a><\/p>\n<p><a href=\"https:\/\/phicatgarnier.files.wordpress.com\/2014\/12\/dsc00132.jpg\"><img data-recalc-dims=\"1\" loading=\"lazy\" decoding=\"async\" data-attachment-id=\"364\" data-permalink=\"https:\/\/imaginedemain.fr\/index.php\/2017\/01\/03\/jours-tranquilles-en-vallee-daspe\/sony-dsc-32\/\" data-orig-file=\"https:\/\/i0.wp.com\/imaginedemain.fr\/wp-content\/uploads\/2017\/01\/dsc00632.jpg?fit=4592%2C2576&amp;ssl=1\" data-orig-size=\"4592,2576\" data-comments-opened=\"1\" data-image-meta=\"{&quot;aperture&quot;:&quot;11&quot;,&quot;credit&quot;:&quot;Picasa&quot;,&quot;camera&quot;:&quot;DSLR-A350&quot;,&quot;caption&quot;:&quot;SONY DSC&quot;,&quot;created_timestamp&quot;:&quot;1483027226&quot;,&quot;copyright&quot;:&quot;&quot;,&quot;focal_length&quot;:&quot;60&quot;,&quot;iso&quot;:&quot;100&quot;,&quot;shutter_speed&quot;:&quot;0.005&quot;,&quot;title&quot;:&quot;SONY DSC&quot;,&quot;orientation&quot;:&quot;0&quot;}\" data-image-title=\"\" data-image-description=\"\" data-image-caption=\"\" data-large-file=\"https:\/\/i0.wp.com\/imaginedemain.fr\/wp-content\/uploads\/2017\/01\/dsc00632.jpg?fit=600%2C336&amp;ssl=1\" class=\"alignnone wp-image-364 size-large\" src=\"https:\/\/phicatgarnier.files.wordpress.com\/2014\/12\/dsc00132.jpg?w=640&#038;resize=600%2C337\" alt=\"SONY DSC\" width=\"600\" height=\"337\" \/><\/a><\/p>\n<p><a href=\"https:\/\/phicatgarnier.files.wordpress.com\/2014\/12\/dsc00116.jpg\"><img data-recalc-dims=\"1\" loading=\"lazy\" decoding=\"async\" data-attachment-id=\"362\" data-permalink=\"https:\/\/imaginedemain.fr\/index.php\/2017\/01\/03\/jours-tranquilles-en-vallee-daspe\/sony-dsc-30\/\" data-orig-file=\"https:\/\/i0.wp.com\/imaginedemain.fr\/wp-content\/uploads\/2017\/01\/dsc00619.jpg?fit=4592%2C2576&amp;ssl=1\" data-orig-size=\"4592,2576\" data-comments-opened=\"1\" data-image-meta=\"{&quot;aperture&quot;:&quot;4.5&quot;,&quot;credit&quot;:&quot;&quot;,&quot;camera&quot;:&quot;DSLR-A350&quot;,&quot;caption&quot;:&quot;SONY DSC&quot;,&quot;created_timestamp&quot;:&quot;1483026088&quot;,&quot;copyright&quot;:&quot;&quot;,&quot;focal_length&quot;:&quot;55&quot;,&quot;iso&quot;:&quot;100&quot;,&quot;shutter_speed&quot;:&quot;0.00625&quot;,&quot;title&quot;:&quot;SONY DSC&quot;,&quot;orientation&quot;:&quot;1&quot;}\" data-image-title=\"\" data-image-description=\"\" data-image-caption=\"\" data-large-file=\"https:\/\/i0.wp.com\/imaginedemain.fr\/wp-content\/uploads\/2017\/01\/dsc00619.jpg?fit=600%2C336&amp;ssl=1\" class=\"alignnone wp-image-362 size-large\" src=\"https:\/\/phicatgarnier.files.wordpress.com\/2014\/12\/dsc00116.jpg?w=640&#038;resize=600%2C337\" alt=\"SONY DSC\" width=\"600\" height=\"337\" \/><\/a><\/p>\n<p><a href=\"https:\/\/phicatgarnier.files.wordpress.com\/2014\/12\/dsc00064.jpg\"><img data-recalc-dims=\"1\" loading=\"lazy\" decoding=\"async\" data-attachment-id=\"382\" data-permalink=\"https:\/\/imaginedemain.fr\/index.php\/2017\/01\/03\/jours-tranquilles-en-vallee-daspe\/sony-dsc-49\/\" data-orig-file=\"https:\/\/i0.wp.com\/imaginedemain.fr\/wp-content\/uploads\/2017\/01\/dsc00741.jpg?fit=4592%2C2576&amp;ssl=1\" data-orig-size=\"4592,2576\" data-comments-opened=\"1\" data-image-meta=\"{&quot;aperture&quot;:&quot;22&quot;,&quot;credit&quot;:&quot;&quot;,&quot;camera&quot;:&quot;DSLR-A350&quot;,&quot;caption&quot;:&quot;SONY DSC&quot;,&quot;created_timestamp&quot;:&quot;1483186281&quot;,&quot;copyright&quot;:&quot;&quot;,&quot;focal_length&quot;:&quot;45&quot;,&quot;iso&quot;:&quot;200&quot;,&quot;shutter_speed&quot;:&quot;0.016666666666667&quot;,&quot;title&quot;:&quot;SONY DSC&quot;,&quot;orientation&quot;:&quot;1&quot;}\" data-image-title=\"\" data-image-description=\"\" data-image-caption=\"\" data-large-file=\"https:\/\/i0.wp.com\/imaginedemain.fr\/wp-content\/uploads\/2017\/01\/dsc00741.jpg?fit=600%2C336&amp;ssl=1\" class=\"alignnone wp-image-382 size-large\" src=\"https:\/\/phicatgarnier.files.wordpress.com\/2014\/12\/dsc00064.jpg?w=640&#038;resize=600%2C337\" alt=\"SONY DSC\" width=\"600\" height=\"337\" \/><\/a><\/p>\n<p><a href=\"https:\/\/phicatgarnier.files.wordpress.com\/2014\/12\/dsc00099.jpg\"><img data-recalc-dims=\"1\" loading=\"lazy\" decoding=\"async\" data-attachment-id=\"360\" data-permalink=\"https:\/\/imaginedemain.fr\/index.php\/2017\/01\/03\/jours-tranquilles-en-vallee-daspe\/sony-dsc-28\/\" data-orig-file=\"https:\/\/i0.wp.com\/imaginedemain.fr\/wp-content\/uploads\/2017\/01\/dsc00606.jpg?fit=4592%2C2576&amp;ssl=1\" data-orig-size=\"4592,2576\" data-comments-opened=\"1\" data-image-meta=\"{&quot;aperture&quot;:&quot;8&quot;,&quot;credit&quot;:&quot;&quot;,&quot;camera&quot;:&quot;DSLR-A350&quot;,&quot;caption&quot;:&quot;SONY DSC&quot;,&quot;created_timestamp&quot;:&quot;1483023384&quot;,&quot;copyright&quot;:&quot;&quot;,&quot;focal_length&quot;:&quot;60&quot;,&quot;iso&quot;:&quot;100&quot;,&quot;shutter_speed&quot;:&quot;0.00625&quot;,&quot;title&quot;:&quot;SONY DSC&quot;,&quot;orientation&quot;:&quot;1&quot;}\" data-image-title=\"\" data-image-description=\"\" data-image-caption=\"\" data-large-file=\"https:\/\/i0.wp.com\/imaginedemain.fr\/wp-content\/uploads\/2017\/01\/dsc00606.jpg?fit=600%2C336&amp;ssl=1\" class=\"alignnone wp-image-360 size-large\" src=\"https:\/\/phicatgarnier.files.wordpress.com\/2014\/12\/dsc00099.jpg?w=640&#038;resize=600%2C337\" alt=\"SONY DSC\" width=\"600\" height=\"337\" \/><\/a><\/p>\n<p><a href=\"https:\/\/phicatgarnier.files.wordpress.com\/2014\/12\/dsc00105.jpg\"><img data-recalc-dims=\"1\" loading=\"lazy\" decoding=\"async\" data-attachment-id=\"361\" data-permalink=\"https:\/\/imaginedemain.fr\/index.php\/2017\/01\/03\/jours-tranquilles-en-vallee-daspe\/sony-dsc-29\/\" data-orig-file=\"https:\/\/i0.wp.com\/imaginedemain.fr\/wp-content\/uploads\/2017\/01\/dsc00608.jpg?fit=4592%2C2576&amp;ssl=1\" data-orig-size=\"4592,2576\" data-comments-opened=\"1\" data-image-meta=\"{&quot;aperture&quot;:&quot;9&quot;,&quot;credit&quot;:&quot;Picasa&quot;,&quot;camera&quot;:&quot;DSLR-A350&quot;,&quot;caption&quot;:&quot;SONY DSC&quot;,&quot;created_timestamp&quot;:&quot;1483023700&quot;,&quot;copyright&quot;:&quot;&quot;,&quot;focal_length&quot;:&quot;60&quot;,&quot;iso&quot;:&quot;100&quot;,&quot;shutter_speed&quot;:&quot;0.005&quot;,&quot;title&quot;:&quot;SONY DSC&quot;,&quot;orientation&quot;:&quot;0&quot;}\" data-image-title=\"SONY DSC\" data-image-description=\"\" data-image-caption=\"&lt;p&gt;SONY DSC&lt;\/p&gt;\n\" data-large-file=\"https:\/\/i0.wp.com\/imaginedemain.fr\/wp-content\/uploads\/2017\/01\/dsc00608.jpg?fit=600%2C336&amp;ssl=1\" class=\"alignnone wp-image-361 size-large\" src=\"https:\/\/phicatgarnier.files.wordpress.com\/2014\/12\/dsc00105.jpg?w=640&#038;resize=600%2C337\" alt=\"SONY DSC\" width=\"600\" height=\"337\" \/><\/a><\/p>\n<p><a href=\"https:\/\/phicatgarnier.files.wordpress.com\/2014\/12\/dsc00139.jpg\"><img data-recalc-dims=\"1\" loading=\"lazy\" decoding=\"async\" data-attachment-id=\"365\" data-permalink=\"https:\/\/imaginedemain.fr\/index.php\/2017\/01\/03\/jours-tranquilles-en-vallee-daspe\/sony-dsc-33\/\" data-orig-file=\"https:\/\/i0.wp.com\/imaginedemain.fr\/wp-content\/uploads\/2017\/01\/dsc00644.jpg?fit=4592%2C2576&amp;ssl=1\" data-orig-size=\"4592,2576\" data-comments-opened=\"1\" data-image-meta=\"{&quot;aperture&quot;:&quot;9&quot;,&quot;credit&quot;:&quot;Picasa&quot;,&quot;camera&quot;:&quot;DSLR-A350&quot;,&quot;caption&quot;:&quot;SONY DSC&quot;,&quot;created_timestamp&quot;:&quot;1483027833&quot;,&quot;copyright&quot;:&quot;&quot;,&quot;focal_length&quot;:&quot;60&quot;,&quot;iso&quot;:&quot;100&quot;,&quot;shutter_speed&quot;:&quot;0.005&quot;,&quot;title&quot;:&quot;SONY DSC&quot;,&quot;orientation&quot;:&quot;0&quot;}\" data-image-title=\"\" data-image-description=\"\" data-image-caption=\"\" data-large-file=\"https:\/\/i0.wp.com\/imaginedemain.fr\/wp-content\/uploads\/2017\/01\/dsc00644.jpg?fit=600%2C336&amp;ssl=1\" class=\"alignnone wp-image-365 size-large\" src=\"https:\/\/phicatgarnier.files.wordpress.com\/2014\/12\/dsc00139.jpg?w=640&#038;resize=600%2C337\" alt=\"SONY DSC\" width=\"600\" height=\"337\" \/><\/a><\/p>\n<p><a href=\"https:\/\/phicatgarnier.files.wordpress.com\/2014\/12\/dsc00109.jpg\"><img data-recalc-dims=\"1\" loading=\"lazy\" decoding=\"async\" data-attachment-id=\"385\" data-permalink=\"https:\/\/imaginedemain.fr\/index.php\/2017\/01\/03\/jours-tranquilles-en-vallee-daspe\/sony-dsc-52\/\" data-orig-file=\"https:\/\/i0.wp.com\/imaginedemain.fr\/wp-content\/uploads\/2017\/01\/dsc00747.jpg?fit=4592%2C2576&amp;ssl=1\" data-orig-size=\"4592,2576\" data-comments-opened=\"1\" data-image-meta=\"{&quot;aperture&quot;:&quot;22&quot;,&quot;credit&quot;:&quot;&quot;,&quot;camera&quot;:&quot;DSLR-A350&quot;,&quot;caption&quot;:&quot;SONY DSC&quot;,&quot;created_timestamp&quot;:&quot;1483186487&quot;,&quot;copyright&quot;:&quot;&quot;,&quot;focal_length&quot;:&quot;45&quot;,&quot;iso&quot;:&quot;200&quot;,&quot;shutter_speed&quot;:&quot;0.016666666666667&quot;,&quot;title&quot;:&quot;SONY DSC&quot;,&quot;orientation&quot;:&quot;1&quot;}\" data-image-title=\"\" data-image-description=\"\" data-image-caption=\"\" data-large-file=\"https:\/\/i0.wp.com\/imaginedemain.fr\/wp-content\/uploads\/2017\/01\/dsc00747.jpg?fit=600%2C336&amp;ssl=1\" class=\"alignnone wp-image-385 size-large\" src=\"https:\/\/phicatgarnier.files.wordpress.com\/2014\/12\/dsc00109.jpg?w=640&#038;resize=600%2C337\" alt=\"SONY DSC\" width=\"600\" height=\"337\" \/><\/a><\/p>\n<p><a href=\"https:\/\/phicatgarnier.files.wordpress.com\/2014\/12\/dsc00091.jpg\"><img data-recalc-dims=\"1\" loading=\"lazy\" decoding=\"async\" data-attachment-id=\"384\" data-permalink=\"https:\/\/imaginedemain.fr\/index.php\/2017\/01\/03\/jours-tranquilles-en-vallee-daspe\/sony-dsc-51\/\" data-orig-file=\"https:\/\/i0.wp.com\/imaginedemain.fr\/wp-content\/uploads\/2017\/01\/dsc00746.jpg?fit=4592%2C2576&amp;ssl=1\" data-orig-size=\"4592,2576\" data-comments-opened=\"1\" data-image-meta=\"{&quot;aperture&quot;:&quot;22&quot;,&quot;credit&quot;:&quot;&quot;,&quot;camera&quot;:&quot;DSLR-A350&quot;,&quot;caption&quot;:&quot;SONY DSC&quot;,&quot;created_timestamp&quot;:&quot;1483186385&quot;,&quot;copyright&quot;:&quot;&quot;,&quot;focal_length&quot;:&quot;50&quot;,&quot;iso&quot;:&quot;200&quot;,&quot;shutter_speed&quot;:&quot;0.02&quot;,&quot;title&quot;:&quot;SONY DSC&quot;,&quot;orientation&quot;:&quot;1&quot;}\" data-image-title=\"\" data-image-description=\"\" data-image-caption=\"\" data-large-file=\"https:\/\/i0.wp.com\/imaginedemain.fr\/wp-content\/uploads\/2017\/01\/dsc00746.jpg?fit=600%2C336&amp;ssl=1\" class=\"alignnone wp-image-384 size-large\" src=\"https:\/\/phicatgarnier.files.wordpress.com\/2014\/12\/dsc00091.jpg?w=640&#038;resize=600%2C337\" alt=\"SONY DSC\" width=\"600\" height=\"337\" \/><\/a><\/p>\n<p><a href=\"https:\/\/phicatgarnier.files.wordpress.com\/2014\/12\/dsc00082.jpg\"><img data-recalc-dims=\"1\" loading=\"lazy\" decoding=\"async\" data-attachment-id=\"383\" data-permalink=\"https:\/\/imaginedemain.fr\/index.php\/2017\/01\/03\/jours-tranquilles-en-vallee-daspe\/sony-dsc-50\/\" data-orig-file=\"https:\/\/i0.wp.com\/imaginedemain.fr\/wp-content\/uploads\/2017\/01\/dsc00743.jpg?fit=4592%2C2576&amp;ssl=1\" data-orig-size=\"4592,2576\" data-comments-opened=\"1\" data-image-meta=\"{&quot;aperture&quot;:&quot;22&quot;,&quot;credit&quot;:&quot;&quot;,&quot;camera&quot;:&quot;DSLR-A350&quot;,&quot;caption&quot;:&quot;SONY DSC&quot;,&quot;created_timestamp&quot;:&quot;1483186340&quot;,&quot;copyright&quot;:&quot;&quot;,&quot;focal_length&quot;:&quot;45&quot;,&quot;iso&quot;:&quot;200&quot;,&quot;shutter_speed&quot;:&quot;0.0125&quot;,&quot;title&quot;:&quot;SONY DSC&quot;,&quot;orientation&quot;:&quot;1&quot;}\" data-image-title=\"\" data-image-description=\"\" data-image-caption=\"\" data-large-file=\"https:\/\/i0.wp.com\/imaginedemain.fr\/wp-content\/uploads\/2017\/01\/dsc00743.jpg?fit=600%2C336&amp;ssl=1\" class=\"alignnone wp-image-383 size-large\" src=\"https:\/\/phicatgarnier.files.wordpress.com\/2014\/12\/dsc00082.jpg?w=640&#038;resize=600%2C337\" alt=\"SONY DSC\" width=\"600\" height=\"337\" \/><\/a><\/p>\n<p><a href=\"https:\/\/phicatgarnier.files.wordpress.com\/2014\/12\/dsc02831.jpg\"><img data-recalc-dims=\"1\" loading=\"lazy\" decoding=\"async\" data-attachment-id=\"387\" data-permalink=\"https:\/\/imaginedemain.fr\/index.php\/2017\/01\/03\/jours-tranquilles-en-vallee-daspe\/sony-dsc-54\/\" data-orig-file=\"https:\/\/i0.wp.com\/imaginedemain.fr\/wp-content\/uploads\/2017\/01\/dsc00752.jpg?fit=4592%2C2576&amp;ssl=1\" data-orig-size=\"4592,2576\" data-comments-opened=\"1\" data-image-meta=\"{&quot;aperture&quot;:&quot;22&quot;,&quot;credit&quot;:&quot;&quot;,&quot;camera&quot;:&quot;DSLR-A350&quot;,&quot;caption&quot;:&quot;SONY DSC&quot;,&quot;created_timestamp&quot;:&quot;1483187425&quot;,&quot;copyright&quot;:&quot;&quot;,&quot;focal_length&quot;:&quot;24&quot;,&quot;iso&quot;:&quot;200&quot;,&quot;shutter_speed&quot;:&quot;0.0125&quot;,&quot;title&quot;:&quot;SONY DSC&quot;,&quot;orientation&quot;:&quot;1&quot;}\" data-image-title=\"\" data-image-description=\"\" data-image-caption=\"\" data-large-file=\"https:\/\/i0.wp.com\/imaginedemain.fr\/wp-content\/uploads\/2017\/01\/dsc00752.jpg?fit=600%2C336&amp;ssl=1\" class=\"alignnone wp-image-387 size-large\" src=\"https:\/\/phicatgarnier.files.wordpress.com\/2014\/12\/dsc02831.jpg?w=640&#038;resize=600%2C338\" alt=\"DSC02831\" width=\"600\" height=\"338\" \/><\/a><\/p>\n<p>Nous atteignons le lac G\u00e9n\u00e9ral Carrera apr\u00e8s 130 km de pistes, parcourues en six heures, photos incluses. Le lac est immense, cern\u00e9 de hautes montagnes. Nous d\u00e9dions ces photos \u00e0 Marie, Christine, Jean et Vincent, qui sont venus jusqu\u2019ici et nous ont donn\u00e9 envie d\u2019aller y voir. Nous ne sommes pas d\u00e9\u00e7us\u00a0!<\/p>\n<p><a href=\"https:\/\/phicatgarnier.files.wordpress.com\/2014\/12\/dsc00152.jpg\"><img data-recalc-dims=\"1\" loading=\"lazy\" decoding=\"async\" data-attachment-id=\"366\" data-permalink=\"https:\/\/imaginedemain.fr\/index.php\/2017\/01\/03\/jours-tranquilles-en-vallee-daspe\/sony-dsc-34\/\" data-orig-file=\"https:\/\/i0.wp.com\/imaginedemain.fr\/wp-content\/uploads\/2017\/01\/dsc00649.jpg?fit=4592%2C2576&amp;ssl=1\" data-orig-size=\"4592,2576\" data-comments-opened=\"1\" data-image-meta=\"{&quot;aperture&quot;:&quot;5.6&quot;,&quot;credit&quot;:&quot;&quot;,&quot;camera&quot;:&quot;DSLR-A350&quot;,&quot;caption&quot;:&quot;SONY DSC&quot;,&quot;created_timestamp&quot;:&quot;1483029377&quot;,&quot;copyright&quot;:&quot;&quot;,&quot;focal_length&quot;:&quot;35&quot;,&quot;iso&quot;:&quot;100&quot;,&quot;shutter_speed&quot;:&quot;0.004&quot;,&quot;title&quot;:&quot;SONY DSC&quot;,&quot;orientation&quot;:&quot;1&quot;}\" data-image-title=\"\" data-image-description=\"\" data-image-caption=\"\" data-large-file=\"https:\/\/i0.wp.com\/imaginedemain.fr\/wp-content\/uploads\/2017\/01\/dsc00649.jpg?fit=600%2C336&amp;ssl=1\" class=\"alignnone wp-image-366 size-large\" src=\"https:\/\/phicatgarnier.files.wordpress.com\/2014\/12\/dsc00152.jpg?w=640&#038;resize=600%2C337\" alt=\"SONY DSC\" width=\"600\" height=\"337\" \/><\/a><\/p>\n<p><a href=\"https:\/\/phicatgarnier.files.wordpress.com\/2014\/12\/dsc00176.jpg\"><img data-recalc-dims=\"1\" loading=\"lazy\" decoding=\"async\" data-attachment-id=\"367\" data-permalink=\"https:\/\/imaginedemain.fr\/index.php\/2017\/01\/03\/jours-tranquilles-en-vallee-daspe\/sony-dsc-35\/\" data-orig-file=\"https:\/\/i0.wp.com\/imaginedemain.fr\/wp-content\/uploads\/2017\/01\/dsc00655.jpg?fit=4592%2C2576&amp;ssl=1\" data-orig-size=\"4592,2576\" data-comments-opened=\"1\" data-image-meta=\"{&quot;aperture&quot;:&quot;11&quot;,&quot;credit&quot;:&quot;Picasa&quot;,&quot;camera&quot;:&quot;DSLR-A350&quot;,&quot;caption&quot;:&quot;SONY DSC&quot;,&quot;created_timestamp&quot;:&quot;1483032436&quot;,&quot;copyright&quot;:&quot;&quot;,&quot;focal_length&quot;:&quot;26&quot;,&quot;iso&quot;:&quot;100&quot;,&quot;shutter_speed&quot;:&quot;0.008&quot;,&quot;title&quot;:&quot;SONY DSC&quot;,&quot;orientation&quot;:&quot;0&quot;}\" data-image-title=\"\" data-image-description=\"\" data-image-caption=\"\" data-large-file=\"https:\/\/i0.wp.com\/imaginedemain.fr\/wp-content\/uploads\/2017\/01\/dsc00655.jpg?fit=600%2C336&amp;ssl=1\" class=\"alignnone wp-image-367 size-large\" src=\"https:\/\/phicatgarnier.files.wordpress.com\/2014\/12\/dsc00176.jpg?w=640&#038;resize=600%2C337\" alt=\"SONY DSC\" width=\"600\" height=\"337\" \/><\/a><\/p>\n<p>Hasta luego<\/p>\n","protected":false},"excerpt":{"rendered":"<p>Nous quittons Chilo\u00e9 apr\u00e8s une derni\u00e8re \u00e9glise et une rencontre avec les p\u00e9cheurs huilliches de la c\u00f4te, qui pratiquent une p\u00eache \u00e0 pied pour le moins sportive. A Quellon nous embarquons avec \u00ab\u00a0Naviera Austral\u00a0\u00bb pour Puerto Cisnes o\u00f9 nous aborderons la Patagonie chilienne. Cette partie du Chili, bien que continentale, ne peut \u00eatre atteinte qu\u2019en [&hellip;]<\/p>\n","protected":false},"author":1,"featured_media":1085,"comment_status":"open","ping_status":"open","sticky":false,"template":"","format":"standard","meta":{"ngg_post_thumbnail":0,"jetpack_post_was_ever_published":false,"_jetpack_newsletter_access":"","_jetpack_dont_email_post_to_subs":true,"_jetpack_newsletter_tier_id":0,"_jetpack_memberships_contains_paywalled_content":false,"_jetpack_memberships_contains_paid_content":false,"footnotes":"","jetpack_publicize_message":"","jetpack_publicize_feature_enabled":true,"jetpack_social_post_already_shared":false,"jetpack_social_options":{"image_generator_settings":{"template":"highway","default_image_id":0,"font":"","enabled":false},"version":2}},"categories":[10],"tags":[14],"class_list":["post-1101","post","type-post","status-publish","format-standard","has-post-thumbnail","hentry","category-chile-y-argentina","tag-chili"],"yoast_head":"<!-- This site is optimized with the Yoast SEO plugin v27.5 - https:\/\/yoast.com\/product\/yoast-seo-wordpress\/ -->\n<title>Carretera austral - Imagine demain<\/title>\n<meta name=\"robots\" content=\"index, follow, max-snippet:-1, max-image-preview:large, max-video-preview:-1\" \/>\n<link rel=\"canonical\" href=\"https:\/\/imaginedemain.fr\/index.php\/2014\/12\/21\/carretera-austral\/\" \/>\n<meta property=\"og:locale\" content=\"fr_FR\" \/>\n<meta property=\"og:type\" content=\"article\" \/>\n<meta property=\"og:title\" content=\"Carretera austral - Imagine demain\" \/>\n<meta property=\"og:description\" content=\"Nous quittons Chilo\u00e9 apr\u00e8s une derni\u00e8re \u00e9glise et une rencontre avec les p\u00e9cheurs huilliches de la c\u00f4te, qui pratiquent une p\u00eache \u00e0 pied pour le moins sportive. A Quellon nous embarquons avec \u00ab\u00a0Naviera Austral\u00a0\u00bb pour Puerto Cisnes o\u00f9 nous aborderons la Patagonie chilienne. Cette partie du Chili, bien que continentale, ne peut \u00eatre atteinte qu\u2019en [&hellip;]\" \/>\n<meta property=\"og:url\" content=\"https:\/\/imaginedemain.fr\/index.php\/2014\/12\/21\/carretera-austral\/\" \/>\n<meta property=\"og:site_name\" content=\"Imagine demain\" \/>\n<meta property=\"article:published_time\" content=\"2014-12-21T12:54:47+00:00\" \/>\n<meta property=\"article:modified_time\" content=\"2017-03-22T15:15:32+00:00\" \/>\n<meta property=\"og:image\" content=\"https:\/\/i0.wp.com\/imaginedemain.fr\/wp-content\/uploads\/2014\/12\/dsc00105.jpg?fit=4592%2C2576&ssl=1\" \/>\n\t<meta property=\"og:image:width\" content=\"4592\" \/>\n\t<meta property=\"og:image:height\" content=\"2576\" \/>\n\t<meta property=\"og:image:type\" content=\"image\/jpeg\" \/>\n<meta name=\"author\" content=\"Philippe\" \/>\n<meta name=\"twitter:card\" content=\"summary_large_image\" \/>\n<meta name=\"twitter:label1\" content=\"\u00c9crit par\" \/>\n\t<meta name=\"twitter:data1\" content=\"Philippe\" \/>\n\t<meta name=\"twitter:label2\" content=\"Dur\u00e9e de lecture estim\u00e9e\" \/>\n\t<meta name=\"twitter:data2\" content=\"3 minutes\" \/>\n<script type=\"application\/ld+json\" class=\"yoast-schema-graph\">{\"@context\":\"https:\\\/\\\/schema.org\",\"@graph\":[{\"@type\":\"Article\",\"@id\":\"https:\\\/\\\/imaginedemain.fr\\\/index.php\\\/2014\\\/12\\\/21\\\/carretera-austral\\\/#article\",\"isPartOf\":{\"@id\":\"https:\\\/\\\/imaginedemain.fr\\\/index.php\\\/2014\\\/12\\\/21\\\/carretera-austral\\\/\"},\"author\":{\"name\":\"Philippe\",\"@id\":\"https:\\\/\\\/imaginedemain.fr\\\/#\\\/schema\\\/person\\\/e38f616126180f1f6000edc7daca21ab\"},\"headline\":\"Carretera austral\",\"datePublished\":\"2014-12-21T12:54:47+00:00\",\"dateModified\":\"2017-03-22T15:15:32+00:00\",\"mainEntityOfPage\":{\"@id\":\"https:\\\/\\\/imaginedemain.fr\\\/index.php\\\/2014\\\/12\\\/21\\\/carretera-austral\\\/\"},\"wordCount\":593,\"commentCount\":0,\"image\":{\"@id\":\"https:\\\/\\\/imaginedemain.fr\\\/index.php\\\/2014\\\/12\\\/21\\\/carretera-austral\\\/#primaryimage\"},\"thumbnailUrl\":\"https:\\\/\\\/i0.wp.com\\\/imaginedemain.fr\\\/wp-content\\\/uploads\\\/2014\\\/12\\\/dsc00105.jpg?fit=4592%2C2576&ssl=1\",\"keywords\":[\"Chili\"],\"articleSection\":[\"Chili &amp; Argentine\"],\"inLanguage\":\"fr-FR\",\"potentialAction\":[{\"@type\":\"CommentAction\",\"name\":\"Comment\",\"target\":[\"https:\\\/\\\/imaginedemain.fr\\\/index.php\\\/2014\\\/12\\\/21\\\/carretera-austral\\\/#respond\"]}]},{\"@type\":\"WebPage\",\"@id\":\"https:\\\/\\\/imaginedemain.fr\\\/index.php\\\/2014\\\/12\\\/21\\\/carretera-austral\\\/\",\"url\":\"https:\\\/\\\/imaginedemain.fr\\\/index.php\\\/2014\\\/12\\\/21\\\/carretera-austral\\\/\",\"name\":\"Carretera austral - Imagine demain\",\"isPartOf\":{\"@id\":\"https:\\\/\\\/imaginedemain.fr\\\/#website\"},\"primaryImageOfPage\":{\"@id\":\"https:\\\/\\\/imaginedemain.fr\\\/index.php\\\/2014\\\/12\\\/21\\\/carretera-austral\\\/#primaryimage\"},\"image\":{\"@id\":\"https:\\\/\\\/imaginedemain.fr\\\/index.php\\\/2014\\\/12\\\/21\\\/carretera-austral\\\/#primaryimage\"},\"thumbnailUrl\":\"https:\\\/\\\/i0.wp.com\\\/imaginedemain.fr\\\/wp-content\\\/uploads\\\/2014\\\/12\\\/dsc00105.jpg?fit=4592%2C2576&ssl=1\",\"datePublished\":\"2014-12-21T12:54:47+00:00\",\"dateModified\":\"2017-03-22T15:15:32+00:00\",\"author\":{\"@id\":\"https:\\\/\\\/imaginedemain.fr\\\/#\\\/schema\\\/person\\\/e38f616126180f1f6000edc7daca21ab\"},\"breadcrumb\":{\"@id\":\"https:\\\/\\\/imaginedemain.fr\\\/index.php\\\/2014\\\/12\\\/21\\\/carretera-austral\\\/#breadcrumb\"},\"inLanguage\":\"fr-FR\",\"potentialAction\":[{\"@type\":\"ReadAction\",\"target\":[\"https:\\\/\\\/imaginedemain.fr\\\/index.php\\\/2014\\\/12\\\/21\\\/carretera-austral\\\/\"]}]},{\"@type\":\"ImageObject\",\"inLanguage\":\"fr-FR\",\"@id\":\"https:\\\/\\\/imaginedemain.fr\\\/index.php\\\/2014\\\/12\\\/21\\\/carretera-austral\\\/#primaryimage\",\"url\":\"https:\\\/\\\/i0.wp.com\\\/imaginedemain.fr\\\/wp-content\\\/uploads\\\/2014\\\/12\\\/dsc00105.jpg?fit=4592%2C2576&ssl=1\",\"contentUrl\":\"https:\\\/\\\/i0.wp.com\\\/imaginedemain.fr\\\/wp-content\\\/uploads\\\/2014\\\/12\\\/dsc00105.jpg?fit=4592%2C2576&ssl=1\",\"width\":4592,\"height\":2576},{\"@type\":\"BreadcrumbList\",\"@id\":\"https:\\\/\\\/imaginedemain.fr\\\/index.php\\\/2014\\\/12\\\/21\\\/carretera-austral\\\/#breadcrumb\",\"itemListElement\":[{\"@type\":\"ListItem\",\"position\":1,\"name\":\"Accueil\",\"item\":\"https:\\\/\\\/imaginedemain.fr\\\/\"},{\"@type\":\"ListItem\",\"position\":2,\"name\":\"Carretera austral\"}]},{\"@type\":\"WebSite\",\"@id\":\"https:\\\/\\\/imaginedemain.fr\\\/#website\",\"url\":\"https:\\\/\\\/imaginedemain.fr\\\/\",\"name\":\"Imagine demain\",\"description\":\"\",\"potentialAction\":[{\"@type\":\"SearchAction\",\"target\":{\"@type\":\"EntryPoint\",\"urlTemplate\":\"https:\\\/\\\/imaginedemain.fr\\\/?s={search_term_string}\"},\"query-input\":{\"@type\":\"PropertyValueSpecification\",\"valueRequired\":true,\"valueName\":\"search_term_string\"}}],\"inLanguage\":\"fr-FR\"},{\"@type\":\"Person\",\"@id\":\"https:\\\/\\\/imaginedemain.fr\\\/#\\\/schema\\\/person\\\/e38f616126180f1f6000edc7daca21ab\",\"name\":\"Philippe\",\"image\":{\"@type\":\"ImageObject\",\"inLanguage\":\"fr-FR\",\"@id\":\"https:\\\/\\\/secure.gravatar.com\\\/avatar\\\/69f59b5b22630ea786677085abd0e3dc50190e58bc7ca3c50bd640bfaf2456a4?s=96&d=blank&r=g\",\"url\":\"https:\\\/\\\/secure.gravatar.com\\\/avatar\\\/69f59b5b22630ea786677085abd0e3dc50190e58bc7ca3c50bd640bfaf2456a4?s=96&d=blank&r=g\",\"contentUrl\":\"https:\\\/\\\/secure.gravatar.com\\\/avatar\\\/69f59b5b22630ea786677085abd0e3dc50190e58bc7ca3c50bd640bfaf2456a4?s=96&d=blank&r=g\",\"caption\":\"Philippe\"},\"sameAs\":[\"http:\\\/\\\/imaginedemain.fr\\\/\"],\"url\":\"https:\\\/\\\/imaginedemain.fr\\\/index.php\\\/author\\\/admin4809\\\/\"}]}<\/script>\n<!-- \/ Yoast SEO plugin. -->","yoast_head_json":{"title":"Carretera austral - Imagine demain","robots":{"index":"index","follow":"follow","max-snippet":"max-snippet:-1","max-image-preview":"max-image-preview:large","max-video-preview":"max-video-preview:-1"},"canonical":"https:\/\/imaginedemain.fr\/index.php\/2014\/12\/21\/carretera-austral\/","og_locale":"fr_FR","og_type":"article","og_title":"Carretera austral - Imagine demain","og_description":"Nous quittons Chilo\u00e9 apr\u00e8s une derni\u00e8re \u00e9glise et une rencontre avec les p\u00e9cheurs huilliches de la c\u00f4te, qui pratiquent une p\u00eache \u00e0 pied pour le moins sportive. A Quellon nous embarquons avec \u00ab\u00a0Naviera Austral\u00a0\u00bb pour Puerto Cisnes o\u00f9 nous aborderons la Patagonie chilienne. Cette partie du Chili, bien que continentale, ne peut \u00eatre atteinte qu\u2019en [&hellip;]","og_url":"https:\/\/imaginedemain.fr\/index.php\/2014\/12\/21\/carretera-austral\/","og_site_name":"Imagine demain","article_published_time":"2014-12-21T12:54:47+00:00","article_modified_time":"2017-03-22T15:15:32+00:00","og_image":[{"width":4592,"height":2576,"url":"https:\/\/i0.wp.com\/imaginedemain.fr\/wp-content\/uploads\/2014\/12\/dsc00105.jpg?fit=4592%2C2576&ssl=1","type":"image\/jpeg"}],"author":"Philippe","twitter_card":"summary_large_image","twitter_misc":{"\u00c9crit par":"Philippe","Dur\u00e9e de lecture estim\u00e9e":"3 minutes"},"schema":{"@context":"https:\/\/schema.org","@graph":[{"@type":"Article","@id":"https:\/\/imaginedemain.fr\/index.php\/2014\/12\/21\/carretera-austral\/#article","isPartOf":{"@id":"https:\/\/imaginedemain.fr\/index.php\/2014\/12\/21\/carretera-austral\/"},"author":{"name":"Philippe","@id":"https:\/\/imaginedemain.fr\/#\/schema\/person\/e38f616126180f1f6000edc7daca21ab"},"headline":"Carretera austral","datePublished":"2014-12-21T12:54:47+00:00","dateModified":"2017-03-22T15:15:32+00:00","mainEntityOfPage":{"@id":"https:\/\/imaginedemain.fr\/index.php\/2014\/12\/21\/carretera-austral\/"},"wordCount":593,"commentCount":0,"image":{"@id":"https:\/\/imaginedemain.fr\/index.php\/2014\/12\/21\/carretera-austral\/#primaryimage"},"thumbnailUrl":"https:\/\/i0.wp.com\/imaginedemain.fr\/wp-content\/uploads\/2014\/12\/dsc00105.jpg?fit=4592%2C2576&ssl=1","keywords":["Chili"],"articleSection":["Chili &amp; Argentine"],"inLanguage":"fr-FR","potentialAction":[{"@type":"CommentAction","name":"Comment","target":["https:\/\/imaginedemain.fr\/index.php\/2014\/12\/21\/carretera-austral\/#respond"]}]},{"@type":"WebPage","@id":"https:\/\/imaginedemain.fr\/index.php\/2014\/12\/21\/carretera-austral\/","url":"https:\/\/imaginedemain.fr\/index.php\/2014\/12\/21\/carretera-austral\/","name":"Carretera austral - Imagine demain","isPartOf":{"@id":"https:\/\/imaginedemain.fr\/#website"},"primaryImageOfPage":{"@id":"https:\/\/imaginedemain.fr\/index.php\/2014\/12\/21\/carretera-austral\/#primaryimage"},"image":{"@id":"https:\/\/imaginedemain.fr\/index.php\/2014\/12\/21\/carretera-austral\/#primaryimage"},"thumbnailUrl":"https:\/\/i0.wp.com\/imaginedemain.fr\/wp-content\/uploads\/2014\/12\/dsc00105.jpg?fit=4592%2C2576&ssl=1","datePublished":"2014-12-21T12:54:47+00:00","dateModified":"2017-03-22T15:15:32+00:00","author":{"@id":"https:\/\/imaginedemain.fr\/#\/schema\/person\/e38f616126180f1f6000edc7daca21ab"},"breadcrumb":{"@id":"https:\/\/imaginedemain.fr\/index.php\/2014\/12\/21\/carretera-austral\/#breadcrumb"},"inLanguage":"fr-FR","potentialAction":[{"@type":"ReadAction","target":["https:\/\/imaginedemain.fr\/index.php\/2014\/12\/21\/carretera-austral\/"]}]},{"@type":"ImageObject","inLanguage":"fr-FR","@id":"https:\/\/imaginedemain.fr\/index.php\/2014\/12\/21\/carretera-austral\/#primaryimage","url":"https:\/\/i0.wp.com\/imaginedemain.fr\/wp-content\/uploads\/2014\/12\/dsc00105.jpg?fit=4592%2C2576&ssl=1","contentUrl":"https:\/\/i0.wp.com\/imaginedemain.fr\/wp-content\/uploads\/2014\/12\/dsc00105.jpg?fit=4592%2C2576&ssl=1","width":4592,"height":2576},{"@type":"BreadcrumbList","@id":"https:\/\/imaginedemain.fr\/index.php\/2014\/12\/21\/carretera-austral\/#breadcrumb","itemListElement":[{"@type":"ListItem","position":1,"name":"Accueil","item":"https:\/\/imaginedemain.fr\/"},{"@type":"ListItem","position":2,"name":"Carretera austral"}]},{"@type":"WebSite","@id":"https:\/\/imaginedemain.fr\/#website","url":"https:\/\/imaginedemain.fr\/","name":"Imagine demain","description":"","potentialAction":[{"@type":"SearchAction","target":{"@type":"EntryPoint","urlTemplate":"https:\/\/imaginedemain.fr\/?s={search_term_string}"},"query-input":{"@type":"PropertyValueSpecification","valueRequired":true,"valueName":"search_term_string"}}],"inLanguage":"fr-FR"},{"@type":"Person","@id":"https:\/\/imaginedemain.fr\/#\/schema\/person\/e38f616126180f1f6000edc7daca21ab","name":"Philippe","image":{"@type":"ImageObject","inLanguage":"fr-FR","@id":"https:\/\/secure.gravatar.com\/avatar\/69f59b5b22630ea786677085abd0e3dc50190e58bc7ca3c50bd640bfaf2456a4?s=96&d=blank&r=g","url":"https:\/\/secure.gravatar.com\/avatar\/69f59b5b22630ea786677085abd0e3dc50190e58bc7ca3c50bd640bfaf2456a4?s=96&d=blank&r=g","contentUrl":"https:\/\/secure.gravatar.com\/avatar\/69f59b5b22630ea786677085abd0e3dc50190e58bc7ca3c50bd640bfaf2456a4?s=96&d=blank&r=g","caption":"Philippe"},"sameAs":["http:\/\/imaginedemain.fr\/"],"url":"https:\/\/imaginedemain.fr\/index.php\/author\/admin4809\/"}]}},"jetpack_publicize_connections":[],"jetpack_featured_media_url":"https:\/\/i0.wp.com\/imaginedemain.fr\/wp-content\/uploads\/2014\/12\/dsc00105.jpg?fit=4592%2C2576&ssl=1","jetpack_shortlink":"https:\/\/wp.me\/p8tuMH-hL","jetpack-related-posts":[{"id":1428,"url":"https:\/\/imaginedemain.fr\/index.php\/2017\/03\/20\/atacama-paradis-des-observations-astronomiques\/","url_meta":{"origin":1101,"position":0},"title":"Atacama, paradis des observations astronomiques","author":"Philippe","date":"20 mars 2017","format":false,"excerpt":"L'Observatoire de Paris organisait le 13 mars une journ\u00e9e anniversaire pour les 10 ans du Dipl\u00f4me d'Universit\u00e9 \"Explorer et Comprendre l'Univers\" (DU ECU). Cet enseignement dispens\u00e9 sur un an par l'Observatoire de Paris est une opportunit\u00e9 unique pour tous ceux qui souhaitent acqu\u00e9rir une compr\u00e9hension d'ensemble de ce qu'est l'Univers,\u2026","rel":"","context":"Dans &quot;Chili &amp; Argentine&quot;","block_context":{"text":"Chili &amp; Argentine","link":"https:\/\/imaginedemain.fr\/index.php\/category\/chile-y-argentina\/"},"img":{"alt_text":"","src":"https:\/\/i0.wp.com\/imaginedemain.fr\/wp-content\/uploads\/2015\/02\/dsc04560.jpg?fit=1200%2C673&ssl=1&resize=350%2C200","width":350,"height":200,"srcset":"https:\/\/i0.wp.com\/imaginedemain.fr\/wp-content\/uploads\/2015\/02\/dsc04560.jpg?fit=1200%2C673&ssl=1&resize=350%2C200 1x, https:\/\/i0.wp.com\/imaginedemain.fr\/wp-content\/uploads\/2015\/02\/dsc04560.jpg?fit=1200%2C673&ssl=1&resize=525%2C300 1.5x, https:\/\/i0.wp.com\/imaginedemain.fr\/wp-content\/uploads\/2015\/02\/dsc04560.jpg?fit=1200%2C673&ssl=1&resize=700%2C400 2x, https:\/\/i0.wp.com\/imaginedemain.fr\/wp-content\/uploads\/2015\/02\/dsc04560.jpg?fit=1200%2C673&ssl=1&resize=1050%2C600 3x"},"classes":[]},{"id":1332,"url":"https:\/\/imaginedemain.fr\/index.php\/2015\/03\/06\/comment-voyager-voiture-bus-avion-velo-cheval-pick-up-paquebot-camping-car-ferry\/","url_meta":{"origin":1101,"position":1},"title":"Comment voyager? Voiture, bus, avion, v\u00e9lo, cheval, pick-up, paquebot, camping-car, ferry?","author":"Philippe","date":"6 mars 2015","format":false,"excerpt":"En 15000 kilom\u00e8tres parcourus au Chili et en Argentine, nous avons rencontr\u00e9 bien des voyageurs, et bien des styles d'aventure. Petit bilan pour ceux qui pr\u00e9parent le voyage, ou ceux, plus nombreux, qui ne le pr\u00e9parent pas tout en y pensant. Garder \u00e0 l'esprit la loi universelle du voyage, selon\u2026","rel":"","context":"Dans &quot;Chili &amp; Argentine&quot;","block_context":{"text":"Chili &amp; Argentine","link":"https:\/\/imaginedemain.fr\/index.php\/category\/chile-y-argentina\/"},"img":{"alt_text":"","src":"https:\/\/i0.wp.com\/imaginedemain.fr\/wp-content\/uploads\/2014\/12\/dsc00109.jpg?fit=1200%2C673&ssl=1&resize=350%2C200","width":350,"height":200,"srcset":"https:\/\/i0.wp.com\/imaginedemain.fr\/wp-content\/uploads\/2014\/12\/dsc00109.jpg?fit=1200%2C673&ssl=1&resize=350%2C200 1x, https:\/\/i0.wp.com\/imaginedemain.fr\/wp-content\/uploads\/2014\/12\/dsc00109.jpg?fit=1200%2C673&ssl=1&resize=525%2C300 1.5x, https:\/\/i0.wp.com\/imaginedemain.fr\/wp-content\/uploads\/2014\/12\/dsc00109.jpg?fit=1200%2C673&ssl=1&resize=700%2C400 2x, https:\/\/i0.wp.com\/imaginedemain.fr\/wp-content\/uploads\/2014\/12\/dsc00109.jpg?fit=1200%2C673&ssl=1&resize=1050%2C600 3x"},"classes":[]},{"id":1064,"url":"https:\/\/imaginedemain.fr\/index.php\/2014\/12\/13\/cote-austral-1\/","url_meta":{"origin":1101,"position":2},"title":"C\u00f4t\u00e9 austral (1)","author":"Philippe","date":"13 d\u00e9cembre 2014","format":false,"excerpt":"S\u2019agissant de d\u00e9coration, chacun a ses go\u00fbts. Personnellement j\u2019ai de la sympathie pour le kitsch. Mais d\u00e9fendant un jour que les gens qui mettent des \u00ab\u00a0nains de jardin\u00a0\u00bb pr\u00e9cis\u00e9ment dans leur jardin, font vertu de leur simplicit\u00e9, je me rendis compte que je passais pour un cr\u00e9tin. Quoi, d\u00e9fendre les\u2026","rel":"","context":"Dans &quot;Chili &amp; Argentine&quot;","block_context":{"text":"Chili &amp; Argentine","link":"https:\/\/imaginedemain.fr\/index.php\/category\/chile-y-argentina\/"},"img":{"alt_text":"","src":"https:\/\/i0.wp.com\/imaginedemain.fr\/wp-content\/uploads\/2014\/12\/dsc00832.jpg?fit=1200%2C673&ssl=1&resize=350%2C200","width":350,"height":200,"srcset":"https:\/\/i0.wp.com\/imaginedemain.fr\/wp-content\/uploads\/2014\/12\/dsc00832.jpg?fit=1200%2C673&ssl=1&resize=350%2C200 1x, https:\/\/i0.wp.com\/imaginedemain.fr\/wp-content\/uploads\/2014\/12\/dsc00832.jpg?fit=1200%2C673&ssl=1&resize=525%2C300 1.5x, https:\/\/i0.wp.com\/imaginedemain.fr\/wp-content\/uploads\/2014\/12\/dsc00832.jpg?fit=1200%2C673&ssl=1&resize=700%2C400 2x, https:\/\/i0.wp.com\/imaginedemain.fr\/wp-content\/uploads\/2014\/12\/dsc00832.jpg?fit=1200%2C673&ssl=1&resize=1050%2C600 3x"},"classes":[]},{"id":1116,"url":"https:\/\/imaginedemain.fr\/index.php\/2015\/02\/22\/que-lindo-que-lindo\/","url_meta":{"origin":1101,"position":3},"title":"\u00a1Que lindo ! \u00a1Que lindo !","author":"Philippe","date":"22 f\u00e9vrier 2015","format":false,"excerpt":"Trois mois depuis notre arriv\u00e9e \u00e0 Santiago du Chili. Derri\u00e8re nous le grand sud du Chili, derri\u00e8re nous le sud de l\u2019Argentine et l\u2019immense Pampa d\u00e9sertique, derri\u00e8re nous les parcs argentins puis le nord-ouest de l\u2019Argentine, derri\u00e8re nous le nord chilien et l\u2019Atacama o\u00f9 il ne pleut jamais (oui\u00a0! jamais\u00a0!\u2026","rel":"","context":"Dans &quot;Chili &amp; Argentine&quot;","block_context":{"text":"Chili &amp; Argentine","link":"https:\/\/imaginedemain.fr\/index.php\/category\/chile-y-argentina\/"},"img":{"alt_text":"","src":"https:\/\/i0.wp.com\/imaginedemain.fr\/wp-content\/uploads\/2015\/02\/dsc05277.jpg?fit=1200%2C673&ssl=1&resize=350%2C200","width":350,"height":200,"srcset":"https:\/\/i0.wp.com\/imaginedemain.fr\/wp-content\/uploads\/2015\/02\/dsc05277.jpg?fit=1200%2C673&ssl=1&resize=350%2C200 1x, https:\/\/i0.wp.com\/imaginedemain.fr\/wp-content\/uploads\/2015\/02\/dsc05277.jpg?fit=1200%2C673&ssl=1&resize=525%2C300 1.5x, https:\/\/i0.wp.com\/imaginedemain.fr\/wp-content\/uploads\/2015\/02\/dsc05277.jpg?fit=1200%2C673&ssl=1&resize=700%2C400 2x, https:\/\/i0.wp.com\/imaginedemain.fr\/wp-content\/uploads\/2015\/02\/dsc05277.jpg?fit=1200%2C673&ssl=1&resize=1050%2C600 3x"},"classes":[]},{"id":575,"url":"https:\/\/imaginedemain.fr\/index.php\/2015\/01\/15\/detroit-de-magellan-le-mythe\/","url_meta":{"origin":1101,"position":4},"title":"D\u00e9troit de Magellan, le mythe","author":"Philippe","date":"15 janvier 2015","format":false,"excerpt":"Apr\u00e8s le Perito Moreno en Argentine, poursuivant toujours plus sud nous revenons au Chili. Cinq guichets \u00e0 franchir et trois bonnes heures au poste fronti\u00e8re. Au cinqui\u00e8me et dernier guichet, un douanier chilien saisit les deux oranges et les deux avocats que nous transportons. Il les p\u00e8se sur un p\u00e8se-h\u00e9ro\u00efne,\u2026","rel":"","context":"Dans &quot;Chili &amp; Argentine&quot;","block_context":{"text":"Chili &amp; Argentine","link":"https:\/\/imaginedemain.fr\/index.php\/category\/chile-y-argentina\/"},"img":{"alt_text":"IMG_1025","src":"https:\/\/phicatgarnier.files.wordpress.com\/2015\/01\/img_1025.jpg?w=350&h=200&crop=1","width":350,"height":200,"srcset":"https:\/\/phicatgarnier.files.wordpress.com\/2015\/01\/img_1025.jpg?w=350&h=200&crop=1 1x, https:\/\/phicatgarnier.files.wordpress.com\/2015\/01\/img_1025.jpg?w=525&h=300&crop=1 1.5x, https:\/\/phicatgarnier.files.wordpress.com\/2015\/01\/img_1025.jpg?w=700&h=400&crop=1 2x"},"classes":[]},{"id":104,"url":"https:\/\/imaginedemain.fr\/index.php\/2014\/12\/04\/notre-module-sest-pose-sur-mars-mais-repond-toujours\/","url_meta":{"origin":1101,"position":5},"title":"Notre module s&rsquo;est pos\u00e9 sur Mars, mais r\u00e9pond toujours.","author":"Philippe","date":"4 d\u00e9cembre 2014","format":false,"excerpt":"Beaucoup d'\u00e9l\u00e9ments diff\u00e9rencient les Andes des Alpes ... mais l'un majeur est la pr\u00e9sence de volcans actifs tout au long des Andes. Tr\u00e8s nombreux dans ces r\u00e9gions, il se pr\u00e9sentent sous la forme parfaite du volcan, \u00e0 la \"Mont Fuji\", un c\u00f4ne couronn\u00e9 de cr\u00e8me glac\u00e9e. Notre gite face au\u2026","rel":"","context":"Dans &quot;Chili &amp; Argentine&quot;","block_context":{"text":"Chili &amp; Argentine","link":"https:\/\/imaginedemain.fr\/index.php\/category\/chile-y-argentina\/"},"img":{"alt_text":"","src":"https:\/\/i0.wp.com\/imaginedemain.fr\/wp-content\/uploads\/2014\/12\/dsc00427.jpg?fit=1200%2C673&ssl=1&resize=350%2C200","width":350,"height":200,"srcset":"https:\/\/i0.wp.com\/imaginedemain.fr\/wp-content\/uploads\/2014\/12\/dsc00427.jpg?fit=1200%2C673&ssl=1&resize=350%2C200 1x, https:\/\/i0.wp.com\/imaginedemain.fr\/wp-content\/uploads\/2014\/12\/dsc00427.jpg?fit=1200%2C673&ssl=1&resize=525%2C300 1.5x, https:\/\/i0.wp.com\/imaginedemain.fr\/wp-content\/uploads\/2014\/12\/dsc00427.jpg?fit=1200%2C673&ssl=1&resize=700%2C400 2x, https:\/\/i0.wp.com\/imaginedemain.fr\/wp-content\/uploads\/2014\/12\/dsc00427.jpg?fit=1200%2C673&ssl=1&resize=1050%2C600 3x"},"classes":[]}],"jetpack_sharing_enabled":true,"_links":{"self":[{"href":"https:\/\/imaginedemain.fr\/index.php\/wp-json\/wp\/v2\/posts\/1101","targetHints":{"allow":["GET"]}}],"collection":[{"href":"https:\/\/imaginedemain.fr\/index.php\/wp-json\/wp\/v2\/posts"}],"about":[{"href":"https:\/\/imaginedemain.fr\/index.php\/wp-json\/wp\/v2\/types\/post"}],"author":[{"embeddable":true,"href":"https:\/\/imaginedemain.fr\/index.php\/wp-json\/wp\/v2\/users\/1"}],"replies":[{"embeddable":true,"href":"https:\/\/imaginedemain.fr\/index.php\/wp-json\/wp\/v2\/comments?post=1101"}],"version-history":[{"count":1,"href":"https:\/\/imaginedemain.fr\/index.php\/wp-json\/wp\/v2\/posts\/1101\/revisions"}],"predecessor-version":[{"id":2139,"href":"https:\/\/imaginedemain.fr\/index.php\/wp-json\/wp\/v2\/posts\/1101\/revisions\/2139"}],"wp:featuredmedia":[{"embeddable":true,"href":"https:\/\/imaginedemain.fr\/index.php\/wp-json\/wp\/v2\/media\/1085"}],"wp:attachment":[{"href":"https:\/\/imaginedemain.fr\/index.php\/wp-json\/wp\/v2\/media?parent=1101"}],"wp:term":[{"taxonomy":"category","embeddable":true,"href":"https:\/\/imaginedemain.fr\/index.php\/wp-json\/wp\/v2\/categories?post=1101"},{"taxonomy":"post_tag","embeddable":true,"href":"https:\/\/imaginedemain.fr\/index.php\/wp-json\/wp\/v2\/tags?post=1101"}],"curies":[{"name":"wp","href":"https:\/\/api.w.org\/{rel}","templated":true}]}}