{"id":1233,"date":"2017-03-17T15:25:28","date_gmt":"2017-03-17T14:25:28","guid":{"rendered":"https:\/\/imagine2016.wordpress.com\/?p=1233"},"modified":"2017-04-22T17:06:56","modified_gmt":"2017-04-22T15:06:56","slug":"fuerteventura-la-venteuse-laventureuse","status":"publish","type":"post","link":"https:\/\/imaginedemain.fr\/index.php\/2017\/03\/17\/fuerteventura-la-venteuse-laventureuse\/","title":{"rendered":"Fuerteventura, la venteuse, l\u2019aventureuse"},"content":{"rendered":"<p style=\"text-align: justify;\">S\u00e9par\u00e9e de Lanzarote par un d\u00e9troit d\u2019une douzaine de kilom\u00e8tres seulement, \u00e9loign\u00e9e de l\u2019Afrique d\u2019une centaine, Fuerteventura,\u00a0 l\u2019ile du <em>\u00ab\u00a0vent fort\u00a0\u00bb<\/em> n\u2019usurpe pas son nom. Les nombreux moulins \u00e0 vent d\u2019un joli style campagnard, ancr\u00e9s dans un paysage fi\u00e8rement aride, nous en fournissent un indice d\u00e8s le premier jour.<\/p>\n<div id=\"attachment_1292\" style=\"width: 4602px\" class=\"wp-caption alignnone\"><img data-recalc-dims=\"1\" loading=\"lazy\" decoding=\"async\" aria-describedby=\"caption-attachment-1292\" data-attachment-id=\"1292\" data-permalink=\"https:\/\/imaginedemain.fr\/index.php\/2017\/03\/17\/fuerteventura-la-venteuse-laventureuse\/sony-dsc-97-2\/\" data-orig-file=\"https:\/\/i0.wp.com\/imaginedemain.fr\/wp-content\/uploads\/2017\/03\/fuerteventura-comp-01.jpg?fit=4592%2C2576&amp;ssl=1\" data-orig-size=\"4592,2576\" data-comments-opened=\"1\" data-image-meta=\"{&quot;aperture&quot;:&quot;11&quot;,&quot;credit&quot;:&quot;Picasa&quot;,&quot;camera&quot;:&quot;DSLR-A350&quot;,&quot;caption&quot;:&quot;SONY DSC&quot;,&quot;created_timestamp&quot;:&quot;1489315546&quot;,&quot;copyright&quot;:&quot;&quot;,&quot;focal_length&quot;:&quot;70&quot;,&quot;iso&quot;:&quot;100&quot;,&quot;shutter_speed&quot;:&quot;0.005&quot;,&quot;title&quot;:&quot;SONY DSC&quot;,&quot;orientation&quot;:&quot;0&quot;}\" data-image-title=\"SONY DSC\" data-image-description=\"\" data-image-caption=\"&lt;p&gt;SONY DSC&lt;\/p&gt;\n\" data-large-file=\"https:\/\/i0.wp.com\/imaginedemain.fr\/wp-content\/uploads\/2017\/03\/fuerteventura-comp-01.jpg?fit=600%2C336&amp;ssl=1\" class=\"wp-image-1292 size-full\" src=\"https:\/\/i0.wp.com\/imaginedemain.fr\/wp-content\/uploads\/2017\/03\/fuerteventura-comp-01.jpg?resize=600%2C337\" alt=\"Moulin \u00e0 vent \u00e0 Fuerteventura\" width=\"600\" height=\"337\" srcset=\"https:\/\/i0.wp.com\/imaginedemain.fr\/wp-content\/uploads\/2017\/03\/fuerteventura-comp-01.jpg?w=4592&amp;ssl=1 4592w, https:\/\/i0.wp.com\/imaginedemain.fr\/wp-content\/uploads\/2017\/03\/fuerteventura-comp-01.jpg?resize=300%2C168&amp;ssl=1 300w, https:\/\/i0.wp.com\/imaginedemain.fr\/wp-content\/uploads\/2017\/03\/fuerteventura-comp-01.jpg?resize=768%2C431&amp;ssl=1 768w, https:\/\/i0.wp.com\/imaginedemain.fr\/wp-content\/uploads\/2017\/03\/fuerteventura-comp-01.jpg?resize=1024%2C574&amp;ssl=1 1024w, https:\/\/i0.wp.com\/imaginedemain.fr\/wp-content\/uploads\/2017\/03\/fuerteventura-comp-01.jpg?resize=620%2C348&amp;ssl=1 620w, https:\/\/i0.wp.com\/imaginedemain.fr\/wp-content\/uploads\/2017\/03\/fuerteventura-comp-01.jpg?w=1200&amp;ssl=1 1200w, https:\/\/i0.wp.com\/imaginedemain.fr\/wp-content\/uploads\/2017\/03\/fuerteventura-comp-01.jpg?w=1800&amp;ssl=1 1800w\" sizes=\"auto, (max-width: 600px) 100vw, 600px\" \/><p id=\"caption-attachment-1292\" class=\"wp-caption-text\">Moulin \u00e0 vent \u00e0 Fuerteventura<\/p><\/div>\n<p style=\"text-align: justify;\">La preuve en arrive quand, louant des VTT \u00e0 El Cotillo, nous prenons la piste c\u00f4ti\u00e8re. Vent, plut\u00f4t rafales debout, en direction de Coralejo \u00e0 vingt-cinq kilom\u00e8tres de distance. Tout aussi debout sur les p\u00e9dales, nous cahotons sur les pierres et nous jouons notre \u00e9quilibre sur les plaques de sable rabattues sur la piste comme des cong\u00e8res.<\/p>\n<div id=\"attachment_1304\" style=\"width: 4010px\" class=\"wp-caption alignnone\"><img data-recalc-dims=\"1\" loading=\"lazy\" decoding=\"async\" aria-describedby=\"caption-attachment-1304\" data-attachment-id=\"1304\" data-permalink=\"https:\/\/imaginedemain.fr\/index.php\/2017\/03\/17\/fuerteventura-la-venteuse-laventureuse\/fuerteventura-comp-13\/\" data-orig-file=\"https:\/\/i0.wp.com\/imaginedemain.fr\/wp-content\/uploads\/2017\/03\/fuerteventura-comp-13.jpg?fit=4000%2C3000&amp;ssl=1\" data-orig-size=\"4000,3000\" data-comments-opened=\"1\" data-image-meta=\"{&quot;aperture&quot;:&quot;5.4&quot;,&quot;credit&quot;:&quot;Picasa&quot;,&quot;camera&quot;:&quot;COOLPIX S570&quot;,&quot;caption&quot;:&quot;&quot;,&quot;created_timestamp&quot;:&quot;&quot;,&quot;copyright&quot;:&quot;&quot;,&quot;focal_length&quot;:&quot;17.9&quot;,&quot;iso&quot;:&quot;80&quot;,&quot;shutter_speed&quot;:&quot;0.0015625&quot;,&quot;title&quot;:&quot;&quot;,&quot;orientation&quot;:&quot;0&quot;}\" data-image-title=\"Fuerteventura comp 13\" data-image-description=\"\" data-image-caption=\"\" data-large-file=\"https:\/\/i0.wp.com\/imaginedemain.fr\/wp-content\/uploads\/2017\/03\/fuerteventura-comp-13.jpg?fit=600%2C450&amp;ssl=1\" class=\"wp-image-1304 size-full\" src=\"https:\/\/i0.wp.com\/imaginedemain.fr\/wp-content\/uploads\/2017\/03\/fuerteventura-comp-13.jpg?resize=600%2C450\" alt=\"Route c\u00f4ti\u00e8re pr\u00e8s de Corralejo\" width=\"600\" height=\"450\" srcset=\"https:\/\/i0.wp.com\/imaginedemain.fr\/wp-content\/uploads\/2017\/03\/fuerteventura-comp-13.jpg?w=4000&amp;ssl=1 4000w, https:\/\/i0.wp.com\/imaginedemain.fr\/wp-content\/uploads\/2017\/03\/fuerteventura-comp-13.jpg?resize=300%2C225&amp;ssl=1 300w, https:\/\/i0.wp.com\/imaginedemain.fr\/wp-content\/uploads\/2017\/03\/fuerteventura-comp-13.jpg?resize=768%2C576&amp;ssl=1 768w, https:\/\/i0.wp.com\/imaginedemain.fr\/wp-content\/uploads\/2017\/03\/fuerteventura-comp-13.jpg?resize=1024%2C768&amp;ssl=1 1024w, https:\/\/i0.wp.com\/imaginedemain.fr\/wp-content\/uploads\/2017\/03\/fuerteventura-comp-13.jpg?resize=620%2C465&amp;ssl=1 620w, https:\/\/i0.wp.com\/imaginedemain.fr\/wp-content\/uploads\/2017\/03\/fuerteventura-comp-13.jpg?w=1200&amp;ssl=1 1200w, https:\/\/i0.wp.com\/imaginedemain.fr\/wp-content\/uploads\/2017\/03\/fuerteventura-comp-13.jpg?w=1800&amp;ssl=1 1800w\" sizes=\"auto, (max-width: 600px) 100vw, 600px\" \/><p id=\"caption-attachment-1304\" class=\"wp-caption-text\">Force 5 sur la route c\u00f4ti\u00e8re pr\u00e8s de Corralejo<\/p><\/div>\n<p>&nbsp;<\/p>\n<div id=\"attachment_1303\" style=\"width: 4010px\" class=\"wp-caption alignnone\"><img data-recalc-dims=\"1\" loading=\"lazy\" decoding=\"async\" aria-describedby=\"caption-attachment-1303\" data-attachment-id=\"1303\" data-permalink=\"https:\/\/imaginedemain.fr\/index.php\/2017\/03\/17\/fuerteventura-la-venteuse-laventureuse\/fuerteventura-comp-12\/\" data-orig-file=\"https:\/\/i0.wp.com\/imaginedemain.fr\/wp-content\/uploads\/2017\/03\/fuerteventura-comp-12.jpg?fit=4000%2C3000&amp;ssl=1\" data-orig-size=\"4000,3000\" data-comments-opened=\"1\" data-image-meta=\"{&quot;aperture&quot;:&quot;6.6&quot;,&quot;credit&quot;:&quot;Picasa&quot;,&quot;camera&quot;:&quot;COOLPIX S570&quot;,&quot;caption&quot;:&quot;&quot;,&quot;created_timestamp&quot;:&quot;&quot;,&quot;copyright&quot;:&quot;&quot;,&quot;focal_length&quot;:&quot;25&quot;,&quot;iso&quot;:&quot;80&quot;,&quot;shutter_speed&quot;:&quot;0.0015625&quot;,&quot;title&quot;:&quot;&quot;,&quot;orientation&quot;:&quot;0&quot;}\" data-image-title=\"Fuerteventura comp 12\" data-image-description=\"\" data-image-caption=\"\" data-large-file=\"https:\/\/i0.wp.com\/imaginedemain.fr\/wp-content\/uploads\/2017\/03\/fuerteventura-comp-12.jpg?fit=600%2C450&amp;ssl=1\" class=\"wp-image-1303 size-full\" src=\"https:\/\/i0.wp.com\/imaginedemain.fr\/wp-content\/uploads\/2017\/03\/fuerteventura-comp-12.jpg?resize=600%2C450\" alt=\"Route c\u00f4ti\u00e8re pr\u00e8s de Corralejo\" width=\"600\" height=\"450\" srcset=\"https:\/\/i0.wp.com\/imaginedemain.fr\/wp-content\/uploads\/2017\/03\/fuerteventura-comp-12.jpg?w=4000&amp;ssl=1 4000w, https:\/\/i0.wp.com\/imaginedemain.fr\/wp-content\/uploads\/2017\/03\/fuerteventura-comp-12.jpg?resize=300%2C225&amp;ssl=1 300w, https:\/\/i0.wp.com\/imaginedemain.fr\/wp-content\/uploads\/2017\/03\/fuerteventura-comp-12.jpg?resize=768%2C576&amp;ssl=1 768w, https:\/\/i0.wp.com\/imaginedemain.fr\/wp-content\/uploads\/2017\/03\/fuerteventura-comp-12.jpg?resize=1024%2C768&amp;ssl=1 1024w, https:\/\/i0.wp.com\/imaginedemain.fr\/wp-content\/uploads\/2017\/03\/fuerteventura-comp-12.jpg?resize=620%2C465&amp;ssl=1 620w, https:\/\/i0.wp.com\/imaginedemain.fr\/wp-content\/uploads\/2017\/03\/fuerteventura-comp-12.jpg?w=1200&amp;ssl=1 1200w, https:\/\/i0.wp.com\/imaginedemain.fr\/wp-content\/uploads\/2017\/03\/fuerteventura-comp-12.jpg?w=1800&amp;ssl=1 1800w\" sizes=\"auto, (max-width: 600px) 100vw, 600px\" \/><p id=\"caption-attachment-1303\" class=\"wp-caption-text\">Avec le vent le sable recouvre la piste<\/p><\/div>\n<h6 style=\"text-align: justify;\"><\/h6>\n<h6 style=\"text-align: justify;\">A Fuerteventura, presque tout pour la glisse<\/h6>\n<p style=\"text-align: justify;\">Sur notre gauche l\u2019Atlantique \u00e9cume sur les platiers de lave polis par le temps. A notre droite la poussi\u00e8re tourbillonne sur les pierriers de lave \u00e9miett\u00e9e par le temps. Les v\u00e9liplanchistes profitent de ces conditions muscl\u00e9es pour d\u00e9coller sur les vagues et faire des sauts impressionnants.<\/p>\n<div id=\"attachment_1305\" style=\"width: 4010px\" class=\"wp-caption alignnone\"><img data-recalc-dims=\"1\" loading=\"lazy\" decoding=\"async\" aria-describedby=\"caption-attachment-1305\" data-attachment-id=\"1305\" data-permalink=\"https:\/\/imaginedemain.fr\/index.php\/2017\/03\/17\/fuerteventura-la-venteuse-laventureuse\/fuerteventura-comp-14\/\" data-orig-file=\"https:\/\/i0.wp.com\/imaginedemain.fr\/wp-content\/uploads\/2017\/03\/fuerteventura-comp-14.jpg?fit=4000%2C3000&amp;ssl=1\" data-orig-size=\"4000,3000\" data-comments-opened=\"1\" data-image-meta=\"{&quot;aperture&quot;:&quot;13.2&quot;,&quot;credit&quot;:&quot;Picasa&quot;,&quot;camera&quot;:&quot;COOLPIX S570&quot;,&quot;caption&quot;:&quot;&quot;,&quot;created_timestamp&quot;:&quot;&quot;,&quot;copyright&quot;:&quot;&quot;,&quot;focal_length&quot;:&quot;25&quot;,&quot;iso&quot;:&quot;80&quot;,&quot;shutter_speed&quot;:&quot;0.003125&quot;,&quot;title&quot;:&quot;&quot;,&quot;orientation&quot;:&quot;0&quot;}\" data-image-title=\"Fuerteventura comp 14\" data-image-description=\"\" data-image-caption=\"\" data-large-file=\"https:\/\/i0.wp.com\/imaginedemain.fr\/wp-content\/uploads\/2017\/03\/fuerteventura-comp-14.jpg?fit=600%2C450&amp;ssl=1\" class=\"wp-image-1305 size-full\" src=\"https:\/\/i0.wp.com\/imaginedemain.fr\/wp-content\/uploads\/2017\/03\/fuerteventura-comp-14.jpg?resize=600%2C450\" alt=\"Planche \u00e0 voile \u00e0 Fuerteventura\" width=\"600\" height=\"450\" srcset=\"https:\/\/i0.wp.com\/imaginedemain.fr\/wp-content\/uploads\/2017\/03\/fuerteventura-comp-14.jpg?w=4000&amp;ssl=1 4000w, https:\/\/i0.wp.com\/imaginedemain.fr\/wp-content\/uploads\/2017\/03\/fuerteventura-comp-14.jpg?resize=300%2C225&amp;ssl=1 300w, https:\/\/i0.wp.com\/imaginedemain.fr\/wp-content\/uploads\/2017\/03\/fuerteventura-comp-14.jpg?resize=768%2C576&amp;ssl=1 768w, https:\/\/i0.wp.com\/imaginedemain.fr\/wp-content\/uploads\/2017\/03\/fuerteventura-comp-14.jpg?resize=1024%2C768&amp;ssl=1 1024w, https:\/\/i0.wp.com\/imaginedemain.fr\/wp-content\/uploads\/2017\/03\/fuerteventura-comp-14.jpg?resize=620%2C465&amp;ssl=1 620w, https:\/\/i0.wp.com\/imaginedemain.fr\/wp-content\/uploads\/2017\/03\/fuerteventura-comp-14.jpg?w=1200&amp;ssl=1 1200w, https:\/\/i0.wp.com\/imaginedemain.fr\/wp-content\/uploads\/2017\/03\/fuerteventura-comp-14.jpg?w=1800&amp;ssl=1 1800w\" sizes=\"auto, (max-width: 600px) 100vw, 600px\" \/><p id=\"caption-attachment-1305\" class=\"wp-caption-text\">Par force 5 les planches \u00e0 voiles sont de sortie<\/p><\/div>\n<p style=\"text-align: justify;\">Fuerteventura c\u2019est une destination mythique pour tous ces fans de glisse. Ici \u00ab\u00a0board\u00a0\u00bb ne signifie pas \u00ab\u00a0conseil d\u2019administration\u00a0\u00bb, mais \u00ab\u00a0planche\u00a0\u00bb! Planche \u00e0 voile, surf, kite, de la glisse, de la vitesse, du fun! Des vagues et du vent, les riders en sont addicts. Pas nous, mais on le regrette bien!<\/p>\n<p style=\"text-align: justify;\">On ne compte plus les board shops, les shapers, \u00a0les surfs schools, o\u00f9 l\u2019Europe du Nord\u00a0 d\u00e9p\u00eache des escouades de sir\u00e8nes bor\u00e9ales. Elle viennent y comparer leur teint p\u00e2le \u00e0 la peau des \u00e9l\u00e9gantes ib\u00e9riques, cuivr\u00e9e par un soleil\u00a0 \u00e0 3000 heures de temps de travail, avant de se balancer ensemble sur la cr\u00eate mousseuse des d\u00e9ferlantes.<\/p>\n<p style=\"text-align: justify;\"><img data-recalc-dims=\"1\" loading=\"lazy\" decoding=\"async\" data-attachment-id=\"1312\" data-permalink=\"https:\/\/imaginedemain.fr\/index.php\/2017\/03\/17\/fuerteventura-la-venteuse-laventureuse\/sony-dsc-114-2\/\" data-orig-file=\"https:\/\/i0.wp.com\/imaginedemain.fr\/wp-content\/uploads\/2017\/03\/fuerteventura-comp-21.jpg?fit=4592%2C2576&amp;ssl=1\" data-orig-size=\"4592,2576\" data-comments-opened=\"1\" data-image-meta=\"{&quot;aperture&quot;:&quot;25&quot;,&quot;credit&quot;:&quot;Picasa&quot;,&quot;camera&quot;:&quot;DSLR-A350&quot;,&quot;caption&quot;:&quot;SONY DSC&quot;,&quot;created_timestamp&quot;:&quot;1489514270&quot;,&quot;copyright&quot;:&quot;&quot;,&quot;focal_length&quot;:&quot;250&quot;,&quot;iso&quot;:&quot;800&quot;,&quot;shutter_speed&quot;:&quot;0.0025&quot;,&quot;title&quot;:&quot;SONY DSC&quot;,&quot;orientation&quot;:&quot;0&quot;}\" data-image-title=\"SONY DSC\" data-image-description=\"\" data-image-caption=\"\" data-large-file=\"https:\/\/i0.wp.com\/imaginedemain.fr\/wp-content\/uploads\/2017\/03\/fuerteventura-comp-21.jpg?fit=600%2C336&amp;ssl=1\" class=\"aligncenter wp-image-1312 size-large\" src=\"https:\/\/i0.wp.com\/imaginedemain.fr\/wp-content\/uploads\/2017\/03\/fuerteventura-comp-21-1024x574.jpg?resize=600%2C336\" alt=\"Surfeuse\" width=\"600\" height=\"336\" srcset=\"https:\/\/i0.wp.com\/imaginedemain.fr\/wp-content\/uploads\/2017\/03\/fuerteventura-comp-21.jpg?resize=1024%2C574&amp;ssl=1 1024w, https:\/\/i0.wp.com\/imaginedemain.fr\/wp-content\/uploads\/2017\/03\/fuerteventura-comp-21.jpg?resize=300%2C168&amp;ssl=1 300w, https:\/\/i0.wp.com\/imaginedemain.fr\/wp-content\/uploads\/2017\/03\/fuerteventura-comp-21.jpg?resize=768%2C431&amp;ssl=1 768w, https:\/\/i0.wp.com\/imaginedemain.fr\/wp-content\/uploads\/2017\/03\/fuerteventura-comp-21.jpg?resize=620%2C348&amp;ssl=1 620w, https:\/\/i0.wp.com\/imaginedemain.fr\/wp-content\/uploads\/2017\/03\/fuerteventura-comp-21.jpg?w=1200&amp;ssl=1 1200w, https:\/\/i0.wp.com\/imaginedemain.fr\/wp-content\/uploads\/2017\/03\/fuerteventura-comp-21.jpg?w=1800&amp;ssl=1 1800w\" sizes=\"auto, (max-width: 600px) 100vw, 600px\" \/><\/p>\n<p style=\"text-align: justify;\"><img data-recalc-dims=\"1\" loading=\"lazy\" decoding=\"async\" data-attachment-id=\"1334\" data-permalink=\"https:\/\/imaginedemain.fr\/index.php\/2017\/03\/17\/fuerteventura-la-venteuse-laventureuse\/sony-dsc-119-2\/\" data-orig-file=\"https:\/\/i0.wp.com\/imaginedemain.fr\/wp-content\/uploads\/2017\/03\/fuerteventura-comp-102.jpg?fit=2183%2C3869&amp;ssl=1\" data-orig-size=\"2183,3869\" data-comments-opened=\"1\" data-image-meta=\"{&quot;aperture&quot;:&quot;36&quot;,&quot;credit&quot;:&quot;Picasa&quot;,&quot;camera&quot;:&quot;DSLR-A350&quot;,&quot;caption&quot;:&quot;SONY DSC&quot;,&quot;created_timestamp&quot;:&quot;1489581774&quot;,&quot;copyright&quot;:&quot;&quot;,&quot;focal_length&quot;:&quot;135&quot;,&quot;iso&quot;:&quot;800&quot;,&quot;shutter_speed&quot;:&quot;0.00625&quot;,&quot;title&quot;:&quot;SONY DSC&quot;,&quot;orientation&quot;:&quot;0&quot;}\" data-image-title=\"SONY DSC\" data-image-description=\"\" data-image-caption=\"\" data-large-file=\"https:\/\/i0.wp.com\/imaginedemain.fr\/wp-content\/uploads\/2017\/03\/fuerteventura-comp-102.jpg?fit=578%2C1024&amp;ssl=1\" class=\"aligncenter wp-image-1334 size-full\" src=\"https:\/\/i0.wp.com\/imaginedemain.fr\/wp-content\/uploads\/2017\/03\/fuerteventura-comp-102.jpg?resize=600%2C1063\" alt=\"Passante dans une rue de Corralejo\" width=\"600\" height=\"1063\" srcset=\"https:\/\/i0.wp.com\/imaginedemain.fr\/wp-content\/uploads\/2017\/03\/fuerteventura-comp-102.jpg?w=2183&amp;ssl=1 2183w, https:\/\/i0.wp.com\/imaginedemain.fr\/wp-content\/uploads\/2017\/03\/fuerteventura-comp-102.jpg?resize=169%2C300&amp;ssl=1 169w, https:\/\/i0.wp.com\/imaginedemain.fr\/wp-content\/uploads\/2017\/03\/fuerteventura-comp-102.jpg?resize=768%2C1361&amp;ssl=1 768w, https:\/\/i0.wp.com\/imaginedemain.fr\/wp-content\/uploads\/2017\/03\/fuerteventura-comp-102.jpg?resize=578%2C1024&amp;ssl=1 578w, https:\/\/i0.wp.com\/imaginedemain.fr\/wp-content\/uploads\/2017\/03\/fuerteventura-comp-102.jpg?resize=620%2C1099&amp;ssl=1 620w, https:\/\/i0.wp.com\/imaginedemain.fr\/wp-content\/uploads\/2017\/03\/fuerteventura-comp-102.jpg?w=1200&amp;ssl=1 1200w, https:\/\/i0.wp.com\/imaginedemain.fr\/wp-content\/uploads\/2017\/03\/fuerteventura-comp-102.jpg?w=1800&amp;ssl=1 1800w\" sizes=\"auto, (max-width: 600px) 100vw, 600px\" \/><\/p>\n<p><img data-recalc-dims=\"1\" loading=\"lazy\" decoding=\"async\" data-attachment-id=\"1310\" data-permalink=\"https:\/\/imaginedemain.fr\/index.php\/2017\/03\/17\/fuerteventura-la-venteuse-laventureuse\/sony-dsc-112-2\/\" data-orig-file=\"https:\/\/i0.wp.com\/imaginedemain.fr\/wp-content\/uploads\/2017\/03\/fuerteventura-comp-19.jpg?fit=4592%2C2576&amp;ssl=1\" data-orig-size=\"4592,2576\" data-comments-opened=\"1\" data-image-meta=\"{&quot;aperture&quot;:&quot;25&quot;,&quot;credit&quot;:&quot;Picasa&quot;,&quot;camera&quot;:&quot;DSLR-A350&quot;,&quot;caption&quot;:&quot;SONY DSC&quot;,&quot;created_timestamp&quot;:&quot;1489513859&quot;,&quot;copyright&quot;:&quot;&quot;,&quot;focal_length&quot;:&quot;300&quot;,&quot;iso&quot;:&quot;800&quot;,&quot;shutter_speed&quot;:&quot;0.0025&quot;,&quot;title&quot;:&quot;SONY DSC&quot;,&quot;orientation&quot;:&quot;0&quot;}\" data-image-title=\"SONY DSC\" data-image-description=\"\" data-image-caption=\"&lt;p&gt;SONY DSC&lt;\/p&gt;\n\" data-large-file=\"https:\/\/i0.wp.com\/imaginedemain.fr\/wp-content\/uploads\/2017\/03\/fuerteventura-comp-19.jpg?fit=600%2C336&amp;ssl=1\" class=\"alignnone wp-image-1310 size-full\" src=\"https:\/\/i0.wp.com\/imaginedemain.fr\/wp-content\/uploads\/2017\/03\/fuerteventura-comp-19.jpg?resize=600%2C337\" alt=\"Surfeuses\" width=\"600\" height=\"337\" srcset=\"https:\/\/i0.wp.com\/imaginedemain.fr\/wp-content\/uploads\/2017\/03\/fuerteventura-comp-19.jpg?w=4592&amp;ssl=1 4592w, https:\/\/i0.wp.com\/imaginedemain.fr\/wp-content\/uploads\/2017\/03\/fuerteventura-comp-19.jpg?resize=300%2C168&amp;ssl=1 300w, https:\/\/i0.wp.com\/imaginedemain.fr\/wp-content\/uploads\/2017\/03\/fuerteventura-comp-19.jpg?resize=768%2C431&amp;ssl=1 768w, https:\/\/i0.wp.com\/imaginedemain.fr\/wp-content\/uploads\/2017\/03\/fuerteventura-comp-19.jpg?resize=1024%2C574&amp;ssl=1 1024w, https:\/\/i0.wp.com\/imaginedemain.fr\/wp-content\/uploads\/2017\/03\/fuerteventura-comp-19.jpg?resize=620%2C348&amp;ssl=1 620w, https:\/\/i0.wp.com\/imaginedemain.fr\/wp-content\/uploads\/2017\/03\/fuerteventura-comp-19.jpg?w=1200&amp;ssl=1 1200w, https:\/\/i0.wp.com\/imaginedemain.fr\/wp-content\/uploads\/2017\/03\/fuerteventura-comp-19.jpg?w=1800&amp;ssl=1 1800w\" sizes=\"auto, (max-width: 600px) 100vw, 600px\" \/><\/p>\n\n\t\t<style type=\"text\/css\">\n\t\t\t#gallery-1 {\n\t\t\t\tmargin: auto;\n\t\t\t}\n\t\t\t#gallery-1 .gallery-item {\n\t\t\t\tfloat: left;\n\t\t\t\tmargin-top: 10px;\n\t\t\t\ttext-align: center;\n\t\t\t\twidth: 33%;\n\t\t\t}\n\t\t\t#gallery-1 img {\n\t\t\t\tborder: 2px solid #cfcfcf;\n\t\t\t}\n\t\t\t#gallery-1 .gallery-caption {\n\t\t\t\tmargin-left: 0;\n\t\t\t}\n\t\t\t\/* see gallery_shortcode() in wp-includes\/media.php *\/\n\t\t<\/style>\n\t\t<div data-carousel-extra='{&quot;blog_id&quot;:1,&quot;permalink&quot;:&quot;https:\/\/imaginedemain.fr\/index.php\/2017\/03\/17\/fuerteventura-la-venteuse-laventureuse\/&quot;}' id='gallery-1' class='gallery galleryid-1233 gallery-columns-3 gallery-size-large'><dl class='gallery-item'>\n\t\t\t<dt class='gallery-icon landscape'>\n\t\t\t\t<a href='https:\/\/imaginedemain.fr\/index.php\/2017\/03\/17\/fuerteventura-la-venteuse-laventureuse\/sony-dsc-113-2\/'><img loading=\"lazy\" decoding=\"async\" width=\"600\" height=\"336\" src=\"https:\/\/i0.wp.com\/imaginedemain.fr\/wp-content\/uploads\/2017\/03\/fuerteventura-comp-20.jpg?fit=600%2C336&amp;ssl=1\" class=\"attachment-large size-large\" alt=\"\" srcset=\"https:\/\/i0.wp.com\/imaginedemain.fr\/wp-content\/uploads\/2017\/03\/fuerteventura-comp-20.jpg?w=4592&amp;ssl=1 4592w, https:\/\/i0.wp.com\/imaginedemain.fr\/wp-content\/uploads\/2017\/03\/fuerteventura-comp-20.jpg?resize=300%2C168&amp;ssl=1 300w, https:\/\/i0.wp.com\/imaginedemain.fr\/wp-content\/uploads\/2017\/03\/fuerteventura-comp-20.jpg?resize=768%2C431&amp;ssl=1 768w, https:\/\/i0.wp.com\/imaginedemain.fr\/wp-content\/uploads\/2017\/03\/fuerteventura-comp-20.jpg?resize=1024%2C574&amp;ssl=1 1024w, https:\/\/i0.wp.com\/imaginedemain.fr\/wp-content\/uploads\/2017\/03\/fuerteventura-comp-20.jpg?resize=620%2C348&amp;ssl=1 620w, https:\/\/i0.wp.com\/imaginedemain.fr\/wp-content\/uploads\/2017\/03\/fuerteventura-comp-20.jpg?w=1200&amp;ssl=1 1200w, https:\/\/i0.wp.com\/imaginedemain.fr\/wp-content\/uploads\/2017\/03\/fuerteventura-comp-20.jpg?w=1800&amp;ssl=1 1800w\" sizes=\"auto, (max-width: 600px) 100vw, 600px\" data-attachment-id=\"1311\" data-permalink=\"https:\/\/imaginedemain.fr\/index.php\/2017\/03\/17\/fuerteventura-la-venteuse-laventureuse\/sony-dsc-113-2\/\" data-orig-file=\"https:\/\/i0.wp.com\/imaginedemain.fr\/wp-content\/uploads\/2017\/03\/fuerteventura-comp-20.jpg?fit=4592%2C2576&amp;ssl=1\" data-orig-size=\"4592,2576\" data-comments-opened=\"1\" data-image-meta=\"{&quot;aperture&quot;:&quot;29&quot;,&quot;credit&quot;:&quot;Picasa&quot;,&quot;camera&quot;:&quot;DSLR-A350&quot;,&quot;caption&quot;:&quot;SONY DSC&quot;,&quot;created_timestamp&quot;:&quot;1489513861&quot;,&quot;copyright&quot;:&quot;&quot;,&quot;focal_length&quot;:&quot;300&quot;,&quot;iso&quot;:&quot;800&quot;,&quot;shutter_speed&quot;:&quot;0.0025&quot;,&quot;title&quot;:&quot;SONY DSC&quot;,&quot;orientation&quot;:&quot;0&quot;}\" data-image-title=\"SONY DSC\" data-image-description=\"\" data-image-caption=\"\" data-large-file=\"https:\/\/i0.wp.com\/imaginedemain.fr\/wp-content\/uploads\/2017\/03\/fuerteventura-comp-20.jpg?fit=600%2C336&amp;ssl=1\" \/><\/a>\n\t\t\t<\/dt><\/dl><dl class='gallery-item'>\n\t\t\t<dt class='gallery-icon landscape'>\n\t\t\t\t<a href='https:\/\/imaginedemain.fr\/index.php\/2017\/03\/17\/fuerteventura-la-venteuse-laventureuse\/sony-dsc-108-2\/'><img loading=\"lazy\" decoding=\"async\" width=\"600\" height=\"336\" src=\"https:\/\/i0.wp.com\/imaginedemain.fr\/wp-content\/uploads\/2017\/03\/fuerteventura-comp-15.jpg?fit=600%2C336&amp;ssl=1\" class=\"attachment-large size-large\" alt=\"\" srcset=\"https:\/\/i0.wp.com\/imaginedemain.fr\/wp-content\/uploads\/2017\/03\/fuerteventura-comp-15.jpg?w=4592&amp;ssl=1 4592w, https:\/\/i0.wp.com\/imaginedemain.fr\/wp-content\/uploads\/2017\/03\/fuerteventura-comp-15.jpg?resize=300%2C168&amp;ssl=1 300w, https:\/\/i0.wp.com\/imaginedemain.fr\/wp-content\/uploads\/2017\/03\/fuerteventura-comp-15.jpg?resize=768%2C431&amp;ssl=1 768w, https:\/\/i0.wp.com\/imaginedemain.fr\/wp-content\/uploads\/2017\/03\/fuerteventura-comp-15.jpg?resize=1024%2C574&amp;ssl=1 1024w, https:\/\/i0.wp.com\/imaginedemain.fr\/wp-content\/uploads\/2017\/03\/fuerteventura-comp-15.jpg?resize=620%2C348&amp;ssl=1 620w, https:\/\/i0.wp.com\/imaginedemain.fr\/wp-content\/uploads\/2017\/03\/fuerteventura-comp-15.jpg?w=1200&amp;ssl=1 1200w, https:\/\/i0.wp.com\/imaginedemain.fr\/wp-content\/uploads\/2017\/03\/fuerteventura-comp-15.jpg?w=1800&amp;ssl=1 1800w\" sizes=\"auto, (max-width: 600px) 100vw, 600px\" data-attachment-id=\"1306\" data-permalink=\"https:\/\/imaginedemain.fr\/index.php\/2017\/03\/17\/fuerteventura-la-venteuse-laventureuse\/sony-dsc-108-2\/\" data-orig-file=\"https:\/\/i0.wp.com\/imaginedemain.fr\/wp-content\/uploads\/2017\/03\/fuerteventura-comp-15.jpg?fit=4592%2C2576&amp;ssl=1\" data-orig-size=\"4592,2576\" data-comments-opened=\"1\" data-image-meta=\"{&quot;aperture&quot;:&quot;29&quot;,&quot;credit&quot;:&quot;Picasa&quot;,&quot;camera&quot;:&quot;DSLR-A350&quot;,&quot;caption&quot;:&quot;SONY DSC&quot;,&quot;created_timestamp&quot;:&quot;1489513509&quot;,&quot;copyright&quot;:&quot;&quot;,&quot;focal_length&quot;:&quot;210&quot;,&quot;iso&quot;:&quot;800&quot;,&quot;shutter_speed&quot;:&quot;0.0025&quot;,&quot;title&quot;:&quot;SONY DSC&quot;,&quot;orientation&quot;:&quot;0&quot;}\" data-image-title=\"SONY DSC\" data-image-description=\"\" data-image-caption=\"\" data-large-file=\"https:\/\/i0.wp.com\/imaginedemain.fr\/wp-content\/uploads\/2017\/03\/fuerteventura-comp-15.jpg?fit=600%2C336&amp;ssl=1\" \/><\/a>\n\t\t\t<\/dt><\/dl><dl class='gallery-item'>\n\t\t\t<dt class='gallery-icon landscape'>\n\t\t\t\t<a href='https:\/\/imaginedemain.fr\/index.php\/2017\/03\/17\/fuerteventura-la-venteuse-laventureuse\/sony-dsc-109-2\/'><img loading=\"lazy\" decoding=\"async\" width=\"600\" height=\"336\" src=\"https:\/\/i0.wp.com\/imaginedemain.fr\/wp-content\/uploads\/2017\/03\/fuerteventura-comp-16.jpg?fit=600%2C336&amp;ssl=1\" class=\"attachment-large size-large\" alt=\"\" srcset=\"https:\/\/i0.wp.com\/imaginedemain.fr\/wp-content\/uploads\/2017\/03\/fuerteventura-comp-16.jpg?w=4592&amp;ssl=1 4592w, https:\/\/i0.wp.com\/imaginedemain.fr\/wp-content\/uploads\/2017\/03\/fuerteventura-comp-16.jpg?resize=300%2C168&amp;ssl=1 300w, https:\/\/i0.wp.com\/imaginedemain.fr\/wp-content\/uploads\/2017\/03\/fuerteventura-comp-16.jpg?resize=768%2C431&amp;ssl=1 768w, https:\/\/i0.wp.com\/imaginedemain.fr\/wp-content\/uploads\/2017\/03\/fuerteventura-comp-16.jpg?resize=1024%2C574&amp;ssl=1 1024w, https:\/\/i0.wp.com\/imaginedemain.fr\/wp-content\/uploads\/2017\/03\/fuerteventura-comp-16.jpg?resize=620%2C348&amp;ssl=1 620w, https:\/\/i0.wp.com\/imaginedemain.fr\/wp-content\/uploads\/2017\/03\/fuerteventura-comp-16.jpg?w=1200&amp;ssl=1 1200w, https:\/\/i0.wp.com\/imaginedemain.fr\/wp-content\/uploads\/2017\/03\/fuerteventura-comp-16.jpg?w=1800&amp;ssl=1 1800w\" sizes=\"auto, (max-width: 600px) 100vw, 600px\" data-attachment-id=\"1307\" data-permalink=\"https:\/\/imaginedemain.fr\/index.php\/2017\/03\/17\/fuerteventura-la-venteuse-laventureuse\/sony-dsc-109-2\/\" data-orig-file=\"https:\/\/i0.wp.com\/imaginedemain.fr\/wp-content\/uploads\/2017\/03\/fuerteventura-comp-16.jpg?fit=4592%2C2576&amp;ssl=1\" data-orig-size=\"4592,2576\" data-comments-opened=\"1\" data-image-meta=\"{&quot;aperture&quot;:&quot;29&quot;,&quot;credit&quot;:&quot;Picasa&quot;,&quot;camera&quot;:&quot;DSLR-A350&quot;,&quot;caption&quot;:&quot;SONY DSC&quot;,&quot;created_timestamp&quot;:&quot;1489513799&quot;,&quot;copyright&quot;:&quot;&quot;,&quot;focal_length&quot;:&quot;300&quot;,&quot;iso&quot;:&quot;800&quot;,&quot;shutter_speed&quot;:&quot;0.0025&quot;,&quot;title&quot;:&quot;SONY DSC&quot;,&quot;orientation&quot;:&quot;0&quot;}\" data-image-title=\"SONY DSC\" data-image-description=\"\" data-image-caption=\"\" data-large-file=\"https:\/\/i0.wp.com\/imaginedemain.fr\/wp-content\/uploads\/2017\/03\/fuerteventura-comp-16.jpg?fit=600%2C336&amp;ssl=1\" \/><\/a>\n\t\t\t<\/dt><\/dl><br style=\"clear: both\" \/>\n\t\t<\/div>\n\n<p style=\"text-align: justify;\">Dans les rues d\u2019El Cotillo, ancien abri de p\u00eacheurs au nord-est de l\u2019ile, reconverti \u00e0 la mode surf and co, on y croise ce monde fluo de la glisse. Les combis Volkswagen n\u2019y sont pas rare. Les toits des utilitaires sont surcharg\u00e9s de matos. Les vieux surfeurs, arriv\u00e9s il y a trente ou quarante ans en avions \u00e0 h\u00e9lices, y tiennent bars \u00e0 tapas et restaurants d\u2019un style mi local, mi branchouille.<\/p>\n<p style=\"text-align: justify;\">Il faut d\u2019ailleurs s\u2019attarder dans ce nord de l\u2019ile, car, au centre et au sud, la c\u00f4te a \u00e9t\u00e9 d\u00e9figur\u00e9e, tandis que l\u2019int\u00e9rieur, m\u00eame s\u2019il offre des vues splendides, a toutes les allures d\u2019un djebel dess\u00e9ch\u00e9, sans eau ni ombre, peu propice aux longues randonn\u00e9es.<\/p>\n<p><img data-recalc-dims=\"1\" loading=\"lazy\" decoding=\"async\" data-attachment-id=\"1293\" data-permalink=\"https:\/\/imaginedemain.fr\/index.php\/2017\/03\/17\/fuerteventura-la-venteuse-laventureuse\/sony-dsc-98-2\/\" data-orig-file=\"https:\/\/i0.wp.com\/imaginedemain.fr\/wp-content\/uploads\/2017\/03\/fuerteventura-comp-02.jpg?fit=4592%2C2576&amp;ssl=1\" data-orig-size=\"4592,2576\" data-comments-opened=\"1\" data-image-meta=\"{&quot;aperture&quot;:&quot;20&quot;,&quot;credit&quot;:&quot;Picasa&quot;,&quot;camera&quot;:&quot;DSLR-A350&quot;,&quot;caption&quot;:&quot;SONY DSC&quot;,&quot;created_timestamp&quot;:&quot;1489317980&quot;,&quot;copyright&quot;:&quot;&quot;,&quot;focal_length&quot;:&quot;45&quot;,&quot;iso&quot;:&quot;800&quot;,&quot;shutter_speed&quot;:&quot;0.002&quot;,&quot;title&quot;:&quot;SONY DSC&quot;,&quot;orientation&quot;:&quot;0&quot;}\" data-image-title=\"SONY DSC\" data-image-description=\"\" data-image-caption=\"&lt;p&gt;SONY DSC&lt;\/p&gt;\n\" data-large-file=\"https:\/\/i0.wp.com\/imaginedemain.fr\/wp-content\/uploads\/2017\/03\/fuerteventura-comp-02.jpg?fit=600%2C336&amp;ssl=1\" class=\"alignnone wp-image-1293 size-full\" src=\"https:\/\/i0.wp.com\/imaginedemain.fr\/wp-content\/uploads\/2017\/03\/fuerteventura-comp-02.jpg?resize=600%2C337\" alt=\"Collines dans l'ouest de Fuerteventura\" width=\"600\" height=\"337\" srcset=\"https:\/\/i0.wp.com\/imaginedemain.fr\/wp-content\/uploads\/2017\/03\/fuerteventura-comp-02.jpg?w=4592&amp;ssl=1 4592w, https:\/\/i0.wp.com\/imaginedemain.fr\/wp-content\/uploads\/2017\/03\/fuerteventura-comp-02.jpg?resize=300%2C168&amp;ssl=1 300w, https:\/\/i0.wp.com\/imaginedemain.fr\/wp-content\/uploads\/2017\/03\/fuerteventura-comp-02.jpg?resize=768%2C431&amp;ssl=1 768w, https:\/\/i0.wp.com\/imaginedemain.fr\/wp-content\/uploads\/2017\/03\/fuerteventura-comp-02.jpg?resize=1024%2C574&amp;ssl=1 1024w, https:\/\/i0.wp.com\/imaginedemain.fr\/wp-content\/uploads\/2017\/03\/fuerteventura-comp-02.jpg?resize=620%2C348&amp;ssl=1 620w, https:\/\/i0.wp.com\/imaginedemain.fr\/wp-content\/uploads\/2017\/03\/fuerteventura-comp-02.jpg?w=1200&amp;ssl=1 1200w, https:\/\/i0.wp.com\/imaginedemain.fr\/wp-content\/uploads\/2017\/03\/fuerteventura-comp-02.jpg?w=1800&amp;ssl=1 1800w\" sizes=\"auto, (max-width: 600px) 100vw, 600px\" \/><img data-recalc-dims=\"1\" loading=\"lazy\" decoding=\"async\" data-attachment-id=\"1301\" data-permalink=\"https:\/\/imaginedemain.fr\/index.php\/2017\/03\/17\/fuerteventura-la-venteuse-laventureuse\/sony-dsc-106-2\/\" data-orig-file=\"https:\/\/i0.wp.com\/imaginedemain.fr\/wp-content\/uploads\/2017\/03\/fuerteventura-comp-10.jpg?fit=4592%2C2576&amp;ssl=1\" data-orig-size=\"4592,2576\" data-comments-opened=\"1\" data-image-meta=\"{&quot;aperture&quot;:&quot;10&quot;,&quot;credit&quot;:&quot;Picasa&quot;,&quot;camera&quot;:&quot;DSLR-A350&quot;,&quot;caption&quot;:&quot;SONY DSC&quot;,&quot;created_timestamp&quot;:&quot;1489328369&quot;,&quot;copyright&quot;:&quot;&quot;,&quot;focal_length&quot;:&quot;26&quot;,&quot;iso&quot;:&quot;100&quot;,&quot;shutter_speed&quot;:&quot;0.005&quot;,&quot;title&quot;:&quot;SONY DSC&quot;,&quot;orientation&quot;:&quot;0&quot;}\" data-image-title=\"SONY DSC\" data-image-description=\"\" data-image-caption=\"&lt;p&gt;SONY DSC&lt;\/p&gt;\n\" data-large-file=\"https:\/\/i0.wp.com\/imaginedemain.fr\/wp-content\/uploads\/2017\/03\/fuerteventura-comp-10.jpg?fit=600%2C336&amp;ssl=1\" class=\"alignnone wp-image-1301 size-full\" src=\"https:\/\/i0.wp.com\/imaginedemain.fr\/wp-content\/uploads\/2017\/03\/fuerteventura-comp-10.jpg?resize=600%2C337\" alt=\"Collines d\u00e9sertiques dans l'ouest de Fuerteventura\" width=\"600\" height=\"337\" srcset=\"https:\/\/i0.wp.com\/imaginedemain.fr\/wp-content\/uploads\/2017\/03\/fuerteventura-comp-10.jpg?w=4592&amp;ssl=1 4592w, https:\/\/i0.wp.com\/imaginedemain.fr\/wp-content\/uploads\/2017\/03\/fuerteventura-comp-10.jpg?resize=300%2C168&amp;ssl=1 300w, https:\/\/i0.wp.com\/imaginedemain.fr\/wp-content\/uploads\/2017\/03\/fuerteventura-comp-10.jpg?resize=768%2C431&amp;ssl=1 768w, https:\/\/i0.wp.com\/imaginedemain.fr\/wp-content\/uploads\/2017\/03\/fuerteventura-comp-10.jpg?resize=1024%2C574&amp;ssl=1 1024w, https:\/\/i0.wp.com\/imaginedemain.fr\/wp-content\/uploads\/2017\/03\/fuerteventura-comp-10.jpg?resize=620%2C348&amp;ssl=1 620w, https:\/\/i0.wp.com\/imaginedemain.fr\/wp-content\/uploads\/2017\/03\/fuerteventura-comp-10.jpg?w=1200&amp;ssl=1 1200w, https:\/\/i0.wp.com\/imaginedemain.fr\/wp-content\/uploads\/2017\/03\/fuerteventura-comp-10.jpg?w=1800&amp;ssl=1 1800w\" sizes=\"auto, (max-width: 600px) 100vw, 600px\" \/><\/p>\n<h6 style=\"text-align: justify;\">Volcans arrondis et espaces d\u00e9sertiques<\/h6>\n<p style=\"text-align: justify;\">Restant dans ce nord nous effectuons des ballades sur des volcans \u00e9teints depuis des mill\u00e9naires, \u00e9galement dans des paysages de dunes blondes.<\/p>\n<p><img data-recalc-dims=\"1\" loading=\"lazy\" decoding=\"async\" data-attachment-id=\"1314\" data-permalink=\"https:\/\/imaginedemain.fr\/index.php\/2017\/03\/17\/fuerteventura-la-venteuse-laventureuse\/sony-dsc-116-2\/\" data-orig-file=\"https:\/\/i0.wp.com\/imaginedemain.fr\/wp-content\/uploads\/2017\/03\/fuerteventura-comp-23.jpg?fit=4592%2C2576&amp;ssl=1\" data-orig-size=\"4592,2576\" data-comments-opened=\"1\" data-image-meta=\"{&quot;aperture&quot;:&quot;32&quot;,&quot;credit&quot;:&quot;Picasa&quot;,&quot;camera&quot;:&quot;DSLR-A350&quot;,&quot;caption&quot;:&quot;SONY DSC&quot;,&quot;created_timestamp&quot;:&quot;1489586469&quot;,&quot;copyright&quot;:&quot;&quot;,&quot;focal_length&quot;:&quot;70&quot;,&quot;iso&quot;:&quot;800&quot;,&quot;shutter_speed&quot;:&quot;0.005&quot;,&quot;title&quot;:&quot;SONY DSC&quot;,&quot;orientation&quot;:&quot;0&quot;}\" data-image-title=\"SONY DSC\" data-image-description=\"\" data-image-caption=\"&lt;p&gt;SONY DSC&lt;\/p&gt;\n\" data-large-file=\"https:\/\/i0.wp.com\/imaginedemain.fr\/wp-content\/uploads\/2017\/03\/fuerteventura-comp-23.jpg?fit=600%2C336&amp;ssl=1\" class=\"alignnone wp-image-1314 size-full\" src=\"https:\/\/i0.wp.com\/imaginedemain.fr\/wp-content\/uploads\/2017\/03\/fuerteventura-comp-23.jpg?resize=600%2C337\" alt=\"Les dunes de Corralejo\" width=\"600\" height=\"337\" srcset=\"https:\/\/i0.wp.com\/imaginedemain.fr\/wp-content\/uploads\/2017\/03\/fuerteventura-comp-23.jpg?w=4592&amp;ssl=1 4592w, https:\/\/i0.wp.com\/imaginedemain.fr\/wp-content\/uploads\/2017\/03\/fuerteventura-comp-23.jpg?resize=300%2C168&amp;ssl=1 300w, https:\/\/i0.wp.com\/imaginedemain.fr\/wp-content\/uploads\/2017\/03\/fuerteventura-comp-23.jpg?resize=768%2C431&amp;ssl=1 768w, https:\/\/i0.wp.com\/imaginedemain.fr\/wp-content\/uploads\/2017\/03\/fuerteventura-comp-23.jpg?resize=1024%2C574&amp;ssl=1 1024w, https:\/\/i0.wp.com\/imaginedemain.fr\/wp-content\/uploads\/2017\/03\/fuerteventura-comp-23.jpg?resize=620%2C348&amp;ssl=1 620w, https:\/\/i0.wp.com\/imaginedemain.fr\/wp-content\/uploads\/2017\/03\/fuerteventura-comp-23.jpg?w=1200&amp;ssl=1 1200w, https:\/\/i0.wp.com\/imaginedemain.fr\/wp-content\/uploads\/2017\/03\/fuerteventura-comp-23.jpg?w=1800&amp;ssl=1 1800w\" sizes=\"auto, (max-width: 600px) 100vw, 600px\" \/><\/p>\n<p style=\"text-align: justify;\">Sur la cr\u00eate du volcan Hondo, nous sommes accueillis par une colonie d\u2019\u00e9cureuils peu farouches, qui viennent sautiller dans nos pieds.<\/p>\n<p style=\"text-align: justify;\"><img data-recalc-dims=\"1\" loading=\"lazy\" decoding=\"async\" data-attachment-id=\"1318\" data-permalink=\"https:\/\/imaginedemain.fr\/index.php\/2017\/03\/17\/fuerteventura-la-venteuse-laventureuse\/fuerteventura-comp-27\/\" data-orig-file=\"https:\/\/i0.wp.com\/imaginedemain.fr\/wp-content\/uploads\/2017\/03\/fuerteventura-comp-27.jpg?fit=4000%2C3000&amp;ssl=1\" data-orig-size=\"4000,3000\" data-comments-opened=\"1\" data-image-meta=\"{&quot;aperture&quot;:&quot;5.4&quot;,&quot;credit&quot;:&quot;Picasa&quot;,&quot;camera&quot;:&quot;COOLPIX S570&quot;,&quot;caption&quot;:&quot;&quot;,&quot;created_timestamp&quot;:&quot;&quot;,&quot;copyright&quot;:&quot;&quot;,&quot;focal_length&quot;:&quot;5&quot;,&quot;iso&quot;:&quot;80&quot;,&quot;shutter_speed&quot;:&quot;0.004&quot;,&quot;title&quot;:&quot;&quot;,&quot;orientation&quot;:&quot;0&quot;}\" data-image-title=\"Fuerteventura comp 27\" data-image-description=\"\" data-image-caption=\"\" data-large-file=\"https:\/\/i0.wp.com\/imaginedemain.fr\/wp-content\/uploads\/2017\/03\/fuerteventura-comp-27.jpg?fit=600%2C450&amp;ssl=1\" class=\"alignnone wp-image-1318 size-full\" src=\"https:\/\/i0.wp.com\/imaginedemain.fr\/wp-content\/uploads\/2017\/03\/fuerteventura-comp-27.jpg?resize=600%2C450\" alt=\"Une all\u00e9e empierr\u00e9e\" width=\"600\" height=\"450\" srcset=\"https:\/\/i0.wp.com\/imaginedemain.fr\/wp-content\/uploads\/2017\/03\/fuerteventura-comp-27.jpg?w=4000&amp;ssl=1 4000w, https:\/\/i0.wp.com\/imaginedemain.fr\/wp-content\/uploads\/2017\/03\/fuerteventura-comp-27.jpg?resize=300%2C225&amp;ssl=1 300w, https:\/\/i0.wp.com\/imaginedemain.fr\/wp-content\/uploads\/2017\/03\/fuerteventura-comp-27.jpg?resize=768%2C576&amp;ssl=1 768w, https:\/\/i0.wp.com\/imaginedemain.fr\/wp-content\/uploads\/2017\/03\/fuerteventura-comp-27.jpg?resize=1024%2C768&amp;ssl=1 1024w, https:\/\/i0.wp.com\/imaginedemain.fr\/wp-content\/uploads\/2017\/03\/fuerteventura-comp-27.jpg?resize=620%2C465&amp;ssl=1 620w, https:\/\/i0.wp.com\/imaginedemain.fr\/wp-content\/uploads\/2017\/03\/fuerteventura-comp-27.jpg?w=1200&amp;ssl=1 1200w, https:\/\/i0.wp.com\/imaginedemain.fr\/wp-content\/uploads\/2017\/03\/fuerteventura-comp-27.jpg?w=1800&amp;ssl=1 1800w\" sizes=\"auto, (max-width: 600px) 100vw, 600px\" \/><\/p>\n<div id=\"attachment_1316\" style=\"width: 4010px\" class=\"wp-caption alignnone\"><img data-recalc-dims=\"1\" loading=\"lazy\" decoding=\"async\" aria-describedby=\"caption-attachment-1316\" data-attachment-id=\"1316\" data-permalink=\"https:\/\/imaginedemain.fr\/index.php\/2017\/03\/17\/fuerteventura-la-venteuse-laventureuse\/fuerteventura-comp-25\/\" data-orig-file=\"https:\/\/i0.wp.com\/imaginedemain.fr\/wp-content\/uploads\/2017\/03\/fuerteventura-comp-25.jpg?fit=4000%2C3000&amp;ssl=1\" data-orig-size=\"4000,3000\" data-comments-opened=\"1\" data-image-meta=\"{&quot;aperture&quot;:&quot;5.4&quot;,&quot;credit&quot;:&quot;Picasa&quot;,&quot;camera&quot;:&quot;COOLPIX S570&quot;,&quot;caption&quot;:&quot;&quot;,&quot;created_timestamp&quot;:&quot;&quot;,&quot;copyright&quot;:&quot;&quot;,&quot;focal_length&quot;:&quot;5&quot;,&quot;iso&quot;:&quot;80&quot;,&quot;shutter_speed&quot;:&quot;0.003125&quot;,&quot;title&quot;:&quot;&quot;,&quot;orientation&quot;:&quot;0&quot;}\" data-image-title=\"Fuerteventura comp 25\" data-image-description=\"\" data-image-caption=\"\" data-large-file=\"https:\/\/i0.wp.com\/imaginedemain.fr\/wp-content\/uploads\/2017\/03\/fuerteventura-comp-25.jpg?fit=600%2C450&amp;ssl=1\" class=\"wp-image-1316 size-full\" src=\"https:\/\/i0.wp.com\/imaginedemain.fr\/wp-content\/uploads\/2017\/03\/fuerteventura-comp-25.jpg?resize=600%2C450\" alt=\"Sur la cr\u00eate du volcan Hondo\" width=\"600\" height=\"450\" srcset=\"https:\/\/i0.wp.com\/imaginedemain.fr\/wp-content\/uploads\/2017\/03\/fuerteventura-comp-25.jpg?w=4000&amp;ssl=1 4000w, https:\/\/i0.wp.com\/imaginedemain.fr\/wp-content\/uploads\/2017\/03\/fuerteventura-comp-25.jpg?resize=300%2C225&amp;ssl=1 300w, https:\/\/i0.wp.com\/imaginedemain.fr\/wp-content\/uploads\/2017\/03\/fuerteventura-comp-25.jpg?resize=768%2C576&amp;ssl=1 768w, https:\/\/i0.wp.com\/imaginedemain.fr\/wp-content\/uploads\/2017\/03\/fuerteventura-comp-25.jpg?resize=1024%2C768&amp;ssl=1 1024w, https:\/\/i0.wp.com\/imaginedemain.fr\/wp-content\/uploads\/2017\/03\/fuerteventura-comp-25.jpg?resize=620%2C465&amp;ssl=1 620w, https:\/\/i0.wp.com\/imaginedemain.fr\/wp-content\/uploads\/2017\/03\/fuerteventura-comp-25.jpg?w=1200&amp;ssl=1 1200w, https:\/\/i0.wp.com\/imaginedemain.fr\/wp-content\/uploads\/2017\/03\/fuerteventura-comp-25.jpg?w=1800&amp;ssl=1 1800w\" sizes=\"auto, (max-width: 600px) 100vw, 600px\" \/><p id=\"caption-attachment-1316\" class=\"wp-caption-text\">Sur la cr\u00eate du volcan Hondo<\/p><\/div>\n<p style=\"text-align: justify;\"><img data-recalc-dims=\"1\" loading=\"lazy\" decoding=\"async\" data-attachment-id=\"1315\" data-permalink=\"https:\/\/imaginedemain.fr\/index.php\/2017\/03\/17\/fuerteventura-la-venteuse-laventureuse\/fuerteventura-comp-24\/\" data-orig-file=\"https:\/\/i0.wp.com\/imaginedemain.fr\/wp-content\/uploads\/2017\/03\/fuerteventura-comp-24.jpg?fit=4000%2C3000&amp;ssl=1\" data-orig-size=\"4000,3000\" data-comments-opened=\"1\" data-image-meta=\"{&quot;aperture&quot;:&quot;4&quot;,&quot;credit&quot;:&quot;Picasa&quot;,&quot;camera&quot;:&quot;COOLPIX S570&quot;,&quot;caption&quot;:&quot;&quot;,&quot;created_timestamp&quot;:&quot;&quot;,&quot;copyright&quot;:&quot;&quot;,&quot;focal_length&quot;:&quot;11.2&quot;,&quot;iso&quot;:&quot;80&quot;,&quot;shutter_speed&quot;:&quot;0.0015625&quot;,&quot;title&quot;:&quot;&quot;,&quot;orientation&quot;:&quot;0&quot;}\" data-image-title=\"Fuerteventura comp 24\" data-image-description=\"\" data-image-caption=\"\" data-large-file=\"https:\/\/i0.wp.com\/imaginedemain.fr\/wp-content\/uploads\/2017\/03\/fuerteventura-comp-24.jpg?fit=600%2C450&amp;ssl=1\" class=\"alignnone wp-image-1315 size-full\" src=\"https:\/\/i0.wp.com\/imaginedemain.fr\/wp-content\/uploads\/2017\/03\/fuerteventura-comp-24.jpg?resize=600%2C450\" alt=\"Un \u00e9cureuil au volcan Hondo\" width=\"600\" height=\"450\" srcset=\"https:\/\/i0.wp.com\/imaginedemain.fr\/wp-content\/uploads\/2017\/03\/fuerteventura-comp-24.jpg?w=4000&amp;ssl=1 4000w, https:\/\/i0.wp.com\/imaginedemain.fr\/wp-content\/uploads\/2017\/03\/fuerteventura-comp-24.jpg?resize=300%2C225&amp;ssl=1 300w, https:\/\/i0.wp.com\/imaginedemain.fr\/wp-content\/uploads\/2017\/03\/fuerteventura-comp-24.jpg?resize=768%2C576&amp;ssl=1 768w, https:\/\/i0.wp.com\/imaginedemain.fr\/wp-content\/uploads\/2017\/03\/fuerteventura-comp-24.jpg?resize=1024%2C768&amp;ssl=1 1024w, https:\/\/i0.wp.com\/imaginedemain.fr\/wp-content\/uploads\/2017\/03\/fuerteventura-comp-24.jpg?resize=620%2C465&amp;ssl=1 620w, https:\/\/i0.wp.com\/imaginedemain.fr\/wp-content\/uploads\/2017\/03\/fuerteventura-comp-24.jpg?w=1200&amp;ssl=1 1200w, https:\/\/i0.wp.com\/imaginedemain.fr\/wp-content\/uploads\/2017\/03\/fuerteventura-comp-24.jpg?w=1800&amp;ssl=1 1800w\" sizes=\"auto, (max-width: 600px) 100vw, 600px\" \/><\/p>\n<p style=\"text-align: justify;\">Au sommet du volcan Escanfraga, d&rsquo;o\u00f9 l&rsquo;on a des vues extraordinaires, c&rsquo;est une cr\u00e8che au complet qui nous accueille. Nous n&rsquo;y verrons personne d&rsquo;autre que ces santons des Canaries.<\/p>\n<div id=\"attachment_1333\" style=\"width: 4010px\" class=\"wp-caption alignnone\"><img data-recalc-dims=\"1\" loading=\"lazy\" decoding=\"async\" aria-describedby=\"caption-attachment-1333\" data-attachment-id=\"1333\" data-permalink=\"https:\/\/imaginedemain.fr\/index.php\/2017\/03\/17\/fuerteventura-la-venteuse-laventureuse\/fuerteventura-comp-101\/\" data-orig-file=\"https:\/\/i0.wp.com\/imaginedemain.fr\/wp-content\/uploads\/2017\/03\/fuerteventura-comp-101.jpg?fit=4000%2C3000&amp;ssl=1\" data-orig-size=\"4000,3000\" data-comments-opened=\"1\" data-image-meta=\"{&quot;aperture&quot;:&quot;5.4&quot;,&quot;credit&quot;:&quot;Picasa&quot;,&quot;camera&quot;:&quot;COOLPIX S570&quot;,&quot;caption&quot;:&quot;&quot;,&quot;created_timestamp&quot;:&quot;&quot;,&quot;copyright&quot;:&quot;&quot;,&quot;focal_length&quot;:&quot;5&quot;,&quot;iso&quot;:&quot;80&quot;,&quot;shutter_speed&quot;:&quot;0.00125&quot;,&quot;title&quot;:&quot;&quot;,&quot;orientation&quot;:&quot;0&quot;}\" data-image-title=\"Fuerteventura comp 101\" data-image-description=\"\" data-image-caption=\"\" data-large-file=\"https:\/\/i0.wp.com\/imaginedemain.fr\/wp-content\/uploads\/2017\/03\/fuerteventura-comp-101.jpg?fit=600%2C450&amp;ssl=1\" class=\"wp-image-1333 size-full\" src=\"https:\/\/i0.wp.com\/imaginedemain.fr\/wp-content\/uploads\/2017\/03\/fuerteventura-comp-101.jpg?resize=600%2C450\" alt=\"Le volcan Escanfraga\" width=\"600\" height=\"450\" srcset=\"https:\/\/i0.wp.com\/imaginedemain.fr\/wp-content\/uploads\/2017\/03\/fuerteventura-comp-101.jpg?w=4000&amp;ssl=1 4000w, https:\/\/i0.wp.com\/imaginedemain.fr\/wp-content\/uploads\/2017\/03\/fuerteventura-comp-101.jpg?resize=300%2C225&amp;ssl=1 300w, https:\/\/i0.wp.com\/imaginedemain.fr\/wp-content\/uploads\/2017\/03\/fuerteventura-comp-101.jpg?resize=768%2C576&amp;ssl=1 768w, https:\/\/i0.wp.com\/imaginedemain.fr\/wp-content\/uploads\/2017\/03\/fuerteventura-comp-101.jpg?resize=1024%2C768&amp;ssl=1 1024w, https:\/\/i0.wp.com\/imaginedemain.fr\/wp-content\/uploads\/2017\/03\/fuerteventura-comp-101.jpg?resize=620%2C465&amp;ssl=1 620w, https:\/\/i0.wp.com\/imaginedemain.fr\/wp-content\/uploads\/2017\/03\/fuerteventura-comp-101.jpg?w=1200&amp;ssl=1 1200w, https:\/\/i0.wp.com\/imaginedemain.fr\/wp-content\/uploads\/2017\/03\/fuerteventura-comp-101.jpg?w=1800&amp;ssl=1 1800w\" sizes=\"auto, (max-width: 600px) 100vw, 600px\" \/><p id=\"caption-attachment-1333\" class=\"wp-caption-text\">En randonn\u00e9e sur le volcan Escanfraga<\/p><\/div>\n<p style=\"text-align: justify;\"><img data-recalc-dims=\"1\" loading=\"lazy\" decoding=\"async\" data-attachment-id=\"1335\" data-permalink=\"https:\/\/imaginedemain.fr\/index.php\/2017\/03\/17\/fuerteventura-la-venteuse-laventureuse\/fuerteventura-comp-103\/\" data-orig-file=\"https:\/\/i0.wp.com\/imaginedemain.fr\/wp-content\/uploads\/2017\/03\/fuerteventura-comp-103.jpg?fit=4000%2C3000&amp;ssl=1\" data-orig-size=\"4000,3000\" data-comments-opened=\"1\" data-image-meta=\"{&quot;aperture&quot;:&quot;5.4&quot;,&quot;credit&quot;:&quot;Picasa&quot;,&quot;camera&quot;:&quot;COOLPIX S570&quot;,&quot;caption&quot;:&quot;&quot;,&quot;created_timestamp&quot;:&quot;&quot;,&quot;copyright&quot;:&quot;&quot;,&quot;focal_length&quot;:&quot;5&quot;,&quot;iso&quot;:&quot;80&quot;,&quot;shutter_speed&quot;:&quot;0.002&quot;,&quot;title&quot;:&quot;&quot;,&quot;orientation&quot;:&quot;0&quot;}\" data-image-title=\"Fuerteventura comp 103\" data-image-description=\"\" data-image-caption=\"\" data-large-file=\"https:\/\/i0.wp.com\/imaginedemain.fr\/wp-content\/uploads\/2017\/03\/fuerteventura-comp-103.jpg?fit=600%2C450&amp;ssl=1\" class=\"alignnone wp-image-1335 size-full\" src=\"https:\/\/i0.wp.com\/imaginedemain.fr\/wp-content\/uploads\/2017\/03\/fuerteventura-comp-103.jpg?resize=600%2C450\" alt=\"Sur la cr\u00eate du volcan Escanfraga\" width=\"600\" height=\"450\" srcset=\"https:\/\/i0.wp.com\/imaginedemain.fr\/wp-content\/uploads\/2017\/03\/fuerteventura-comp-103.jpg?w=4000&amp;ssl=1 4000w, https:\/\/i0.wp.com\/imaginedemain.fr\/wp-content\/uploads\/2017\/03\/fuerteventura-comp-103.jpg?resize=300%2C225&amp;ssl=1 300w, https:\/\/i0.wp.com\/imaginedemain.fr\/wp-content\/uploads\/2017\/03\/fuerteventura-comp-103.jpg?resize=768%2C576&amp;ssl=1 768w, https:\/\/i0.wp.com\/imaginedemain.fr\/wp-content\/uploads\/2017\/03\/fuerteventura-comp-103.jpg?resize=1024%2C768&amp;ssl=1 1024w, https:\/\/i0.wp.com\/imaginedemain.fr\/wp-content\/uploads\/2017\/03\/fuerteventura-comp-103.jpg?resize=620%2C465&amp;ssl=1 620w, https:\/\/i0.wp.com\/imaginedemain.fr\/wp-content\/uploads\/2017\/03\/fuerteventura-comp-103.jpg?w=1200&amp;ssl=1 1200w, https:\/\/i0.wp.com\/imaginedemain.fr\/wp-content\/uploads\/2017\/03\/fuerteventura-comp-103.jpg?w=1800&amp;ssl=1 1800w\" sizes=\"auto, (max-width: 600px) 100vw, 600px\" \/><\/p>\n<div id=\"attachment_1336\" style=\"width: 4010px\" class=\"wp-caption alignnone\"><img data-recalc-dims=\"1\" loading=\"lazy\" decoding=\"async\" aria-describedby=\"caption-attachment-1336\" data-attachment-id=\"1336\" data-permalink=\"https:\/\/imaginedemain.fr\/index.php\/2017\/03\/17\/fuerteventura-la-venteuse-laventureuse\/fuerteventura-comp-104\/\" data-orig-file=\"https:\/\/i0.wp.com\/imaginedemain.fr\/wp-content\/uploads\/2017\/03\/fuerteventura-comp-104.jpg?fit=4000%2C3000&amp;ssl=1\" data-orig-size=\"4000,3000\" data-comments-opened=\"1\" data-image-meta=\"{&quot;aperture&quot;:&quot;2.7&quot;,&quot;credit&quot;:&quot;Picasa&quot;,&quot;camera&quot;:&quot;COOLPIX S570&quot;,&quot;caption&quot;:&quot;&quot;,&quot;created_timestamp&quot;:&quot;&quot;,&quot;copyright&quot;:&quot;&quot;,&quot;focal_length&quot;:&quot;5&quot;,&quot;iso&quot;:&quot;80&quot;,&quot;shutter_speed&quot;:&quot;0.00125&quot;,&quot;title&quot;:&quot;&quot;,&quot;orientation&quot;:&quot;0&quot;}\" data-image-title=\"Fuerteventura comp 104\" data-image-description=\"\" data-image-caption=\"\" data-large-file=\"https:\/\/i0.wp.com\/imaginedemain.fr\/wp-content\/uploads\/2017\/03\/fuerteventura-comp-104.jpg?fit=600%2C450&amp;ssl=1\" class=\"wp-image-1336 size-full\" src=\"https:\/\/i0.wp.com\/imaginedemain.fr\/wp-content\/uploads\/2017\/03\/fuerteventura-comp-104.jpg?resize=600%2C450\" alt=\"Une cr\u00e8che au sommet du volcan Escanfraga\" width=\"600\" height=\"450\" srcset=\"https:\/\/i0.wp.com\/imaginedemain.fr\/wp-content\/uploads\/2017\/03\/fuerteventura-comp-104.jpg?w=4000&amp;ssl=1 4000w, https:\/\/i0.wp.com\/imaginedemain.fr\/wp-content\/uploads\/2017\/03\/fuerteventura-comp-104.jpg?resize=300%2C225&amp;ssl=1 300w, https:\/\/i0.wp.com\/imaginedemain.fr\/wp-content\/uploads\/2017\/03\/fuerteventura-comp-104.jpg?resize=768%2C576&amp;ssl=1 768w, https:\/\/i0.wp.com\/imaginedemain.fr\/wp-content\/uploads\/2017\/03\/fuerteventura-comp-104.jpg?resize=1024%2C768&amp;ssl=1 1024w, https:\/\/i0.wp.com\/imaginedemain.fr\/wp-content\/uploads\/2017\/03\/fuerteventura-comp-104.jpg?resize=620%2C465&amp;ssl=1 620w, https:\/\/i0.wp.com\/imaginedemain.fr\/wp-content\/uploads\/2017\/03\/fuerteventura-comp-104.jpg?w=1200&amp;ssl=1 1200w, https:\/\/i0.wp.com\/imaginedemain.fr\/wp-content\/uploads\/2017\/03\/fuerteventura-comp-104.jpg?w=1800&amp;ssl=1 1800w\" sizes=\"auto, (max-width: 600px) 100vw, 600px\" \/><p id=\"caption-attachment-1336\" class=\"wp-caption-text\">Une cr\u00e8che au sommet du volcan Escanfraga<\/p><\/div>\n<p style=\"text-align: justify;\">Nous r\u00e9alisons de grands raids \u00e0 VTT sur la bordure des falaises qui stoppent fermement l\u2019Atlantique, dans un paysage absolument d\u00e9sertique que limitent vers l&rsquo;int\u00e9rieur les volcans retrait\u00e9s depuis trois \u00e0 quatre mille ans.<\/p>\n\n\t\t<style type=\"text\/css\">\n\t\t\t#gallery-2 {\n\t\t\t\tmargin: auto;\n\t\t\t}\n\t\t\t#gallery-2 .gallery-item {\n\t\t\t\tfloat: left;\n\t\t\t\tmargin-top: 10px;\n\t\t\t\ttext-align: center;\n\t\t\t\twidth: 33%;\n\t\t\t}\n\t\t\t#gallery-2 img {\n\t\t\t\tborder: 2px solid #cfcfcf;\n\t\t\t}\n\t\t\t#gallery-2 .gallery-caption {\n\t\t\t\tmargin-left: 0;\n\t\t\t}\n\t\t\t\/* see gallery_shortcode() in wp-includes\/media.php *\/\n\t\t<\/style>\n\t\t<div data-carousel-extra='{&quot;blog_id&quot;:1,&quot;permalink&quot;:&quot;https:\/\/imaginedemain.fr\/index.php\/2017\/03\/17\/fuerteventura-la-venteuse-laventureuse\/&quot;}' id='gallery-2' class='gallery galleryid-1233 gallery-columns-3 gallery-size-full'><dl class='gallery-item'>\n\t\t\t<dt class='gallery-icon landscape'>\n\t\t\t\t<a href='https:\/\/imaginedemain.fr\/index.php\/2017\/03\/17\/fuerteventura-la-venteuse-laventureuse\/fuerteventura-comp-39\/'><img loading=\"lazy\" decoding=\"async\" width=\"4000\" height=\"3000\" src=\"https:\/\/i0.wp.com\/imaginedemain.fr\/wp-content\/uploads\/2017\/03\/fuerteventura-comp-39.jpg?fit=4000%2C3000&amp;ssl=1\" class=\"attachment-full size-full\" alt=\"\" aria-describedby=\"gallery-2-1330\" srcset=\"https:\/\/i0.wp.com\/imaginedemain.fr\/wp-content\/uploads\/2017\/03\/fuerteventura-comp-39.jpg?w=4000&amp;ssl=1 4000w, https:\/\/i0.wp.com\/imaginedemain.fr\/wp-content\/uploads\/2017\/03\/fuerteventura-comp-39.jpg?resize=300%2C225&amp;ssl=1 300w, https:\/\/i0.wp.com\/imaginedemain.fr\/wp-content\/uploads\/2017\/03\/fuerteventura-comp-39.jpg?resize=768%2C576&amp;ssl=1 768w, https:\/\/i0.wp.com\/imaginedemain.fr\/wp-content\/uploads\/2017\/03\/fuerteventura-comp-39.jpg?resize=1024%2C768&amp;ssl=1 1024w, https:\/\/i0.wp.com\/imaginedemain.fr\/wp-content\/uploads\/2017\/03\/fuerteventura-comp-39.jpg?resize=620%2C465&amp;ssl=1 620w, https:\/\/i0.wp.com\/imaginedemain.fr\/wp-content\/uploads\/2017\/03\/fuerteventura-comp-39.jpg?w=1200&amp;ssl=1 1200w, https:\/\/i0.wp.com\/imaginedemain.fr\/wp-content\/uploads\/2017\/03\/fuerteventura-comp-39.jpg?w=1800&amp;ssl=1 1800w\" sizes=\"auto, (max-width: 600px) 100vw, 600px\" data-attachment-id=\"1330\" data-permalink=\"https:\/\/imaginedemain.fr\/index.php\/2017\/03\/17\/fuerteventura-la-venteuse-laventureuse\/fuerteventura-comp-39\/\" data-orig-file=\"https:\/\/i0.wp.com\/imaginedemain.fr\/wp-content\/uploads\/2017\/03\/fuerteventura-comp-39.jpg?fit=4000%2C3000&amp;ssl=1\" data-orig-size=\"4000,3000\" data-comments-opened=\"1\" data-image-meta=\"{&quot;aperture&quot;:&quot;6.2&quot;,&quot;credit&quot;:&quot;Picasa&quot;,&quot;camera&quot;:&quot;COOLPIX S570&quot;,&quot;caption&quot;:&quot;&quot;,&quot;created_timestamp&quot;:&quot;&quot;,&quot;copyright&quot;:&quot;&quot;,&quot;focal_length&quot;:&quot;22.6&quot;,&quot;iso&quot;:&quot;80&quot;,&quot;shutter_speed&quot;:&quot;0.002&quot;,&quot;title&quot;:&quot;&quot;,&quot;orientation&quot;:&quot;0&quot;}\" data-image-title=\"Fuerteventura comp 39\" data-image-description=\"\" data-image-caption=\"&lt;p&gt;Piste v\u00e9lo \u00e0 Fuerteventura&lt;\/p&gt;\n\" data-large-file=\"https:\/\/i0.wp.com\/imaginedemain.fr\/wp-content\/uploads\/2017\/03\/fuerteventura-comp-39.jpg?fit=600%2C450&amp;ssl=1\" \/><\/a>\n\t\t\t<\/dt>\n\t\t\t\t<dd class='wp-caption-text gallery-caption' id='gallery-2-1330'>\n\t\t\t\tPiste v\u00e9lo \u00e0 Fuerteventura\n\t\t\t\t<\/dd><\/dl><dl class='gallery-item'>\n\t\t\t<dt class='gallery-icon landscape'>\n\t\t\t\t<a href='https:\/\/imaginedemain.fr\/index.php\/2017\/03\/17\/fuerteventura-la-venteuse-laventureuse\/fuerteventura-comp-37\/'><img loading=\"lazy\" decoding=\"async\" width=\"4000\" height=\"3000\" src=\"https:\/\/i0.wp.com\/imaginedemain.fr\/wp-content\/uploads\/2017\/03\/fuerteventura-comp-37.jpg?fit=4000%2C3000&amp;ssl=1\" class=\"attachment-full size-full\" alt=\"\" srcset=\"https:\/\/i0.wp.com\/imaginedemain.fr\/wp-content\/uploads\/2017\/03\/fuerteventura-comp-37.jpg?w=4000&amp;ssl=1 4000w, https:\/\/i0.wp.com\/imaginedemain.fr\/wp-content\/uploads\/2017\/03\/fuerteventura-comp-37.jpg?resize=300%2C225&amp;ssl=1 300w, https:\/\/i0.wp.com\/imaginedemain.fr\/wp-content\/uploads\/2017\/03\/fuerteventura-comp-37.jpg?resize=768%2C576&amp;ssl=1 768w, https:\/\/i0.wp.com\/imaginedemain.fr\/wp-content\/uploads\/2017\/03\/fuerteventura-comp-37.jpg?resize=1024%2C768&amp;ssl=1 1024w, https:\/\/i0.wp.com\/imaginedemain.fr\/wp-content\/uploads\/2017\/03\/fuerteventura-comp-37.jpg?resize=620%2C465&amp;ssl=1 620w, https:\/\/i0.wp.com\/imaginedemain.fr\/wp-content\/uploads\/2017\/03\/fuerteventura-comp-37.jpg?w=1200&amp;ssl=1 1200w, https:\/\/i0.wp.com\/imaginedemain.fr\/wp-content\/uploads\/2017\/03\/fuerteventura-comp-37.jpg?w=1800&amp;ssl=1 1800w\" sizes=\"auto, (max-width: 600px) 100vw, 600px\" data-attachment-id=\"1328\" data-permalink=\"https:\/\/imaginedemain.fr\/index.php\/2017\/03\/17\/fuerteventura-la-venteuse-laventureuse\/fuerteventura-comp-37\/\" data-orig-file=\"https:\/\/i0.wp.com\/imaginedemain.fr\/wp-content\/uploads\/2017\/03\/fuerteventura-comp-37.jpg?fit=4000%2C3000&amp;ssl=1\" data-orig-size=\"4000,3000\" data-comments-opened=\"1\" data-image-meta=\"{&quot;aperture&quot;:&quot;5.4&quot;,&quot;credit&quot;:&quot;Picasa&quot;,&quot;camera&quot;:&quot;COOLPIX S570&quot;,&quot;caption&quot;:&quot;&quot;,&quot;created_timestamp&quot;:&quot;&quot;,&quot;copyright&quot;:&quot;&quot;,&quot;focal_length&quot;:&quot;5&quot;,&quot;iso&quot;:&quot;80&quot;,&quot;shutter_speed&quot;:&quot;0.0015625&quot;,&quot;title&quot;:&quot;&quot;,&quot;orientation&quot;:&quot;0&quot;}\" data-image-title=\"Fuerteventura comp 37\" data-image-description=\"\" data-image-caption=\"\" data-large-file=\"https:\/\/i0.wp.com\/imaginedemain.fr\/wp-content\/uploads\/2017\/03\/fuerteventura-comp-37.jpg?fit=600%2C450&amp;ssl=1\" \/><\/a>\n\t\t\t<\/dt><\/dl><dl class='gallery-item'>\n\t\t\t<dt class='gallery-icon landscape'>\n\t\t\t\t<a href='https:\/\/imaginedemain.fr\/index.php\/2017\/03\/17\/fuerteventura-la-venteuse-laventureuse\/fuerteventura-comp-35\/'><img loading=\"lazy\" decoding=\"async\" width=\"4000\" height=\"3000\" src=\"https:\/\/i0.wp.com\/imaginedemain.fr\/wp-content\/uploads\/2017\/03\/fuerteventura-comp-35.jpg?fit=4000%2C3000&amp;ssl=1\" class=\"attachment-full size-full\" alt=\"\" aria-describedby=\"gallery-2-1326\" srcset=\"https:\/\/i0.wp.com\/imaginedemain.fr\/wp-content\/uploads\/2017\/03\/fuerteventura-comp-35.jpg?w=4000&amp;ssl=1 4000w, https:\/\/i0.wp.com\/imaginedemain.fr\/wp-content\/uploads\/2017\/03\/fuerteventura-comp-35.jpg?resize=300%2C225&amp;ssl=1 300w, https:\/\/i0.wp.com\/imaginedemain.fr\/wp-content\/uploads\/2017\/03\/fuerteventura-comp-35.jpg?resize=768%2C576&amp;ssl=1 768w, https:\/\/i0.wp.com\/imaginedemain.fr\/wp-content\/uploads\/2017\/03\/fuerteventura-comp-35.jpg?resize=1024%2C768&amp;ssl=1 1024w, https:\/\/i0.wp.com\/imaginedemain.fr\/wp-content\/uploads\/2017\/03\/fuerteventura-comp-35.jpg?resize=620%2C465&amp;ssl=1 620w, https:\/\/i0.wp.com\/imaginedemain.fr\/wp-content\/uploads\/2017\/03\/fuerteventura-comp-35.jpg?w=1200&amp;ssl=1 1200w, https:\/\/i0.wp.com\/imaginedemain.fr\/wp-content\/uploads\/2017\/03\/fuerteventura-comp-35.jpg?w=1800&amp;ssl=1 1800w\" sizes=\"auto, (max-width: 600px) 100vw, 600px\" data-attachment-id=\"1326\" data-permalink=\"https:\/\/imaginedemain.fr\/index.php\/2017\/03\/17\/fuerteventura-la-venteuse-laventureuse\/fuerteventura-comp-35\/\" data-orig-file=\"https:\/\/i0.wp.com\/imaginedemain.fr\/wp-content\/uploads\/2017\/03\/fuerteventura-comp-35.jpg?fit=4000%2C3000&amp;ssl=1\" data-orig-size=\"4000,3000\" data-comments-opened=\"1\" data-image-meta=\"{&quot;aperture&quot;:&quot;5.4&quot;,&quot;credit&quot;:&quot;Picasa&quot;,&quot;camera&quot;:&quot;COOLPIX S570&quot;,&quot;caption&quot;:&quot;&quot;,&quot;created_timestamp&quot;:&quot;&quot;,&quot;copyright&quot;:&quot;&quot;,&quot;focal_length&quot;:&quot;5&quot;,&quot;iso&quot;:&quot;80&quot;,&quot;shutter_speed&quot;:&quot;0.0015625&quot;,&quot;title&quot;:&quot;&quot;,&quot;orientation&quot;:&quot;0&quot;}\" data-image-title=\"Fuerteventura comp 35\" data-image-description=\"\" data-image-caption=\"&lt;p&gt;La c\u00f4te Atlantique de Fuerteventura&lt;\/p&gt;\n\" data-large-file=\"https:\/\/i0.wp.com\/imaginedemain.fr\/wp-content\/uploads\/2017\/03\/fuerteventura-comp-35.jpg?fit=600%2C450&amp;ssl=1\" \/><\/a>\n\t\t\t<\/dt>\n\t\t\t\t<dd class='wp-caption-text gallery-caption' id='gallery-2-1326'>\n\t\t\t\tLa c\u00f4te Atlantique de Fuerteventura\n\t\t\t\t<\/dd><\/dl><br style=\"clear: both\" \/>\n\t\t<\/div>\n\n<p style=\"text-align: justify;\"><img data-recalc-dims=\"1\" loading=\"lazy\" decoding=\"async\" data-attachment-id=\"1329\" data-permalink=\"https:\/\/imaginedemain.fr\/index.php\/2017\/03\/17\/fuerteventura-la-venteuse-laventureuse\/fuerteventura-comp-38\/\" data-orig-file=\"https:\/\/i0.wp.com\/imaginedemain.fr\/wp-content\/uploads\/2017\/03\/fuerteventura-comp-38.jpg?fit=4000%2C3000&amp;ssl=1\" data-orig-size=\"4000,3000\" data-comments-opened=\"1\" data-image-meta=\"{&quot;aperture&quot;:&quot;5.4&quot;,&quot;credit&quot;:&quot;Picasa&quot;,&quot;camera&quot;:&quot;COOLPIX S570&quot;,&quot;caption&quot;:&quot;&quot;,&quot;created_timestamp&quot;:&quot;&quot;,&quot;copyright&quot;:&quot;&quot;,&quot;focal_length&quot;:&quot;5&quot;,&quot;iso&quot;:&quot;80&quot;,&quot;shutter_speed&quot;:&quot;0.002&quot;,&quot;title&quot;:&quot;&quot;,&quot;orientation&quot;:&quot;0&quot;}\" data-image-title=\"Fuerteventura comp 38\" data-image-description=\"\" data-image-caption=\"\" data-large-file=\"https:\/\/i0.wp.com\/imaginedemain.fr\/wp-content\/uploads\/2017\/03\/fuerteventura-comp-38.jpg?fit=600%2C450&amp;ssl=1\" class=\"aligncenter wp-image-1329\" src=\"https:\/\/i0.wp.com\/imaginedemain.fr\/wp-content\/uploads\/2017\/03\/fuerteventura-comp-38.jpg?resize=600%2C450\" alt=\"L'anse Los Molinos \u00e0 Fuerteventura\" width=\"600\" height=\"450\" srcset=\"https:\/\/i0.wp.com\/imaginedemain.fr\/wp-content\/uploads\/2017\/03\/fuerteventura-comp-38.jpg?w=4000&amp;ssl=1 4000w, https:\/\/i0.wp.com\/imaginedemain.fr\/wp-content\/uploads\/2017\/03\/fuerteventura-comp-38.jpg?resize=300%2C225&amp;ssl=1 300w, https:\/\/i0.wp.com\/imaginedemain.fr\/wp-content\/uploads\/2017\/03\/fuerteventura-comp-38.jpg?resize=768%2C576&amp;ssl=1 768w, https:\/\/i0.wp.com\/imaginedemain.fr\/wp-content\/uploads\/2017\/03\/fuerteventura-comp-38.jpg?resize=1024%2C768&amp;ssl=1 1024w, https:\/\/i0.wp.com\/imaginedemain.fr\/wp-content\/uploads\/2017\/03\/fuerteventura-comp-38.jpg?resize=620%2C465&amp;ssl=1 620w, https:\/\/i0.wp.com\/imaginedemain.fr\/wp-content\/uploads\/2017\/03\/fuerteventura-comp-38.jpg?w=1200&amp;ssl=1 1200w, https:\/\/i0.wp.com\/imaginedemain.fr\/wp-content\/uploads\/2017\/03\/fuerteventura-comp-38.jpg?w=1800&amp;ssl=1 1800w\" sizes=\"auto, (max-width: 600px) 100vw, 600px\" \/><\/p>\n<p style=\"text-align: justify;\">Raids qui justifient la seconde version du nom de l\u2019ile, Fuerteventura, ou l\u2019ile de la <em>\u00ab\u00a0grande aventure\u00a0\u00bb<\/em>, ainsi nomm\u00e9e par son premier colonisateur europ\u00e9en, le normand et fran\u00e7ais Jean de B\u00e9thencourt, venu en 1407. Il s\u2019empara de cette ile de 100 kilom\u00e8tres de long avec 30 ou 40 soldats, f\u00e9roces sans doute. Sa capitale, pas davantage qu&rsquo;un maigre hameau avec un peu d\u2019eau et un peu d\u2019herbe pour retaper ses chevaux fourbus, porte aujourd\u2019hui un nom sans ambigu\u00eft\u00e9\u00a0: Betancuria\u2026<\/p>\n\n\t\t<style type=\"text\/css\">\n\t\t\t#gallery-3 {\n\t\t\t\tmargin: auto;\n\t\t\t}\n\t\t\t#gallery-3 .gallery-item {\n\t\t\t\tfloat: left;\n\t\t\t\tmargin-top: 10px;\n\t\t\t\ttext-align: center;\n\t\t\t\twidth: 33%;\n\t\t\t}\n\t\t\t#gallery-3 img {\n\t\t\t\tborder: 2px solid #cfcfcf;\n\t\t\t}\n\t\t\t#gallery-3 .gallery-caption {\n\t\t\t\tmargin-left: 0;\n\t\t\t}\n\t\t\t\/* see gallery_shortcode() in wp-includes\/media.php *\/\n\t\t<\/style>\n\t\t<div data-carousel-extra='{&quot;blog_id&quot;:1,&quot;permalink&quot;:&quot;https:\/\/imaginedemain.fr\/index.php\/2017\/03\/17\/fuerteventura-la-venteuse-laventureuse\/&quot;}' id='gallery-3' class='gallery galleryid-1233 gallery-columns-3 gallery-size-full'><dl class='gallery-item'>\n\t\t\t<dt class='gallery-icon landscape'>\n\t\t\t\t<a href='https:\/\/imaginedemain.fr\/index.php\/2017\/03\/17\/fuerteventura-la-venteuse-laventureuse\/sony-dsc-103-3\/'><img loading=\"lazy\" decoding=\"async\" width=\"4592\" height=\"2576\" src=\"https:\/\/i0.wp.com\/imaginedemain.fr\/wp-content\/uploads\/2017\/03\/fuerteventura-comp-07.jpg?fit=4592%2C2576&amp;ssl=1\" class=\"attachment-full size-full\" alt=\"\" srcset=\"https:\/\/i0.wp.com\/imaginedemain.fr\/wp-content\/uploads\/2017\/03\/fuerteventura-comp-07.jpg?w=4592&amp;ssl=1 4592w, https:\/\/i0.wp.com\/imaginedemain.fr\/wp-content\/uploads\/2017\/03\/fuerteventura-comp-07.jpg?resize=300%2C168&amp;ssl=1 300w, https:\/\/i0.wp.com\/imaginedemain.fr\/wp-content\/uploads\/2017\/03\/fuerteventura-comp-07.jpg?resize=768%2C431&amp;ssl=1 768w, https:\/\/i0.wp.com\/imaginedemain.fr\/wp-content\/uploads\/2017\/03\/fuerteventura-comp-07.jpg?resize=1024%2C574&amp;ssl=1 1024w, https:\/\/i0.wp.com\/imaginedemain.fr\/wp-content\/uploads\/2017\/03\/fuerteventura-comp-07.jpg?resize=620%2C348&amp;ssl=1 620w, https:\/\/i0.wp.com\/imaginedemain.fr\/wp-content\/uploads\/2017\/03\/fuerteventura-comp-07.jpg?w=1200&amp;ssl=1 1200w, https:\/\/i0.wp.com\/imaginedemain.fr\/wp-content\/uploads\/2017\/03\/fuerteventura-comp-07.jpg?w=1800&amp;ssl=1 1800w\" sizes=\"auto, (max-width: 600px) 100vw, 600px\" data-attachment-id=\"1298\" data-permalink=\"https:\/\/imaginedemain.fr\/index.php\/2017\/03\/17\/fuerteventura-la-venteuse-laventureuse\/sony-dsc-103-3\/\" data-orig-file=\"https:\/\/i0.wp.com\/imaginedemain.fr\/wp-content\/uploads\/2017\/03\/fuerteventura-comp-07.jpg?fit=4592%2C2576&amp;ssl=1\" data-orig-size=\"4592,2576\" data-comments-opened=\"1\" data-image-meta=\"{&quot;aperture&quot;:&quot;11&quot;,&quot;credit&quot;:&quot;Picasa&quot;,&quot;camera&quot;:&quot;DSLR-A350&quot;,&quot;caption&quot;:&quot;SONY DSC&quot;,&quot;created_timestamp&quot;:&quot;1489324850&quot;,&quot;copyright&quot;:&quot;&quot;,&quot;focal_length&quot;:&quot;35&quot;,&quot;iso&quot;:&quot;100&quot;,&quot;shutter_speed&quot;:&quot;0.00625&quot;,&quot;title&quot;:&quot;SONY DSC&quot;,&quot;orientation&quot;:&quot;0&quot;}\" data-image-title=\"SONY DSC\" data-image-description=\"\" data-image-caption=\"\" data-large-file=\"https:\/\/i0.wp.com\/imaginedemain.fr\/wp-content\/uploads\/2017\/03\/fuerteventura-comp-07.jpg?fit=600%2C336&amp;ssl=1\" \/><\/a>\n\t\t\t<\/dt><\/dl><dl class='gallery-item'>\n\t\t\t<dt class='gallery-icon landscape'>\n\t\t\t\t<a href='https:\/\/imaginedemain.fr\/index.php\/2017\/03\/17\/fuerteventura-la-venteuse-laventureuse\/sony-dsc-100-3\/'><img loading=\"lazy\" decoding=\"async\" width=\"4592\" height=\"2576\" src=\"https:\/\/i0.wp.com\/imaginedemain.fr\/wp-content\/uploads\/2017\/03\/fuerteventura-comp-04.jpg?fit=4592%2C2576&amp;ssl=1\" class=\"attachment-full size-full\" alt=\"\" aria-describedby=\"gallery-3-1295\" srcset=\"https:\/\/i0.wp.com\/imaginedemain.fr\/wp-content\/uploads\/2017\/03\/fuerteventura-comp-04.jpg?w=4592&amp;ssl=1 4592w, https:\/\/i0.wp.com\/imaginedemain.fr\/wp-content\/uploads\/2017\/03\/fuerteventura-comp-04.jpg?resize=300%2C168&amp;ssl=1 300w, https:\/\/i0.wp.com\/imaginedemain.fr\/wp-content\/uploads\/2017\/03\/fuerteventura-comp-04.jpg?resize=768%2C431&amp;ssl=1 768w, https:\/\/i0.wp.com\/imaginedemain.fr\/wp-content\/uploads\/2017\/03\/fuerteventura-comp-04.jpg?resize=1024%2C574&amp;ssl=1 1024w, https:\/\/i0.wp.com\/imaginedemain.fr\/wp-content\/uploads\/2017\/03\/fuerteventura-comp-04.jpg?resize=620%2C348&amp;ssl=1 620w, https:\/\/i0.wp.com\/imaginedemain.fr\/wp-content\/uploads\/2017\/03\/fuerteventura-comp-04.jpg?w=1200&amp;ssl=1 1200w, https:\/\/i0.wp.com\/imaginedemain.fr\/wp-content\/uploads\/2017\/03\/fuerteventura-comp-04.jpg?w=1800&amp;ssl=1 1800w\" sizes=\"auto, (max-width: 600px) 100vw, 600px\" data-attachment-id=\"1295\" data-permalink=\"https:\/\/imaginedemain.fr\/index.php\/2017\/03\/17\/fuerteventura-la-venteuse-laventureuse\/sony-dsc-100-3\/\" data-orig-file=\"https:\/\/i0.wp.com\/imaginedemain.fr\/wp-content\/uploads\/2017\/03\/fuerteventura-comp-04.jpg?fit=4592%2C2576&amp;ssl=1\" data-orig-size=\"4592,2576\" data-comments-opened=\"1\" data-image-meta=\"{&quot;aperture&quot;:&quot;9&quot;,&quot;credit&quot;:&quot;Picasa&quot;,&quot;camera&quot;:&quot;DSLR-A350&quot;,&quot;caption&quot;:&quot;SONY DSC&quot;,&quot;created_timestamp&quot;:&quot;1489320361&quot;,&quot;copyright&quot;:&quot;&quot;,&quot;focal_length&quot;:&quot;24&quot;,&quot;iso&quot;:&quot;100&quot;,&quot;shutter_speed&quot;:&quot;0.0025&quot;,&quot;title&quot;:&quot;SONY DSC&quot;,&quot;orientation&quot;:&quot;0&quot;}\" data-image-title=\"SONY DSC\" data-image-description=\"\" data-image-caption=\"&lt;p&gt;L&amp;rsquo;\u00e9glise de Betancuria&lt;\/p&gt;\n\" data-large-file=\"https:\/\/i0.wp.com\/imaginedemain.fr\/wp-content\/uploads\/2017\/03\/fuerteventura-comp-04.jpg?fit=600%2C336&amp;ssl=1\" \/><\/a>\n\t\t\t<\/dt>\n\t\t\t\t<dd class='wp-caption-text gallery-caption' id='gallery-3-1295'>\n\t\t\t\tL&rsquo;\u00e9glise de Betancuria\n\t\t\t\t<\/dd><\/dl><dl class='gallery-item'>\n\t\t\t<dt class='gallery-icon landscape'>\n\t\t\t\t<a href='https:\/\/imaginedemain.fr\/index.php\/2017\/03\/17\/fuerteventura-la-venteuse-laventureuse\/sony-dsc-102-3\/'><img loading=\"lazy\" decoding=\"async\" width=\"4592\" height=\"2576\" src=\"https:\/\/i0.wp.com\/imaginedemain.fr\/wp-content\/uploads\/2017\/03\/fuerteventura-comp-06.jpg?fit=4592%2C2576&amp;ssl=1\" class=\"attachment-full size-full\" alt=\"\" srcset=\"https:\/\/i0.wp.com\/imaginedemain.fr\/wp-content\/uploads\/2017\/03\/fuerteventura-comp-06.jpg?w=4592&amp;ssl=1 4592w, https:\/\/i0.wp.com\/imaginedemain.fr\/wp-content\/uploads\/2017\/03\/fuerteventura-comp-06.jpg?resize=300%2C168&amp;ssl=1 300w, https:\/\/i0.wp.com\/imaginedemain.fr\/wp-content\/uploads\/2017\/03\/fuerteventura-comp-06.jpg?resize=768%2C431&amp;ssl=1 768w, https:\/\/i0.wp.com\/imaginedemain.fr\/wp-content\/uploads\/2017\/03\/fuerteventura-comp-06.jpg?resize=1024%2C574&amp;ssl=1 1024w, https:\/\/i0.wp.com\/imaginedemain.fr\/wp-content\/uploads\/2017\/03\/fuerteventura-comp-06.jpg?resize=620%2C348&amp;ssl=1 620w, https:\/\/i0.wp.com\/imaginedemain.fr\/wp-content\/uploads\/2017\/03\/fuerteventura-comp-06.jpg?w=1200&amp;ssl=1 1200w, https:\/\/i0.wp.com\/imaginedemain.fr\/wp-content\/uploads\/2017\/03\/fuerteventura-comp-06.jpg?w=1800&amp;ssl=1 1800w\" sizes=\"auto, (max-width: 600px) 100vw, 600px\" data-attachment-id=\"1297\" data-permalink=\"https:\/\/imaginedemain.fr\/index.php\/2017\/03\/17\/fuerteventura-la-venteuse-laventureuse\/sony-dsc-102-3\/\" data-orig-file=\"https:\/\/i0.wp.com\/imaginedemain.fr\/wp-content\/uploads\/2017\/03\/fuerteventura-comp-06.jpg?fit=4592%2C2576&amp;ssl=1\" data-orig-size=\"4592,2576\" data-comments-opened=\"1\" data-image-meta=\"{&quot;aperture&quot;:&quot;7.1&quot;,&quot;credit&quot;:&quot;Picasa&quot;,&quot;camera&quot;:&quot;DSLR-A350&quot;,&quot;caption&quot;:&quot;SONY DSC&quot;,&quot;created_timestamp&quot;:&quot;1489321225&quot;,&quot;copyright&quot;:&quot;&quot;,&quot;focal_length&quot;:&quot;50&quot;,&quot;iso&quot;:&quot;100&quot;,&quot;shutter_speed&quot;:&quot;0.001&quot;,&quot;title&quot;:&quot;SONY DSC&quot;,&quot;orientation&quot;:&quot;0&quot;}\" data-image-title=\"SONY DSC\" data-image-description=\"\" data-image-caption=\"\" data-large-file=\"https:\/\/i0.wp.com\/imaginedemain.fr\/wp-content\/uploads\/2017\/03\/fuerteventura-comp-06.jpg?fit=600%2C336&amp;ssl=1\" \/><\/a>\n\t\t\t<\/dt><\/dl><br style=\"clear: both\" \/>\n\t\t<\/div>\n\n<p><img data-recalc-dims=\"1\" loading=\"lazy\" decoding=\"async\" data-attachment-id=\"1296\" data-permalink=\"https:\/\/imaginedemain.fr\/index.php\/2017\/03\/17\/fuerteventura-la-venteuse-laventureuse\/sony-dsc-101-3\/\" data-orig-file=\"https:\/\/i0.wp.com\/imaginedemain.fr\/wp-content\/uploads\/2017\/03\/fuerteventura-comp-05.jpg?fit=4592%2C2576&amp;ssl=1\" data-orig-size=\"4592,2576\" data-comments-opened=\"1\" data-image-meta=\"{&quot;aperture&quot;:&quot;5.6&quot;,&quot;credit&quot;:&quot;Picasa&quot;,&quot;camera&quot;:&quot;DSLR-A350&quot;,&quot;caption&quot;:&quot;SONY DSC&quot;,&quot;created_timestamp&quot;:&quot;1489320689&quot;,&quot;copyright&quot;:&quot;&quot;,&quot;focal_length&quot;:&quot;50&quot;,&quot;iso&quot;:&quot;100&quot;,&quot;shutter_speed&quot;:&quot;0.003125&quot;,&quot;title&quot;:&quot;SONY DSC&quot;,&quot;orientation&quot;:&quot;0&quot;}\" data-image-title=\"SONY DSC\" data-image-description=\"\" data-image-caption=\"&lt;p&gt;SONY DSC&lt;\/p&gt;\n\" data-large-file=\"https:\/\/i0.wp.com\/imaginedemain.fr\/wp-content\/uploads\/2017\/03\/fuerteventura-comp-05.jpg?fit=600%2C336&amp;ssl=1\" class=\"alignnone wp-image-1296 size-full\" src=\"https:\/\/i0.wp.com\/imaginedemain.fr\/wp-content\/uploads\/2017\/03\/fuerteventura-comp-05.jpg?resize=600%2C337\" alt=\"Cact\u00e9es en perspective\" width=\"600\" height=\"337\" srcset=\"https:\/\/i0.wp.com\/imaginedemain.fr\/wp-content\/uploads\/2017\/03\/fuerteventura-comp-05.jpg?w=4592&amp;ssl=1 4592w, https:\/\/i0.wp.com\/imaginedemain.fr\/wp-content\/uploads\/2017\/03\/fuerteventura-comp-05.jpg?resize=300%2C168&amp;ssl=1 300w, https:\/\/i0.wp.com\/imaginedemain.fr\/wp-content\/uploads\/2017\/03\/fuerteventura-comp-05.jpg?resize=768%2C431&amp;ssl=1 768w, https:\/\/i0.wp.com\/imaginedemain.fr\/wp-content\/uploads\/2017\/03\/fuerteventura-comp-05.jpg?resize=1024%2C574&amp;ssl=1 1024w, https:\/\/i0.wp.com\/imaginedemain.fr\/wp-content\/uploads\/2017\/03\/fuerteventura-comp-05.jpg?resize=620%2C348&amp;ssl=1 620w, https:\/\/i0.wp.com\/imaginedemain.fr\/wp-content\/uploads\/2017\/03\/fuerteventura-comp-05.jpg?w=1200&amp;ssl=1 1200w, https:\/\/i0.wp.com\/imaginedemain.fr\/wp-content\/uploads\/2017\/03\/fuerteventura-comp-05.jpg?w=1800&amp;ssl=1 1800w\" sizes=\"auto, (max-width: 600px) 100vw, 600px\" \/><\/p>\n<h6>\u00a0Sentiment contrast\u00e9<\/h6>\n<p style=\"text-align: justify;\">Nous quitterons Fuerteventura avec un sentiment contrast\u00e9, d\u2019un c\u00f4t\u00e9 des espaces naturels atrocement d\u00e9figur\u00e9s, dont un magnifique littoral au sud pr\u00e9empt\u00e9 par des promoteurs fricards, auteurs de programmes immobiliers hideux \u00e0 Costa Calma, Moro Jable, des autoroutes totalement disproportionn\u00e9es, d\u00e9naturant compl\u00e8tement les sites, et, d\u2019un autre c\u00f4t\u00e9, les paysages d\u00e9sertiques du nord, les pistes, dignes des grands espaces de la pampa argentine, l\u2019ambiance surf \u00e0 l\u2019espagnole d\u2019El Cotillo, de Corralejo, o\u00f9 une semaine n\u2019est pas de trop pour un programme board &amp; bike &amp; tapas.<\/p>\n\n\t\t<style type=\"text\/css\">\n\t\t\t#gallery-4 {\n\t\t\t\tmargin: auto;\n\t\t\t}\n\t\t\t#gallery-4 .gallery-item {\n\t\t\t\tfloat: left;\n\t\t\t\tmargin-top: 10px;\n\t\t\t\ttext-align: center;\n\t\t\t\twidth: 33%;\n\t\t\t}\n\t\t\t#gallery-4 img {\n\t\t\t\tborder: 2px solid #cfcfcf;\n\t\t\t}\n\t\t\t#gallery-4 .gallery-caption {\n\t\t\t\tmargin-left: 0;\n\t\t\t}\n\t\t\t\/* see gallery_shortcode() in wp-includes\/media.php *\/\n\t\t<\/style>\n\t\t<div data-carousel-extra='{&quot;blog_id&quot;:1,&quot;permalink&quot;:&quot;https:\/\/imaginedemain.fr\/index.php\/2017\/03\/17\/fuerteventura-la-venteuse-laventureuse\/&quot;}' id='gallery-4' class='gallery galleryid-1233 gallery-columns-3 gallery-size-medium'><dl class='gallery-item'>\n\t\t\t<dt class='gallery-icon landscape'>\n\t\t\t\t<a href='https:\/\/imaginedemain.fr\/index.php\/2017\/03\/17\/fuerteventura-la-venteuse-laventureuse\/fuerteventura-comp-36\/'><img loading=\"lazy\" decoding=\"async\" width=\"300\" height=\"225\" src=\"https:\/\/i0.wp.com\/imaginedemain.fr\/wp-content\/uploads\/2017\/03\/fuerteventura-comp-36.jpg?fit=300%2C225&amp;ssl=1\" class=\"attachment-medium size-medium\" alt=\"\" srcset=\"https:\/\/i0.wp.com\/imaginedemain.fr\/wp-content\/uploads\/2017\/03\/fuerteventura-comp-36.jpg?w=4000&amp;ssl=1 4000w, https:\/\/i0.wp.com\/imaginedemain.fr\/wp-content\/uploads\/2017\/03\/fuerteventura-comp-36.jpg?resize=300%2C225&amp;ssl=1 300w, https:\/\/i0.wp.com\/imaginedemain.fr\/wp-content\/uploads\/2017\/03\/fuerteventura-comp-36.jpg?resize=768%2C576&amp;ssl=1 768w, https:\/\/i0.wp.com\/imaginedemain.fr\/wp-content\/uploads\/2017\/03\/fuerteventura-comp-36.jpg?resize=1024%2C768&amp;ssl=1 1024w, https:\/\/i0.wp.com\/imaginedemain.fr\/wp-content\/uploads\/2017\/03\/fuerteventura-comp-36.jpg?resize=620%2C465&amp;ssl=1 620w, https:\/\/i0.wp.com\/imaginedemain.fr\/wp-content\/uploads\/2017\/03\/fuerteventura-comp-36.jpg?w=1200&amp;ssl=1 1200w, https:\/\/i0.wp.com\/imaginedemain.fr\/wp-content\/uploads\/2017\/03\/fuerteventura-comp-36.jpg?w=1800&amp;ssl=1 1800w\" sizes=\"auto, (max-width: 300px) 100vw, 300px\" data-attachment-id=\"1327\" data-permalink=\"https:\/\/imaginedemain.fr\/index.php\/2017\/03\/17\/fuerteventura-la-venteuse-laventureuse\/fuerteventura-comp-36\/\" data-orig-file=\"https:\/\/i0.wp.com\/imaginedemain.fr\/wp-content\/uploads\/2017\/03\/fuerteventura-comp-36.jpg?fit=4000%2C3000&amp;ssl=1\" data-orig-size=\"4000,3000\" data-comments-opened=\"1\" data-image-meta=\"{&quot;aperture&quot;:&quot;5.4&quot;,&quot;credit&quot;:&quot;Picasa&quot;,&quot;camera&quot;:&quot;COOLPIX S570&quot;,&quot;caption&quot;:&quot;&quot;,&quot;created_timestamp&quot;:&quot;&quot;,&quot;copyright&quot;:&quot;&quot;,&quot;focal_length&quot;:&quot;5&quot;,&quot;iso&quot;:&quot;80&quot;,&quot;shutter_speed&quot;:&quot;0.002&quot;,&quot;title&quot;:&quot;&quot;,&quot;orientation&quot;:&quot;0&quot;}\" data-image-title=\"Fuerteventura comp 36\" data-image-description=\"\" data-image-caption=\"\" data-large-file=\"https:\/\/i0.wp.com\/imaginedemain.fr\/wp-content\/uploads\/2017\/03\/fuerteventura-comp-36.jpg?fit=600%2C450&amp;ssl=1\" \/><\/a>\n\t\t\t<\/dt><\/dl><dl class='gallery-item'>\n\t\t\t<dt class='gallery-icon landscape'>\n\t\t\t\t<a href='https:\/\/imaginedemain.fr\/index.php\/2017\/03\/17\/fuerteventura-la-venteuse-laventureuse\/fuerteventura-comp-32\/'><img loading=\"lazy\" decoding=\"async\" width=\"300\" height=\"225\" src=\"https:\/\/i0.wp.com\/imaginedemain.fr\/wp-content\/uploads\/2017\/03\/fuerteventura-comp-32.jpg?fit=300%2C225&amp;ssl=1\" class=\"attachment-medium size-medium\" alt=\"\" srcset=\"https:\/\/i0.wp.com\/imaginedemain.fr\/wp-content\/uploads\/2017\/03\/fuerteventura-comp-32.jpg?w=4000&amp;ssl=1 4000w, https:\/\/i0.wp.com\/imaginedemain.fr\/wp-content\/uploads\/2017\/03\/fuerteventura-comp-32.jpg?resize=300%2C225&amp;ssl=1 300w, https:\/\/i0.wp.com\/imaginedemain.fr\/wp-content\/uploads\/2017\/03\/fuerteventura-comp-32.jpg?resize=768%2C576&amp;ssl=1 768w, https:\/\/i0.wp.com\/imaginedemain.fr\/wp-content\/uploads\/2017\/03\/fuerteventura-comp-32.jpg?resize=1024%2C768&amp;ssl=1 1024w, https:\/\/i0.wp.com\/imaginedemain.fr\/wp-content\/uploads\/2017\/03\/fuerteventura-comp-32.jpg?resize=620%2C465&amp;ssl=1 620w, https:\/\/i0.wp.com\/imaginedemain.fr\/wp-content\/uploads\/2017\/03\/fuerteventura-comp-32.jpg?w=1200&amp;ssl=1 1200w, https:\/\/i0.wp.com\/imaginedemain.fr\/wp-content\/uploads\/2017\/03\/fuerteventura-comp-32.jpg?w=1800&amp;ssl=1 1800w\" sizes=\"auto, (max-width: 300px) 100vw, 300px\" data-attachment-id=\"1323\" data-permalink=\"https:\/\/imaginedemain.fr\/index.php\/2017\/03\/17\/fuerteventura-la-venteuse-laventureuse\/fuerteventura-comp-32\/\" data-orig-file=\"https:\/\/i0.wp.com\/imaginedemain.fr\/wp-content\/uploads\/2017\/03\/fuerteventura-comp-32.jpg?fit=4000%2C3000&amp;ssl=1\" data-orig-size=\"4000,3000\" data-comments-opened=\"1\" data-image-meta=\"{&quot;aperture&quot;:&quot;5.4&quot;,&quot;credit&quot;:&quot;Picasa&quot;,&quot;camera&quot;:&quot;COOLPIX S570&quot;,&quot;caption&quot;:&quot;&quot;,&quot;created_timestamp&quot;:&quot;&quot;,&quot;copyright&quot;:&quot;&quot;,&quot;focal_length&quot;:&quot;5&quot;,&quot;iso&quot;:&quot;80&quot;,&quot;shutter_speed&quot;:&quot;0.0015625&quot;,&quot;title&quot;:&quot;&quot;,&quot;orientation&quot;:&quot;0&quot;}\" data-image-title=\"Fuerteventura comp 32\" data-image-description=\"\" data-image-caption=\"\" data-large-file=\"https:\/\/i0.wp.com\/imaginedemain.fr\/wp-content\/uploads\/2017\/03\/fuerteventura-comp-32.jpg?fit=600%2C450&amp;ssl=1\" \/><\/a>\n\t\t\t<\/dt><\/dl>\n\t\t\t<br style='clear: both' \/>\n\t\t<\/div>\n\n<p style=\"text-align: justify;\">Ainsi se termine notre d\u00e9couverte des iles Canaries, entam\u00e9e il y a quelques ann\u00e9es, Tenerife, Grande Canarie, La Gomera, La Palma, Lanzarote, Fuerteventura. Il manque El Hierro, la plus au large, long\u00e9e alors que nous partions au Cap Vert sur le voilier d&rsquo;Odile et Jacques. Canaries attachantes qui m\u00e9ritent chacune le voyage, car il reste ais\u00e9 d&rsquo;y \u00e9viter les concentrations touristiques, pour profiter d&rsquo;un environnement surprenant et d&rsquo;habitants tr\u00e8s cordiaux d\u00e8s qu&rsquo;on manie, m\u00eame maladroitement, leur idiome. Nous y reviendrons! Hasta luego!<\/p>\n","protected":false},"excerpt":{"rendered":"<p>S\u00e9par\u00e9e de Lanzarote par un d\u00e9troit d\u2019une douzaine de kilom\u00e8tres seulement, \u00e9loign\u00e9e de l\u2019Afrique d\u2019une centaine, Fuerteventura,\u00a0 l\u2019ile du \u00ab\u00a0vent fort\u00a0\u00bb n\u2019usurpe pas son nom. Les nombreux moulins \u00e0 vent d\u2019un joli style campagnard, ancr\u00e9s dans un paysage fi\u00e8rement aride, nous en fournissent un indice d\u00e8s le premier jour. La preuve en arrive quand, louant [&hellip;]<\/p>\n","protected":false},"author":1,"featured_media":1304,"comment_status":"open","ping_status":"open","sticky":false,"template":"","format":"standard","meta":{"ngg_post_thumbnail":0,"jetpack_post_was_ever_published":false,"_jetpack_newsletter_access":"","_jetpack_dont_email_post_to_subs":true,"_jetpack_newsletter_tier_id":0,"_jetpack_memberships_contains_paywalled_content":false,"_jetpack_memberships_contains_paid_content":false,"footnotes":"","jetpack_publicize_message":"","jetpack_publicize_feature_enabled":true,"jetpack_social_post_already_shared":false,"jetpack_social_options":{"image_generator_settings":{"template":"highway","default_image_id":0,"font":"","enabled":false},"version":2}},"categories":[25],"tags":[12],"class_list":["post-1233","post","type-post","status-publish","format-standard","has-post-thumbnail","hentry","category-canaries","tag-canaries"],"yoast_head":"<!-- This site is optimized with the Yoast SEO plugin v27.5 - https:\/\/yoast.com\/product\/yoast-seo-wordpress\/ -->\n<title>Fuerteventura, la venteuse, l\u2019aventureuse - Imagine demain<\/title>\n<meta name=\"description\" content=\"A Fuerteventura on adore El Cotillo, au Nord-Ouest, pour le surf, les ballades v\u00e9lo, les paysages atlantique et d\u00e9sertiques, et on laisse tomber le sud\" \/>\n<meta name=\"robots\" content=\"index, follow, max-snippet:-1, max-image-preview:large, max-video-preview:-1\" \/>\n<link rel=\"canonical\" href=\"https:\/\/imaginedemain.fr\/index.php\/2017\/03\/17\/fuerteventura-la-venteuse-laventureuse\/\" \/>\n<meta property=\"og:locale\" content=\"fr_FR\" \/>\n<meta property=\"og:type\" content=\"article\" \/>\n<meta property=\"og:title\" content=\"Fuerteventura, la venteuse, l\u2019aventureuse - Imagine demain\" \/>\n<meta property=\"og:description\" content=\"A Fuerteventura on adore El Cotillo, au Nord-Ouest, pour le surf, les ballades v\u00e9lo, les paysages atlantique et d\u00e9sertiques, et on laisse tomber le sud\" \/>\n<meta property=\"og:url\" content=\"https:\/\/imaginedemain.fr\/index.php\/2017\/03\/17\/fuerteventura-la-venteuse-laventureuse\/\" \/>\n<meta property=\"og:site_name\" content=\"Imagine demain\" \/>\n<meta property=\"article:published_time\" content=\"2017-03-17T14:25:28+00:00\" \/>\n<meta property=\"article:modified_time\" content=\"2017-04-22T15:06:56+00:00\" \/>\n<meta property=\"og:image\" content=\"https:\/\/i0.wp.com\/imaginedemain.fr\/wp-content\/uploads\/2017\/03\/fuerteventura-comp-13.jpg?fit=4000%2C3000&ssl=1\" \/>\n\t<meta property=\"og:image:width\" content=\"4000\" \/>\n\t<meta property=\"og:image:height\" content=\"3000\" \/>\n\t<meta property=\"og:image:type\" content=\"image\/jpeg\" \/>\n<meta name=\"author\" content=\"Philippe\" \/>\n<meta name=\"twitter:card\" content=\"summary_large_image\" \/>\n<meta name=\"twitter:label1\" content=\"\u00c9crit par\" \/>\n\t<meta name=\"twitter:data1\" content=\"Philippe\" \/>\n\t<meta name=\"twitter:label2\" content=\"Dur\u00e9e de lecture estim\u00e9e\" \/>\n\t<meta name=\"twitter:data2\" content=\"5 minutes\" \/>\n<script type=\"application\/ld+json\" class=\"yoast-schema-graph\">{\"@context\":\"https:\\\/\\\/schema.org\",\"@graph\":[{\"@type\":\"Article\",\"@id\":\"https:\\\/\\\/imaginedemain.fr\\\/index.php\\\/2017\\\/03\\\/17\\\/fuerteventura-la-venteuse-laventureuse\\\/#article\",\"isPartOf\":{\"@id\":\"https:\\\/\\\/imaginedemain.fr\\\/index.php\\\/2017\\\/03\\\/17\\\/fuerteventura-la-venteuse-laventureuse\\\/\"},\"author\":{\"name\":\"Philippe\",\"@id\":\"https:\\\/\\\/imaginedemain.fr\\\/#\\\/schema\\\/person\\\/e38f616126180f1f6000edc7daca21ab\"},\"headline\":\"Fuerteventura, la venteuse, l\u2019aventureuse\",\"datePublished\":\"2017-03-17T14:25:28+00:00\",\"dateModified\":\"2017-04-22T15:06:56+00:00\",\"mainEntityOfPage\":{\"@id\":\"https:\\\/\\\/imaginedemain.fr\\\/index.php\\\/2017\\\/03\\\/17\\\/fuerteventura-la-venteuse-laventureuse\\\/\"},\"wordCount\":965,\"commentCount\":0,\"image\":{\"@id\":\"https:\\\/\\\/imaginedemain.fr\\\/index.php\\\/2017\\\/03\\\/17\\\/fuerteventura-la-venteuse-laventureuse\\\/#primaryimage\"},\"thumbnailUrl\":\"https:\\\/\\\/i0.wp.com\\\/imaginedemain.fr\\\/wp-content\\\/uploads\\\/2017\\\/03\\\/fuerteventura-comp-13.jpg?fit=4000%2C3000&ssl=1\",\"keywords\":[\"Canaries\"],\"articleSection\":[\"Canaries\"],\"inLanguage\":\"fr-FR\",\"potentialAction\":[{\"@type\":\"CommentAction\",\"name\":\"Comment\",\"target\":[\"https:\\\/\\\/imaginedemain.fr\\\/index.php\\\/2017\\\/03\\\/17\\\/fuerteventura-la-venteuse-laventureuse\\\/#respond\"]}]},{\"@type\":\"WebPage\",\"@id\":\"https:\\\/\\\/imaginedemain.fr\\\/index.php\\\/2017\\\/03\\\/17\\\/fuerteventura-la-venteuse-laventureuse\\\/\",\"url\":\"https:\\\/\\\/imaginedemain.fr\\\/index.php\\\/2017\\\/03\\\/17\\\/fuerteventura-la-venteuse-laventureuse\\\/\",\"name\":\"Fuerteventura, la venteuse, l\u2019aventureuse - Imagine demain\",\"isPartOf\":{\"@id\":\"https:\\\/\\\/imaginedemain.fr\\\/#website\"},\"primaryImageOfPage\":{\"@id\":\"https:\\\/\\\/imaginedemain.fr\\\/index.php\\\/2017\\\/03\\\/17\\\/fuerteventura-la-venteuse-laventureuse\\\/#primaryimage\"},\"image\":{\"@id\":\"https:\\\/\\\/imaginedemain.fr\\\/index.php\\\/2017\\\/03\\\/17\\\/fuerteventura-la-venteuse-laventureuse\\\/#primaryimage\"},\"thumbnailUrl\":\"https:\\\/\\\/i0.wp.com\\\/imaginedemain.fr\\\/wp-content\\\/uploads\\\/2017\\\/03\\\/fuerteventura-comp-13.jpg?fit=4000%2C3000&ssl=1\",\"datePublished\":\"2017-03-17T14:25:28+00:00\",\"dateModified\":\"2017-04-22T15:06:56+00:00\",\"author\":{\"@id\":\"https:\\\/\\\/imaginedemain.fr\\\/#\\\/schema\\\/person\\\/e38f616126180f1f6000edc7daca21ab\"},\"description\":\"A Fuerteventura on adore El Cotillo, au Nord-Ouest, pour le surf, les ballades v\u00e9lo, les paysages atlantique et d\u00e9sertiques, et on laisse tomber le sud\",\"breadcrumb\":{\"@id\":\"https:\\\/\\\/imaginedemain.fr\\\/index.php\\\/2017\\\/03\\\/17\\\/fuerteventura-la-venteuse-laventureuse\\\/#breadcrumb\"},\"inLanguage\":\"fr-FR\",\"potentialAction\":[{\"@type\":\"ReadAction\",\"target\":[\"https:\\\/\\\/imaginedemain.fr\\\/index.php\\\/2017\\\/03\\\/17\\\/fuerteventura-la-venteuse-laventureuse\\\/\"]}]},{\"@type\":\"ImageObject\",\"inLanguage\":\"fr-FR\",\"@id\":\"https:\\\/\\\/imaginedemain.fr\\\/index.php\\\/2017\\\/03\\\/17\\\/fuerteventura-la-venteuse-laventureuse\\\/#primaryimage\",\"url\":\"https:\\\/\\\/i0.wp.com\\\/imaginedemain.fr\\\/wp-content\\\/uploads\\\/2017\\\/03\\\/fuerteventura-comp-13.jpg?fit=4000%2C3000&ssl=1\",\"contentUrl\":\"https:\\\/\\\/i0.wp.com\\\/imaginedemain.fr\\\/wp-content\\\/uploads\\\/2017\\\/03\\\/fuerteventura-comp-13.jpg?fit=4000%2C3000&ssl=1\",\"width\":4000,\"height\":3000},{\"@type\":\"BreadcrumbList\",\"@id\":\"https:\\\/\\\/imaginedemain.fr\\\/index.php\\\/2017\\\/03\\\/17\\\/fuerteventura-la-venteuse-laventureuse\\\/#breadcrumb\",\"itemListElement\":[{\"@type\":\"ListItem\",\"position\":1,\"name\":\"Accueil\",\"item\":\"https:\\\/\\\/imaginedemain.fr\\\/\"},{\"@type\":\"ListItem\",\"position\":2,\"name\":\"Fuerteventura, la venteuse, l\u2019aventureuse\"}]},{\"@type\":\"WebSite\",\"@id\":\"https:\\\/\\\/imaginedemain.fr\\\/#website\",\"url\":\"https:\\\/\\\/imaginedemain.fr\\\/\",\"name\":\"Imagine demain\",\"description\":\"\",\"potentialAction\":[{\"@type\":\"SearchAction\",\"target\":{\"@type\":\"EntryPoint\",\"urlTemplate\":\"https:\\\/\\\/imaginedemain.fr\\\/?s={search_term_string}\"},\"query-input\":{\"@type\":\"PropertyValueSpecification\",\"valueRequired\":true,\"valueName\":\"search_term_string\"}}],\"inLanguage\":\"fr-FR\"},{\"@type\":\"Person\",\"@id\":\"https:\\\/\\\/imaginedemain.fr\\\/#\\\/schema\\\/person\\\/e38f616126180f1f6000edc7daca21ab\",\"name\":\"Philippe\",\"image\":{\"@type\":\"ImageObject\",\"inLanguage\":\"fr-FR\",\"@id\":\"https:\\\/\\\/secure.gravatar.com\\\/avatar\\\/69f59b5b22630ea786677085abd0e3dc50190e58bc7ca3c50bd640bfaf2456a4?s=96&d=blank&r=g\",\"url\":\"https:\\\/\\\/secure.gravatar.com\\\/avatar\\\/69f59b5b22630ea786677085abd0e3dc50190e58bc7ca3c50bd640bfaf2456a4?s=96&d=blank&r=g\",\"contentUrl\":\"https:\\\/\\\/secure.gravatar.com\\\/avatar\\\/69f59b5b22630ea786677085abd0e3dc50190e58bc7ca3c50bd640bfaf2456a4?s=96&d=blank&r=g\",\"caption\":\"Philippe\"},\"sameAs\":[\"http:\\\/\\\/imaginedemain.fr\\\/\"],\"url\":\"https:\\\/\\\/imaginedemain.fr\\\/index.php\\\/author\\\/admin4809\\\/\"}]}<\/script>\n<!-- \/ Yoast SEO plugin. -->","yoast_head_json":{"title":"Fuerteventura, la venteuse, l\u2019aventureuse - Imagine demain","description":"A Fuerteventura on adore El Cotillo, au Nord-Ouest, pour le surf, les ballades v\u00e9lo, les paysages atlantique et d\u00e9sertiques, et on laisse tomber le sud","robots":{"index":"index","follow":"follow","max-snippet":"max-snippet:-1","max-image-preview":"max-image-preview:large","max-video-preview":"max-video-preview:-1"},"canonical":"https:\/\/imaginedemain.fr\/index.php\/2017\/03\/17\/fuerteventura-la-venteuse-laventureuse\/","og_locale":"fr_FR","og_type":"article","og_title":"Fuerteventura, la venteuse, l\u2019aventureuse - Imagine demain","og_description":"A Fuerteventura on adore El Cotillo, au Nord-Ouest, pour le surf, les ballades v\u00e9lo, les paysages atlantique et d\u00e9sertiques, et on laisse tomber le sud","og_url":"https:\/\/imaginedemain.fr\/index.php\/2017\/03\/17\/fuerteventura-la-venteuse-laventureuse\/","og_site_name":"Imagine demain","article_published_time":"2017-03-17T14:25:28+00:00","article_modified_time":"2017-04-22T15:06:56+00:00","og_image":[{"width":4000,"height":3000,"url":"https:\/\/i0.wp.com\/imaginedemain.fr\/wp-content\/uploads\/2017\/03\/fuerteventura-comp-13.jpg?fit=4000%2C3000&ssl=1","type":"image\/jpeg"}],"author":"Philippe","twitter_card":"summary_large_image","twitter_misc":{"\u00c9crit par":"Philippe","Dur\u00e9e de lecture estim\u00e9e":"5 minutes"},"schema":{"@context":"https:\/\/schema.org","@graph":[{"@type":"Article","@id":"https:\/\/imaginedemain.fr\/index.php\/2017\/03\/17\/fuerteventura-la-venteuse-laventureuse\/#article","isPartOf":{"@id":"https:\/\/imaginedemain.fr\/index.php\/2017\/03\/17\/fuerteventura-la-venteuse-laventureuse\/"},"author":{"name":"Philippe","@id":"https:\/\/imaginedemain.fr\/#\/schema\/person\/e38f616126180f1f6000edc7daca21ab"},"headline":"Fuerteventura, la venteuse, l\u2019aventureuse","datePublished":"2017-03-17T14:25:28+00:00","dateModified":"2017-04-22T15:06:56+00:00","mainEntityOfPage":{"@id":"https:\/\/imaginedemain.fr\/index.php\/2017\/03\/17\/fuerteventura-la-venteuse-laventureuse\/"},"wordCount":965,"commentCount":0,"image":{"@id":"https:\/\/imaginedemain.fr\/index.php\/2017\/03\/17\/fuerteventura-la-venteuse-laventureuse\/#primaryimage"},"thumbnailUrl":"https:\/\/i0.wp.com\/imaginedemain.fr\/wp-content\/uploads\/2017\/03\/fuerteventura-comp-13.jpg?fit=4000%2C3000&ssl=1","keywords":["Canaries"],"articleSection":["Canaries"],"inLanguage":"fr-FR","potentialAction":[{"@type":"CommentAction","name":"Comment","target":["https:\/\/imaginedemain.fr\/index.php\/2017\/03\/17\/fuerteventura-la-venteuse-laventureuse\/#respond"]}]},{"@type":"WebPage","@id":"https:\/\/imaginedemain.fr\/index.php\/2017\/03\/17\/fuerteventura-la-venteuse-laventureuse\/","url":"https:\/\/imaginedemain.fr\/index.php\/2017\/03\/17\/fuerteventura-la-venteuse-laventureuse\/","name":"Fuerteventura, la venteuse, l\u2019aventureuse - Imagine demain","isPartOf":{"@id":"https:\/\/imaginedemain.fr\/#website"},"primaryImageOfPage":{"@id":"https:\/\/imaginedemain.fr\/index.php\/2017\/03\/17\/fuerteventura-la-venteuse-laventureuse\/#primaryimage"},"image":{"@id":"https:\/\/imaginedemain.fr\/index.php\/2017\/03\/17\/fuerteventura-la-venteuse-laventureuse\/#primaryimage"},"thumbnailUrl":"https:\/\/i0.wp.com\/imaginedemain.fr\/wp-content\/uploads\/2017\/03\/fuerteventura-comp-13.jpg?fit=4000%2C3000&ssl=1","datePublished":"2017-03-17T14:25:28+00:00","dateModified":"2017-04-22T15:06:56+00:00","author":{"@id":"https:\/\/imaginedemain.fr\/#\/schema\/person\/e38f616126180f1f6000edc7daca21ab"},"description":"A Fuerteventura on adore El Cotillo, au Nord-Ouest, pour le surf, les ballades v\u00e9lo, les paysages atlantique et d\u00e9sertiques, et on laisse tomber le sud","breadcrumb":{"@id":"https:\/\/imaginedemain.fr\/index.php\/2017\/03\/17\/fuerteventura-la-venteuse-laventureuse\/#breadcrumb"},"inLanguage":"fr-FR","potentialAction":[{"@type":"ReadAction","target":["https:\/\/imaginedemain.fr\/index.php\/2017\/03\/17\/fuerteventura-la-venteuse-laventureuse\/"]}]},{"@type":"ImageObject","inLanguage":"fr-FR","@id":"https:\/\/imaginedemain.fr\/index.php\/2017\/03\/17\/fuerteventura-la-venteuse-laventureuse\/#primaryimage","url":"https:\/\/i0.wp.com\/imaginedemain.fr\/wp-content\/uploads\/2017\/03\/fuerteventura-comp-13.jpg?fit=4000%2C3000&ssl=1","contentUrl":"https:\/\/i0.wp.com\/imaginedemain.fr\/wp-content\/uploads\/2017\/03\/fuerteventura-comp-13.jpg?fit=4000%2C3000&ssl=1","width":4000,"height":3000},{"@type":"BreadcrumbList","@id":"https:\/\/imaginedemain.fr\/index.php\/2017\/03\/17\/fuerteventura-la-venteuse-laventureuse\/#breadcrumb","itemListElement":[{"@type":"ListItem","position":1,"name":"Accueil","item":"https:\/\/imaginedemain.fr\/"},{"@type":"ListItem","position":2,"name":"Fuerteventura, la venteuse, l\u2019aventureuse"}]},{"@type":"WebSite","@id":"https:\/\/imaginedemain.fr\/#website","url":"https:\/\/imaginedemain.fr\/","name":"Imagine demain","description":"","potentialAction":[{"@type":"SearchAction","target":{"@type":"EntryPoint","urlTemplate":"https:\/\/imaginedemain.fr\/?s={search_term_string}"},"query-input":{"@type":"PropertyValueSpecification","valueRequired":true,"valueName":"search_term_string"}}],"inLanguage":"fr-FR"},{"@type":"Person","@id":"https:\/\/imaginedemain.fr\/#\/schema\/person\/e38f616126180f1f6000edc7daca21ab","name":"Philippe","image":{"@type":"ImageObject","inLanguage":"fr-FR","@id":"https:\/\/secure.gravatar.com\/avatar\/69f59b5b22630ea786677085abd0e3dc50190e58bc7ca3c50bd640bfaf2456a4?s=96&d=blank&r=g","url":"https:\/\/secure.gravatar.com\/avatar\/69f59b5b22630ea786677085abd0e3dc50190e58bc7ca3c50bd640bfaf2456a4?s=96&d=blank&r=g","contentUrl":"https:\/\/secure.gravatar.com\/avatar\/69f59b5b22630ea786677085abd0e3dc50190e58bc7ca3c50bd640bfaf2456a4?s=96&d=blank&r=g","caption":"Philippe"},"sameAs":["http:\/\/imaginedemain.fr\/"],"url":"https:\/\/imaginedemain.fr\/index.php\/author\/admin4809\/"}]}},"jetpack_publicize_connections":[],"jetpack_featured_media_url":"https:\/\/i0.wp.com\/imaginedemain.fr\/wp-content\/uploads\/2017\/03\/fuerteventura-comp-13.jpg?fit=4000%2C3000&ssl=1","jetpack_shortlink":"https:\/\/wp.me\/p8tuMH-jT","jetpack-related-posts":[{"id":6055,"url":"https:\/\/imaginedemain.fr\/index.php\/2020\/11\/13\/theta-coup-de-torchon-entre-acores-et-canaries\/","url_meta":{"origin":1233,"position":0},"title":"Th\u00e9ta, coup de torchon entre A\u00e7ores et Canaries","author":"Philippe","date":"13 novembre 2020","format":false,"excerpt":"La d\u00e9pression tropicale Th\u00e9ta semblait \u00eatre redout\u00e9e. Pourtant on voit Alex Thompson, maintenant en t\u00eate de la course, aller y chercher les vents portants les plus forts et cravacher sa monture! La course c'est la course ... Jean Le Cam, le doyen \u00e0 61 ans, fait plus que de la\u2026","rel":"","context":"Dans &quot;Vend\u00e9e Globe&quot;","block_context":{"text":"Vend\u00e9e Globe","link":"https:\/\/imaginedemain.fr\/index.php\/category\/vendee-globe\/"},"img":{"alt_text":"","src":"https:\/\/i0.wp.com\/imaginedemain.fr\/wp-content\/uploads\/2020\/11\/imoca-vendee-globe-alex-thomson-5.jpg?fit=540%2C357&ssl=1&resize=350%2C200","width":350,"height":200,"srcset":"https:\/\/i0.wp.com\/imaginedemain.fr\/wp-content\/uploads\/2020\/11\/imoca-vendee-globe-alex-thomson-5.jpg?fit=540%2C357&ssl=1&resize=350%2C200 1x, https:\/\/i0.wp.com\/imaginedemain.fr\/wp-content\/uploads\/2020\/11\/imoca-vendee-globe-alex-thomson-5.jpg?fit=540%2C357&ssl=1&resize=525%2C300 1.5x"},"classes":[]},{"id":1720,"url":"https:\/\/imaginedemain.fr\/index.php\/2015\/11\/20\/lalbatros\/","url_meta":{"origin":1233,"position":1},"title":"L&rsquo;albatros","author":"Philippe","date":"20 novembre 2015","format":false,"excerpt":"\u00a0 \u00a0 \u00a0 \u00a0 \u00a0 \u00a0 \u00a0 \u00a0 \u00a0 \u00a0 \u00a0 \u00a0 \u00a0 \u00a0 \u00a0 \u00a0 \u00a0 \u00a0 \u00a0 \u00a0 \u00a0 \u00a0 \u00a0 \u00a0 \u00a0 \u00a0 \u00a0 \u00a0 \u00a0 \u00a0 \u00a0 \u00a0 \u00a0 \u00a0 \u00a0 \u00a0 \u00a0 \u00a0 \u00a0 \u00a0 \u00a0 \u00a0 \u00a0 \u00a0 \u00a0 \u00a0 \u00a0 \u00a0 \u00a0 \u00a0\u2026","rel":"","context":"Dans &quot;Canaries&quot;","block_context":{"text":"Canaries","link":"https:\/\/imaginedemain.fr\/index.php\/category\/canaries\/"},"img":{"alt_text":"","src":"https:\/\/i0.wp.com\/imaginedemain.fr\/wp-content\/uploads\/2015\/11\/canaries-cap-vert-1158.jpg?fit=1200%2C673&ssl=1&resize=350%2C200","width":350,"height":200,"srcset":"https:\/\/i0.wp.com\/imaginedemain.fr\/wp-content\/uploads\/2015\/11\/canaries-cap-vert-1158.jpg?fit=1200%2C673&ssl=1&resize=350%2C200 1x, https:\/\/i0.wp.com\/imaginedemain.fr\/wp-content\/uploads\/2015\/11\/canaries-cap-vert-1158.jpg?fit=1200%2C673&ssl=1&resize=525%2C300 1.5x, https:\/\/i0.wp.com\/imaginedemain.fr\/wp-content\/uploads\/2015\/11\/canaries-cap-vert-1158.jpg?fit=1200%2C673&ssl=1&resize=700%2C400 2x, https:\/\/i0.wp.com\/imaginedemain.fr\/wp-content\/uploads\/2015\/11\/canaries-cap-vert-1158.jpg?fit=1200%2C673&ssl=1&resize=1050%2C600 3x"},"classes":[]},{"id":3046,"url":"https:\/\/imaginedemain.fr\/index.php\/2018\/01\/06\/bonne-annee-2018-belle-ile-vent-force-8-a-9\/","url_meta":{"origin":1233,"position":2},"title":"Bonne ann\u00e9e 2018 depuis Belle-Ile, vent force 8 \u00e0 9","author":"Philippe","date":"6 janvier 2018","format":false,"excerpt":"Ce 1er janvier 2018, nous le passons \u00e0 Belle-Ile ... de toutes fa\u00e7ons car tous les bateaux vers le continent ont \u00e9t\u00e9 annul\u00e9s, nous sommes r\u00e9ellement coup\u00e9s du monde. Le vent a souffl\u00e9 en temp\u00eate cette nuit, les creux atteignent six m\u00e8tres, mais la lumi\u00e8re d'un front froid revient avec\u2026","rel":"","context":"Dans &quot;Portfolio&quot;","block_context":{"text":"Portfolio","link":"https:\/\/imaginedemain.fr\/index.php\/category\/non-classe\/portfolio\/"},"img":{"alt_text":"","src":"https:\/\/i0.wp.com\/imaginedemain.fr\/wp-content\/uploads\/2018\/01\/DSC00267.jpg?fit=1200%2C678&ssl=1&resize=350%2C200","width":350,"height":200,"srcset":"https:\/\/i0.wp.com\/imaginedemain.fr\/wp-content\/uploads\/2018\/01\/DSC00267.jpg?fit=1200%2C678&ssl=1&resize=350%2C200 1x, https:\/\/i0.wp.com\/imaginedemain.fr\/wp-content\/uploads\/2018\/01\/DSC00267.jpg?fit=1200%2C678&ssl=1&resize=525%2C300 1.5x, https:\/\/i0.wp.com\/imaginedemain.fr\/wp-content\/uploads\/2018\/01\/DSC00267.jpg?fit=1200%2C678&ssl=1&resize=700%2C400 2x, https:\/\/i0.wp.com\/imaginedemain.fr\/wp-content\/uploads\/2018\/01\/DSC00267.jpg?fit=1200%2C678&ssl=1&resize=1050%2C600 3x"},"classes":[]},{"id":465,"url":"https:\/\/imaginedemain.fr\/index.php\/2014\/12\/30\/rio-baker-bleu-turquoise-ou-vert-emeraude\/","url_meta":{"origin":1233,"position":3},"title":"Rio Baker, bleu turquoise ou vert \u00e9meraude ?","author":"Philippe","date":"30 d\u00e9cembre 2014","format":false,"excerpt":"Arriv\u00e9s au lac G\u00e9n\u00e9ral Carrera, nous devrions mettre le cap sur l\u2019Argentine et passer la fronti\u00e8re \u00e0 Chile Chico (Los Antiguos en Argentine). La voie argentine est le seul moyen de gagner le tr\u00e8s grand Sud par la fameuse Ruta 40, et notamment les parcs Los Glaciares en Argentine et\u2026","rel":"","context":"Dans &quot;Chili &amp; Argentine&quot;","block_context":{"text":"Chili &amp; Argentine","link":"https:\/\/imaginedemain.fr\/index.php\/category\/chile-y-argentina\/"},"img":{"alt_text":"","src":"https:\/\/i0.wp.com\/imaginedemain.fr\/wp-content\/uploads\/2014\/12\/dsc00288.jpg?fit=1200%2C673&ssl=1&resize=350%2C200","width":350,"height":200,"srcset":"https:\/\/i0.wp.com\/imaginedemain.fr\/wp-content\/uploads\/2014\/12\/dsc00288.jpg?fit=1200%2C673&ssl=1&resize=350%2C200 1x, https:\/\/i0.wp.com\/imaginedemain.fr\/wp-content\/uploads\/2014\/12\/dsc00288.jpg?fit=1200%2C673&ssl=1&resize=525%2C300 1.5x, https:\/\/i0.wp.com\/imaginedemain.fr\/wp-content\/uploads\/2014\/12\/dsc00288.jpg?fit=1200%2C673&ssl=1&resize=700%2C400 2x, https:\/\/i0.wp.com\/imaginedemain.fr\/wp-content\/uploads\/2014\/12\/dsc00288.jpg?fit=1200%2C673&ssl=1&resize=1050%2C600 3x"},"classes":[]},{"id":1613,"url":"https:\/\/imaginedemain.fr\/index.php\/2017\/03\/14\/lanzarote-la-volcanique\/","url_meta":{"origin":1233,"position":4},"title":"Lanzarote, la volcanique","author":"Philippe","date":"14 mars 2017","format":false,"excerpt":"Fascinante Lanzarote Les iles sont fascinantes. D\u00e9tach\u00e9es des grandes terres, elles sont comme d\u00e9tach\u00e9es du monde. Lib\u00e9r\u00e9es des liens qui assimilent jusqu'\u00e0 fondre, toutes ont d\u00e9velopp\u00e9 une\u00a0 personnalit\u00e9 unique, faite de g\u00e9ographie, de g\u00e9ologie, d'histoire, de peuples et de culture, d'une originalit\u00e9 propre \u00e0 stimuler en permanence notre soif de\u2026","rel":"","context":"Dans &quot;Canaries&quot;","block_context":{"text":"Canaries","link":"https:\/\/imaginedemain.fr\/index.php\/category\/canaries\/"},"img":{"alt_text":"","src":"https:\/\/i0.wp.com\/imaginedemain.fr\/wp-content\/uploads\/2017\/03\/lanzarote-08.jpg?fit=1200%2C673&ssl=1&resize=350%2C200","width":350,"height":200,"srcset":"https:\/\/i0.wp.com\/imaginedemain.fr\/wp-content\/uploads\/2017\/03\/lanzarote-08.jpg?fit=1200%2C673&ssl=1&resize=350%2C200 1x, https:\/\/i0.wp.com\/imaginedemain.fr\/wp-content\/uploads\/2017\/03\/lanzarote-08.jpg?fit=1200%2C673&ssl=1&resize=525%2C300 1.5x, https:\/\/i0.wp.com\/imaginedemain.fr\/wp-content\/uploads\/2017\/03\/lanzarote-08.jpg?fit=1200%2C673&ssl=1&resize=700%2C400 2x, https:\/\/i0.wp.com\/imaginedemain.fr\/wp-content\/uploads\/2017\/03\/lanzarote-08.jpg?fit=1200%2C673&ssl=1&resize=1050%2C600 3x"},"classes":[]},{"id":575,"url":"https:\/\/imaginedemain.fr\/index.php\/2015\/01\/15\/detroit-de-magellan-le-mythe\/","url_meta":{"origin":1233,"position":5},"title":"D\u00e9troit de Magellan, le mythe","author":"Philippe","date":"15 janvier 2015","format":false,"excerpt":"Apr\u00e8s le Perito Moreno en Argentine, poursuivant toujours plus sud nous revenons au Chili. Cinq guichets \u00e0 franchir et trois bonnes heures au poste fronti\u00e8re. Au cinqui\u00e8me et dernier guichet, un douanier chilien saisit les deux oranges et les deux avocats que nous transportons. Il les p\u00e8se sur un p\u00e8se-h\u00e9ro\u00efne,\u2026","rel":"","context":"Dans &quot;Chili &amp; Argentine&quot;","block_context":{"text":"Chili &amp; Argentine","link":"https:\/\/imaginedemain.fr\/index.php\/category\/chile-y-argentina\/"},"img":{"alt_text":"IMG_1025","src":"https:\/\/phicatgarnier.files.wordpress.com\/2015\/01\/img_1025.jpg?w=350&h=200&crop=1","width":350,"height":200,"srcset":"https:\/\/phicatgarnier.files.wordpress.com\/2015\/01\/img_1025.jpg?w=350&h=200&crop=1 1x, https:\/\/phicatgarnier.files.wordpress.com\/2015\/01\/img_1025.jpg?w=525&h=300&crop=1 1.5x, https:\/\/phicatgarnier.files.wordpress.com\/2015\/01\/img_1025.jpg?w=700&h=400&crop=1 2x"},"classes":[]}],"jetpack_sharing_enabled":true,"_links":{"self":[{"href":"https:\/\/imaginedemain.fr\/index.php\/wp-json\/wp\/v2\/posts\/1233","targetHints":{"allow":["GET"]}}],"collection":[{"href":"https:\/\/imaginedemain.fr\/index.php\/wp-json\/wp\/v2\/posts"}],"about":[{"href":"https:\/\/imaginedemain.fr\/index.php\/wp-json\/wp\/v2\/types\/post"}],"author":[{"embeddable":true,"href":"https:\/\/imaginedemain.fr\/index.php\/wp-json\/wp\/v2\/users\/1"}],"replies":[{"embeddable":true,"href":"https:\/\/imaginedemain.fr\/index.php\/wp-json\/wp\/v2\/comments?post=1233"}],"version-history":[{"count":7,"href":"https:\/\/imaginedemain.fr\/index.php\/wp-json\/wp\/v2\/posts\/1233\/revisions"}],"predecessor-version":[{"id":2528,"href":"https:\/\/imaginedemain.fr\/index.php\/wp-json\/wp\/v2\/posts\/1233\/revisions\/2528"}],"wp:featuredmedia":[{"embeddable":true,"href":"https:\/\/imaginedemain.fr\/index.php\/wp-json\/wp\/v2\/media\/1304"}],"wp:attachment":[{"href":"https:\/\/imaginedemain.fr\/index.php\/wp-json\/wp\/v2\/media?parent=1233"}],"wp:term":[{"taxonomy":"category","embeddable":true,"href":"https:\/\/imaginedemain.fr\/index.php\/wp-json\/wp\/v2\/categories?post=1233"},{"taxonomy":"post_tag","embeddable":true,"href":"https:\/\/imaginedemain.fr\/index.php\/wp-json\/wp\/v2\/tags?post=1233"}],"curies":[{"name":"wp","href":"https:\/\/api.w.org\/{rel}","templated":true}]}}