{"id":1420,"date":"2015-03-07T23:30:42","date_gmt":"2015-03-07T22:30:42","guid":{"rendered":"https:\/\/phicatgarnier.wordpress.com\/?p=1420"},"modified":"2017-03-22T15:14:56","modified_gmt":"2017-03-22T14:14:56","slug":"para-que-ir-a-paris","status":"publish","type":"post","link":"https:\/\/imaginedemain.fr\/index.php\/2015\/03\/07\/para-que-ir-a-paris\/","title":{"rendered":"\u00bfPara qu\u00e9 ir a Paris?"},"content":{"rendered":"<p style=\"text-align: justify;\">Ahora es el \u00faltimo art\u00edculo de este blog, antes de salir en Francia. Es el momento de agradecer todos ellos que leyeron este peri\u00f3dico electr\u00f3nico y ellos que hicieron comentarios, siempre agradable para nosotros, y que hicieron a menudo re\u00edr. Estaba un placer de compartir estas aventuras. Es el momento de agradecer calurosamente todos los chilenos y todos los argentinos que acomidieron nosotros siempre bien y que ayudaron muy a menudo. Estaba tambi\u00e9n un placer de encontrar otros viajeros, y de discutir nuestras experiencias.<\/p>\n<p style=\"text-align: justify;\"><a href=\"https:\/\/phicatgarnier.files.wordpress.com\/2015\/03\/img_1422.jpg\"><img data-recalc-dims=\"1\" loading=\"lazy\" decoding=\"async\" class=\"alignnone wp-image-1421 size-large\" src=\"https:\/\/phicatgarnier.files.wordpress.com\/2015\/03\/img_1422.jpg?w=730&#038;resize=600%2C800\" alt=\"IMG_1422\" width=\"600\" height=\"800\" \/><\/a><\/p>\n<p style=\"text-align: justify;\">\u00a1Tenemos un buen motivo para volver en Francia, que es de ver el verdadero espect\u00e1culo de Paris!<\/p>\n<p style=\"text-align: justify;\">\u00a1Muchas gracias a todos! \u00a1Que le vayan bien!<\/p>\n<p style=\"text-align: justify;\"><a href=\"https:\/\/phicatgarnier.files.wordpress.com\/2015\/03\/img_1459.jpg\"><img data-recalc-dims=\"1\" loading=\"lazy\" decoding=\"async\" class=\"alignnone wp-image-1422 size-large\" src=\"https:\/\/phicatgarnier.files.wordpress.com\/2015\/03\/img_1459.jpg?w=730&#038;resize=600%2C450\" alt=\"IMG_1459\" width=\"600\" height=\"450\" \/><\/a><\/p>\n","protected":false},"excerpt":{"rendered":"<p>Ahora es el \u00faltimo art\u00edculo de este blog, antes de salir en Francia. Es el momento de agradecer todos ellos que leyeron este peri\u00f3dico electr\u00f3nico y ellos que hicieron comentarios, siempre agradable para nosotros, y que hicieron a menudo re\u00edr. Estaba un placer de compartir estas aventuras. Es el momento de agradecer calurosamente todos los [&hellip;]<\/p>\n","protected":false},"author":1,"featured_media":830,"comment_status":"open","ping_status":"open","sticky":false,"template":"","format":"standard","meta":{"ngg_post_thumbnail":0,"jetpack_post_was_ever_published":false,"_jetpack_newsletter_access":"","_jetpack_dont_email_post_to_subs":true,"_jetpack_newsletter_tier_id":0,"_jetpack_memberships_contains_paywalled_content":false,"_jetpack_memberships_contains_paid_content":false,"footnotes":"","jetpack_publicize_message":"","jetpack_publicize_feature_enabled":true,"jetpack_social_post_already_shared":false,"jetpack_social_options":{"image_generator_settings":{"template":"highway","default_image_id":0,"font":"","enabled":false},"version":2}},"categories":[10],"tags":[14],"class_list":["post-1420","post","type-post","status-publish","format-standard","has-post-thumbnail","hentry","category-chile-y-argentina","tag-chili"],"yoast_head":"<!-- This site is optimized with the Yoast SEO plugin v27.4 - https:\/\/yoast.com\/product\/yoast-seo-wordpress\/ -->\n<title>\u00bfPara qu\u00e9 ir a Paris? - Imagine demain<\/title>\n<meta name=\"robots\" content=\"index, follow, max-snippet:-1, max-image-preview:large, max-video-preview:-1\" \/>\n<link rel=\"canonical\" href=\"https:\/\/imaginedemain.fr\/index.php\/2015\/03\/07\/para-que-ir-a-paris\/\" \/>\n<meta property=\"og:locale\" content=\"fr_FR\" \/>\n<meta property=\"og:type\" content=\"article\" \/>\n<meta property=\"og:title\" content=\"\u00bfPara qu\u00e9 ir a Paris? - Imagine demain\" \/>\n<meta property=\"og:description\" content=\"Ahora es el \u00faltimo art\u00edculo de este blog, antes de salir en Francia. Es el momento de agradecer todos ellos que leyeron este peri\u00f3dico electr\u00f3nico y ellos que hicieron comentarios, siempre agradable para nosotros, y que hicieron a menudo re\u00edr. Estaba un placer de compartir estas aventuras. Es el momento de agradecer calurosamente todos los [&hellip;]\" \/>\n<meta property=\"og:url\" content=\"https:\/\/imaginedemain.fr\/index.php\/2015\/03\/07\/para-que-ir-a-paris\/\" \/>\n<meta property=\"og:site_name\" content=\"Imagine demain\" \/>\n<meta property=\"article:published_time\" content=\"2015-03-07T22:30:42+00:00\" \/>\n<meta property=\"article:modified_time\" content=\"2017-03-22T14:14:56+00:00\" \/>\n<meta property=\"og:image\" content=\"https:\/\/i0.wp.com\/imaginedemain.fr\/wp-content\/uploads\/2015\/02\/dsc03398.jpg?fit=3580%2C2011&ssl=1\" \/>\n\t<meta property=\"og:image:width\" content=\"3580\" \/>\n\t<meta property=\"og:image:height\" content=\"2011\" \/>\n\t<meta property=\"og:image:type\" content=\"image\/jpeg\" \/>\n<meta name=\"author\" content=\"Philippe\" \/>\n<meta name=\"twitter:card\" content=\"summary_large_image\" \/>\n<meta name=\"twitter:label1\" content=\"\u00c9crit par\" \/>\n\t<meta name=\"twitter:data1\" content=\"Philippe\" \/>\n\t<meta name=\"twitter:label2\" content=\"Dur\u00e9e de lecture estim\u00e9e\" \/>\n\t<meta name=\"twitter:data2\" content=\"1 minute\" \/>\n<script type=\"application\/ld+json\" class=\"yoast-schema-graph\">{\"@context\":\"https:\\\/\\\/schema.org\",\"@graph\":[{\"@type\":\"Article\",\"@id\":\"https:\\\/\\\/imaginedemain.fr\\\/index.php\\\/2015\\\/03\\\/07\\\/para-que-ir-a-paris\\\/#article\",\"isPartOf\":{\"@id\":\"https:\\\/\\\/imaginedemain.fr\\\/index.php\\\/2015\\\/03\\\/07\\\/para-que-ir-a-paris\\\/\"},\"author\":{\"name\":\"Philippe\",\"@id\":\"https:\\\/\\\/imaginedemain.fr\\\/#\\\/schema\\\/person\\\/e38f616126180f1f6000edc7daca21ab\"},\"headline\":\"\u00bfPara qu\u00e9 ir a Paris?\",\"datePublished\":\"2015-03-07T22:30:42+00:00\",\"dateModified\":\"2017-03-22T14:14:56+00:00\",\"mainEntityOfPage\":{\"@id\":\"https:\\\/\\\/imaginedemain.fr\\\/index.php\\\/2015\\\/03\\\/07\\\/para-que-ir-a-paris\\\/\"},\"wordCount\":120,\"commentCount\":1,\"image\":{\"@id\":\"https:\\\/\\\/imaginedemain.fr\\\/index.php\\\/2015\\\/03\\\/07\\\/para-que-ir-a-paris\\\/#primaryimage\"},\"thumbnailUrl\":\"https:\\\/\\\/i0.wp.com\\\/imaginedemain.fr\\\/wp-content\\\/uploads\\\/2015\\\/02\\\/dsc03398.jpg?fit=3580%2C2011&ssl=1\",\"keywords\":[\"Chili\"],\"articleSection\":[\"Chili &amp; Argentine\"],\"inLanguage\":\"fr-FR\",\"potentialAction\":[{\"@type\":\"CommentAction\",\"name\":\"Comment\",\"target\":[\"https:\\\/\\\/imaginedemain.fr\\\/index.php\\\/2015\\\/03\\\/07\\\/para-que-ir-a-paris\\\/#respond\"]}]},{\"@type\":\"WebPage\",\"@id\":\"https:\\\/\\\/imaginedemain.fr\\\/index.php\\\/2015\\\/03\\\/07\\\/para-que-ir-a-paris\\\/\",\"url\":\"https:\\\/\\\/imaginedemain.fr\\\/index.php\\\/2015\\\/03\\\/07\\\/para-que-ir-a-paris\\\/\",\"name\":\"\u00bfPara qu\u00e9 ir a Paris? - Imagine demain\",\"isPartOf\":{\"@id\":\"https:\\\/\\\/imaginedemain.fr\\\/#website\"},\"primaryImageOfPage\":{\"@id\":\"https:\\\/\\\/imaginedemain.fr\\\/index.php\\\/2015\\\/03\\\/07\\\/para-que-ir-a-paris\\\/#primaryimage\"},\"image\":{\"@id\":\"https:\\\/\\\/imaginedemain.fr\\\/index.php\\\/2015\\\/03\\\/07\\\/para-que-ir-a-paris\\\/#primaryimage\"},\"thumbnailUrl\":\"https:\\\/\\\/i0.wp.com\\\/imaginedemain.fr\\\/wp-content\\\/uploads\\\/2015\\\/02\\\/dsc03398.jpg?fit=3580%2C2011&ssl=1\",\"datePublished\":\"2015-03-07T22:30:42+00:00\",\"dateModified\":\"2017-03-22T14:14:56+00:00\",\"author\":{\"@id\":\"https:\\\/\\\/imaginedemain.fr\\\/#\\\/schema\\\/person\\\/e38f616126180f1f6000edc7daca21ab\"},\"breadcrumb\":{\"@id\":\"https:\\\/\\\/imaginedemain.fr\\\/index.php\\\/2015\\\/03\\\/07\\\/para-que-ir-a-paris\\\/#breadcrumb\"},\"inLanguage\":\"fr-FR\",\"potentialAction\":[{\"@type\":\"ReadAction\",\"target\":[\"https:\\\/\\\/imaginedemain.fr\\\/index.php\\\/2015\\\/03\\\/07\\\/para-que-ir-a-paris\\\/\"]}]},{\"@type\":\"ImageObject\",\"inLanguage\":\"fr-FR\",\"@id\":\"https:\\\/\\\/imaginedemain.fr\\\/index.php\\\/2015\\\/03\\\/07\\\/para-que-ir-a-paris\\\/#primaryimage\",\"url\":\"https:\\\/\\\/i0.wp.com\\\/imaginedemain.fr\\\/wp-content\\\/uploads\\\/2015\\\/02\\\/dsc03398.jpg?fit=3580%2C2011&ssl=1\",\"contentUrl\":\"https:\\\/\\\/i0.wp.com\\\/imaginedemain.fr\\\/wp-content\\\/uploads\\\/2015\\\/02\\\/dsc03398.jpg?fit=3580%2C2011&ssl=1\",\"width\":3580,\"height\":2011},{\"@type\":\"BreadcrumbList\",\"@id\":\"https:\\\/\\\/imaginedemain.fr\\\/index.php\\\/2015\\\/03\\\/07\\\/para-que-ir-a-paris\\\/#breadcrumb\",\"itemListElement\":[{\"@type\":\"ListItem\",\"position\":1,\"name\":\"Accueil\",\"item\":\"https:\\\/\\\/imaginedemain.fr\\\/\"},{\"@type\":\"ListItem\",\"position\":2,\"name\":\"\u00bfPara qu\u00e9 ir a Paris?\"}]},{\"@type\":\"WebSite\",\"@id\":\"https:\\\/\\\/imaginedemain.fr\\\/#website\",\"url\":\"https:\\\/\\\/imaginedemain.fr\\\/\",\"name\":\"Imagine demain\",\"description\":\"\",\"potentialAction\":[{\"@type\":\"SearchAction\",\"target\":{\"@type\":\"EntryPoint\",\"urlTemplate\":\"https:\\\/\\\/imaginedemain.fr\\\/?s={search_term_string}\"},\"query-input\":{\"@type\":\"PropertyValueSpecification\",\"valueRequired\":true,\"valueName\":\"search_term_string\"}}],\"inLanguage\":\"fr-FR\"},{\"@type\":\"Person\",\"@id\":\"https:\\\/\\\/imaginedemain.fr\\\/#\\\/schema\\\/person\\\/e38f616126180f1f6000edc7daca21ab\",\"name\":\"Philippe\",\"image\":{\"@type\":\"ImageObject\",\"inLanguage\":\"fr-FR\",\"@id\":\"https:\\\/\\\/secure.gravatar.com\\\/avatar\\\/69f59b5b22630ea786677085abd0e3dc50190e58bc7ca3c50bd640bfaf2456a4?s=96&d=blank&r=g\",\"url\":\"https:\\\/\\\/secure.gravatar.com\\\/avatar\\\/69f59b5b22630ea786677085abd0e3dc50190e58bc7ca3c50bd640bfaf2456a4?s=96&d=blank&r=g\",\"contentUrl\":\"https:\\\/\\\/secure.gravatar.com\\\/avatar\\\/69f59b5b22630ea786677085abd0e3dc50190e58bc7ca3c50bd640bfaf2456a4?s=96&d=blank&r=g\",\"caption\":\"Philippe\"},\"sameAs\":[\"http:\\\/\\\/imaginedemain.fr\\\/\"],\"url\":\"https:\\\/\\\/imaginedemain.fr\\\/index.php\\\/author\\\/admin4809\\\/\"}]}<\/script>\n<!-- \/ Yoast SEO plugin. -->","yoast_head_json":{"title":"\u00bfPara qu\u00e9 ir a Paris? - Imagine demain","robots":{"index":"index","follow":"follow","max-snippet":"max-snippet:-1","max-image-preview":"max-image-preview:large","max-video-preview":"max-video-preview:-1"},"canonical":"https:\/\/imaginedemain.fr\/index.php\/2015\/03\/07\/para-que-ir-a-paris\/","og_locale":"fr_FR","og_type":"article","og_title":"\u00bfPara qu\u00e9 ir a Paris? - Imagine demain","og_description":"Ahora es el \u00faltimo art\u00edculo de este blog, antes de salir en Francia. Es el momento de agradecer todos ellos que leyeron este peri\u00f3dico electr\u00f3nico y ellos que hicieron comentarios, siempre agradable para nosotros, y que hicieron a menudo re\u00edr. Estaba un placer de compartir estas aventuras. Es el momento de agradecer calurosamente todos los [&hellip;]","og_url":"https:\/\/imaginedemain.fr\/index.php\/2015\/03\/07\/para-que-ir-a-paris\/","og_site_name":"Imagine demain","article_published_time":"2015-03-07T22:30:42+00:00","article_modified_time":"2017-03-22T14:14:56+00:00","og_image":[{"width":3580,"height":2011,"url":"https:\/\/i0.wp.com\/imaginedemain.fr\/wp-content\/uploads\/2015\/02\/dsc03398.jpg?fit=3580%2C2011&ssl=1","type":"image\/jpeg"}],"author":"Philippe","twitter_card":"summary_large_image","twitter_misc":{"\u00c9crit par":"Philippe","Dur\u00e9e de lecture estim\u00e9e":"1 minute"},"schema":{"@context":"https:\/\/schema.org","@graph":[{"@type":"Article","@id":"https:\/\/imaginedemain.fr\/index.php\/2015\/03\/07\/para-que-ir-a-paris\/#article","isPartOf":{"@id":"https:\/\/imaginedemain.fr\/index.php\/2015\/03\/07\/para-que-ir-a-paris\/"},"author":{"name":"Philippe","@id":"https:\/\/imaginedemain.fr\/#\/schema\/person\/e38f616126180f1f6000edc7daca21ab"},"headline":"\u00bfPara qu\u00e9 ir a Paris?","datePublished":"2015-03-07T22:30:42+00:00","dateModified":"2017-03-22T14:14:56+00:00","mainEntityOfPage":{"@id":"https:\/\/imaginedemain.fr\/index.php\/2015\/03\/07\/para-que-ir-a-paris\/"},"wordCount":120,"commentCount":1,"image":{"@id":"https:\/\/imaginedemain.fr\/index.php\/2015\/03\/07\/para-que-ir-a-paris\/#primaryimage"},"thumbnailUrl":"https:\/\/i0.wp.com\/imaginedemain.fr\/wp-content\/uploads\/2015\/02\/dsc03398.jpg?fit=3580%2C2011&ssl=1","keywords":["Chili"],"articleSection":["Chili &amp; Argentine"],"inLanguage":"fr-FR","potentialAction":[{"@type":"CommentAction","name":"Comment","target":["https:\/\/imaginedemain.fr\/index.php\/2015\/03\/07\/para-que-ir-a-paris\/#respond"]}]},{"@type":"WebPage","@id":"https:\/\/imaginedemain.fr\/index.php\/2015\/03\/07\/para-que-ir-a-paris\/","url":"https:\/\/imaginedemain.fr\/index.php\/2015\/03\/07\/para-que-ir-a-paris\/","name":"\u00bfPara qu\u00e9 ir a Paris? - Imagine demain","isPartOf":{"@id":"https:\/\/imaginedemain.fr\/#website"},"primaryImageOfPage":{"@id":"https:\/\/imaginedemain.fr\/index.php\/2015\/03\/07\/para-que-ir-a-paris\/#primaryimage"},"image":{"@id":"https:\/\/imaginedemain.fr\/index.php\/2015\/03\/07\/para-que-ir-a-paris\/#primaryimage"},"thumbnailUrl":"https:\/\/i0.wp.com\/imaginedemain.fr\/wp-content\/uploads\/2015\/02\/dsc03398.jpg?fit=3580%2C2011&ssl=1","datePublished":"2015-03-07T22:30:42+00:00","dateModified":"2017-03-22T14:14:56+00:00","author":{"@id":"https:\/\/imaginedemain.fr\/#\/schema\/person\/e38f616126180f1f6000edc7daca21ab"},"breadcrumb":{"@id":"https:\/\/imaginedemain.fr\/index.php\/2015\/03\/07\/para-que-ir-a-paris\/#breadcrumb"},"inLanguage":"fr-FR","potentialAction":[{"@type":"ReadAction","target":["https:\/\/imaginedemain.fr\/index.php\/2015\/03\/07\/para-que-ir-a-paris\/"]}]},{"@type":"ImageObject","inLanguage":"fr-FR","@id":"https:\/\/imaginedemain.fr\/index.php\/2015\/03\/07\/para-que-ir-a-paris\/#primaryimage","url":"https:\/\/i0.wp.com\/imaginedemain.fr\/wp-content\/uploads\/2015\/02\/dsc03398.jpg?fit=3580%2C2011&ssl=1","contentUrl":"https:\/\/i0.wp.com\/imaginedemain.fr\/wp-content\/uploads\/2015\/02\/dsc03398.jpg?fit=3580%2C2011&ssl=1","width":3580,"height":2011},{"@type":"BreadcrumbList","@id":"https:\/\/imaginedemain.fr\/index.php\/2015\/03\/07\/para-que-ir-a-paris\/#breadcrumb","itemListElement":[{"@type":"ListItem","position":1,"name":"Accueil","item":"https:\/\/imaginedemain.fr\/"},{"@type":"ListItem","position":2,"name":"\u00bfPara qu\u00e9 ir a Paris?"}]},{"@type":"WebSite","@id":"https:\/\/imaginedemain.fr\/#website","url":"https:\/\/imaginedemain.fr\/","name":"Imagine demain","description":"","potentialAction":[{"@type":"SearchAction","target":{"@type":"EntryPoint","urlTemplate":"https:\/\/imaginedemain.fr\/?s={search_term_string}"},"query-input":{"@type":"PropertyValueSpecification","valueRequired":true,"valueName":"search_term_string"}}],"inLanguage":"fr-FR"},{"@type":"Person","@id":"https:\/\/imaginedemain.fr\/#\/schema\/person\/e38f616126180f1f6000edc7daca21ab","name":"Philippe","image":{"@type":"ImageObject","inLanguage":"fr-FR","@id":"https:\/\/secure.gravatar.com\/avatar\/69f59b5b22630ea786677085abd0e3dc50190e58bc7ca3c50bd640bfaf2456a4?s=96&d=blank&r=g","url":"https:\/\/secure.gravatar.com\/avatar\/69f59b5b22630ea786677085abd0e3dc50190e58bc7ca3c50bd640bfaf2456a4?s=96&d=blank&r=g","contentUrl":"https:\/\/secure.gravatar.com\/avatar\/69f59b5b22630ea786677085abd0e3dc50190e58bc7ca3c50bd640bfaf2456a4?s=96&d=blank&r=g","caption":"Philippe"},"sameAs":["http:\/\/imaginedemain.fr\/"],"url":"https:\/\/imaginedemain.fr\/index.php\/author\/admin4809\/"}]}},"jetpack_publicize_connections":[],"jetpack_featured_media_url":"https:\/\/i0.wp.com\/imaginedemain.fr\/wp-content\/uploads\/2015\/02\/dsc03398.jpg?fit=3580%2C2011&ssl=1","jetpack_shortlink":"https:\/\/wp.me\/p8tuMH-mU","jetpack-related-posts":[{"id":566,"url":"https:\/\/imaginedemain.fr\/index.php\/2015\/01\/08\/el-terrorismo-golpea-a-francia\/","url_meta":{"origin":1420,"position":0},"title":"El terrorismo golpea a Francia","author":"Philippe","date":"8 janvier 2015","format":false,"excerpt":"Ici \u00e0 Punta Arenas, \u00e0 l'extr\u00eame sud du monde, les grands journaux locaux titrent sur l'attentat de Paris. http:\/\/www.latercera.com\/canal\/mundo\/678.html Il nous semble que les chiliens sont sensibles \u00e0 la France. Apr\u00e8s la p\u00e9riode Pinochet le gouvernement a d\u00e9cid\u00e9 de promouvoir l'enseignement du fran\u00e7ais, en \u00e9cho au soutien apport\u00e9 par les\u2026","rel":"","context":"Dans &quot;Chili &amp; Argentine&quot;","block_context":{"text":"Chili &amp; Argentine","link":"https:\/\/imaginedemain.fr\/index.php\/category\/chile-y-argentina\/"},"img":{"alt_text":"","src":"https:\/\/i0.wp.com\/imaginedemain.fr\/wp-content\/uploads\/2015\/01\/dsc02451.jpg?fit=1200%2C673&ssl=1&resize=350%2C200","width":350,"height":200,"srcset":"https:\/\/i0.wp.com\/imaginedemain.fr\/wp-content\/uploads\/2015\/01\/dsc02451.jpg?fit=1200%2C673&ssl=1&resize=350%2C200 1x, https:\/\/i0.wp.com\/imaginedemain.fr\/wp-content\/uploads\/2015\/01\/dsc02451.jpg?fit=1200%2C673&ssl=1&resize=525%2C300 1.5x, https:\/\/i0.wp.com\/imaginedemain.fr\/wp-content\/uploads\/2015\/01\/dsc02451.jpg?fit=1200%2C673&ssl=1&resize=700%2C400 2x, https:\/\/i0.wp.com\/imaginedemain.fr\/wp-content\/uploads\/2015\/01\/dsc02451.jpg?fit=1200%2C673&ssl=1&resize=1050%2C600 3x"},"classes":[]},{"id":1428,"url":"https:\/\/imaginedemain.fr\/index.php\/2017\/03\/20\/atacama-paradis-des-observations-astronomiques\/","url_meta":{"origin":1420,"position":1},"title":"Atacama, paradis des observations astronomiques","author":"Philippe","date":"20 mars 2017","format":false,"excerpt":"L'Observatoire de Paris organisait le 13 mars une journ\u00e9e anniversaire pour les 10 ans du Dipl\u00f4me d'Universit\u00e9 \"Explorer et Comprendre l'Univers\" (DU ECU). Cet enseignement dispens\u00e9 sur un an par l'Observatoire de Paris est une opportunit\u00e9 unique pour tous ceux qui souhaitent acqu\u00e9rir une compr\u00e9hension d'ensemble de ce qu'est l'Univers,\u2026","rel":"","context":"Dans &quot;Chili &amp; Argentine&quot;","block_context":{"text":"Chili &amp; Argentine","link":"https:\/\/imaginedemain.fr\/index.php\/category\/chile-y-argentina\/"},"img":{"alt_text":"","src":"https:\/\/i0.wp.com\/imaginedemain.fr\/wp-content\/uploads\/2015\/02\/dsc04560.jpg?fit=1200%2C673&ssl=1&resize=350%2C200","width":350,"height":200,"srcset":"https:\/\/i0.wp.com\/imaginedemain.fr\/wp-content\/uploads\/2015\/02\/dsc04560.jpg?fit=1200%2C673&ssl=1&resize=350%2C200 1x, https:\/\/i0.wp.com\/imaginedemain.fr\/wp-content\/uploads\/2015\/02\/dsc04560.jpg?fit=1200%2C673&ssl=1&resize=525%2C300 1.5x, https:\/\/i0.wp.com\/imaginedemain.fr\/wp-content\/uploads\/2015\/02\/dsc04560.jpg?fit=1200%2C673&ssl=1&resize=700%2C400 2x, https:\/\/i0.wp.com\/imaginedemain.fr\/wp-content\/uploads\/2015\/02\/dsc04560.jpg?fit=1200%2C673&ssl=1&resize=1050%2C600 3x"},"classes":[]},{"id":1190,"url":"https:\/\/imaginedemain.fr\/index.php\/2015\/03\/04\/et-nous-irons-a-valparaiso\/","url_meta":{"origin":1420,"position":2},"title":"Et nous irons \u00e0 Valparaiso!","author":"Philippe","date":"4 mars 2015","format":false,"excerpt":"Valparaiso, Valpo, un monument d\u2019histoire et de g\u00e9ographie, bien difficile \u00e0 situer dans ce grand monde. Le Chili c\u2019est o\u00f9\u00a0? Valparaiso c\u2019est quoi? Beau totem entour\u00e9 de brume, elle a tout d\u2019un mythe. Et les mythes nous int\u00e9ressent. Les explications qu\u2019on nous donne, les paroles des chansons qui l\u2019\u00e9voquent, ne\u2026","rel":"","context":"Dans &quot;Chili &amp; Argentine&quot;","block_context":{"text":"Chili &amp; Argentine","link":"https:\/\/imaginedemain.fr\/index.php\/category\/chile-y-argentina\/"},"img":{"alt_text":"","src":"https:\/\/i0.wp.com\/imaginedemain.fr\/wp-content\/uploads\/2015\/03\/1300026.jpg?fit=1200%2C673&ssl=1&resize=350%2C200","width":350,"height":200,"srcset":"https:\/\/i0.wp.com\/imaginedemain.fr\/wp-content\/uploads\/2015\/03\/1300026.jpg?fit=1200%2C673&ssl=1&resize=350%2C200 1x, https:\/\/i0.wp.com\/imaginedemain.fr\/wp-content\/uploads\/2015\/03\/1300026.jpg?fit=1200%2C673&ssl=1&resize=525%2C300 1.5x, https:\/\/i0.wp.com\/imaginedemain.fr\/wp-content\/uploads\/2015\/03\/1300026.jpg?fit=1200%2C673&ssl=1&resize=700%2C400 2x, https:\/\/i0.wp.com\/imaginedemain.fr\/wp-content\/uploads\/2015\/03\/1300026.jpg?fit=1200%2C673&ssl=1&resize=1050%2C600 3x"},"classes":[]},{"id":1332,"url":"https:\/\/imaginedemain.fr\/index.php\/2015\/03\/06\/comment-voyager-voiture-bus-avion-velo-cheval-pick-up-paquebot-camping-car-ferry\/","url_meta":{"origin":1420,"position":3},"title":"Comment voyager? Voiture, bus, avion, v\u00e9lo, cheval, pick-up, paquebot, camping-car, ferry?","author":"Philippe","date":"6 mars 2015","format":false,"excerpt":"En 15000 kilom\u00e8tres parcourus au Chili et en Argentine, nous avons rencontr\u00e9 bien des voyageurs, et bien des styles d'aventure. Petit bilan pour ceux qui pr\u00e9parent le voyage, ou ceux, plus nombreux, qui ne le pr\u00e9parent pas tout en y pensant. Garder \u00e0 l'esprit la loi universelle du voyage, selon\u2026","rel":"","context":"Dans &quot;Chili &amp; Argentine&quot;","block_context":{"text":"Chili &amp; Argentine","link":"https:\/\/imaginedemain.fr\/index.php\/category\/chile-y-argentina\/"},"img":{"alt_text":"","src":"https:\/\/i0.wp.com\/imaginedemain.fr\/wp-content\/uploads\/2014\/12\/dsc00109.jpg?fit=1200%2C673&ssl=1&resize=350%2C200","width":350,"height":200,"srcset":"https:\/\/i0.wp.com\/imaginedemain.fr\/wp-content\/uploads\/2014\/12\/dsc00109.jpg?fit=1200%2C673&ssl=1&resize=350%2C200 1x, https:\/\/i0.wp.com\/imaginedemain.fr\/wp-content\/uploads\/2014\/12\/dsc00109.jpg?fit=1200%2C673&ssl=1&resize=525%2C300 1.5x, https:\/\/i0.wp.com\/imaginedemain.fr\/wp-content\/uploads\/2014\/12\/dsc00109.jpg?fit=1200%2C673&ssl=1&resize=700%2C400 2x, https:\/\/i0.wp.com\/imaginedemain.fr\/wp-content\/uploads\/2014\/12\/dsc00109.jpg?fit=1200%2C673&ssl=1&resize=1050%2C600 3x"},"classes":[]},{"id":1064,"url":"https:\/\/imaginedemain.fr\/index.php\/2014\/12\/13\/cote-austral-1\/","url_meta":{"origin":1420,"position":4},"title":"C\u00f4t\u00e9 austral (1)","author":"Philippe","date":"13 d\u00e9cembre 2014","format":false,"excerpt":"S\u2019agissant de d\u00e9coration, chacun a ses go\u00fbts. Personnellement j\u2019ai de la sympathie pour le kitsch. Mais d\u00e9fendant un jour que les gens qui mettent des \u00ab\u00a0nains de jardin\u00a0\u00bb pr\u00e9cis\u00e9ment dans leur jardin, font vertu de leur simplicit\u00e9, je me rendis compte que je passais pour un cr\u00e9tin. Quoi, d\u00e9fendre les\u2026","rel":"","context":"Dans &quot;Chili &amp; Argentine&quot;","block_context":{"text":"Chili &amp; Argentine","link":"https:\/\/imaginedemain.fr\/index.php\/category\/chile-y-argentina\/"},"img":{"alt_text":"","src":"https:\/\/i0.wp.com\/imaginedemain.fr\/wp-content\/uploads\/2014\/12\/dsc00832.jpg?fit=1200%2C673&ssl=1&resize=350%2C200","width":350,"height":200,"srcset":"https:\/\/i0.wp.com\/imaginedemain.fr\/wp-content\/uploads\/2014\/12\/dsc00832.jpg?fit=1200%2C673&ssl=1&resize=350%2C200 1x, https:\/\/i0.wp.com\/imaginedemain.fr\/wp-content\/uploads\/2014\/12\/dsc00832.jpg?fit=1200%2C673&ssl=1&resize=525%2C300 1.5x, https:\/\/i0.wp.com\/imaginedemain.fr\/wp-content\/uploads\/2014\/12\/dsc00832.jpg?fit=1200%2C673&ssl=1&resize=700%2C400 2x, https:\/\/i0.wp.com\/imaginedemain.fr\/wp-content\/uploads\/2014\/12\/dsc00832.jpg?fit=1200%2C673&ssl=1&resize=1050%2C600 3x"},"classes":[]},{"id":22,"url":"https:\/\/imaginedemain.fr\/index.php\/2014\/11\/24\/de-lautre-cote-de-latlantique\/","url_meta":{"origin":1420,"position":5},"title":"De l&rsquo;autre cot\u00e9 de l&rsquo;Atlantique","author":"Philippe","date":"24 novembre 2014","format":false,"excerpt":"Partis! Nous arrivons de nuit sur Sao Paulo, premi\u00e8re et immense nappe de lumi\u00e8re apr\u00e8s le survol de l'Atlantique et du Br\u00e9sil. Deux heures de transit dans cet a\u00e9rogare hors sol, puis nouvel envol pour quatre heures vers Santiago. L'Aconcagua sous l'aile droite, fabuleux, inoubliable. On aimerait tellement aller sur\u2026","rel":"","context":"Dans &quot;Chili &amp; Argentine&quot;","block_context":{"text":"Chili &amp; Argentine","link":"https:\/\/imaginedemain.fr\/index.php\/category\/chile-y-argentina\/"},"img":{"alt_text":"","src":"https:\/\/i0.wp.com\/imaginedemain.fr\/wp-content\/uploads\/2014\/11\/img_0564.jpg?fit=1200%2C900&ssl=1&resize=350%2C200","width":350,"height":200,"srcset":"https:\/\/i0.wp.com\/imaginedemain.fr\/wp-content\/uploads\/2014\/11\/img_0564.jpg?fit=1200%2C900&ssl=1&resize=350%2C200 1x, https:\/\/i0.wp.com\/imaginedemain.fr\/wp-content\/uploads\/2014\/11\/img_0564.jpg?fit=1200%2C900&ssl=1&resize=525%2C300 1.5x, https:\/\/i0.wp.com\/imaginedemain.fr\/wp-content\/uploads\/2014\/11\/img_0564.jpg?fit=1200%2C900&ssl=1&resize=700%2C400 2x, https:\/\/i0.wp.com\/imaginedemain.fr\/wp-content\/uploads\/2014\/11\/img_0564.jpg?fit=1200%2C900&ssl=1&resize=1050%2C600 3x"},"classes":[]}],"jetpack_sharing_enabled":true,"_links":{"self":[{"href":"https:\/\/imaginedemain.fr\/index.php\/wp-json\/wp\/v2\/posts\/1420","targetHints":{"allow":["GET"]}}],"collection":[{"href":"https:\/\/imaginedemain.fr\/index.php\/wp-json\/wp\/v2\/posts"}],"about":[{"href":"https:\/\/imaginedemain.fr\/index.php\/wp-json\/wp\/v2\/types\/post"}],"author":[{"embeddable":true,"href":"https:\/\/imaginedemain.fr\/index.php\/wp-json\/wp\/v2\/users\/1"}],"replies":[{"embeddable":true,"href":"https:\/\/imaginedemain.fr\/index.php\/wp-json\/wp\/v2\/comments?post=1420"}],"version-history":[{"count":2,"href":"https:\/\/imaginedemain.fr\/index.php\/wp-json\/wp\/v2\/posts\/1420\/revisions"}],"predecessor-version":[{"id":2109,"href":"https:\/\/imaginedemain.fr\/index.php\/wp-json\/wp\/v2\/posts\/1420\/revisions\/2109"}],"wp:featuredmedia":[{"embeddable":true,"href":"https:\/\/imaginedemain.fr\/index.php\/wp-json\/wp\/v2\/media\/830"}],"wp:attachment":[{"href":"https:\/\/imaginedemain.fr\/index.php\/wp-json\/wp\/v2\/media?parent=1420"}],"wp:term":[{"taxonomy":"category","embeddable":true,"href":"https:\/\/imaginedemain.fr\/index.php\/wp-json\/wp\/v2\/categories?post=1420"},{"taxonomy":"post_tag","embeddable":true,"href":"https:\/\/imaginedemain.fr\/index.php\/wp-json\/wp\/v2\/tags?post=1420"}],"curies":[{"name":"wp","href":"https:\/\/api.w.org\/{rel}","templated":true}]}}