{"id":1613,"date":"2017-03-14T14:59:31","date_gmt":"2017-03-14T13:59:31","guid":{"rendered":"https:\/\/imagine2016.wordpress.com\/?p=1111"},"modified":"2017-04-22T18:53:47","modified_gmt":"2017-04-22T16:53:47","slug":"lanzarote-la-volcanique","status":"publish","type":"post","link":"https:\/\/imaginedemain.fr\/index.php\/2017\/03\/14\/lanzarote-la-volcanique\/","title":{"rendered":"Lanzarote, la volcanique"},"content":{"rendered":"<h6>Fascinante Lanzarote<\/h6>\n<p>Les iles sont fascinantes. D\u00e9tach\u00e9es des grandes terres, elles sont comme d\u00e9tach\u00e9es du monde. Lib\u00e9r\u00e9es des liens qui assimilent jusqu&rsquo;\u00e0 fondre, toutes ont d\u00e9velopp\u00e9 une\u00a0 personnalit\u00e9 unique, faite de g\u00e9ographie, de g\u00e9ologie, d&rsquo;histoire, de peuples et de culture, d&rsquo;une originalit\u00e9 propre \u00e0 stimuler en permanence notre soif de d\u00e9couverte.<\/p>\n<p>Quoi de commun entre\u00a0Santo Ant\u00e3o \u00e0 l&rsquo;ouest du Cap Vert, Hiva Oa aux Marquises, Houat en Bretagne sud, Tikehau aux Tuamotu, La Gomera aux Canaries,\u00a0 Fol\u00e9gandros dans les Cyclades, la Maddalena dans les iles sardes, Egine, Guernesey, Chilo\u00eb, Minorque, la Corse, et tant d&rsquo;autres iles souvent d\u00e9couvertes au bout de l&rsquo;\u00e9trave, quelque fois au bout du tarmac, sinon la d\u00e9couverte d\u2019une version aussi diff\u00e9rente qu&rsquo;attachante du monde. Dans cette collection amoureuse, Belle-Ile-en-Mer y tient toute sa place!<\/p>\n<p>Lanzarote, nous pouvions la craindre comme une Canarie vou\u00e9e \u00e0 griller des brexiteuses et brexiteurs, la peau marbr\u00e9e de rouge et blanc, fan\u00e9s par trop d\u2019\u00e2ge, ou bien victime du terrifiant b\u00e9tonnage c\u00f4tier \u00e0 l&rsquo;espagnole. Cela existe en effet \u00e0 Lanzarote, Punta del Carmen, Playa Bianca,\u00a0 grandes banlieues proprettes de Birmingham, au soleil, so british &#8230;not for us.<\/p>\n<p>Le vrai Lanzarote est ailleurs, fascinant d\u00e8s le trait de c\u00f4te franchi, au milieu des vignobles plant\u00e9s sur des terres couvertes de lapilli, cern\u00e9s par des champs de lave immenses et tumultueux, domin\u00e9s par des centaines de c\u00f4nes volcaniques aux arrondis parfaits.<\/p>\n\n\t\t<style type=\"text\/css\">\n\t\t\t#gallery-1 {\n\t\t\t\tmargin: auto;\n\t\t\t}\n\t\t\t#gallery-1 .gallery-item {\n\t\t\t\tfloat: left;\n\t\t\t\tmargin-top: 10px;\n\t\t\t\ttext-align: center;\n\t\t\t\twidth: 33%;\n\t\t\t}\n\t\t\t#gallery-1 img {\n\t\t\t\tborder: 2px solid #cfcfcf;\n\t\t\t}\n\t\t\t#gallery-1 .gallery-caption {\n\t\t\t\tmargin-left: 0;\n\t\t\t}\n\t\t\t\/* see gallery_shortcode() in wp-includes\/media.php *\/\n\t\t<\/style>\n\t\t<div data-carousel-extra='{&quot;blog_id&quot;:1,&quot;permalink&quot;:&quot;https:\/\/imaginedemain.fr\/index.php\/2017\/03\/14\/lanzarote-la-volcanique\/&quot;}' id='gallery-1' class='gallery galleryid-1613 gallery-columns-3 gallery-size-large'><dl class='gallery-item'>\n\t\t\t<dt class='gallery-icon landscape'>\n\t\t\t\t<a href='https:\/\/imaginedemain.fr\/index.php\/2017\/03\/14\/lanzarote-la-volcanique\/sony-dsc-73-2\/'><img loading=\"lazy\" decoding=\"async\" width=\"600\" height=\"336\" src=\"https:\/\/i0.wp.com\/imaginedemain.fr\/wp-content\/uploads\/2017\/03\/lanzarote-08.jpg?fit=600%2C336&amp;ssl=1\" class=\"attachment-large size-large\" alt=\"\" srcset=\"https:\/\/i0.wp.com\/imaginedemain.fr\/wp-content\/uploads\/2017\/03\/lanzarote-08.jpg?w=4592&amp;ssl=1 4592w, https:\/\/i0.wp.com\/imaginedemain.fr\/wp-content\/uploads\/2017\/03\/lanzarote-08.jpg?resize=300%2C168&amp;ssl=1 300w, https:\/\/i0.wp.com\/imaginedemain.fr\/wp-content\/uploads\/2017\/03\/lanzarote-08.jpg?resize=768%2C431&amp;ssl=1 768w, https:\/\/i0.wp.com\/imaginedemain.fr\/wp-content\/uploads\/2017\/03\/lanzarote-08.jpg?resize=1024%2C574&amp;ssl=1 1024w, https:\/\/i0.wp.com\/imaginedemain.fr\/wp-content\/uploads\/2017\/03\/lanzarote-08.jpg?resize=620%2C348&amp;ssl=1 620w, https:\/\/i0.wp.com\/imaginedemain.fr\/wp-content\/uploads\/2017\/03\/lanzarote-08.jpg?w=1200&amp;ssl=1 1200w, https:\/\/i0.wp.com\/imaginedemain.fr\/wp-content\/uploads\/2017\/03\/lanzarote-08.jpg?w=1800&amp;ssl=1 1800w\" sizes=\"auto, (max-width: 600px) 100vw, 600px\" data-attachment-id=\"1121\" data-permalink=\"https:\/\/imaginedemain.fr\/index.php\/2017\/03\/14\/lanzarote-la-volcanique\/sony-dsc-73-2\/\" data-orig-file=\"https:\/\/i0.wp.com\/imaginedemain.fr\/wp-content\/uploads\/2017\/03\/lanzarote-08.jpg?fit=4592%2C2576&amp;ssl=1\" data-orig-size=\"4592,2576\" data-comments-opened=\"1\" data-image-meta=\"{&quot;aperture&quot;:&quot;11&quot;,&quot;credit&quot;:&quot;Picasa&quot;,&quot;camera&quot;:&quot;DSLR-A350&quot;,&quot;caption&quot;:&quot;SONY DSC&quot;,&quot;created_timestamp&quot;:&quot;1488647546&quot;,&quot;copyright&quot;:&quot;&quot;,&quot;focal_length&quot;:&quot;35&quot;,&quot;iso&quot;:&quot;100&quot;,&quot;shutter_speed&quot;:&quot;0.005&quot;,&quot;title&quot;:&quot;SONY DSC&quot;,&quot;orientation&quot;:&quot;0&quot;}\" data-image-title=\"SONY DSC\" data-image-description=\"\" data-image-caption=\"\" data-large-file=\"https:\/\/i0.wp.com\/imaginedemain.fr\/wp-content\/uploads\/2017\/03\/lanzarote-08.jpg?fit=600%2C336&amp;ssl=1\" \/><\/a>\n\t\t\t<\/dt><\/dl><dl class='gallery-item'>\n\t\t\t<dt class='gallery-icon landscape'>\n\t\t\t\t<a href='https:\/\/imaginedemain.fr\/index.php\/2017\/03\/14\/lanzarote-la-volcanique\/sony-dsc-79-2\/'><img loading=\"lazy\" decoding=\"async\" width=\"600\" height=\"336\" src=\"https:\/\/i0.wp.com\/imaginedemain.fr\/wp-content\/uploads\/2017\/03\/lanzarote-14.jpg?fit=600%2C336&amp;ssl=1\" class=\"attachment-large size-large\" alt=\"\" srcset=\"https:\/\/i0.wp.com\/imaginedemain.fr\/wp-content\/uploads\/2017\/03\/lanzarote-14.jpg?w=4592&amp;ssl=1 4592w, https:\/\/i0.wp.com\/imaginedemain.fr\/wp-content\/uploads\/2017\/03\/lanzarote-14.jpg?resize=300%2C168&amp;ssl=1 300w, https:\/\/i0.wp.com\/imaginedemain.fr\/wp-content\/uploads\/2017\/03\/lanzarote-14.jpg?resize=768%2C431&amp;ssl=1 768w, https:\/\/i0.wp.com\/imaginedemain.fr\/wp-content\/uploads\/2017\/03\/lanzarote-14.jpg?resize=1024%2C574&amp;ssl=1 1024w, https:\/\/i0.wp.com\/imaginedemain.fr\/wp-content\/uploads\/2017\/03\/lanzarote-14.jpg?resize=620%2C348&amp;ssl=1 620w, https:\/\/i0.wp.com\/imaginedemain.fr\/wp-content\/uploads\/2017\/03\/lanzarote-14.jpg?w=1200&amp;ssl=1 1200w, https:\/\/i0.wp.com\/imaginedemain.fr\/wp-content\/uploads\/2017\/03\/lanzarote-14.jpg?w=1800&amp;ssl=1 1800w\" sizes=\"auto, (max-width: 600px) 100vw, 600px\" data-attachment-id=\"1127\" data-permalink=\"https:\/\/imaginedemain.fr\/index.php\/2017\/03\/14\/lanzarote-la-volcanique\/sony-dsc-79-2\/\" data-orig-file=\"https:\/\/i0.wp.com\/imaginedemain.fr\/wp-content\/uploads\/2017\/03\/lanzarote-14.jpg?fit=4592%2C2576&amp;ssl=1\" data-orig-size=\"4592,2576\" data-comments-opened=\"1\" data-image-meta=\"{&quot;aperture&quot;:&quot;11&quot;,&quot;credit&quot;:&quot;Picasa&quot;,&quot;camera&quot;:&quot;DSLR-A350&quot;,&quot;caption&quot;:&quot;SONY DSC&quot;,&quot;created_timestamp&quot;:&quot;1488894015&quot;,&quot;copyright&quot;:&quot;&quot;,&quot;focal_length&quot;:&quot;70&quot;,&quot;iso&quot;:&quot;100&quot;,&quot;shutter_speed&quot;:&quot;0.005&quot;,&quot;title&quot;:&quot;SONY DSC&quot;,&quot;orientation&quot;:&quot;0&quot;}\" data-image-title=\"SONY DSC\" data-image-description=\"\" data-image-caption=\"\" data-large-file=\"https:\/\/i0.wp.com\/imaginedemain.fr\/wp-content\/uploads\/2017\/03\/lanzarote-14.jpg?fit=600%2C336&amp;ssl=1\" \/><\/a>\n\t\t\t<\/dt><\/dl><dl class='gallery-item'>\n\t\t\t<dt class='gallery-icon landscape'>\n\t\t\t\t<a href='https:\/\/imaginedemain.fr\/index.php\/2017\/03\/14\/lanzarote-la-volcanique\/sony-dsc-85-2\/'><img loading=\"lazy\" decoding=\"async\" width=\"600\" height=\"336\" src=\"https:\/\/i0.wp.com\/imaginedemain.fr\/wp-content\/uploads\/2017\/03\/lanzarote-20.jpg?fit=600%2C336&amp;ssl=1\" class=\"attachment-large size-large\" alt=\"\" srcset=\"https:\/\/i0.wp.com\/imaginedemain.fr\/wp-content\/uploads\/2017\/03\/lanzarote-20.jpg?w=4592&amp;ssl=1 4592w, https:\/\/i0.wp.com\/imaginedemain.fr\/wp-content\/uploads\/2017\/03\/lanzarote-20.jpg?resize=300%2C168&amp;ssl=1 300w, https:\/\/i0.wp.com\/imaginedemain.fr\/wp-content\/uploads\/2017\/03\/lanzarote-20.jpg?resize=768%2C431&amp;ssl=1 768w, https:\/\/i0.wp.com\/imaginedemain.fr\/wp-content\/uploads\/2017\/03\/lanzarote-20.jpg?resize=1024%2C574&amp;ssl=1 1024w, https:\/\/i0.wp.com\/imaginedemain.fr\/wp-content\/uploads\/2017\/03\/lanzarote-20.jpg?resize=620%2C348&amp;ssl=1 620w, https:\/\/i0.wp.com\/imaginedemain.fr\/wp-content\/uploads\/2017\/03\/lanzarote-20.jpg?w=1200&amp;ssl=1 1200w, https:\/\/i0.wp.com\/imaginedemain.fr\/wp-content\/uploads\/2017\/03\/lanzarote-20.jpg?w=1800&amp;ssl=1 1800w\" sizes=\"auto, (max-width: 600px) 100vw, 600px\" data-attachment-id=\"1133\" data-permalink=\"https:\/\/imaginedemain.fr\/index.php\/2017\/03\/14\/lanzarote-la-volcanique\/sony-dsc-85-2\/\" data-orig-file=\"https:\/\/i0.wp.com\/imaginedemain.fr\/wp-content\/uploads\/2017\/03\/lanzarote-20.jpg?fit=4592%2C2576&amp;ssl=1\" data-orig-size=\"4592,2576\" data-comments-opened=\"1\" data-image-meta=\"{&quot;aperture&quot;:&quot;11&quot;,&quot;credit&quot;:&quot;Picasa&quot;,&quot;camera&quot;:&quot;DSLR-A350&quot;,&quot;caption&quot;:&quot;SONY DSC&quot;,&quot;created_timestamp&quot;:&quot;1488976894&quot;,&quot;copyright&quot;:&quot;&quot;,&quot;focal_length&quot;:&quot;35&quot;,&quot;iso&quot;:&quot;100&quot;,&quot;shutter_speed&quot;:&quot;0.01&quot;,&quot;title&quot;:&quot;SONY DSC&quot;,&quot;orientation&quot;:&quot;0&quot;}\" data-image-title=\"SONY DSC\" data-image-description=\"\" data-image-caption=\"\" data-large-file=\"https:\/\/i0.wp.com\/imaginedemain.fr\/wp-content\/uploads\/2017\/03\/lanzarote-20.jpg?fit=600%2C336&amp;ssl=1\" \/><\/a>\n\t\t\t<\/dt><\/dl><br style=\"clear: both\" \/>\n\t\t<\/div>\n\n<p><img data-recalc-dims=\"1\" loading=\"lazy\" decoding=\"async\" data-attachment-id=\"1131\" data-permalink=\"https:\/\/imaginedemain.fr\/index.php\/2017\/03\/14\/lanzarote-la-volcanique\/sony-dsc-83-2\/\" data-orig-file=\"https:\/\/i0.wp.com\/imaginedemain.fr\/wp-content\/uploads\/2017\/03\/lanzarote-18.jpg?fit=4592%2C2576&amp;ssl=1\" data-orig-size=\"4592,2576\" data-comments-opened=\"1\" data-image-meta=\"{&quot;aperture&quot;:&quot;10&quot;,&quot;credit&quot;:&quot;Picasa&quot;,&quot;camera&quot;:&quot;DSLR-A350&quot;,&quot;caption&quot;:&quot;SONY DSC&quot;,&quot;created_timestamp&quot;:&quot;1488973669&quot;,&quot;copyright&quot;:&quot;&quot;,&quot;focal_length&quot;:&quot;50&quot;,&quot;iso&quot;:&quot;100&quot;,&quot;shutter_speed&quot;:&quot;0.00625&quot;,&quot;title&quot;:&quot;SONY DSC&quot;,&quot;orientation&quot;:&quot;0&quot;}\" data-image-title=\"\" data-image-description=\"\" data-image-caption=\"\" data-large-file=\"https:\/\/i0.wp.com\/imaginedemain.fr\/wp-content\/uploads\/2017\/03\/lanzarote-18.jpg?fit=600%2C336&amp;ssl=1\" class=\"alignnone size-full wp-image-1131\" src=\"https:\/\/i0.wp.com\/imaginedemain.fr\/wp-content\/uploads\/2017\/03\/lanzarote-18.jpg?resize=600%2C337\" alt=\"SONY DSC\" width=\"600\" height=\"337\" srcset=\"https:\/\/i0.wp.com\/imaginedemain.fr\/wp-content\/uploads\/2017\/03\/lanzarote-18.jpg?w=4592&amp;ssl=1 4592w, https:\/\/i0.wp.com\/imaginedemain.fr\/wp-content\/uploads\/2017\/03\/lanzarote-18.jpg?resize=300%2C168&amp;ssl=1 300w, https:\/\/i0.wp.com\/imaginedemain.fr\/wp-content\/uploads\/2017\/03\/lanzarote-18.jpg?resize=768%2C431&amp;ssl=1 768w, https:\/\/i0.wp.com\/imaginedemain.fr\/wp-content\/uploads\/2017\/03\/lanzarote-18.jpg?resize=1024%2C574&amp;ssl=1 1024w, https:\/\/i0.wp.com\/imaginedemain.fr\/wp-content\/uploads\/2017\/03\/lanzarote-18.jpg?resize=620%2C348&amp;ssl=1 620w, https:\/\/i0.wp.com\/imaginedemain.fr\/wp-content\/uploads\/2017\/03\/lanzarote-18.jpg?w=1200&amp;ssl=1 1200w, https:\/\/i0.wp.com\/imaginedemain.fr\/wp-content\/uploads\/2017\/03\/lanzarote-18.jpg?w=1800&amp;ssl=1 1800w\" sizes=\"auto, (max-width: 600px) 100vw, 600px\" \/><img data-recalc-dims=\"1\" loading=\"lazy\" decoding=\"async\" data-attachment-id=\"1125\" data-permalink=\"https:\/\/imaginedemain.fr\/index.php\/2017\/03\/14\/lanzarote-la-volcanique\/sony-dsc-77-2\/\" data-orig-file=\"https:\/\/i0.wp.com\/imaginedemain.fr\/wp-content\/uploads\/2017\/03\/lanzarote-12.jpg?fit=4592%2C2576&amp;ssl=1\" data-orig-size=\"4592,2576\" data-comments-opened=\"1\" data-image-meta=\"{&quot;aperture&quot;:&quot;9&quot;,&quot;credit&quot;:&quot;Picasa&quot;,&quot;camera&quot;:&quot;DSLR-A350&quot;,&quot;caption&quot;:&quot;SONY DSC&quot;,&quot;created_timestamp&quot;:&quot;1488893642&quot;,&quot;copyright&quot;:&quot;&quot;,&quot;focal_length&quot;:&quot;70&quot;,&quot;iso&quot;:&quot;100&quot;,&quot;shutter_speed&quot;:&quot;0.004&quot;,&quot;title&quot;:&quot;SONY DSC&quot;,&quot;orientation&quot;:&quot;0&quot;}\" data-image-title=\"SONY DSC\" data-image-description=\"\" data-image-caption=\"&lt;p&gt;SONY DSC&lt;\/p&gt;\n\" data-large-file=\"https:\/\/i0.wp.com\/imaginedemain.fr\/wp-content\/uploads\/2017\/03\/lanzarote-12.jpg?fit=600%2C336&amp;ssl=1\" class=\"alignnone size-full wp-image-1125\" src=\"https:\/\/i0.wp.com\/imaginedemain.fr\/wp-content\/uploads\/2017\/03\/lanzarote-12.jpg?resize=600%2C337\" alt=\"SONY DSC\" width=\"600\" height=\"337\" srcset=\"https:\/\/i0.wp.com\/imaginedemain.fr\/wp-content\/uploads\/2017\/03\/lanzarote-12.jpg?w=4592&amp;ssl=1 4592w, https:\/\/i0.wp.com\/imaginedemain.fr\/wp-content\/uploads\/2017\/03\/lanzarote-12.jpg?resize=300%2C168&amp;ssl=1 300w, https:\/\/i0.wp.com\/imaginedemain.fr\/wp-content\/uploads\/2017\/03\/lanzarote-12.jpg?resize=768%2C431&amp;ssl=1 768w, https:\/\/i0.wp.com\/imaginedemain.fr\/wp-content\/uploads\/2017\/03\/lanzarote-12.jpg?resize=1024%2C574&amp;ssl=1 1024w, https:\/\/i0.wp.com\/imaginedemain.fr\/wp-content\/uploads\/2017\/03\/lanzarote-12.jpg?resize=620%2C348&amp;ssl=1 620w, https:\/\/i0.wp.com\/imaginedemain.fr\/wp-content\/uploads\/2017\/03\/lanzarote-12.jpg?w=1200&amp;ssl=1 1200w, https:\/\/i0.wp.com\/imaginedemain.fr\/wp-content\/uploads\/2017\/03\/lanzarote-12.jpg?w=1800&amp;ssl=1 1800w\" sizes=\"auto, (max-width: 600px) 100vw, 600px\" \/><\/p>\n<h6>Cesar Manrique, cr\u00e9ateur de Lanzarote<\/h6>\n<p>C&rsquo;est l\u00e0 que nous avons pos\u00e9 nos bagages pour une semaine dans une \u00ab\u00a0<em>casa rurale<\/em>\u00a0\u00bb au d\u00e9cor inspir\u00e9 de Cesar Manrique.<\/p>\n<p><img data-recalc-dims=\"1\" loading=\"lazy\" decoding=\"async\" data-attachment-id=\"1114\" data-permalink=\"https:\/\/imaginedemain.fr\/img_1076\/\" data-orig-file=\"https:\/\/i0.wp.com\/imaginedemain.fr\/wp-content\/uploads\/2015\/01\/img_1076.jpg?fit=3264%2C2448&amp;ssl=1\" data-orig-size=\"3264,2448\" data-comments-opened=\"1\" data-image-meta=\"{&quot;aperture&quot;:&quot;2.4&quot;,&quot;credit&quot;:&quot;Picasa&quot;,&quot;camera&quot;:&quot;iPhone 4S&quot;,&quot;caption&quot;:&quot;&quot;,&quot;created_timestamp&quot;:&quot;1420379179&quot;,&quot;copyright&quot;:&quot;&quot;,&quot;focal_length&quot;:&quot;4.28&quot;,&quot;iso&quot;:&quot;50&quot;,&quot;shutter_speed&quot;:&quot;0.00041597337770383&quot;,&quot;title&quot;:&quot;&quot;,&quot;orientation&quot;:&quot;1&quot;}\" data-image-title=\"IMG_1076\" data-image-description=\"\" data-image-caption=\"\" data-large-file=\"https:\/\/i0.wp.com\/imaginedemain.fr\/wp-content\/uploads\/2015\/01\/img_1076.jpg?fit=600%2C450&amp;ssl=1\" class=\"alignnone size-full wp-image-1114\" src=\"https:\/\/i0.wp.com\/imaginedemain.fr\/wp-content\/uploads\/2017\/03\/lanzarote-01.jpg?resize=600%2C337\" alt=\"SONY DSC\" width=\"600\" height=\"337\" \/><\/p>\n<p>Cesar Manrique, l\u2019homme sacr\u00e9 de Lanzarote. Natif de l&rsquo;ile, h\u00e9las volontaire franquiste \u00e0 17 ans, architecte, sculpteur, peintre, d\u00e9corateur \u2026 revenu en 1968 s\u2019\u00e9tablir dans l\u2019ile en artiste consacr\u00e9,\u00a0 et devenu l\u00e0 pr\u00e9curseur de la pr\u00e9servation de l&rsquo;environnement. C&rsquo;est gr\u00e2ce \u00e0 sa volont\u00e9 et son influence que l&rsquo;urbanisme a \u00e9t\u00e9 canalis\u00e9 \u00e0 Lanzarote, qu&rsquo;aucun panneau publicitaire ne d\u00e9figure les paysages, que les hameaux tous par\u00e9s de blanc r\u00e9sistent au mitage, que des \u0153uvres pars\u00e8ment les perspectives, que les british y restent contenus dans des enclos very close to the beach.<\/p>\n<p><img data-recalc-dims=\"1\" loading=\"lazy\" decoding=\"async\" data-attachment-id=\"1147\" data-permalink=\"https:\/\/imaginedemain.fr\/index.php\/2017\/03\/14\/lanzarote-la-volcanique\/lanzarote-34\/\" data-orig-file=\"https:\/\/i0.wp.com\/imaginedemain.fr\/wp-content\/uploads\/2017\/03\/lanzarote-34.jpg?fit=4000%2C3000&amp;ssl=1\" data-orig-size=\"4000,3000\" data-comments-opened=\"1\" data-image-meta=\"{&quot;aperture&quot;:&quot;5.4&quot;,&quot;credit&quot;:&quot;Picasa&quot;,&quot;camera&quot;:&quot;COOLPIX S570&quot;,&quot;caption&quot;:&quot;&quot;,&quot;created_timestamp&quot;:&quot;&quot;,&quot;copyright&quot;:&quot;&quot;,&quot;focal_length&quot;:&quot;5&quot;,&quot;iso&quot;:&quot;80&quot;,&quot;shutter_speed&quot;:&quot;0.001&quot;,&quot;title&quot;:&quot;&quot;,&quot;orientation&quot;:&quot;0&quot;}\" data-image-title=\"Lanzarote 34\" data-image-description=\"\" data-image-caption=\"\" data-large-file=\"https:\/\/i0.wp.com\/imaginedemain.fr\/wp-content\/uploads\/2017\/03\/lanzarote-34.jpg?fit=600%2C450&amp;ssl=1\" class=\"alignnone size-full wp-image-1147\" src=\"https:\/\/i0.wp.com\/imaginedemain.fr\/wp-content\/uploads\/2017\/03\/lanzarote-34.jpg?resize=600%2C450\" alt=\"Lanzarote 34\" width=\"600\" height=\"450\" srcset=\"https:\/\/i0.wp.com\/imaginedemain.fr\/wp-content\/uploads\/2017\/03\/lanzarote-34.jpg?w=4000&amp;ssl=1 4000w, https:\/\/i0.wp.com\/imaginedemain.fr\/wp-content\/uploads\/2017\/03\/lanzarote-34.jpg?resize=300%2C225&amp;ssl=1 300w, https:\/\/i0.wp.com\/imaginedemain.fr\/wp-content\/uploads\/2017\/03\/lanzarote-34.jpg?resize=768%2C576&amp;ssl=1 768w, https:\/\/i0.wp.com\/imaginedemain.fr\/wp-content\/uploads\/2017\/03\/lanzarote-34.jpg?resize=1024%2C768&amp;ssl=1 1024w, https:\/\/i0.wp.com\/imaginedemain.fr\/wp-content\/uploads\/2017\/03\/lanzarote-34.jpg?resize=620%2C465&amp;ssl=1 620w, https:\/\/i0.wp.com\/imaginedemain.fr\/wp-content\/uploads\/2017\/03\/lanzarote-34.jpg?w=1200&amp;ssl=1 1200w, https:\/\/i0.wp.com\/imaginedemain.fr\/wp-content\/uploads\/2017\/03\/lanzarote-34.jpg?w=1800&amp;ssl=1 1800w\" sizes=\"auto, (max-width: 600px) 100vw, 600px\" \/><\/p>\n<p><img data-recalc-dims=\"1\" loading=\"lazy\" decoding=\"async\" data-attachment-id=\"1149\" data-permalink=\"https:\/\/imaginedemain.fr\/index.php\/2017\/03\/14\/lanzarote-la-volcanique\/lanzarote-36\/\" data-orig-file=\"https:\/\/i0.wp.com\/imaginedemain.fr\/wp-content\/uploads\/2017\/03\/lanzarote-36.jpg?fit=3000%2C4000&amp;ssl=1\" data-orig-size=\"3000,4000\" data-comments-opened=\"1\" data-image-meta=\"{&quot;aperture&quot;:&quot;4.4&quot;,&quot;credit&quot;:&quot;Picasa&quot;,&quot;camera&quot;:&quot;COOLPIX S570&quot;,&quot;caption&quot;:&quot;&quot;,&quot;created_timestamp&quot;:&quot;&quot;,&quot;copyright&quot;:&quot;&quot;,&quot;focal_length&quot;:&quot;13.2&quot;,&quot;iso&quot;:&quot;80&quot;,&quot;shutter_speed&quot;:&quot;0.002&quot;,&quot;title&quot;:&quot;&quot;,&quot;orientation&quot;:&quot;0&quot;}\" data-image-title=\"Lanzarote 36\" data-image-description=\"\" data-image-caption=\"\" data-large-file=\"https:\/\/i0.wp.com\/imaginedemain.fr\/wp-content\/uploads\/2017\/03\/lanzarote-36.jpg?fit=600%2C800&amp;ssl=1\" class=\"alignnone size-full wp-image-1149\" src=\"https:\/\/i0.wp.com\/imaginedemain.fr\/wp-content\/uploads\/2017\/03\/lanzarote-36.jpg?resize=600%2C800\" alt=\"Lanzarote 36\" width=\"600\" height=\"800\" srcset=\"https:\/\/i0.wp.com\/imaginedemain.fr\/wp-content\/uploads\/2017\/03\/lanzarote-36.jpg?w=3000&amp;ssl=1 3000w, https:\/\/i0.wp.com\/imaginedemain.fr\/wp-content\/uploads\/2017\/03\/lanzarote-36.jpg?resize=225%2C300&amp;ssl=1 225w, https:\/\/i0.wp.com\/imaginedemain.fr\/wp-content\/uploads\/2017\/03\/lanzarote-36.jpg?resize=768%2C1024&amp;ssl=1 768w, https:\/\/i0.wp.com\/imaginedemain.fr\/wp-content\/uploads\/2017\/03\/lanzarote-36.jpg?resize=620%2C827&amp;ssl=1 620w, https:\/\/i0.wp.com\/imaginedemain.fr\/wp-content\/uploads\/2017\/03\/lanzarote-36.jpg?w=1200&amp;ssl=1 1200w, https:\/\/i0.wp.com\/imaginedemain.fr\/wp-content\/uploads\/2017\/03\/lanzarote-36.jpg?w=1800&amp;ssl=1 1800w\" sizes=\"auto, (max-width: 600px) 100vw, 600px\" \/><img data-recalc-dims=\"1\" loading=\"lazy\" decoding=\"async\" data-attachment-id=\"1148\" data-permalink=\"https:\/\/imaginedemain.fr\/index.php\/2017\/03\/14\/lanzarote-la-volcanique\/lanzarote-35\/\" data-orig-file=\"https:\/\/i0.wp.com\/imaginedemain.fr\/wp-content\/uploads\/2017\/03\/lanzarote-35.jpg?fit=4000%2C3000&amp;ssl=1\" data-orig-size=\"4000,3000\" data-comments-opened=\"1\" data-image-meta=\"{&quot;aperture&quot;:&quot;5.4&quot;,&quot;credit&quot;:&quot;Picasa&quot;,&quot;camera&quot;:&quot;COOLPIX S570&quot;,&quot;caption&quot;:&quot;&quot;,&quot;created_timestamp&quot;:&quot;&quot;,&quot;copyright&quot;:&quot;&quot;,&quot;focal_length&quot;:&quot;5&quot;,&quot;iso&quot;:&quot;80&quot;,&quot;shutter_speed&quot;:&quot;0.002&quot;,&quot;title&quot;:&quot;&quot;,&quot;orientation&quot;:&quot;0&quot;}\" data-image-title=\"Lanzarote 35\" data-image-description=\"\" data-image-caption=\"\" data-large-file=\"https:\/\/i0.wp.com\/imaginedemain.fr\/wp-content\/uploads\/2017\/03\/lanzarote-35.jpg?fit=600%2C450&amp;ssl=1\" class=\"alignnone size-full wp-image-1148\" src=\"https:\/\/i0.wp.com\/imaginedemain.fr\/wp-content\/uploads\/2017\/03\/lanzarote-35.jpg?resize=600%2C450\" alt=\"Lanzarote 35\" width=\"600\" height=\"450\" srcset=\"https:\/\/i0.wp.com\/imaginedemain.fr\/wp-content\/uploads\/2017\/03\/lanzarote-35.jpg?w=4000&amp;ssl=1 4000w, https:\/\/i0.wp.com\/imaginedemain.fr\/wp-content\/uploads\/2017\/03\/lanzarote-35.jpg?resize=300%2C225&amp;ssl=1 300w, https:\/\/i0.wp.com\/imaginedemain.fr\/wp-content\/uploads\/2017\/03\/lanzarote-35.jpg?resize=768%2C576&amp;ssl=1 768w, https:\/\/i0.wp.com\/imaginedemain.fr\/wp-content\/uploads\/2017\/03\/lanzarote-35.jpg?resize=1024%2C768&amp;ssl=1 1024w, https:\/\/i0.wp.com\/imaginedemain.fr\/wp-content\/uploads\/2017\/03\/lanzarote-35.jpg?resize=620%2C465&amp;ssl=1 620w, https:\/\/i0.wp.com\/imaginedemain.fr\/wp-content\/uploads\/2017\/03\/lanzarote-35.jpg?w=1200&amp;ssl=1 1200w, https:\/\/i0.wp.com\/imaginedemain.fr\/wp-content\/uploads\/2017\/03\/lanzarote-35.jpg?w=1800&amp;ssl=1 1800w\" sizes=\"auto, (max-width: 600px) 100vw, 600px\" \/><img data-recalc-dims=\"1\" loading=\"lazy\" decoding=\"async\" data-attachment-id=\"1150\" data-permalink=\"https:\/\/imaginedemain.fr\/index.php\/2017\/03\/14\/lanzarote-la-volcanique\/lanzarote-37\/\" data-orig-file=\"https:\/\/i0.wp.com\/imaginedemain.fr\/wp-content\/uploads\/2017\/03\/lanzarote-37.jpg?fit=4000%2C3000&amp;ssl=1\" data-orig-size=\"4000,3000\" data-comments-opened=\"1\" data-image-meta=\"{&quot;aperture&quot;:&quot;2.7&quot;,&quot;credit&quot;:&quot;Picasa&quot;,&quot;camera&quot;:&quot;COOLPIX S570&quot;,&quot;caption&quot;:&quot;&quot;,&quot;created_timestamp&quot;:&quot;&quot;,&quot;copyright&quot;:&quot;&quot;,&quot;focal_length&quot;:&quot;5&quot;,&quot;iso&quot;:&quot;400&quot;,&quot;shutter_speed&quot;:&quot;0.005&quot;,&quot;title&quot;:&quot;&quot;,&quot;orientation&quot;:&quot;0&quot;}\" data-image-title=\"Lanzarote 37\" data-image-description=\"\" data-image-caption=\"\" data-large-file=\"https:\/\/i0.wp.com\/imaginedemain.fr\/wp-content\/uploads\/2017\/03\/lanzarote-37.jpg?fit=600%2C450&amp;ssl=1\" class=\"alignnone size-full wp-image-1150\" src=\"https:\/\/i0.wp.com\/imaginedemain.fr\/wp-content\/uploads\/2017\/03\/lanzarote-37.jpg?resize=600%2C450\" alt=\"Lanzarote 37\" width=\"600\" height=\"450\" srcset=\"https:\/\/i0.wp.com\/imaginedemain.fr\/wp-content\/uploads\/2017\/03\/lanzarote-37.jpg?w=4000&amp;ssl=1 4000w, https:\/\/i0.wp.com\/imaginedemain.fr\/wp-content\/uploads\/2017\/03\/lanzarote-37.jpg?resize=300%2C225&amp;ssl=1 300w, https:\/\/i0.wp.com\/imaginedemain.fr\/wp-content\/uploads\/2017\/03\/lanzarote-37.jpg?resize=768%2C576&amp;ssl=1 768w, https:\/\/i0.wp.com\/imaginedemain.fr\/wp-content\/uploads\/2017\/03\/lanzarote-37.jpg?resize=1024%2C768&amp;ssl=1 1024w, https:\/\/i0.wp.com\/imaginedemain.fr\/wp-content\/uploads\/2017\/03\/lanzarote-37.jpg?resize=620%2C465&amp;ssl=1 620w, https:\/\/i0.wp.com\/imaginedemain.fr\/wp-content\/uploads\/2017\/03\/lanzarote-37.jpg?w=1200&amp;ssl=1 1200w, https:\/\/i0.wp.com\/imaginedemain.fr\/wp-content\/uploads\/2017\/03\/lanzarote-37.jpg?w=1800&amp;ssl=1 1800w\" sizes=\"auto, (max-width: 600px) 100vw, 600px\" \/><\/p>\n<h6>Un vignoble de malvoisie, exceptionnel<\/h6>\n<p>Alors nous restons admiratifs devant ces vignobles \u00e9tendus, o\u00f9 chaque cep, pour le prot\u00e9ger du vent saharien dess\u00e9chant, <em>la calina<\/em>, est plant\u00e9 dans une cuvette de lapilli ceinte d&rsquo;un muret de pierres de lave. Unique!<\/p>\n\n\t\t<style type=\"text\/css\">\n\t\t\t#gallery-2 {\n\t\t\t\tmargin: auto;\n\t\t\t}\n\t\t\t#gallery-2 .gallery-item {\n\t\t\t\tfloat: left;\n\t\t\t\tmargin-top: 10px;\n\t\t\t\ttext-align: center;\n\t\t\t\twidth: 33%;\n\t\t\t}\n\t\t\t#gallery-2 img {\n\t\t\t\tborder: 2px solid #cfcfcf;\n\t\t\t}\n\t\t\t#gallery-2 .gallery-caption {\n\t\t\t\tmargin-left: 0;\n\t\t\t}\n\t\t\t\/* see gallery_shortcode() in wp-includes\/media.php *\/\n\t\t<\/style>\n\t\t<div data-carousel-extra='{&quot;blog_id&quot;:1,&quot;permalink&quot;:&quot;https:\/\/imaginedemain.fr\/index.php\/2017\/03\/14\/lanzarote-la-volcanique\/&quot;}' id='gallery-2' class='gallery galleryid-1613 gallery-columns-3 gallery-size-large'><dl class='gallery-item'>\n\t\t\t<dt class='gallery-icon landscape'>\n\t\t\t\t<a href='https:\/\/imaginedemain.fr\/index.php\/2017\/03\/14\/lanzarote-la-volcanique\/sony-dsc-94-2\/'><img loading=\"lazy\" decoding=\"async\" width=\"600\" height=\"336\" src=\"https:\/\/i0.wp.com\/imaginedemain.fr\/wp-content\/uploads\/2017\/03\/lanzarote-29.jpg?fit=600%2C336&amp;ssl=1\" class=\"attachment-large size-large\" alt=\"\" srcset=\"https:\/\/i0.wp.com\/imaginedemain.fr\/wp-content\/uploads\/2017\/03\/lanzarote-29.jpg?w=4592&amp;ssl=1 4592w, https:\/\/i0.wp.com\/imaginedemain.fr\/wp-content\/uploads\/2017\/03\/lanzarote-29.jpg?resize=300%2C168&amp;ssl=1 300w, https:\/\/i0.wp.com\/imaginedemain.fr\/wp-content\/uploads\/2017\/03\/lanzarote-29.jpg?resize=768%2C431&amp;ssl=1 768w, https:\/\/i0.wp.com\/imaginedemain.fr\/wp-content\/uploads\/2017\/03\/lanzarote-29.jpg?resize=1024%2C574&amp;ssl=1 1024w, https:\/\/i0.wp.com\/imaginedemain.fr\/wp-content\/uploads\/2017\/03\/lanzarote-29.jpg?resize=620%2C348&amp;ssl=1 620w, https:\/\/i0.wp.com\/imaginedemain.fr\/wp-content\/uploads\/2017\/03\/lanzarote-29.jpg?w=1200&amp;ssl=1 1200w, https:\/\/i0.wp.com\/imaginedemain.fr\/wp-content\/uploads\/2017\/03\/lanzarote-29.jpg?w=1800&amp;ssl=1 1800w\" sizes=\"auto, (max-width: 600px) 100vw, 600px\" data-attachment-id=\"1142\" data-permalink=\"https:\/\/imaginedemain.fr\/index.php\/2017\/03\/14\/lanzarote-la-volcanique\/sony-dsc-94-2\/\" data-orig-file=\"https:\/\/i0.wp.com\/imaginedemain.fr\/wp-content\/uploads\/2017\/03\/lanzarote-29.jpg?fit=4592%2C2576&amp;ssl=1\" data-orig-size=\"4592,2576\" data-comments-opened=\"1\" data-image-meta=\"{&quot;aperture&quot;:&quot;5.6&quot;,&quot;credit&quot;:&quot;Picasa&quot;,&quot;camera&quot;:&quot;DSLR-A350&quot;,&quot;caption&quot;:&quot;SONY DSC&quot;,&quot;created_timestamp&quot;:&quot;1489140126&quot;,&quot;copyright&quot;:&quot;&quot;,&quot;focal_length&quot;:&quot;300&quot;,&quot;iso&quot;:&quot;400&quot;,&quot;shutter_speed&quot;:&quot;0.002&quot;,&quot;title&quot;:&quot;SONY DSC&quot;,&quot;orientation&quot;:&quot;0&quot;}\" data-image-title=\"SONY DSC\" data-image-description=\"\" data-image-caption=\"\" data-large-file=\"https:\/\/i0.wp.com\/imaginedemain.fr\/wp-content\/uploads\/2017\/03\/lanzarote-29.jpg?fit=600%2C336&amp;ssl=1\" \/><\/a>\n\t\t\t<\/dt><\/dl><dl class='gallery-item'>\n\t\t\t<dt class='gallery-icon landscape'>\n\t\t\t\t<a href='https:\/\/imaginedemain.fr\/index.php\/2017\/03\/14\/lanzarote-la-volcanique\/sony-dsc-93-3\/'><img loading=\"lazy\" decoding=\"async\" width=\"600\" height=\"336\" src=\"https:\/\/i0.wp.com\/imaginedemain.fr\/wp-content\/uploads\/2017\/03\/lanzarote-28.jpg?fit=600%2C336&amp;ssl=1\" class=\"attachment-large size-large\" alt=\"\" srcset=\"https:\/\/i0.wp.com\/imaginedemain.fr\/wp-content\/uploads\/2017\/03\/lanzarote-28.jpg?w=4592&amp;ssl=1 4592w, https:\/\/i0.wp.com\/imaginedemain.fr\/wp-content\/uploads\/2017\/03\/lanzarote-28.jpg?resize=300%2C168&amp;ssl=1 300w, https:\/\/i0.wp.com\/imaginedemain.fr\/wp-content\/uploads\/2017\/03\/lanzarote-28.jpg?resize=768%2C431&amp;ssl=1 768w, https:\/\/i0.wp.com\/imaginedemain.fr\/wp-content\/uploads\/2017\/03\/lanzarote-28.jpg?resize=1024%2C574&amp;ssl=1 1024w, https:\/\/i0.wp.com\/imaginedemain.fr\/wp-content\/uploads\/2017\/03\/lanzarote-28.jpg?resize=620%2C348&amp;ssl=1 620w, https:\/\/i0.wp.com\/imaginedemain.fr\/wp-content\/uploads\/2017\/03\/lanzarote-28.jpg?w=1200&amp;ssl=1 1200w, https:\/\/i0.wp.com\/imaginedemain.fr\/wp-content\/uploads\/2017\/03\/lanzarote-28.jpg?w=1800&amp;ssl=1 1800w\" sizes=\"auto, (max-width: 600px) 100vw, 600px\" data-attachment-id=\"1141\" data-permalink=\"https:\/\/imaginedemain.fr\/index.php\/2017\/03\/14\/lanzarote-la-volcanique\/sony-dsc-93-3\/\" data-orig-file=\"https:\/\/i0.wp.com\/imaginedemain.fr\/wp-content\/uploads\/2017\/03\/lanzarote-28.jpg?fit=4592%2C2576&amp;ssl=1\" data-orig-size=\"4592,2576\" data-comments-opened=\"1\" data-image-meta=\"{&quot;aperture&quot;:&quot;5.6&quot;,&quot;credit&quot;:&quot;Picasa&quot;,&quot;camera&quot;:&quot;DSLR-A350&quot;,&quot;caption&quot;:&quot;SONY DSC&quot;,&quot;created_timestamp&quot;:&quot;1489139837&quot;,&quot;copyright&quot;:&quot;&quot;,&quot;focal_length&quot;:&quot;230&quot;,&quot;iso&quot;:&quot;400&quot;,&quot;shutter_speed&quot;:&quot;0.003125&quot;,&quot;title&quot;:&quot;SONY DSC&quot;,&quot;orientation&quot;:&quot;0&quot;}\" data-image-title=\"SONY DSC\" data-image-description=\"\" data-image-caption=\"\" data-large-file=\"https:\/\/i0.wp.com\/imaginedemain.fr\/wp-content\/uploads\/2017\/03\/lanzarote-28.jpg?fit=600%2C336&amp;ssl=1\" \/><\/a>\n\t\t\t<\/dt><\/dl><dl class='gallery-item'>\n\t\t\t<dt class='gallery-icon landscape'>\n\t\t\t\t<a href='https:\/\/imaginedemain.fr\/index.php\/2017\/03\/14\/lanzarote-la-volcanique\/sony-dsc-69-2\/'><img loading=\"lazy\" decoding=\"async\" width=\"600\" height=\"336\" src=\"https:\/\/i0.wp.com\/imaginedemain.fr\/wp-content\/uploads\/2017\/03\/lanzarote-04.jpg?fit=600%2C336&amp;ssl=1\" class=\"attachment-large size-large\" alt=\"\" srcset=\"https:\/\/i0.wp.com\/imaginedemain.fr\/wp-content\/uploads\/2017\/03\/lanzarote-04.jpg?w=4592&amp;ssl=1 4592w, https:\/\/i0.wp.com\/imaginedemain.fr\/wp-content\/uploads\/2017\/03\/lanzarote-04.jpg?resize=300%2C168&amp;ssl=1 300w, https:\/\/i0.wp.com\/imaginedemain.fr\/wp-content\/uploads\/2017\/03\/lanzarote-04.jpg?resize=768%2C431&amp;ssl=1 768w, https:\/\/i0.wp.com\/imaginedemain.fr\/wp-content\/uploads\/2017\/03\/lanzarote-04.jpg?resize=1024%2C574&amp;ssl=1 1024w, https:\/\/i0.wp.com\/imaginedemain.fr\/wp-content\/uploads\/2017\/03\/lanzarote-04.jpg?resize=620%2C348&amp;ssl=1 620w, https:\/\/i0.wp.com\/imaginedemain.fr\/wp-content\/uploads\/2017\/03\/lanzarote-04.jpg?w=1200&amp;ssl=1 1200w, https:\/\/i0.wp.com\/imaginedemain.fr\/wp-content\/uploads\/2017\/03\/lanzarote-04.jpg?w=1800&amp;ssl=1 1800w\" sizes=\"auto, (max-width: 600px) 100vw, 600px\" data-attachment-id=\"1609\" data-permalink=\"https:\/\/imaginedemain.fr\/index.php\/2017\/03\/14\/lanzarote-la-volcanique\/sony-dsc-69-2\/\" data-orig-file=\"https:\/\/i0.wp.com\/imaginedemain.fr\/wp-content\/uploads\/2017\/03\/lanzarote-04.jpg?fit=4592%2C2576&amp;ssl=1\" data-orig-size=\"4592,2576\" data-comments-opened=\"1\" data-image-meta=\"{&quot;aperture&quot;:&quot;6.3&quot;,&quot;credit&quot;:&quot;Picasa&quot;,&quot;camera&quot;:&quot;DSLR-A350&quot;,&quot;caption&quot;:&quot;SONY DSC&quot;,&quot;created_timestamp&quot;:&quot;1488644121&quot;,&quot;copyright&quot;:&quot;&quot;,&quot;focal_length&quot;:&quot;30&quot;,&quot;iso&quot;:&quot;100&quot;,&quot;shutter_speed&quot;:&quot;0.004&quot;,&quot;title&quot;:&quot;SONY DSC&quot;,&quot;orientation&quot;:&quot;0&quot;}\" data-image-title=\"SONY DSC\" data-image-description=\"\" data-image-caption=\"\" data-large-file=\"https:\/\/i0.wp.com\/imaginedemain.fr\/wp-content\/uploads\/2017\/03\/lanzarote-04.jpg?fit=600%2C336&amp;ssl=1\" \/><\/a>\n\t\t\t<\/dt><\/dl><br style=\"clear: both\" \/>\n\t\t<\/div>\n\n<p><img data-recalc-dims=\"1\" loading=\"lazy\" decoding=\"async\" data-attachment-id=\"1608\" data-permalink=\"https:\/\/imaginedemain.fr\/index.php\/2017\/03\/14\/lanzarote-la-volcanique\/sony-dsc-68-2\/\" data-orig-file=\"https:\/\/i0.wp.com\/imaginedemain.fr\/wp-content\/uploads\/2017\/03\/lanzarote-03.jpg?fit=4592%2C2576&amp;ssl=1\" data-orig-size=\"4592,2576\" data-comments-opened=\"1\" data-image-meta=\"{&quot;aperture&quot;:&quot;11&quot;,&quot;credit&quot;:&quot;Picasa&quot;,&quot;camera&quot;:&quot;DSLR-A350&quot;,&quot;caption&quot;:&quot;SONY DSC&quot;,&quot;created_timestamp&quot;:&quot;1488642704&quot;,&quot;copyright&quot;:&quot;&quot;,&quot;focal_length&quot;:&quot;35&quot;,&quot;iso&quot;:&quot;100&quot;,&quot;shutter_speed&quot;:&quot;0.00625&quot;,&quot;title&quot;:&quot;SONY DSC&quot;,&quot;orientation&quot;:&quot;0&quot;}\" data-image-title=\"SONY DSC\" data-image-description=\"\" data-image-caption=\"&lt;p&gt;SONY DSC&lt;\/p&gt;\n\" data-large-file=\"https:\/\/i0.wp.com\/imaginedemain.fr\/wp-content\/uploads\/2017\/03\/lanzarote-03.jpg?fit=600%2C336&amp;ssl=1\" class=\"alignnone wp-image-1608 size-full\" src=\"https:\/\/i0.wp.com\/imaginedemain.fr\/wp-content\/uploads\/2017\/03\/lanzarote-03.jpg?resize=600%2C337\" alt=\"Vignoble \u00e0 Lanzarote\" width=\"600\" height=\"337\" srcset=\"https:\/\/i0.wp.com\/imaginedemain.fr\/wp-content\/uploads\/2017\/03\/lanzarote-03.jpg?w=4592&amp;ssl=1 4592w, https:\/\/i0.wp.com\/imaginedemain.fr\/wp-content\/uploads\/2017\/03\/lanzarote-03.jpg?resize=300%2C168&amp;ssl=1 300w, https:\/\/i0.wp.com\/imaginedemain.fr\/wp-content\/uploads\/2017\/03\/lanzarote-03.jpg?resize=768%2C431&amp;ssl=1 768w, https:\/\/i0.wp.com\/imaginedemain.fr\/wp-content\/uploads\/2017\/03\/lanzarote-03.jpg?resize=1024%2C574&amp;ssl=1 1024w, https:\/\/i0.wp.com\/imaginedemain.fr\/wp-content\/uploads\/2017\/03\/lanzarote-03.jpg?resize=620%2C348&amp;ssl=1 620w, https:\/\/i0.wp.com\/imaginedemain.fr\/wp-content\/uploads\/2017\/03\/lanzarote-03.jpg?w=1200&amp;ssl=1 1200w, https:\/\/i0.wp.com\/imaginedemain.fr\/wp-content\/uploads\/2017\/03\/lanzarote-03.jpg?w=1800&amp;ssl=1 1800w\" sizes=\"auto, (max-width: 600px) 100vw, 600px\" \/><\/p>\n<p>Une topologie \u00e9trange qui maille le paysage en cercles noirs et tangents, r\u00e9p\u00e9t\u00e9s \u00e0 perte de vue. La malvoisie, c\u00e9page dominant, y rend d&rsquo;excellents vins blancs et rouges, parfaitement \u00e9quilibr\u00e9s, nos gusta mucho.<\/p>\n<p>La star de l\u2019ile, c\u2019est la lave. Partout pr\u00e9sente, la plus ancienne transform\u00e9e en terre cultivable sous l\u2019effort canarien, mais la plus r\u00e9cente, au contraire, noire, tortur\u00e9e, convulsive, tartin\u00e9e en couches \u00e9paisses par la derni\u00e8re p\u00e9riode de grandes \u00e9ruptions, de 1730 \u00e0 1735. Cinq ann\u00e9es dans les flammes et la cendre, o\u00f9 les campesinos virent leurs villages engloutis par le feu et la lave glissant visqueusement vers l\u2019oc\u00e9an. Quelle terreur! La ruine de l\u2019ile. Presque trois si\u00e8cles plus tard, aucune v\u00e9g\u00e9tation ne s\u2019est install\u00e9e sur ces champs de lave br\u00fbl\u00e9s de soleil et de vent, sauf, par endroits, de maigres lichens.<\/p>\n<p><img data-recalc-dims=\"1\" loading=\"lazy\" decoding=\"async\" data-attachment-id=\"1139\" data-permalink=\"https:\/\/imaginedemain.fr\/index.php\/2017\/03\/14\/lanzarote-la-volcanique\/sony-dsc-91-2\/\" data-orig-file=\"https:\/\/i0.wp.com\/imaginedemain.fr\/wp-content\/uploads\/2017\/03\/lanzarote-26.jpg?fit=4592%2C2576&amp;ssl=1\" data-orig-size=\"4592,2576\" data-comments-opened=\"1\" data-image-meta=\"{&quot;aperture&quot;:&quot;11&quot;,&quot;credit&quot;:&quot;Picasa&quot;,&quot;camera&quot;:&quot;DSLR-A350&quot;,&quot;caption&quot;:&quot;SONY DSC&quot;,&quot;created_timestamp&quot;:&quot;1488981669&quot;,&quot;copyright&quot;:&quot;&quot;,&quot;focal_length&quot;:&quot;35&quot;,&quot;iso&quot;:&quot;100&quot;,&quot;shutter_speed&quot;:&quot;0.00625&quot;,&quot;title&quot;:&quot;SONY DSC&quot;,&quot;orientation&quot;:&quot;0&quot;}\" data-image-title=\"SONY DSC\" data-image-description=\"\" data-image-caption=\"&lt;p&gt;SONY DSC&lt;\/p&gt;\n\" data-large-file=\"https:\/\/i0.wp.com\/imaginedemain.fr\/wp-content\/uploads\/2017\/03\/lanzarote-26.jpg?fit=600%2C336&amp;ssl=1\" class=\"alignnone size-full wp-image-1139\" src=\"https:\/\/i0.wp.com\/imaginedemain.fr\/wp-content\/uploads\/2017\/03\/lanzarote-26.jpg?resize=600%2C337\" alt=\"SONY DSC\" width=\"600\" height=\"337\" srcset=\"https:\/\/i0.wp.com\/imaginedemain.fr\/wp-content\/uploads\/2017\/03\/lanzarote-26.jpg?w=4592&amp;ssl=1 4592w, https:\/\/i0.wp.com\/imaginedemain.fr\/wp-content\/uploads\/2017\/03\/lanzarote-26.jpg?resize=300%2C168&amp;ssl=1 300w, https:\/\/i0.wp.com\/imaginedemain.fr\/wp-content\/uploads\/2017\/03\/lanzarote-26.jpg?resize=768%2C431&amp;ssl=1 768w, https:\/\/i0.wp.com\/imaginedemain.fr\/wp-content\/uploads\/2017\/03\/lanzarote-26.jpg?resize=1024%2C574&amp;ssl=1 1024w, https:\/\/i0.wp.com\/imaginedemain.fr\/wp-content\/uploads\/2017\/03\/lanzarote-26.jpg?resize=620%2C348&amp;ssl=1 620w, https:\/\/i0.wp.com\/imaginedemain.fr\/wp-content\/uploads\/2017\/03\/lanzarote-26.jpg?w=1200&amp;ssl=1 1200w, https:\/\/i0.wp.com\/imaginedemain.fr\/wp-content\/uploads\/2017\/03\/lanzarote-26.jpg?w=1800&amp;ssl=1 1800w\" sizes=\"auto, (max-width: 600px) 100vw, 600px\" \/><img data-recalc-dims=\"1\" loading=\"lazy\" decoding=\"async\" data-attachment-id=\"1133\" data-permalink=\"https:\/\/imaginedemain.fr\/index.php\/2017\/03\/14\/lanzarote-la-volcanique\/sony-dsc-85-2\/\" data-orig-file=\"https:\/\/i0.wp.com\/imaginedemain.fr\/wp-content\/uploads\/2017\/03\/lanzarote-20.jpg?fit=4592%2C2576&amp;ssl=1\" data-orig-size=\"4592,2576\" data-comments-opened=\"1\" data-image-meta=\"{&quot;aperture&quot;:&quot;11&quot;,&quot;credit&quot;:&quot;Picasa&quot;,&quot;camera&quot;:&quot;DSLR-A350&quot;,&quot;caption&quot;:&quot;SONY DSC&quot;,&quot;created_timestamp&quot;:&quot;1488976894&quot;,&quot;copyright&quot;:&quot;&quot;,&quot;focal_length&quot;:&quot;35&quot;,&quot;iso&quot;:&quot;100&quot;,&quot;shutter_speed&quot;:&quot;0.01&quot;,&quot;title&quot;:&quot;SONY DSC&quot;,&quot;orientation&quot;:&quot;0&quot;}\" data-image-title=\"SONY DSC\" data-image-description=\"\" data-image-caption=\"\" data-large-file=\"https:\/\/i0.wp.com\/imaginedemain.fr\/wp-content\/uploads\/2017\/03\/lanzarote-20.jpg?fit=600%2C336&amp;ssl=1\" class=\"alignnone size-full wp-image-1133\" src=\"https:\/\/i0.wp.com\/imaginedemain.fr\/wp-content\/uploads\/2017\/03\/lanzarote-20.jpg?resize=600%2C337\" alt=\"SONY DSC\" width=\"600\" height=\"337\" srcset=\"https:\/\/i0.wp.com\/imaginedemain.fr\/wp-content\/uploads\/2017\/03\/lanzarote-20.jpg?w=4592&amp;ssl=1 4592w, https:\/\/i0.wp.com\/imaginedemain.fr\/wp-content\/uploads\/2017\/03\/lanzarote-20.jpg?resize=300%2C168&amp;ssl=1 300w, https:\/\/i0.wp.com\/imaginedemain.fr\/wp-content\/uploads\/2017\/03\/lanzarote-20.jpg?resize=768%2C431&amp;ssl=1 768w, https:\/\/i0.wp.com\/imaginedemain.fr\/wp-content\/uploads\/2017\/03\/lanzarote-20.jpg?resize=1024%2C574&amp;ssl=1 1024w, https:\/\/i0.wp.com\/imaginedemain.fr\/wp-content\/uploads\/2017\/03\/lanzarote-20.jpg?resize=620%2C348&amp;ssl=1 620w, https:\/\/i0.wp.com\/imaginedemain.fr\/wp-content\/uploads\/2017\/03\/lanzarote-20.jpg?w=1200&amp;ssl=1 1200w, https:\/\/i0.wp.com\/imaginedemain.fr\/wp-content\/uploads\/2017\/03\/lanzarote-20.jpg?w=1800&amp;ssl=1 1800w\" sizes=\"auto, (max-width: 600px) 100vw, 600px\" \/><img data-recalc-dims=\"1\" loading=\"lazy\" decoding=\"async\" data-attachment-id=\"1126\" data-permalink=\"https:\/\/imaginedemain.fr\/index.php\/2017\/03\/14\/lanzarote-la-volcanique\/sony-dsc-78-2\/\" data-orig-file=\"https:\/\/i0.wp.com\/imaginedemain.fr\/wp-content\/uploads\/2017\/03\/lanzarote-13.jpg?fit=4592%2C2576&amp;ssl=1\" data-orig-size=\"4592,2576\" data-comments-opened=\"1\" data-image-meta=\"{&quot;aperture&quot;:&quot;8&quot;,&quot;credit&quot;:&quot;Picasa&quot;,&quot;camera&quot;:&quot;DSLR-A350&quot;,&quot;caption&quot;:&quot;SONY DSC&quot;,&quot;created_timestamp&quot;:&quot;1488893930&quot;,&quot;copyright&quot;:&quot;&quot;,&quot;focal_length&quot;:&quot;70&quot;,&quot;iso&quot;:&quot;100&quot;,&quot;shutter_speed&quot;:&quot;0.004&quot;,&quot;title&quot;:&quot;SONY DSC&quot;,&quot;orientation&quot;:&quot;0&quot;}\" data-image-title=\"SONY DSC\" data-image-description=\"\" data-image-caption=\"&lt;p&gt;SONY DSC&lt;\/p&gt;\n\" data-large-file=\"https:\/\/i0.wp.com\/imaginedemain.fr\/wp-content\/uploads\/2017\/03\/lanzarote-13.jpg?fit=600%2C336&amp;ssl=1\" class=\"alignnone size-full wp-image-1126\" src=\"https:\/\/i0.wp.com\/imaginedemain.fr\/wp-content\/uploads\/2017\/03\/lanzarote-13.jpg?resize=600%2C337\" alt=\"SONY DSC\" width=\"600\" height=\"337\" srcset=\"https:\/\/i0.wp.com\/imaginedemain.fr\/wp-content\/uploads\/2017\/03\/lanzarote-13.jpg?w=4592&amp;ssl=1 4592w, https:\/\/i0.wp.com\/imaginedemain.fr\/wp-content\/uploads\/2017\/03\/lanzarote-13.jpg?resize=300%2C168&amp;ssl=1 300w, https:\/\/i0.wp.com\/imaginedemain.fr\/wp-content\/uploads\/2017\/03\/lanzarote-13.jpg?resize=768%2C431&amp;ssl=1 768w, https:\/\/i0.wp.com\/imaginedemain.fr\/wp-content\/uploads\/2017\/03\/lanzarote-13.jpg?resize=1024%2C574&amp;ssl=1 1024w, https:\/\/i0.wp.com\/imaginedemain.fr\/wp-content\/uploads\/2017\/03\/lanzarote-13.jpg?resize=620%2C348&amp;ssl=1 620w, https:\/\/i0.wp.com\/imaginedemain.fr\/wp-content\/uploads\/2017\/03\/lanzarote-13.jpg?w=1200&amp;ssl=1 1200w, https:\/\/i0.wp.com\/imaginedemain.fr\/wp-content\/uploads\/2017\/03\/lanzarote-13.jpg?w=1800&amp;ssl=1 1800w\" sizes=\"auto, (max-width: 600px) 100vw, 600px\" \/><\/p>\n<p>Pourtant, de ce mal naquit un bien, puisque les volcans \u00e9ject\u00e8rent d\u2019\u00e9normes quantit\u00e9s de lapilli, fragments de lave minuscules, presque de la cendre, eux tr\u00e8s fertiles, cultivables, qui permirent le retour de la prosp\u00e9rit\u00e9, et le d\u00e9veloppement de ce vignoble de l\u00e9gende. Ainsi \u00e0 Lanzarote, la richesse des vignobles, m\u00e9dailles d\u2019or \u00e0 Paris, Lyon, Bordeaux jouxte le d\u00e9nuement m\u00e9taphysique des champs de lave brute. Contraste.<\/p>\n\n\t\t<style type=\"text\/css\">\n\t\t\t#gallery-3 {\n\t\t\t\tmargin: auto;\n\t\t\t}\n\t\t\t#gallery-3 .gallery-item {\n\t\t\t\tfloat: left;\n\t\t\t\tmargin-top: 10px;\n\t\t\t\ttext-align: center;\n\t\t\t\twidth: 33%;\n\t\t\t}\n\t\t\t#gallery-3 img {\n\t\t\t\tborder: 2px solid #cfcfcf;\n\t\t\t}\n\t\t\t#gallery-3 .gallery-caption {\n\t\t\t\tmargin-left: 0;\n\t\t\t}\n\t\t\t\/* see gallery_shortcode() in wp-includes\/media.php *\/\n\t\t<\/style>\n\t\t<div data-carousel-extra='{&quot;blog_id&quot;:1,&quot;permalink&quot;:&quot;https:\/\/imaginedemain.fr\/index.php\/2017\/03\/14\/lanzarote-la-volcanique\/&quot;}' id='gallery-3' class='gallery galleryid-1613 gallery-columns-3 gallery-size-large'><dl class='gallery-item'>\n\t\t\t<dt class='gallery-icon landscape'>\n\t\t\t\t<a href='https:\/\/imaginedemain.fr\/index.php\/2017\/03\/14\/lanzarote-la-volcanique\/sony-dsc-81-2\/'><img loading=\"lazy\" decoding=\"async\" width=\"600\" height=\"336\" src=\"https:\/\/i0.wp.com\/imaginedemain.fr\/wp-content\/uploads\/2017\/03\/lanzarote-16.jpg?fit=600%2C336&amp;ssl=1\" class=\"attachment-large size-large\" alt=\"\" srcset=\"https:\/\/i0.wp.com\/imaginedemain.fr\/wp-content\/uploads\/2017\/03\/lanzarote-16.jpg?w=4592&amp;ssl=1 4592w, https:\/\/i0.wp.com\/imaginedemain.fr\/wp-content\/uploads\/2017\/03\/lanzarote-16.jpg?resize=300%2C168&amp;ssl=1 300w, https:\/\/i0.wp.com\/imaginedemain.fr\/wp-content\/uploads\/2017\/03\/lanzarote-16.jpg?resize=768%2C431&amp;ssl=1 768w, https:\/\/i0.wp.com\/imaginedemain.fr\/wp-content\/uploads\/2017\/03\/lanzarote-16.jpg?resize=1024%2C574&amp;ssl=1 1024w, https:\/\/i0.wp.com\/imaginedemain.fr\/wp-content\/uploads\/2017\/03\/lanzarote-16.jpg?resize=620%2C348&amp;ssl=1 620w, https:\/\/i0.wp.com\/imaginedemain.fr\/wp-content\/uploads\/2017\/03\/lanzarote-16.jpg?w=1200&amp;ssl=1 1200w, https:\/\/i0.wp.com\/imaginedemain.fr\/wp-content\/uploads\/2017\/03\/lanzarote-16.jpg?w=1800&amp;ssl=1 1800w\" sizes=\"auto, (max-width: 600px) 100vw, 600px\" data-attachment-id=\"1129\" data-permalink=\"https:\/\/imaginedemain.fr\/index.php\/2017\/03\/14\/lanzarote-la-volcanique\/sony-dsc-81-2\/\" data-orig-file=\"https:\/\/i0.wp.com\/imaginedemain.fr\/wp-content\/uploads\/2017\/03\/lanzarote-16.jpg?fit=4592%2C2576&amp;ssl=1\" data-orig-size=\"4592,2576\" data-comments-opened=\"1\" data-image-meta=\"{&quot;aperture&quot;:&quot;8&quot;,&quot;credit&quot;:&quot;Picasa&quot;,&quot;camera&quot;:&quot;DSLR-A350&quot;,&quot;caption&quot;:&quot;SONY DSC&quot;,&quot;created_timestamp&quot;:&quot;1488972689&quot;,&quot;copyright&quot;:&quot;&quot;,&quot;focal_length&quot;:&quot;24&quot;,&quot;iso&quot;:&quot;100&quot;,&quot;shutter_speed&quot;:&quot;0.01&quot;,&quot;title&quot;:&quot;SONY DSC&quot;,&quot;orientation&quot;:&quot;0&quot;}\" data-image-title=\"SONY DSC\" data-image-description=\"\" data-image-caption=\"\" data-large-file=\"https:\/\/i0.wp.com\/imaginedemain.fr\/wp-content\/uploads\/2017\/03\/lanzarote-16.jpg?fit=600%2C336&amp;ssl=1\" \/><\/a>\n\t\t\t<\/dt><\/dl><dl class='gallery-item'>\n\t\t\t<dt class='gallery-icon landscape'>\n\t\t\t\t<a href='https:\/\/imaginedemain.fr\/index.php\/2017\/03\/14\/lanzarote-la-volcanique\/lanzarote-33\/'><img loading=\"lazy\" decoding=\"async\" width=\"600\" height=\"450\" src=\"https:\/\/i0.wp.com\/imaginedemain.fr\/wp-content\/uploads\/2017\/03\/lanzarote-33.jpg?fit=600%2C450&amp;ssl=1\" class=\"attachment-large size-large\" alt=\"\" srcset=\"https:\/\/i0.wp.com\/imaginedemain.fr\/wp-content\/uploads\/2017\/03\/lanzarote-33.jpg?w=4000&amp;ssl=1 4000w, https:\/\/i0.wp.com\/imaginedemain.fr\/wp-content\/uploads\/2017\/03\/lanzarote-33.jpg?resize=300%2C225&amp;ssl=1 300w, https:\/\/i0.wp.com\/imaginedemain.fr\/wp-content\/uploads\/2017\/03\/lanzarote-33.jpg?resize=768%2C576&amp;ssl=1 768w, https:\/\/i0.wp.com\/imaginedemain.fr\/wp-content\/uploads\/2017\/03\/lanzarote-33.jpg?resize=1024%2C768&amp;ssl=1 1024w, https:\/\/i0.wp.com\/imaginedemain.fr\/wp-content\/uploads\/2017\/03\/lanzarote-33.jpg?resize=620%2C465&amp;ssl=1 620w, https:\/\/i0.wp.com\/imaginedemain.fr\/wp-content\/uploads\/2017\/03\/lanzarote-33.jpg?w=1200&amp;ssl=1 1200w, https:\/\/i0.wp.com\/imaginedemain.fr\/wp-content\/uploads\/2017\/03\/lanzarote-33.jpg?w=1800&amp;ssl=1 1800w\" sizes=\"auto, (max-width: 600px) 100vw, 600px\" data-attachment-id=\"1146\" data-permalink=\"https:\/\/imaginedemain.fr\/index.php\/2017\/03\/14\/lanzarote-la-volcanique\/lanzarote-33\/\" data-orig-file=\"https:\/\/i0.wp.com\/imaginedemain.fr\/wp-content\/uploads\/2017\/03\/lanzarote-33.jpg?fit=4000%2C3000&amp;ssl=1\" data-orig-size=\"4000,3000\" data-comments-opened=\"1\" data-image-meta=\"{&quot;aperture&quot;:&quot;5.4&quot;,&quot;credit&quot;:&quot;Picasa&quot;,&quot;camera&quot;:&quot;COOLPIX S570&quot;,&quot;caption&quot;:&quot;&quot;,&quot;created_timestamp&quot;:&quot;&quot;,&quot;copyright&quot;:&quot;&quot;,&quot;focal_length&quot;:&quot;5&quot;,&quot;iso&quot;:&quot;80&quot;,&quot;shutter_speed&quot;:&quot;0.002&quot;,&quot;title&quot;:&quot;&quot;,&quot;orientation&quot;:&quot;0&quot;}\" data-image-title=\"Lanzarote 33\" data-image-description=\"\" data-image-caption=\"\" data-large-file=\"https:\/\/i0.wp.com\/imaginedemain.fr\/wp-content\/uploads\/2017\/03\/lanzarote-33.jpg?fit=600%2C450&amp;ssl=1\" \/><\/a>\n\t\t\t<\/dt><\/dl><dl class='gallery-item'>\n\t\t\t<dt class='gallery-icon landscape'>\n\t\t\t\t<a href='https:\/\/imaginedemain.fr\/index.php\/2017\/03\/14\/lanzarote-la-volcanique\/lanzarote-32\/'><img loading=\"lazy\" decoding=\"async\" width=\"600\" height=\"450\" src=\"https:\/\/i0.wp.com\/imaginedemain.fr\/wp-content\/uploads\/2017\/03\/lanzarote-32.jpg?fit=600%2C450&amp;ssl=1\" class=\"attachment-large size-large\" alt=\"\" srcset=\"https:\/\/i0.wp.com\/imaginedemain.fr\/wp-content\/uploads\/2017\/03\/lanzarote-32.jpg?w=4000&amp;ssl=1 4000w, https:\/\/i0.wp.com\/imaginedemain.fr\/wp-content\/uploads\/2017\/03\/lanzarote-32.jpg?resize=300%2C225&amp;ssl=1 300w, https:\/\/i0.wp.com\/imaginedemain.fr\/wp-content\/uploads\/2017\/03\/lanzarote-32.jpg?resize=768%2C576&amp;ssl=1 768w, https:\/\/i0.wp.com\/imaginedemain.fr\/wp-content\/uploads\/2017\/03\/lanzarote-32.jpg?resize=1024%2C768&amp;ssl=1 1024w, https:\/\/i0.wp.com\/imaginedemain.fr\/wp-content\/uploads\/2017\/03\/lanzarote-32.jpg?resize=620%2C465&amp;ssl=1 620w, https:\/\/i0.wp.com\/imaginedemain.fr\/wp-content\/uploads\/2017\/03\/lanzarote-32.jpg?w=1200&amp;ssl=1 1200w, https:\/\/i0.wp.com\/imaginedemain.fr\/wp-content\/uploads\/2017\/03\/lanzarote-32.jpg?w=1800&amp;ssl=1 1800w\" sizes=\"auto, (max-width: 600px) 100vw, 600px\" data-attachment-id=\"1145\" data-permalink=\"https:\/\/imaginedemain.fr\/index.php\/2017\/03\/14\/lanzarote-la-volcanique\/lanzarote-32\/\" data-orig-file=\"https:\/\/i0.wp.com\/imaginedemain.fr\/wp-content\/uploads\/2017\/03\/lanzarote-32.jpg?fit=4000%2C3000&amp;ssl=1\" data-orig-size=\"4000,3000\" data-comments-opened=\"1\" data-image-meta=\"{&quot;aperture&quot;:&quot;2.7&quot;,&quot;credit&quot;:&quot;Picasa&quot;,&quot;camera&quot;:&quot;COOLPIX S570&quot;,&quot;caption&quot;:&quot;&quot;,&quot;created_timestamp&quot;:&quot;&quot;,&quot;copyright&quot;:&quot;&quot;,&quot;focal_length&quot;:&quot;5&quot;,&quot;iso&quot;:&quot;80&quot;,&quot;shutter_speed&quot;:&quot;0.0015625&quot;,&quot;title&quot;:&quot;&quot;,&quot;orientation&quot;:&quot;0&quot;}\" data-image-title=\"Lanzarote 32\" data-image-description=\"\" data-image-caption=\"\" data-large-file=\"https:\/\/i0.wp.com\/imaginedemain.fr\/wp-content\/uploads\/2017\/03\/lanzarote-32.jpg?fit=600%2C450&amp;ssl=1\" \/><\/a>\n\t\t\t<\/dt><\/dl><br style=\"clear: both\" \/>\n\t\t<\/div>\n\n<p>Sur les volcans dont la perspective encadre \u00e0 chaque instant le regard, on y marche. De pr\u00e9f\u00e9rence le matin avant que le soleil et le vent ne vous y cuisent. Au-del\u00e0 de 300 \u00e0 400 m\u00e8tres d\u2019altitude, la vue embrasse pentes, laves, oc\u00e9an et pueblos blanchis \u00e0 la chaux. Elle plonge aussi dans le fond des crat\u00e8res, qui, en concentrant le peu d\u2019humidit\u00e9 ambiante, s\u2019illustrent de quelques herbes, arbustes et g\u00e9raniums persistants. Muy lindo. La r\u00e9compense au bout des souliers.<\/p>\n<p><img data-recalc-dims=\"1\" loading=\"lazy\" decoding=\"async\" data-attachment-id=\"1130\" data-permalink=\"https:\/\/imaginedemain.fr\/index.php\/2017\/03\/14\/lanzarote-la-volcanique\/sony-dsc-82-2\/\" data-orig-file=\"https:\/\/i0.wp.com\/imaginedemain.fr\/wp-content\/uploads\/2017\/03\/lanzarote-17.jpg?fit=4592%2C2576&amp;ssl=1\" data-orig-size=\"4592,2576\" data-comments-opened=\"1\" data-image-meta=\"{&quot;aperture&quot;:&quot;11&quot;,&quot;credit&quot;:&quot;Picasa&quot;,&quot;camera&quot;:&quot;DSLR-A350&quot;,&quot;caption&quot;:&quot;SONY DSC&quot;,&quot;created_timestamp&quot;:&quot;1488973149&quot;,&quot;copyright&quot;:&quot;&quot;,&quot;focal_length&quot;:&quot;45&quot;,&quot;iso&quot;:&quot;100&quot;,&quot;shutter_speed&quot;:&quot;0.008&quot;,&quot;title&quot;:&quot;SONY DSC&quot;,&quot;orientation&quot;:&quot;0&quot;}\" data-image-title=\"SONY DSC\" data-image-description=\"\" data-image-caption=\"&lt;p&gt;SONY DSC&lt;\/p&gt;\n\" data-large-file=\"https:\/\/i0.wp.com\/imaginedemain.fr\/wp-content\/uploads\/2017\/03\/lanzarote-17.jpg?fit=600%2C336&amp;ssl=1\" class=\"alignnone size-full wp-image-1130\" src=\"https:\/\/i0.wp.com\/imaginedemain.fr\/wp-content\/uploads\/2017\/03\/lanzarote-17.jpg?resize=600%2C337\" alt=\"SONY DSC\" width=\"600\" height=\"337\" srcset=\"https:\/\/i0.wp.com\/imaginedemain.fr\/wp-content\/uploads\/2017\/03\/lanzarote-17.jpg?w=4592&amp;ssl=1 4592w, https:\/\/i0.wp.com\/imaginedemain.fr\/wp-content\/uploads\/2017\/03\/lanzarote-17.jpg?resize=300%2C168&amp;ssl=1 300w, https:\/\/i0.wp.com\/imaginedemain.fr\/wp-content\/uploads\/2017\/03\/lanzarote-17.jpg?resize=768%2C431&amp;ssl=1 768w, https:\/\/i0.wp.com\/imaginedemain.fr\/wp-content\/uploads\/2017\/03\/lanzarote-17.jpg?resize=1024%2C574&amp;ssl=1 1024w, https:\/\/i0.wp.com\/imaginedemain.fr\/wp-content\/uploads\/2017\/03\/lanzarote-17.jpg?resize=620%2C348&amp;ssl=1 620w, https:\/\/i0.wp.com\/imaginedemain.fr\/wp-content\/uploads\/2017\/03\/lanzarote-17.jpg?w=1200&amp;ssl=1 1200w, https:\/\/i0.wp.com\/imaginedemain.fr\/wp-content\/uploads\/2017\/03\/lanzarote-17.jpg?w=1800&amp;ssl=1 1800w\" sizes=\"auto, (max-width: 600px) 100vw, 600px\" \/><img data-recalc-dims=\"1\" loading=\"lazy\" decoding=\"async\" data-attachment-id=\"1136\" data-permalink=\"https:\/\/imaginedemain.fr\/index.php\/2017\/03\/14\/lanzarote-la-volcanique\/sony-dsc-88-2\/\" data-orig-file=\"https:\/\/i0.wp.com\/imaginedemain.fr\/wp-content\/uploads\/2017\/03\/lanzarote-23.jpg?fit=4592%2C2576&amp;ssl=1\" data-orig-size=\"4592,2576\" data-comments-opened=\"1\" data-image-meta=\"{&quot;aperture&quot;:&quot;10&quot;,&quot;credit&quot;:&quot;Picasa&quot;,&quot;camera&quot;:&quot;DSLR-A350&quot;,&quot;caption&quot;:&quot;SONY DSC&quot;,&quot;created_timestamp&quot;:&quot;1488978682&quot;,&quot;copyright&quot;:&quot;&quot;,&quot;focal_length&quot;:&quot;26&quot;,&quot;iso&quot;:&quot;100&quot;,&quot;shutter_speed&quot;:&quot;0.00625&quot;,&quot;title&quot;:&quot;SONY DSC&quot;,&quot;orientation&quot;:&quot;0&quot;}\" data-image-title=\"SONY DSC\" data-image-description=\"\" data-image-caption=\"&lt;p&gt;SONY DSC&lt;\/p&gt;\n\" data-large-file=\"https:\/\/i0.wp.com\/imaginedemain.fr\/wp-content\/uploads\/2017\/03\/lanzarote-23.jpg?fit=600%2C336&amp;ssl=1\" class=\"alignnone size-full wp-image-1136\" src=\"https:\/\/i0.wp.com\/imaginedemain.fr\/wp-content\/uploads\/2017\/03\/lanzarote-23.jpg?resize=600%2C337\" alt=\"SONY DSC\" width=\"600\" height=\"337\" srcset=\"https:\/\/i0.wp.com\/imaginedemain.fr\/wp-content\/uploads\/2017\/03\/lanzarote-23.jpg?w=4592&amp;ssl=1 4592w, https:\/\/i0.wp.com\/imaginedemain.fr\/wp-content\/uploads\/2017\/03\/lanzarote-23.jpg?resize=300%2C168&amp;ssl=1 300w, https:\/\/i0.wp.com\/imaginedemain.fr\/wp-content\/uploads\/2017\/03\/lanzarote-23.jpg?resize=768%2C431&amp;ssl=1 768w, https:\/\/i0.wp.com\/imaginedemain.fr\/wp-content\/uploads\/2017\/03\/lanzarote-23.jpg?resize=1024%2C574&amp;ssl=1 1024w, https:\/\/i0.wp.com\/imaginedemain.fr\/wp-content\/uploads\/2017\/03\/lanzarote-23.jpg?resize=620%2C348&amp;ssl=1 620w, https:\/\/i0.wp.com\/imaginedemain.fr\/wp-content\/uploads\/2017\/03\/lanzarote-23.jpg?w=1200&amp;ssl=1 1200w, https:\/\/i0.wp.com\/imaginedemain.fr\/wp-content\/uploads\/2017\/03\/lanzarote-23.jpg?w=1800&amp;ssl=1 1800w\" sizes=\"auto, (max-width: 600px) 100vw, 600px\" \/><img data-recalc-dims=\"1\" loading=\"lazy\" decoding=\"async\" data-attachment-id=\"1137\" data-permalink=\"https:\/\/imaginedemain.fr\/index.php\/2017\/03\/14\/lanzarote-la-volcanique\/sony-dsc-89-2\/\" data-orig-file=\"https:\/\/i0.wp.com\/imaginedemain.fr\/wp-content\/uploads\/2017\/03\/lanzarote-24.jpg?fit=4592%2C2576&amp;ssl=1\" data-orig-size=\"4592,2576\" data-comments-opened=\"1\" data-image-meta=\"{&quot;aperture&quot;:&quot;9&quot;,&quot;credit&quot;:&quot;Picasa&quot;,&quot;camera&quot;:&quot;DSLR-A350&quot;,&quot;caption&quot;:&quot;SONY DSC&quot;,&quot;created_timestamp&quot;:&quot;1488979743&quot;,&quot;copyright&quot;:&quot;&quot;,&quot;focal_length&quot;:&quot;24&quot;,&quot;iso&quot;:&quot;100&quot;,&quot;shutter_speed&quot;:&quot;0.004&quot;,&quot;title&quot;:&quot;SONY DSC&quot;,&quot;orientation&quot;:&quot;0&quot;}\" data-image-title=\"SONY DSC\" data-image-description=\"\" data-image-caption=\"&lt;p&gt;SONY DSC&lt;\/p&gt;\n\" data-large-file=\"https:\/\/i0.wp.com\/imaginedemain.fr\/wp-content\/uploads\/2017\/03\/lanzarote-24.jpg?fit=600%2C336&amp;ssl=1\" class=\"alignnone size-full wp-image-1137\" src=\"https:\/\/i0.wp.com\/imaginedemain.fr\/wp-content\/uploads\/2017\/03\/lanzarote-24.jpg?resize=600%2C337\" alt=\"SONY DSC\" width=\"600\" height=\"337\" srcset=\"https:\/\/i0.wp.com\/imaginedemain.fr\/wp-content\/uploads\/2017\/03\/lanzarote-24.jpg?w=4592&amp;ssl=1 4592w, https:\/\/i0.wp.com\/imaginedemain.fr\/wp-content\/uploads\/2017\/03\/lanzarote-24.jpg?resize=300%2C168&amp;ssl=1 300w, https:\/\/i0.wp.com\/imaginedemain.fr\/wp-content\/uploads\/2017\/03\/lanzarote-24.jpg?resize=768%2C431&amp;ssl=1 768w, https:\/\/i0.wp.com\/imaginedemain.fr\/wp-content\/uploads\/2017\/03\/lanzarote-24.jpg?resize=1024%2C574&amp;ssl=1 1024w, https:\/\/i0.wp.com\/imaginedemain.fr\/wp-content\/uploads\/2017\/03\/lanzarote-24.jpg?resize=620%2C348&amp;ssl=1 620w, https:\/\/i0.wp.com\/imaginedemain.fr\/wp-content\/uploads\/2017\/03\/lanzarote-24.jpg?w=1200&amp;ssl=1 1200w, https:\/\/i0.wp.com\/imaginedemain.fr\/wp-content\/uploads\/2017\/03\/lanzarote-24.jpg?w=1800&amp;ssl=1 1800w\" sizes=\"auto, (max-width: 600px) 100vw, 600px\" \/><img data-recalc-dims=\"1\" loading=\"lazy\" decoding=\"async\" class=\"alignnone size-full wp-image-1190\" src=\"https:\/\/i0.wp.com\/imaginedemain.fr\/wp-content\/uploads\/2017\/03\/dsc01447.jpg?resize=600%2C337\" alt=\"SONY DSC\" width=\"600\" height=\"337\" \/><img data-recalc-dims=\"1\" loading=\"lazy\" decoding=\"async\" data-attachment-id=\"1120\" data-permalink=\"https:\/\/imaginedemain.fr\/index.php\/2017\/03\/14\/lanzarote-la-volcanique\/sony-dsc-72-2\/\" data-orig-file=\"https:\/\/i0.wp.com\/imaginedemain.fr\/wp-content\/uploads\/2017\/03\/lanzarote-07.jpg?fit=4592%2C2576&amp;ssl=1\" data-orig-size=\"4592,2576\" data-comments-opened=\"1\" data-image-meta=\"{&quot;aperture&quot;:&quot;11&quot;,&quot;credit&quot;:&quot;Picasa&quot;,&quot;camera&quot;:&quot;DSLR-A350&quot;,&quot;caption&quot;:&quot;SONY DSC&quot;,&quot;created_timestamp&quot;:&quot;1488646882&quot;,&quot;copyright&quot;:&quot;&quot;,&quot;focal_length&quot;:&quot;30&quot;,&quot;iso&quot;:&quot;100&quot;,&quot;shutter_speed&quot;:&quot;0.008&quot;,&quot;title&quot;:&quot;SONY DSC&quot;,&quot;orientation&quot;:&quot;0&quot;}\" data-image-title=\"SONY DSC\" data-image-description=\"\" data-image-caption=\"&lt;p&gt;SONY DSC&lt;\/p&gt;\n\" data-large-file=\"https:\/\/i0.wp.com\/imaginedemain.fr\/wp-content\/uploads\/2017\/03\/lanzarote-07.jpg?fit=600%2C336&amp;ssl=1\" class=\"alignnone size-full wp-image-1120\" src=\"https:\/\/i0.wp.com\/imaginedemain.fr\/wp-content\/uploads\/2017\/03\/lanzarote-07.jpg?resize=600%2C337\" alt=\"SONY DSC\" width=\"600\" height=\"337\" srcset=\"https:\/\/i0.wp.com\/imaginedemain.fr\/wp-content\/uploads\/2017\/03\/lanzarote-07.jpg?w=4592&amp;ssl=1 4592w, https:\/\/i0.wp.com\/imaginedemain.fr\/wp-content\/uploads\/2017\/03\/lanzarote-07.jpg?resize=300%2C168&amp;ssl=1 300w, https:\/\/i0.wp.com\/imaginedemain.fr\/wp-content\/uploads\/2017\/03\/lanzarote-07.jpg?resize=768%2C431&amp;ssl=1 768w, https:\/\/i0.wp.com\/imaginedemain.fr\/wp-content\/uploads\/2017\/03\/lanzarote-07.jpg?resize=1024%2C574&amp;ssl=1 1024w, https:\/\/i0.wp.com\/imaginedemain.fr\/wp-content\/uploads\/2017\/03\/lanzarote-07.jpg?resize=620%2C348&amp;ssl=1 620w, https:\/\/i0.wp.com\/imaginedemain.fr\/wp-content\/uploads\/2017\/03\/lanzarote-07.jpg?w=1200&amp;ssl=1 1200w, https:\/\/i0.wp.com\/imaginedemain.fr\/wp-content\/uploads\/2017\/03\/lanzarote-07.jpg?w=1800&amp;ssl=1 1800w\" sizes=\"auto, (max-width: 600px) 100vw, 600px\" \/><img data-recalc-dims=\"1\" loading=\"lazy\" decoding=\"async\" data-attachment-id=\"1144\" data-permalink=\"https:\/\/imaginedemain.fr\/index.php\/2017\/03\/14\/lanzarote-la-volcanique\/lanzarote-31\/\" data-orig-file=\"https:\/\/i0.wp.com\/imaginedemain.fr\/wp-content\/uploads\/2017\/03\/lanzarote-31.jpg?fit=4000%2C3000&amp;ssl=1\" data-orig-size=\"4000,3000\" data-comments-opened=\"1\" data-image-meta=\"{&quot;aperture&quot;:&quot;2.7&quot;,&quot;credit&quot;:&quot;Picasa&quot;,&quot;camera&quot;:&quot;COOLPIX S570&quot;,&quot;caption&quot;:&quot;&quot;,&quot;created_timestamp&quot;:&quot;&quot;,&quot;copyright&quot;:&quot;&quot;,&quot;focal_length&quot;:&quot;5&quot;,&quot;iso&quot;:&quot;80&quot;,&quot;shutter_speed&quot;:&quot;0.0015625&quot;,&quot;title&quot;:&quot;&quot;,&quot;orientation&quot;:&quot;0&quot;}\" data-image-title=\"Lanzarote 31\" data-image-description=\"\" data-image-caption=\"\" data-large-file=\"https:\/\/i0.wp.com\/imaginedemain.fr\/wp-content\/uploads\/2017\/03\/lanzarote-31.jpg?fit=600%2C450&amp;ssl=1\" class=\"alignnone size-full wp-image-1144\" src=\"https:\/\/i0.wp.com\/imaginedemain.fr\/wp-content\/uploads\/2017\/03\/lanzarote-31.jpg?resize=600%2C450\" alt=\"Lanzarote 31\" width=\"600\" height=\"450\" srcset=\"https:\/\/i0.wp.com\/imaginedemain.fr\/wp-content\/uploads\/2017\/03\/lanzarote-31.jpg?w=4000&amp;ssl=1 4000w, https:\/\/i0.wp.com\/imaginedemain.fr\/wp-content\/uploads\/2017\/03\/lanzarote-31.jpg?resize=300%2C225&amp;ssl=1 300w, https:\/\/i0.wp.com\/imaginedemain.fr\/wp-content\/uploads\/2017\/03\/lanzarote-31.jpg?resize=768%2C576&amp;ssl=1 768w, https:\/\/i0.wp.com\/imaginedemain.fr\/wp-content\/uploads\/2017\/03\/lanzarote-31.jpg?resize=1024%2C768&amp;ssl=1 1024w, https:\/\/i0.wp.com\/imaginedemain.fr\/wp-content\/uploads\/2017\/03\/lanzarote-31.jpg?resize=620%2C465&amp;ssl=1 620w, https:\/\/i0.wp.com\/imaginedemain.fr\/wp-content\/uploads\/2017\/03\/lanzarote-31.jpg?w=1200&amp;ssl=1 1200w, https:\/\/i0.wp.com\/imaginedemain.fr\/wp-content\/uploads\/2017\/03\/lanzarote-31.jpg?w=1800&amp;ssl=1 1800w\" sizes=\"auto, (max-width: 600px) 100vw, 600px\" \/>La randonn\u00e9e du matin a l\u2019avantage de se conclure dans un vrai bar \u00e0 tapas, bien loin de la Bastille, reste \u00e0 choisir entre \u00bc, \u00bd, ou una racione completa de pulpo \u00e0 la gallego, de chipiron, de marisco, etc. pour un prix encore plus \u00e9loign\u00e9 de la Bastille.<\/p>\n<p>Compl\u00e9tant cet agenda par la visite de quelques bodegas aux vins d\u2019un caract\u00e8re affirm\u00e9, la plong\u00e9e dans les profondes grottes de lave, quelques baignades sur les plages pr\u00e9serv\u00e9es, des \u00e9changes en espagnol avec les gens d\u2019ici, au bistrot comme au bord de la route, la visite des maisons d\u2019artiste de Cesar Manrique, on saisit toute l\u2019\u00e2me singuli\u00e8re de Lanzarote.<\/p>\n<p><img data-recalc-dims=\"1\" loading=\"lazy\" decoding=\"async\" data-attachment-id=\"1191\" data-permalink=\"https:\/\/imaginedemain.fr\/index.php\/2017\/03\/14\/lanzarote-la-volcanique\/sony-dsc-96-3\/\" data-orig-file=\"https:\/\/i0.wp.com\/imaginedemain.fr\/wp-content\/uploads\/2017\/03\/dsc01478.jpg?fit=1600%2C898&amp;ssl=1\" data-orig-size=\"1600,898\" data-comments-opened=\"1\" data-image-meta=\"{&quot;aperture&quot;:&quot;2.8&quot;,&quot;credit&quot;:&quot;Picasa&quot;,&quot;camera&quot;:&quot;DSLR-A350&quot;,&quot;caption&quot;:&quot;SONY DSC&quot;,&quot;created_timestamp&quot;:&quot;1488986743&quot;,&quot;copyright&quot;:&quot;&quot;,&quot;focal_length&quot;:&quot;40&quot;,&quot;iso&quot;:&quot;125&quot;,&quot;shutter_speed&quot;:&quot;0.0125&quot;,&quot;title&quot;:&quot;SONY DSC&quot;,&quot;orientation&quot;:&quot;0&quot;}\" data-image-title=\"SONY DSC\" data-image-description=\"\" data-image-caption=\"&lt;p&gt;SONY DSC&lt;\/p&gt;\n\" data-large-file=\"https:\/\/i0.wp.com\/imaginedemain.fr\/wp-content\/uploads\/2017\/03\/dsc01478.jpg?fit=600%2C337&amp;ssl=1\" class=\"alignnone size-full wp-image-1191\" src=\"https:\/\/i0.wp.com\/imaginedemain.fr\/wp-content\/uploads\/2017\/03\/dsc01478.jpg?resize=600%2C337\" alt=\"SONY DSC\" width=\"600\" height=\"337\" srcset=\"https:\/\/i0.wp.com\/imaginedemain.fr\/wp-content\/uploads\/2017\/03\/dsc01478.jpg?w=1600&amp;ssl=1 1600w, https:\/\/i0.wp.com\/imaginedemain.fr\/wp-content\/uploads\/2017\/03\/dsc01478.jpg?resize=300%2C168&amp;ssl=1 300w, https:\/\/i0.wp.com\/imaginedemain.fr\/wp-content\/uploads\/2017\/03\/dsc01478.jpg?resize=768%2C431&amp;ssl=1 768w, https:\/\/i0.wp.com\/imaginedemain.fr\/wp-content\/uploads\/2017\/03\/dsc01478.jpg?resize=1024%2C575&amp;ssl=1 1024w, https:\/\/i0.wp.com\/imaginedemain.fr\/wp-content\/uploads\/2017\/03\/dsc01478.jpg?resize=620%2C348&amp;ssl=1 620w, https:\/\/i0.wp.com\/imaginedemain.fr\/wp-content\/uploads\/2017\/03\/dsc01478.jpg?w=1200&amp;ssl=1 1200w\" sizes=\"auto, (max-width: 600px) 100vw, 600px\" \/><\/p>\n<div id=\"attachment_1152\" style=\"width: 4010px\" class=\"wp-caption alignnone\"><img data-recalc-dims=\"1\" loading=\"lazy\" decoding=\"async\" aria-describedby=\"caption-attachment-1152\" data-attachment-id=\"1152\" data-permalink=\"https:\/\/imaginedemain.fr\/index.php\/2017\/03\/14\/lanzarote-la-volcanique\/lanzarote-39\/\" data-orig-file=\"https:\/\/i0.wp.com\/imaginedemain.fr\/wp-content\/uploads\/2017\/03\/lanzarote-39.jpg?fit=4000%2C3000&amp;ssl=1\" data-orig-size=\"4000,3000\" data-comments-opened=\"1\" data-image-meta=\"{&quot;aperture&quot;:&quot;6.8&quot;,&quot;credit&quot;:&quot;Picasa&quot;,&quot;camera&quot;:&quot;COOLPIX S570&quot;,&quot;caption&quot;:&quot;&quot;,&quot;created_timestamp&quot;:&quot;&quot;,&quot;copyright&quot;:&quot;&quot;,&quot;focal_length&quot;:&quot;8.3&quot;,&quot;iso&quot;:&quot;80&quot;,&quot;shutter_speed&quot;:&quot;0.002&quot;,&quot;title&quot;:&quot;&quot;,&quot;orientation&quot;:&quot;0&quot;}\" data-image-title=\"Lanzarote 39\" data-image-description=\"\" data-image-caption=\"\" data-large-file=\"https:\/\/i0.wp.com\/imaginedemain.fr\/wp-content\/uploads\/2017\/03\/lanzarote-39.jpg?fit=600%2C450&amp;ssl=1\" class=\"wp-image-1152 size-full\" src=\"https:\/\/i0.wp.com\/imaginedemain.fr\/wp-content\/uploads\/2017\/03\/lanzarote-39.jpg?resize=600%2C450\" alt=\"La Gracioza\" width=\"600\" height=\"450\" srcset=\"https:\/\/i0.wp.com\/imaginedemain.fr\/wp-content\/uploads\/2017\/03\/lanzarote-39.jpg?w=4000&amp;ssl=1 4000w, https:\/\/i0.wp.com\/imaginedemain.fr\/wp-content\/uploads\/2017\/03\/lanzarote-39.jpg?resize=300%2C225&amp;ssl=1 300w, https:\/\/i0.wp.com\/imaginedemain.fr\/wp-content\/uploads\/2017\/03\/lanzarote-39.jpg?resize=768%2C576&amp;ssl=1 768w, https:\/\/i0.wp.com\/imaginedemain.fr\/wp-content\/uploads\/2017\/03\/lanzarote-39.jpg?resize=1024%2C768&amp;ssl=1 1024w, https:\/\/i0.wp.com\/imaginedemain.fr\/wp-content\/uploads\/2017\/03\/lanzarote-39.jpg?resize=620%2C465&amp;ssl=1 620w, https:\/\/i0.wp.com\/imaginedemain.fr\/wp-content\/uploads\/2017\/03\/lanzarote-39.jpg?w=1200&amp;ssl=1 1200w, https:\/\/i0.wp.com\/imaginedemain.fr\/wp-content\/uploads\/2017\/03\/lanzarote-39.jpg?w=1800&amp;ssl=1 1800w\" sizes=\"auto, (max-width: 600px) 100vw, 600px\" \/><p id=\"caption-attachment-1152\" class=\"wp-caption-text\">Au nord de Lanzarote, l&rsquo;ile de La Gracioza<\/p><\/div>\n<p>&nbsp;<\/p>\n<div id=\"attachment_1143\" style=\"width: 4010px\" class=\"wp-caption alignnone\"><img data-recalc-dims=\"1\" loading=\"lazy\" decoding=\"async\" aria-describedby=\"caption-attachment-1143\" data-attachment-id=\"1143\" data-permalink=\"https:\/\/imaginedemain.fr\/index.php\/2017\/03\/14\/lanzarote-la-volcanique\/lanzarote-30\/\" data-orig-file=\"https:\/\/i0.wp.com\/imaginedemain.fr\/wp-content\/uploads\/2017\/03\/lanzarote-30.jpg?fit=4000%2C3000&amp;ssl=1\" data-orig-size=\"4000,3000\" data-comments-opened=\"1\" data-image-meta=\"{&quot;aperture&quot;:&quot;2.7&quot;,&quot;credit&quot;:&quot;Picasa&quot;,&quot;camera&quot;:&quot;COOLPIX S570&quot;,&quot;caption&quot;:&quot;&quot;,&quot;created_timestamp&quot;:&quot;&quot;,&quot;copyright&quot;:&quot;&quot;,&quot;focal_length&quot;:&quot;5&quot;,&quot;iso&quot;:&quot;800&quot;,&quot;shutter_speed&quot;:&quot;0.625&quot;,&quot;title&quot;:&quot;&quot;,&quot;orientation&quot;:&quot;0&quot;}\" data-image-title=\"Lanzarote 30\" data-image-description=\"\" data-image-caption=\"\" data-large-file=\"https:\/\/i0.wp.com\/imaginedemain.fr\/wp-content\/uploads\/2017\/03\/lanzarote-30.jpg?fit=600%2C450&amp;ssl=1\" class=\"wp-image-1143 size-full\" src=\"https:\/\/i0.wp.com\/imaginedemain.fr\/wp-content\/uploads\/2017\/03\/lanzarote-30.jpg?resize=600%2C450\" alt=\"Cueva de Los Verdes\" width=\"600\" height=\"450\" srcset=\"https:\/\/i0.wp.com\/imaginedemain.fr\/wp-content\/uploads\/2017\/03\/lanzarote-30.jpg?w=4000&amp;ssl=1 4000w, https:\/\/i0.wp.com\/imaginedemain.fr\/wp-content\/uploads\/2017\/03\/lanzarote-30.jpg?resize=300%2C225&amp;ssl=1 300w, https:\/\/i0.wp.com\/imaginedemain.fr\/wp-content\/uploads\/2017\/03\/lanzarote-30.jpg?resize=768%2C576&amp;ssl=1 768w, https:\/\/i0.wp.com\/imaginedemain.fr\/wp-content\/uploads\/2017\/03\/lanzarote-30.jpg?resize=1024%2C768&amp;ssl=1 1024w, https:\/\/i0.wp.com\/imaginedemain.fr\/wp-content\/uploads\/2017\/03\/lanzarote-30.jpg?resize=620%2C465&amp;ssl=1 620w, https:\/\/i0.wp.com\/imaginedemain.fr\/wp-content\/uploads\/2017\/03\/lanzarote-30.jpg?w=1200&amp;ssl=1 1200w, https:\/\/i0.wp.com\/imaginedemain.fr\/wp-content\/uploads\/2017\/03\/lanzarote-30.jpg?w=1800&amp;ssl=1 1800w\" sizes=\"auto, (max-width: 600px) 100vw, 600px\" \/><p id=\"caption-attachment-1143\" class=\"wp-caption-text\">Dans la cueva de Los Verdes, la voute se refl\u00e8te dans un lac souterrain<\/p><\/div>\n<p>&nbsp;<\/p>\n<p><img data-recalc-dims=\"1\" loading=\"lazy\" decoding=\"async\" data-attachment-id=\"1151\" data-permalink=\"https:\/\/imaginedemain.fr\/index.php\/2017\/03\/14\/lanzarote-la-volcanique\/lanzarote-38\/\" data-orig-file=\"https:\/\/i0.wp.com\/imaginedemain.fr\/wp-content\/uploads\/2017\/03\/lanzarote-38.jpg?fit=4000%2C3000&amp;ssl=1\" data-orig-size=\"4000,3000\" data-comments-opened=\"1\" data-image-meta=\"{&quot;aperture&quot;:&quot;2.7&quot;,&quot;credit&quot;:&quot;Picasa&quot;,&quot;camera&quot;:&quot;COOLPIX S570&quot;,&quot;caption&quot;:&quot;&quot;,&quot;created_timestamp&quot;:&quot;&quot;,&quot;copyright&quot;:&quot;&quot;,&quot;focal_length&quot;:&quot;5&quot;,&quot;iso&quot;:&quot;800&quot;,&quot;shutter_speed&quot;:&quot;0.05&quot;,&quot;title&quot;:&quot;&quot;,&quot;orientation&quot;:&quot;0&quot;}\" data-image-title=\"Lanzarote 38\" data-image-description=\"\" data-image-caption=\"\" data-large-file=\"https:\/\/i0.wp.com\/imaginedemain.fr\/wp-content\/uploads\/2017\/03\/lanzarote-38.jpg?fit=600%2C450&amp;ssl=1\" class=\"alignnone wp-image-1151 size-full\" src=\"https:\/\/i0.wp.com\/imaginedemain.fr\/wp-content\/uploads\/2017\/03\/lanzarote-38.jpg?resize=600%2C450\" alt=\"Maison de Cesar Manrique\" width=\"600\" height=\"450\" srcset=\"https:\/\/i0.wp.com\/imaginedemain.fr\/wp-content\/uploads\/2017\/03\/lanzarote-38.jpg?w=4000&amp;ssl=1 4000w, https:\/\/i0.wp.com\/imaginedemain.fr\/wp-content\/uploads\/2017\/03\/lanzarote-38.jpg?resize=300%2C225&amp;ssl=1 300w, https:\/\/i0.wp.com\/imaginedemain.fr\/wp-content\/uploads\/2017\/03\/lanzarote-38.jpg?resize=768%2C576&amp;ssl=1 768w, https:\/\/i0.wp.com\/imaginedemain.fr\/wp-content\/uploads\/2017\/03\/lanzarote-38.jpg?resize=1024%2C768&amp;ssl=1 1024w, https:\/\/i0.wp.com\/imaginedemain.fr\/wp-content\/uploads\/2017\/03\/lanzarote-38.jpg?resize=620%2C465&amp;ssl=1 620w, https:\/\/i0.wp.com\/imaginedemain.fr\/wp-content\/uploads\/2017\/03\/lanzarote-38.jpg?w=1200&amp;ssl=1 1200w, https:\/\/i0.wp.com\/imaginedemain.fr\/wp-content\/uploads\/2017\/03\/lanzarote-38.jpg?w=1800&amp;ssl=1 1800w\" sizes=\"auto, (max-width: 600px) 100vw, 600px\" \/><\/p>\n<p>Lanzarote, qui s&rsquo;y frotte s&rsquo;en pique!<\/p>\n<p>&nbsp;<\/p>\n","protected":false},"excerpt":{"rendered":"<p>Fascinante Lanzarote Les iles sont fascinantes. D\u00e9tach\u00e9es des grandes terres, elles sont comme d\u00e9tach\u00e9es du monde. Lib\u00e9r\u00e9es des liens qui assimilent jusqu&rsquo;\u00e0 fondre, toutes ont d\u00e9velopp\u00e9 une\u00a0 personnalit\u00e9 unique, faite de g\u00e9ographie, de g\u00e9ologie, d&rsquo;histoire, de peuples et de culture, d&rsquo;une originalit\u00e9 propre \u00e0 stimuler en permanence notre soif de d\u00e9couverte. Quoi de commun entre\u00a0Santo [&hellip;]<\/p>\n","protected":false},"author":1,"featured_media":1121,"comment_status":"open","ping_status":"open","sticky":false,"template":"","format":"standard","meta":{"ngg_post_thumbnail":0,"jetpack_post_was_ever_published":false,"_jetpack_newsletter_access":"","_jetpack_dont_email_post_to_subs":true,"_jetpack_newsletter_tier_id":0,"_jetpack_memberships_contains_paywalled_content":false,"_jetpack_memberships_contains_paid_content":false,"footnotes":"","jetpack_publicize_message":"","jetpack_publicize_feature_enabled":true,"jetpack_social_post_already_shared":false,"jetpack_social_options":{"image_generator_settings":{"template":"highway","default_image_id":0,"font":"","enabled":false},"version":2}},"categories":[25],"tags":[12],"class_list":["post-1613","post","type-post","status-publish","format-standard","has-post-thumbnail","hentry","category-canaries","tag-canaries"],"yoast_head":"<!-- This site is optimized with the Yoast SEO plugin v27.5 - https:\/\/yoast.com\/product\/yoast-seo-wordpress\/ -->\n<title>Lanzarote, la volcanique - Imagine demain<\/title>\n<meta name=\"robots\" content=\"index, follow, max-snippet:-1, max-image-preview:large, max-video-preview:-1\" \/>\n<link rel=\"canonical\" href=\"https:\/\/imaginedemain.fr\/index.php\/2017\/03\/14\/lanzarote-la-volcanique\/\" \/>\n<meta property=\"og:locale\" content=\"fr_FR\" \/>\n<meta property=\"og:type\" content=\"article\" \/>\n<meta property=\"og:title\" content=\"Lanzarote, la volcanique - Imagine demain\" \/>\n<meta property=\"og:description\" content=\"Fascinante Lanzarote Les iles sont fascinantes. D\u00e9tach\u00e9es des grandes terres, elles sont comme d\u00e9tach\u00e9es du monde. Lib\u00e9r\u00e9es des liens qui assimilent jusqu&rsquo;\u00e0 fondre, toutes ont d\u00e9velopp\u00e9 une\u00a0 personnalit\u00e9 unique, faite de g\u00e9ographie, de g\u00e9ologie, d&rsquo;histoire, de peuples et de culture, d&rsquo;une originalit\u00e9 propre \u00e0 stimuler en permanence notre soif de d\u00e9couverte. Quoi de commun entre\u00a0Santo [&hellip;]\" \/>\n<meta property=\"og:url\" content=\"https:\/\/imaginedemain.fr\/index.php\/2017\/03\/14\/lanzarote-la-volcanique\/\" \/>\n<meta property=\"og:site_name\" content=\"Imagine demain\" \/>\n<meta property=\"article:published_time\" content=\"2017-03-14T13:59:31+00:00\" \/>\n<meta property=\"article:modified_time\" content=\"2017-04-22T16:53:47+00:00\" \/>\n<meta property=\"og:image\" content=\"https:\/\/i0.wp.com\/imaginedemain.fr\/wp-content\/uploads\/2017\/03\/lanzarote-08.jpg?fit=4592%2C2576&ssl=1\" \/>\n\t<meta property=\"og:image:width\" content=\"4592\" \/>\n\t<meta property=\"og:image:height\" content=\"2576\" \/>\n\t<meta property=\"og:image:type\" content=\"image\/jpeg\" \/>\n<meta name=\"author\" content=\"Philippe\" \/>\n<meta name=\"twitter:card\" content=\"summary_large_image\" \/>\n<meta name=\"twitter:label1\" content=\"\u00c9crit par\" \/>\n\t<meta name=\"twitter:data1\" content=\"Philippe\" \/>\n\t<meta name=\"twitter:label2\" content=\"Dur\u00e9e de lecture estim\u00e9e\" \/>\n\t<meta name=\"twitter:data2\" content=\"5 minutes\" \/>\n<script type=\"application\/ld+json\" class=\"yoast-schema-graph\">{\"@context\":\"https:\\\/\\\/schema.org\",\"@graph\":[{\"@type\":\"Article\",\"@id\":\"https:\\\/\\\/imaginedemain.fr\\\/index.php\\\/2017\\\/03\\\/14\\\/lanzarote-la-volcanique\\\/#article\",\"isPartOf\":{\"@id\":\"https:\\\/\\\/imaginedemain.fr\\\/index.php\\\/2017\\\/03\\\/14\\\/lanzarote-la-volcanique\\\/\"},\"author\":{\"name\":\"Philippe\",\"@id\":\"https:\\\/\\\/imaginedemain.fr\\\/#\\\/schema\\\/person\\\/e38f616126180f1f6000edc7daca21ab\"},\"headline\":\"Lanzarote, la volcanique\",\"datePublished\":\"2017-03-14T13:59:31+00:00\",\"dateModified\":\"2017-04-22T16:53:47+00:00\",\"mainEntityOfPage\":{\"@id\":\"https:\\\/\\\/imaginedemain.fr\\\/index.php\\\/2017\\\/03\\\/14\\\/lanzarote-la-volcanique\\\/\"},\"wordCount\":929,\"commentCount\":2,\"image\":{\"@id\":\"https:\\\/\\\/imaginedemain.fr\\\/index.php\\\/2017\\\/03\\\/14\\\/lanzarote-la-volcanique\\\/#primaryimage\"},\"thumbnailUrl\":\"https:\\\/\\\/i0.wp.com\\\/imaginedemain.fr\\\/wp-content\\\/uploads\\\/2017\\\/03\\\/lanzarote-08.jpg?fit=4592%2C2576&ssl=1\",\"keywords\":[\"Canaries\"],\"articleSection\":[\"Canaries\"],\"inLanguage\":\"fr-FR\",\"potentialAction\":[{\"@type\":\"CommentAction\",\"name\":\"Comment\",\"target\":[\"https:\\\/\\\/imaginedemain.fr\\\/index.php\\\/2017\\\/03\\\/14\\\/lanzarote-la-volcanique\\\/#respond\"]}]},{\"@type\":\"WebPage\",\"@id\":\"https:\\\/\\\/imaginedemain.fr\\\/index.php\\\/2017\\\/03\\\/14\\\/lanzarote-la-volcanique\\\/\",\"url\":\"https:\\\/\\\/imaginedemain.fr\\\/index.php\\\/2017\\\/03\\\/14\\\/lanzarote-la-volcanique\\\/\",\"name\":\"Lanzarote, la volcanique - Imagine demain\",\"isPartOf\":{\"@id\":\"https:\\\/\\\/imaginedemain.fr\\\/#website\"},\"primaryImageOfPage\":{\"@id\":\"https:\\\/\\\/imaginedemain.fr\\\/index.php\\\/2017\\\/03\\\/14\\\/lanzarote-la-volcanique\\\/#primaryimage\"},\"image\":{\"@id\":\"https:\\\/\\\/imaginedemain.fr\\\/index.php\\\/2017\\\/03\\\/14\\\/lanzarote-la-volcanique\\\/#primaryimage\"},\"thumbnailUrl\":\"https:\\\/\\\/i0.wp.com\\\/imaginedemain.fr\\\/wp-content\\\/uploads\\\/2017\\\/03\\\/lanzarote-08.jpg?fit=4592%2C2576&ssl=1\",\"datePublished\":\"2017-03-14T13:59:31+00:00\",\"dateModified\":\"2017-04-22T16:53:47+00:00\",\"author\":{\"@id\":\"https:\\\/\\\/imaginedemain.fr\\\/#\\\/schema\\\/person\\\/e38f616126180f1f6000edc7daca21ab\"},\"breadcrumb\":{\"@id\":\"https:\\\/\\\/imaginedemain.fr\\\/index.php\\\/2017\\\/03\\\/14\\\/lanzarote-la-volcanique\\\/#breadcrumb\"},\"inLanguage\":\"fr-FR\",\"potentialAction\":[{\"@type\":\"ReadAction\",\"target\":[\"https:\\\/\\\/imaginedemain.fr\\\/index.php\\\/2017\\\/03\\\/14\\\/lanzarote-la-volcanique\\\/\"]}]},{\"@type\":\"ImageObject\",\"inLanguage\":\"fr-FR\",\"@id\":\"https:\\\/\\\/imaginedemain.fr\\\/index.php\\\/2017\\\/03\\\/14\\\/lanzarote-la-volcanique\\\/#primaryimage\",\"url\":\"https:\\\/\\\/i0.wp.com\\\/imaginedemain.fr\\\/wp-content\\\/uploads\\\/2017\\\/03\\\/lanzarote-08.jpg?fit=4592%2C2576&ssl=1\",\"contentUrl\":\"https:\\\/\\\/i0.wp.com\\\/imaginedemain.fr\\\/wp-content\\\/uploads\\\/2017\\\/03\\\/lanzarote-08.jpg?fit=4592%2C2576&ssl=1\",\"width\":4592,\"height\":2576},{\"@type\":\"BreadcrumbList\",\"@id\":\"https:\\\/\\\/imaginedemain.fr\\\/index.php\\\/2017\\\/03\\\/14\\\/lanzarote-la-volcanique\\\/#breadcrumb\",\"itemListElement\":[{\"@type\":\"ListItem\",\"position\":1,\"name\":\"Accueil\",\"item\":\"https:\\\/\\\/imaginedemain.fr\\\/\"},{\"@type\":\"ListItem\",\"position\":2,\"name\":\"Lanzarote, la volcanique\"}]},{\"@type\":\"WebSite\",\"@id\":\"https:\\\/\\\/imaginedemain.fr\\\/#website\",\"url\":\"https:\\\/\\\/imaginedemain.fr\\\/\",\"name\":\"Imagine demain\",\"description\":\"\",\"potentialAction\":[{\"@type\":\"SearchAction\",\"target\":{\"@type\":\"EntryPoint\",\"urlTemplate\":\"https:\\\/\\\/imaginedemain.fr\\\/?s={search_term_string}\"},\"query-input\":{\"@type\":\"PropertyValueSpecification\",\"valueRequired\":true,\"valueName\":\"search_term_string\"}}],\"inLanguage\":\"fr-FR\"},{\"@type\":\"Person\",\"@id\":\"https:\\\/\\\/imaginedemain.fr\\\/#\\\/schema\\\/person\\\/e38f616126180f1f6000edc7daca21ab\",\"name\":\"Philippe\",\"image\":{\"@type\":\"ImageObject\",\"inLanguage\":\"fr-FR\",\"@id\":\"https:\\\/\\\/secure.gravatar.com\\\/avatar\\\/69f59b5b22630ea786677085abd0e3dc50190e58bc7ca3c50bd640bfaf2456a4?s=96&d=blank&r=g\",\"url\":\"https:\\\/\\\/secure.gravatar.com\\\/avatar\\\/69f59b5b22630ea786677085abd0e3dc50190e58bc7ca3c50bd640bfaf2456a4?s=96&d=blank&r=g\",\"contentUrl\":\"https:\\\/\\\/secure.gravatar.com\\\/avatar\\\/69f59b5b22630ea786677085abd0e3dc50190e58bc7ca3c50bd640bfaf2456a4?s=96&d=blank&r=g\",\"caption\":\"Philippe\"},\"sameAs\":[\"http:\\\/\\\/imaginedemain.fr\\\/\"],\"url\":\"https:\\\/\\\/imaginedemain.fr\\\/index.php\\\/author\\\/admin4809\\\/\"}]}<\/script>\n<!-- \/ Yoast SEO plugin. -->","yoast_head_json":{"title":"Lanzarote, la volcanique - Imagine demain","robots":{"index":"index","follow":"follow","max-snippet":"max-snippet:-1","max-image-preview":"max-image-preview:large","max-video-preview":"max-video-preview:-1"},"canonical":"https:\/\/imaginedemain.fr\/index.php\/2017\/03\/14\/lanzarote-la-volcanique\/","og_locale":"fr_FR","og_type":"article","og_title":"Lanzarote, la volcanique - Imagine demain","og_description":"Fascinante Lanzarote Les iles sont fascinantes. D\u00e9tach\u00e9es des grandes terres, elles sont comme d\u00e9tach\u00e9es du monde. Lib\u00e9r\u00e9es des liens qui assimilent jusqu&rsquo;\u00e0 fondre, toutes ont d\u00e9velopp\u00e9 une\u00a0 personnalit\u00e9 unique, faite de g\u00e9ographie, de g\u00e9ologie, d&rsquo;histoire, de peuples et de culture, d&rsquo;une originalit\u00e9 propre \u00e0 stimuler en permanence notre soif de d\u00e9couverte. Quoi de commun entre\u00a0Santo [&hellip;]","og_url":"https:\/\/imaginedemain.fr\/index.php\/2017\/03\/14\/lanzarote-la-volcanique\/","og_site_name":"Imagine demain","article_published_time":"2017-03-14T13:59:31+00:00","article_modified_time":"2017-04-22T16:53:47+00:00","og_image":[{"width":4592,"height":2576,"url":"https:\/\/i0.wp.com\/imaginedemain.fr\/wp-content\/uploads\/2017\/03\/lanzarote-08.jpg?fit=4592%2C2576&ssl=1","type":"image\/jpeg"}],"author":"Philippe","twitter_card":"summary_large_image","twitter_misc":{"\u00c9crit par":"Philippe","Dur\u00e9e de lecture estim\u00e9e":"5 minutes"},"schema":{"@context":"https:\/\/schema.org","@graph":[{"@type":"Article","@id":"https:\/\/imaginedemain.fr\/index.php\/2017\/03\/14\/lanzarote-la-volcanique\/#article","isPartOf":{"@id":"https:\/\/imaginedemain.fr\/index.php\/2017\/03\/14\/lanzarote-la-volcanique\/"},"author":{"name":"Philippe","@id":"https:\/\/imaginedemain.fr\/#\/schema\/person\/e38f616126180f1f6000edc7daca21ab"},"headline":"Lanzarote, la volcanique","datePublished":"2017-03-14T13:59:31+00:00","dateModified":"2017-04-22T16:53:47+00:00","mainEntityOfPage":{"@id":"https:\/\/imaginedemain.fr\/index.php\/2017\/03\/14\/lanzarote-la-volcanique\/"},"wordCount":929,"commentCount":2,"image":{"@id":"https:\/\/imaginedemain.fr\/index.php\/2017\/03\/14\/lanzarote-la-volcanique\/#primaryimage"},"thumbnailUrl":"https:\/\/i0.wp.com\/imaginedemain.fr\/wp-content\/uploads\/2017\/03\/lanzarote-08.jpg?fit=4592%2C2576&ssl=1","keywords":["Canaries"],"articleSection":["Canaries"],"inLanguage":"fr-FR","potentialAction":[{"@type":"CommentAction","name":"Comment","target":["https:\/\/imaginedemain.fr\/index.php\/2017\/03\/14\/lanzarote-la-volcanique\/#respond"]}]},{"@type":"WebPage","@id":"https:\/\/imaginedemain.fr\/index.php\/2017\/03\/14\/lanzarote-la-volcanique\/","url":"https:\/\/imaginedemain.fr\/index.php\/2017\/03\/14\/lanzarote-la-volcanique\/","name":"Lanzarote, la volcanique - Imagine demain","isPartOf":{"@id":"https:\/\/imaginedemain.fr\/#website"},"primaryImageOfPage":{"@id":"https:\/\/imaginedemain.fr\/index.php\/2017\/03\/14\/lanzarote-la-volcanique\/#primaryimage"},"image":{"@id":"https:\/\/imaginedemain.fr\/index.php\/2017\/03\/14\/lanzarote-la-volcanique\/#primaryimage"},"thumbnailUrl":"https:\/\/i0.wp.com\/imaginedemain.fr\/wp-content\/uploads\/2017\/03\/lanzarote-08.jpg?fit=4592%2C2576&ssl=1","datePublished":"2017-03-14T13:59:31+00:00","dateModified":"2017-04-22T16:53:47+00:00","author":{"@id":"https:\/\/imaginedemain.fr\/#\/schema\/person\/e38f616126180f1f6000edc7daca21ab"},"breadcrumb":{"@id":"https:\/\/imaginedemain.fr\/index.php\/2017\/03\/14\/lanzarote-la-volcanique\/#breadcrumb"},"inLanguage":"fr-FR","potentialAction":[{"@type":"ReadAction","target":["https:\/\/imaginedemain.fr\/index.php\/2017\/03\/14\/lanzarote-la-volcanique\/"]}]},{"@type":"ImageObject","inLanguage":"fr-FR","@id":"https:\/\/imaginedemain.fr\/index.php\/2017\/03\/14\/lanzarote-la-volcanique\/#primaryimage","url":"https:\/\/i0.wp.com\/imaginedemain.fr\/wp-content\/uploads\/2017\/03\/lanzarote-08.jpg?fit=4592%2C2576&ssl=1","contentUrl":"https:\/\/i0.wp.com\/imaginedemain.fr\/wp-content\/uploads\/2017\/03\/lanzarote-08.jpg?fit=4592%2C2576&ssl=1","width":4592,"height":2576},{"@type":"BreadcrumbList","@id":"https:\/\/imaginedemain.fr\/index.php\/2017\/03\/14\/lanzarote-la-volcanique\/#breadcrumb","itemListElement":[{"@type":"ListItem","position":1,"name":"Accueil","item":"https:\/\/imaginedemain.fr\/"},{"@type":"ListItem","position":2,"name":"Lanzarote, la volcanique"}]},{"@type":"WebSite","@id":"https:\/\/imaginedemain.fr\/#website","url":"https:\/\/imaginedemain.fr\/","name":"Imagine demain","description":"","potentialAction":[{"@type":"SearchAction","target":{"@type":"EntryPoint","urlTemplate":"https:\/\/imaginedemain.fr\/?s={search_term_string}"},"query-input":{"@type":"PropertyValueSpecification","valueRequired":true,"valueName":"search_term_string"}}],"inLanguage":"fr-FR"},{"@type":"Person","@id":"https:\/\/imaginedemain.fr\/#\/schema\/person\/e38f616126180f1f6000edc7daca21ab","name":"Philippe","image":{"@type":"ImageObject","inLanguage":"fr-FR","@id":"https:\/\/secure.gravatar.com\/avatar\/69f59b5b22630ea786677085abd0e3dc50190e58bc7ca3c50bd640bfaf2456a4?s=96&d=blank&r=g","url":"https:\/\/secure.gravatar.com\/avatar\/69f59b5b22630ea786677085abd0e3dc50190e58bc7ca3c50bd640bfaf2456a4?s=96&d=blank&r=g","contentUrl":"https:\/\/secure.gravatar.com\/avatar\/69f59b5b22630ea786677085abd0e3dc50190e58bc7ca3c50bd640bfaf2456a4?s=96&d=blank&r=g","caption":"Philippe"},"sameAs":["http:\/\/imaginedemain.fr\/"],"url":"https:\/\/imaginedemain.fr\/index.php\/author\/admin4809\/"}]}},"jetpack_publicize_connections":[],"jetpack_featured_media_url":"https:\/\/i0.wp.com\/imaginedemain.fr\/wp-content\/uploads\/2017\/03\/lanzarote-08.jpg?fit=4592%2C2576&ssl=1","jetpack_shortlink":"https:\/\/wp.me\/p8tuMH-q1","jetpack-related-posts":[{"id":1233,"url":"https:\/\/imaginedemain.fr\/index.php\/2017\/03\/17\/fuerteventura-la-venteuse-laventureuse\/","url_meta":{"origin":1613,"position":0},"title":"Fuerteventura, la venteuse, l\u2019aventureuse","author":"Philippe","date":"17 mars 2017","format":false,"excerpt":"S\u00e9par\u00e9e de Lanzarote par un d\u00e9troit d\u2019une douzaine de kilom\u00e8tres seulement, \u00e9loign\u00e9e de l\u2019Afrique d\u2019une centaine, Fuerteventura,\u00a0 l\u2019ile du \u00ab\u00a0vent fort\u00a0\u00bb n\u2019usurpe pas son nom. Les nombreux moulins \u00e0 vent d\u2019un joli style campagnard, ancr\u00e9s dans un paysage fi\u00e8rement aride, nous en fournissent un indice d\u00e8s le premier jour. La\u2026","rel":"","context":"Dans &quot;Canaries&quot;","block_context":{"text":"Canaries","link":"https:\/\/imaginedemain.fr\/index.php\/category\/canaries\/"},"img":{"alt_text":"","src":"https:\/\/i0.wp.com\/imaginedemain.fr\/wp-content\/uploads\/2017\/03\/fuerteventura-comp-13.jpg?fit=1200%2C900&ssl=1&resize=350%2C200","width":350,"height":200,"srcset":"https:\/\/i0.wp.com\/imaginedemain.fr\/wp-content\/uploads\/2017\/03\/fuerteventura-comp-13.jpg?fit=1200%2C900&ssl=1&resize=350%2C200 1x, https:\/\/i0.wp.com\/imaginedemain.fr\/wp-content\/uploads\/2017\/03\/fuerteventura-comp-13.jpg?fit=1200%2C900&ssl=1&resize=525%2C300 1.5x, https:\/\/i0.wp.com\/imaginedemain.fr\/wp-content\/uploads\/2017\/03\/fuerteventura-comp-13.jpg?fit=1200%2C900&ssl=1&resize=700%2C400 2x, https:\/\/i0.wp.com\/imaginedemain.fr\/wp-content\/uploads\/2017\/03\/fuerteventura-comp-13.jpg?fit=1200%2C900&ssl=1&resize=1050%2C600 3x"},"classes":[]},{"id":6300,"url":"https:\/\/imaginedemain.fr\/index.php\/2021\/01\/18\/ou-sont-les-concurrents-du-vendee-globe-4\/","url_meta":{"origin":1613,"position":1},"title":"200 milles dans l&rsquo;ouest du peloton, Louis Burton fait route \u00e0 part","author":"Philippe","date":"18 janvier 2021","format":false,"excerpt":"Point jeudi 21 janvier Pour contourner les zones de molles qui ondulent dans l'ouest des Canaries, Louis Burton s'est d\u00e9cal\u00e9 de 200 milles dans l'ouest par rapport aux autres concurrents. Cette strat\u00e9gie est-elle la bonne? On ne le saura que dimanche ou lundi, apr\u00e8s le franchissement des A\u00e7ores encore \u00e0\u2026","rel":"","context":"Dans &quot;Vend\u00e9e Globe&quot;","block_context":{"text":"Vend\u00e9e Globe","link":"https:\/\/imaginedemain.fr\/index.php\/category\/vendee-globe\/"},"img":{"alt_text":"","src":"https:\/\/i0.wp.com\/imaginedemain.fr\/wp-content\/uploads\/2015\/02\/dsc05307.jpg?resize=350%2C200&ssl=1","width":350,"height":200,"srcset":"https:\/\/i0.wp.com\/imaginedemain.fr\/wp-content\/uploads\/2015\/02\/dsc05307.jpg?resize=350%2C200&ssl=1 1x, https:\/\/i0.wp.com\/imaginedemain.fr\/wp-content\/uploads\/2015\/02\/dsc05307.jpg?resize=525%2C300&ssl=1 1.5x, https:\/\/i0.wp.com\/imaginedemain.fr\/wp-content\/uploads\/2015\/02\/dsc05307.jpg?resize=700%2C400&ssl=1 2x, https:\/\/i0.wp.com\/imaginedemain.fr\/wp-content\/uploads\/2015\/02\/dsc05307.jpg?resize=1050%2C600&ssl=1 3x, https:\/\/i0.wp.com\/imaginedemain.fr\/wp-content\/uploads\/2015\/02\/dsc05307.jpg?resize=1400%2C800&ssl=1 4x"},"classes":[]},{"id":1720,"url":"https:\/\/imaginedemain.fr\/index.php\/2015\/11\/20\/lalbatros\/","url_meta":{"origin":1613,"position":2},"title":"L&rsquo;albatros","author":"Philippe","date":"20 novembre 2015","format":false,"excerpt":"\u00a0 \u00a0 \u00a0 \u00a0 \u00a0 \u00a0 \u00a0 \u00a0 \u00a0 \u00a0 \u00a0 \u00a0 \u00a0 \u00a0 \u00a0 \u00a0 \u00a0 \u00a0 \u00a0 \u00a0 \u00a0 \u00a0 \u00a0 \u00a0 \u00a0 \u00a0 \u00a0 \u00a0 \u00a0 \u00a0 \u00a0 \u00a0 \u00a0 \u00a0 \u00a0 \u00a0 \u00a0 \u00a0 \u00a0 \u00a0 \u00a0 \u00a0 \u00a0 \u00a0 \u00a0 \u00a0 \u00a0 \u00a0 \u00a0 \u00a0\u2026","rel":"","context":"Dans &quot;Canaries&quot;","block_context":{"text":"Canaries","link":"https:\/\/imaginedemain.fr\/index.php\/category\/canaries\/"},"img":{"alt_text":"","src":"https:\/\/i0.wp.com\/imaginedemain.fr\/wp-content\/uploads\/2015\/11\/canaries-cap-vert-1158.jpg?fit=1200%2C673&ssl=1&resize=350%2C200","width":350,"height":200,"srcset":"https:\/\/i0.wp.com\/imaginedemain.fr\/wp-content\/uploads\/2015\/11\/canaries-cap-vert-1158.jpg?fit=1200%2C673&ssl=1&resize=350%2C200 1x, https:\/\/i0.wp.com\/imaginedemain.fr\/wp-content\/uploads\/2015\/11\/canaries-cap-vert-1158.jpg?fit=1200%2C673&ssl=1&resize=525%2C300 1.5x, https:\/\/i0.wp.com\/imaginedemain.fr\/wp-content\/uploads\/2015\/11\/canaries-cap-vert-1158.jpg?fit=1200%2C673&ssl=1&resize=700%2C400 2x, https:\/\/i0.wp.com\/imaginedemain.fr\/wp-content\/uploads\/2015\/11\/canaries-cap-vert-1158.jpg?fit=1200%2C673&ssl=1&resize=1050%2C600 3x"},"classes":[]},{"id":5757,"url":"https:\/\/imaginedemain.fr\/index.php\/2020\/03\/21\/et-pour-finir-sur-la-mer-caraibe-nous-avons-trouve-livingston\/","url_meta":{"origin":1613,"position":3},"title":"Et, pour finir, sur la mer Caraibe, nous avons trouv\u00e9 Livingston","author":"Philippe","date":"21 mars 2020","format":false,"excerpt":"Il faut savoir conclure un grand voyage, m\u00eame \u00e0 regret. Pour nous ce sera ici, sur la mer des Caraibes, o\u00f9, comme Stanley, nous trouvons Livingston. C'est un bout du bout, une extr\u00e9mit\u00e9 du monde ... Faute de route, on ne rejoint cette modeste bourgade qu'en bateau, \u00e0 l'embouchure du\u2026","rel":"","context":"Dans &quot;Guatemala&quot;","block_context":{"text":"Guatemala","link":"https:\/\/imaginedemain.fr\/index.php\/category\/guatemala\/"},"img":{"alt_text":"","src":"https:\/\/i0.wp.com\/imaginedemain.fr\/wp-content\/uploads\/2020\/02\/DSC07280-scaled.jpg?fit=1200%2C676&ssl=1&resize=350%2C200","width":350,"height":200,"srcset":"https:\/\/i0.wp.com\/imaginedemain.fr\/wp-content\/uploads\/2020\/02\/DSC07280-scaled.jpg?fit=1200%2C676&ssl=1&resize=350%2C200 1x, https:\/\/i0.wp.com\/imaginedemain.fr\/wp-content\/uploads\/2020\/02\/DSC07280-scaled.jpg?fit=1200%2C676&ssl=1&resize=525%2C300 1.5x, https:\/\/i0.wp.com\/imaginedemain.fr\/wp-content\/uploads\/2020\/02\/DSC07280-scaled.jpg?fit=1200%2C676&ssl=1&resize=700%2C400 2x, https:\/\/i0.wp.com\/imaginedemain.fr\/wp-content\/uploads\/2020\/02\/DSC07280-scaled.jpg?fit=1200%2C676&ssl=1&resize=1050%2C600 3x"},"classes":[]},{"id":565,"url":"https:\/\/imaginedemain.fr\/index.php\/2016\/11\/22\/aux-marquises-sur-lile-dhiva-oa-jacquesbrel\/","url_meta":{"origin":1613,"position":4},"title":"Aux Marquises, sur l&rsquo;ile d&rsquo;Hiva Oa, Jacques Brel","author":"Philippe","date":"22 novembre 2016","format":false,"excerpt":"Nous avons laiss\u00e9 notre sloop \u00e0 Uturoa, sur l'ile de Raiatea. Pas de regrets car le temps \u00e9tait alors pass\u00e9 au mauvais avec une pluie intense et continue, sous 20 noeuds de vent \u00e9tabli. Nous avons pris un vol vers Papeete, et de l\u00e0 un nouveau vol vers les Marquises,\u2026","rel":"","context":"Dans &quot;Marquises, Hiva Oa&quot;","block_context":{"text":"Marquises, Hiva Oa","link":"https:\/\/imaginedemain.fr\/index.php\/category\/polynesie\/marquises-hiva-oa\/"},"img":{"alt_text":"","src":"https:\/\/i0.wp.com\/imaginedemain.fr\/wp-content\/uploads\/2016\/11\/image197.jpeg?fit=1200%2C900&ssl=1&resize=350%2C200","width":350,"height":200,"srcset":"https:\/\/i0.wp.com\/imaginedemain.fr\/wp-content\/uploads\/2016\/11\/image197.jpeg?fit=1200%2C900&ssl=1&resize=350%2C200 1x, https:\/\/i0.wp.com\/imaginedemain.fr\/wp-content\/uploads\/2016\/11\/image197.jpeg?fit=1200%2C900&ssl=1&resize=525%2C300 1.5x, https:\/\/i0.wp.com\/imaginedemain.fr\/wp-content\/uploads\/2016\/11\/image197.jpeg?fit=1200%2C900&ssl=1&resize=700%2C400 2x, https:\/\/i0.wp.com\/imaginedemain.fr\/wp-content\/uploads\/2016\/11\/image197.jpeg?fit=1200%2C900&ssl=1&resize=1050%2C600 3x"},"classes":[]},{"id":6055,"url":"https:\/\/imaginedemain.fr\/index.php\/2020\/11\/13\/theta-coup-de-torchon-entre-acores-et-canaries\/","url_meta":{"origin":1613,"position":5},"title":"Th\u00e9ta, coup de torchon entre A\u00e7ores et Canaries","author":"Philippe","date":"13 novembre 2020","format":false,"excerpt":"La d\u00e9pression tropicale Th\u00e9ta semblait \u00eatre redout\u00e9e. Pourtant on voit Alex Thompson, maintenant en t\u00eate de la course, aller y chercher les vents portants les plus forts et cravacher sa monture! La course c'est la course ... Jean Le Cam, le doyen \u00e0 61 ans, fait plus que de la\u2026","rel":"","context":"Dans &quot;Vend\u00e9e Globe&quot;","block_context":{"text":"Vend\u00e9e Globe","link":"https:\/\/imaginedemain.fr\/index.php\/category\/vendee-globe\/"},"img":{"alt_text":"","src":"https:\/\/i0.wp.com\/imaginedemain.fr\/wp-content\/uploads\/2020\/11\/imoca-vendee-globe-alex-thomson-5.jpg?fit=540%2C357&ssl=1&resize=350%2C200","width":350,"height":200,"srcset":"https:\/\/i0.wp.com\/imaginedemain.fr\/wp-content\/uploads\/2020\/11\/imoca-vendee-globe-alex-thomson-5.jpg?fit=540%2C357&ssl=1&resize=350%2C200 1x, https:\/\/i0.wp.com\/imaginedemain.fr\/wp-content\/uploads\/2020\/11\/imoca-vendee-globe-alex-thomson-5.jpg?fit=540%2C357&ssl=1&resize=525%2C300 1.5x"},"classes":[]}],"jetpack_sharing_enabled":true,"_links":{"self":[{"href":"https:\/\/imaginedemain.fr\/index.php\/wp-json\/wp\/v2\/posts\/1613","targetHints":{"allow":["GET"]}}],"collection":[{"href":"https:\/\/imaginedemain.fr\/index.php\/wp-json\/wp\/v2\/posts"}],"about":[{"href":"https:\/\/imaginedemain.fr\/index.php\/wp-json\/wp\/v2\/types\/post"}],"author":[{"embeddable":true,"href":"https:\/\/imaginedemain.fr\/index.php\/wp-json\/wp\/v2\/users\/1"}],"replies":[{"embeddable":true,"href":"https:\/\/imaginedemain.fr\/index.php\/wp-json\/wp\/v2\/comments?post=1613"}],"version-history":[{"count":6,"href":"https:\/\/imaginedemain.fr\/index.php\/wp-json\/wp\/v2\/posts\/1613\/revisions"}],"predecessor-version":[{"id":2533,"href":"https:\/\/imaginedemain.fr\/index.php\/wp-json\/wp\/v2\/posts\/1613\/revisions\/2533"}],"wp:featuredmedia":[{"embeddable":true,"href":"https:\/\/imaginedemain.fr\/index.php\/wp-json\/wp\/v2\/media\/1121"}],"wp:attachment":[{"href":"https:\/\/imaginedemain.fr\/index.php\/wp-json\/wp\/v2\/media?parent=1613"}],"wp:term":[{"taxonomy":"category","embeddable":true,"href":"https:\/\/imaginedemain.fr\/index.php\/wp-json\/wp\/v2\/categories?post=1613"},{"taxonomy":"post_tag","embeddable":true,"href":"https:\/\/imaginedemain.fr\/index.php\/wp-json\/wp\/v2\/tags?post=1613"}],"curies":[{"name":"wp","href":"https:\/\/api.w.org\/{rel}","templated":true}]}}