{"id":22,"date":"2014-11-24T20:51:12","date_gmt":"2014-11-24T19:51:12","guid":{"rendered":"http:\/\/phicatgarnier.wordpress.com\/?p=22"},"modified":"2017-03-22T16:25:18","modified_gmt":"2017-03-22T15:25:18","slug":"de-lautre-cote-de-latlantique","status":"publish","type":"post","link":"https:\/\/imaginedemain.fr\/index.php\/2014\/11\/24\/de-lautre-cote-de-latlantique\/","title":{"rendered":"De l&rsquo;autre cot\u00e9 de l&rsquo;Atlantique"},"content":{"rendered":"<p style=\"text-align: left;\"><a href=\"https:\/\/phicatgarnier.files.wordpress.com\/2014\/11\/img_0539.jpg\"><img data-recalc-dims=\"1\" loading=\"lazy\" decoding=\"async\" class=\"alignnone wp-image-29\" src=\"https:\/\/phicatgarnier.files.wordpress.com\/2014\/11\/img_0539.jpg?w=300&#038;resize=463%2C347\" alt=\"IMG_0539\" width=\"463\" height=\"347\" \/><\/a>Partis! Nous arrivons de nuit sur Sao Paulo, premi\u00e8re et immense nappe de lumi\u00e8re apr\u00e8s le survol de l&rsquo;Atlantique et du Br\u00e9sil. Deux heures de transit dans cet a\u00e9rogare hors sol, puis nouvel envol pour quatre heures vers Santiago.<\/p>\n<p style=\"text-align: left;\"><a href=\"https:\/\/phicatgarnier.files.wordpress.com\/2014\/11\/img_0554.jpg\"><img data-recalc-dims=\"1\" loading=\"lazy\" decoding=\"async\" data-attachment-id=\"30\" data-permalink=\"https:\/\/imaginedemain.fr\/img_1082\/\" data-orig-file=\"https:\/\/i0.wp.com\/imaginedemain.fr\/wp-content\/uploads\/2016\/01\/img_1082.jpg?fit=2448%2C1375&amp;ssl=1\" data-orig-size=\"2448,1375\" data-comments-opened=\"1\" data-image-meta=\"{&quot;aperture&quot;:&quot;2.4&quot;,&quot;credit&quot;:&quot;Picasa&quot;,&quot;camera&quot;:&quot;iPhone 4S&quot;,&quot;caption&quot;:&quot;&quot;,&quot;created_timestamp&quot;:&quot;1436777017&quot;,&quot;copyright&quot;:&quot;&quot;,&quot;focal_length&quot;:&quot;4.28&quot;,&quot;iso&quot;:&quot;50&quot;,&quot;shutter_speed&quot;:&quot;0.0013037809647979&quot;,&quot;title&quot;:&quot;&quot;,&quot;orientation&quot;:&quot;0&quot;}\" data-image-title=\"IMG_1082\" data-image-description=\"\" data-image-caption=\"\" data-large-file=\"https:\/\/i0.wp.com\/imaginedemain.fr\/wp-content\/uploads\/2016\/01\/img_1082.jpg?fit=600%2C337&amp;ssl=1\" class=\"alignnone wp-image-30\" src=\"https:\/\/phicatgarnier.files.wordpress.com\/2014\/11\/img_0554.jpg?w=300&#038;resize=432%2C324\" alt=\"IMG_0554\" width=\"432\" height=\"324\" \/><\/a><a href=\"https:\/\/phicatgarnier.files.wordpress.com\/2014\/11\/img_0564.jpg\"><img data-recalc-dims=\"1\" loading=\"lazy\" decoding=\"async\" data-attachment-id=\"31\" data-permalink=\"https:\/\/imaginedemain.fr\/dscn1814\/\" data-orig-file=\"https:\/\/i0.wp.com\/imaginedemain.fr\/wp-content\/uploads\/2016\/01\/dscn1814.jpg?fit=3989%2C2249&amp;ssl=1\" data-orig-size=\"3989,2249\" data-comments-opened=\"1\" data-image-meta=\"{&quot;aperture&quot;:&quot;5.4&quot;,&quot;credit&quot;:&quot;Picasa&quot;,&quot;camera&quot;:&quot;COOLPIX S570&quot;,&quot;caption&quot;:&quot;&quot;,&quot;created_timestamp&quot;:&quot;1451473817&quot;,&quot;copyright&quot;:&quot;&quot;,&quot;focal_length&quot;:&quot;5&quot;,&quot;iso&quot;:&quot;80&quot;,&quot;shutter_speed&quot;:&quot;0.0015625&quot;,&quot;title&quot;:&quot;&quot;,&quot;orientation&quot;:&quot;0&quot;}\" data-image-title=\"DSCN1814\" data-image-description=\"\" data-image-caption=\"\" data-large-file=\"https:\/\/i0.wp.com\/imaginedemain.fr\/wp-content\/uploads\/2016\/01\/dscn1814.jpg?fit=600%2C338&amp;ssl=1\" class=\"alignnone wp-image-31\" src=\"https:\/\/phicatgarnier.files.wordpress.com\/2014\/11\/img_0564.jpg?w=300&#038;resize=432%2C324\" alt=\"IMG_0564\" width=\"432\" height=\"324\" \/><\/a>L&rsquo;Aconcagua sous l&rsquo;aile droite, fabuleux, inoubliable. On aimerait tellement aller sur ce sommet des Andes, qui nous fascine, mais \u00e0 6970 m\u00e8tres nous n&rsquo;avons pas encore eu cette t\u00e9m\u00e9rit\u00e9.<\/p>\n<p style=\"text-align: left;\"><a href=\"https:\/\/phicatgarnier.files.wordpress.com\/2014\/11\/img_0572.jpg\"><img data-recalc-dims=\"1\" loading=\"lazy\" decoding=\"async\" data-attachment-id=\"36\" data-permalink=\"https:\/\/imaginedemain.fr\/sony-dsc-2-2\/\" data-orig-file=\"https:\/\/i0.wp.com\/imaginedemain.fr\/wp-content\/uploads\/2016\/01\/04040.jpg?fit=4592%2C2576&amp;ssl=1\" data-orig-size=\"4592,2576\" data-comments-opened=\"1\" data-image-meta=\"{&quot;aperture&quot;:&quot;13&quot;,&quot;credit&quot;:&quot;Picasa&quot;,&quot;camera&quot;:&quot;DSLR-A350&quot;,&quot;caption&quot;:&quot;SONY DSC&quot;,&quot;created_timestamp&quot;:&quot;1420115084&quot;,&quot;copyright&quot;:&quot;&quot;,&quot;focal_length&quot;:&quot;60&quot;,&quot;iso&quot;:&quot;100&quot;,&quot;shutter_speed&quot;:&quot;0.004&quot;,&quot;title&quot;:&quot;SONY DSC&quot;,&quot;orientation&quot;:&quot;0&quot;}\" data-image-title=\"Le Fitz Roy\" data-image-description=\"\" data-image-caption=\"&lt;p&gt;C&amp;rsquo;\u00e9tait un de nos buts de voyage ici en Argentine. Le Fitz Roy a bien voulu se d\u00e9gager apr\u00e8s cinq jours entre pluie et neige. Unique.&lt;\/p&gt;\n\" data-large-file=\"https:\/\/i0.wp.com\/imaginedemain.fr\/wp-content\/uploads\/2016\/01\/04040.jpg?fit=600%2C336&amp;ssl=1\" class=\"alignnone wp-image-36\" src=\"https:\/\/phicatgarnier.files.wordpress.com\/2014\/11\/img_0572.jpg?w=300&#038;resize=421%2C316\" alt=\"IMG_0572\" width=\"421\" height=\"316\" \/><\/a>Samedi apr\u00e8s-midi premiers pas dans Santiago, parsem\u00e9 de diverses manifestations, assez joyeuses. Ici sous cet immense drapeau chilien, une manif en faveur des pr\u00e9matur\u00e9s &#8230; on ne comprend pas de quoi il retourne exactement, mais \u00e7a balance! Un paquet d&rsquo;enfants et de parents qui arborent sur leur T-shirt \u00e0 la fa\u00e7on d&rsquo;un record 32 semanas, 28 semanas, et m\u00eame 25 semanas!<\/p>\n<p style=\"text-align: left;\"><a href=\"https:\/\/phicatgarnier.files.wordpress.com\/2014\/11\/dsc02413.jpg\"><img data-recalc-dims=\"1\" loading=\"lazy\" decoding=\"async\" data-attachment-id=\"32\" data-permalink=\"https:\/\/imaginedemain.fr\/sony-dsc\/\" data-orig-file=\"https:\/\/i0.wp.com\/imaginedemain.fr\/wp-content\/uploads\/2016\/01\/canaries-cap-vert-0855.jpg?fit=3680%2C2074&amp;ssl=1\" data-orig-size=\"3680,2074\" data-comments-opened=\"1\" data-image-meta=\"{&quot;aperture&quot;:&quot;5.6&quot;,&quot;credit&quot;:&quot;Picasa&quot;,&quot;camera&quot;:&quot;DSLR-A350&quot;,&quot;caption&quot;:&quot;SONY DSC&quot;,&quot;created_timestamp&quot;:&quot;1445546576&quot;,&quot;copyright&quot;:&quot;&quot;,&quot;focal_length&quot;:&quot;230&quot;,&quot;iso&quot;:&quot;250&quot;,&quot;shutter_speed&quot;:&quot;0.0008&quot;,&quot;title&quot;:&quot;SONY DSC&quot;,&quot;orientation&quot;:&quot;0&quot;}\" data-image-title=\"L&amp;rsquo;albatros\" data-image-description=\"\" data-image-caption=\"&lt;p&gt;Il nous a rejoint apr\u00e8s cinq jours de navigation entre Canaries et Cap Vert. Seigneur des oc\u00e9ans, fascinant.&lt;\/p&gt;\n\" data-large-file=\"https:\/\/i0.wp.com\/imaginedemain.fr\/wp-content\/uploads\/2016\/01\/canaries-cap-vert-0855.jpg?fit=600%2C338&amp;ssl=1\" class=\"alignnone wp-image-32\" src=\"https:\/\/phicatgarnier.files.wordpress.com\/2014\/11\/dsc02413.jpg?w=300&#038;resize=479%2C279\" alt=\"DSC02413\" width=\"479\" height=\"279\" \/><\/a><a href=\"https:\/\/phicatgarnier.files.wordpress.com\/2014\/11\/dsc02411.jpg\"><img data-recalc-dims=\"1\" loading=\"lazy\" decoding=\"async\" data-attachment-id=\"26\" data-permalink=\"https:\/\/imaginedemain.fr\/dsc02411\/\" data-orig-file=\"https:\/\/i0.wp.com\/imaginedemain.fr\/wp-content\/uploads\/2014\/11\/dsc02411.jpg?fit=4608%2C2592&amp;ssl=1\" data-orig-size=\"4608,2592\" data-comments-opened=\"1\" data-image-meta=\"{&quot;aperture&quot;:&quot;4.4&quot;,&quot;credit&quot;:&quot;&quot;,&quot;camera&quot;:&quot;DSC-TF1&quot;,&quot;caption&quot;:&quot;&quot;,&quot;created_timestamp&quot;:&quot;1416768725&quot;,&quot;copyright&quot;:&quot;&quot;,&quot;focal_length&quot;:&quot;8.22&quot;,&quot;iso&quot;:&quot;100&quot;,&quot;shutter_speed&quot;:&quot;0.00625&quot;,&quot;title&quot;:&quot;&quot;,&quot;orientation&quot;:&quot;1&quot;}\" data-image-title=\"DSC02411\" data-image-description=\"\" data-image-caption=\"\" data-large-file=\"https:\/\/i0.wp.com\/imaginedemain.fr\/wp-content\/uploads\/2014\/11\/dsc02411.jpg?fit=600%2C338&amp;ssl=1\" class=\"alignnone wp-image-26\" src=\"https:\/\/phicatgarnier.files.wordpress.com\/2014\/11\/dsc02411.jpg?w=300&#038;resize=507%2C284\" alt=\"DSC02411\" width=\"507\" height=\"284\" srcset=\"https:\/\/i0.wp.com\/imaginedemain.fr\/wp-content\/uploads\/2014\/11\/dsc02411.jpg?w=4608&amp;ssl=1 4608w, https:\/\/i0.wp.com\/imaginedemain.fr\/wp-content\/uploads\/2014\/11\/dsc02411.jpg?resize=300%2C169&amp;ssl=1 300w, https:\/\/i0.wp.com\/imaginedemain.fr\/wp-content\/uploads\/2014\/11\/dsc02411.jpg?resize=768%2C432&amp;ssl=1 768w, https:\/\/i0.wp.com\/imaginedemain.fr\/wp-content\/uploads\/2014\/11\/dsc02411.jpg?resize=1024%2C576&amp;ssl=1 1024w, https:\/\/i0.wp.com\/imaginedemain.fr\/wp-content\/uploads\/2014\/11\/dsc02411.jpg?resize=620%2C349&amp;ssl=1 620w, https:\/\/i0.wp.com\/imaginedemain.fr\/wp-content\/uploads\/2014\/11\/dsc02411.jpg?w=1200&amp;ssl=1 1200w, https:\/\/i0.wp.com\/imaginedemain.fr\/wp-content\/uploads\/2014\/11\/dsc02411.jpg?w=1800&amp;ssl=1 1800w\" sizes=\"auto, (max-width: 507px) 100vw, 507px\" \/><\/a><\/p>\n<p style=\"text-align: left;\">Le barrio de Bellavista, sympa les fresques flashy.<\/p>\n<p style=\"text-align: left;\"><a href=\"https:\/\/phicatgarnier.files.wordpress.com\/2014\/11\/dsc02405.jpg\"><img data-recalc-dims=\"1\" loading=\"lazy\" decoding=\"async\" data-attachment-id=\"25\" data-permalink=\"https:\/\/imaginedemain.fr\/dsc02405\/\" data-orig-file=\"https:\/\/i0.wp.com\/imaginedemain.fr\/wp-content\/uploads\/2014\/11\/dsc02405.jpg?fit=4608%2C2592&amp;ssl=1\" data-orig-size=\"4608,2592\" data-comments-opened=\"1\" data-image-meta=\"{&quot;aperture&quot;:&quot;3.6&quot;,&quot;credit&quot;:&quot;&quot;,&quot;camera&quot;:&quot;DSC-TF1&quot;,&quot;caption&quot;:&quot;&quot;,&quot;created_timestamp&quot;:&quot;1416764044&quot;,&quot;copyright&quot;:&quot;&quot;,&quot;focal_length&quot;:&quot;4.43&quot;,&quot;iso&quot;:&quot;160&quot;,&quot;shutter_speed&quot;:&quot;0.033333333333333&quot;,&quot;title&quot;:&quot;&quot;,&quot;orientation&quot;:&quot;1&quot;}\" data-image-title=\"DSC02405\" data-image-description=\"\" data-image-caption=\"\" data-large-file=\"https:\/\/i0.wp.com\/imaginedemain.fr\/wp-content\/uploads\/2014\/11\/dsc02405.jpg?fit=600%2C338&amp;ssl=1\" class=\" wp-image-25\" src=\"https:\/\/phicatgarnier.files.wordpress.com\/2014\/11\/dsc02405.jpg?w=300&#038;resize=395%2C221\" alt=\"DSC02405\" width=\"395\" height=\"221\" srcset=\"https:\/\/i0.wp.com\/imaginedemain.fr\/wp-content\/uploads\/2014\/11\/dsc02405.jpg?w=4608&amp;ssl=1 4608w, https:\/\/i0.wp.com\/imaginedemain.fr\/wp-content\/uploads\/2014\/11\/dsc02405.jpg?resize=300%2C169&amp;ssl=1 300w, https:\/\/i0.wp.com\/imaginedemain.fr\/wp-content\/uploads\/2014\/11\/dsc02405.jpg?resize=768%2C432&amp;ssl=1 768w, https:\/\/i0.wp.com\/imaginedemain.fr\/wp-content\/uploads\/2014\/11\/dsc02405.jpg?resize=1024%2C576&amp;ssl=1 1024w, https:\/\/i0.wp.com\/imaginedemain.fr\/wp-content\/uploads\/2014\/11\/dsc02405.jpg?resize=620%2C349&amp;ssl=1 620w, https:\/\/i0.wp.com\/imaginedemain.fr\/wp-content\/uploads\/2014\/11\/dsc02405.jpg?w=1200&amp;ssl=1 1200w, https:\/\/i0.wp.com\/imaginedemain.fr\/wp-content\/uploads\/2014\/11\/dsc02405.jpg?w=1800&amp;ssl=1 1800w\" sizes=\"auto, (max-width: 395px) 100vw, 395px\" \/><\/a>C&rsquo;est bien conforme au guide: au march\u00e9 aux poissons du mercado central, on y voit quantit\u00e9 de poissons. Une bonne occasion de v\u00e9rifier les pi\u00e8ges de la langue espagnole: le \u00ab\u00a0<em>congrio<\/em>\u00a0\u00bb espagnol assez gouteux dans l&rsquo;assiette n&rsquo;a rien \u00e0 voir avec notre \u00ab\u00a0<em>congre<\/em>\u00a0\u00bb tr\u00e8s rustique, voire rev\u00eache.<\/p>\n<p style=\"text-align: left;\">\u00a0<a href=\"https:\/\/phicatgarnier.files.wordpress.com\/2014\/11\/dsc024202.jpg\"><img data-recalc-dims=\"1\" loading=\"lazy\" decoding=\"async\" data-attachment-id=\"39\" data-permalink=\"https:\/\/imaginedemain.fr\/dsc02420-3\/\" data-orig-file=\"https:\/\/i0.wp.com\/imaginedemain.fr\/wp-content\/uploads\/2014\/11\/dsc024202.jpg?fit=2592%2C4608&amp;ssl=1\" data-orig-size=\"2592,4608\" data-comments-opened=\"1\" data-image-meta=\"{&quot;aperture&quot;:&quot;4.2&quot;,&quot;credit&quot;:&quot;&quot;,&quot;camera&quot;:&quot;DSC-TF1&quot;,&quot;caption&quot;:&quot;&quot;,&quot;created_timestamp&quot;:&quot;1416776417&quot;,&quot;copyright&quot;:&quot;&quot;,&quot;focal_length&quot;:&quot;4.43&quot;,&quot;iso&quot;:&quot;100&quot;,&quot;shutter_speed&quot;:&quot;0.004&quot;,&quot;title&quot;:&quot;&quot;,&quot;orientation&quot;:&quot;1&quot;}\" data-image-title=\"DSC02420\" data-image-description=\"\" data-image-caption=\"\" data-large-file=\"https:\/\/i0.wp.com\/imaginedemain.fr\/wp-content\/uploads\/2014\/11\/dsc024202.jpg?fit=576%2C1024&amp;ssl=1\" class=\"alignnone wp-image-39\" src=\"https:\/\/phicatgarnier.files.wordpress.com\/2014\/11\/dsc024202.jpg?w=168&#038;resize=269%2C481\" alt=\"DSC02420\" width=\"269\" height=\"481\" \/><\/a> Un cri de \u00ab\u00a0libertad\u00a0\u00bb qui en dit long!<\/p>\n<p style=\"text-align: left;\"><a href=\"https:\/\/phicatgarnier.files.wordpress.com\/2014\/11\/img_0579.jpg\"><img data-recalc-dims=\"1\" loading=\"lazy\" decoding=\"async\" data-attachment-id=\"41\" data-permalink=\"https:\/\/imaginedemain.fr\/index.php\/2014\/11\/24\/de-lautre-cote-de-latlantique\/img_0579\/\" data-orig-file=\"https:\/\/i0.wp.com\/imaginedemain.fr\/wp-content\/uploads\/2014\/11\/img_0579.jpg?fit=2448%2C3264&amp;ssl=1\" data-orig-size=\"2448,3264\" data-comments-opened=\"1\" data-image-meta=\"{&quot;aperture&quot;:&quot;2.4&quot;,&quot;credit&quot;:&quot;&quot;,&quot;camera&quot;:&quot;iPhone 4S&quot;,&quot;caption&quot;:&quot;&quot;,&quot;created_timestamp&quot;:&quot;1416753267&quot;,&quot;copyright&quot;:&quot;&quot;,&quot;focal_length&quot;:&quot;4.28&quot;,&quot;iso&quot;:&quot;160&quot;,&quot;shutter_speed&quot;:&quot;0.05&quot;,&quot;title&quot;:&quot;&quot;,&quot;orientation&quot;:&quot;1&quot;}\" data-image-title=\"IMG_0579\" data-image-description=\"\" data-image-caption=\"\" data-large-file=\"https:\/\/i0.wp.com\/imaginedemain.fr\/wp-content\/uploads\/2014\/11\/img_0579.jpg?fit=600%2C800&amp;ssl=1\" class=\"alignnone wp-image-41\" src=\"https:\/\/phicatgarnier.files.wordpress.com\/2014\/11\/img_0579.jpg?w=225&#038;resize=335%2C447\" alt=\"IMG_0579\" width=\"335\" height=\"447\" srcset=\"https:\/\/i0.wp.com\/imaginedemain.fr\/wp-content\/uploads\/2014\/11\/img_0579.jpg?w=2448&amp;ssl=1 2448w, https:\/\/i0.wp.com\/imaginedemain.fr\/wp-content\/uploads\/2014\/11\/img_0579.jpg?resize=225%2C300&amp;ssl=1 225w, https:\/\/i0.wp.com\/imaginedemain.fr\/wp-content\/uploads\/2014\/11\/img_0579.jpg?resize=768%2C1024&amp;ssl=1 768w, https:\/\/i0.wp.com\/imaginedemain.fr\/wp-content\/uploads\/2014\/11\/img_0579.jpg?resize=620%2C827&amp;ssl=1 620w, https:\/\/i0.wp.com\/imaginedemain.fr\/wp-content\/uploads\/2014\/11\/img_0579.jpg?w=1200&amp;ssl=1 1200w, https:\/\/i0.wp.com\/imaginedemain.fr\/wp-content\/uploads\/2014\/11\/img_0579.jpg?w=1800&amp;ssl=1 1800w\" sizes=\"auto, (max-width: 335px) 100vw, 335px\" \/><\/a>La maison de Pablo Neruda \u00e0 Santiago, la Chascona, on y entre sans rien savoir. On y d\u00e9couvre que cette figure tut\u00e9laire a du \u00eatre un tr\u00e8s bon vivant, \u00e0 la fa\u00e7on d&rsquo;Alexandre Dumas pour la table et l&#8217;embonpoint, mais aussi de Victor Hugo pour la d\u00e9coration. Trois splendides bars dans cette maison! Une salle \u00e0 manger de r\u00e9ception, tr\u00e8s bien \u00e9quip\u00e9e pour y recevoir plus qu&rsquo;agr\u00e9ablement. Beaucoup d&rsquo;oeuvres bien choisies dans une ambiance cosy et chaleureuse, fa\u00e7on bateau de vieille marine. Tr\u00e8s attachant!<\/p>\n<p style=\"text-align: left;\"><a href=\"https:\/\/phicatgarnier.files.wordpress.com\/2014\/11\/img_0582.jpg\"><img data-recalc-dims=\"1\" loading=\"lazy\" decoding=\"async\" data-attachment-id=\"42\" data-permalink=\"https:\/\/imaginedemain.fr\/index.php\/2014\/11\/24\/de-lautre-cote-de-latlantique\/img_0582\/\" data-orig-file=\"https:\/\/i0.wp.com\/imaginedemain.fr\/wp-content\/uploads\/2014\/11\/img_0582.jpg?fit=3264%2C2448&amp;ssl=1\" data-orig-size=\"3264,2448\" data-comments-opened=\"1\" data-image-meta=\"{&quot;aperture&quot;:&quot;2.4&quot;,&quot;credit&quot;:&quot;&quot;,&quot;camera&quot;:&quot;iPhone 4S&quot;,&quot;caption&quot;:&quot;&quot;,&quot;created_timestamp&quot;:&quot;1416753378&quot;,&quot;copyright&quot;:&quot;&quot;,&quot;focal_length&quot;:&quot;4.28&quot;,&quot;iso&quot;:&quot;100&quot;,&quot;shutter_speed&quot;:&quot;0.05&quot;,&quot;title&quot;:&quot;&quot;,&quot;orientation&quot;:&quot;1&quot;}\" data-image-title=\"IMG_0582\" data-image-description=\"\" data-image-caption=\"\" data-large-file=\"https:\/\/i0.wp.com\/imaginedemain.fr\/wp-content\/uploads\/2014\/11\/img_0582.jpg?fit=600%2C450&amp;ssl=1\" class=\"alignnone wp-image-42\" src=\"https:\/\/phicatgarnier.files.wordpress.com\/2014\/11\/img_0582.jpg?w=300&#038;resize=510%2C383\" alt=\"IMG_0582\" width=\"510\" height=\"383\" srcset=\"https:\/\/i0.wp.com\/imaginedemain.fr\/wp-content\/uploads\/2014\/11\/img_0582.jpg?w=3264&amp;ssl=1 3264w, https:\/\/i0.wp.com\/imaginedemain.fr\/wp-content\/uploads\/2014\/11\/img_0582.jpg?resize=300%2C225&amp;ssl=1 300w, https:\/\/i0.wp.com\/imaginedemain.fr\/wp-content\/uploads\/2014\/11\/img_0582.jpg?resize=768%2C576&amp;ssl=1 768w, https:\/\/i0.wp.com\/imaginedemain.fr\/wp-content\/uploads\/2014\/11\/img_0582.jpg?resize=1024%2C768&amp;ssl=1 1024w, https:\/\/i0.wp.com\/imaginedemain.fr\/wp-content\/uploads\/2014\/11\/img_0582.jpg?resize=620%2C465&amp;ssl=1 620w, https:\/\/i0.wp.com\/imaginedemain.fr\/wp-content\/uploads\/2014\/11\/img_0582.jpg?w=1200&amp;ssl=1 1200w, https:\/\/i0.wp.com\/imaginedemain.fr\/wp-content\/uploads\/2014\/11\/img_0582.jpg?w=1800&amp;ssl=1 1800w\" sizes=\"auto, (max-width: 510px) 100vw, 510px\" \/><\/a>Surprise! Le m\u00eame service Acapulco que la maman de Catherine lui avait offert en 1973, et qu&rsquo;elle a depuis offert \u00e0 son fils, se trouve dans une alc\u00f4ve dinatoire de la Chascona. L&rsquo;immense po\u00e8te Pablo Neruda\u00a0 a aim\u00e9 ce m\u00eame service!!! D\u00e9cid\u00e9ment nous nous sentons\u00a0 proches:<\/p>\n<p style=\"text-align: left;\"><em>Para mi coraz\u00f3n basta tu pecho,<\/em><br \/>\n<em> para tu libertad bastan mis alas.<\/em><br \/>\n<em> Desde mi boca llegar\u00e1 hasta el cielo<\/em><br \/>\n<em> lo que estaba dormido sobre tu alma.<\/em><\/p>\n<p style=\"text-align: left;\"><a href=\"https:\/\/phicatgarnier.files.wordpress.com\/2014\/11\/dsc02393.jpg\"><img data-recalc-dims=\"1\" loading=\"lazy\" decoding=\"async\" data-attachment-id=\"24\" data-permalink=\"https:\/\/imaginedemain.fr\/dsc02393\/\" data-orig-file=\"https:\/\/i0.wp.com\/imaginedemain.fr\/wp-content\/uploads\/2014\/11\/dsc02393.jpg?fit=4608%2C2592&amp;ssl=1\" data-orig-size=\"4608,2592\" data-comments-opened=\"1\" data-image-meta=\"{&quot;aperture&quot;:&quot;3.6&quot;,&quot;credit&quot;:&quot;&quot;,&quot;camera&quot;:&quot;DSC-TF1&quot;,&quot;caption&quot;:&quot;&quot;,&quot;created_timestamp&quot;:&quot;1416758472&quot;,&quot;copyright&quot;:&quot;&quot;,&quot;focal_length&quot;:&quot;4.43&quot;,&quot;iso&quot;:&quot;800&quot;,&quot;shutter_speed&quot;:&quot;0.25&quot;,&quot;title&quot;:&quot;&quot;,&quot;orientation&quot;:&quot;1&quot;}\" data-image-title=\"DSC02393\" data-image-description=\"\" data-image-caption=\"\" data-large-file=\"https:\/\/i0.wp.com\/imaginedemain.fr\/wp-content\/uploads\/2014\/11\/dsc02393.jpg?fit=600%2C338&amp;ssl=1\" class=\"alignnone wp-image-24\" src=\"https:\/\/phicatgarnier.files.wordpress.com\/2014\/11\/dsc02393.jpg?w=300&#038;resize=477%2C267\" alt=\"DSC02393\" width=\"477\" height=\"267\" srcset=\"https:\/\/i0.wp.com\/imaginedemain.fr\/wp-content\/uploads\/2014\/11\/dsc02393.jpg?w=4608&amp;ssl=1 4608w, https:\/\/i0.wp.com\/imaginedemain.fr\/wp-content\/uploads\/2014\/11\/dsc02393.jpg?resize=300%2C169&amp;ssl=1 300w, https:\/\/i0.wp.com\/imaginedemain.fr\/wp-content\/uploads\/2014\/11\/dsc02393.jpg?resize=768%2C432&amp;ssl=1 768w, https:\/\/i0.wp.com\/imaginedemain.fr\/wp-content\/uploads\/2014\/11\/dsc02393.jpg?resize=1024%2C576&amp;ssl=1 1024w, https:\/\/i0.wp.com\/imaginedemain.fr\/wp-content\/uploads\/2014\/11\/dsc02393.jpg?w=1200&amp;ssl=1 1200w, https:\/\/i0.wp.com\/imaginedemain.fr\/wp-content\/uploads\/2014\/11\/dsc02393.jpg?w=1800&amp;ssl=1 1800w\" sizes=\"auto, (max-width: 477px) 100vw, 477px\" \/><\/a>Le mus\u00e9e pr\u00e9colombien, c&rsquo;est tr\u00e8s \u00e9mouvant et tr\u00e8s beau, quelle esth\u00e9tique! Ici une sorte de \u00ab\u00a0proto-ordinateur\u00a0\u00bb inca, qui calcule et m\u00e9morise par ces noeuds r\u00e9partis sur les cordes une comptabilit\u00e9 inca. Il y a, si j&rsquo;ai bien compris, des milliers de cellules dans ce lacis de cordes.<\/p>\n<p style=\"text-align: left;\">\u00a0<a href=\"https:\/\/phicatgarnier.files.wordpress.com\/2014\/11\/dsc02388.jpg\"><img data-recalc-dims=\"1\" loading=\"lazy\" decoding=\"async\" data-attachment-id=\"44\" data-permalink=\"https:\/\/imaginedemain.fr\/index.php\/2014\/11\/24\/de-lautre-cote-de-latlantique\/dsc02388\/\" data-orig-file=\"https:\/\/i0.wp.com\/imaginedemain.fr\/wp-content\/uploads\/2014\/11\/dsc02388.jpg?fit=4608%2C2592&amp;ssl=1\" data-orig-size=\"4608,2592\" data-comments-opened=\"1\" data-image-meta=\"{&quot;aperture&quot;:&quot;3.6&quot;,&quot;credit&quot;:&quot;&quot;,&quot;camera&quot;:&quot;DSC-TF1&quot;,&quot;caption&quot;:&quot;&quot;,&quot;created_timestamp&quot;:&quot;1416757557&quot;,&quot;copyright&quot;:&quot;&quot;,&quot;focal_length&quot;:&quot;4.43&quot;,&quot;iso&quot;:&quot;400&quot;,&quot;shutter_speed&quot;:&quot;0.2&quot;,&quot;title&quot;:&quot;&quot;,&quot;orientation&quot;:&quot;1&quot;}\" data-image-title=\"DSC02388\" data-image-description=\"\" data-image-caption=\"\" data-large-file=\"https:\/\/i0.wp.com\/imaginedemain.fr\/wp-content\/uploads\/2014\/11\/dsc02388.jpg?fit=600%2C338&amp;ssl=1\" class=\"alignnone wp-image-44\" src=\"https:\/\/phicatgarnier.files.wordpress.com\/2014\/11\/dsc02388.jpg?w=300&#038;resize=393%2C220\" alt=\"DSC02388\" width=\"393\" height=\"220\" srcset=\"https:\/\/i0.wp.com\/imaginedemain.fr\/wp-content\/uploads\/2014\/11\/dsc02388.jpg?w=4608&amp;ssl=1 4608w, https:\/\/i0.wp.com\/imaginedemain.fr\/wp-content\/uploads\/2014\/11\/dsc02388.jpg?resize=300%2C169&amp;ssl=1 300w, https:\/\/i0.wp.com\/imaginedemain.fr\/wp-content\/uploads\/2014\/11\/dsc02388.jpg?resize=768%2C432&amp;ssl=1 768w, https:\/\/i0.wp.com\/imaginedemain.fr\/wp-content\/uploads\/2014\/11\/dsc02388.jpg?resize=1024%2C576&amp;ssl=1 1024w, https:\/\/i0.wp.com\/imaginedemain.fr\/wp-content\/uploads\/2014\/11\/dsc02388.jpg?resize=620%2C349&amp;ssl=1 620w, https:\/\/i0.wp.com\/imaginedemain.fr\/wp-content\/uploads\/2014\/11\/dsc02388.jpg?w=1200&amp;ssl=1 1200w, https:\/\/i0.wp.com\/imaginedemain.fr\/wp-content\/uploads\/2014\/11\/dsc02388.jpg?w=1800&amp;ssl=1 1800w\" sizes=\"auto, (max-width: 393px) 100vw, 393px\" \/><\/a>Statues mapuches pos\u00e9es sur les tombes des d\u00e9funts.<\/p>\n<p style=\"text-align: left;\"><a href=\"https:\/\/phicatgarnier.files.wordpress.com\/2014\/11\/dsc02423.jpg\"><img data-recalc-dims=\"1\" loading=\"lazy\" decoding=\"async\" data-attachment-id=\"35\" data-permalink=\"https:\/\/imaginedemain.fr\/canaries-cap-vert-1084\/\" data-orig-file=\"https:\/\/i0.wp.com\/imaginedemain.fr\/wp-content\/uploads\/2016\/01\/canaries-cap-vert-1084.jpg?fit=3252%2C1833&amp;ssl=1\" data-orig-size=\"3252,1833\" data-comments-opened=\"1\" data-image-meta=\"{&quot;aperture&quot;:&quot;2.4&quot;,&quot;credit&quot;:&quot;Picasa&quot;,&quot;camera&quot;:&quot;iPhone 5&quot;,&quot;caption&quot;:&quot;&quot;,&quot;created_timestamp&quot;:&quot;1446037625&quot;,&quot;copyright&quot;:&quot;&quot;,&quot;focal_length&quot;:&quot;4.12&quot;,&quot;iso&quot;:&quot;50&quot;,&quot;shutter_speed&quot;:&quot;0.00038699690402477&quot;,&quot;title&quot;:&quot;&quot;,&quot;orientation&quot;:&quot;0&quot;}\" data-image-title=\"La c\u00f4te ouest de Sao Antao\" data-image-description=\"\" data-image-caption=\"&lt;p&gt;La plus occidentale des iles du Cap Vert oppose une muraille aux assauts de l&amp;rsquo;oc\u00e9an, mais aussi aux nuages venus du large.&lt;\/p&gt;\n\" data-large-file=\"https:\/\/i0.wp.com\/imaginedemain.fr\/wp-content\/uploads\/2016\/01\/canaries-cap-vert-1084.jpg?fit=600%2C338&amp;ssl=1\" class=\"alignnone wp-image-35\" src=\"https:\/\/phicatgarnier.files.wordpress.com\/2014\/11\/dsc02423.jpg?w=300&#038;resize=505%2C283\" alt=\"DSC02423\" width=\"505\" height=\"283\" \/><\/a>Dimanche apr\u00e8s-midi. Allez, on s&rsquo;offre une petite photo souvenir en famille, sur le promontoire de Santa Lucia. Hasta pronto.<\/p>\n","protected":false},"excerpt":{"rendered":"<p>Partis! Nous arrivons de nuit sur Sao Paulo, premi\u00e8re et immense nappe de lumi\u00e8re apr\u00e8s le survol de l&rsquo;Atlantique et du Br\u00e9sil. Deux heures de transit dans cet a\u00e9rogare hors sol, puis nouvel envol pour quatre heures vers Santiago. L&rsquo;Aconcagua sous l&rsquo;aile droite, fabuleux, inoubliable. On aimerait tellement aller sur ce sommet des Andes, qui [&hellip;]<\/p>\n","protected":false},"author":1,"featured_media":1019,"comment_status":"open","ping_status":"open","sticky":false,"template":"","format":"standard","meta":{"ngg_post_thumbnail":0,"jetpack_post_was_ever_published":false,"_jetpack_newsletter_access":"","_jetpack_dont_email_post_to_subs":true,"_jetpack_newsletter_tier_id":0,"_jetpack_memberships_contains_paywalled_content":false,"_jetpack_memberships_contains_paid_content":false,"footnotes":"","jetpack_publicize_message":"","jetpack_publicize_feature_enabled":true,"jetpack_social_post_already_shared":false,"jetpack_social_options":{"image_generator_settings":{"template":"highway","default_image_id":0,"font":"","enabled":false},"version":2}},"categories":[10],"tags":[14],"class_list":["post-22","post","type-post","status-publish","format-standard","has-post-thumbnail","hentry","category-chile-y-argentina","tag-chili"],"yoast_head":"<!-- This site is optimized with the Yoast SEO plugin v27.5 - https:\/\/yoast.com\/product\/yoast-seo-wordpress\/ -->\n<title>De l&#039;autre cot\u00e9 de l&#039;Atlantique - Imagine demain<\/title>\n<meta name=\"robots\" content=\"index, follow, max-snippet:-1, max-image-preview:large, max-video-preview:-1\" \/>\n<link rel=\"canonical\" href=\"https:\/\/imaginedemain.fr\/index.php\/2014\/11\/24\/de-lautre-cote-de-latlantique\/\" \/>\n<meta property=\"og:locale\" content=\"fr_FR\" \/>\n<meta property=\"og:type\" content=\"article\" \/>\n<meta property=\"og:title\" content=\"De l&#039;autre cot\u00e9 de l&#039;Atlantique - Imagine demain\" \/>\n<meta property=\"og:description\" content=\"Partis! Nous arrivons de nuit sur Sao Paulo, premi\u00e8re et immense nappe de lumi\u00e8re apr\u00e8s le survol de l&rsquo;Atlantique et du Br\u00e9sil. Deux heures de transit dans cet a\u00e9rogare hors sol, puis nouvel envol pour quatre heures vers Santiago. L&rsquo;Aconcagua sous l&rsquo;aile droite, fabuleux, inoubliable. On aimerait tellement aller sur ce sommet des Andes, qui [&hellip;]\" \/>\n<meta property=\"og:url\" content=\"https:\/\/imaginedemain.fr\/index.php\/2014\/11\/24\/de-lautre-cote-de-latlantique\/\" \/>\n<meta property=\"og:site_name\" content=\"Imagine demain\" \/>\n<meta property=\"article:published_time\" content=\"2014-11-24T19:51:12+00:00\" \/>\n<meta property=\"article:modified_time\" content=\"2017-03-22T15:25:18+00:00\" \/>\n<meta property=\"og:image\" content=\"https:\/\/imaginedemain.fr\/wp-content\/uploads\/2014\/11\/img_0564-1024x768.jpg\" \/>\n\t<meta property=\"og:image:width\" content=\"1024\" \/>\n\t<meta property=\"og:image:height\" content=\"768\" \/>\n\t<meta property=\"og:image:type\" content=\"image\/jpeg\" \/>\n<meta name=\"author\" content=\"Philippe\" \/>\n<meta name=\"twitter:card\" content=\"summary_large_image\" \/>\n<meta name=\"twitter:label1\" content=\"\u00c9crit par\" \/>\n\t<meta name=\"twitter:data1\" content=\"Philippe\" \/>\n\t<meta name=\"twitter:label2\" content=\"Dur\u00e9e de lecture estim\u00e9e\" \/>\n\t<meta name=\"twitter:data2\" content=\"2 minutes\" \/>\n<script type=\"application\/ld+json\" class=\"yoast-schema-graph\">{\"@context\":\"https:\\\/\\\/schema.org\",\"@graph\":[{\"@type\":\"Article\",\"@id\":\"https:\\\/\\\/imaginedemain.fr\\\/index.php\\\/2014\\\/11\\\/24\\\/de-lautre-cote-de-latlantique\\\/#article\",\"isPartOf\":{\"@id\":\"https:\\\/\\\/imaginedemain.fr\\\/index.php\\\/2014\\\/11\\\/24\\\/de-lautre-cote-de-latlantique\\\/\"},\"author\":{\"name\":\"Philippe\",\"@id\":\"https:\\\/\\\/imaginedemain.fr\\\/#\\\/schema\\\/person\\\/e38f616126180f1f6000edc7daca21ab\"},\"headline\":\"De l&rsquo;autre cot\u00e9 de l&rsquo;Atlantique\",\"datePublished\":\"2014-11-24T19:51:12+00:00\",\"dateModified\":\"2017-03-22T15:25:18+00:00\",\"mainEntityOfPage\":{\"@id\":\"https:\\\/\\\/imaginedemain.fr\\\/index.php\\\/2014\\\/11\\\/24\\\/de-lautre-cote-de-latlantique\\\/\"},\"wordCount\":479,\"commentCount\":0,\"image\":{\"@id\":\"https:\\\/\\\/imaginedemain.fr\\\/index.php\\\/2014\\\/11\\\/24\\\/de-lautre-cote-de-latlantique\\\/#primaryimage\"},\"thumbnailUrl\":\"https:\\\/\\\/i0.wp.com\\\/imaginedemain.fr\\\/wp-content\\\/uploads\\\/2014\\\/11\\\/img_0564.jpg?fit=3264%2C2448&ssl=1\",\"keywords\":[\"Chili\"],\"articleSection\":[\"Chili &amp; Argentine\"],\"inLanguage\":\"fr-FR\",\"potentialAction\":[{\"@type\":\"CommentAction\",\"name\":\"Comment\",\"target\":[\"https:\\\/\\\/imaginedemain.fr\\\/index.php\\\/2014\\\/11\\\/24\\\/de-lautre-cote-de-latlantique\\\/#respond\"]}]},{\"@type\":\"WebPage\",\"@id\":\"https:\\\/\\\/imaginedemain.fr\\\/index.php\\\/2014\\\/11\\\/24\\\/de-lautre-cote-de-latlantique\\\/\",\"url\":\"https:\\\/\\\/imaginedemain.fr\\\/index.php\\\/2014\\\/11\\\/24\\\/de-lautre-cote-de-latlantique\\\/\",\"name\":\"De l'autre cot\u00e9 de l'Atlantique - Imagine demain\",\"isPartOf\":{\"@id\":\"https:\\\/\\\/imaginedemain.fr\\\/#website\"},\"primaryImageOfPage\":{\"@id\":\"https:\\\/\\\/imaginedemain.fr\\\/index.php\\\/2014\\\/11\\\/24\\\/de-lautre-cote-de-latlantique\\\/#primaryimage\"},\"image\":{\"@id\":\"https:\\\/\\\/imaginedemain.fr\\\/index.php\\\/2014\\\/11\\\/24\\\/de-lautre-cote-de-latlantique\\\/#primaryimage\"},\"thumbnailUrl\":\"https:\\\/\\\/i0.wp.com\\\/imaginedemain.fr\\\/wp-content\\\/uploads\\\/2014\\\/11\\\/img_0564.jpg?fit=3264%2C2448&ssl=1\",\"datePublished\":\"2014-11-24T19:51:12+00:00\",\"dateModified\":\"2017-03-22T15:25:18+00:00\",\"author\":{\"@id\":\"https:\\\/\\\/imaginedemain.fr\\\/#\\\/schema\\\/person\\\/e38f616126180f1f6000edc7daca21ab\"},\"breadcrumb\":{\"@id\":\"https:\\\/\\\/imaginedemain.fr\\\/index.php\\\/2014\\\/11\\\/24\\\/de-lautre-cote-de-latlantique\\\/#breadcrumb\"},\"inLanguage\":\"fr-FR\",\"potentialAction\":[{\"@type\":\"ReadAction\",\"target\":[\"https:\\\/\\\/imaginedemain.fr\\\/index.php\\\/2014\\\/11\\\/24\\\/de-lautre-cote-de-latlantique\\\/\"]}]},{\"@type\":\"ImageObject\",\"inLanguage\":\"fr-FR\",\"@id\":\"https:\\\/\\\/imaginedemain.fr\\\/index.php\\\/2014\\\/11\\\/24\\\/de-lautre-cote-de-latlantique\\\/#primaryimage\",\"url\":\"https:\\\/\\\/i0.wp.com\\\/imaginedemain.fr\\\/wp-content\\\/uploads\\\/2014\\\/11\\\/img_0564.jpg?fit=3264%2C2448&ssl=1\",\"contentUrl\":\"https:\\\/\\\/i0.wp.com\\\/imaginedemain.fr\\\/wp-content\\\/uploads\\\/2014\\\/11\\\/img_0564.jpg?fit=3264%2C2448&ssl=1\",\"width\":3264,\"height\":2448},{\"@type\":\"BreadcrumbList\",\"@id\":\"https:\\\/\\\/imaginedemain.fr\\\/index.php\\\/2014\\\/11\\\/24\\\/de-lautre-cote-de-latlantique\\\/#breadcrumb\",\"itemListElement\":[{\"@type\":\"ListItem\",\"position\":1,\"name\":\"Accueil\",\"item\":\"https:\\\/\\\/imaginedemain.fr\\\/\"},{\"@type\":\"ListItem\",\"position\":2,\"name\":\"De l&#8217;autre cot\u00e9 de l&#8217;Atlantique\"}]},{\"@type\":\"WebSite\",\"@id\":\"https:\\\/\\\/imaginedemain.fr\\\/#website\",\"url\":\"https:\\\/\\\/imaginedemain.fr\\\/\",\"name\":\"Imagine demain\",\"description\":\"\",\"potentialAction\":[{\"@type\":\"SearchAction\",\"target\":{\"@type\":\"EntryPoint\",\"urlTemplate\":\"https:\\\/\\\/imaginedemain.fr\\\/?s={search_term_string}\"},\"query-input\":{\"@type\":\"PropertyValueSpecification\",\"valueRequired\":true,\"valueName\":\"search_term_string\"}}],\"inLanguage\":\"fr-FR\"},{\"@type\":\"Person\",\"@id\":\"https:\\\/\\\/imaginedemain.fr\\\/#\\\/schema\\\/person\\\/e38f616126180f1f6000edc7daca21ab\",\"name\":\"Philippe\",\"image\":{\"@type\":\"ImageObject\",\"inLanguage\":\"fr-FR\",\"@id\":\"https:\\\/\\\/secure.gravatar.com\\\/avatar\\\/69f59b5b22630ea786677085abd0e3dc50190e58bc7ca3c50bd640bfaf2456a4?s=96&d=blank&r=g\",\"url\":\"https:\\\/\\\/secure.gravatar.com\\\/avatar\\\/69f59b5b22630ea786677085abd0e3dc50190e58bc7ca3c50bd640bfaf2456a4?s=96&d=blank&r=g\",\"contentUrl\":\"https:\\\/\\\/secure.gravatar.com\\\/avatar\\\/69f59b5b22630ea786677085abd0e3dc50190e58bc7ca3c50bd640bfaf2456a4?s=96&d=blank&r=g\",\"caption\":\"Philippe\"},\"sameAs\":[\"http:\\\/\\\/imaginedemain.fr\\\/\"],\"url\":\"https:\\\/\\\/imaginedemain.fr\\\/index.php\\\/author\\\/admin4809\\\/\"}]}<\/script>\n<!-- \/ Yoast SEO plugin. -->","yoast_head_json":{"title":"De l'autre cot\u00e9 de l'Atlantique - Imagine demain","robots":{"index":"index","follow":"follow","max-snippet":"max-snippet:-1","max-image-preview":"max-image-preview:large","max-video-preview":"max-video-preview:-1"},"canonical":"https:\/\/imaginedemain.fr\/index.php\/2014\/11\/24\/de-lautre-cote-de-latlantique\/","og_locale":"fr_FR","og_type":"article","og_title":"De l'autre cot\u00e9 de l'Atlantique - Imagine demain","og_description":"Partis! Nous arrivons de nuit sur Sao Paulo, premi\u00e8re et immense nappe de lumi\u00e8re apr\u00e8s le survol de l&rsquo;Atlantique et du Br\u00e9sil. Deux heures de transit dans cet a\u00e9rogare hors sol, puis nouvel envol pour quatre heures vers Santiago. L&rsquo;Aconcagua sous l&rsquo;aile droite, fabuleux, inoubliable. On aimerait tellement aller sur ce sommet des Andes, qui [&hellip;]","og_url":"https:\/\/imaginedemain.fr\/index.php\/2014\/11\/24\/de-lautre-cote-de-latlantique\/","og_site_name":"Imagine demain","article_published_time":"2014-11-24T19:51:12+00:00","article_modified_time":"2017-03-22T15:25:18+00:00","og_image":[{"width":1024,"height":768,"url":"https:\/\/imaginedemain.fr\/wp-content\/uploads\/2014\/11\/img_0564-1024x768.jpg","type":"image\/jpeg"}],"author":"Philippe","twitter_card":"summary_large_image","twitter_misc":{"\u00c9crit par":"Philippe","Dur\u00e9e de lecture estim\u00e9e":"2 minutes"},"schema":{"@context":"https:\/\/schema.org","@graph":[{"@type":"Article","@id":"https:\/\/imaginedemain.fr\/index.php\/2014\/11\/24\/de-lautre-cote-de-latlantique\/#article","isPartOf":{"@id":"https:\/\/imaginedemain.fr\/index.php\/2014\/11\/24\/de-lautre-cote-de-latlantique\/"},"author":{"name":"Philippe","@id":"https:\/\/imaginedemain.fr\/#\/schema\/person\/e38f616126180f1f6000edc7daca21ab"},"headline":"De l&rsquo;autre cot\u00e9 de l&rsquo;Atlantique","datePublished":"2014-11-24T19:51:12+00:00","dateModified":"2017-03-22T15:25:18+00:00","mainEntityOfPage":{"@id":"https:\/\/imaginedemain.fr\/index.php\/2014\/11\/24\/de-lautre-cote-de-latlantique\/"},"wordCount":479,"commentCount":0,"image":{"@id":"https:\/\/imaginedemain.fr\/index.php\/2014\/11\/24\/de-lautre-cote-de-latlantique\/#primaryimage"},"thumbnailUrl":"https:\/\/i0.wp.com\/imaginedemain.fr\/wp-content\/uploads\/2014\/11\/img_0564.jpg?fit=3264%2C2448&ssl=1","keywords":["Chili"],"articleSection":["Chili &amp; Argentine"],"inLanguage":"fr-FR","potentialAction":[{"@type":"CommentAction","name":"Comment","target":["https:\/\/imaginedemain.fr\/index.php\/2014\/11\/24\/de-lautre-cote-de-latlantique\/#respond"]}]},{"@type":"WebPage","@id":"https:\/\/imaginedemain.fr\/index.php\/2014\/11\/24\/de-lautre-cote-de-latlantique\/","url":"https:\/\/imaginedemain.fr\/index.php\/2014\/11\/24\/de-lautre-cote-de-latlantique\/","name":"De l'autre cot\u00e9 de l'Atlantique - Imagine demain","isPartOf":{"@id":"https:\/\/imaginedemain.fr\/#website"},"primaryImageOfPage":{"@id":"https:\/\/imaginedemain.fr\/index.php\/2014\/11\/24\/de-lautre-cote-de-latlantique\/#primaryimage"},"image":{"@id":"https:\/\/imaginedemain.fr\/index.php\/2014\/11\/24\/de-lautre-cote-de-latlantique\/#primaryimage"},"thumbnailUrl":"https:\/\/i0.wp.com\/imaginedemain.fr\/wp-content\/uploads\/2014\/11\/img_0564.jpg?fit=3264%2C2448&ssl=1","datePublished":"2014-11-24T19:51:12+00:00","dateModified":"2017-03-22T15:25:18+00:00","author":{"@id":"https:\/\/imaginedemain.fr\/#\/schema\/person\/e38f616126180f1f6000edc7daca21ab"},"breadcrumb":{"@id":"https:\/\/imaginedemain.fr\/index.php\/2014\/11\/24\/de-lautre-cote-de-latlantique\/#breadcrumb"},"inLanguage":"fr-FR","potentialAction":[{"@type":"ReadAction","target":["https:\/\/imaginedemain.fr\/index.php\/2014\/11\/24\/de-lautre-cote-de-latlantique\/"]}]},{"@type":"ImageObject","inLanguage":"fr-FR","@id":"https:\/\/imaginedemain.fr\/index.php\/2014\/11\/24\/de-lautre-cote-de-latlantique\/#primaryimage","url":"https:\/\/i0.wp.com\/imaginedemain.fr\/wp-content\/uploads\/2014\/11\/img_0564.jpg?fit=3264%2C2448&ssl=1","contentUrl":"https:\/\/i0.wp.com\/imaginedemain.fr\/wp-content\/uploads\/2014\/11\/img_0564.jpg?fit=3264%2C2448&ssl=1","width":3264,"height":2448},{"@type":"BreadcrumbList","@id":"https:\/\/imaginedemain.fr\/index.php\/2014\/11\/24\/de-lautre-cote-de-latlantique\/#breadcrumb","itemListElement":[{"@type":"ListItem","position":1,"name":"Accueil","item":"https:\/\/imaginedemain.fr\/"},{"@type":"ListItem","position":2,"name":"De l&#8217;autre cot\u00e9 de l&#8217;Atlantique"}]},{"@type":"WebSite","@id":"https:\/\/imaginedemain.fr\/#website","url":"https:\/\/imaginedemain.fr\/","name":"Imagine demain","description":"","potentialAction":[{"@type":"SearchAction","target":{"@type":"EntryPoint","urlTemplate":"https:\/\/imaginedemain.fr\/?s={search_term_string}"},"query-input":{"@type":"PropertyValueSpecification","valueRequired":true,"valueName":"search_term_string"}}],"inLanguage":"fr-FR"},{"@type":"Person","@id":"https:\/\/imaginedemain.fr\/#\/schema\/person\/e38f616126180f1f6000edc7daca21ab","name":"Philippe","image":{"@type":"ImageObject","inLanguage":"fr-FR","@id":"https:\/\/secure.gravatar.com\/avatar\/69f59b5b22630ea786677085abd0e3dc50190e58bc7ca3c50bd640bfaf2456a4?s=96&d=blank&r=g","url":"https:\/\/secure.gravatar.com\/avatar\/69f59b5b22630ea786677085abd0e3dc50190e58bc7ca3c50bd640bfaf2456a4?s=96&d=blank&r=g","contentUrl":"https:\/\/secure.gravatar.com\/avatar\/69f59b5b22630ea786677085abd0e3dc50190e58bc7ca3c50bd640bfaf2456a4?s=96&d=blank&r=g","caption":"Philippe"},"sameAs":["http:\/\/imaginedemain.fr\/"],"url":"https:\/\/imaginedemain.fr\/index.php\/author\/admin4809\/"}]}},"jetpack_publicize_connections":[],"jetpack_featured_media_url":"https:\/\/i0.wp.com\/imaginedemain.fr\/wp-content\/uploads\/2014\/11\/img_0564.jpg?fit=3264%2C2448&ssl=1","jetpack_shortlink":"https:\/\/wp.me\/p8tuMH-m","jetpack-related-posts":[{"id":575,"url":"https:\/\/imaginedemain.fr\/index.php\/2015\/01\/15\/detroit-de-magellan-le-mythe\/","url_meta":{"origin":22,"position":0},"title":"D\u00e9troit de Magellan, le mythe","author":"Philippe","date":"15 janvier 2015","format":false,"excerpt":"Apr\u00e8s le Perito Moreno en Argentine, poursuivant toujours plus sud nous revenons au Chili. Cinq guichets \u00e0 franchir et trois bonnes heures au poste fronti\u00e8re. Au cinqui\u00e8me et dernier guichet, un douanier chilien saisit les deux oranges et les deux avocats que nous transportons. Il les p\u00e8se sur un p\u00e8se-h\u00e9ro\u00efne,\u2026","rel":"","context":"Dans &quot;Chili &amp; Argentine&quot;","block_context":{"text":"Chili &amp; Argentine","link":"https:\/\/imaginedemain.fr\/index.php\/category\/chile-y-argentina\/"},"img":{"alt_text":"IMG_1025","src":"https:\/\/phicatgarnier.files.wordpress.com\/2015\/01\/img_1025.jpg?w=350&h=200&crop=1","width":350,"height":200,"srcset":"https:\/\/phicatgarnier.files.wordpress.com\/2015\/01\/img_1025.jpg?w=350&h=200&crop=1 1x, https:\/\/phicatgarnier.files.wordpress.com\/2015\/01\/img_1025.jpg?w=525&h=300&crop=1 1.5x, https:\/\/phicatgarnier.files.wordpress.com\/2015\/01\/img_1025.jpg?w=700&h=400&crop=1 2x"},"classes":[]},{"id":666,"url":"https:\/\/imaginedemain.fr\/index.php\/2015\/01\/24\/la-longue-route\/","url_meta":{"origin":22,"position":1},"title":"La longue route","author":"Philippe","date":"24 janvier 2015","format":false,"excerpt":"Depuis le d\u00e9troit de Magellan notre mission est claire: rejoindre le nord du Chili, en passant par l\u2019Argentine. Soit 4000 \u00e0 5000 kilom\u00e8tres de route, pour aller du 53\u00e8me parall\u00e8le au 23\u00e8me parall\u00e8le sud. Carte en main la route part de Punta Arenas au Chili, puis Rio Gallegos en Argentine,\u2026","rel":"","context":"Dans &quot;Chili &amp; Argentine&quot;","block_context":{"text":"Chili &amp; Argentine","link":"https:\/\/imaginedemain.fr\/index.php\/category\/chile-y-argentina\/"},"img":{"alt_text":"","src":"https:\/\/i0.wp.com\/imaginedemain.fr\/wp-content\/uploads\/2015\/01\/img_1150.jpg?fit=1200%2C900&ssl=1&resize=350%2C200","width":350,"height":200,"srcset":"https:\/\/i0.wp.com\/imaginedemain.fr\/wp-content\/uploads\/2015\/01\/img_1150.jpg?fit=1200%2C900&ssl=1&resize=350%2C200 1x, https:\/\/i0.wp.com\/imaginedemain.fr\/wp-content\/uploads\/2015\/01\/img_1150.jpg?fit=1200%2C900&ssl=1&resize=525%2C300 1.5x, https:\/\/i0.wp.com\/imaginedemain.fr\/wp-content\/uploads\/2015\/01\/img_1150.jpg?fit=1200%2C900&ssl=1&resize=700%2C400 2x, https:\/\/i0.wp.com\/imaginedemain.fr\/wp-content\/uploads\/2015\/01\/img_1150.jpg?fit=1200%2C900&ssl=1&resize=1050%2C600 3x"},"classes":[]},{"id":6090,"url":"https:\/\/imaginedemain.fr\/index.php\/2020\/11\/22\/dans-latlantique-sud-bientot-sainte-helene\/","url_meta":{"origin":22,"position":2},"title":"Dans l&rsquo;Atlantique Sud, bient\u00f4t Sainte-H\u00e9l\u00e8ne","author":"Philippe","date":"22 novembre 2020","format":false,"excerpt":"Deux semaines apr\u00e8s le d\u00e9part des Sables d'Olonne, un trio de skippers s'est d\u00e9tach\u00e9, Thomas Ruyant, Charles Dalin et Alex Thomson. Il ont franchi le Tropique du Capricorne et se trouvent en approche de l'anticyclone de Sainte-H\u00e9l\u00e8ne. Cliquer l'image pour ouvrir la carte en grand Cependant Alex Thomson, apr\u00e8s avoir\u2026","rel":"","context":"Dans &quot;Vend\u00e9e Globe&quot;","block_context":{"text":"Vend\u00e9e Globe","link":"https:\/\/imaginedemain.fr\/index.php\/category\/vendee-globe\/"},"img":{"alt_text":"","src":"https:\/\/i0.wp.com\/imaginedemain.fr\/wp-content\/uploads\/2020\/11\/Atlantique-Sud-2.jpg?fit=995%2C623&ssl=1&resize=350%2C200","width":350,"height":200,"srcset":"https:\/\/i0.wp.com\/imaginedemain.fr\/wp-content\/uploads\/2020\/11\/Atlantique-Sud-2.jpg?fit=995%2C623&ssl=1&resize=350%2C200 1x, https:\/\/i0.wp.com\/imaginedemain.fr\/wp-content\/uploads\/2020\/11\/Atlantique-Sud-2.jpg?fit=995%2C623&ssl=1&resize=525%2C300 1.5x, https:\/\/i0.wp.com\/imaginedemain.fr\/wp-content\/uploads\/2020\/11\/Atlantique-Sud-2.jpg?fit=995%2C623&ssl=1&resize=700%2C400 2x"},"classes":[]},{"id":6230,"url":"https:\/\/imaginedemain.fr\/index.php\/2021\/01\/05\/ou-sont-les-concurrents-du-vendee-globe\/","url_meta":{"origin":22,"position":3},"title":"Cap Horn franchi pour onze concurrents","author":"Philippe","date":"5 janvier 2021","format":false,"excerpt":"Onze bateaux, sur vingt-sept en course, ont maintenant franchi la latitude du Cap Horn. Yannick Bestaven a \u00e9t\u00e9 le premier \u00e0 revenir ainsi dans l'Atlantique Sud d\u00e8s le 2 janvier. Suivi de Charlie Dalin. Quel soulagement pour ceux-l\u00e0 apr\u00e8s une fin de Pacifique tr\u00e8s muscl\u00e9e! Damien Seguin est pass\u00e9 au\u2026","rel":"","context":"Dans &quot;Vend\u00e9e Globe&quot;","block_context":{"text":"Vend\u00e9e Globe","link":"https:\/\/imaginedemain.fr\/index.php\/category\/vendee-globe\/"},"img":{"alt_text":"","src":"https:\/\/i0.wp.com\/imaginedemain.fr\/wp-content\/uploads\/2021\/01\/miniature0501-1.jpg?fit=1200%2C828&ssl=1&resize=350%2C200","width":350,"height":200,"srcset":"https:\/\/i0.wp.com\/imaginedemain.fr\/wp-content\/uploads\/2021\/01\/miniature0501-1.jpg?fit=1200%2C828&ssl=1&resize=350%2C200 1x, https:\/\/i0.wp.com\/imaginedemain.fr\/wp-content\/uploads\/2021\/01\/miniature0501-1.jpg?fit=1200%2C828&ssl=1&resize=525%2C300 1.5x, https:\/\/i0.wp.com\/imaginedemain.fr\/wp-content\/uploads\/2021\/01\/miniature0501-1.jpg?fit=1200%2C828&ssl=1&resize=700%2C400 2x, https:\/\/i0.wp.com\/imaginedemain.fr\/wp-content\/uploads\/2021\/01\/miniature0501-1.jpg?fit=1200%2C828&ssl=1&resize=1050%2C600 3x"},"classes":[]},{"id":6249,"url":"https:\/\/imaginedemain.fr\/index.php\/2021\/01\/13\/ou-sont-les-concurrents-du-vendee-globe-3\/","url_meta":{"origin":22,"position":4},"title":"Au large du Br\u00e9sil, neuf skippers dans un mouchoir de poche","author":"Philippe Garnier","date":"13 janvier 2021","format":false,"excerpt":"Au 65\u00e8me jour de course et \u00e0 4500 milles de l'arriv\u00e9e, neuf bateaux se trouvent dans un mouchoir de poche au large de Rio de Janeiro. Alors qu'ils ont effectu\u00e9 plus de 80% du parcours de ce tour du monde \u00e0 la voile, tout reste \u00e0 faire! Pourtant Yannick Bestaven\u2026","rel":"","context":"Dans &quot;Vend\u00e9e Globe&quot;","block_context":{"text":"Vend\u00e9e Globe","link":"https:\/\/imaginedemain.fr\/index.php\/category\/vendee-globe\/"},"img":{"alt_text":"","src":"https:\/\/i0.wp.com\/imaginedemain.fr\/wp-content\/uploads\/2020\/11\/Pip-Hare.jpg?fit=1178%2C605&ssl=1&resize=350%2C200","width":350,"height":200,"srcset":"https:\/\/i0.wp.com\/imaginedemain.fr\/wp-content\/uploads\/2020\/11\/Pip-Hare.jpg?fit=1178%2C605&ssl=1&resize=350%2C200 1x, https:\/\/i0.wp.com\/imaginedemain.fr\/wp-content\/uploads\/2020\/11\/Pip-Hare.jpg?fit=1178%2C605&ssl=1&resize=525%2C300 1.5x, https:\/\/i0.wp.com\/imaginedemain.fr\/wp-content\/uploads\/2020\/11\/Pip-Hare.jpg?fit=1178%2C605&ssl=1&resize=700%2C400 2x, https:\/\/i0.wp.com\/imaginedemain.fr\/wp-content\/uploads\/2020\/11\/Pip-Hare.jpg?fit=1178%2C605&ssl=1&resize=1050%2C600 3x"},"classes":[]},{"id":1101,"url":"https:\/\/imaginedemain.fr\/index.php\/2014\/12\/21\/carretera-austral\/","url_meta":{"origin":22,"position":5},"title":"Carretera austral","author":"Philippe","date":"21 d\u00e9cembre 2014","format":false,"excerpt":"Nous quittons Chilo\u00e9 apr\u00e8s une derni\u00e8re \u00e9glise et une rencontre avec les p\u00e9cheurs huilliches de la c\u00f4te, qui pratiquent une p\u00eache \u00e0 pied pour le moins sportive. A Quellon nous embarquons avec \u00ab\u00a0Naviera Austral\u00a0\u00bb pour Puerto Cisnes o\u00f9 nous aborderons la Patagonie chilienne. Cette partie du Chili, bien que continentale,\u2026","rel":"","context":"Dans &quot;Chili &amp; Argentine&quot;","block_context":{"text":"Chili &amp; Argentine","link":"https:\/\/imaginedemain.fr\/index.php\/category\/chile-y-argentina\/"},"img":{"alt_text":"","src":"https:\/\/i0.wp.com\/imaginedemain.fr\/wp-content\/uploads\/2014\/12\/dsc00105.jpg?fit=1200%2C673&ssl=1&resize=350%2C200","width":350,"height":200,"srcset":"https:\/\/i0.wp.com\/imaginedemain.fr\/wp-content\/uploads\/2014\/12\/dsc00105.jpg?fit=1200%2C673&ssl=1&resize=350%2C200 1x, https:\/\/i0.wp.com\/imaginedemain.fr\/wp-content\/uploads\/2014\/12\/dsc00105.jpg?fit=1200%2C673&ssl=1&resize=525%2C300 1.5x, https:\/\/i0.wp.com\/imaginedemain.fr\/wp-content\/uploads\/2014\/12\/dsc00105.jpg?fit=1200%2C673&ssl=1&resize=700%2C400 2x, https:\/\/i0.wp.com\/imaginedemain.fr\/wp-content\/uploads\/2014\/12\/dsc00105.jpg?fit=1200%2C673&ssl=1&resize=1050%2C600 3x"},"classes":[]}],"jetpack_sharing_enabled":true,"_links":{"self":[{"href":"https:\/\/imaginedemain.fr\/index.php\/wp-json\/wp\/v2\/posts\/22","targetHints":{"allow":["GET"]}}],"collection":[{"href":"https:\/\/imaginedemain.fr\/index.php\/wp-json\/wp\/v2\/posts"}],"about":[{"href":"https:\/\/imaginedemain.fr\/index.php\/wp-json\/wp\/v2\/types\/post"}],"author":[{"embeddable":true,"href":"https:\/\/imaginedemain.fr\/index.php\/wp-json\/wp\/v2\/users\/1"}],"replies":[{"embeddable":true,"href":"https:\/\/imaginedemain.fr\/index.php\/wp-json\/wp\/v2\/comments?post=22"}],"version-history":[{"count":1,"href":"https:\/\/imaginedemain.fr\/index.php\/wp-json\/wp\/v2\/posts\/22\/revisions"}],"predecessor-version":[{"id":2146,"href":"https:\/\/imaginedemain.fr\/index.php\/wp-json\/wp\/v2\/posts\/22\/revisions\/2146"}],"wp:featuredmedia":[{"embeddable":true,"href":"https:\/\/imaginedemain.fr\/index.php\/wp-json\/wp\/v2\/media\/1019"}],"wp:attachment":[{"href":"https:\/\/imaginedemain.fr\/index.php\/wp-json\/wp\/v2\/media?parent=22"}],"wp:term":[{"taxonomy":"category","embeddable":true,"href":"https:\/\/imaginedemain.fr\/index.php\/wp-json\/wp\/v2\/categories?post=22"},{"taxonomy":"post_tag","embeddable":true,"href":"https:\/\/imaginedemain.fr\/index.php\/wp-json\/wp\/v2\/tags?post=22"}],"curies":[{"name":"wp","href":"https:\/\/api.w.org\/{rel}","templated":true}]}}