{"id":2490,"date":"2017-04-07T09:31:03","date_gmt":"2017-04-07T07:31:03","guid":{"rendered":"http:\/\/imaginedemain.fr\/?p=2490"},"modified":"2017-04-22T12:07:26","modified_gmt":"2017-04-22T10:07:26","slug":"moins-chic-pas-cher-super-la-cantina-de-fragiel","status":"publish","type":"post","link":"https:\/\/imaginedemain.fr\/index.php\/2017\/04\/07\/moins-chic-pas-cher-super-la-cantina-de-fragiel\/","title":{"rendered":"A El Cotillo, la Cantina de Fragiel"},"content":{"rendered":"<p>Fuerteventura, entre Corralejo et El Cotillo, regorge de restaurants, bars, mais les adresses originales y sont rares. Cependant, \u00e0 l&rsquo;entr\u00e9e d&rsquo;El Cotillo, La Cantina de Fragiel, un bar \u00e0 tapas, vous offrira un tr\u00e8s bon moment. Du dehors rien ne signale l&rsquo;originalit\u00e9 du lieu. Il faut franchir le seuil pour en d\u00e9couvrir le d\u00e9cor kitchissime. Le bar y est surplomb\u00e9 d&rsquo;une paillote au style tropical survolt\u00e9. Port\u00e9e par des simili troncs de simili cocotiers, sa couverture de simili paille s&rsquo;orne d&rsquo;une collection d&rsquo;objets eux authentiquement h\u00e9t\u00e9roclites, bou\u00e9es crev\u00e9es, manches de pioche, casiers d\u00e9class\u00e9s, tridents, bois flott\u00e9s, squelettes de poissons, etc. Une procession de pichets \u00e0 vin s&rsquo;accroche \u00e0 sa bordure, en une guirlande d&rsquo;une aimable rusticit\u00e9. Leur ombre se dessine sur le fond du bar tapiss\u00e9 de billets jaunis libell\u00e9s en pesetas.<\/p>\n<div id=\"attachment_1331\" style=\"width: 4010px\" class=\"wp-caption alignnone\"><img data-recalc-dims=\"1\" loading=\"lazy\" decoding=\"async\" aria-describedby=\"caption-attachment-1331\" data-attachment-id=\"1331\" data-permalink=\"https:\/\/imaginedemain.fr\/index.php\/2017\/03\/17\/fuerteventura-la-venteuse-laventureuse\/fuerteventura-comp-40\/\" data-orig-file=\"https:\/\/i0.wp.com\/imaginedemain.fr\/wp-content\/uploads\/2017\/03\/fuerteventura-comp-40.jpg?fit=4000%2C3000&amp;ssl=1\" data-orig-size=\"4000,3000\" data-comments-opened=\"1\" data-image-meta=\"{&quot;aperture&quot;:&quot;5.4&quot;,&quot;credit&quot;:&quot;Picasa&quot;,&quot;camera&quot;:&quot;COOLPIX S570&quot;,&quot;caption&quot;:&quot;&quot;,&quot;created_timestamp&quot;:&quot;&quot;,&quot;copyright&quot;:&quot;&quot;,&quot;focal_length&quot;:&quot;5&quot;,&quot;iso&quot;:&quot;80&quot;,&quot;shutter_speed&quot;:&quot;0.0015625&quot;,&quot;title&quot;:&quot;&quot;,&quot;orientation&quot;:&quot;0&quot;}\" data-image-title=\"Fuerteventura comp 40\" data-image-description=\"\" data-image-caption=\"\" data-large-file=\"https:\/\/i0.wp.com\/imaginedemain.fr\/wp-content\/uploads\/2017\/03\/fuerteventura-comp-40.jpg?fit=600%2C450&amp;ssl=1\" class=\"wp-image-1331 size-full\" src=\"https:\/\/i0.wp.com\/imaginedemain.fr\/wp-content\/uploads\/2017\/03\/fuerteventura-comp-40.jpg?resize=600%2C450\" alt=\"A El Cotillo, la Cantina de Fragiel\" width=\"600\" height=\"450\" srcset=\"https:\/\/i0.wp.com\/imaginedemain.fr\/wp-content\/uploads\/2017\/03\/fuerteventura-comp-40.jpg?w=4000&amp;ssl=1 4000w, https:\/\/i0.wp.com\/imaginedemain.fr\/wp-content\/uploads\/2017\/03\/fuerteventura-comp-40.jpg?resize=300%2C225&amp;ssl=1 300w, https:\/\/i0.wp.com\/imaginedemain.fr\/wp-content\/uploads\/2017\/03\/fuerteventura-comp-40.jpg?resize=768%2C576&amp;ssl=1 768w, https:\/\/i0.wp.com\/imaginedemain.fr\/wp-content\/uploads\/2017\/03\/fuerteventura-comp-40.jpg?resize=1024%2C768&amp;ssl=1 1024w, https:\/\/i0.wp.com\/imaginedemain.fr\/wp-content\/uploads\/2017\/03\/fuerteventura-comp-40.jpg?resize=620%2C465&amp;ssl=1 620w, https:\/\/i0.wp.com\/imaginedemain.fr\/wp-content\/uploads\/2017\/03\/fuerteventura-comp-40.jpg?w=1200&amp;ssl=1 1200w, https:\/\/i0.wp.com\/imaginedemain.fr\/wp-content\/uploads\/2017\/03\/fuerteventura-comp-40.jpg?w=1800&amp;ssl=1 1800w\" sizes=\"auto, (max-width: 600px) 100vw, 600px\" \/><p id=\"caption-attachment-1331\" class=\"wp-caption-text\">L&rsquo;entr\u00e9e de la Cantina n&rsquo;offre rien de remarquable, mais \u00e0 l&rsquo;int\u00e9rieur quelle d\u00e9co!<\/p><\/div>\n<p>Plus loin un filet de p\u00eache, suspendu au plafond, recueille les pi\u00e8ces de monnaie jet\u00e9es pas les clients, soit pour r\u00e9gler leurs consommations, ou jet\u00e9es \u00e0 la mani\u00e8re d&rsquo;un porte-bonheur. Une tirelire vedette de sauvetage offre une alternative aux lanceurs de pi\u00e9cettes. Une lourde voie de chemin de fer disloqu\u00e9e, rails et traverses, est suspendue au dessus des tables, \u00e0 laquelle s&rsquo;accrochent des breloques improbables.<\/p>\n<h4>Un phare \u00e9quivoque \u00e0 El Cotillo<\/h4>\n<p>De grands tableaux post-na\u00effs de tendance canarienne, une \u00e9cole encore peu connue, sans doute peints avec les restes de la peinture destin\u00e9e aux barques locales, se proposent de mettre en valeur les paysages environnants. L&rsquo;une de ces toiles attire particuli\u00e8rement l&rsquo;\u0153il, qui repr\u00e9sente le phare de Tost\u014dn, tout proche d&rsquo;El Cotillo.<\/p>\n<div id=\"attachment_2495\" style=\"width: 3010px\" class=\"wp-caption alignnone\"><img data-recalc-dims=\"1\" loading=\"lazy\" decoding=\"async\" aria-describedby=\"caption-attachment-2495\" data-attachment-id=\"2495\" data-permalink=\"https:\/\/imaginedemain.fr\/index.php\/2017\/04\/07\/moins-chic-pas-cher-super-la-cantina-de-fragiel\/phare-de-toston\/\" data-orig-file=\"https:\/\/i0.wp.com\/imaginedemain.fr\/wp-content\/uploads\/2017\/04\/Phare-de-Toston.jpg?fit=3000%2C1788&amp;ssl=1\" data-orig-size=\"3000,1788\" data-comments-opened=\"1\" data-image-meta=\"{&quot;aperture&quot;:&quot;5.4&quot;,&quot;credit&quot;:&quot;Picasa&quot;,&quot;camera&quot;:&quot;COOLPIX S570&quot;,&quot;caption&quot;:&quot;&quot;,&quot;created_timestamp&quot;:&quot;&quot;,&quot;copyright&quot;:&quot;&quot;,&quot;focal_length&quot;:&quot;5&quot;,&quot;iso&quot;:&quot;80&quot;,&quot;shutter_speed&quot;:&quot;0.002&quot;,&quot;title&quot;:&quot;&quot;,&quot;orientation&quot;:&quot;0&quot;}\" data-image-title=\"Phare de Toston\" data-image-description=\"\" data-image-caption=\"\" data-large-file=\"https:\/\/i0.wp.com\/imaginedemain.fr\/wp-content\/uploads\/2017\/04\/Phare-de-Toston.jpg?fit=600%2C357&amp;ssl=1\" class=\"wp-image-2495 size-full\" src=\"https:\/\/i0.wp.com\/imaginedemain.fr\/wp-content\/uploads\/2017\/04\/Phare-de-Toston.jpg?resize=600%2C358\" alt=\"Le phare de Toston \u00e0 El Cotillo\" width=\"600\" height=\"358\" srcset=\"https:\/\/i0.wp.com\/imaginedemain.fr\/wp-content\/uploads\/2017\/04\/Phare-de-Toston.jpg?w=3000&amp;ssl=1 3000w, https:\/\/i0.wp.com\/imaginedemain.fr\/wp-content\/uploads\/2017\/04\/Phare-de-Toston.jpg?resize=300%2C179&amp;ssl=1 300w, https:\/\/i0.wp.com\/imaginedemain.fr\/wp-content\/uploads\/2017\/04\/Phare-de-Toston.jpg?resize=768%2C458&amp;ssl=1 768w, https:\/\/i0.wp.com\/imaginedemain.fr\/wp-content\/uploads\/2017\/04\/Phare-de-Toston.jpg?resize=1024%2C610&amp;ssl=1 1024w, https:\/\/i0.wp.com\/imaginedemain.fr\/wp-content\/uploads\/2017\/04\/Phare-de-Toston.jpg?resize=600%2C358&amp;ssl=1 600w, https:\/\/i0.wp.com\/imaginedemain.fr\/wp-content\/uploads\/2017\/04\/Phare-de-Toston.jpg?w=1200&amp;ssl=1 1200w, https:\/\/i0.wp.com\/imaginedemain.fr\/wp-content\/uploads\/2017\/04\/Phare-de-Toston.jpg?w=1800&amp;ssl=1 1800w\" sizes=\"auto, (max-width: 600px) 100vw, 600px\" \/><p id=\"caption-attachment-2495\" class=\"wp-caption-text\">Le vrai phare de Toston, qui servit de mod\u00e8le \u00e0 cette peinture \u00e9quivoque<\/p><\/div>\n<p>Sans doute l&rsquo;artiste l&rsquo;a-t-il peint sur le motif, du pont d&rsquo;un bateau expos\u00e9 au roulis, car plut\u00f4t que strictement vertical, le phare est comme courb\u00e9, dilat\u00e9 par endroits. L&rsquo;artiste(?) l&rsquo;a \u00e9galement couvert d&rsquo;une capsule dilat\u00e9e, ceintur\u00e9e \u00e0 sa base d&rsquo;un anneau lui-m\u00eame \u00e9trangement gonfl\u00e9. L&rsquo;artiste(?) a eu davantage de respect pour les couleurs vraies du phare, des bandes horizontales rouges et blanches, de haut en bas. Les yeux h\u00e9sitent devant ce sujet, tandis qu&rsquo;un dialogue perplexe s&rsquo;\u00e9tablit entre eux et le cerveau, jusqu&rsquo;\u00e0 ce que ce dernier accepte l&rsquo;\u00e9vidence. C&rsquo;est un phallus en bonne forme, quoique affubl\u00e9 d&rsquo;un pr\u00e9servatif de style marini\u00e8re, que l&rsquo;artiste a magnifiquement sugg\u00e9r\u00e9 ici. Ce n&rsquo;est plus un phare,\u00a0 mais un signal fort envoy\u00e9 par les gens de la terre aux corsaires et pirates mal intentionn\u00e9s qui pullulaient dans ces eaux,\u00a0 \u00ab\u00a0<em>Ici on vous &#8230;<\/em> \u00ab\u00a0.<\/p>\n<p>Expos\u00e9 au Grand Palais, voil\u00e0 une toile qui changerait le public de ces expositions par trop conventionnelles qu&rsquo;on nous propose, ces artistes rab\u00e2ch\u00e9s \u00e0 force d\u2019\u00eatre consacr\u00e9s. Enfin les bourgeoises pourraient s&rsquo;\u00e9touffer, de rire ou de confusion!<\/p>\n<h6>Un bocadillo en version giant<\/h6>\n<p>Mais revenons \u00e0 l&rsquo;essentiel pour lequel on entre ici, on a faim, la bouffe!<\/p>\n<div id=\"attachment_1615\" style=\"width: 4010px\" class=\"wp-caption alignnone\"><img data-recalc-dims=\"1\" loading=\"lazy\" decoding=\"async\" aria-describedby=\"caption-attachment-1615\" data-attachment-id=\"1615\" data-permalink=\"https:\/\/imaginedemain.fr\/index.php\/2017\/03\/17\/fuerteventura-la-venteuse-laventureuse\/fuerteventura-comp-41\/\" data-orig-file=\"https:\/\/i0.wp.com\/imaginedemain.fr\/wp-content\/uploads\/2017\/03\/fuerteventura-comp-41.jpg?fit=4000%2C3000&amp;ssl=1\" data-orig-size=\"4000,3000\" data-comments-opened=\"1\" data-image-meta=\"{&quot;aperture&quot;:&quot;5.4&quot;,&quot;credit&quot;:&quot;Picasa&quot;,&quot;camera&quot;:&quot;COOLPIX S570&quot;,&quot;caption&quot;:&quot;&quot;,&quot;created_timestamp&quot;:&quot;&quot;,&quot;copyright&quot;:&quot;&quot;,&quot;focal_length&quot;:&quot;5&quot;,&quot;iso&quot;:&quot;80&quot;,&quot;shutter_speed&quot;:&quot;0.0008&quot;,&quot;title&quot;:&quot;&quot;,&quot;orientation&quot;:&quot;0&quot;}\" data-image-title=\"Fuerteventura comp 41\" data-image-description=\"\" data-image-caption=\"\" data-large-file=\"https:\/\/i0.wp.com\/imaginedemain.fr\/wp-content\/uploads\/2017\/03\/fuerteventura-comp-41.jpg?fit=600%2C450&amp;ssl=1\" class=\"wp-image-1615 size-full\" src=\"https:\/\/i0.wp.com\/imaginedemain.fr\/wp-content\/uploads\/2017\/03\/fuerteventura-comp-41.jpg?resize=600%2C450\" alt=\"La carte de la cantina de Fragiel\" width=\"600\" height=\"450\" srcset=\"https:\/\/i0.wp.com\/imaginedemain.fr\/wp-content\/uploads\/2017\/03\/fuerteventura-comp-41.jpg?w=4000&amp;ssl=1 4000w, https:\/\/i0.wp.com\/imaginedemain.fr\/wp-content\/uploads\/2017\/03\/fuerteventura-comp-41.jpg?resize=300%2C225&amp;ssl=1 300w, https:\/\/i0.wp.com\/imaginedemain.fr\/wp-content\/uploads\/2017\/03\/fuerteventura-comp-41.jpg?resize=768%2C576&amp;ssl=1 768w, https:\/\/i0.wp.com\/imaginedemain.fr\/wp-content\/uploads\/2017\/03\/fuerteventura-comp-41.jpg?resize=1024%2C768&amp;ssl=1 1024w, https:\/\/i0.wp.com\/imaginedemain.fr\/wp-content\/uploads\/2017\/03\/fuerteventura-comp-41.jpg?resize=620%2C465&amp;ssl=1 620w, https:\/\/i0.wp.com\/imaginedemain.fr\/wp-content\/uploads\/2017\/03\/fuerteventura-comp-41.jpg?w=1200&amp;ssl=1 1200w, https:\/\/i0.wp.com\/imaginedemain.fr\/wp-content\/uploads\/2017\/03\/fuerteventura-comp-41.jpg?w=1800&amp;ssl=1 1800w\" sizes=\"auto, (max-width: 600px) 100vw, 600px\" \/><p id=\"caption-attachment-1615\" class=\"wp-caption-text\">La carte de la cantina, tr\u00e8s internationale. le bocadillo vaut le d\u00e9tour.<\/p><\/div>\n<p>La serveuse tr\u00e8s gironde qui accueille, son corsage plein d&rsquo;esp\u00e9rances, n&rsquo;est pas des plus rapides, mais l&rsquo;attente en vaut la peine. Les fantas lemons arrivent avec d&rsquo;\u00e9normes gla\u00e7ons, garnis d&rsquo;une tranche d&rsquo;agrume et d&rsquo;une paille de fort diam\u00e8tre. Mais le meilleur ce sont les bocadillos. Le bocadillo au thon jauge sept ou huit centim\u00e8tres d&rsquo;\u00e9paisseur. Normal, deux tranches de pain toast\u00e9s, entre lesquelles viennent se loger des tranches de thon v\u00e9ritable, une omelette, des oignons doux, du fromage, un zeste de salade, pour le reste il faudrait ouvrir plut\u00f4t que d&rsquo;engouffrer ce monstre. Pour trois euros, un bocadillo digne de la grande tradition des bars espagnols! Un truc qui ferait courir tous les employ\u00e9s de La D\u00e9fense \u00e0 l&rsquo;heure du d\u00e9jeuner, l&rsquo;antith\u00e8se de \u00ab\u00a0Pomme de pain, on reste sur sa faim\u00a0\u00bb.<\/p>\n<p>Pas de doute le proprio a touch\u00e9 le gros lot, cette serveuse sait faire la cuisine, copieuse, et pour le reste on n&rsquo;a pas trop de doutes. Dans ce d\u00e9cor de f\u00eate \u00e0 Neuneu, tout y est bon.<\/p>\n<p>&nbsp;<\/p>\n","protected":false},"excerpt":{"rendered":"<p>Fuerteventura, entre Corralejo et El Cotillo, regorge de restaurants, bars, mais les adresses originales y sont rares. Cependant, \u00e0 l&rsquo;entr\u00e9e d&rsquo;El Cotillo, La Cantina de Fragiel, un bar \u00e0 tapas, vous offrira un tr\u00e8s bon moment. Du dehors rien ne signale l&rsquo;originalit\u00e9 du lieu. Il faut franchir le seuil pour en d\u00e9couvrir le d\u00e9cor kitchissime. [&hellip;]<\/p>\n","protected":false},"author":1,"featured_media":1331,"comment_status":"open","ping_status":"open","sticky":false,"template":"","format":"standard","meta":{"ngg_post_thumbnail":0,"jetpack_post_was_ever_published":false,"_jetpack_newsletter_access":"","_jetpack_dont_email_post_to_subs":true,"_jetpack_newsletter_tier_id":0,"_jetpack_memberships_contains_paywalled_content":false,"_jetpack_memberships_contains_paid_content":false,"footnotes":"","jetpack_publicize_message":"","jetpack_publicize_feature_enabled":true,"jetpack_social_post_already_shared":true,"jetpack_social_options":{"image_generator_settings":{"template":"highway","default_image_id":0,"font":"","enabled":false},"version":2}},"categories":[25],"tags":[36,37],"class_list":["post-2490","post","type-post","status-publish","format-standard","has-post-thumbnail","hentry","category-canaries","tag-cotillon-toston-cantina-fragiel","tag-fuerteventura"],"yoast_head":"<!-- This site is optimized with the Yoast SEO plugin v27.5 - https:\/\/yoast.com\/product\/yoast-seo-wordpress\/ -->\n<title>A El Cotillo, la Cantina de Fragiel - Imagine demain<\/title>\n<meta name=\"description\" content=\"Un bar \u00e0 tapas tr\u00e8s sympa \u00e0 El Cotillo, village c\u00f4tier \u00e0 Fuerteventura, la Cantina de Fragiel. On appr\u00e9cie la d\u00e9co kitch, la serveuse pulpeuse, le bocadillo\" \/>\n<meta name=\"robots\" content=\"index, follow, max-snippet:-1, max-image-preview:large, max-video-preview:-1\" \/>\n<link rel=\"canonical\" href=\"https:\/\/imaginedemain.fr\/index.php\/2017\/04\/07\/moins-chic-pas-cher-super-la-cantina-de-fragiel\/\" \/>\n<meta property=\"og:locale\" content=\"fr_FR\" \/>\n<meta property=\"og:type\" content=\"article\" \/>\n<meta property=\"og:title\" content=\"A El Cotillo, la Cantina de Fragiel - Imagine demain\" \/>\n<meta property=\"og:description\" content=\"Un bar \u00e0 tapas tr\u00e8s sympa \u00e0 El Cotillo, village c\u00f4tier \u00e0 Fuerteventura, la Cantina de Fragiel. On appr\u00e9cie la d\u00e9co kitch, la serveuse pulpeuse, le bocadillo\" \/>\n<meta property=\"og:url\" content=\"https:\/\/imaginedemain.fr\/index.php\/2017\/04\/07\/moins-chic-pas-cher-super-la-cantina-de-fragiel\/\" \/>\n<meta property=\"og:site_name\" content=\"Imagine demain\" \/>\n<meta property=\"article:published_time\" content=\"2017-04-07T07:31:03+00:00\" \/>\n<meta property=\"article:modified_time\" content=\"2017-04-22T10:07:26+00:00\" \/>\n<meta property=\"og:image\" content=\"https:\/\/i0.wp.com\/imaginedemain.fr\/wp-content\/uploads\/2017\/03\/fuerteventura-comp-40.jpg?fit=4000%2C3000&ssl=1\" \/>\n\t<meta property=\"og:image:width\" content=\"4000\" \/>\n\t<meta property=\"og:image:height\" content=\"3000\" \/>\n\t<meta property=\"og:image:type\" content=\"image\/jpeg\" \/>\n<meta name=\"author\" content=\"Philippe\" \/>\n<meta name=\"twitter:card\" content=\"summary_large_image\" \/>\n<meta name=\"twitter:label1\" content=\"\u00c9crit par\" \/>\n\t<meta name=\"twitter:data1\" content=\"Philippe\" \/>\n\t<meta name=\"twitter:label2\" content=\"Dur\u00e9e de lecture estim\u00e9e\" \/>\n\t<meta name=\"twitter:data2\" content=\"4 minutes\" \/>\n<script type=\"application\/ld+json\" class=\"yoast-schema-graph\">{\"@context\":\"https:\\\/\\\/schema.org\",\"@graph\":[{\"@type\":\"Article\",\"@id\":\"https:\\\/\\\/imaginedemain.fr\\\/index.php\\\/2017\\\/04\\\/07\\\/moins-chic-pas-cher-super-la-cantina-de-fragiel\\\/#article\",\"isPartOf\":{\"@id\":\"https:\\\/\\\/imaginedemain.fr\\\/index.php\\\/2017\\\/04\\\/07\\\/moins-chic-pas-cher-super-la-cantina-de-fragiel\\\/\"},\"author\":{\"name\":\"Philippe\",\"@id\":\"https:\\\/\\\/imaginedemain.fr\\\/#\\\/schema\\\/person\\\/e38f616126180f1f6000edc7daca21ab\"},\"headline\":\"A El Cotillo, la Cantina de Fragiel\",\"datePublished\":\"2017-04-07T07:31:03+00:00\",\"dateModified\":\"2017-04-22T10:07:26+00:00\",\"mainEntityOfPage\":{\"@id\":\"https:\\\/\\\/imaginedemain.fr\\\/index.php\\\/2017\\\/04\\\/07\\\/moins-chic-pas-cher-super-la-cantina-de-fragiel\\\/\"},\"wordCount\":776,\"commentCount\":0,\"image\":{\"@id\":\"https:\\\/\\\/imaginedemain.fr\\\/index.php\\\/2017\\\/04\\\/07\\\/moins-chic-pas-cher-super-la-cantina-de-fragiel\\\/#primaryimage\"},\"thumbnailUrl\":\"https:\\\/\\\/i0.wp.com\\\/imaginedemain.fr\\\/wp-content\\\/uploads\\\/2017\\\/03\\\/fuerteventura-comp-40.jpg?fit=4000%2C3000&ssl=1\",\"keywords\":[\"Cotillon Toston Cantina Fragiel\",\"Fuerteventura\"],\"articleSection\":[\"Canaries\"],\"inLanguage\":\"fr-FR\",\"potentialAction\":[{\"@type\":\"CommentAction\",\"name\":\"Comment\",\"target\":[\"https:\\\/\\\/imaginedemain.fr\\\/index.php\\\/2017\\\/04\\\/07\\\/moins-chic-pas-cher-super-la-cantina-de-fragiel\\\/#respond\"]}]},{\"@type\":\"WebPage\",\"@id\":\"https:\\\/\\\/imaginedemain.fr\\\/index.php\\\/2017\\\/04\\\/07\\\/moins-chic-pas-cher-super-la-cantina-de-fragiel\\\/\",\"url\":\"https:\\\/\\\/imaginedemain.fr\\\/index.php\\\/2017\\\/04\\\/07\\\/moins-chic-pas-cher-super-la-cantina-de-fragiel\\\/\",\"name\":\"A El Cotillo, la Cantina de Fragiel - Imagine demain\",\"isPartOf\":{\"@id\":\"https:\\\/\\\/imaginedemain.fr\\\/#website\"},\"primaryImageOfPage\":{\"@id\":\"https:\\\/\\\/imaginedemain.fr\\\/index.php\\\/2017\\\/04\\\/07\\\/moins-chic-pas-cher-super-la-cantina-de-fragiel\\\/#primaryimage\"},\"image\":{\"@id\":\"https:\\\/\\\/imaginedemain.fr\\\/index.php\\\/2017\\\/04\\\/07\\\/moins-chic-pas-cher-super-la-cantina-de-fragiel\\\/#primaryimage\"},\"thumbnailUrl\":\"https:\\\/\\\/i0.wp.com\\\/imaginedemain.fr\\\/wp-content\\\/uploads\\\/2017\\\/03\\\/fuerteventura-comp-40.jpg?fit=4000%2C3000&ssl=1\",\"datePublished\":\"2017-04-07T07:31:03+00:00\",\"dateModified\":\"2017-04-22T10:07:26+00:00\",\"author\":{\"@id\":\"https:\\\/\\\/imaginedemain.fr\\\/#\\\/schema\\\/person\\\/e38f616126180f1f6000edc7daca21ab\"},\"description\":\"Un bar \u00e0 tapas tr\u00e8s sympa \u00e0 El Cotillo, village c\u00f4tier \u00e0 Fuerteventura, la Cantina de Fragiel. On appr\u00e9cie la d\u00e9co kitch, la serveuse pulpeuse, le bocadillo\",\"breadcrumb\":{\"@id\":\"https:\\\/\\\/imaginedemain.fr\\\/index.php\\\/2017\\\/04\\\/07\\\/moins-chic-pas-cher-super-la-cantina-de-fragiel\\\/#breadcrumb\"},\"inLanguage\":\"fr-FR\",\"potentialAction\":[{\"@type\":\"ReadAction\",\"target\":[\"https:\\\/\\\/imaginedemain.fr\\\/index.php\\\/2017\\\/04\\\/07\\\/moins-chic-pas-cher-super-la-cantina-de-fragiel\\\/\"]}]},{\"@type\":\"ImageObject\",\"inLanguage\":\"fr-FR\",\"@id\":\"https:\\\/\\\/imaginedemain.fr\\\/index.php\\\/2017\\\/04\\\/07\\\/moins-chic-pas-cher-super-la-cantina-de-fragiel\\\/#primaryimage\",\"url\":\"https:\\\/\\\/i0.wp.com\\\/imaginedemain.fr\\\/wp-content\\\/uploads\\\/2017\\\/03\\\/fuerteventura-comp-40.jpg?fit=4000%2C3000&ssl=1\",\"contentUrl\":\"https:\\\/\\\/i0.wp.com\\\/imaginedemain.fr\\\/wp-content\\\/uploads\\\/2017\\\/03\\\/fuerteventura-comp-40.jpg?fit=4000%2C3000&ssl=1\",\"width\":4000,\"height\":3000},{\"@type\":\"BreadcrumbList\",\"@id\":\"https:\\\/\\\/imaginedemain.fr\\\/index.php\\\/2017\\\/04\\\/07\\\/moins-chic-pas-cher-super-la-cantina-de-fragiel\\\/#breadcrumb\",\"itemListElement\":[{\"@type\":\"ListItem\",\"position\":1,\"name\":\"Accueil\",\"item\":\"https:\\\/\\\/imaginedemain.fr\\\/\"},{\"@type\":\"ListItem\",\"position\":2,\"name\":\"A El Cotillo, la Cantina de Fragiel\"}]},{\"@type\":\"WebSite\",\"@id\":\"https:\\\/\\\/imaginedemain.fr\\\/#website\",\"url\":\"https:\\\/\\\/imaginedemain.fr\\\/\",\"name\":\"Imagine demain\",\"description\":\"\",\"potentialAction\":[{\"@type\":\"SearchAction\",\"target\":{\"@type\":\"EntryPoint\",\"urlTemplate\":\"https:\\\/\\\/imaginedemain.fr\\\/?s={search_term_string}\"},\"query-input\":{\"@type\":\"PropertyValueSpecification\",\"valueRequired\":true,\"valueName\":\"search_term_string\"}}],\"inLanguage\":\"fr-FR\"},{\"@type\":\"Person\",\"@id\":\"https:\\\/\\\/imaginedemain.fr\\\/#\\\/schema\\\/person\\\/e38f616126180f1f6000edc7daca21ab\",\"name\":\"Philippe\",\"image\":{\"@type\":\"ImageObject\",\"inLanguage\":\"fr-FR\",\"@id\":\"https:\\\/\\\/secure.gravatar.com\\\/avatar\\\/69f59b5b22630ea786677085abd0e3dc50190e58bc7ca3c50bd640bfaf2456a4?s=96&d=blank&r=g\",\"url\":\"https:\\\/\\\/secure.gravatar.com\\\/avatar\\\/69f59b5b22630ea786677085abd0e3dc50190e58bc7ca3c50bd640bfaf2456a4?s=96&d=blank&r=g\",\"contentUrl\":\"https:\\\/\\\/secure.gravatar.com\\\/avatar\\\/69f59b5b22630ea786677085abd0e3dc50190e58bc7ca3c50bd640bfaf2456a4?s=96&d=blank&r=g\",\"caption\":\"Philippe\"},\"sameAs\":[\"http:\\\/\\\/imaginedemain.fr\\\/\"],\"url\":\"https:\\\/\\\/imaginedemain.fr\\\/index.php\\\/author\\\/admin4809\\\/\"}]}<\/script>\n<!-- \/ Yoast SEO plugin. -->","yoast_head_json":{"title":"A El Cotillo, la Cantina de Fragiel - Imagine demain","description":"Un bar \u00e0 tapas tr\u00e8s sympa \u00e0 El Cotillo, village c\u00f4tier \u00e0 Fuerteventura, la Cantina de Fragiel. On appr\u00e9cie la d\u00e9co kitch, la serveuse pulpeuse, le bocadillo","robots":{"index":"index","follow":"follow","max-snippet":"max-snippet:-1","max-image-preview":"max-image-preview:large","max-video-preview":"max-video-preview:-1"},"canonical":"https:\/\/imaginedemain.fr\/index.php\/2017\/04\/07\/moins-chic-pas-cher-super-la-cantina-de-fragiel\/","og_locale":"fr_FR","og_type":"article","og_title":"A El Cotillo, la Cantina de Fragiel - Imagine demain","og_description":"Un bar \u00e0 tapas tr\u00e8s sympa \u00e0 El Cotillo, village c\u00f4tier \u00e0 Fuerteventura, la Cantina de Fragiel. On appr\u00e9cie la d\u00e9co kitch, la serveuse pulpeuse, le bocadillo","og_url":"https:\/\/imaginedemain.fr\/index.php\/2017\/04\/07\/moins-chic-pas-cher-super-la-cantina-de-fragiel\/","og_site_name":"Imagine demain","article_published_time":"2017-04-07T07:31:03+00:00","article_modified_time":"2017-04-22T10:07:26+00:00","og_image":[{"width":4000,"height":3000,"url":"https:\/\/i0.wp.com\/imaginedemain.fr\/wp-content\/uploads\/2017\/03\/fuerteventura-comp-40.jpg?fit=4000%2C3000&ssl=1","type":"image\/jpeg"}],"author":"Philippe","twitter_card":"summary_large_image","twitter_misc":{"\u00c9crit par":"Philippe","Dur\u00e9e de lecture estim\u00e9e":"4 minutes"},"schema":{"@context":"https:\/\/schema.org","@graph":[{"@type":"Article","@id":"https:\/\/imaginedemain.fr\/index.php\/2017\/04\/07\/moins-chic-pas-cher-super-la-cantina-de-fragiel\/#article","isPartOf":{"@id":"https:\/\/imaginedemain.fr\/index.php\/2017\/04\/07\/moins-chic-pas-cher-super-la-cantina-de-fragiel\/"},"author":{"name":"Philippe","@id":"https:\/\/imaginedemain.fr\/#\/schema\/person\/e38f616126180f1f6000edc7daca21ab"},"headline":"A El Cotillo, la Cantina de Fragiel","datePublished":"2017-04-07T07:31:03+00:00","dateModified":"2017-04-22T10:07:26+00:00","mainEntityOfPage":{"@id":"https:\/\/imaginedemain.fr\/index.php\/2017\/04\/07\/moins-chic-pas-cher-super-la-cantina-de-fragiel\/"},"wordCount":776,"commentCount":0,"image":{"@id":"https:\/\/imaginedemain.fr\/index.php\/2017\/04\/07\/moins-chic-pas-cher-super-la-cantina-de-fragiel\/#primaryimage"},"thumbnailUrl":"https:\/\/i0.wp.com\/imaginedemain.fr\/wp-content\/uploads\/2017\/03\/fuerteventura-comp-40.jpg?fit=4000%2C3000&ssl=1","keywords":["Cotillon Toston Cantina Fragiel","Fuerteventura"],"articleSection":["Canaries"],"inLanguage":"fr-FR","potentialAction":[{"@type":"CommentAction","name":"Comment","target":["https:\/\/imaginedemain.fr\/index.php\/2017\/04\/07\/moins-chic-pas-cher-super-la-cantina-de-fragiel\/#respond"]}]},{"@type":"WebPage","@id":"https:\/\/imaginedemain.fr\/index.php\/2017\/04\/07\/moins-chic-pas-cher-super-la-cantina-de-fragiel\/","url":"https:\/\/imaginedemain.fr\/index.php\/2017\/04\/07\/moins-chic-pas-cher-super-la-cantina-de-fragiel\/","name":"A El Cotillo, la Cantina de Fragiel - Imagine demain","isPartOf":{"@id":"https:\/\/imaginedemain.fr\/#website"},"primaryImageOfPage":{"@id":"https:\/\/imaginedemain.fr\/index.php\/2017\/04\/07\/moins-chic-pas-cher-super-la-cantina-de-fragiel\/#primaryimage"},"image":{"@id":"https:\/\/imaginedemain.fr\/index.php\/2017\/04\/07\/moins-chic-pas-cher-super-la-cantina-de-fragiel\/#primaryimage"},"thumbnailUrl":"https:\/\/i0.wp.com\/imaginedemain.fr\/wp-content\/uploads\/2017\/03\/fuerteventura-comp-40.jpg?fit=4000%2C3000&ssl=1","datePublished":"2017-04-07T07:31:03+00:00","dateModified":"2017-04-22T10:07:26+00:00","author":{"@id":"https:\/\/imaginedemain.fr\/#\/schema\/person\/e38f616126180f1f6000edc7daca21ab"},"description":"Un bar \u00e0 tapas tr\u00e8s sympa \u00e0 El Cotillo, village c\u00f4tier \u00e0 Fuerteventura, la Cantina de Fragiel. On appr\u00e9cie la d\u00e9co kitch, la serveuse pulpeuse, le bocadillo","breadcrumb":{"@id":"https:\/\/imaginedemain.fr\/index.php\/2017\/04\/07\/moins-chic-pas-cher-super-la-cantina-de-fragiel\/#breadcrumb"},"inLanguage":"fr-FR","potentialAction":[{"@type":"ReadAction","target":["https:\/\/imaginedemain.fr\/index.php\/2017\/04\/07\/moins-chic-pas-cher-super-la-cantina-de-fragiel\/"]}]},{"@type":"ImageObject","inLanguage":"fr-FR","@id":"https:\/\/imaginedemain.fr\/index.php\/2017\/04\/07\/moins-chic-pas-cher-super-la-cantina-de-fragiel\/#primaryimage","url":"https:\/\/i0.wp.com\/imaginedemain.fr\/wp-content\/uploads\/2017\/03\/fuerteventura-comp-40.jpg?fit=4000%2C3000&ssl=1","contentUrl":"https:\/\/i0.wp.com\/imaginedemain.fr\/wp-content\/uploads\/2017\/03\/fuerteventura-comp-40.jpg?fit=4000%2C3000&ssl=1","width":4000,"height":3000},{"@type":"BreadcrumbList","@id":"https:\/\/imaginedemain.fr\/index.php\/2017\/04\/07\/moins-chic-pas-cher-super-la-cantina-de-fragiel\/#breadcrumb","itemListElement":[{"@type":"ListItem","position":1,"name":"Accueil","item":"https:\/\/imaginedemain.fr\/"},{"@type":"ListItem","position":2,"name":"A El Cotillo, la Cantina de Fragiel"}]},{"@type":"WebSite","@id":"https:\/\/imaginedemain.fr\/#website","url":"https:\/\/imaginedemain.fr\/","name":"Imagine demain","description":"","potentialAction":[{"@type":"SearchAction","target":{"@type":"EntryPoint","urlTemplate":"https:\/\/imaginedemain.fr\/?s={search_term_string}"},"query-input":{"@type":"PropertyValueSpecification","valueRequired":true,"valueName":"search_term_string"}}],"inLanguage":"fr-FR"},{"@type":"Person","@id":"https:\/\/imaginedemain.fr\/#\/schema\/person\/e38f616126180f1f6000edc7daca21ab","name":"Philippe","image":{"@type":"ImageObject","inLanguage":"fr-FR","@id":"https:\/\/secure.gravatar.com\/avatar\/69f59b5b22630ea786677085abd0e3dc50190e58bc7ca3c50bd640bfaf2456a4?s=96&d=blank&r=g","url":"https:\/\/secure.gravatar.com\/avatar\/69f59b5b22630ea786677085abd0e3dc50190e58bc7ca3c50bd640bfaf2456a4?s=96&d=blank&r=g","contentUrl":"https:\/\/secure.gravatar.com\/avatar\/69f59b5b22630ea786677085abd0e3dc50190e58bc7ca3c50bd640bfaf2456a4?s=96&d=blank&r=g","caption":"Philippe"},"sameAs":["http:\/\/imaginedemain.fr\/"],"url":"https:\/\/imaginedemain.fr\/index.php\/author\/admin4809\/"}]}},"jetpack_publicize_connections":[],"jetpack_featured_media_url":"https:\/\/i0.wp.com\/imaginedemain.fr\/wp-content\/uploads\/2017\/03\/fuerteventura-comp-40.jpg?fit=4000%2C3000&ssl=1","jetpack_shortlink":"https:\/\/wp.me\/p8tuMH-Ea","jetpack-related-posts":[{"id":1233,"url":"https:\/\/imaginedemain.fr\/index.php\/2017\/03\/17\/fuerteventura-la-venteuse-laventureuse\/","url_meta":{"origin":2490,"position":0},"title":"Fuerteventura, la venteuse, l\u2019aventureuse","author":"Philippe","date":"17 mars 2017","format":false,"excerpt":"S\u00e9par\u00e9e de Lanzarote par un d\u00e9troit d\u2019une douzaine de kilom\u00e8tres seulement, \u00e9loign\u00e9e de l\u2019Afrique d\u2019une centaine, Fuerteventura,\u00a0 l\u2019ile du \u00ab\u00a0vent fort\u00a0\u00bb n\u2019usurpe pas son nom. Les nombreux moulins \u00e0 vent d\u2019un joli style campagnard, ancr\u00e9s dans un paysage fi\u00e8rement aride, nous en fournissent un indice d\u00e8s le premier jour. La\u2026","rel":"","context":"Dans &quot;Canaries&quot;","block_context":{"text":"Canaries","link":"https:\/\/imaginedemain.fr\/index.php\/category\/canaries\/"},"img":{"alt_text":"","src":"https:\/\/i0.wp.com\/imaginedemain.fr\/wp-content\/uploads\/2017\/03\/fuerteventura-comp-13.jpg?fit=1200%2C900&ssl=1&resize=350%2C200","width":350,"height":200,"srcset":"https:\/\/i0.wp.com\/imaginedemain.fr\/wp-content\/uploads\/2017\/03\/fuerteventura-comp-13.jpg?fit=1200%2C900&ssl=1&resize=350%2C200 1x, https:\/\/i0.wp.com\/imaginedemain.fr\/wp-content\/uploads\/2017\/03\/fuerteventura-comp-13.jpg?fit=1200%2C900&ssl=1&resize=525%2C300 1.5x, https:\/\/i0.wp.com\/imaginedemain.fr\/wp-content\/uploads\/2017\/03\/fuerteventura-comp-13.jpg?fit=1200%2C900&ssl=1&resize=700%2C400 2x, https:\/\/i0.wp.com\/imaginedemain.fr\/wp-content\/uploads\/2017\/03\/fuerteventura-comp-13.jpg?fit=1200%2C900&ssl=1&resize=1050%2C600 3x"},"classes":[]},{"id":4826,"url":"https:\/\/imaginedemain.fr\/index.php\/2019\/02\/24\/dans-la-campagne-cubaine-aux-sources-du-cigare\/","url_meta":{"origin":2490,"position":1},"title":"Dans la campagne cubaine, aux sources du cigare","author":"Philippe","date":"24 f\u00e9vrier 2019","format":false,"excerpt":"A Vinales, dans l\u2019ouest de Cuba, la campagne se feuillette comme un livre d\u2019enfants, livre d\u2019images illustrant les cultures \u00e0 l\u2019ancienne, boeufs, chevaux, charrues et charrois, labours et semis, champs de tabac ou de manioc, fiers guajiros, les paysans d\u2019ici, durs au travail de la terre, qui pompent sur leur\u2026","rel":"","context":"Dans &quot;Grenadines, Cuba&quot;","block_context":{"text":"Grenadines, Cuba","link":"https:\/\/imaginedemain.fr\/index.php\/category\/grenadines\/"},"img":{"alt_text":"","src":"https:\/\/i0.wp.com\/imaginedemain.fr\/wp-content\/uploads\/2019\/02\/0D9534B8-4132-4177-8C4E-D5B927D7B58E.jpeg?fit=1200%2C675&ssl=1&resize=350%2C200","width":350,"height":200,"srcset":"https:\/\/i0.wp.com\/imaginedemain.fr\/wp-content\/uploads\/2019\/02\/0D9534B8-4132-4177-8C4E-D5B927D7B58E.jpeg?fit=1200%2C675&ssl=1&resize=350%2C200 1x, https:\/\/i0.wp.com\/imaginedemain.fr\/wp-content\/uploads\/2019\/02\/0D9534B8-4132-4177-8C4E-D5B927D7B58E.jpeg?fit=1200%2C675&ssl=1&resize=525%2C300 1.5x, https:\/\/i0.wp.com\/imaginedemain.fr\/wp-content\/uploads\/2019\/02\/0D9534B8-4132-4177-8C4E-D5B927D7B58E.jpeg?fit=1200%2C675&ssl=1&resize=700%2C400 2x, https:\/\/i0.wp.com\/imaginedemain.fr\/wp-content\/uploads\/2019\/02\/0D9534B8-4132-4177-8C4E-D5B927D7B58E.jpeg?fit=1200%2C675&ssl=1&resize=1050%2C600 3x"},"classes":[]},{"id":6963,"url":"https:\/\/imaginedemain.fr\/index.php\/2024\/07\/19\/balade-irlandaise\/","url_meta":{"origin":2490,"position":2},"title":"Balade irlandaise","author":"Philippe","date":"19 juillet 2024","format":false,"excerpt":"Randonnant sur le GR 34 l\u2019an dernier, sur la c\u00f4te nord du Finist\u00e8re, nous d\u00e9couvrions qu\u2019un ferry assure depuis Roscoff la liaison directe vers Cork en Irlande. Cette d\u00e9couverte germant dans nos esprits, nous d\u00e9cid\u00e2mes de r\u00e9server un aller&retour cet \u00e9t\u00e9 pour l\u2019Irlande. L\u2019objectif est de faire un tour d\u2019Irlande\u2026","rel":"","context":"Dans &quot;Irlande&quot;","block_context":{"text":"Irlande","link":"https:\/\/imaginedemain.fr\/index.php\/category\/irlande\/"},"img":{"alt_text":"","src":"https:\/\/i0.wp.com\/imaginedemain.fr\/wp-content\/uploads\/2024\/07\/20240714_095914-scaled.jpg?fit=1200%2C675&ssl=1&resize=350%2C200","width":350,"height":200,"srcset":"https:\/\/i0.wp.com\/imaginedemain.fr\/wp-content\/uploads\/2024\/07\/20240714_095914-scaled.jpg?fit=1200%2C675&ssl=1&resize=350%2C200 1x, https:\/\/i0.wp.com\/imaginedemain.fr\/wp-content\/uploads\/2024\/07\/20240714_095914-scaled.jpg?fit=1200%2C675&ssl=1&resize=525%2C300 1.5x, https:\/\/i0.wp.com\/imaginedemain.fr\/wp-content\/uploads\/2024\/07\/20240714_095914-scaled.jpg?fit=1200%2C675&ssl=1&resize=700%2C400 2x, https:\/\/i0.wp.com\/imaginedemain.fr\/wp-content\/uploads\/2024\/07\/20240714_095914-scaled.jpg?fit=1200%2C675&ssl=1&resize=1050%2C600 3x"},"classes":[]},{"id":75,"url":"https:\/\/imaginedemain.fr\/index.php\/2016\/01\/14\/le-retour-de-la-force-de-coriolis\/","url_meta":{"origin":2490,"position":3},"title":"Le retour de la Force de Coriolis","author":"Philippe","date":"14 janvier 2016","format":false,"excerpt":"Qui ne conna\u00eet la th\u00e9orie selon laquelle l\u2019eau s\u2019\u00e9coulerait au fond d\u2019un lavabo en tournant dans le sens contraire des aiguilles d\u2019une montre dans l\u2019h\u00e9misph\u00e8re nord, et dans l\u2019autre sens dans l\u2019h\u00e9misph\u00e8re sud\u00a0? Effet attribu\u00e9 \u00e0 la tr\u00e8s \u00e9nigmatique \u00ab\u00a0force de Coriolis\u00a0\u00bb. Personnellement je n\u2019ai jamais observ\u00e9 cet effet de\u2026","rel":"","context":"Dans &quot;Voyage immobile&quot;","block_context":{"text":"Voyage immobile","link":"https:\/\/imaginedemain.fr\/index.php\/category\/savoir\/"},"img":{"alt_text":"","src":"https:\/\/i0.wp.com\/imaginedemain.fr\/wp-content\/uploads\/2016\/01\/prc3a9sentation1.gif?fit=960%2C720&ssl=1&resize=350%2C200","width":350,"height":200,"srcset":"https:\/\/i0.wp.com\/imaginedemain.fr\/wp-content\/uploads\/2016\/01\/prc3a9sentation1.gif?fit=960%2C720&ssl=1&resize=350%2C200 1x, https:\/\/i0.wp.com\/imaginedemain.fr\/wp-content\/uploads\/2016\/01\/prc3a9sentation1.gif?fit=960%2C720&ssl=1&resize=525%2C300 1.5x, https:\/\/i0.wp.com\/imaginedemain.fr\/wp-content\/uploads\/2016\/01\/prc3a9sentation1.gif?fit=960%2C720&ssl=1&resize=700%2C400 2x"},"classes":[]},{"id":1954,"url":"https:\/\/imaginedemain.fr\/index.php\/2016\/11\/10\/ile-de-bora-bora-air-a-28-eau-a-28-tu-aimeras-ou-pas\/","url_meta":{"origin":2490,"position":4},"title":"Ile de Bora Bora, air \u00e0 28\u00b0, eau \u00e0 28\u00b0, tu aimeras, ou pas,","author":"Philippe","date":"10 novembre 2016","format":false,"excerpt":"Bora Bora, un nom qui r\u00e9sonne myst\u00e9rieusement, et, seulement pour les initi\u00e9s, l'arch\u00e9type de l'ile paradisiaque. Confetti bien fran\u00e7ais pourtant, gendarmerie et poste incluses, \u00e0 130 milles dans le nord-ouest de Papeete. Nous y sommes all\u00e9s sur notre bel esquif muni de voiles, et nous l'avons beaucoup aim\u00e9e. Nous avons\u2026","rel":"","context":"Dans &quot;Bora Bora&quot;","block_context":{"text":"Bora Bora","link":"https:\/\/imaginedemain.fr\/index.php\/category\/polynesie\/bora-bora\/"},"img":{"alt_text":"","src":"https:\/\/i0.wp.com\/imaginedemain.fr\/wp-content\/uploads\/2016\/11\/image54.jpeg?fit=1200%2C900&ssl=1&resize=350%2C200","width":350,"height":200,"srcset":"https:\/\/i0.wp.com\/imaginedemain.fr\/wp-content\/uploads\/2016\/11\/image54.jpeg?fit=1200%2C900&ssl=1&resize=350%2C200 1x, https:\/\/i0.wp.com\/imaginedemain.fr\/wp-content\/uploads\/2016\/11\/image54.jpeg?fit=1200%2C900&ssl=1&resize=525%2C300 1.5x, https:\/\/i0.wp.com\/imaginedemain.fr\/wp-content\/uploads\/2016\/11\/image54.jpeg?fit=1200%2C900&ssl=1&resize=700%2C400 2x, https:\/\/i0.wp.com\/imaginedemain.fr\/wp-content\/uploads\/2016\/11\/image54.jpeg?fit=1200%2C900&ssl=1&resize=1050%2C600 3x"},"classes":[]},{"id":3815,"url":"https:\/\/imaginedemain.fr\/index.php\/2018\/03\/04\/popayan-cali-medellin-carthagene-indes-santa-marta\/","url_meta":{"origin":2490,"position":5},"title":"Popayan, Cali, Medellin, Carthag\u00e8ne des Indes, Santa Marta","author":"Philippe","date":"4 mars 2018","format":false,"excerpt":"Le voyageur d\u00e9tecte ce que l'habitant ne voit plus, trop pr\u00e8s de son objet. A ce jeu nous constatons d'\u00e9normes diff\u00e9rences entre des villes qui, parties du m\u00eame point de l'histoire, leur fondation au XVIeme si\u00e8cle par un conquistador espagnol, au nom devenu l\u00e9gendaire, ont, par la suite, connu des\u2026","rel":"","context":"Dans &quot;Colombie&quot;","block_context":{"text":"Colombie","link":"https:\/\/imaginedemain.fr\/index.php\/category\/colombie\/"},"img":{"alt_text":"","src":"https:\/\/i0.wp.com\/imaginedemain.fr\/wp-content\/uploads\/2018\/02\/IMG_6725.jpg?fit=1200%2C675&ssl=1&resize=350%2C200","width":350,"height":200,"srcset":"https:\/\/i0.wp.com\/imaginedemain.fr\/wp-content\/uploads\/2018\/02\/IMG_6725.jpg?fit=1200%2C675&ssl=1&resize=350%2C200 1x, https:\/\/i0.wp.com\/imaginedemain.fr\/wp-content\/uploads\/2018\/02\/IMG_6725.jpg?fit=1200%2C675&ssl=1&resize=525%2C300 1.5x, https:\/\/i0.wp.com\/imaginedemain.fr\/wp-content\/uploads\/2018\/02\/IMG_6725.jpg?fit=1200%2C675&ssl=1&resize=700%2C400 2x, https:\/\/i0.wp.com\/imaginedemain.fr\/wp-content\/uploads\/2018\/02\/IMG_6725.jpg?fit=1200%2C675&ssl=1&resize=1050%2C600 3x"},"classes":[]}],"jetpack_sharing_enabled":true,"_links":{"self":[{"href":"https:\/\/imaginedemain.fr\/index.php\/wp-json\/wp\/v2\/posts\/2490","targetHints":{"allow":["GET"]}}],"collection":[{"href":"https:\/\/imaginedemain.fr\/index.php\/wp-json\/wp\/v2\/posts"}],"about":[{"href":"https:\/\/imaginedemain.fr\/index.php\/wp-json\/wp\/v2\/types\/post"}],"author":[{"embeddable":true,"href":"https:\/\/imaginedemain.fr\/index.php\/wp-json\/wp\/v2\/users\/1"}],"replies":[{"embeddable":true,"href":"https:\/\/imaginedemain.fr\/index.php\/wp-json\/wp\/v2\/comments?post=2490"}],"version-history":[{"count":7,"href":"https:\/\/imaginedemain.fr\/index.php\/wp-json\/wp\/v2\/posts\/2490\/revisions"}],"predecessor-version":[{"id":2496,"href":"https:\/\/imaginedemain.fr\/index.php\/wp-json\/wp\/v2\/posts\/2490\/revisions\/2496"}],"wp:featuredmedia":[{"embeddable":true,"href":"https:\/\/imaginedemain.fr\/index.php\/wp-json\/wp\/v2\/media\/1331"}],"wp:attachment":[{"href":"https:\/\/imaginedemain.fr\/index.php\/wp-json\/wp\/v2\/media?parent=2490"}],"wp:term":[{"taxonomy":"category","embeddable":true,"href":"https:\/\/imaginedemain.fr\/index.php\/wp-json\/wp\/v2\/categories?post=2490"},{"taxonomy":"post_tag","embeddable":true,"href":"https:\/\/imaginedemain.fr\/index.php\/wp-json\/wp\/v2\/tags?post=2490"}],"curies":[{"name":"wp","href":"https:\/\/api.w.org\/{rel}","templated":true}]}}