{"id":2717,"date":"2017-10-14T15:00:28","date_gmt":"2017-10-14T13:00:28","guid":{"rendered":"http:\/\/imaginedemain.fr\/?p=2717"},"modified":"2017-10-29T15:18:29","modified_gmt":"2017-10-29T14:18:29","slug":"de-banyuls-a-llivia-etape-5-hello-julie","status":"publish","type":"post","link":"https:\/\/imaginedemain.fr\/index.php\/2017\/10\/14\/de-banyuls-a-llivia-etape-5-hello-julie\/","title":{"rendered":"De Banyuls \u00e0 Llivia, \u00e9tape 5, Hello Julie!"},"content":{"rendered":"<p>Apr\u00e8s deux heures de mont\u00e9e sur une piste monotone, alors que nous risquons d\u00e9j\u00e0 de manquer d\u2019eau, nous rejoignons une ferme perch\u00e9e. Ici devrait s&rsquo;appliquer une des lois de la randonn\u00e9e, encore v\u00e9rifi\u00e9e deux jours auparavant : ferme = eau = arr\u00eat = plein des gourdes.<\/p>\n<p><img data-recalc-dims=\"1\" loading=\"lazy\" decoding=\"async\" data-attachment-id=\"2722\" data-permalink=\"https:\/\/imaginedemain.fr\/index.php\/2017\/10\/14\/de-banyuls-a-llivia-etape-5-hello-julie\/dsc05222\/\" data-orig-file=\"https:\/\/i0.wp.com\/imaginedemain.fr\/wp-content\/uploads\/2017\/10\/DSC05222.jpg?fit=4608%2C2592&amp;ssl=1\" data-orig-size=\"4608,2592\" data-comments-opened=\"1\" data-image-meta=\"{&quot;aperture&quot;:&quot;4.2&quot;,&quot;credit&quot;:&quot;Picasa&quot;,&quot;camera&quot;:&quot;DSC-TF1&quot;,&quot;caption&quot;:&quot;&quot;,&quot;created_timestamp&quot;:&quot;1499416494&quot;,&quot;copyright&quot;:&quot;&quot;,&quot;focal_length&quot;:&quot;4.43&quot;,&quot;iso&quot;:&quot;100&quot;,&quot;shutter_speed&quot;:&quot;0.005&quot;,&quot;title&quot;:&quot;&quot;,&quot;orientation&quot;:&quot;0&quot;}\" data-image-title=\"\" data-image-description=\"\" data-image-caption=\"\" data-large-file=\"https:\/\/i0.wp.com\/imaginedemain.fr\/wp-content\/uploads\/2017\/10\/DSC05222.jpg?fit=600%2C338&amp;ssl=1\" class=\"alignnone size-large wp-image-2722 aligncenter\" src=\"https:\/\/i0.wp.com\/imaginedemain.fr\/wp-content\/uploads\/2017\/10\/DSC05222-1024x576.jpg?resize=600%2C338\" alt=\"\" height=\"338\" width=\"600\" srcset=\"https:\/\/i0.wp.com\/imaginedemain.fr\/wp-content\/uploads\/2017\/10\/DSC05222.jpg?resize=1024%2C576&amp;ssl=1 1024w, https:\/\/i0.wp.com\/imaginedemain.fr\/wp-content\/uploads\/2017\/10\/DSC05222.jpg?resize=300%2C169&amp;ssl=1 300w, https:\/\/i0.wp.com\/imaginedemain.fr\/wp-content\/uploads\/2017\/10\/DSC05222.jpg?resize=768%2C432&amp;ssl=1 768w, https:\/\/i0.wp.com\/imaginedemain.fr\/wp-content\/uploads\/2017\/10\/DSC05222.jpg?resize=600%2C338&amp;ssl=1 600w, https:\/\/i0.wp.com\/imaginedemain.fr\/wp-content\/uploads\/2017\/10\/DSC05222.jpg?w=1200&amp;ssl=1 1200w, https:\/\/i0.wp.com\/imaginedemain.fr\/wp-content\/uploads\/2017\/10\/DSC05222.jpg?w=1800&amp;ssl=1 1800w\" sizes=\"auto, (max-width: 600px) 100vw, 600px\" \/><\/p>\n<p><img data-recalc-dims=\"1\" loading=\"lazy\" decoding=\"async\" data-attachment-id=\"2724\" data-permalink=\"https:\/\/imaginedemain.fr\/index.php\/2017\/10\/14\/de-banyuls-a-llivia-etape-5-hello-julie\/dsc05224\/\" data-orig-file=\"https:\/\/i0.wp.com\/imaginedemain.fr\/wp-content\/uploads\/2017\/10\/DSC05224.jpg?fit=4608%2C2592&amp;ssl=1\" data-orig-size=\"4608,2592\" data-comments-opened=\"1\" data-image-meta=\"{&quot;aperture&quot;:&quot;4.2&quot;,&quot;credit&quot;:&quot;Picasa&quot;,&quot;camera&quot;:&quot;DSC-TF1&quot;,&quot;caption&quot;:&quot;&quot;,&quot;created_timestamp&quot;:&quot;1499418304&quot;,&quot;copyright&quot;:&quot;&quot;,&quot;focal_length&quot;:&quot;4.43&quot;,&quot;iso&quot;:&quot;100&quot;,&quot;shutter_speed&quot;:&quot;0.0015625&quot;,&quot;title&quot;:&quot;&quot;,&quot;orientation&quot;:&quot;0&quot;}\" data-image-title=\"\" data-image-description=\"\" data-image-caption=\"\" data-large-file=\"https:\/\/i0.wp.com\/imaginedemain.fr\/wp-content\/uploads\/2017\/10\/DSC05224.jpg?fit=600%2C338&amp;ssl=1\" class=\"alignnone size-large wp-image-2724 aligncenter\" src=\"https:\/\/i0.wp.com\/imaginedemain.fr\/wp-content\/uploads\/2017\/10\/DSC05224-1024x576.jpg?resize=600%2C338\" alt=\"\" height=\"338\" width=\"600\" srcset=\"https:\/\/i0.wp.com\/imaginedemain.fr\/wp-content\/uploads\/2017\/10\/DSC05224.jpg?resize=1024%2C576&amp;ssl=1 1024w, https:\/\/i0.wp.com\/imaginedemain.fr\/wp-content\/uploads\/2017\/10\/DSC05224.jpg?resize=300%2C169&amp;ssl=1 300w, https:\/\/i0.wp.com\/imaginedemain.fr\/wp-content\/uploads\/2017\/10\/DSC05224.jpg?resize=768%2C432&amp;ssl=1 768w, https:\/\/i0.wp.com\/imaginedemain.fr\/wp-content\/uploads\/2017\/10\/DSC05224.jpg?resize=600%2C338&amp;ssl=1 600w, https:\/\/i0.wp.com\/imaginedemain.fr\/wp-content\/uploads\/2017\/10\/DSC05224.jpg?w=1200&amp;ssl=1 1200w, https:\/\/i0.wp.com\/imaginedemain.fr\/wp-content\/uploads\/2017\/10\/DSC05224.jpg?w=1800&amp;ssl=1 1800w\" sizes=\"auto, (max-width: 600px) 100vw, 600px\" \/><\/p>\n<p>Nous poussons la grille derri\u00e8re laquelle un chien, qui surjoue le m\u00e9chant, tente de nous effrayer. Doux, le chien, gentil, gentil, le gros toutou, \u2026 on se calme, dis-je \u00e0 la b\u00eate. Le chien se calme. Dix m\u00e8tres plus loin, un autre gros chien, carr\u00e9ment f\u00e9roce celui-ci, tout en crocs et&nbsp; en griffes, est asservi \u00e0 une corde de trente m\u00e8tres qu\u2019il longe avec des bonds furieux. Il n\u2019y a pas de place ici pour n\u00e9gocier, mais pour contourner. Ce n\u2019est pas facile car la laisse est l\u00e2che et le chien se lache.<\/p>\n<p><em>Hay algun aqu\u00ed ?<\/em> Plus fort : <em>Hay algun aqu\u00ed ? Agua ??? AAAGGUUUAAA ???<\/em> crie-je de mon espagnol pour situation urgente.<\/p>\n<p>Une femme se d\u00e9gage d\u2019un amoncellement de mat\u00e9riel agricole. Buen dia se\u00f1ora! Tiene un poquito de agua ? Elle para\u00eet comprendre l\u2019objectif aqueux de notre intrusion et nous conduit vers la maison, les chiens s\u2019\u00e9crasent. Son mari est l\u00e0. Echange rural de civilit\u00e9s. <em>Venimos de Banyuls en Francia, vamos hasta la Cerdanya<\/em> \u2026 Ils nous apportent une grande bouteille, un litre et demi, que l\u2019on avale de quelques traits. Une seconde bouteille, dont nous avalons encore la moiti\u00e9. <em>Hace mucho calor por aqu\u00ed,<\/em> tentons-nous. Nous ne comprenons pas tr\u00e8s bien ce qu\u2019ils nous disent, ils sont catalans de Catalogne, qui parlent catalan et non pas castillan. L\u2019homme parle castillan, mais non fluide. La femme nada.<\/p>\n<p>Cette fois ils sortent carr\u00e9ment le pack de six bouteilles, en se demandant o\u00f9 on met tout cela. C\u2019est une bonne question, en ce moment on roule \u00e0 4 \u00e0 5 litres d\u2019eau par jour et par personne, et sans avoir \u00e0 vidanger, \u00e7a s\u2019\u00e9vapore.<\/p>\n<p>Merci Madame, merci Monsieur, c\u2019est vraiment tr\u00e8s gentil, le paysage est magnifique, et on ne refuse pas que vous nous accompagniez vers la sortie, car les chiens, l\u00e0, ils ne parlent pas non plus le castillan, ni le fran\u00e7ais d\u2019ailleurs, et ils ont vraiment l\u2019air de vouloir bouffer du randonneur aujourd\u2019hui, pour changer de l&rsquo;ordinaire certes&#8230;<\/p>\n<p><img data-recalc-dims=\"1\" loading=\"lazy\" decoding=\"async\" data-attachment-id=\"2723\" data-permalink=\"https:\/\/imaginedemain.fr\/index.php\/2017\/10\/14\/de-banyuls-a-llivia-etape-5-hello-julie\/dsc05223\/\" data-orig-file=\"https:\/\/i0.wp.com\/imaginedemain.fr\/wp-content\/uploads\/2017\/10\/DSC05223.jpg?fit=4608%2C2592&amp;ssl=1\" data-orig-size=\"4608,2592\" data-comments-opened=\"1\" data-image-meta=\"{&quot;aperture&quot;:&quot;3.6&quot;,&quot;credit&quot;:&quot;Picasa&quot;,&quot;camera&quot;:&quot;DSC-TF1&quot;,&quot;caption&quot;:&quot;&quot;,&quot;created_timestamp&quot;:&quot;1499416516&quot;,&quot;copyright&quot;:&quot;&quot;,&quot;focal_length&quot;:&quot;4.43&quot;,&quot;iso&quot;:&quot;100&quot;,&quot;shutter_speed&quot;:&quot;0.00625&quot;,&quot;title&quot;:&quot;&quot;,&quot;orientation&quot;:&quot;0&quot;}\" data-image-title=\"\" data-image-description=\"\" data-image-caption=\"\" data-large-file=\"https:\/\/i0.wp.com\/imaginedemain.fr\/wp-content\/uploads\/2017\/10\/DSC05223.jpg?fit=600%2C338&amp;ssl=1\" class=\"size-large wp-image-2723 aligncenter\" src=\"https:\/\/i0.wp.com\/imaginedemain.fr\/wp-content\/uploads\/2017\/10\/DSC05223-1024x576.jpg?resize=600%2C338\" alt=\"\" height=\"338\" width=\"600\" srcset=\"https:\/\/i0.wp.com\/imaginedemain.fr\/wp-content\/uploads\/2017\/10\/DSC05223.jpg?resize=1024%2C576&amp;ssl=1 1024w, https:\/\/i0.wp.com\/imaginedemain.fr\/wp-content\/uploads\/2017\/10\/DSC05223.jpg?resize=300%2C169&amp;ssl=1 300w, https:\/\/i0.wp.com\/imaginedemain.fr\/wp-content\/uploads\/2017\/10\/DSC05223.jpg?resize=768%2C432&amp;ssl=1 768w, https:\/\/i0.wp.com\/imaginedemain.fr\/wp-content\/uploads\/2017\/10\/DSC05223.jpg?resize=600%2C338&amp;ssl=1 600w, https:\/\/i0.wp.com\/imaginedemain.fr\/wp-content\/uploads\/2017\/10\/DSC05223.jpg?w=1200&amp;ssl=1 1200w, https:\/\/i0.wp.com\/imaginedemain.fr\/wp-content\/uploads\/2017\/10\/DSC05223.jpg?w=1800&amp;ssl=1 1800w\" sizes=\"auto, (max-width: 600px) 100vw, 600px\" \/><\/p>\n<p>Quelques lacets de route plus haut nous tombons sur une source splendide, eau fra\u00eeche et volupt\u00e9. Une randonneuse y est arr\u00eat\u00e9e et refait ses lacets de chaussure. Elle vient d\u00e9guster cette eau limpide.<\/p>\n<p><em>Bonjour!!! Buen d\u00eda!!! Hola!!!<\/em><\/p>\n<p>Non cette fois nous switchons vers l\u2019anglais car c\u2019est Julie, elle est allemande. <em>Hello, Hi! Where do you come from ?<\/em><\/p>\n<p>Elle d\u00e9barque directement d\u2019un avion arriv\u00e9 hier soir \u00e0 G\u00e9rone, puis bus ce matin tr\u00e8s t\u00f4t vers Albanya, puis randonn\u00e9e sur le GR11. Pas perdu de temps. On est donc pile synchro! <em>The same, exactly the same as we are doing !<\/em> Etonnant car il n\u2019y a pas foule sur ce chemin, il y a en tout et pour tout nous et elle, elle et nous, us and she, \u00e7a doit se chanter, de pr\u00e9f\u00e9rence quand il pleut d\u00e9j\u00e0.<\/p>\n<p>Julie, nous allons la croiser ou marcher avec elle pendant cinq jours, la perdre puis la retrouver et la perdre encore au hasard d\u2019un al\u00e9a, d\u2019un buisson, d\u2019un dortoir, d&rsquo;une pause, d\u2019un d\u00e9tour. Julie randonne seule, sac de quatorze\/quinze kilogrammes sur le dos, costaud la fille sur ses jambes et dans sa t\u00eate. Bref comme on les aime les randonneuses. Tous les jours on partagera un peu plus sur ce que nous sommes, ce que nous aimons, ce que nous faisons, ce que nous croyons. Nos lignes d&rsquo;univers se chargeront des m\u00eames efforts, des m\u00eames sensations, des m\u00eames \u00e9tonnements. Quand nous quitterons Julie apr\u00e8s cinq jours d\u2019aventures communes, elle aura comme nous les larmes aux yeux.<\/p>\n<p><img data-recalc-dims=\"1\" loading=\"lazy\" decoding=\"async\" data-attachment-id=\"2726\" data-permalink=\"https:\/\/imaginedemain.fr\/index.php\/2017\/10\/14\/de-banyuls-a-llivia-etape-5-hello-julie\/dsc05226\/\" data-orig-file=\"https:\/\/i0.wp.com\/imaginedemain.fr\/wp-content\/uploads\/2017\/10\/DSC05226.jpg?fit=4608%2C2592&amp;ssl=1\" data-orig-size=\"4608,2592\" data-comments-opened=\"1\" data-image-meta=\"{&quot;aperture&quot;:&quot;3.6&quot;,&quot;credit&quot;:&quot;Picasa&quot;,&quot;camera&quot;:&quot;DSC-TF1&quot;,&quot;caption&quot;:&quot;&quot;,&quot;created_timestamp&quot;:&quot;1499420902&quot;,&quot;copyright&quot;:&quot;&quot;,&quot;focal_length&quot;:&quot;4.43&quot;,&quot;iso&quot;:&quot;100&quot;,&quot;shutter_speed&quot;:&quot;0.02&quot;,&quot;title&quot;:&quot;&quot;,&quot;orientation&quot;:&quot;0&quot;}\" data-image-title=\"\" data-image-description=\"\" data-image-caption=\"\" data-large-file=\"https:\/\/i0.wp.com\/imaginedemain.fr\/wp-content\/uploads\/2017\/10\/DSC05226.jpg?fit=600%2C338&amp;ssl=1\" class=\"alignnone size-large wp-image-2726 aligncenter\" src=\"https:\/\/i0.wp.com\/imaginedemain.fr\/wp-content\/uploads\/2017\/10\/DSC05226-1024x576.jpg?resize=600%2C338\" alt=\"\" height=\"338\" width=\"600\" srcset=\"https:\/\/i0.wp.com\/imaginedemain.fr\/wp-content\/uploads\/2017\/10\/DSC05226.jpg?resize=1024%2C576&amp;ssl=1 1024w, https:\/\/i0.wp.com\/imaginedemain.fr\/wp-content\/uploads\/2017\/10\/DSC05226.jpg?resize=300%2C169&amp;ssl=1 300w, https:\/\/i0.wp.com\/imaginedemain.fr\/wp-content\/uploads\/2017\/10\/DSC05226.jpg?resize=768%2C432&amp;ssl=1 768w, https:\/\/i0.wp.com\/imaginedemain.fr\/wp-content\/uploads\/2017\/10\/DSC05226.jpg?resize=600%2C338&amp;ssl=1 600w, https:\/\/i0.wp.com\/imaginedemain.fr\/wp-content\/uploads\/2017\/10\/DSC05226.jpg?w=1200&amp;ssl=1 1200w, https:\/\/i0.wp.com\/imaginedemain.fr\/wp-content\/uploads\/2017\/10\/DSC05226.jpg?w=1800&amp;ssl=1 1800w\" sizes=\"auto, (max-width: 600px) 100vw, 600px\" \/><\/p>\n<p>Nous quittons enfin les ch\u00eanes li\u00e8ge, l&rsquo;altitude s&rsquo;\u00e9l\u00e8ve, nous p\u00e9n\u00e9trons dans une r\u00e9gion au nom myst\u00e9rieux, la Garrotxa. Les arbres sont beaucoup plus hauts, les couverts redeviennent humides. Nous atteignons dans l&rsquo;apr\u00e8s-midi un lieu charmant, Sant Aniol d&rsquo;Aguja, o\u00f9 sommeillent les restes d&rsquo;une tr\u00e8s ancienne abbaye, en format poche, une abbayounette.<\/p>\n<p><img data-recalc-dims=\"1\" loading=\"lazy\" decoding=\"async\" data-attachment-id=\"2739\" data-permalink=\"https:\/\/imaginedemain.fr\/index.php\/2017\/10\/14\/de-banyuls-a-llivia-etape-5-hello-julie\/dsc05240\/\" data-orig-file=\"https:\/\/i0.wp.com\/imaginedemain.fr\/wp-content\/uploads\/2017\/10\/DSC05240.jpg?fit=4608%2C2592&amp;ssl=1\" data-orig-size=\"4608,2592\" data-comments-opened=\"1\" data-image-meta=\"{&quot;aperture&quot;:&quot;4.2&quot;,&quot;credit&quot;:&quot;Picasa&quot;,&quot;camera&quot;:&quot;DSC-TF1&quot;,&quot;caption&quot;:&quot;&quot;,&quot;created_timestamp&quot;:&quot;1499432129&quot;,&quot;copyright&quot;:&quot;&quot;,&quot;focal_length&quot;:&quot;4.43&quot;,&quot;iso&quot;:&quot;100&quot;,&quot;shutter_speed&quot;:&quot;0.002&quot;,&quot;title&quot;:&quot;&quot;,&quot;orientation&quot;:&quot;0&quot;}\" data-image-title=\"\" data-image-description=\"\" data-image-caption=\"\" data-large-file=\"https:\/\/i0.wp.com\/imaginedemain.fr\/wp-content\/uploads\/2017\/10\/DSC05240.jpg?fit=600%2C338&amp;ssl=1\" class=\"alignnone size-large wp-image-2739 aligncenter\" src=\"https:\/\/i0.wp.com\/imaginedemain.fr\/wp-content\/uploads\/2017\/10\/DSC05240-1024x576.jpg?resize=600%2C338\" alt=\"\" height=\"338\" width=\"600\" srcset=\"https:\/\/i0.wp.com\/imaginedemain.fr\/wp-content\/uploads\/2017\/10\/DSC05240.jpg?resize=1024%2C576&amp;ssl=1 1024w, https:\/\/i0.wp.com\/imaginedemain.fr\/wp-content\/uploads\/2017\/10\/DSC05240.jpg?resize=300%2C169&amp;ssl=1 300w, https:\/\/i0.wp.com\/imaginedemain.fr\/wp-content\/uploads\/2017\/10\/DSC05240.jpg?resize=768%2C432&amp;ssl=1 768w, https:\/\/i0.wp.com\/imaginedemain.fr\/wp-content\/uploads\/2017\/10\/DSC05240.jpg?resize=600%2C338&amp;ssl=1 600w, https:\/\/i0.wp.com\/imaginedemain.fr\/wp-content\/uploads\/2017\/10\/DSC05240.jpg?w=1200&amp;ssl=1 1200w, https:\/\/i0.wp.com\/imaginedemain.fr\/wp-content\/uploads\/2017\/10\/DSC05240.jpg?w=1800&amp;ssl=1 1800w\" sizes=\"auto, (max-width: 600px) 100vw, 600px\" \/><\/p>\n<p><img data-recalc-dims=\"1\" loading=\"lazy\" decoding=\"async\" data-attachment-id=\"2736\" data-permalink=\"https:\/\/imaginedemain.fr\/index.php\/2017\/10\/14\/de-banyuls-a-llivia-etape-5-hello-julie\/dsc05237\/\" data-orig-file=\"https:\/\/i0.wp.com\/imaginedemain.fr\/wp-content\/uploads\/2017\/10\/DSC05237.jpg?fit=4608%2C2592&amp;ssl=1\" data-orig-size=\"4608,2592\" data-comments-opened=\"1\" data-image-meta=\"{&quot;aperture&quot;:&quot;3.6&quot;,&quot;credit&quot;:&quot;Picasa&quot;,&quot;camera&quot;:&quot;DSC-TF1&quot;,&quot;caption&quot;:&quot;&quot;,&quot;created_timestamp&quot;:&quot;1499424169&quot;,&quot;copyright&quot;:&quot;&quot;,&quot;focal_length&quot;:&quot;4.43&quot;,&quot;iso&quot;:&quot;100&quot;,&quot;shutter_speed&quot;:&quot;0.00625&quot;,&quot;title&quot;:&quot;&quot;,&quot;orientation&quot;:&quot;0&quot;}\" data-image-title=\"\" data-image-description=\"\" data-image-caption=\"\" data-large-file=\"https:\/\/i0.wp.com\/imaginedemain.fr\/wp-content\/uploads\/2017\/10\/DSC05237.jpg?fit=600%2C338&amp;ssl=1\" class=\"alignnone size-large wp-image-2736 aligncenter\" src=\"https:\/\/i0.wp.com\/imaginedemain.fr\/wp-content\/uploads\/2017\/10\/DSC05237-1024x576.jpg?resize=600%2C338\" alt=\"\" height=\"338\" width=\"600\" srcset=\"https:\/\/i0.wp.com\/imaginedemain.fr\/wp-content\/uploads\/2017\/10\/DSC05237.jpg?resize=1024%2C576&amp;ssl=1 1024w, https:\/\/i0.wp.com\/imaginedemain.fr\/wp-content\/uploads\/2017\/10\/DSC05237.jpg?resize=300%2C169&amp;ssl=1 300w, https:\/\/i0.wp.com\/imaginedemain.fr\/wp-content\/uploads\/2017\/10\/DSC05237.jpg?resize=768%2C432&amp;ssl=1 768w, https:\/\/i0.wp.com\/imaginedemain.fr\/wp-content\/uploads\/2017\/10\/DSC05237.jpg?resize=600%2C338&amp;ssl=1 600w, https:\/\/i0.wp.com\/imaginedemain.fr\/wp-content\/uploads\/2017\/10\/DSC05237.jpg?w=1200&amp;ssl=1 1200w, https:\/\/i0.wp.com\/imaginedemain.fr\/wp-content\/uploads\/2017\/10\/DSC05237.jpg?w=1800&amp;ssl=1 1800w\" sizes=\"auto, (max-width: 600px) 100vw, 600px\" \/><\/p>\n\n\t\t<style type=\"text\/css\">\n\t\t\t#gallery-1 {\n\t\t\t\tmargin: auto;\n\t\t\t}\n\t\t\t#gallery-1 .gallery-item {\n\t\t\t\tfloat: left;\n\t\t\t\tmargin-top: 10px;\n\t\t\t\ttext-align: center;\n\t\t\t\twidth: 50%;\n\t\t\t}\n\t\t\t#gallery-1 img {\n\t\t\t\tborder: 2px solid #cfcfcf;\n\t\t\t}\n\t\t\t#gallery-1 .gallery-caption {\n\t\t\t\tmargin-left: 0;\n\t\t\t}\n\t\t\t\/* see gallery_shortcode() in wp-includes\/media.php *\/\n\t\t<\/style>\n\t\t<div data-carousel-extra='{&quot;blog_id&quot;:1,&quot;permalink&quot;:&quot;https:\/\/imaginedemain.fr\/index.php\/2017\/10\/14\/de-banyuls-a-llivia-etape-5-hello-julie\/&quot;}' id='gallery-1' class='gallery galleryid-2717 gallery-columns-2 gallery-size-large'><dl class='gallery-item'>\n\t\t\t<dt class='gallery-icon landscape'>\n\t\t\t\t<a href='https:\/\/imaginedemain.fr\/index.php\/2017\/10\/14\/de-banyuls-a-llivia-etape-5-hello-julie\/dsc05239\/'><img loading=\"lazy\" decoding=\"async\" width=\"600\" height=\"338\" src=\"https:\/\/i0.wp.com\/imaginedemain.fr\/wp-content\/uploads\/2017\/10\/DSC05239.jpg?fit=600%2C338&amp;ssl=1\" class=\"attachment-large size-large\" alt=\"\" srcset=\"https:\/\/i0.wp.com\/imaginedemain.fr\/wp-content\/uploads\/2017\/10\/DSC05239.jpg?w=4608&amp;ssl=1 4608w, https:\/\/i0.wp.com\/imaginedemain.fr\/wp-content\/uploads\/2017\/10\/DSC05239.jpg?resize=300%2C169&amp;ssl=1 300w, https:\/\/i0.wp.com\/imaginedemain.fr\/wp-content\/uploads\/2017\/10\/DSC05239.jpg?resize=768%2C432&amp;ssl=1 768w, https:\/\/i0.wp.com\/imaginedemain.fr\/wp-content\/uploads\/2017\/10\/DSC05239.jpg?resize=1024%2C576&amp;ssl=1 1024w, https:\/\/i0.wp.com\/imaginedemain.fr\/wp-content\/uploads\/2017\/10\/DSC05239.jpg?resize=600%2C338&amp;ssl=1 600w, https:\/\/i0.wp.com\/imaginedemain.fr\/wp-content\/uploads\/2017\/10\/DSC05239.jpg?w=1200&amp;ssl=1 1200w, https:\/\/i0.wp.com\/imaginedemain.fr\/wp-content\/uploads\/2017\/10\/DSC05239.jpg?w=1800&amp;ssl=1 1800w\" sizes=\"auto, (max-width: 600px) 100vw, 600px\" data-attachment-id=\"2738\" data-permalink=\"https:\/\/imaginedemain.fr\/index.php\/2017\/10\/14\/de-banyuls-a-llivia-etape-5-hello-julie\/dsc05239\/\" data-orig-file=\"https:\/\/i0.wp.com\/imaginedemain.fr\/wp-content\/uploads\/2017\/10\/DSC05239.jpg?fit=4608%2C2592&amp;ssl=1\" data-orig-size=\"4608,2592\" data-comments-opened=\"1\" data-image-meta=\"{&quot;aperture&quot;:&quot;4.4&quot;,&quot;credit&quot;:&quot;Picasa&quot;,&quot;camera&quot;:&quot;DSC-TF1&quot;,&quot;caption&quot;:&quot;&quot;,&quot;created_timestamp&quot;:&quot;1499424225&quot;,&quot;copyright&quot;:&quot;&quot;,&quot;focal_length&quot;:&quot;7.59&quot;,&quot;iso&quot;:&quot;100&quot;,&quot;shutter_speed&quot;:&quot;0.004&quot;,&quot;title&quot;:&quot;&quot;,&quot;orientation&quot;:&quot;0&quot;}\" data-image-title=\"\" data-image-description=\"\" data-image-caption=\"\" data-large-file=\"https:\/\/i0.wp.com\/imaginedemain.fr\/wp-content\/uploads\/2017\/10\/DSC05239.jpg?fit=600%2C338&amp;ssl=1\" \/><\/a>\n\t\t\t<\/dt><\/dl><dl class='gallery-item'>\n\t\t\t<dt class='gallery-icon landscape'>\n\t\t\t\t<a href='https:\/\/imaginedemain.fr\/index.php\/2017\/10\/14\/de-banyuls-a-llivia-etape-5-hello-julie\/dsc05238\/'><img loading=\"lazy\" decoding=\"async\" width=\"600\" height=\"338\" src=\"https:\/\/i0.wp.com\/imaginedemain.fr\/wp-content\/uploads\/2017\/10\/DSC05238.jpg?fit=600%2C338&amp;ssl=1\" class=\"attachment-large size-large\" alt=\"\" srcset=\"https:\/\/i0.wp.com\/imaginedemain.fr\/wp-content\/uploads\/2017\/10\/DSC05238.jpg?w=4608&amp;ssl=1 4608w, https:\/\/i0.wp.com\/imaginedemain.fr\/wp-content\/uploads\/2017\/10\/DSC05238.jpg?resize=300%2C169&amp;ssl=1 300w, https:\/\/i0.wp.com\/imaginedemain.fr\/wp-content\/uploads\/2017\/10\/DSC05238.jpg?resize=768%2C432&amp;ssl=1 768w, https:\/\/i0.wp.com\/imaginedemain.fr\/wp-content\/uploads\/2017\/10\/DSC05238.jpg?resize=1024%2C576&amp;ssl=1 1024w, https:\/\/i0.wp.com\/imaginedemain.fr\/wp-content\/uploads\/2017\/10\/DSC05238.jpg?resize=600%2C338&amp;ssl=1 600w, https:\/\/i0.wp.com\/imaginedemain.fr\/wp-content\/uploads\/2017\/10\/DSC05238.jpg?w=1200&amp;ssl=1 1200w, https:\/\/i0.wp.com\/imaginedemain.fr\/wp-content\/uploads\/2017\/10\/DSC05238.jpg?w=1800&amp;ssl=1 1800w\" sizes=\"auto, (max-width: 600px) 100vw, 600px\" data-attachment-id=\"2737\" data-permalink=\"https:\/\/imaginedemain.fr\/index.php\/2017\/10\/14\/de-banyuls-a-llivia-etape-5-hello-julie\/dsc05238\/\" data-orig-file=\"https:\/\/i0.wp.com\/imaginedemain.fr\/wp-content\/uploads\/2017\/10\/DSC05238.jpg?fit=4608%2C2592&amp;ssl=1\" data-orig-size=\"4608,2592\" data-comments-opened=\"1\" data-image-meta=\"{&quot;aperture&quot;:&quot;4.4&quot;,&quot;credit&quot;:&quot;Picasa&quot;,&quot;camera&quot;:&quot;DSC-TF1&quot;,&quot;caption&quot;:&quot;&quot;,&quot;created_timestamp&quot;:&quot;1499424203&quot;,&quot;copyright&quot;:&quot;&quot;,&quot;focal_length&quot;:&quot;7.59&quot;,&quot;iso&quot;:&quot;100&quot;,&quot;shutter_speed&quot;:&quot;0.004&quot;,&quot;title&quot;:&quot;&quot;,&quot;orientation&quot;:&quot;0&quot;}\" data-image-title=\"\" data-image-description=\"\" data-image-caption=\"\" data-large-file=\"https:\/\/i0.wp.com\/imaginedemain.fr\/wp-content\/uploads\/2017\/10\/DSC05238.jpg?fit=600%2C338&amp;ssl=1\" \/><\/a>\n\t\t\t<\/dt><\/dl><br style=\"clear: both\" \/>\n\t\t<\/div>\n\n<p>Une rivi\u00e8re coule en contrebas, o\u00f9 lumi\u00e8re et ombres contrastent violemment, agr\u00e9ment\u00e9e de piscines naturelles. La baignade y est simplement sublime. Rimbaud est l\u00e0, compl\u00e8tement l\u00e0,<\/p>\n<p><em>\u00ab\u00a0C&rsquo;est un trou de verdure o\u00f9 chante une rivi\u00e8re,<\/em><br \/>\n<em>Accrochant follement aux herbes des haillons<\/em><br \/>\n<em>D&rsquo;argent ; o\u00f9 le soleil, de la montagne fi\u00e8re,<\/em><br \/>\n<em>Luit : c&rsquo;est un petit val qui mousse de rayons.\u00a0\u00bb<\/em><\/p>\n<p><img data-recalc-dims=\"1\" loading=\"lazy\" decoding=\"async\" data-attachment-id=\"2730\" data-permalink=\"https:\/\/imaginedemain.fr\/index.php\/2017\/10\/14\/de-banyuls-a-llivia-etape-5-hello-julie\/dsc05231\/\" data-orig-file=\"https:\/\/i0.wp.com\/imaginedemain.fr\/wp-content\/uploads\/2017\/10\/DSC05231.jpg?fit=4608%2C2592&amp;ssl=1\" data-orig-size=\"4608,2592\" data-comments-opened=\"1\" data-image-meta=\"{&quot;aperture&quot;:&quot;4.5&quot;,&quot;credit&quot;:&quot;Picasa&quot;,&quot;camera&quot;:&quot;DSC-TF1&quot;,&quot;caption&quot;:&quot;&quot;,&quot;created_timestamp&quot;:&quot;1499422904&quot;,&quot;copyright&quot;:&quot;&quot;,&quot;focal_length&quot;:&quot;8.85&quot;,&quot;iso&quot;:&quot;100&quot;,&quot;shutter_speed&quot;:&quot;0.003125&quot;,&quot;title&quot;:&quot;&quot;,&quot;orientation&quot;:&quot;0&quot;}\" data-image-title=\"\" data-image-description=\"\" data-image-caption=\"\" data-large-file=\"https:\/\/i0.wp.com\/imaginedemain.fr\/wp-content\/uploads\/2017\/10\/DSC05231.jpg?fit=600%2C338&amp;ssl=1\" class=\"alignnone size-large wp-image-2730 aligncenter\" src=\"https:\/\/i0.wp.com\/imaginedemain.fr\/wp-content\/uploads\/2017\/10\/DSC05231-1024x576.jpg?resize=600%2C338\" alt=\"\" height=\"338\" width=\"600\" srcset=\"https:\/\/i0.wp.com\/imaginedemain.fr\/wp-content\/uploads\/2017\/10\/DSC05231.jpg?resize=1024%2C576&amp;ssl=1 1024w, https:\/\/i0.wp.com\/imaginedemain.fr\/wp-content\/uploads\/2017\/10\/DSC05231.jpg?resize=300%2C169&amp;ssl=1 300w, https:\/\/i0.wp.com\/imaginedemain.fr\/wp-content\/uploads\/2017\/10\/DSC05231.jpg?resize=768%2C432&amp;ssl=1 768w, https:\/\/i0.wp.com\/imaginedemain.fr\/wp-content\/uploads\/2017\/10\/DSC05231.jpg?resize=600%2C338&amp;ssl=1 600w, https:\/\/i0.wp.com\/imaginedemain.fr\/wp-content\/uploads\/2017\/10\/DSC05231.jpg?w=1200&amp;ssl=1 1200w, https:\/\/i0.wp.com\/imaginedemain.fr\/wp-content\/uploads\/2017\/10\/DSC05231.jpg?w=1800&amp;ssl=1 1800w\" sizes=\"auto, (max-width: 600px) 100vw, 600px\" \/><\/p>\n","protected":false},"excerpt":{"rendered":"<p>Apr\u00e8s deux heures de mont\u00e9e sur une piste monotone, alors que nous risquons d\u00e9j\u00e0 de manquer d\u2019eau, nous rejoignons une ferme perch\u00e9e. Ici devrait s&rsquo;appliquer une des lois de la randonn\u00e9e, encore v\u00e9rifi\u00e9e deux jours auparavant : ferme = eau = arr\u00eat = plein des gourdes. Nous poussons la grille derri\u00e8re laquelle un chien, qui [&hellip;]<\/p>\n","protected":false},"author":1,"featured_media":2730,"comment_status":"open","ping_status":"open","sticky":false,"template":"","format":"standard","meta":{"ngg_post_thumbnail":0,"jetpack_post_was_ever_published":false,"_jetpack_newsletter_access":"","_jetpack_dont_email_post_to_subs":false,"_jetpack_newsletter_tier_id":0,"_jetpack_memberships_contains_paywalled_content":false,"_jetpack_memberships_contains_paid_content":false,"footnotes":"","jetpack_publicize_message":"","jetpack_publicize_feature_enabled":true,"jetpack_social_post_already_shared":true,"jetpack_social_options":{"image_generator_settings":{"template":"highway","default_image_id":0,"font":"","enabled":false},"version":2}},"categories":[30,38],"tags":[],"class_list":["post-2717","post","type-post","status-publish","format-standard","has-post-thumbnail","hentry","category-pyrenees","category-banyuls-a-llivia"],"yoast_head":"<!-- This site is optimized with the Yoast SEO plugin v27.5 - https:\/\/yoast.com\/product\/yoast-seo-wordpress\/ -->\n<title>De Banyuls \u00e0 Llivia, \u00e9tape 5, Hello Julie! - Imagine demain<\/title>\n<meta name=\"robots\" content=\"index, follow, max-snippet:-1, max-image-preview:large, max-video-preview:-1\" \/>\n<link rel=\"canonical\" href=\"https:\/\/imaginedemain.fr\/index.php\/2017\/10\/14\/de-banyuls-a-llivia-etape-5-hello-julie\/\" \/>\n<meta property=\"og:locale\" content=\"fr_FR\" \/>\n<meta property=\"og:type\" content=\"article\" \/>\n<meta property=\"og:title\" content=\"De Banyuls \u00e0 Llivia, \u00e9tape 5, Hello Julie! - Imagine demain\" \/>\n<meta property=\"og:description\" content=\"Apr\u00e8s deux heures de mont\u00e9e sur une piste monotone, alors que nous risquons d\u00e9j\u00e0 de manquer d\u2019eau, nous rejoignons une ferme perch\u00e9e. Ici devrait s&rsquo;appliquer une des lois de la randonn\u00e9e, encore v\u00e9rifi\u00e9e deux jours auparavant : ferme = eau = arr\u00eat = plein des gourdes. Nous poussons la grille derri\u00e8re laquelle un chien, qui [&hellip;]\" \/>\n<meta property=\"og:url\" content=\"https:\/\/imaginedemain.fr\/index.php\/2017\/10\/14\/de-banyuls-a-llivia-etape-5-hello-julie\/\" \/>\n<meta property=\"og:site_name\" content=\"Imagine demain\" \/>\n<meta property=\"article:published_time\" content=\"2017-10-14T13:00:28+00:00\" \/>\n<meta property=\"article:modified_time\" content=\"2017-10-29T14:18:29+00:00\" \/>\n<meta property=\"og:image\" content=\"https:\/\/i0.wp.com\/imaginedemain.fr\/wp-content\/uploads\/2017\/10\/DSC05231.jpg?fit=4608%2C2592&ssl=1\" \/>\n\t<meta property=\"og:image:width\" content=\"4608\" \/>\n\t<meta property=\"og:image:height\" content=\"2592\" \/>\n\t<meta property=\"og:image:type\" content=\"image\/jpeg\" \/>\n<meta name=\"author\" content=\"Philippe\" \/>\n<meta name=\"twitter:card\" content=\"summary_large_image\" \/>\n<meta name=\"twitter:label1\" content=\"\u00c9crit par\" \/>\n\t<meta name=\"twitter:data1\" content=\"Philippe\" \/>\n\t<meta name=\"twitter:label2\" content=\"Dur\u00e9e de lecture estim\u00e9e\" \/>\n\t<meta name=\"twitter:data2\" content=\"4 minutes\" \/>\n<script type=\"application\/ld+json\" class=\"yoast-schema-graph\">{\"@context\":\"https:\\\/\\\/schema.org\",\"@graph\":[{\"@type\":\"Article\",\"@id\":\"https:\\\/\\\/imaginedemain.fr\\\/index.php\\\/2017\\\/10\\\/14\\\/de-banyuls-a-llivia-etape-5-hello-julie\\\/#article\",\"isPartOf\":{\"@id\":\"https:\\\/\\\/imaginedemain.fr\\\/index.php\\\/2017\\\/10\\\/14\\\/de-banyuls-a-llivia-etape-5-hello-julie\\\/\"},\"author\":{\"name\":\"Philippe\",\"@id\":\"https:\\\/\\\/imaginedemain.fr\\\/#\\\/schema\\\/person\\\/e38f616126180f1f6000edc7daca21ab\"},\"headline\":\"De Banyuls \u00e0 Llivia, \u00e9tape 5, Hello Julie!\",\"datePublished\":\"2017-10-14T13:00:28+00:00\",\"dateModified\":\"2017-10-29T14:18:29+00:00\",\"mainEntityOfPage\":{\"@id\":\"https:\\\/\\\/imaginedemain.fr\\\/index.php\\\/2017\\\/10\\\/14\\\/de-banyuls-a-llivia-etape-5-hello-julie\\\/\"},\"wordCount\":830,\"commentCount\":0,\"image\":{\"@id\":\"https:\\\/\\\/imaginedemain.fr\\\/index.php\\\/2017\\\/10\\\/14\\\/de-banyuls-a-llivia-etape-5-hello-julie\\\/#primaryimage\"},\"thumbnailUrl\":\"https:\\\/\\\/i0.wp.com\\\/imaginedemain.fr\\\/wp-content\\\/uploads\\\/2017\\\/10\\\/DSC05231.jpg?fit=4608%2C2592&ssl=1\",\"articleSection\":[\"Pyr\u00e9n\u00e9es\",\"Sur le GR11 espagnol, de Banyuls \u00e0 Llivia et Latour de Carol\"],\"inLanguage\":\"fr-FR\",\"potentialAction\":[{\"@type\":\"CommentAction\",\"name\":\"Comment\",\"target\":[\"https:\\\/\\\/imaginedemain.fr\\\/index.php\\\/2017\\\/10\\\/14\\\/de-banyuls-a-llivia-etape-5-hello-julie\\\/#respond\"]}]},{\"@type\":\"WebPage\",\"@id\":\"https:\\\/\\\/imaginedemain.fr\\\/index.php\\\/2017\\\/10\\\/14\\\/de-banyuls-a-llivia-etape-5-hello-julie\\\/\",\"url\":\"https:\\\/\\\/imaginedemain.fr\\\/index.php\\\/2017\\\/10\\\/14\\\/de-banyuls-a-llivia-etape-5-hello-julie\\\/\",\"name\":\"De Banyuls \u00e0 Llivia, \u00e9tape 5, Hello Julie! - Imagine demain\",\"isPartOf\":{\"@id\":\"https:\\\/\\\/imaginedemain.fr\\\/#website\"},\"primaryImageOfPage\":{\"@id\":\"https:\\\/\\\/imaginedemain.fr\\\/index.php\\\/2017\\\/10\\\/14\\\/de-banyuls-a-llivia-etape-5-hello-julie\\\/#primaryimage\"},\"image\":{\"@id\":\"https:\\\/\\\/imaginedemain.fr\\\/index.php\\\/2017\\\/10\\\/14\\\/de-banyuls-a-llivia-etape-5-hello-julie\\\/#primaryimage\"},\"thumbnailUrl\":\"https:\\\/\\\/i0.wp.com\\\/imaginedemain.fr\\\/wp-content\\\/uploads\\\/2017\\\/10\\\/DSC05231.jpg?fit=4608%2C2592&ssl=1\",\"datePublished\":\"2017-10-14T13:00:28+00:00\",\"dateModified\":\"2017-10-29T14:18:29+00:00\",\"author\":{\"@id\":\"https:\\\/\\\/imaginedemain.fr\\\/#\\\/schema\\\/person\\\/e38f616126180f1f6000edc7daca21ab\"},\"breadcrumb\":{\"@id\":\"https:\\\/\\\/imaginedemain.fr\\\/index.php\\\/2017\\\/10\\\/14\\\/de-banyuls-a-llivia-etape-5-hello-julie\\\/#breadcrumb\"},\"inLanguage\":\"fr-FR\",\"potentialAction\":[{\"@type\":\"ReadAction\",\"target\":[\"https:\\\/\\\/imaginedemain.fr\\\/index.php\\\/2017\\\/10\\\/14\\\/de-banyuls-a-llivia-etape-5-hello-julie\\\/\"]}]},{\"@type\":\"ImageObject\",\"inLanguage\":\"fr-FR\",\"@id\":\"https:\\\/\\\/imaginedemain.fr\\\/index.php\\\/2017\\\/10\\\/14\\\/de-banyuls-a-llivia-etape-5-hello-julie\\\/#primaryimage\",\"url\":\"https:\\\/\\\/i0.wp.com\\\/imaginedemain.fr\\\/wp-content\\\/uploads\\\/2017\\\/10\\\/DSC05231.jpg?fit=4608%2C2592&ssl=1\",\"contentUrl\":\"https:\\\/\\\/i0.wp.com\\\/imaginedemain.fr\\\/wp-content\\\/uploads\\\/2017\\\/10\\\/DSC05231.jpg?fit=4608%2C2592&ssl=1\",\"width\":4608,\"height\":2592},{\"@type\":\"BreadcrumbList\",\"@id\":\"https:\\\/\\\/imaginedemain.fr\\\/index.php\\\/2017\\\/10\\\/14\\\/de-banyuls-a-llivia-etape-5-hello-julie\\\/#breadcrumb\",\"itemListElement\":[{\"@type\":\"ListItem\",\"position\":1,\"name\":\"Accueil\",\"item\":\"https:\\\/\\\/imaginedemain.fr\\\/\"},{\"@type\":\"ListItem\",\"position\":2,\"name\":\"De Banyuls \u00e0 Llivia, \u00e9tape 5, Hello Julie!\"}]},{\"@type\":\"WebSite\",\"@id\":\"https:\\\/\\\/imaginedemain.fr\\\/#website\",\"url\":\"https:\\\/\\\/imaginedemain.fr\\\/\",\"name\":\"Imagine demain\",\"description\":\"\",\"potentialAction\":[{\"@type\":\"SearchAction\",\"target\":{\"@type\":\"EntryPoint\",\"urlTemplate\":\"https:\\\/\\\/imaginedemain.fr\\\/?s={search_term_string}\"},\"query-input\":{\"@type\":\"PropertyValueSpecification\",\"valueRequired\":true,\"valueName\":\"search_term_string\"}}],\"inLanguage\":\"fr-FR\"},{\"@type\":\"Person\",\"@id\":\"https:\\\/\\\/imaginedemain.fr\\\/#\\\/schema\\\/person\\\/e38f616126180f1f6000edc7daca21ab\",\"name\":\"Philippe\",\"image\":{\"@type\":\"ImageObject\",\"inLanguage\":\"fr-FR\",\"@id\":\"https:\\\/\\\/secure.gravatar.com\\\/avatar\\\/69f59b5b22630ea786677085abd0e3dc50190e58bc7ca3c50bd640bfaf2456a4?s=96&d=blank&r=g\",\"url\":\"https:\\\/\\\/secure.gravatar.com\\\/avatar\\\/69f59b5b22630ea786677085abd0e3dc50190e58bc7ca3c50bd640bfaf2456a4?s=96&d=blank&r=g\",\"contentUrl\":\"https:\\\/\\\/secure.gravatar.com\\\/avatar\\\/69f59b5b22630ea786677085abd0e3dc50190e58bc7ca3c50bd640bfaf2456a4?s=96&d=blank&r=g\",\"caption\":\"Philippe\"},\"sameAs\":[\"http:\\\/\\\/imaginedemain.fr\\\/\"],\"url\":\"https:\\\/\\\/imaginedemain.fr\\\/index.php\\\/author\\\/admin4809\\\/\"}]}<\/script>\n<!-- \/ Yoast SEO plugin. -->","yoast_head_json":{"title":"De Banyuls \u00e0 Llivia, \u00e9tape 5, Hello Julie! - Imagine demain","robots":{"index":"index","follow":"follow","max-snippet":"max-snippet:-1","max-image-preview":"max-image-preview:large","max-video-preview":"max-video-preview:-1"},"canonical":"https:\/\/imaginedemain.fr\/index.php\/2017\/10\/14\/de-banyuls-a-llivia-etape-5-hello-julie\/","og_locale":"fr_FR","og_type":"article","og_title":"De Banyuls \u00e0 Llivia, \u00e9tape 5, Hello Julie! - Imagine demain","og_description":"Apr\u00e8s deux heures de mont\u00e9e sur une piste monotone, alors que nous risquons d\u00e9j\u00e0 de manquer d\u2019eau, nous rejoignons une ferme perch\u00e9e. Ici devrait s&rsquo;appliquer une des lois de la randonn\u00e9e, encore v\u00e9rifi\u00e9e deux jours auparavant : ferme = eau = arr\u00eat = plein des gourdes. Nous poussons la grille derri\u00e8re laquelle un chien, qui [&hellip;]","og_url":"https:\/\/imaginedemain.fr\/index.php\/2017\/10\/14\/de-banyuls-a-llivia-etape-5-hello-julie\/","og_site_name":"Imagine demain","article_published_time":"2017-10-14T13:00:28+00:00","article_modified_time":"2017-10-29T14:18:29+00:00","og_image":[{"width":4608,"height":2592,"url":"https:\/\/i0.wp.com\/imaginedemain.fr\/wp-content\/uploads\/2017\/10\/DSC05231.jpg?fit=4608%2C2592&ssl=1","type":"image\/jpeg"}],"author":"Philippe","twitter_card":"summary_large_image","twitter_misc":{"\u00c9crit par":"Philippe","Dur\u00e9e de lecture estim\u00e9e":"4 minutes"},"schema":{"@context":"https:\/\/schema.org","@graph":[{"@type":"Article","@id":"https:\/\/imaginedemain.fr\/index.php\/2017\/10\/14\/de-banyuls-a-llivia-etape-5-hello-julie\/#article","isPartOf":{"@id":"https:\/\/imaginedemain.fr\/index.php\/2017\/10\/14\/de-banyuls-a-llivia-etape-5-hello-julie\/"},"author":{"name":"Philippe","@id":"https:\/\/imaginedemain.fr\/#\/schema\/person\/e38f616126180f1f6000edc7daca21ab"},"headline":"De Banyuls \u00e0 Llivia, \u00e9tape 5, Hello Julie!","datePublished":"2017-10-14T13:00:28+00:00","dateModified":"2017-10-29T14:18:29+00:00","mainEntityOfPage":{"@id":"https:\/\/imaginedemain.fr\/index.php\/2017\/10\/14\/de-banyuls-a-llivia-etape-5-hello-julie\/"},"wordCount":830,"commentCount":0,"image":{"@id":"https:\/\/imaginedemain.fr\/index.php\/2017\/10\/14\/de-banyuls-a-llivia-etape-5-hello-julie\/#primaryimage"},"thumbnailUrl":"https:\/\/i0.wp.com\/imaginedemain.fr\/wp-content\/uploads\/2017\/10\/DSC05231.jpg?fit=4608%2C2592&ssl=1","articleSection":["Pyr\u00e9n\u00e9es","Sur le GR11 espagnol, de Banyuls \u00e0 Llivia et Latour de Carol"],"inLanguage":"fr-FR","potentialAction":[{"@type":"CommentAction","name":"Comment","target":["https:\/\/imaginedemain.fr\/index.php\/2017\/10\/14\/de-banyuls-a-llivia-etape-5-hello-julie\/#respond"]}]},{"@type":"WebPage","@id":"https:\/\/imaginedemain.fr\/index.php\/2017\/10\/14\/de-banyuls-a-llivia-etape-5-hello-julie\/","url":"https:\/\/imaginedemain.fr\/index.php\/2017\/10\/14\/de-banyuls-a-llivia-etape-5-hello-julie\/","name":"De Banyuls \u00e0 Llivia, \u00e9tape 5, Hello Julie! - Imagine demain","isPartOf":{"@id":"https:\/\/imaginedemain.fr\/#website"},"primaryImageOfPage":{"@id":"https:\/\/imaginedemain.fr\/index.php\/2017\/10\/14\/de-banyuls-a-llivia-etape-5-hello-julie\/#primaryimage"},"image":{"@id":"https:\/\/imaginedemain.fr\/index.php\/2017\/10\/14\/de-banyuls-a-llivia-etape-5-hello-julie\/#primaryimage"},"thumbnailUrl":"https:\/\/i0.wp.com\/imaginedemain.fr\/wp-content\/uploads\/2017\/10\/DSC05231.jpg?fit=4608%2C2592&ssl=1","datePublished":"2017-10-14T13:00:28+00:00","dateModified":"2017-10-29T14:18:29+00:00","author":{"@id":"https:\/\/imaginedemain.fr\/#\/schema\/person\/e38f616126180f1f6000edc7daca21ab"},"breadcrumb":{"@id":"https:\/\/imaginedemain.fr\/index.php\/2017\/10\/14\/de-banyuls-a-llivia-etape-5-hello-julie\/#breadcrumb"},"inLanguage":"fr-FR","potentialAction":[{"@type":"ReadAction","target":["https:\/\/imaginedemain.fr\/index.php\/2017\/10\/14\/de-banyuls-a-llivia-etape-5-hello-julie\/"]}]},{"@type":"ImageObject","inLanguage":"fr-FR","@id":"https:\/\/imaginedemain.fr\/index.php\/2017\/10\/14\/de-banyuls-a-llivia-etape-5-hello-julie\/#primaryimage","url":"https:\/\/i0.wp.com\/imaginedemain.fr\/wp-content\/uploads\/2017\/10\/DSC05231.jpg?fit=4608%2C2592&ssl=1","contentUrl":"https:\/\/i0.wp.com\/imaginedemain.fr\/wp-content\/uploads\/2017\/10\/DSC05231.jpg?fit=4608%2C2592&ssl=1","width":4608,"height":2592},{"@type":"BreadcrumbList","@id":"https:\/\/imaginedemain.fr\/index.php\/2017\/10\/14\/de-banyuls-a-llivia-etape-5-hello-julie\/#breadcrumb","itemListElement":[{"@type":"ListItem","position":1,"name":"Accueil","item":"https:\/\/imaginedemain.fr\/"},{"@type":"ListItem","position":2,"name":"De Banyuls \u00e0 Llivia, \u00e9tape 5, Hello Julie!"}]},{"@type":"WebSite","@id":"https:\/\/imaginedemain.fr\/#website","url":"https:\/\/imaginedemain.fr\/","name":"Imagine demain","description":"","potentialAction":[{"@type":"SearchAction","target":{"@type":"EntryPoint","urlTemplate":"https:\/\/imaginedemain.fr\/?s={search_term_string}"},"query-input":{"@type":"PropertyValueSpecification","valueRequired":true,"valueName":"search_term_string"}}],"inLanguage":"fr-FR"},{"@type":"Person","@id":"https:\/\/imaginedemain.fr\/#\/schema\/person\/e38f616126180f1f6000edc7daca21ab","name":"Philippe","image":{"@type":"ImageObject","inLanguage":"fr-FR","@id":"https:\/\/secure.gravatar.com\/avatar\/69f59b5b22630ea786677085abd0e3dc50190e58bc7ca3c50bd640bfaf2456a4?s=96&d=blank&r=g","url":"https:\/\/secure.gravatar.com\/avatar\/69f59b5b22630ea786677085abd0e3dc50190e58bc7ca3c50bd640bfaf2456a4?s=96&d=blank&r=g","contentUrl":"https:\/\/secure.gravatar.com\/avatar\/69f59b5b22630ea786677085abd0e3dc50190e58bc7ca3c50bd640bfaf2456a4?s=96&d=blank&r=g","caption":"Philippe"},"sameAs":["http:\/\/imaginedemain.fr\/"],"url":"https:\/\/imaginedemain.fr\/index.php\/author\/admin4809\/"}]}},"jetpack_publicize_connections":[],"jetpack_featured_media_url":"https:\/\/i0.wp.com\/imaginedemain.fr\/wp-content\/uploads\/2017\/10\/DSC05231.jpg?fit=4608%2C2592&ssl=1","jetpack_shortlink":"https:\/\/wp.me\/p8tuMH-HP","jetpack-related-posts":[{"id":2869,"url":"https:\/\/imaginedemain.fr\/index.php\/2017\/10\/31\/de-banyuls-a-llivia-etape-8-lorage-montagne\/","url_meta":{"origin":2717,"position":0},"title":"De Banyuls \u00e0 Llivia, \u00e9tape 8, gros temps sur la cr\u00eate","author":"Philippe","date":"31 octobre 2017","format":false,"excerpt":"Le ciel de notre randonn\u00e9e a mal tourn\u00e9 ces jours derniers. Apr\u00e8s notre d\u00e9part sous un soleil absolu, les Pyr\u00e9n\u00e9es ont retrouv\u00e9 leur caract\u00e8re fantasque. Il faut maintenant jouer fin pour passer entre les gouttes, reprendre le bulletin m\u00e9t\u00e9o, repenser la strat\u00e9gie. Mais la strat\u00e9gie ne vaut rien sans une\u2026","rel":"","context":"Dans &quot;Pyr\u00e9n\u00e9es&quot;","block_context":{"text":"Pyr\u00e9n\u00e9es","link":"https:\/\/imaginedemain.fr\/index.php\/category\/pyrenees\/"},"img":{"alt_text":"","src":"https:\/\/i0.wp.com\/imaginedemain.fr\/wp-content\/uploads\/2017\/10\/DSC05297.jpg?fit=1200%2C675&ssl=1&resize=350%2C200","width":350,"height":200,"srcset":"https:\/\/i0.wp.com\/imaginedemain.fr\/wp-content\/uploads\/2017\/10\/DSC05297.jpg?fit=1200%2C675&ssl=1&resize=350%2C200 1x, https:\/\/i0.wp.com\/imaginedemain.fr\/wp-content\/uploads\/2017\/10\/DSC05297.jpg?fit=1200%2C675&ssl=1&resize=525%2C300 1.5x, https:\/\/i0.wp.com\/imaginedemain.fr\/wp-content\/uploads\/2017\/10\/DSC05297.jpg?fit=1200%2C675&ssl=1&resize=700%2C400 2x, https:\/\/i0.wp.com\/imaginedemain.fr\/wp-content\/uploads\/2017\/10\/DSC05297.jpg?fit=1200%2C675&ssl=1&resize=1050%2C600 3x"},"classes":[]},{"id":2975,"url":"https:\/\/imaginedemain.fr\/index.php\/2017\/11\/04\/de-banyuls-a-llivia-dixieme-ultime-etape-petite-lecon-dhistoire-geo-cerdagne\/","url_meta":{"origin":2717,"position":1},"title":"De Banyuls \u00e0 Llivia, dixi\u00e8me et ultime \u00e9tape, petite le\u00e7on d&rsquo;histoire-g\u00e9o en Cerdagne","author":"Philippe","date":"4 novembre 2017","format":false,"excerpt":"Dixi\u00e8me\u00a0et dernier jour\u00a0 de randonn\u00e9e non stop sur ce parcours tr\u00e8s accident\u00e9, avec nos sacs de 12 kg bon poids, les jambes ont chang\u00e9, devenues plus dures au mal, les courbatures oubli\u00e9es depuis longtemps. Fatigu\u00e9es, oui sans aucun doute. Tiendrions-nous s\u2019il fallait continuer? Oui, mais nous ne sommes pas malheureux\u2026","rel":"","context":"Dans &quot;Pyr\u00e9n\u00e9es&quot;","block_context":{"text":"Pyr\u00e9n\u00e9es","link":"https:\/\/imaginedemain.fr\/index.php\/category\/pyrenees\/"},"img":{"alt_text":"","src":"https:\/\/i0.wp.com\/imaginedemain.fr\/wp-content\/uploads\/2017\/11\/DSC05359.jpg?fit=1200%2C675&ssl=1&resize=350%2C200","width":350,"height":200,"srcset":"https:\/\/i0.wp.com\/imaginedemain.fr\/wp-content\/uploads\/2017\/11\/DSC05359.jpg?fit=1200%2C675&ssl=1&resize=350%2C200 1x, https:\/\/i0.wp.com\/imaginedemain.fr\/wp-content\/uploads\/2017\/11\/DSC05359.jpg?fit=1200%2C675&ssl=1&resize=525%2C300 1.5x, https:\/\/i0.wp.com\/imaginedemain.fr\/wp-content\/uploads\/2017\/11\/DSC05359.jpg?fit=1200%2C675&ssl=1&resize=700%2C400 2x, https:\/\/i0.wp.com\/imaginedemain.fr\/wp-content\/uploads\/2017\/11\/DSC05359.jpg?fit=1200%2C675&ssl=1&resize=1050%2C600 3x"},"classes":[]},{"id":2685,"url":"https:\/\/imaginedemain.fr\/index.php\/2017\/10\/13\/de-banyuls-a-llivia-etape-4-hace-calor-sulla-senda-once\/","url_meta":{"origin":2717,"position":2},"title":"De Banyuls \u00e0 Llivia, \u00e9tape 4, hace calor sulla senda once","author":"Philippe","date":"13 octobre 2017","format":false,"excerpt":"Toujours cap \u00e0 l\u2019Ouest ce matin, pour parcourir une premi\u00e8re \u00e9tape sur le GR11 espagnol,\u00a0 et rejoindre le village d\u2019Albanya lov\u00e9 \u00e0 fond de vall\u00e9e. L\u2019itin\u00e9raire m\u00eale des portions de for\u00eats, des tron\u00e7ons de pistes carrossables trop expos\u00e9s au soleil, de petits cols, mais trois s'il vous plait dans la\u2026","rel":"","context":"Dans &quot;Pyr\u00e9n\u00e9es&quot;","block_context":{"text":"Pyr\u00e9n\u00e9es","link":"https:\/\/imaginedemain.fr\/index.php\/category\/pyrenees\/"},"img":{"alt_text":"","src":"https:\/\/i0.wp.com\/imaginedemain.fr\/wp-content\/uploads\/2017\/10\/DSC05185.jpg?fit=1200%2C675&ssl=1&resize=350%2C200","width":350,"height":200,"srcset":"https:\/\/i0.wp.com\/imaginedemain.fr\/wp-content\/uploads\/2017\/10\/DSC05185.jpg?fit=1200%2C675&ssl=1&resize=350%2C200 1x, https:\/\/i0.wp.com\/imaginedemain.fr\/wp-content\/uploads\/2017\/10\/DSC05185.jpg?fit=1200%2C675&ssl=1&resize=525%2C300 1.5x, https:\/\/i0.wp.com\/imaginedemain.fr\/wp-content\/uploads\/2017\/10\/DSC05185.jpg?fit=1200%2C675&ssl=1&resize=700%2C400 2x, https:\/\/i0.wp.com\/imaginedemain.fr\/wp-content\/uploads\/2017\/10\/DSC05185.jpg?fit=1200%2C675&ssl=1&resize=1050%2C600 3x"},"classes":[]},{"id":2838,"url":"https:\/\/imaginedemain.fr\/index.php\/2017\/10\/27\/de-banyuls-a-llivia-etape-7-a-recherche-balises-disparues\/","url_meta":{"origin":2717,"position":3},"title":"De Banyuls \u00e0 LLivia, \u00e9tape 7, \u00e0 la recherche des balises disparues","author":"Philippe","date":"27 octobre 2017","format":false,"excerpt":"Aujourd\u2019hui, des hauteurs de Beget \u00e0 Setcases, nous perdons compl\u00e8tement le chemin \u00e0 trois reprises. Les randonneurs chevronn\u00e9s appr\u00e9cieront. Sans doute notre responsabilit\u00e9 est engag\u00e9e \u2026 oui, mais\u00a0nous plaidons les circonstances att\u00e9nuantes, les balises foutraques. Lorsque nous quittons le g\u00eete avec Julie, c\u2019est plein d\u2019\u00e9nergie et de discussions anim\u00e9es sur\u2026","rel":"","context":"Dans &quot;Pyr\u00e9n\u00e9es&quot;","block_context":{"text":"Pyr\u00e9n\u00e9es","link":"https:\/\/imaginedemain.fr\/index.php\/category\/pyrenees\/"},"img":{"alt_text":"","src":"https:\/\/i0.wp.com\/imaginedemain.fr\/wp-content\/uploads\/2017\/10\/DSC05281.jpg?fit=1200%2C675&ssl=1&resize=350%2C200","width":350,"height":200,"srcset":"https:\/\/i0.wp.com\/imaginedemain.fr\/wp-content\/uploads\/2017\/10\/DSC05281.jpg?fit=1200%2C675&ssl=1&resize=350%2C200 1x, https:\/\/i0.wp.com\/imaginedemain.fr\/wp-content\/uploads\/2017\/10\/DSC05281.jpg?fit=1200%2C675&ssl=1&resize=525%2C300 1.5x, https:\/\/i0.wp.com\/imaginedemain.fr\/wp-content\/uploads\/2017\/10\/DSC05281.jpg?fit=1200%2C675&ssl=1&resize=700%2C400 2x, https:\/\/i0.wp.com\/imaginedemain.fr\/wp-content\/uploads\/2017\/10\/DSC05281.jpg?fit=1200%2C675&ssl=1&resize=1050%2C600 3x"},"classes":[]},{"id":2648,"url":"https:\/\/imaginedemain.fr\/index.php\/2017\/10\/10\/de-banyuls-a-llivia-etape-3-memoire-blessee-de-catalogne\/","url_meta":{"origin":2717,"position":4},"title":"De Banyuls \u00e0 Llivia, \u00e9tape 3, dans la m\u00e9moire bless\u00e9e de la Catalogne","author":"Philippe","date":"10 octobre 2017","format":false,"excerpt":"Encore en Catalogne fran\u00e7aise, nous avons bivouaqu\u00e9 parmi nos amis les ch\u00eanes-li\u00e8ges, des arbres bien complaisants qui se laissent tondre sans une plainte. Aujourd\u2019hui nous avons un s\u00e9rieux challenge de randonneur, car nous devons switcher du GR10 fran\u00e7ais vers le GR11 espagnol, que nous suivrons ensuite pendant une bonne semaine.\u2026","rel":"","context":"Dans &quot;Pyr\u00e9n\u00e9es&quot;","block_context":{"text":"Pyr\u00e9n\u00e9es","link":"https:\/\/imaginedemain.fr\/index.php\/category\/pyrenees\/"},"img":{"alt_text":"","src":"https:\/\/i0.wp.com\/imaginedemain.fr\/wp-content\/uploads\/2017\/10\/DSC05169.jpg?fit=1200%2C675&ssl=1&resize=350%2C200","width":350,"height":200,"srcset":"https:\/\/i0.wp.com\/imaginedemain.fr\/wp-content\/uploads\/2017\/10\/DSC05169.jpg?fit=1200%2C675&ssl=1&resize=350%2C200 1x, https:\/\/i0.wp.com\/imaginedemain.fr\/wp-content\/uploads\/2017\/10\/DSC05169.jpg?fit=1200%2C675&ssl=1&resize=525%2C300 1.5x, https:\/\/i0.wp.com\/imaginedemain.fr\/wp-content\/uploads\/2017\/10\/DSC05169.jpg?fit=1200%2C675&ssl=1&resize=700%2C400 2x, https:\/\/i0.wp.com\/imaginedemain.fr\/wp-content\/uploads\/2017\/10\/DSC05169.jpg?fit=1200%2C675&ssl=1&resize=1050%2C600 3x"},"classes":[]},{"id":2925,"url":"https:\/\/imaginedemain.fr\/index.php\/2017\/11\/01\/de-banyuls-a-llivia-etape-9-y-a-soleil-france\/","url_meta":{"origin":2717,"position":5},"title":"De Banyuls \u00e0 Llivia, \u00e9tape 9, il y a du soleil sur la France","author":"Philippe","date":"1 novembre 2017","format":false,"excerpt":"Deux jours de marche avant de reprendre le train de nuit \u00e0 Latour de Carol. Nous choisissons de revenir en France par le col de Finestrelles, sur une \u00e9paule du Puigmal, abandonnant le GR11 espagnol \u00e0 Nuria. Ce soir nous serons \u00e0 Err, en Cerdagne fran\u00e7aise. Nous retrouvons Julie une\u2026","rel":"","context":"Dans &quot;Non class\u00e9&quot;","block_context":{"text":"Non class\u00e9","link":"https:\/\/imaginedemain.fr\/index.php\/category\/non-classe\/"},"img":{"alt_text":"","src":"https:\/\/i0.wp.com\/imaginedemain.fr\/wp-content\/uploads\/2017\/10\/DSC05340.jpg?fit=1200%2C675&ssl=1&resize=350%2C200","width":350,"height":200,"srcset":"https:\/\/i0.wp.com\/imaginedemain.fr\/wp-content\/uploads\/2017\/10\/DSC05340.jpg?fit=1200%2C675&ssl=1&resize=350%2C200 1x, https:\/\/i0.wp.com\/imaginedemain.fr\/wp-content\/uploads\/2017\/10\/DSC05340.jpg?fit=1200%2C675&ssl=1&resize=525%2C300 1.5x, https:\/\/i0.wp.com\/imaginedemain.fr\/wp-content\/uploads\/2017\/10\/DSC05340.jpg?fit=1200%2C675&ssl=1&resize=700%2C400 2x, https:\/\/i0.wp.com\/imaginedemain.fr\/wp-content\/uploads\/2017\/10\/DSC05340.jpg?fit=1200%2C675&ssl=1&resize=1050%2C600 3x"},"classes":[]}],"jetpack_sharing_enabled":true,"_links":{"self":[{"href":"https:\/\/imaginedemain.fr\/index.php\/wp-json\/wp\/v2\/posts\/2717","targetHints":{"allow":["GET"]}}],"collection":[{"href":"https:\/\/imaginedemain.fr\/index.php\/wp-json\/wp\/v2\/posts"}],"about":[{"href":"https:\/\/imaginedemain.fr\/index.php\/wp-json\/wp\/v2\/types\/post"}],"author":[{"embeddable":true,"href":"https:\/\/imaginedemain.fr\/index.php\/wp-json\/wp\/v2\/users\/1"}],"replies":[{"embeddable":true,"href":"https:\/\/imaginedemain.fr\/index.php\/wp-json\/wp\/v2\/comments?post=2717"}],"version-history":[{"count":9,"href":"https:\/\/imaginedemain.fr\/index.php\/wp-json\/wp\/v2\/posts\/2717\/revisions"}],"predecessor-version":[{"id":2834,"href":"https:\/\/imaginedemain.fr\/index.php\/wp-json\/wp\/v2\/posts\/2717\/revisions\/2834"}],"wp:featuredmedia":[{"embeddable":true,"href":"https:\/\/imaginedemain.fr\/index.php\/wp-json\/wp\/v2\/media\/2730"}],"wp:attachment":[{"href":"https:\/\/imaginedemain.fr\/index.php\/wp-json\/wp\/v2\/media?parent=2717"}],"wp:term":[{"taxonomy":"category","embeddable":true,"href":"https:\/\/imaginedemain.fr\/index.php\/wp-json\/wp\/v2\/categories?post=2717"},{"taxonomy":"post_tag","embeddable":true,"href":"https:\/\/imaginedemain.fr\/index.php\/wp-json\/wp\/v2\/tags?post=2717"}],"curies":[{"name":"wp","href":"https:\/\/api.w.org\/{rel}","templated":true}]}}