{"id":3610,"date":"2018-02-16T15:29:56","date_gmt":"2018-02-16T14:29:56","guid":{"rendered":"http:\/\/imaginedemain.fr\/?p=3610"},"modified":"2018-02-14T12:44:18","modified_gmt":"2018-02-14T11:44:18","slug":"don-felipe-sevissaient-farc","status":"publish","type":"post","link":"https:\/\/imaginedemain.fr\/index.php\/2018\/02\/16\/don-felipe-sevissaient-farc\/","title":{"rendered":"Don Felipe o\u00f9 s\u00e9vissaient les FARC"},"content":{"rendered":"<p><!--more-->Notre support en Colombie, Aventure Colombia, nous avait propos\u00e9 un trek au nom prometteur, \u00ab\u00a0El camino verde\u00a0\u00bb, trois jours dans la Cordillera centrale, au coeur de l&rsquo;Antioquia, \u00e0 l&rsquo;est de Medellin. Nous avions alors coch\u00e9 la case.<br \/>\nAussi lever \u00e0 5 heures du matin pour rejoindre en voiture le point de d\u00e9part \u00e0 3h30 de route. La vitesse moyenne ne d\u00e9passe jamais 30km\/h, et peut vite tomber \u00e0 10 ou 20km\/h quand la route perd son cap dans des s\u00e9ries interminables de lacets entrecoup\u00e9s de travaux et surcharg\u00e9e de camions poussifs.<br \/>\nApres quelques p\u00e9rip\u00e9ties le contact est \u00e9tabli avec notre accompagnateur, Rosco, un grand gars \u00e9panoui, d&rsquo;allure sportive, quoique fumeur inv\u00e9t\u00e9r\u00e9. Dans un espagnol roucoulant, il me donne du \u00ab\u00a0Don Felipe\u00a0\u00bb d\u00e8s les pr\u00e9sentations, m&rsquo;\u00e9voquant irr\u00e9sistiblement le Don Diego, alias Zorro, de notre enfance.<\/p>\n<p><img data-recalc-dims=\"1\" loading=\"lazy\" decoding=\"async\" data-attachment-id=\"3690\" data-permalink=\"https:\/\/imaginedemain.fr\/index.php\/2018\/02\/16\/don-felipe-sevissaient-farc\/lrg_dsc02240-2\/\" data-orig-file=\"https:\/\/i0.wp.com\/imaginedemain.fr\/wp-content\/uploads\/2018\/02\/LRG_DSC02240-1.jpeg?fit=978%2C904&amp;ssl=1\" data-orig-size=\"978,904\" data-comments-opened=\"1\" data-image-meta=\"{&quot;aperture&quot;:&quot;3.2&quot;,&quot;credit&quot;:&quot;&quot;,&quot;camera&quot;:&quot;DSC-HX400V&quot;,&quot;caption&quot;:&quot;&quot;,&quot;created_timestamp&quot;:&quot;1518261279&quot;,&quot;copyright&quot;:&quot;&quot;,&quot;focal_length&quot;:&quot;4.71&quot;,&quot;iso&quot;:&quot;80&quot;,&quot;shutter_speed&quot;:&quot;0.025&quot;,&quot;title&quot;:&quot;&quot;,&quot;orientation&quot;:&quot;0&quot;}\" data-image-title=\"LRG_DSC02240\" data-image-description=\"\" data-image-caption=\"\" data-large-file=\"https:\/\/i0.wp.com\/imaginedemain.fr\/wp-content\/uploads\/2018\/02\/LRG_DSC02240-1.jpeg?fit=600%2C555&amp;ssl=1\" class=\"alignnone size-full wp-image-3690\" src=\"https:\/\/i0.wp.com\/imaginedemain.fr\/wp-content\/uploads\/2018\/02\/LRG_DSC02240-1.jpeg?resize=600%2C555\" alt=\"\" width=\"600\" height=\"555\" srcset=\"https:\/\/i0.wp.com\/imaginedemain.fr\/wp-content\/uploads\/2018\/02\/LRG_DSC02240-1.jpeg?w=978&amp;ssl=1 978w, https:\/\/i0.wp.com\/imaginedemain.fr\/wp-content\/uploads\/2018\/02\/LRG_DSC02240-1.jpeg?resize=300%2C277&amp;ssl=1 300w, https:\/\/i0.wp.com\/imaginedemain.fr\/wp-content\/uploads\/2018\/02\/LRG_DSC02240-1.jpeg?resize=768%2C710&amp;ssl=1 768w, https:\/\/i0.wp.com\/imaginedemain.fr\/wp-content\/uploads\/2018\/02\/LRG_DSC02240-1.jpeg?resize=600%2C555&amp;ssl=1 600w\" sizes=\"auto, (max-width: 600px) 100vw, 600px\" \/><br \/>\nNous voil\u00e0 partis pour trois jours dans l&rsquo;inconnu.<br \/>\nLe d\u00e9part est tr\u00e8s doux, suave en&nbsp;espa\u00f1ol, 400 \u00e0 500 m\u00e8tres de mont\u00e9e, une broutille dans une campagne toute tropicale, champs de patates, vergers de tomates d&rsquo;arboles, goyaves et grenades, jusqu&rsquo;\u00e0 atteindre une cr\u00eate \u00e9lev\u00e9e, dans un secteur de paramo, vers 2800 m\u00e8tres.<\/p>\n<p class=\"jetpack-slideshow-noscript robots-nocontent\">Ce diaporama n\u00e9cessite JavaScript.<\/p><div id=\"gallery-3610-1-slideshow\" class=\"jetpack-slideshow-window jetpack-slideshow jetpack-slideshow-black\" data-trans=\"fade\" data-autostart=\"1\" data-gallery=\"[{&quot;src&quot;:&quot;https:\\\/\\\/i0.wp.com\\\/imaginedemain.fr\\\/wp-content\\\/uploads\\\/2018\\\/02\\\/LRG_DSC02055.jpeg?fit=1920%2C1080\\u0026ssl=1&quot;,&quot;id&quot;:&quot;3625&quot;,&quot;title&quot;:&quot;LRG_DSC02055&quot;,&quot;alt&quot;:&quot;&quot;,&quot;caption&quot;:&quot;&quot;,&quot;itemprop&quot;:&quot;image&quot;},{&quot;src&quot;:&quot;https:\\\/\\\/i0.wp.com\\\/imaginedemain.fr\\\/wp-content\\\/uploads\\\/2018\\\/02\\\/LRG_DSC02062.jpeg?fit=1920%2C1080\\u0026ssl=1&quot;,&quot;id&quot;:&quot;3627&quot;,&quot;title&quot;:&quot;LRG_DSC02062&quot;,&quot;alt&quot;:&quot;&quot;,&quot;caption&quot;:&quot;&quot;,&quot;itemprop&quot;:&quot;image&quot;},{&quot;src&quot;:&quot;https:\\\/\\\/i0.wp.com\\\/imaginedemain.fr\\\/wp-content\\\/uploads\\\/2018\\\/02\\\/LRG_DSC02061.jpeg?fit=1920%2C1080\\u0026ssl=1&quot;,&quot;id&quot;:&quot;3626&quot;,&quot;title&quot;:&quot;LRG_DSC02061&quot;,&quot;alt&quot;:&quot;&quot;,&quot;caption&quot;:&quot;&quot;,&quot;itemprop&quot;:&quot;image&quot;}]\" itemscope itemtype=\"https:\/\/schema.org\/ImageGallery\"><\/div>\n<p>Au col tout change. Nous plongeons en chute libre pour une descente de 1500 m\u00e8tres, sur un sentier muletier pav\u00e9 de gros blocs de pierre rendus glissants par la pluie et le brouillard. Une bavante \u00e0 l&rsquo;\u00e9tat pur! Il faut une telle concentration pour g\u00e9rer chaque pas, chaque marche, chaque poche de boue, que l&rsquo;appareil photo reste pour une fois coinc\u00e9 dans le sac.<\/p>\n<p class=\"jetpack-slideshow-noscript robots-nocontent\">Ce diaporama n\u00e9cessite JavaScript.<\/p><div id=\"gallery-3610-2-slideshow\" class=\"jetpack-slideshow-window jetpack-slideshow jetpack-slideshow-black\" data-trans=\"fade\" data-autostart=\"1\" data-gallery=\"[{&quot;src&quot;:&quot;https:\\\/\\\/i0.wp.com\\\/imaginedemain.fr\\\/wp-content\\\/uploads\\\/2018\\\/02\\\/LRG_DSC02065.jpeg?fit=1920%2C1080\\u0026ssl=1&quot;,&quot;id&quot;:&quot;3628&quot;,&quot;title&quot;:&quot;LRG_DSC02065&quot;,&quot;alt&quot;:&quot;&quot;,&quot;caption&quot;:&quot;&quot;,&quot;itemprop&quot;:&quot;image&quot;},{&quot;src&quot;:&quot;https:\\\/\\\/i0.wp.com\\\/imaginedemain.fr\\\/wp-content\\\/uploads\\\/2018\\\/02\\\/LRG_DSC02072.jpeg?fit=1920%2C1080\\u0026ssl=1&quot;,&quot;id&quot;:&quot;3631&quot;,&quot;title&quot;:&quot;LRG_DSC02072&quot;,&quot;alt&quot;:&quot;&quot;,&quot;caption&quot;:&quot;&quot;,&quot;itemprop&quot;:&quot;image&quot;},{&quot;src&quot;:&quot;https:\\\/\\\/i0.wp.com\\\/imaginedemain.fr\\\/wp-content\\\/uploads\\\/2018\\\/02\\\/LRG_DSC02067.jpeg?fit=1920%2C1080\\u0026ssl=1&quot;,&quot;id&quot;:&quot;3629&quot;,&quot;title&quot;:&quot;LRG_DSC02067&quot;,&quot;alt&quot;:&quot;&quot;,&quot;caption&quot;:&quot;&quot;,&quot;itemprop&quot;:&quot;image&quot;},{&quot;src&quot;:&quot;https:\\\/\\\/i0.wp.com\\\/imaginedemain.fr\\\/wp-content\\\/uploads\\\/2018\\\/02\\\/LRG_DSC02068.jpeg?fit=1920%2C1080\\u0026ssl=1&quot;,&quot;id&quot;:&quot;3630&quot;,&quot;title&quot;:&quot;LRG_DSC02068&quot;,&quot;alt&quot;:&quot;&quot;,&quot;caption&quot;:&quot;&quot;,&quot;itemprop&quot;:&quot;image&quot;}]\" itemscope itemtype=\"https:\/\/schema.org\/ImageGallery\"><\/div>\n<p>Prairies rejointes, alors que nous pensions ranger le parachute, notre guide nous fait prendre quelques raccourcis en trace verticale dans la pente humide. Trois, quatre chutes plus bas, nous voil\u00e0 rendus dans une finca d\u00e9sol\u00e9e, plus mis\u00e9rable qu&rsquo;Hugo, la plus haute d&rsquo;une vall\u00e9e qu&rsquo;aucune route ne rejoindra jamais.<br \/>\nHeureusement les premiers signes de la vie locale se manifestent, une araign\u00e9e aussi venimeuse que velue, des papillons au design soign\u00e9, et surtout des campesinos et des mules, l&rsquo;essence m\u00eame de ces vall\u00e9es.<\/p>\n<p class=\"jetpack-slideshow-noscript robots-nocontent\">Ce diaporama n\u00e9cessite JavaScript.<\/p><div id=\"gallery-3610-3-slideshow\" class=\"jetpack-slideshow-window jetpack-slideshow jetpack-slideshow-black\" data-trans=\"fade\" data-autostart=\"1\" data-gallery=\"[{&quot;src&quot;:&quot;https:\\\/\\\/i0.wp.com\\\/imaginedemain.fr\\\/wp-content\\\/uploads\\\/2018\\\/02\\\/LRG_DSC02078.jpeg?fit=1920%2C1080\\u0026ssl=1&quot;,&quot;id&quot;:&quot;3632&quot;,&quot;title&quot;:&quot;LRG_DSC02078&quot;,&quot;alt&quot;:&quot;&quot;,&quot;caption&quot;:&quot;&quot;,&quot;itemprop&quot;:&quot;image&quot;},{&quot;src&quot;:&quot;https:\\\/\\\/i0.wp.com\\\/imaginedemain.fr\\\/wp-content\\\/uploads\\\/2018\\\/02\\\/LRG_DSC02082.jpeg?fit=1920%2C1080\\u0026ssl=1&quot;,&quot;id&quot;:&quot;3633&quot;,&quot;title&quot;:&quot;LRG_DSC02082&quot;,&quot;alt&quot;:&quot;&quot;,&quot;caption&quot;:&quot;&quot;,&quot;itemprop&quot;:&quot;image&quot;},{&quot;src&quot;:&quot;https:\\\/\\\/i0.wp.com\\\/imaginedemain.fr\\\/wp-content\\\/uploads\\\/2018\\\/02\\\/LRG_DSC02150.jpeg?fit=1920%2C1080\\u0026ssl=1&quot;,&quot;id&quot;:&quot;3672&quot;,&quot;title&quot;:&quot;LRG_DSC02150&quot;,&quot;alt&quot;:&quot;&quot;,&quot;caption&quot;:&quot;&quot;,&quot;itemprop&quot;:&quot;image&quot;},{&quot;src&quot;:&quot;https:\\\/\\\/i0.wp.com\\\/imaginedemain.fr\\\/wp-content\\\/uploads\\\/2018\\\/02\\\/LRG_DSC02153.jpeg?fit=1920%2C1080\\u0026ssl=1&quot;,&quot;id&quot;:&quot;3673&quot;,&quot;title&quot;:&quot;LRG_DSC02153&quot;,&quot;alt&quot;:&quot;&quot;,&quot;caption&quot;:&quot;&quot;,&quot;itemprop&quot;:&quot;image&quot;},{&quot;src&quot;:&quot;https:\\\/\\\/i0.wp.com\\\/imaginedemain.fr\\\/wp-content\\\/uploads\\\/2018\\\/02\\\/IMG_5581.jpg?fit=1773%2C997\\u0026ssl=1&quot;,&quot;id&quot;:&quot;3676&quot;,&quot;title&quot;:&quot;IMG_5581&quot;,&quot;alt&quot;:&quot;&quot;,&quot;caption&quot;:&quot;&quot;,&quot;itemprop&quot;:&quot;image&quot;},{&quot;src&quot;:&quot;https:\\\/\\\/i0.wp.com\\\/imaginedemain.fr\\\/wp-content\\\/uploads\\\/2018\\\/02\\\/LRG_DSC02144.jpeg?fit=1920%2C1080\\u0026ssl=1&quot;,&quot;id&quot;:&quot;3669&quot;,&quot;title&quot;:&quot;LRG_DSC02144&quot;,&quot;alt&quot;:&quot;&quot;,&quot;caption&quot;:&quot;&quot;,&quot;itemprop&quot;:&quot;image&quot;},{&quot;src&quot;:&quot;https:\\\/\\\/i0.wp.com\\\/imaginedemain.fr\\\/wp-content\\\/uploads\\\/2018\\\/02\\\/LRG_DSC02145.jpeg?fit=1920%2C1080\\u0026ssl=1&quot;,&quot;id&quot;:&quot;3670&quot;,&quot;title&quot;:&quot;LRG_DSC02145&quot;,&quot;alt&quot;:&quot;&quot;,&quot;caption&quot;:&quot;&quot;,&quot;itemprop&quot;:&quot;image&quot;}]\" itemscope itemtype=\"https:\/\/schema.org\/ImageGallery\"><\/div>\n<p>Rosco nous indique que la vall\u00e9e n&rsquo;est s\u00e9curis\u00e9e que depuis 5 \u00e0 6 ans, car elle \u00e9tait auparavant sous le contr\u00f4le des d\u00e9testables FARC, les forces arm\u00e9es r\u00e9volutionnaires colombiennes.<br \/>\nLorsque nous rejoignons enfin notre finca en fin d&rsquo;apr\u00e8s-midi, nous sommes carr\u00e9ment hagards de fatigue, tout juste&nbsp;capables d&rsquo;articuler un buenas tardes exsangue. Mais Rosco, plus que bavard, clope sur clope, occupe abondamment le terrain.<br \/>\nC&rsquo;est une finca de polyculture locale, caf\u00e9, canne \u00e0 sucre, papas, et pour les animaux, tout ce qu&rsquo;une petite ganaderia peut compter, de la banale poule caquettante \u00e0 la vache un tantinet z\u00e9bu efflanqu\u00e9, en passant par mules et chevaux, la cr\u00e8me de la cr\u00e8me en ces lieux. Don Ricardo, propri\u00e9taire de cette modeste finca, nous y re\u00e7oit avec dignit\u00e9.<\/p>\n<p>Entre Don(s)(?), nous nous comprenons.<br \/>\nUn ouvrier traite la r\u00e9colte de grains de caf\u00e9 du jour, rouges, verts et bruns, comme chaque jour de l&rsquo;ann\u00e9e dans cette r\u00e9gion sans saisons. Grace \u00e0 une machine ad&rsquo;hoc, il extrait les grains de caf\u00e9 et rejette leur peau, source d&rsquo;un excellent engrais pour la canne \u00e0 sucre.<\/p>\n<p class=\"jetpack-slideshow-noscript robots-nocontent\">Ce diaporama n\u00e9cessite JavaScript.<\/p><div id=\"gallery-3610-4-slideshow\" class=\"jetpack-slideshow-window jetpack-slideshow jetpack-slideshow-black\" data-trans=\"fade\" data-autostart=\"1\" data-gallery=\"[{&quot;src&quot;:&quot;https:\\\/\\\/i0.wp.com\\\/imaginedemain.fr\\\/wp-content\\\/uploads\\\/2018\\\/02\\\/LRG_DSC02091.jpeg?fit=1920%2C1080\\u0026ssl=1&quot;,&quot;id&quot;:&quot;3637&quot;,&quot;title&quot;:&quot;LRG_DSC02091&quot;,&quot;alt&quot;:&quot;&quot;,&quot;caption&quot;:&quot;&quot;,&quot;itemprop&quot;:&quot;image&quot;},{&quot;src&quot;:&quot;https:\\\/\\\/i0.wp.com\\\/imaginedemain.fr\\\/wp-content\\\/uploads\\\/2018\\\/02\\\/LRG_DSC02088.jpeg?fit=1920%2C1080\\u0026ssl=1&quot;,&quot;id&quot;:&quot;3635&quot;,&quot;title&quot;:&quot;LRG_DSC02088&quot;,&quot;alt&quot;:&quot;&quot;,&quot;caption&quot;:&quot;&quot;,&quot;itemprop&quot;:&quot;image&quot;},{&quot;src&quot;:&quot;https:\\\/\\\/i0.wp.com\\\/imaginedemain.fr\\\/wp-content\\\/uploads\\\/2018\\\/02\\\/LRG_DSC02085.jpeg?fit=1920%2C1080\\u0026ssl=1&quot;,&quot;id&quot;:&quot;3634&quot;,&quot;title&quot;:&quot;LRG_DSC02085&quot;,&quot;alt&quot;:&quot;&quot;,&quot;caption&quot;:&quot;&quot;,&quot;itemprop&quot;:&quot;image&quot;},{&quot;src&quot;:&quot;https:\\\/\\\/i0.wp.com\\\/imaginedemain.fr\\\/wp-content\\\/uploads\\\/2018\\\/02\\\/LRG_DSC02089.jpeg?fit=1920%2C1080\\u0026ssl=1&quot;,&quot;id&quot;:&quot;3636&quot;,&quot;title&quot;:&quot;LRG_DSC02089&quot;,&quot;alt&quot;:&quot;&quot;,&quot;caption&quot;:&quot;&quot;,&quot;itemprop&quot;:&quot;image&quot;},{&quot;src&quot;:&quot;https:\\\/\\\/i0.wp.com\\\/imaginedemain.fr\\\/wp-content\\\/uploads\\\/2018\\\/02\\\/LRG_DSC02170.jpeg?fit=1920%2C1080\\u0026ssl=1&quot;,&quot;id&quot;:&quot;3639&quot;,&quot;title&quot;:&quot;LRG_DSC02170&quot;,&quot;alt&quot;:&quot;&quot;,&quot;caption&quot;:&quot;&quot;,&quot;itemprop&quot;:&quot;image&quot;}]\" itemscope itemtype=\"https:\/\/schema.org\/ImageGallery\"><\/div>\n<p>Ces grains de caf\u00e9 sont s\u00e9ch\u00e9s \u00e0 l&rsquo;air libre en deux ou trois jours, avant d&rsquo;\u00eatre ensach\u00e9s pour partir au march\u00e9 de Sons\u00f3n, prononcez sonne-sonne, le bourg d&rsquo;o\u00f9 nous venons. Justement demain matin Don Ricardo partira livrer la production de la semaine, d&rsquo;o\u00f9 une agitation f\u00e9brile dans la finca.<br \/>\nD\u00e8s 4 heures du matin, en pleine nuit, on se r\u00e9veille \u00e0 grand bruit, nous n\u00e9cessairement avec, pour ferrer et charger les mules, 80kg par b\u00eate, elles n&rsquo;ont au fond que 1500 m\u00e8tres bien raides \u00e0 monter ce matin, &#8230; du grand spectacle.<\/p>\n\n\t\t<style type=\"text\/css\">\n\t\t\t#gallery-5 {\n\t\t\t\tmargin: auto;\n\t\t\t}\n\t\t\t#gallery-5 .gallery-item {\n\t\t\t\tfloat: left;\n\t\t\t\tmargin-top: 10px;\n\t\t\t\ttext-align: center;\n\t\t\t\twidth: 33%;\n\t\t\t}\n\t\t\t#gallery-5 img {\n\t\t\t\tborder: 2px solid #cfcfcf;\n\t\t\t}\n\t\t\t#gallery-5 .gallery-caption {\n\t\t\t\tmargin-left: 0;\n\t\t\t}\n\t\t\t\/* see gallery_shortcode() in wp-includes\/media.php *\/\n\t\t<\/style>\n\t\t<div data-carousel-extra='{&quot;blog_id&quot;:1,&quot;permalink&quot;:&quot;https:\/\/imaginedemain.fr\/index.php\/2018\/02\/16\/don-felipe-sevissaient-farc\/&quot;}' id='gallery-5' class='gallery galleryid-3610 gallery-columns-3 gallery-size-thumbnail'><dl class='gallery-item'>\n\t\t\t<dt class='gallery-icon landscape'>\n\t\t\t\t<a href='https:\/\/imaginedemain.fr\/lrg_dsc02096\/'><img loading=\"lazy\" decoding=\"async\" width=\"150\" height=\"150\" src=\"https:\/\/i0.wp.com\/imaginedemain.fr\/wp-content\/uploads\/2018\/02\/LRG_DSC02096.jpeg?resize=150%2C150&amp;ssl=1\" class=\"attachment-thumbnail size-thumbnail\" alt=\"\" srcset=\"https:\/\/i0.wp.com\/imaginedemain.fr\/wp-content\/uploads\/2018\/02\/LRG_DSC02096.jpeg?resize=150%2C150&amp;ssl=1 150w, https:\/\/i0.wp.com\/imaginedemain.fr\/wp-content\/uploads\/2018\/02\/LRG_DSC02096.jpeg?resize=50%2C50&amp;ssl=1 50w, https:\/\/i0.wp.com\/imaginedemain.fr\/wp-content\/uploads\/2018\/02\/LRG_DSC02096.jpeg?zoom=2&amp;resize=150%2C150&amp;ssl=1 300w, https:\/\/i0.wp.com\/imaginedemain.fr\/wp-content\/uploads\/2018\/02\/LRG_DSC02096.jpeg?zoom=3&amp;resize=150%2C150&amp;ssl=1 450w\" sizes=\"auto, (max-width: 150px) 100vw, 150px\" data-attachment-id=\"3655\" data-permalink=\"https:\/\/imaginedemain.fr\/lrg_dsc02096\/\" data-orig-file=\"https:\/\/i0.wp.com\/imaginedemain.fr\/wp-content\/uploads\/2018\/02\/LRG_DSC02096.jpeg?fit=1920%2C1080&amp;ssl=1\" data-orig-size=\"1920,1080\" data-comments-opened=\"1\" data-image-meta=\"{&quot;aperture&quot;:&quot;3.2&quot;,&quot;credit&quot;:&quot;&quot;,&quot;camera&quot;:&quot;DSC-HX400V&quot;,&quot;caption&quot;:&quot;&quot;,&quot;created_timestamp&quot;:&quot;1518156493&quot;,&quot;copyright&quot;:&quot;&quot;,&quot;focal_length&quot;:&quot;6.93&quot;,&quot;iso&quot;:&quot;1600&quot;,&quot;shutter_speed&quot;:&quot;0.1&quot;,&quot;title&quot;:&quot;&quot;,&quot;orientation&quot;:&quot;1&quot;}\" data-image-title=\"LRG_DSC02096\" data-image-description=\"\" data-image-caption=\"\" data-large-file=\"https:\/\/i0.wp.com\/imaginedemain.fr\/wp-content\/uploads\/2018\/02\/LRG_DSC02096.jpeg?fit=600%2C338&amp;ssl=1\" \/><\/a>\n\t\t\t<\/dt><\/dl><dl class='gallery-item'>\n\t\t\t<dt class='gallery-icon landscape'>\n\t\t\t\t<a href='https:\/\/imaginedemain.fr\/lrg_dsc02098\/'><img loading=\"lazy\" decoding=\"async\" width=\"150\" height=\"150\" src=\"https:\/\/i0.wp.com\/imaginedemain.fr\/wp-content\/uploads\/2018\/02\/LRG_DSC02098.jpeg?resize=150%2C150&amp;ssl=1\" class=\"attachment-thumbnail size-thumbnail\" alt=\"\" srcset=\"https:\/\/i0.wp.com\/imaginedemain.fr\/wp-content\/uploads\/2018\/02\/LRG_DSC02098.jpeg?resize=150%2C150&amp;ssl=1 150w, https:\/\/i0.wp.com\/imaginedemain.fr\/wp-content\/uploads\/2018\/02\/LRG_DSC02098.jpeg?resize=50%2C50&amp;ssl=1 50w, https:\/\/i0.wp.com\/imaginedemain.fr\/wp-content\/uploads\/2018\/02\/LRG_DSC02098.jpeg?zoom=2&amp;resize=150%2C150&amp;ssl=1 300w, https:\/\/i0.wp.com\/imaginedemain.fr\/wp-content\/uploads\/2018\/02\/LRG_DSC02098.jpeg?zoom=3&amp;resize=150%2C150&amp;ssl=1 450w\" sizes=\"auto, (max-width: 150px) 100vw, 150px\" data-attachment-id=\"3656\" data-permalink=\"https:\/\/imaginedemain.fr\/lrg_dsc02098\/\" data-orig-file=\"https:\/\/i0.wp.com\/imaginedemain.fr\/wp-content\/uploads\/2018\/02\/LRG_DSC02098.jpeg?fit=1920%2C1080&amp;ssl=1\" data-orig-size=\"1920,1080\" data-comments-opened=\"1\" data-image-meta=\"{&quot;aperture&quot;:&quot;3.2&quot;,&quot;credit&quot;:&quot;&quot;,&quot;camera&quot;:&quot;DSC-HX400V&quot;,&quot;caption&quot;:&quot;&quot;,&quot;created_timestamp&quot;:&quot;1518156536&quot;,&quot;copyright&quot;:&quot;&quot;,&quot;focal_length&quot;:&quot;6.93&quot;,&quot;iso&quot;:&quot;1250&quot;,&quot;shutter_speed&quot;:&quot;0.2&quot;,&quot;title&quot;:&quot;&quot;,&quot;orientation&quot;:&quot;1&quot;}\" data-image-title=\"LRG_DSC02098\" data-image-description=\"\" data-image-caption=\"\" data-large-file=\"https:\/\/i0.wp.com\/imaginedemain.fr\/wp-content\/uploads\/2018\/02\/LRG_DSC02098.jpeg?fit=600%2C338&amp;ssl=1\" \/><\/a>\n\t\t\t<\/dt><\/dl><dl class='gallery-item'>\n\t\t\t<dt class='gallery-icon landscape'>\n\t\t\t\t<a href='https:\/\/imaginedemain.fr\/lrg_dsc02112\/'><img loading=\"lazy\" decoding=\"async\" width=\"150\" height=\"150\" src=\"https:\/\/i0.wp.com\/imaginedemain.fr\/wp-content\/uploads\/2018\/02\/LRG_DSC02112.jpeg?resize=150%2C150&amp;ssl=1\" class=\"attachment-thumbnail size-thumbnail\" alt=\"\" srcset=\"https:\/\/i0.wp.com\/imaginedemain.fr\/wp-content\/uploads\/2018\/02\/LRG_DSC02112.jpeg?resize=150%2C150&amp;ssl=1 150w, https:\/\/i0.wp.com\/imaginedemain.fr\/wp-content\/uploads\/2018\/02\/LRG_DSC02112.jpeg?resize=50%2C50&amp;ssl=1 50w, https:\/\/i0.wp.com\/imaginedemain.fr\/wp-content\/uploads\/2018\/02\/LRG_DSC02112.jpeg?zoom=2&amp;resize=150%2C150&amp;ssl=1 300w, https:\/\/i0.wp.com\/imaginedemain.fr\/wp-content\/uploads\/2018\/02\/LRG_DSC02112.jpeg?zoom=3&amp;resize=150%2C150&amp;ssl=1 450w\" sizes=\"auto, (max-width: 150px) 100vw, 150px\" data-attachment-id=\"3658\" data-permalink=\"https:\/\/imaginedemain.fr\/lrg_dsc02112\/\" data-orig-file=\"https:\/\/i0.wp.com\/imaginedemain.fr\/wp-content\/uploads\/2018\/02\/LRG_DSC02112.jpeg?fit=1920%2C1080&amp;ssl=1\" data-orig-size=\"1920,1080\" data-comments-opened=\"1\" data-image-meta=\"{&quot;aperture&quot;:&quot;2.8&quot;,&quot;credit&quot;:&quot;&quot;,&quot;camera&quot;:&quot;DSC-HX400V&quot;,&quot;caption&quot;:&quot;&quot;,&quot;created_timestamp&quot;:&quot;1518157589&quot;,&quot;copyright&quot;:&quot;&quot;,&quot;focal_length&quot;:&quot;4.3&quot;,&quot;iso&quot;:&quot;1600&quot;,&quot;shutter_speed&quot;:&quot;0.004&quot;,&quot;title&quot;:&quot;&quot;,&quot;orientation&quot;:&quot;1&quot;}\" data-image-title=\"LRG_DSC02112\" data-image-description=\"\" data-image-caption=\"\" data-large-file=\"https:\/\/i0.wp.com\/imaginedemain.fr\/wp-content\/uploads\/2018\/02\/LRG_DSC02112.jpeg?fit=600%2C338&amp;ssl=1\" \/><\/a>\n\t\t\t<\/dt><\/dl><br style=\"clear: both\" \/><dl class='gallery-item'>\n\t\t\t<dt class='gallery-icon landscape'>\n\t\t\t\t<a href='https:\/\/imaginedemain.fr\/lrg_dsc02115\/'><img loading=\"lazy\" decoding=\"async\" width=\"150\" height=\"150\" src=\"https:\/\/i0.wp.com\/imaginedemain.fr\/wp-content\/uploads\/2018\/02\/LRG_DSC02115.jpeg?resize=150%2C150&amp;ssl=1\" class=\"attachment-thumbnail size-thumbnail\" alt=\"\" srcset=\"https:\/\/i0.wp.com\/imaginedemain.fr\/wp-content\/uploads\/2018\/02\/LRG_DSC02115.jpeg?resize=150%2C150&amp;ssl=1 150w, https:\/\/i0.wp.com\/imaginedemain.fr\/wp-content\/uploads\/2018\/02\/LRG_DSC02115.jpeg?resize=50%2C50&amp;ssl=1 50w, https:\/\/i0.wp.com\/imaginedemain.fr\/wp-content\/uploads\/2018\/02\/LRG_DSC02115.jpeg?zoom=2&amp;resize=150%2C150&amp;ssl=1 300w, https:\/\/i0.wp.com\/imaginedemain.fr\/wp-content\/uploads\/2018\/02\/LRG_DSC02115.jpeg?zoom=3&amp;resize=150%2C150&amp;ssl=1 450w\" sizes=\"auto, (max-width: 150px) 100vw, 150px\" data-attachment-id=\"3659\" data-permalink=\"https:\/\/imaginedemain.fr\/lrg_dsc02115\/\" data-orig-file=\"https:\/\/i0.wp.com\/imaginedemain.fr\/wp-content\/uploads\/2018\/02\/LRG_DSC02115.jpeg?fit=1920%2C1080&amp;ssl=1\" data-orig-size=\"1920,1080\" data-comments-opened=\"1\" data-image-meta=\"{&quot;aperture&quot;:&quot;4&quot;,&quot;credit&quot;:&quot;&quot;,&quot;camera&quot;:&quot;DSC-HX400V&quot;,&quot;caption&quot;:&quot;&quot;,&quot;created_timestamp&quot;:&quot;1518157623&quot;,&quot;copyright&quot;:&quot;&quot;,&quot;focal_length&quot;:&quot;14.66&quot;,&quot;iso&quot;:&quot;640&quot;,&quot;shutter_speed&quot;:&quot;0.008&quot;,&quot;title&quot;:&quot;&quot;,&quot;orientation&quot;:&quot;1&quot;}\" data-image-title=\"LRG_DSC02115\" data-image-description=\"\" data-image-caption=\"\" data-large-file=\"https:\/\/i0.wp.com\/imaginedemain.fr\/wp-content\/uploads\/2018\/02\/LRG_DSC02115.jpeg?fit=600%2C338&amp;ssl=1\" \/><\/a>\n\t\t\t<\/dt><\/dl><dl class='gallery-item'>\n\t\t\t<dt class='gallery-icon landscape'>\n\t\t\t\t<a href='https:\/\/imaginedemain.fr\/lrg_dsc02105\/'><img loading=\"lazy\" decoding=\"async\" width=\"150\" height=\"150\" src=\"https:\/\/i0.wp.com\/imaginedemain.fr\/wp-content\/uploads\/2018\/02\/LRG_DSC02105.jpeg?resize=150%2C150&amp;ssl=1\" class=\"attachment-thumbnail size-thumbnail\" alt=\"\" srcset=\"https:\/\/i0.wp.com\/imaginedemain.fr\/wp-content\/uploads\/2018\/02\/LRG_DSC02105.jpeg?resize=150%2C150&amp;ssl=1 150w, https:\/\/i0.wp.com\/imaginedemain.fr\/wp-content\/uploads\/2018\/02\/LRG_DSC02105.jpeg?resize=50%2C50&amp;ssl=1 50w, https:\/\/i0.wp.com\/imaginedemain.fr\/wp-content\/uploads\/2018\/02\/LRG_DSC02105.jpeg?zoom=2&amp;resize=150%2C150&amp;ssl=1 300w, https:\/\/i0.wp.com\/imaginedemain.fr\/wp-content\/uploads\/2018\/02\/LRG_DSC02105.jpeg?zoom=3&amp;resize=150%2C150&amp;ssl=1 450w\" sizes=\"auto, (max-width: 150px) 100vw, 150px\" data-attachment-id=\"3657\" data-permalink=\"https:\/\/imaginedemain.fr\/lrg_dsc02105\/\" data-orig-file=\"https:\/\/i0.wp.com\/imaginedemain.fr\/wp-content\/uploads\/2018\/02\/LRG_DSC02105.jpeg?fit=1920%2C1080&amp;ssl=1\" data-orig-size=\"1920,1080\" data-comments-opened=\"1\" data-image-meta=\"{&quot;aperture&quot;:&quot;2.8&quot;,&quot;credit&quot;:&quot;&quot;,&quot;camera&quot;:&quot;DSC-HX400V&quot;,&quot;caption&quot;:&quot;&quot;,&quot;created_timestamp&quot;:&quot;1518157282&quot;,&quot;copyright&quot;:&quot;&quot;,&quot;focal_length&quot;:&quot;4.3&quot;,&quot;iso&quot;:&quot;320&quot;,&quot;shutter_speed&quot;:&quot;0.033333333333333&quot;,&quot;title&quot;:&quot;&quot;,&quot;orientation&quot;:&quot;1&quot;}\" data-image-title=\"LRG_DSC02105\" data-image-description=\"\" data-image-caption=\"\" data-large-file=\"https:\/\/i0.wp.com\/imaginedemain.fr\/wp-content\/uploads\/2018\/02\/LRG_DSC02105.jpeg?fit=600%2C338&amp;ssl=1\" \/><\/a>\n\t\t\t<\/dt><\/dl><dl class='gallery-item'>\n\t\t\t<dt class='gallery-icon landscape'>\n\t\t\t\t<a href='https:\/\/imaginedemain.fr\/lrg_dsc02117\/'><img loading=\"lazy\" decoding=\"async\" width=\"150\" height=\"150\" src=\"https:\/\/i0.wp.com\/imaginedemain.fr\/wp-content\/uploads\/2018\/02\/LRG_DSC02117.jpeg?resize=150%2C150&amp;ssl=1\" class=\"attachment-thumbnail size-thumbnail\" alt=\"\" srcset=\"https:\/\/i0.wp.com\/imaginedemain.fr\/wp-content\/uploads\/2018\/02\/LRG_DSC02117.jpeg?resize=150%2C150&amp;ssl=1 150w, https:\/\/i0.wp.com\/imaginedemain.fr\/wp-content\/uploads\/2018\/02\/LRG_DSC02117.jpeg?resize=50%2C50&amp;ssl=1 50w, https:\/\/i0.wp.com\/imaginedemain.fr\/wp-content\/uploads\/2018\/02\/LRG_DSC02117.jpeg?zoom=2&amp;resize=150%2C150&amp;ssl=1 300w, https:\/\/i0.wp.com\/imaginedemain.fr\/wp-content\/uploads\/2018\/02\/LRG_DSC02117.jpeg?zoom=3&amp;resize=150%2C150&amp;ssl=1 450w\" sizes=\"auto, (max-width: 150px) 100vw, 150px\" data-attachment-id=\"3660\" data-permalink=\"https:\/\/imaginedemain.fr\/lrg_dsc02117\/\" data-orig-file=\"https:\/\/i0.wp.com\/imaginedemain.fr\/wp-content\/uploads\/2018\/02\/LRG_DSC02117.jpeg?fit=1920%2C1080&amp;ssl=1\" data-orig-size=\"1920,1080\" data-comments-opened=\"1\" data-image-meta=\"{&quot;aperture&quot;:&quot;3.2&quot;,&quot;credit&quot;:&quot;&quot;,&quot;camera&quot;:&quot;DSC-HX400V&quot;,&quot;caption&quot;:&quot;&quot;,&quot;created_timestamp&quot;:&quot;1518158625&quot;,&quot;copyright&quot;:&quot;&quot;,&quot;focal_length&quot;:&quot;5.67&quot;,&quot;iso&quot;:&quot;100&quot;,&quot;shutter_speed&quot;:&quot;0.025&quot;,&quot;title&quot;:&quot;&quot;,&quot;orientation&quot;:&quot;1&quot;}\" data-image-title=\"LRG_DSC02117\" data-image-description=\"\" data-image-caption=\"\" data-large-file=\"https:\/\/i0.wp.com\/imaginedemain.fr\/wp-content\/uploads\/2018\/02\/LRG_DSC02117.jpeg?fit=600%2C338&amp;ssl=1\" \/><\/a>\n\t\t\t<\/dt><\/dl><br style=\"clear: both\" \/><dl class='gallery-item'>\n\t\t\t<dt class='gallery-icon landscape'>\n\t\t\t\t<a href='https:\/\/imaginedemain.fr\/lrg_dsc02118\/'><img loading=\"lazy\" decoding=\"async\" width=\"150\" height=\"150\" src=\"https:\/\/i0.wp.com\/imaginedemain.fr\/wp-content\/uploads\/2018\/02\/LRG_DSC02118.jpeg?resize=150%2C150&amp;ssl=1\" class=\"attachment-thumbnail size-thumbnail\" alt=\"\" srcset=\"https:\/\/i0.wp.com\/imaginedemain.fr\/wp-content\/uploads\/2018\/02\/LRG_DSC02118.jpeg?resize=150%2C150&amp;ssl=1 150w, https:\/\/i0.wp.com\/imaginedemain.fr\/wp-content\/uploads\/2018\/02\/LRG_DSC02118.jpeg?resize=50%2C50&amp;ssl=1 50w, https:\/\/i0.wp.com\/imaginedemain.fr\/wp-content\/uploads\/2018\/02\/LRG_DSC02118.jpeg?zoom=2&amp;resize=150%2C150&amp;ssl=1 300w, https:\/\/i0.wp.com\/imaginedemain.fr\/wp-content\/uploads\/2018\/02\/LRG_DSC02118.jpeg?zoom=3&amp;resize=150%2C150&amp;ssl=1 450w\" sizes=\"auto, (max-width: 150px) 100vw, 150px\" data-attachment-id=\"3661\" data-permalink=\"https:\/\/imaginedemain.fr\/lrg_dsc02118\/\" data-orig-file=\"https:\/\/i0.wp.com\/imaginedemain.fr\/wp-content\/uploads\/2018\/02\/LRG_DSC02118.jpeg?fit=1920%2C1080&amp;ssl=1\" data-orig-size=\"1920,1080\" data-comments-opened=\"1\" data-image-meta=\"{&quot;aperture&quot;:&quot;3.2&quot;,&quot;credit&quot;:&quot;&quot;,&quot;camera&quot;:&quot;DSC-HX400V&quot;,&quot;caption&quot;:&quot;&quot;,&quot;created_timestamp&quot;:&quot;1518158636&quot;,&quot;copyright&quot;:&quot;&quot;,&quot;focal_length&quot;:&quot;5.67&quot;,&quot;iso&quot;:&quot;125&quot;,&quot;shutter_speed&quot;:&quot;0.025&quot;,&quot;title&quot;:&quot;&quot;,&quot;orientation&quot;:&quot;1&quot;}\" data-image-title=\"LRG_DSC02118\" data-image-description=\"\" data-image-caption=\"\" data-large-file=\"https:\/\/i0.wp.com\/imaginedemain.fr\/wp-content\/uploads\/2018\/02\/LRG_DSC02118.jpeg?fit=600%2C338&amp;ssl=1\" \/><\/a>\n\t\t\t<\/dt><\/dl><dl class='gallery-item'>\n\t\t\t<dt class='gallery-icon landscape'>\n\t\t\t\t<a href='https:\/\/imaginedemain.fr\/lrg_dsc02093\/'><img loading=\"lazy\" decoding=\"async\" width=\"150\" height=\"150\" src=\"https:\/\/i0.wp.com\/imaginedemain.fr\/wp-content\/uploads\/2018\/02\/LRG_DSC02093.jpeg?resize=150%2C150&amp;ssl=1\" class=\"attachment-thumbnail size-thumbnail\" alt=\"\" srcset=\"https:\/\/i0.wp.com\/imaginedemain.fr\/wp-content\/uploads\/2018\/02\/LRG_DSC02093.jpeg?resize=150%2C150&amp;ssl=1 150w, https:\/\/i0.wp.com\/imaginedemain.fr\/wp-content\/uploads\/2018\/02\/LRG_DSC02093.jpeg?resize=50%2C50&amp;ssl=1 50w, https:\/\/i0.wp.com\/imaginedemain.fr\/wp-content\/uploads\/2018\/02\/LRG_DSC02093.jpeg?zoom=2&amp;resize=150%2C150&amp;ssl=1 300w, https:\/\/i0.wp.com\/imaginedemain.fr\/wp-content\/uploads\/2018\/02\/LRG_DSC02093.jpeg?zoom=3&amp;resize=150%2C150&amp;ssl=1 450w\" sizes=\"auto, (max-width: 150px) 100vw, 150px\" data-attachment-id=\"3654\" data-permalink=\"https:\/\/imaginedemain.fr\/lrg_dsc02093\/\" data-orig-file=\"https:\/\/i0.wp.com\/imaginedemain.fr\/wp-content\/uploads\/2018\/02\/LRG_DSC02093.jpeg?fit=1920%2C1080&amp;ssl=1\" data-orig-size=\"1920,1080\" data-comments-opened=\"1\" data-image-meta=\"{&quot;aperture&quot;:&quot;2.8&quot;,&quot;credit&quot;:&quot;&quot;,&quot;camera&quot;:&quot;DSC-HX400V&quot;,&quot;caption&quot;:&quot;&quot;,&quot;created_timestamp&quot;:&quot;1518156341&quot;,&quot;copyright&quot;:&quot;&quot;,&quot;focal_length&quot;:&quot;4.3&quot;,&quot;iso&quot;:&quot;800&quot;,&quot;shutter_speed&quot;:&quot;0.16666666666667&quot;,&quot;title&quot;:&quot;&quot;,&quot;orientation&quot;:&quot;1&quot;}\" data-image-title=\"LRG_DSC02093\" data-image-description=\"\" data-image-caption=\"\" data-large-file=\"https:\/\/i0.wp.com\/imaginedemain.fr\/wp-content\/uploads\/2018\/02\/LRG_DSC02093.jpeg?fit=600%2C338&amp;ssl=1\" \/><\/a>\n\t\t\t<\/dt><\/dl>\n\t\t\t<br style='clear: both' \/>\n\t\t<\/div>\n\n<p>Quant \u00e0 nous, nous poursuivons dans la direction oppos\u00e9e. Nous voil\u00e0 \u00e0 nouveau sur un chemin difficile, quand il existe, pierreux, boueux, au choix, dans un d\u00e9lire v\u00e9g\u00e9tal alors que nous franchissons un nouveau col. 500 \u00e0 600 m\u00e8tres de mont\u00e9e, puis de descente, qui nous font tirer la langue.<\/p>\n<p class=\"jetpack-slideshow-noscript robots-nocontent\">Ce diaporama n\u00e9cessite JavaScript.<\/p><div id=\"gallery-3610-5-slideshow\" class=\"jetpack-slideshow-window jetpack-slideshow jetpack-slideshow-black\" data-trans=\"fade\" data-autostart=\"1\" data-gallery=\"[{&quot;src&quot;:&quot;https:\\\/\\\/i0.wp.com\\\/imaginedemain.fr\\\/wp-content\\\/uploads\\\/2018\\\/02\\\/LRG_DSC02129.jpeg?fit=1920%2C1080\\u0026ssl=1&quot;,&quot;id&quot;:&quot;3664&quot;,&quot;title&quot;:&quot;LRG_DSC02129&quot;,&quot;alt&quot;:&quot;&quot;,&quot;caption&quot;:&quot;&quot;,&quot;itemprop&quot;:&quot;image&quot;},{&quot;src&quot;:&quot;https:\\\/\\\/i0.wp.com\\\/imaginedemain.fr\\\/wp-content\\\/uploads\\\/2018\\\/02\\\/LRG_DSC02134.jpeg?fit=1920%2C1080\\u0026ssl=1&quot;,&quot;id&quot;:&quot;3667&quot;,&quot;title&quot;:&quot;LRG_DSC02134&quot;,&quot;alt&quot;:&quot;&quot;,&quot;caption&quot;:&quot;&quot;,&quot;itemprop&quot;:&quot;image&quot;},{&quot;src&quot;:&quot;https:\\\/\\\/i0.wp.com\\\/imaginedemain.fr\\\/wp-content\\\/uploads\\\/2018\\\/02\\\/LRG_DSC02130.jpeg?fit=1920%2C1080\\u0026ssl=1&quot;,&quot;id&quot;:&quot;3665&quot;,&quot;title&quot;:&quot;LRG_DSC02130&quot;,&quot;alt&quot;:&quot;&quot;,&quot;caption&quot;:&quot;&quot;,&quot;itemprop&quot;:&quot;image&quot;},{&quot;src&quot;:&quot;https:\\\/\\\/i0.wp.com\\\/imaginedemain.fr\\\/wp-content\\\/uploads\\\/2018\\\/02\\\/LRG_DSC02131.jpeg?fit=1920%2C1080\\u0026ssl=1&quot;,&quot;id&quot;:&quot;3666&quot;,&quot;title&quot;:&quot;LRG_DSC02131&quot;,&quot;alt&quot;:&quot;&quot;,&quot;caption&quot;:&quot;&quot;,&quot;itemprop&quot;:&quot;image&quot;},{&quot;src&quot;:&quot;https:\\\/\\\/i0.wp.com\\\/imaginedemain.fr\\\/wp-content\\\/uploads\\\/2018\\\/02\\\/LRG_DSC02138.jpeg?fit=1920%2C1080\\u0026ssl=1&quot;,&quot;id&quot;:&quot;3668&quot;,&quot;title&quot;:&quot;LRG_DSC02138&quot;,&quot;alt&quot;:&quot;&quot;,&quot;caption&quot;:&quot;&quot;,&quot;itemprop&quot;:&quot;image&quot;}]\" itemscope itemtype=\"https:\/\/schema.org\/ImageGallery\"><\/div>\n<p>Apr\u00e9s notre almuerzo bio emball\u00e9 dans une feuille de bananier, nous rejoignons notre seconde finca t\u00f4t dans l&rsquo;apr\u00e8s-midi.<\/p>\n<p><img data-recalc-dims=\"1\" loading=\"lazy\" decoding=\"async\" data-attachment-id=\"3680\" data-permalink=\"https:\/\/imaginedemain.fr\/index.php\/2018\/02\/16\/don-felipe-sevissaient-farc\/lrg_dsc02143\/\" data-orig-file=\"https:\/\/i0.wp.com\/imaginedemain.fr\/wp-content\/uploads\/2018\/02\/LRG_DSC02143.jpeg?fit=1920%2C1080&amp;ssl=1\" data-orig-size=\"1920,1080\" data-comments-opened=\"1\" data-image-meta=\"{&quot;aperture&quot;:&quot;3.2&quot;,&quot;credit&quot;:&quot;&quot;,&quot;camera&quot;:&quot;DSC-HX400V&quot;,&quot;caption&quot;:&quot;&quot;,&quot;created_timestamp&quot;:&quot;1518176891&quot;,&quot;copyright&quot;:&quot;&quot;,&quot;focal_length&quot;:&quot;4.3&quot;,&quot;iso&quot;:&quot;80&quot;,&quot;shutter_speed&quot;:&quot;0.003125&quot;,&quot;title&quot;:&quot;&quot;,&quot;orientation&quot;:&quot;1&quot;}\" data-image-title=\"LRG_DSC02143\" data-image-description=\"\" data-image-caption=\"\" data-large-file=\"https:\/\/i0.wp.com\/imaginedemain.fr\/wp-content\/uploads\/2018\/02\/LRG_DSC02143.jpeg?fit=600%2C338&amp;ssl=1\" class=\"alignnone size-large wp-image-3680\" src=\"https:\/\/i0.wp.com\/imaginedemain.fr\/wp-content\/uploads\/2018\/02\/LRG_DSC02143-1024x576.jpeg?resize=600%2C338\" alt=\"\" width=\"600\" height=\"338\" srcset=\"https:\/\/i0.wp.com\/imaginedemain.fr\/wp-content\/uploads\/2018\/02\/LRG_DSC02143.jpeg?resize=1024%2C576&amp;ssl=1 1024w, https:\/\/i0.wp.com\/imaginedemain.fr\/wp-content\/uploads\/2018\/02\/LRG_DSC02143.jpeg?resize=300%2C169&amp;ssl=1 300w, https:\/\/i0.wp.com\/imaginedemain.fr\/wp-content\/uploads\/2018\/02\/LRG_DSC02143.jpeg?resize=768%2C432&amp;ssl=1 768w, https:\/\/i0.wp.com\/imaginedemain.fr\/wp-content\/uploads\/2018\/02\/LRG_DSC02143.jpeg?resize=600%2C338&amp;ssl=1 600w, https:\/\/i0.wp.com\/imaginedemain.fr\/wp-content\/uploads\/2018\/02\/LRG_DSC02143.jpeg?resize=1320%2C743&amp;ssl=1 1320w, https:\/\/i0.wp.com\/imaginedemain.fr\/wp-content\/uploads\/2018\/02\/LRG_DSC02143.jpeg?w=1920&amp;ssl=1 1920w, https:\/\/i0.wp.com\/imaginedemain.fr\/wp-content\/uploads\/2018\/02\/LRG_DSC02143.jpeg?w=1200&amp;ssl=1 1200w, https:\/\/i0.wp.com\/imaginedemain.fr\/wp-content\/uploads\/2018\/02\/LRG_DSC02143.jpeg?w=1800&amp;ssl=1 1800w\" sizes=\"auto, (max-width: 600px) 100vw, 600px\" \/><\/p>\n<p>Nous n&rsquo;y rencontrons que des femmes, dont l&rsquo;accueil est simple et chaleureux. Nous apprenons de l&rsquo;une d&rsquo;elles que deux fils de la propri\u00e9taire ont \u00e9t\u00e9 tu\u00e9s par les FARC quelques ann\u00e9es plus t\u00f4t. Mais alors d&rsquo;o\u00f9 venaient ces FARC? D&rsquo;autres provinces et du V\u00e9n\u00e9zuela selon celle-ci, certainement pas des gens de la vall\u00e9e.<\/p>\n<p>D&rsquo;id\u00e9ologie marxiste et sous le pr\u00e9texte de d\u00e9fendre les campesinos, ils ran\u00e7onnaient les paysans d&rsquo;ici, les abattaient s&rsquo;ils se rebiffaient. Grace au narcotrafic ils avaient les moyens de s&rsquo;\u00e9quiper et de s&rsquo;armer&#8230; Ma\u00eetres dans l&rsquo;art du camouflage dans l&rsquo;immense for\u00eat primaire qui nous entoure, ils purent \u00e9chapper longtemps \u00e0 la traque de l&rsquo;arm\u00e9e r\u00e9guli\u00e8re.<\/p>\n<p>L&rsquo;accord de paix r\u00e9cent a du mal \u00e0 passer alors que le gouvernement a accept\u00e9 de payer pour que ces criminels des FARC rentrent dans le rang. Un nouvel imp\u00f4t qui agace est lev\u00e9 pour les financer. Reste encore l&rsquo;ELN, l&rsquo;ejercito de liberacion nacional, un groupuscule \u00e0 la logorrh\u00e9e castriste, concurrent des FARC, mieux implant\u00e9 dans les villes, qui multiplie actuellement les attentats.<\/p>\n<p>Bref la situation n&rsquo;est pas idyllique. Esp\u00e9rons que la petite fille de la maison, \u00e9l\u00e9gamment pr\u00e9nomm\u00e9e Maria del Mar, n&rsquo;aura pas \u00e0 souffrir \u00e0 son tour des suites de cette guerre.<\/p>\n\n\t\t<style type=\"text\/css\">\n\t\t\t#gallery-7 {\n\t\t\t\tmargin: auto;\n\t\t\t}\n\t\t\t#gallery-7 .gallery-item {\n\t\t\t\tfloat: left;\n\t\t\t\tmargin-top: 10px;\n\t\t\t\ttext-align: center;\n\t\t\t\twidth: 33%;\n\t\t\t}\n\t\t\t#gallery-7 img {\n\t\t\t\tborder: 2px solid #cfcfcf;\n\t\t\t}\n\t\t\t#gallery-7 .gallery-caption {\n\t\t\t\tmargin-left: 0;\n\t\t\t}\n\t\t\t\/* see gallery_shortcode() in wp-includes\/media.php *\/\n\t\t<\/style>\n\t\t<div data-carousel-extra='{&quot;blog_id&quot;:1,&quot;permalink&quot;:&quot;https:\/\/imaginedemain.fr\/index.php\/2018\/02\/16\/don-felipe-sevissaient-farc\/&quot;}' id='gallery-7' class='gallery galleryid-3610 gallery-columns-3 gallery-size-thumbnail'><dl class='gallery-item'>\n\t\t\t<dt class='gallery-icon landscape'>\n\t\t\t\t<a href='https:\/\/imaginedemain.fr\/index.php\/2018\/02\/16\/don-felipe-sevissaient-farc\/lrg_dsc02156-2\/'><img loading=\"lazy\" decoding=\"async\" width=\"150\" height=\"150\" src=\"https:\/\/i0.wp.com\/imaginedemain.fr\/wp-content\/uploads\/2018\/02\/LRG_DSC02156-1.jpeg?resize=150%2C150&amp;ssl=1\" class=\"attachment-thumbnail size-thumbnail\" alt=\"\" srcset=\"https:\/\/i0.wp.com\/imaginedemain.fr\/wp-content\/uploads\/2018\/02\/LRG_DSC02156-1.jpeg?resize=150%2C150&amp;ssl=1 150w, https:\/\/i0.wp.com\/imaginedemain.fr\/wp-content\/uploads\/2018\/02\/LRG_DSC02156-1.jpeg?resize=50%2C50&amp;ssl=1 50w, https:\/\/i0.wp.com\/imaginedemain.fr\/wp-content\/uploads\/2018\/02\/LRG_DSC02156-1.jpeg?zoom=2&amp;resize=150%2C150&amp;ssl=1 300w, https:\/\/i0.wp.com\/imaginedemain.fr\/wp-content\/uploads\/2018\/02\/LRG_DSC02156-1.jpeg?zoom=3&amp;resize=150%2C150&amp;ssl=1 450w\" sizes=\"auto, (max-width: 150px) 100vw, 150px\" data-attachment-id=\"3691\" data-permalink=\"https:\/\/imaginedemain.fr\/index.php\/2018\/02\/16\/don-felipe-sevissaient-farc\/lrg_dsc02156-2\/\" data-orig-file=\"https:\/\/i0.wp.com\/imaginedemain.fr\/wp-content\/uploads\/2018\/02\/LRG_DSC02156-1.jpeg?fit=1503%2C1016&amp;ssl=1\" data-orig-size=\"1503,1016\" data-comments-opened=\"1\" data-image-meta=\"{&quot;aperture&quot;:&quot;2.8&quot;,&quot;credit&quot;:&quot;&quot;,&quot;camera&quot;:&quot;DSC-HX400V&quot;,&quot;caption&quot;:&quot;&quot;,&quot;created_timestamp&quot;:&quot;1518195085&quot;,&quot;copyright&quot;:&quot;&quot;,&quot;focal_length&quot;:&quot;4.3&quot;,&quot;iso&quot;:&quot;200&quot;,&quot;shutter_speed&quot;:&quot;0.033333333333333&quot;,&quot;title&quot;:&quot;&quot;,&quot;orientation&quot;:&quot;0&quot;}\" data-image-title=\"LRG_DSC02156\" data-image-description=\"\" data-image-caption=\"\" data-large-file=\"https:\/\/i0.wp.com\/imaginedemain.fr\/wp-content\/uploads\/2018\/02\/LRG_DSC02156-1.jpeg?fit=600%2C405&amp;ssl=1\" \/><\/a>\n\t\t\t<\/dt><\/dl><dl class='gallery-item'>\n\t\t\t<dt class='gallery-icon landscape'>\n\t\t\t\t<a href='https:\/\/imaginedemain.fr\/lrg_dsc02158\/'><img loading=\"lazy\" decoding=\"async\" width=\"150\" height=\"150\" src=\"https:\/\/i0.wp.com\/imaginedemain.fr\/wp-content\/uploads\/2018\/02\/LRG_DSC02158.jpeg?resize=150%2C150&amp;ssl=1\" class=\"attachment-thumbnail size-thumbnail\" alt=\"\" srcset=\"https:\/\/i0.wp.com\/imaginedemain.fr\/wp-content\/uploads\/2018\/02\/LRG_DSC02158.jpeg?resize=150%2C150&amp;ssl=1 150w, https:\/\/i0.wp.com\/imaginedemain.fr\/wp-content\/uploads\/2018\/02\/LRG_DSC02158.jpeg?resize=50%2C50&amp;ssl=1 50w, https:\/\/i0.wp.com\/imaginedemain.fr\/wp-content\/uploads\/2018\/02\/LRG_DSC02158.jpeg?zoom=2&amp;resize=150%2C150&amp;ssl=1 300w, https:\/\/i0.wp.com\/imaginedemain.fr\/wp-content\/uploads\/2018\/02\/LRG_DSC02158.jpeg?zoom=3&amp;resize=150%2C150&amp;ssl=1 450w\" sizes=\"auto, (max-width: 150px) 100vw, 150px\" data-attachment-id=\"3675\" data-permalink=\"https:\/\/imaginedemain.fr\/lrg_dsc02158\/\" data-orig-file=\"https:\/\/i0.wp.com\/imaginedemain.fr\/wp-content\/uploads\/2018\/02\/LRG_DSC02158.jpeg?fit=1920%2C1080&amp;ssl=1\" data-orig-size=\"1920,1080\" data-comments-opened=\"1\" data-image-meta=\"{&quot;aperture&quot;:&quot;3.2&quot;,&quot;credit&quot;:&quot;&quot;,&quot;camera&quot;:&quot;DSC-HX400V&quot;,&quot;caption&quot;:&quot;&quot;,&quot;created_timestamp&quot;:&quot;1518195594&quot;,&quot;copyright&quot;:&quot;&quot;,&quot;focal_length&quot;:&quot;4.3&quot;,&quot;iso&quot;:&quot;80&quot;,&quot;shutter_speed&quot;:&quot;0.0125&quot;,&quot;title&quot;:&quot;&quot;,&quot;orientation&quot;:&quot;1&quot;}\" data-image-title=\"LRG_DSC02158\" data-image-description=\"\" data-image-caption=\"\" data-large-file=\"https:\/\/i0.wp.com\/imaginedemain.fr\/wp-content\/uploads\/2018\/02\/LRG_DSC02158.jpeg?fit=600%2C338&amp;ssl=1\" \/><\/a>\n\t\t\t<\/dt><\/dl>\n\t\t\t<br style='clear: both' \/>\n\t\t<\/div>\n\n<p>Sur la proposition bienvenue de Rosco nous d\u00e9cidons de boucler la derni\u00e8re journ\u00e9e de ce trek \u00e0 dos de mule pour moi, de cheval pour Catherine, encore une exp\u00e9rience marquante car le chemin monte, descend, souvent abruptement, dans la boue, sur les dalles de pierre, franchit des rios, heureusement que ces b\u00eates endurantes ignorent notre inexp\u00e9rience!<\/p>\n<p class=\"jetpack-slideshow-noscript robots-nocontent\">Ce diaporama n\u00e9cessite JavaScript.<\/p><div id=\"gallery-3610-6-slideshow\" class=\"jetpack-slideshow-window jetpack-slideshow jetpack-slideshow-black\" data-trans=\"fade\" data-autostart=\"1\" data-gallery=\"[{&quot;src&quot;:&quot;https:\\\/\\\/i0.wp.com\\\/imaginedemain.fr\\\/wp-content\\\/uploads\\\/2018\\\/02\\\/LRG_DSC02215.jpeg?fit=1920%2C1080\\u0026ssl=1&quot;,&quot;id&quot;:&quot;3646&quot;,&quot;title&quot;:&quot;LRG_DSC02215&quot;,&quot;alt&quot;:&quot;&quot;,&quot;caption&quot;:&quot;&quot;,&quot;itemprop&quot;:&quot;image&quot;},{&quot;src&quot;:&quot;https:\\\/\\\/i0.wp.com\\\/imaginedemain.fr\\\/wp-content\\\/uploads\\\/2018\\\/02\\\/LRG_DSC02204.jpeg?fit=1920%2C1080\\u0026ssl=1&quot;,&quot;id&quot;:&quot;3644&quot;,&quot;title&quot;:&quot;LRG_DSC02204&quot;,&quot;alt&quot;:&quot;&quot;,&quot;caption&quot;:&quot;&quot;,&quot;itemprop&quot;:&quot;image&quot;},{&quot;src&quot;:&quot;https:\\\/\\\/i0.wp.com\\\/imaginedemain.fr\\\/wp-content\\\/uploads\\\/2018\\\/02\\\/LRG_DSC02196.jpeg?fit=1920%2C1080\\u0026ssl=1&quot;,&quot;id&quot;:&quot;3642&quot;,&quot;title&quot;:&quot;LRG_DSC02196&quot;,&quot;alt&quot;:&quot;&quot;,&quot;caption&quot;:&quot;&quot;,&quot;itemprop&quot;:&quot;image&quot;},{&quot;src&quot;:&quot;https:\\\/\\\/i0.wp.com\\\/imaginedemain.fr\\\/wp-content\\\/uploads\\\/2018\\\/02\\\/LRG_DSC02162.jpeg?fit=1920%2C1080\\u0026ssl=1&quot;,&quot;id&quot;:&quot;3638&quot;,&quot;title&quot;:&quot;LRG_DSC02162&quot;,&quot;alt&quot;:&quot;&quot;,&quot;caption&quot;:&quot;&quot;,&quot;itemprop&quot;:&quot;image&quot;}]\" itemscope itemtype=\"https:\/\/schema.org\/ImageGallery\"><\/div>\n<p>Catherine s&rsquo;en sort magnifiquement. Un peu de trouille ici et l\u00e0, de l&rsquo;adr\u00e9naline en langage moderne, et nous voil\u00e0 arriv\u00e9s sur une piste &#8230; non loin d&rsquo;un pueblito d\u00e9nomm\u00e9 San Francisco, un quart d&rsquo;heure sera n\u00e9cessaire pour redresser nos jambes arqu\u00e9es.<\/p>\n<p class=\"jetpack-slideshow-noscript robots-nocontent\">Ce diaporama n\u00e9cessite JavaScript.<\/p><div id=\"gallery-3610-7-slideshow\" class=\"jetpack-slideshow-window jetpack-slideshow jetpack-slideshow-black\" data-trans=\"fade\" data-autostart=\"1\" data-gallery=\"[{&quot;src&quot;:&quot;https:\\\/\\\/i0.wp.com\\\/imaginedemain.fr\\\/wp-content\\\/uploads\\\/2018\\\/02\\\/LRG_DSC02231-1.jpeg?fit=1920%2C1080\\u0026ssl=1&quot;,&quot;id&quot;:&quot;3704&quot;,&quot;title&quot;:&quot;LRG_DSC02231&quot;,&quot;alt&quot;:&quot;&quot;,&quot;caption&quot;:&quot;&quot;,&quot;itemprop&quot;:&quot;image&quot;},{&quot;src&quot;:&quot;https:\\\/\\\/i0.wp.com\\\/imaginedemain.fr\\\/wp-content\\\/uploads\\\/2018\\\/02\\\/LRG_DSC02243.jpeg?fit=1920%2C1080\\u0026ssl=1&quot;,&quot;id&quot;:&quot;3652&quot;,&quot;title&quot;:&quot;LRG_DSC02243&quot;,&quot;alt&quot;:&quot;&quot;,&quot;caption&quot;:&quot;&quot;,&quot;itemprop&quot;:&quot;image&quot;},{&quot;src&quot;:&quot;https:\\\/\\\/i0.wp.com\\\/imaginedemain.fr\\\/wp-content\\\/uploads\\\/2018\\\/02\\\/LRG_DSC02244.jpeg?fit=1920%2C1080\\u0026ssl=1&quot;,&quot;id&quot;:&quot;3653&quot;,&quot;title&quot;:&quot;LRG_DSC02244&quot;,&quot;alt&quot;:&quot;&quot;,&quot;caption&quot;:&quot;&quot;,&quot;itemprop&quot;:&quot;image&quot;}]\" itemscope itemtype=\"https:\/\/schema.org\/ImageGallery\"><\/div>\n<p>Un trek \u00e9prouvant certes, mais riche en contacts avec la vie authentique des vall\u00e9es retir\u00e9es de l&rsquo;Antioquia.<\/p>\n<p>De retour \u00e0 Medellin, nous y retrouvons une vie diam\u00e9tralement oppos\u00e9e, urbaine, bourgeoise, frivole et friqu\u00e9e, dont la vie nocturne sous l&#8217;empire de la techno pr\u00e9f\u00e8re le loisir au labeur, as\u00ed funciona el mondo&#8230;<\/p>\n<p><span class=\"embed-youtube\" style=\"text-align:center; display: block;\"><iframe loading=\"lazy\" class=\"youtube-player\" width=\"600\" height=\"338\" src=\"https:\/\/www.youtube.com\/embed\/yHUgbJ-W90c?version=3&#038;rel=1&#038;showsearch=0&#038;showinfo=1&#038;iv_load_policy=1&#038;fs=1&#038;hl=fr-FR&#038;autohide=2&#038;wmode=transparent\" allowfullscreen=\"true\" style=\"border:0;\" sandbox=\"allow-scripts allow-same-origin allow-popups allow-presentation allow-popups-to-escape-sandbox\"><\/iframe><\/span><\/p>\n<p>Hasta luego!<\/p>\n","protected":false},"excerpt":{"rendered":"","protected":false},"author":1,"featured_media":3659,"comment_status":"open","ping_status":"open","sticky":false,"template":"","format":"standard","meta":{"ngg_post_thumbnail":0,"jetpack_post_was_ever_published":false,"_jetpack_newsletter_access":"","_jetpack_dont_email_post_to_subs":false,"_jetpack_newsletter_tier_id":0,"_jetpack_memberships_contains_paywalled_content":false,"_jetpack_memberships_contains_paid_content":false,"footnotes":"","jetpack_publicize_message":"","jetpack_publicize_feature_enabled":true,"jetpack_social_post_already_shared":true,"jetpack_social_options":{"image_generator_settings":{"template":"highway","default_image_id":0,"font":"","enabled":false},"version":2}},"categories":[50],"tags":[69,71,72],"class_list":["post-3610","post","type-post","status-publish","format-standard","has-post-thumbnail","hentry","category-colombie","tag-antioquia","tag-medellin","tag-sonson"],"yoast_head":"<!-- This site is optimized with the Yoast SEO plugin v27.4 - https:\/\/yoast.com\/product\/yoast-seo-wordpress\/ -->\n<title>Don Felipe o\u00f9 s\u00e9vissaient les FARC - Imagine demain<\/title>\n<meta name=\"robots\" content=\"index, follow, max-snippet:-1, max-image-preview:large, max-video-preview:-1\" \/>\n<link rel=\"canonical\" href=\"https:\/\/imaginedemain.fr\/index.php\/2018\/02\/16\/don-felipe-sevissaient-farc\/\" \/>\n<meta property=\"og:locale\" content=\"fr_FR\" \/>\n<meta property=\"og:type\" content=\"article\" \/>\n<meta property=\"og:title\" content=\"Don Felipe o\u00f9 s\u00e9vissaient les FARC - Imagine demain\" \/>\n<meta property=\"og:url\" content=\"https:\/\/imaginedemain.fr\/index.php\/2018\/02\/16\/don-felipe-sevissaient-farc\/\" \/>\n<meta property=\"og:site_name\" content=\"Imagine demain\" \/>\n<meta property=\"article:published_time\" content=\"2018-02-16T14:29:56+00:00\" \/>\n<meta property=\"og:image\" content=\"https:\/\/i0.wp.com\/imaginedemain.fr\/wp-content\/uploads\/2018\/02\/LRG_DSC02115.jpeg?fit=1920%2C1080&ssl=1\" \/>\n\t<meta property=\"og:image:width\" content=\"1920\" \/>\n\t<meta property=\"og:image:height\" content=\"1080\" \/>\n\t<meta property=\"og:image:type\" content=\"image\/jpeg\" \/>\n<meta name=\"author\" content=\"Philippe\" \/>\n<meta name=\"twitter:card\" content=\"summary_large_image\" \/>\n<meta name=\"twitter:label1\" content=\"\u00c9crit par\" \/>\n\t<meta name=\"twitter:data1\" content=\"Philippe\" \/>\n\t<meta name=\"twitter:label2\" content=\"Dur\u00e9e de lecture estim\u00e9e\" \/>\n\t<meta name=\"twitter:data2\" content=\"6 minutes\" \/>\n<script type=\"application\/ld+json\" class=\"yoast-schema-graph\">{\"@context\":\"https:\\\/\\\/schema.org\",\"@graph\":[{\"@type\":\"Article\",\"@id\":\"https:\\\/\\\/imaginedemain.fr\\\/index.php\\\/2018\\\/02\\\/16\\\/don-felipe-sevissaient-farc\\\/#article\",\"isPartOf\":{\"@id\":\"https:\\\/\\\/imaginedemain.fr\\\/index.php\\\/2018\\\/02\\\/16\\\/don-felipe-sevissaient-farc\\\/\"},\"author\":{\"name\":\"Philippe\",\"@id\":\"https:\\\/\\\/imaginedemain.fr\\\/#\\\/schema\\\/person\\\/e38f616126180f1f6000edc7daca21ab\"},\"headline\":\"Don Felipe o\u00f9 s\u00e9vissaient les FARC\",\"datePublished\":\"2018-02-16T14:29:56+00:00\",\"mainEntityOfPage\":{\"@id\":\"https:\\\/\\\/imaginedemain.fr\\\/index.php\\\/2018\\\/02\\\/16\\\/don-felipe-sevissaient-farc\\\/\"},\"wordCount\":1188,\"commentCount\":1,\"image\":{\"@id\":\"https:\\\/\\\/imaginedemain.fr\\\/index.php\\\/2018\\\/02\\\/16\\\/don-felipe-sevissaient-farc\\\/#primaryimage\"},\"thumbnailUrl\":\"https:\\\/\\\/i0.wp.com\\\/imaginedemain.fr\\\/wp-content\\\/uploads\\\/2018\\\/02\\\/LRG_DSC02115.jpeg?fit=1920%2C1080&ssl=1\",\"keywords\":[\"Antioquia\",\"Medellin\",\"Sonson\"],\"articleSection\":[\"Colombie\"],\"inLanguage\":\"fr-FR\",\"potentialAction\":[{\"@type\":\"CommentAction\",\"name\":\"Comment\",\"target\":[\"https:\\\/\\\/imaginedemain.fr\\\/index.php\\\/2018\\\/02\\\/16\\\/don-felipe-sevissaient-farc\\\/#respond\"]}]},{\"@type\":\"WebPage\",\"@id\":\"https:\\\/\\\/imaginedemain.fr\\\/index.php\\\/2018\\\/02\\\/16\\\/don-felipe-sevissaient-farc\\\/\",\"url\":\"https:\\\/\\\/imaginedemain.fr\\\/index.php\\\/2018\\\/02\\\/16\\\/don-felipe-sevissaient-farc\\\/\",\"name\":\"Don Felipe o\u00f9 s\u00e9vissaient les FARC - Imagine demain\",\"isPartOf\":{\"@id\":\"https:\\\/\\\/imaginedemain.fr\\\/#website\"},\"primaryImageOfPage\":{\"@id\":\"https:\\\/\\\/imaginedemain.fr\\\/index.php\\\/2018\\\/02\\\/16\\\/don-felipe-sevissaient-farc\\\/#primaryimage\"},\"image\":{\"@id\":\"https:\\\/\\\/imaginedemain.fr\\\/index.php\\\/2018\\\/02\\\/16\\\/don-felipe-sevissaient-farc\\\/#primaryimage\"},\"thumbnailUrl\":\"https:\\\/\\\/i0.wp.com\\\/imaginedemain.fr\\\/wp-content\\\/uploads\\\/2018\\\/02\\\/LRG_DSC02115.jpeg?fit=1920%2C1080&ssl=1\",\"datePublished\":\"2018-02-16T14:29:56+00:00\",\"author\":{\"@id\":\"https:\\\/\\\/imaginedemain.fr\\\/#\\\/schema\\\/person\\\/e38f616126180f1f6000edc7daca21ab\"},\"breadcrumb\":{\"@id\":\"https:\\\/\\\/imaginedemain.fr\\\/index.php\\\/2018\\\/02\\\/16\\\/don-felipe-sevissaient-farc\\\/#breadcrumb\"},\"inLanguage\":\"fr-FR\",\"potentialAction\":[{\"@type\":\"ReadAction\",\"target\":[\"https:\\\/\\\/imaginedemain.fr\\\/index.php\\\/2018\\\/02\\\/16\\\/don-felipe-sevissaient-farc\\\/\"]}]},{\"@type\":\"ImageObject\",\"inLanguage\":\"fr-FR\",\"@id\":\"https:\\\/\\\/imaginedemain.fr\\\/index.php\\\/2018\\\/02\\\/16\\\/don-felipe-sevissaient-farc\\\/#primaryimage\",\"url\":\"https:\\\/\\\/i0.wp.com\\\/imaginedemain.fr\\\/wp-content\\\/uploads\\\/2018\\\/02\\\/LRG_DSC02115.jpeg?fit=1920%2C1080&ssl=1\",\"contentUrl\":\"https:\\\/\\\/i0.wp.com\\\/imaginedemain.fr\\\/wp-content\\\/uploads\\\/2018\\\/02\\\/LRG_DSC02115.jpeg?fit=1920%2C1080&ssl=1\",\"width\":1920,\"height\":1080},{\"@type\":\"BreadcrumbList\",\"@id\":\"https:\\\/\\\/imaginedemain.fr\\\/index.php\\\/2018\\\/02\\\/16\\\/don-felipe-sevissaient-farc\\\/#breadcrumb\",\"itemListElement\":[{\"@type\":\"ListItem\",\"position\":1,\"name\":\"Accueil\",\"item\":\"https:\\\/\\\/imaginedemain.fr\\\/\"},{\"@type\":\"ListItem\",\"position\":2,\"name\":\"Don Felipe o\u00f9 s\u00e9vissaient les FARC\"}]},{\"@type\":\"WebSite\",\"@id\":\"https:\\\/\\\/imaginedemain.fr\\\/#website\",\"url\":\"https:\\\/\\\/imaginedemain.fr\\\/\",\"name\":\"Imagine demain\",\"description\":\"\",\"potentialAction\":[{\"@type\":\"SearchAction\",\"target\":{\"@type\":\"EntryPoint\",\"urlTemplate\":\"https:\\\/\\\/imaginedemain.fr\\\/?s={search_term_string}\"},\"query-input\":{\"@type\":\"PropertyValueSpecification\",\"valueRequired\":true,\"valueName\":\"search_term_string\"}}],\"inLanguage\":\"fr-FR\"},{\"@type\":\"Person\",\"@id\":\"https:\\\/\\\/imaginedemain.fr\\\/#\\\/schema\\\/person\\\/e38f616126180f1f6000edc7daca21ab\",\"name\":\"Philippe\",\"image\":{\"@type\":\"ImageObject\",\"inLanguage\":\"fr-FR\",\"@id\":\"https:\\\/\\\/secure.gravatar.com\\\/avatar\\\/69f59b5b22630ea786677085abd0e3dc50190e58bc7ca3c50bd640bfaf2456a4?s=96&d=blank&r=g\",\"url\":\"https:\\\/\\\/secure.gravatar.com\\\/avatar\\\/69f59b5b22630ea786677085abd0e3dc50190e58bc7ca3c50bd640bfaf2456a4?s=96&d=blank&r=g\",\"contentUrl\":\"https:\\\/\\\/secure.gravatar.com\\\/avatar\\\/69f59b5b22630ea786677085abd0e3dc50190e58bc7ca3c50bd640bfaf2456a4?s=96&d=blank&r=g\",\"caption\":\"Philippe\"},\"sameAs\":[\"http:\\\/\\\/imaginedemain.fr\\\/\"],\"url\":\"https:\\\/\\\/imaginedemain.fr\\\/index.php\\\/author\\\/admin4809\\\/\"}]}<\/script>\n<!-- \/ Yoast SEO plugin. -->","yoast_head_json":{"title":"Don Felipe o\u00f9 s\u00e9vissaient les FARC - Imagine demain","robots":{"index":"index","follow":"follow","max-snippet":"max-snippet:-1","max-image-preview":"max-image-preview:large","max-video-preview":"max-video-preview:-1"},"canonical":"https:\/\/imaginedemain.fr\/index.php\/2018\/02\/16\/don-felipe-sevissaient-farc\/","og_locale":"fr_FR","og_type":"article","og_title":"Don Felipe o\u00f9 s\u00e9vissaient les FARC - Imagine demain","og_url":"https:\/\/imaginedemain.fr\/index.php\/2018\/02\/16\/don-felipe-sevissaient-farc\/","og_site_name":"Imagine demain","article_published_time":"2018-02-16T14:29:56+00:00","og_image":[{"width":1920,"height":1080,"url":"https:\/\/i0.wp.com\/imaginedemain.fr\/wp-content\/uploads\/2018\/02\/LRG_DSC02115.jpeg?fit=1920%2C1080&ssl=1","type":"image\/jpeg"}],"author":"Philippe","twitter_card":"summary_large_image","twitter_misc":{"\u00c9crit par":"Philippe","Dur\u00e9e de lecture estim\u00e9e":"6 minutes"},"schema":{"@context":"https:\/\/schema.org","@graph":[{"@type":"Article","@id":"https:\/\/imaginedemain.fr\/index.php\/2018\/02\/16\/don-felipe-sevissaient-farc\/#article","isPartOf":{"@id":"https:\/\/imaginedemain.fr\/index.php\/2018\/02\/16\/don-felipe-sevissaient-farc\/"},"author":{"name":"Philippe","@id":"https:\/\/imaginedemain.fr\/#\/schema\/person\/e38f616126180f1f6000edc7daca21ab"},"headline":"Don Felipe o\u00f9 s\u00e9vissaient les FARC","datePublished":"2018-02-16T14:29:56+00:00","mainEntityOfPage":{"@id":"https:\/\/imaginedemain.fr\/index.php\/2018\/02\/16\/don-felipe-sevissaient-farc\/"},"wordCount":1188,"commentCount":1,"image":{"@id":"https:\/\/imaginedemain.fr\/index.php\/2018\/02\/16\/don-felipe-sevissaient-farc\/#primaryimage"},"thumbnailUrl":"https:\/\/i0.wp.com\/imaginedemain.fr\/wp-content\/uploads\/2018\/02\/LRG_DSC02115.jpeg?fit=1920%2C1080&ssl=1","keywords":["Antioquia","Medellin","Sonson"],"articleSection":["Colombie"],"inLanguage":"fr-FR","potentialAction":[{"@type":"CommentAction","name":"Comment","target":["https:\/\/imaginedemain.fr\/index.php\/2018\/02\/16\/don-felipe-sevissaient-farc\/#respond"]}]},{"@type":"WebPage","@id":"https:\/\/imaginedemain.fr\/index.php\/2018\/02\/16\/don-felipe-sevissaient-farc\/","url":"https:\/\/imaginedemain.fr\/index.php\/2018\/02\/16\/don-felipe-sevissaient-farc\/","name":"Don Felipe o\u00f9 s\u00e9vissaient les FARC - Imagine demain","isPartOf":{"@id":"https:\/\/imaginedemain.fr\/#website"},"primaryImageOfPage":{"@id":"https:\/\/imaginedemain.fr\/index.php\/2018\/02\/16\/don-felipe-sevissaient-farc\/#primaryimage"},"image":{"@id":"https:\/\/imaginedemain.fr\/index.php\/2018\/02\/16\/don-felipe-sevissaient-farc\/#primaryimage"},"thumbnailUrl":"https:\/\/i0.wp.com\/imaginedemain.fr\/wp-content\/uploads\/2018\/02\/LRG_DSC02115.jpeg?fit=1920%2C1080&ssl=1","datePublished":"2018-02-16T14:29:56+00:00","author":{"@id":"https:\/\/imaginedemain.fr\/#\/schema\/person\/e38f616126180f1f6000edc7daca21ab"},"breadcrumb":{"@id":"https:\/\/imaginedemain.fr\/index.php\/2018\/02\/16\/don-felipe-sevissaient-farc\/#breadcrumb"},"inLanguage":"fr-FR","potentialAction":[{"@type":"ReadAction","target":["https:\/\/imaginedemain.fr\/index.php\/2018\/02\/16\/don-felipe-sevissaient-farc\/"]}]},{"@type":"ImageObject","inLanguage":"fr-FR","@id":"https:\/\/imaginedemain.fr\/index.php\/2018\/02\/16\/don-felipe-sevissaient-farc\/#primaryimage","url":"https:\/\/i0.wp.com\/imaginedemain.fr\/wp-content\/uploads\/2018\/02\/LRG_DSC02115.jpeg?fit=1920%2C1080&ssl=1","contentUrl":"https:\/\/i0.wp.com\/imaginedemain.fr\/wp-content\/uploads\/2018\/02\/LRG_DSC02115.jpeg?fit=1920%2C1080&ssl=1","width":1920,"height":1080},{"@type":"BreadcrumbList","@id":"https:\/\/imaginedemain.fr\/index.php\/2018\/02\/16\/don-felipe-sevissaient-farc\/#breadcrumb","itemListElement":[{"@type":"ListItem","position":1,"name":"Accueil","item":"https:\/\/imaginedemain.fr\/"},{"@type":"ListItem","position":2,"name":"Don Felipe o\u00f9 s\u00e9vissaient les FARC"}]},{"@type":"WebSite","@id":"https:\/\/imaginedemain.fr\/#website","url":"https:\/\/imaginedemain.fr\/","name":"Imagine demain","description":"","potentialAction":[{"@type":"SearchAction","target":{"@type":"EntryPoint","urlTemplate":"https:\/\/imaginedemain.fr\/?s={search_term_string}"},"query-input":{"@type":"PropertyValueSpecification","valueRequired":true,"valueName":"search_term_string"}}],"inLanguage":"fr-FR"},{"@type":"Person","@id":"https:\/\/imaginedemain.fr\/#\/schema\/person\/e38f616126180f1f6000edc7daca21ab","name":"Philippe","image":{"@type":"ImageObject","inLanguage":"fr-FR","@id":"https:\/\/secure.gravatar.com\/avatar\/69f59b5b22630ea786677085abd0e3dc50190e58bc7ca3c50bd640bfaf2456a4?s=96&d=blank&r=g","url":"https:\/\/secure.gravatar.com\/avatar\/69f59b5b22630ea786677085abd0e3dc50190e58bc7ca3c50bd640bfaf2456a4?s=96&d=blank&r=g","contentUrl":"https:\/\/secure.gravatar.com\/avatar\/69f59b5b22630ea786677085abd0e3dc50190e58bc7ca3c50bd640bfaf2456a4?s=96&d=blank&r=g","caption":"Philippe"},"sameAs":["http:\/\/imaginedemain.fr\/"],"url":"https:\/\/imaginedemain.fr\/index.php\/author\/admin4809\/"}]}},"jetpack_publicize_connections":[],"jetpack_featured_media_url":"https:\/\/i0.wp.com\/imaginedemain.fr\/wp-content\/uploads\/2018\/02\/LRG_DSC02115.jpeg?fit=1920%2C1080&ssl=1","jetpack_shortlink":"https:\/\/wp.me\/p8tuMH-We","jetpack-related-posts":[{"id":3579,"url":"https:\/\/imaginedemain.fr\/index.php\/2018\/02\/07\/san-agustin-catherine\/","url_meta":{"origin":3610,"position":0},"title":"San Agustin, par Catherine","author":"Philippe","date":"7 f\u00e9vrier 2018","format":false,"excerpt":"Post\u00e9 de Medellin, le 7 f\u00e9vrier 2018, Pas facile de venir \u00e0 San Agustin, vol de Bogota \u00e0 Neiva o\u00f9 nous attendait Carlos qui nous conduit en 4 bonnes heures de route \u00e0 San Agustin Cette petite ville a 1700 m est un petit paradis dixit Carlos, Jose et Miller,\u2026","rel":"","context":"Dans &quot;Colombie&quot;","block_context":{"text":"Colombie","link":"https:\/\/imaginedemain.fr\/index.php\/category\/colombie\/"},"img":{"alt_text":"","src":"https:\/\/i0.wp.com\/imaginedemain.fr\/wp-content\/uploads\/2018\/02\/LRG_DSC01085.jpeg?fit=1200%2C675&ssl=1&resize=350%2C200","width":350,"height":200,"srcset":"https:\/\/i0.wp.com\/imaginedemain.fr\/wp-content\/uploads\/2018\/02\/LRG_DSC01085.jpeg?fit=1200%2C675&ssl=1&resize=350%2C200 1x, https:\/\/i0.wp.com\/imaginedemain.fr\/wp-content\/uploads\/2018\/02\/LRG_DSC01085.jpeg?fit=1200%2C675&ssl=1&resize=525%2C300 1.5x, https:\/\/i0.wp.com\/imaginedemain.fr\/wp-content\/uploads\/2018\/02\/LRG_DSC01085.jpeg?fit=1200%2C675&ssl=1&resize=700%2C400 2x, https:\/\/i0.wp.com\/imaginedemain.fr\/wp-content\/uploads\/2018\/02\/LRG_DSC01085.jpeg?fit=1200%2C675&ssl=1&resize=1050%2C600 3x"},"classes":[]},{"id":3121,"url":"https:\/\/imaginedemain.fr\/index.php\/2018\/01\/15\/demain-serons-a-bogota\/","url_meta":{"origin":3610,"position":1},"title":"Demain nous serons \u00e0 Bogota","author":"Philippe","date":"15 janvier 2018","format":false,"excerpt":"Demain nous reprenons la route, la ruta ... Demain nous arr\u00eaterons de nous demander pourquoi toutes ces femmes qui, pour beaucoup ne prenant jamais le m\u00e9tro, ont sign\u00e9 cette tribune confuse, que nous avons \u00e9t\u00e9 \u00e9t\u00e9 convoqu\u00e9s \u00e0 lire \"une femme peut, dans la m\u00eame journ\u00e9e, diriger une \u00e9quipe professionnelle\u2026","rel":"","context":"Dans &quot;Colombie&quot;","block_context":{"text":"Colombie","link":"https:\/\/imaginedemain.fr\/index.php\/category\/colombie\/"},"img":{"alt_text":"","src":"https:\/\/i0.wp.com\/imaginedemain.fr\/wp-content\/uploads\/2018\/01\/IMG_2191-1.jpg?fit=1200%2C681&ssl=1&resize=350%2C200","width":350,"height":200,"srcset":"https:\/\/i0.wp.com\/imaginedemain.fr\/wp-content\/uploads\/2018\/01\/IMG_2191-1.jpg?fit=1200%2C681&ssl=1&resize=350%2C200 1x, https:\/\/i0.wp.com\/imaginedemain.fr\/wp-content\/uploads\/2018\/01\/IMG_2191-1.jpg?fit=1200%2C681&ssl=1&resize=525%2C300 1.5x, https:\/\/i0.wp.com\/imaginedemain.fr\/wp-content\/uploads\/2018\/01\/IMG_2191-1.jpg?fit=1200%2C681&ssl=1&resize=700%2C400 2x, https:\/\/i0.wp.com\/imaginedemain.fr\/wp-content\/uploads\/2018\/01\/IMG_2191-1.jpg?fit=1200%2C681&ssl=1&resize=1050%2C600 3x"},"classes":[]},{"id":3815,"url":"https:\/\/imaginedemain.fr\/index.php\/2018\/03\/04\/popayan-cali-medellin-carthagene-indes-santa-marta\/","url_meta":{"origin":3610,"position":2},"title":"Popayan, Cali, Medellin, Carthag\u00e8ne des Indes, Santa Marta","author":"Philippe","date":"4 mars 2018","format":false,"excerpt":"Le voyageur d\u00e9tecte ce que l'habitant ne voit plus, trop pr\u00e8s de son objet. A ce jeu nous constatons d'\u00e9normes diff\u00e9rences entre des villes qui, parties du m\u00eame point de l'histoire, leur fondation au XVIeme si\u00e8cle par un conquistador espagnol, au nom devenu l\u00e9gendaire, ont, par la suite, connu des\u2026","rel":"","context":"Dans &quot;Colombie&quot;","block_context":{"text":"Colombie","link":"https:\/\/imaginedemain.fr\/index.php\/category\/colombie\/"},"img":{"alt_text":"","src":"https:\/\/i0.wp.com\/imaginedemain.fr\/wp-content\/uploads\/2018\/02\/IMG_6725.jpg?fit=1200%2C675&ssl=1&resize=350%2C200","width":350,"height":200,"srcset":"https:\/\/i0.wp.com\/imaginedemain.fr\/wp-content\/uploads\/2018\/02\/IMG_6725.jpg?fit=1200%2C675&ssl=1&resize=350%2C200 1x, https:\/\/i0.wp.com\/imaginedemain.fr\/wp-content\/uploads\/2018\/02\/IMG_6725.jpg?fit=1200%2C675&ssl=1&resize=525%2C300 1.5x, https:\/\/i0.wp.com\/imaginedemain.fr\/wp-content\/uploads\/2018\/02\/IMG_6725.jpg?fit=1200%2C675&ssl=1&resize=700%2C400 2x, https:\/\/i0.wp.com\/imaginedemain.fr\/wp-content\/uploads\/2018\/02\/IMG_6725.jpg?fit=1200%2C675&ssl=1&resize=1050%2C600 3x"},"classes":[]},{"id":3374,"url":"https:\/\/imaginedemain.fr\/index.php\/2018\/02\/01\/parc-guacharos-riviere-caramel-speleologie\/","url_meta":{"origin":3610,"position":3},"title":"Dans le parc des guacharos, rivi\u00e8re caramel et sp\u00e9l\u00e9ologie","author":"Philippe","date":"1 f\u00e9vrier 2018","format":false,"excerpt":"Le parque natural de los guacharos se situe au sud de la Colombie, en de\u00e7\u00e0 de 2\u00b0 de latitude, il n'est s\u00e9par\u00e9 de la foret amazonienne que par une derni\u00e8re ligne de cr\u00eate de la cordillera orientale. Tout cet article pour d\u00e9couvrir ce que sont los guacharos! Nous avons en\u2026","rel":"","context":"Dans &quot;Colombie&quot;","block_context":{"text":"Colombie","link":"https:\/\/imaginedemain.fr\/index.php\/category\/colombie\/"},"img":{"alt_text":"","src":"https:\/\/i0.wp.com\/imaginedemain.fr\/wp-content\/uploads\/2018\/01\/LRG_DSC01230.jpeg?fit=1200%2C667&ssl=1&resize=350%2C200","width":350,"height":200,"srcset":"https:\/\/i0.wp.com\/imaginedemain.fr\/wp-content\/uploads\/2018\/01\/LRG_DSC01230.jpeg?fit=1200%2C667&ssl=1&resize=350%2C200 1x, https:\/\/i0.wp.com\/imaginedemain.fr\/wp-content\/uploads\/2018\/01\/LRG_DSC01230.jpeg?fit=1200%2C667&ssl=1&resize=525%2C300 1.5x, https:\/\/i0.wp.com\/imaginedemain.fr\/wp-content\/uploads\/2018\/01\/LRG_DSC01230.jpeg?fit=1200%2C667&ssl=1&resize=700%2C400 2x, https:\/\/i0.wp.com\/imaginedemain.fr\/wp-content\/uploads\/2018\/01\/LRG_DSC01230.jpeg?fit=1200%2C667&ssl=1&resize=1050%2C600 3x"},"classes":[]},{"id":3791,"url":"https:\/\/imaginedemain.fr\/index.php\/2018\/02\/27\/a-punta-gallinas-atteignons-cap-nord-de-lamerique-sud\/","url_meta":{"origin":3610,"position":4},"title":"A la Punta Gallinas, nous atteignons le cap nord de l&rsquo;Am\u00e9rique du Sud","author":"Philippe","date":"27 f\u00e9vrier 2018","format":false,"excerpt":"Un objectif de notre voyage en Colombie \u00e9tait de toucher l'extr\u00eame nord de l'Am\u00e9rique du sud, pr\u00e9cis\u00e9ment la Punta Gallinas, la pointe des poules, dans la mer des Cara\u00efbes. En effet, il y a cinq ans, nous avions atteint l'extr\u00eame sud de l'Am\u00e9rique continentale, au Chili, en bordure du d\u00e9troit\u2026","rel":"","context":"Dans &quot;Colombie&quot;","block_context":{"text":"Colombie","link":"https:\/\/imaginedemain.fr\/index.php\/category\/colombie\/"},"img":{"alt_text":"","src":"https:\/\/i0.wp.com\/imaginedemain.fr\/wp-content\/uploads\/2018\/02\/IMG_6621.jpg?fit=1200%2C675&ssl=1&resize=350%2C200","width":350,"height":200,"srcset":"https:\/\/i0.wp.com\/imaginedemain.fr\/wp-content\/uploads\/2018\/02\/IMG_6621.jpg?fit=1200%2C675&ssl=1&resize=350%2C200 1x, https:\/\/i0.wp.com\/imaginedemain.fr\/wp-content\/uploads\/2018\/02\/IMG_6621.jpg?fit=1200%2C675&ssl=1&resize=525%2C300 1.5x, https:\/\/i0.wp.com\/imaginedemain.fr\/wp-content\/uploads\/2018\/02\/IMG_6621.jpg?fit=1200%2C675&ssl=1&resize=700%2C400 2x, https:\/\/i0.wp.com\/imaginedemain.fr\/wp-content\/uploads\/2018\/02\/IMG_6621.jpg?fit=1200%2C675&ssl=1&resize=1050%2C600 3x"},"classes":[]},{"id":3180,"url":"https:\/\/imaginedemain.fr\/index.php\/2018\/01\/25\/connaissez-aquitania-capitale-andine-de-loignon\/","url_meta":{"origin":3610,"position":5},"title":"Connaissez-vous Aquitania, capitale andine de l&rsquo;oignon?","author":"Philippe","date":"25 janvier 2018","format":false,"excerpt":"Pour nous acclimater \u00e0 l'altitude, nous avons choisi de rejoindre la r\u00e9gion du lac Tota, \u00e0 environ 200km dans le nord de Bogota. Le lac se situe \u00e0 une altitude de 3000 m\u00e8tres, sa surface est le double de celle du lac d'Annecy. Notre route depuis Bogota passe par Villa\u2026","rel":"","context":"Dans &quot;Colombie&quot;","block_context":{"text":"Colombie","link":"https:\/\/imaginedemain.fr\/index.php\/category\/colombie\/"},"img":{"alt_text":"","src":"https:\/\/i0.wp.com\/imaginedemain.fr\/wp-content\/uploads\/2018\/01\/LRG_DSC00667.jpeg?fit=1200%2C675&ssl=1&resize=350%2C200","width":350,"height":200,"srcset":"https:\/\/i0.wp.com\/imaginedemain.fr\/wp-content\/uploads\/2018\/01\/LRG_DSC00667.jpeg?fit=1200%2C675&ssl=1&resize=350%2C200 1x, https:\/\/i0.wp.com\/imaginedemain.fr\/wp-content\/uploads\/2018\/01\/LRG_DSC00667.jpeg?fit=1200%2C675&ssl=1&resize=525%2C300 1.5x, https:\/\/i0.wp.com\/imaginedemain.fr\/wp-content\/uploads\/2018\/01\/LRG_DSC00667.jpeg?fit=1200%2C675&ssl=1&resize=700%2C400 2x, https:\/\/i0.wp.com\/imaginedemain.fr\/wp-content\/uploads\/2018\/01\/LRG_DSC00667.jpeg?fit=1200%2C675&ssl=1&resize=1050%2C600 3x"},"classes":[]}],"jetpack_sharing_enabled":true,"_links":{"self":[{"href":"https:\/\/imaginedemain.fr\/index.php\/wp-json\/wp\/v2\/posts\/3610","targetHints":{"allow":["GET"]}}],"collection":[{"href":"https:\/\/imaginedemain.fr\/index.php\/wp-json\/wp\/v2\/posts"}],"about":[{"href":"https:\/\/imaginedemain.fr\/index.php\/wp-json\/wp\/v2\/types\/post"}],"author":[{"embeddable":true,"href":"https:\/\/imaginedemain.fr\/index.php\/wp-json\/wp\/v2\/users\/1"}],"replies":[{"embeddable":true,"href":"https:\/\/imaginedemain.fr\/index.php\/wp-json\/wp\/v2\/comments?post=3610"}],"version-history":[{"count":28,"href":"https:\/\/imaginedemain.fr\/index.php\/wp-json\/wp\/v2\/posts\/3610\/revisions"}],"predecessor-version":[{"id":3695,"href":"https:\/\/imaginedemain.fr\/index.php\/wp-json\/wp\/v2\/posts\/3610\/revisions\/3695"}],"wp:featuredmedia":[{"embeddable":true,"href":"https:\/\/imaginedemain.fr\/index.php\/wp-json\/wp\/v2\/media\/3659"}],"wp:attachment":[{"href":"https:\/\/imaginedemain.fr\/index.php\/wp-json\/wp\/v2\/media?parent=3610"}],"wp:term":[{"taxonomy":"category","embeddable":true,"href":"https:\/\/imaginedemain.fr\/index.php\/wp-json\/wp\/v2\/categories?post=3610"},{"taxonomy":"post_tag","embeddable":true,"href":"https:\/\/imaginedemain.fr\/index.php\/wp-json\/wp\/v2\/tags?post=3610"}],"curies":[{"name":"wp","href":"https:\/\/api.w.org\/{rel}","templated":true}]}}