{"id":448,"date":"2014-12-27T14:02:54","date_gmt":"2014-12-27T13:02:54","guid":{"rendered":"http:\/\/phicatgarnier.wordpress.com\/?p=448"},"modified":"2017-03-22T16:14:06","modified_gmt":"2017-03-22T15:14:06","slug":"sur-le-glaciar-exploradores-une-glace-millenaire-sous-les-crampons","status":"publish","type":"post","link":"https:\/\/imaginedemain.fr\/index.php\/2014\/12\/27\/sur-le-glaciar-exploradores-une-glace-millenaire-sous-les-crampons\/","title":{"rendered":"Sur le Glaciar Exploradores, une glace mill\u00e9naire sous les crampons"},"content":{"rendered":"<p>Le \u00ab\u00a0<em>Campo Hielo Norte<\/em>\u00a0\u00bb, champ de glaces nord de la Patagonie, pr\u00e9sente la superficie d\u2019un d\u00e9partement fran\u00e7ais. Cinquante fois plus grand que nos grands glaciers de la Vanoise. Depuis cette \u00e9norme masse de glace situ\u00e9e en altitude, coulent des glaciers jusqu\u2019au niveau de la mer, charriant une glace form\u00e9e il y a des milliers d&rsquo;ann\u00e9es. On voit bien la bordure Est du Campo depuis la route qui longe le lac \u00ab\u00a0<em>G\u00e9n\u00e9ral Carrera<\/em>\u00a0\u00bb, formant un cadre imposant.<\/p>\n<p><a href=\"https:\/\/phicatgarnier.files.wordpress.com\/2014\/12\/dsc006731.jpg\"><img data-recalc-dims=\"1\" loading=\"lazy\" decoding=\"async\" data-attachment-id=\"444\" data-permalink=\"https:\/\/imaginedemain.fr\/sony-dsc-200\/\" data-orig-file=\"https:\/\/i0.wp.com\/imaginedemain.fr\/wp-content\/uploads\/2014\/12\/dsc006731.jpg?fit=4592%2C2576&amp;ssl=1\" data-orig-size=\"4592,2576\" data-comments-opened=\"1\" data-image-meta=\"{&quot;aperture&quot;:&quot;8&quot;,&quot;credit&quot;:&quot;Picasa&quot;,&quot;camera&quot;:&quot;DSLR-A350&quot;,&quot;caption&quot;:&quot;SONY DSC&quot;,&quot;created_timestamp&quot;:&quot;1419431501&quot;,&quot;copyright&quot;:&quot;&quot;,&quot;focal_length&quot;:&quot;100&quot;,&quot;iso&quot;:&quot;400&quot;,&quot;shutter_speed&quot;:&quot;0.00025&quot;,&quot;title&quot;:&quot;SONY DSC&quot;,&quot;orientation&quot;:&quot;0&quot;}\" data-image-title=\"SONY DSC\" data-image-description=\"\" data-image-caption=\"\" data-large-file=\"https:\/\/i0.wp.com\/imaginedemain.fr\/wp-content\/uploads\/2014\/12\/dsc006731.jpg?fit=600%2C336&amp;ssl=1\" class=\"alignnone wp-image-444 size-large\" src=\"https:\/\/phicatgarnier.files.wordpress.com\/2014\/12\/dsc006731.jpg?w=640&#038;resize=600%2C337\" alt=\"SONY DSC\" width=\"600\" height=\"337\" srcset=\"https:\/\/i0.wp.com\/imaginedemain.fr\/wp-content\/uploads\/2014\/12\/dsc006731.jpg?w=4592&amp;ssl=1 4592w, https:\/\/i0.wp.com\/imaginedemain.fr\/wp-content\/uploads\/2014\/12\/dsc006731.jpg?resize=300%2C168&amp;ssl=1 300w, https:\/\/i0.wp.com\/imaginedemain.fr\/wp-content\/uploads\/2014\/12\/dsc006731.jpg?resize=768%2C431&amp;ssl=1 768w, https:\/\/i0.wp.com\/imaginedemain.fr\/wp-content\/uploads\/2014\/12\/dsc006731.jpg?resize=1024%2C574&amp;ssl=1 1024w, https:\/\/i0.wp.com\/imaginedemain.fr\/wp-content\/uploads\/2014\/12\/dsc006731.jpg?resize=620%2C348&amp;ssl=1 620w, https:\/\/i0.wp.com\/imaginedemain.fr\/wp-content\/uploads\/2014\/12\/dsc006731.jpg?w=1200&amp;ssl=1 1200w, https:\/\/i0.wp.com\/imaginedemain.fr\/wp-content\/uploads\/2014\/12\/dsc006731.jpg?w=1800&amp;ssl=1 1800w\" sizes=\"auto, (max-width: 600px) 100vw, 600px\" \/><\/a><\/p>\n<p>Nous optons pour randonner sur le glacier le plus facile d\u2019acc\u00e8s depuis Puerto Rio Tranquillo, o\u00f9 nous s\u00e9journons pour deux jours dans une <em>caba\u00f1a<\/em> cinq \u00e9toiles, pieds dans le grand lac.<\/p>\n<p><a href=\"https:\/\/phicatgarnier.files.wordpress.com\/2014\/12\/dsc00198.jpg\"><img data-recalc-dims=\"1\" loading=\"lazy\" decoding=\"async\" data-attachment-id=\"451\" data-permalink=\"https:\/\/imaginedemain.fr\/index.php\/2014\/12\/27\/sur-le-glaciar-exploradores-une-glace-millenaire-sous-les-crampons\/sony-dsc-202\/\" data-orig-file=\"https:\/\/i0.wp.com\/imaginedemain.fr\/wp-content\/uploads\/2014\/12\/dsc00198.jpg?fit=4592%2C2576&amp;ssl=1\" data-orig-size=\"4592,2576\" data-comments-opened=\"1\" data-image-meta=\"{&quot;aperture&quot;:&quot;10&quot;,&quot;credit&quot;:&quot;Picasa&quot;,&quot;camera&quot;:&quot;DSLR-A350&quot;,&quot;caption&quot;:&quot;SONY DSC&quot;,&quot;created_timestamp&quot;:&quot;1419058743&quot;,&quot;copyright&quot;:&quot;&quot;,&quot;focal_length&quot;:&quot;20&quot;,&quot;iso&quot;:&quot;100&quot;,&quot;shutter_speed&quot;:&quot;0.00625&quot;,&quot;title&quot;:&quot;SONY DSC&quot;,&quot;orientation&quot;:&quot;0&quot;}\" data-image-title=\"SONY DSC\" data-image-description=\"\" data-image-caption=\"\" data-large-file=\"https:\/\/i0.wp.com\/imaginedemain.fr\/wp-content\/uploads\/2014\/12\/dsc00198.jpg?fit=600%2C336&amp;ssl=1\" class=\"alignnone wp-image-451 size-large\" src=\"https:\/\/phicatgarnier.files.wordpress.com\/2014\/12\/dsc00198.jpg?w=640&#038;resize=600%2C337\" alt=\"SONY DSC\" width=\"600\" height=\"337\" srcset=\"https:\/\/i0.wp.com\/imaginedemain.fr\/wp-content\/uploads\/2014\/12\/dsc00198.jpg?w=4592&amp;ssl=1 4592w, https:\/\/i0.wp.com\/imaginedemain.fr\/wp-content\/uploads\/2014\/12\/dsc00198.jpg?resize=300%2C168&amp;ssl=1 300w, https:\/\/i0.wp.com\/imaginedemain.fr\/wp-content\/uploads\/2014\/12\/dsc00198.jpg?resize=768%2C431&amp;ssl=1 768w, https:\/\/i0.wp.com\/imaginedemain.fr\/wp-content\/uploads\/2014\/12\/dsc00198.jpg?resize=1024%2C574&amp;ssl=1 1024w, https:\/\/i0.wp.com\/imaginedemain.fr\/wp-content\/uploads\/2014\/12\/dsc00198.jpg?resize=620%2C348&amp;ssl=1 620w, https:\/\/i0.wp.com\/imaginedemain.fr\/wp-content\/uploads\/2014\/12\/dsc00198.jpg?w=1200&amp;ssl=1 1200w, https:\/\/i0.wp.com\/imaginedemain.fr\/wp-content\/uploads\/2014\/12\/dsc00198.jpg?w=1800&amp;ssl=1 1800w\" sizes=\"auto, (max-width: 600px) 100vw, 600px\" \/><\/a><\/p>\n<p><a href=\"https:\/\/phicatgarnier.files.wordpress.com\/2014\/12\/dsc00206.jpg\"><img data-recalc-dims=\"1\" loading=\"lazy\" decoding=\"async\" data-attachment-id=\"462\" data-permalink=\"https:\/\/imaginedemain.fr\/index.php\/2014\/12\/27\/sur-le-glaciar-exploradores-une-glace-millenaire-sous-les-crampons\/sony-dsc-203\/\" data-orig-file=\"https:\/\/i0.wp.com\/imaginedemain.fr\/wp-content\/uploads\/2014\/12\/dsc00206.jpg?fit=4592%2C2576&amp;ssl=1\" data-orig-size=\"4592,2576\" data-comments-opened=\"1\" data-image-meta=\"{&quot;aperture&quot;:&quot;36&quot;,&quot;credit&quot;:&quot;&quot;,&quot;camera&quot;:&quot;DSLR-A350&quot;,&quot;caption&quot;:&quot;SONY DSC&quot;,&quot;created_timestamp&quot;:&quot;1419106052&quot;,&quot;copyright&quot;:&quot;&quot;,&quot;focal_length&quot;:&quot;50&quot;,&quot;iso&quot;:&quot;400&quot;,&quot;shutter_speed&quot;:&quot;0.025&quot;,&quot;title&quot;:&quot;SONY DSC&quot;,&quot;orientation&quot;:&quot;1&quot;}\" data-image-title=\"SONY DSC\" data-image-description=\"\" data-image-caption=\"\" data-large-file=\"https:\/\/i0.wp.com\/imaginedemain.fr\/wp-content\/uploads\/2014\/12\/dsc00206.jpg?fit=600%2C336&amp;ssl=1\" class=\"alignnone wp-image-462 size-large\" src=\"https:\/\/phicatgarnier.files.wordpress.com\/2014\/12\/dsc00206.jpg?w=640&#038;resize=600%2C337\" alt=\"SONY DSC\" width=\"600\" height=\"337\" srcset=\"https:\/\/i0.wp.com\/imaginedemain.fr\/wp-content\/uploads\/2014\/12\/dsc00206.jpg?w=4592&amp;ssl=1 4592w, https:\/\/i0.wp.com\/imaginedemain.fr\/wp-content\/uploads\/2014\/12\/dsc00206.jpg?resize=300%2C168&amp;ssl=1 300w, https:\/\/i0.wp.com\/imaginedemain.fr\/wp-content\/uploads\/2014\/12\/dsc00206.jpg?resize=768%2C431&amp;ssl=1 768w, https:\/\/i0.wp.com\/imaginedemain.fr\/wp-content\/uploads\/2014\/12\/dsc00206.jpg?resize=1024%2C574&amp;ssl=1 1024w, https:\/\/i0.wp.com\/imaginedemain.fr\/wp-content\/uploads\/2014\/12\/dsc00206.jpg?resize=620%2C348&amp;ssl=1 620w, https:\/\/i0.wp.com\/imaginedemain.fr\/wp-content\/uploads\/2014\/12\/dsc00206.jpg?w=1200&amp;ssl=1 1200w, https:\/\/i0.wp.com\/imaginedemain.fr\/wp-content\/uploads\/2014\/12\/dsc00206.jpg?w=1800&amp;ssl=1 1800w\" sizes=\"auto, (max-width: 600px) 100vw, 600px\" \/><\/a><\/p>\n<p>C\u2019est le \u00ab<em>Glaciar Exploradores<\/em>\u00a0\u00bb, situ\u00e9 \u00e0 52 kilom\u00e8tre de l\u00e0. Nous nous y rendons avec un jeune guide, qui nous conduit en roulant \u00e0 tombeau ouvert sur la piste \u00e0 voie unique. Il m\u2019explique qu\u2019il mise sur le fait que nous ne croiserons personne \u00e0 cette heure matinale pour attaquer \u00e0 bloc virages et hauts de c\u00f4te, sans aucune visibilit\u00e9. Nous croiserons tout de m\u00eame deux pick-up, heureusement sur une portion sans danger o\u00f9 l&rsquo;on peut se garer sur le c\u00f4t\u00e9.<\/p>\n<p><a href=\"https:\/\/phicatgarnier.files.wordpress.com\/2014\/12\/dsc02936.jpg\"><img data-recalc-dims=\"1\" loading=\"lazy\" decoding=\"async\" data-attachment-id=\"453\" data-permalink=\"https:\/\/imaginedemain.fr\/index.php\/2014\/12\/27\/sur-le-glaciar-exploradores-une-glace-millenaire-sous-les-crampons\/dsc02936\/\" data-orig-file=\"https:\/\/i0.wp.com\/imaginedemain.fr\/wp-content\/uploads\/2014\/12\/dsc02936.jpg?fit=4608%2C2592&amp;ssl=1\" data-orig-size=\"4608,2592\" data-comments-opened=\"1\" data-image-meta=\"{&quot;aperture&quot;:&quot;4.8&quot;,&quot;credit&quot;:&quot;&quot;,&quot;camera&quot;:&quot;DSC-TF1&quot;,&quot;caption&quot;:&quot;&quot;,&quot;created_timestamp&quot;:&quot;1419156380&quot;,&quot;copyright&quot;:&quot;&quot;,&quot;focal_length&quot;:&quot;11.38&quot;,&quot;iso&quot;:&quot;100&quot;,&quot;shutter_speed&quot;:&quot;0.003125&quot;,&quot;title&quot;:&quot;&quot;,&quot;orientation&quot;:&quot;1&quot;}\" data-image-title=\"DSC02936\" data-image-description=\"\" data-image-caption=\"\" data-large-file=\"https:\/\/i0.wp.com\/imaginedemain.fr\/wp-content\/uploads\/2014\/12\/dsc02936.jpg?fit=600%2C338&amp;ssl=1\" class=\"alignnone wp-image-453 size-large\" src=\"https:\/\/phicatgarnier.files.wordpress.com\/2014\/12\/dsc02936.jpg?w=640&#038;resize=600%2C338\" alt=\"DSC02936\" width=\"600\" height=\"338\" srcset=\"https:\/\/i0.wp.com\/imaginedemain.fr\/wp-content\/uploads\/2014\/12\/dsc02936.jpg?w=4608&amp;ssl=1 4608w, https:\/\/i0.wp.com\/imaginedemain.fr\/wp-content\/uploads\/2014\/12\/dsc02936.jpg?resize=300%2C169&amp;ssl=1 300w, https:\/\/i0.wp.com\/imaginedemain.fr\/wp-content\/uploads\/2014\/12\/dsc02936.jpg?resize=768%2C432&amp;ssl=1 768w, https:\/\/i0.wp.com\/imaginedemain.fr\/wp-content\/uploads\/2014\/12\/dsc02936.jpg?resize=1024%2C576&amp;ssl=1 1024w, https:\/\/i0.wp.com\/imaginedemain.fr\/wp-content\/uploads\/2014\/12\/dsc02936.jpg?resize=620%2C349&amp;ssl=1 620w, https:\/\/i0.wp.com\/imaginedemain.fr\/wp-content\/uploads\/2014\/12\/dsc02936.jpg?w=1200&amp;ssl=1 1200w, https:\/\/i0.wp.com\/imaginedemain.fr\/wp-content\/uploads\/2014\/12\/dsc02936.jpg?w=1800&amp;ssl=1 1800w\" sizes=\"auto, (max-width: 600px) 100vw, 600px\" \/><\/a><\/p>\n<p>Apr\u00e8s cette \u00e9preuve nous pouvons attaquer la partie la moins risqu\u00e9e de la journ\u00e9e, la randonn\u00e9e sur le glacier. Nous rejoignons un petit lac \u00e0 l&rsquo;eau terreuse, entour\u00e9 de caillasses, typique d&rsquo;un lac glaciaire, exutoire des eaux de fonte.<\/p>\n<p><a href=\"https:\/\/phicatgarnier.files.wordpress.com\/2014\/12\/dsc028391.jpg\"><img data-recalc-dims=\"1\" loading=\"lazy\" decoding=\"async\" data-attachment-id=\"418\" data-permalink=\"https:\/\/imaginedemain.fr\/dsc02839-2\/\" data-orig-file=\"https:\/\/i0.wp.com\/imaginedemain.fr\/wp-content\/uploads\/2014\/12\/dsc028391.jpg?fit=4608%2C2592&amp;ssl=1\" data-orig-size=\"4608,2592\" data-comments-opened=\"1\" data-image-meta=\"{&quot;aperture&quot;:&quot;6.5&quot;,&quot;credit&quot;:&quot;Picasa&quot;,&quot;camera&quot;:&quot;DSC-TF1&quot;,&quot;caption&quot;:&quot;&quot;,&quot;created_timestamp&quot;:&quot;1419074488&quot;,&quot;copyright&quot;:&quot;&quot;,&quot;focal_length&quot;:&quot;4.43&quot;,&quot;iso&quot;:&quot;100&quot;,&quot;shutter_speed&quot;:&quot;0.0025&quot;,&quot;title&quot;:&quot;&quot;,&quot;orientation&quot;:&quot;0&quot;}\" data-image-title=\"DSC02839\" data-image-description=\"\" data-image-caption=\"\" data-large-file=\"https:\/\/i0.wp.com\/imaginedemain.fr\/wp-content\/uploads\/2014\/12\/dsc028391.jpg?fit=600%2C338&amp;ssl=1\" class=\"alignnone wp-image-418 size-large\" src=\"https:\/\/phicatgarnier.files.wordpress.com\/2014\/12\/dsc028391.jpg?w=640&#038;resize=600%2C338\" alt=\"DSC02839\" width=\"600\" height=\"338\" srcset=\"https:\/\/i0.wp.com\/imaginedemain.fr\/wp-content\/uploads\/2014\/12\/dsc028391.jpg?w=4608&amp;ssl=1 4608w, https:\/\/i0.wp.com\/imaginedemain.fr\/wp-content\/uploads\/2014\/12\/dsc028391.jpg?resize=300%2C169&amp;ssl=1 300w, https:\/\/i0.wp.com\/imaginedemain.fr\/wp-content\/uploads\/2014\/12\/dsc028391.jpg?resize=768%2C432&amp;ssl=1 768w, https:\/\/i0.wp.com\/imaginedemain.fr\/wp-content\/uploads\/2014\/12\/dsc028391.jpg?resize=1024%2C576&amp;ssl=1 1024w, https:\/\/i0.wp.com\/imaginedemain.fr\/wp-content\/uploads\/2014\/12\/dsc028391.jpg?resize=620%2C349&amp;ssl=1 620w, https:\/\/i0.wp.com\/imaginedemain.fr\/wp-content\/uploads\/2014\/12\/dsc028391.jpg?w=1200&amp;ssl=1 1200w, https:\/\/i0.wp.com\/imaginedemain.fr\/wp-content\/uploads\/2014\/12\/dsc028391.jpg?w=1800&amp;ssl=1 1800w\" sizes=\"auto, (max-width: 600px) 100vw, 600px\" \/><\/a><\/p>\n<p>On s\u2019\u00e9l\u00e8ve alors sur la moraine pour d\u00e9boucher sur un terrain assez extraordinaire. On a l\u2019impression d\u2019\u00eatre sur un immense chantier o\u00f9 les scrappers seraient devenus fous, accumulant de gigantesques tas de gravats dans tous les sens. Nous commen\u00e7ons \u00e0 marcher sur ce terrain chaotique. Grimpant sur un tas, je chute lourdement sans comprendre ce qui m\u2019arrive. Me relevant je vois que j\u2019ai gliss\u00e9 sur de la glace, l\u00e0, juste sous une fine couche de terre. C\u2019est de la glace noire, noire parce qu\u2019elle ne re\u00e7oit aucune lumi\u00e8re, mais sp\u00e9cialement glissante. Nous r\u00e9alisons que nous sommes d\u00e9j\u00e0 sur le glacier.<\/p>\n<p><a href=\"https:\/\/phicatgarnier.files.wordpress.com\/2014\/12\/dsc028601.jpg\"><img data-recalc-dims=\"1\" loading=\"lazy\" decoding=\"async\" data-attachment-id=\"421\" data-permalink=\"https:\/\/imaginedemain.fr\/dsc02860-2\/\" data-orig-file=\"https:\/\/i0.wp.com\/imaginedemain.fr\/wp-content\/uploads\/2014\/12\/dsc028601.jpg?fit=4608%2C2592&amp;ssl=1\" data-orig-size=\"4608,2592\" data-comments-opened=\"1\" data-image-meta=\"{&quot;aperture&quot;:&quot;6.5&quot;,&quot;credit&quot;:&quot;Picasa&quot;,&quot;camera&quot;:&quot;DSC-TF1&quot;,&quot;caption&quot;:&quot;&quot;,&quot;created_timestamp&quot;:&quot;1419075940&quot;,&quot;copyright&quot;:&quot;&quot;,&quot;focal_length&quot;:&quot;4.43&quot;,&quot;iso&quot;:&quot;100&quot;,&quot;shutter_speed&quot;:&quot;0.00125&quot;,&quot;title&quot;:&quot;&quot;,&quot;orientation&quot;:&quot;0&quot;}\" data-image-title=\"DSC02860\" data-image-description=\"\" data-image-caption=\"\" data-large-file=\"https:\/\/i0.wp.com\/imaginedemain.fr\/wp-content\/uploads\/2014\/12\/dsc028601.jpg?fit=600%2C338&amp;ssl=1\" class=\"alignnone wp-image-421 size-large\" src=\"https:\/\/phicatgarnier.files.wordpress.com\/2014\/12\/dsc028601.jpg?w=640&#038;resize=600%2C338\" alt=\"DSC02860\" width=\"600\" height=\"338\" srcset=\"https:\/\/i0.wp.com\/imaginedemain.fr\/wp-content\/uploads\/2014\/12\/dsc028601.jpg?w=4608&amp;ssl=1 4608w, https:\/\/i0.wp.com\/imaginedemain.fr\/wp-content\/uploads\/2014\/12\/dsc028601.jpg?resize=300%2C169&amp;ssl=1 300w, https:\/\/i0.wp.com\/imaginedemain.fr\/wp-content\/uploads\/2014\/12\/dsc028601.jpg?resize=768%2C432&amp;ssl=1 768w, https:\/\/i0.wp.com\/imaginedemain.fr\/wp-content\/uploads\/2014\/12\/dsc028601.jpg?resize=1024%2C576&amp;ssl=1 1024w, https:\/\/i0.wp.com\/imaginedemain.fr\/wp-content\/uploads\/2014\/12\/dsc028601.jpg?resize=620%2C349&amp;ssl=1 620w, https:\/\/i0.wp.com\/imaginedemain.fr\/wp-content\/uploads\/2014\/12\/dsc028601.jpg?w=1200&amp;ssl=1 1200w, https:\/\/i0.wp.com\/imaginedemain.fr\/wp-content\/uploads\/2014\/12\/dsc028601.jpg?w=1800&amp;ssl=1 1800w\" sizes=\"auto, (max-width: 600px) 100vw, 600px\" \/><\/a><\/p>\n<p><a href=\"https:\/\/phicatgarnier.files.wordpress.com\/2014\/12\/dsc02850.jpg\"><img data-recalc-dims=\"1\" loading=\"lazy\" decoding=\"async\" data-attachment-id=\"446\" data-permalink=\"https:\/\/imaginedemain.fr\/dsc02850\/\" data-orig-file=\"https:\/\/i0.wp.com\/imaginedemain.fr\/wp-content\/uploads\/2014\/12\/dsc02850.jpg?fit=4608%2C2592&amp;ssl=1\" data-orig-size=\"4608,2592\" data-comments-opened=\"1\" data-image-meta=\"{&quot;aperture&quot;:&quot;4.2&quot;,&quot;credit&quot;:&quot;&quot;,&quot;camera&quot;:&quot;DSC-TF1&quot;,&quot;caption&quot;:&quot;&quot;,&quot;created_timestamp&quot;:&quot;1419075200&quot;,&quot;copyright&quot;:&quot;&quot;,&quot;focal_length&quot;:&quot;4.43&quot;,&quot;iso&quot;:&quot;100&quot;,&quot;shutter_speed&quot;:&quot;0.00125&quot;,&quot;title&quot;:&quot;&quot;,&quot;orientation&quot;:&quot;1&quot;}\" data-image-title=\"DSC02850\" data-image-description=\"\" data-image-caption=\"\" data-large-file=\"https:\/\/i0.wp.com\/imaginedemain.fr\/wp-content\/uploads\/2014\/12\/dsc02850.jpg?fit=600%2C338&amp;ssl=1\" class=\"alignnone wp-image-446 size-large\" src=\"https:\/\/phicatgarnier.files.wordpress.com\/2014\/12\/dsc02850.jpg?w=640&#038;resize=600%2C338\" alt=\"DSC02850\" width=\"600\" height=\"338\" srcset=\"https:\/\/i0.wp.com\/imaginedemain.fr\/wp-content\/uploads\/2014\/12\/dsc02850.jpg?w=4608&amp;ssl=1 4608w, https:\/\/i0.wp.com\/imaginedemain.fr\/wp-content\/uploads\/2014\/12\/dsc02850.jpg?resize=300%2C169&amp;ssl=1 300w, https:\/\/i0.wp.com\/imaginedemain.fr\/wp-content\/uploads\/2014\/12\/dsc02850.jpg?resize=768%2C432&amp;ssl=1 768w, https:\/\/i0.wp.com\/imaginedemain.fr\/wp-content\/uploads\/2014\/12\/dsc02850.jpg?resize=1024%2C576&amp;ssl=1 1024w, https:\/\/i0.wp.com\/imaginedemain.fr\/wp-content\/uploads\/2014\/12\/dsc02850.jpg?resize=620%2C349&amp;ssl=1 620w, https:\/\/i0.wp.com\/imaginedemain.fr\/wp-content\/uploads\/2014\/12\/dsc02850.jpg?w=1200&amp;ssl=1 1200w, https:\/\/i0.wp.com\/imaginedemain.fr\/wp-content\/uploads\/2014\/12\/dsc02850.jpg?w=1800&amp;ssl=1 1800w\" sizes=\"auto, (max-width: 600px) 100vw, 600px\" \/><\/a><\/p>\n<p><a href=\"https:\/\/phicatgarnier.files.wordpress.com\/2014\/12\/dsc028561.jpg\"><img data-recalc-dims=\"1\" loading=\"lazy\" decoding=\"async\" data-attachment-id=\"420\" data-permalink=\"https:\/\/imaginedemain.fr\/dsc02856-2\/\" data-orig-file=\"https:\/\/i0.wp.com\/imaginedemain.fr\/wp-content\/uploads\/2014\/12\/dsc028561.jpg?fit=4608%2C2592&amp;ssl=1\" data-orig-size=\"4608,2592\" data-comments-opened=\"1\" data-image-meta=\"{&quot;aperture&quot;:&quot;6.5&quot;,&quot;credit&quot;:&quot;Picasa&quot;,&quot;camera&quot;:&quot;DSC-TF1&quot;,&quot;caption&quot;:&quot;&quot;,&quot;created_timestamp&quot;:&quot;1419075426&quot;,&quot;copyright&quot;:&quot;&quot;,&quot;focal_length&quot;:&quot;4.43&quot;,&quot;iso&quot;:&quot;100&quot;,&quot;shutter_speed&quot;:&quot;0.002&quot;,&quot;title&quot;:&quot;&quot;,&quot;orientation&quot;:&quot;0&quot;}\" data-image-title=\"DSC02856\" data-image-description=\"\" data-image-caption=\"\" data-large-file=\"https:\/\/i0.wp.com\/imaginedemain.fr\/wp-content\/uploads\/2014\/12\/dsc028561.jpg?fit=600%2C338&amp;ssl=1\" class=\"alignnone wp-image-420 size-large\" src=\"https:\/\/phicatgarnier.files.wordpress.com\/2014\/12\/dsc028561.jpg?w=640&#038;resize=600%2C338\" alt=\"DSC02856\" width=\"600\" height=\"338\" srcset=\"https:\/\/i0.wp.com\/imaginedemain.fr\/wp-content\/uploads\/2014\/12\/dsc028561.jpg?w=4608&amp;ssl=1 4608w, https:\/\/i0.wp.com\/imaginedemain.fr\/wp-content\/uploads\/2014\/12\/dsc028561.jpg?resize=300%2C169&amp;ssl=1 300w, https:\/\/i0.wp.com\/imaginedemain.fr\/wp-content\/uploads\/2014\/12\/dsc028561.jpg?resize=768%2C432&amp;ssl=1 768w, https:\/\/i0.wp.com\/imaginedemain.fr\/wp-content\/uploads\/2014\/12\/dsc028561.jpg?resize=1024%2C576&amp;ssl=1 1024w, https:\/\/i0.wp.com\/imaginedemain.fr\/wp-content\/uploads\/2014\/12\/dsc028561.jpg?resize=620%2C349&amp;ssl=1 620w, https:\/\/i0.wp.com\/imaginedemain.fr\/wp-content\/uploads\/2014\/12\/dsc028561.jpg?w=1200&amp;ssl=1 1200w, https:\/\/i0.wp.com\/imaginedemain.fr\/wp-content\/uploads\/2014\/12\/dsc028561.jpg?w=1800&amp;ssl=1 1800w\" sizes=\"auto, (max-width: 600px) 100vw, 600px\" \/><\/a><\/p>\n<p><a href=\"https:\/\/phicatgarnier.files.wordpress.com\/2014\/12\/dsc028471.jpg\"><img data-recalc-dims=\"1\" loading=\"lazy\" decoding=\"async\" data-attachment-id=\"419\" data-permalink=\"https:\/\/imaginedemain.fr\/dsc02847-2\/\" data-orig-file=\"https:\/\/i0.wp.com\/imaginedemain.fr\/wp-content\/uploads\/2014\/12\/dsc028471.jpg?fit=4608%2C2592&amp;ssl=1\" data-orig-size=\"4608,2592\" data-comments-opened=\"1\" data-image-meta=\"{&quot;aperture&quot;:&quot;6.5&quot;,&quot;credit&quot;:&quot;Picasa&quot;,&quot;camera&quot;:&quot;DSC-TF1&quot;,&quot;caption&quot;:&quot;&quot;,&quot;created_timestamp&quot;:&quot;1419075059&quot;,&quot;copyright&quot;:&quot;&quot;,&quot;focal_length&quot;:&quot;4.43&quot;,&quot;iso&quot;:&quot;100&quot;,&quot;shutter_speed&quot;:&quot;0.0015625&quot;,&quot;title&quot;:&quot;&quot;,&quot;orientation&quot;:&quot;0&quot;}\" data-image-title=\"DSC02847\" data-image-description=\"\" data-image-caption=\"\" data-large-file=\"https:\/\/i0.wp.com\/imaginedemain.fr\/wp-content\/uploads\/2014\/12\/dsc028471.jpg?fit=600%2C338&amp;ssl=1\" class=\"alignnone wp-image-419 size-large\" src=\"https:\/\/phicatgarnier.files.wordpress.com\/2014\/12\/dsc028471.jpg?w=640&#038;resize=600%2C338\" alt=\"DSC02847\" width=\"600\" height=\"338\" srcset=\"https:\/\/i0.wp.com\/imaginedemain.fr\/wp-content\/uploads\/2014\/12\/dsc028471.jpg?w=4608&amp;ssl=1 4608w, https:\/\/i0.wp.com\/imaginedemain.fr\/wp-content\/uploads\/2014\/12\/dsc028471.jpg?resize=300%2C169&amp;ssl=1 300w, https:\/\/i0.wp.com\/imaginedemain.fr\/wp-content\/uploads\/2014\/12\/dsc028471.jpg?resize=768%2C432&amp;ssl=1 768w, https:\/\/i0.wp.com\/imaginedemain.fr\/wp-content\/uploads\/2014\/12\/dsc028471.jpg?resize=1024%2C576&amp;ssl=1 1024w, https:\/\/i0.wp.com\/imaginedemain.fr\/wp-content\/uploads\/2014\/12\/dsc028471.jpg?resize=620%2C349&amp;ssl=1 620w, https:\/\/i0.wp.com\/imaginedemain.fr\/wp-content\/uploads\/2014\/12\/dsc028471.jpg?w=1200&amp;ssl=1 1200w, https:\/\/i0.wp.com\/imaginedemain.fr\/wp-content\/uploads\/2014\/12\/dsc028471.jpg?w=1800&amp;ssl=1 1800w\" sizes=\"auto, (max-width: 600px) 100vw, 600px\" \/><\/a><\/p>\n<p>Les tas de terre et de pierre recouvrent la partie finale du glacier. Ce sont des collines de tr\u00e8s vieille glace qui supportent tous les mat\u00e9riaux arrach\u00e9s par le glacier \u00e0 la montagne. Collines form\u00e9es par la pression chaotique des courants de glace et la fonte. Nous avan\u00e7ons et la terre laisse maintenant la place \u00e0 la glace vive. Nous chaussons\u00a0 les crampons. C\u2019est un terrain d\u00e9sordonn\u00e9, crevass\u00e9, avec des trous b\u00e9ants, des rivi\u00e8res qui glougoutent dans la profondeur, des arches de glace, des grottes, des corniches, des sculptures monumentales, des mares d\u2019une eau translucide. Nous ne sommes qu\u2019\u00e0 120 m\u00e8tres d\u2019altitude, c\u2019est troublant d\u2019\u00eatre ici sur cette masse de glace.<\/p>\n<p><a href=\"https:\/\/phicatgarnier.files.wordpress.com\/2014\/12\/dsc028762.jpg\"><img data-recalc-dims=\"1\" loading=\"lazy\" decoding=\"async\" data-attachment-id=\"450\" data-permalink=\"https:\/\/imaginedemain.fr\/dsc02876-3\/\" data-orig-file=\"https:\/\/i0.wp.com\/imaginedemain.fr\/wp-content\/uploads\/2014\/12\/dsc028762.jpg?fit=4608%2C2592&amp;ssl=1\" data-orig-size=\"4608,2592\" data-comments-opened=\"1\" data-image-meta=\"{&quot;aperture&quot;:&quot;6.7&quot;,&quot;credit&quot;:&quot;Picasa&quot;,&quot;camera&quot;:&quot;DSC-TF1&quot;,&quot;caption&quot;:&quot;&quot;,&quot;created_timestamp&quot;:&quot;1419077736&quot;,&quot;copyright&quot;:&quot;&quot;,&quot;focal_length&quot;:&quot;6.96&quot;,&quot;iso&quot;:&quot;100&quot;,&quot;shutter_speed&quot;:&quot;0.0008&quot;,&quot;title&quot;:&quot;&quot;,&quot;orientation&quot;:&quot;0&quot;}\" data-image-title=\"DSC02876\" data-image-description=\"\" data-image-caption=\"\" data-large-file=\"https:\/\/i0.wp.com\/imaginedemain.fr\/wp-content\/uploads\/2014\/12\/dsc028762.jpg?fit=600%2C338&amp;ssl=1\" class=\"alignnone wp-image-450 size-large\" src=\"https:\/\/phicatgarnier.files.wordpress.com\/2014\/12\/dsc028762.jpg?w=640&#038;resize=600%2C338\" alt=\"DSC02876\" width=\"600\" height=\"338\" srcset=\"https:\/\/i0.wp.com\/imaginedemain.fr\/wp-content\/uploads\/2014\/12\/dsc028762.jpg?w=4608&amp;ssl=1 4608w, https:\/\/i0.wp.com\/imaginedemain.fr\/wp-content\/uploads\/2014\/12\/dsc028762.jpg?resize=300%2C169&amp;ssl=1 300w, https:\/\/i0.wp.com\/imaginedemain.fr\/wp-content\/uploads\/2014\/12\/dsc028762.jpg?resize=768%2C432&amp;ssl=1 768w, https:\/\/i0.wp.com\/imaginedemain.fr\/wp-content\/uploads\/2014\/12\/dsc028762.jpg?resize=1024%2C576&amp;ssl=1 1024w, https:\/\/i0.wp.com\/imaginedemain.fr\/wp-content\/uploads\/2014\/12\/dsc028762.jpg?resize=620%2C349&amp;ssl=1 620w, https:\/\/i0.wp.com\/imaginedemain.fr\/wp-content\/uploads\/2014\/12\/dsc028762.jpg?w=1200&amp;ssl=1 1200w, https:\/\/i0.wp.com\/imaginedemain.fr\/wp-content\/uploads\/2014\/12\/dsc028762.jpg?w=1800&amp;ssl=1 1800w\" sizes=\"auto, (max-width: 600px) 100vw, 600px\" \/><\/a><\/p>\n<p><a href=\"https:\/\/phicatgarnier.files.wordpress.com\/2014\/12\/dsc029231.jpg\"><img data-recalc-dims=\"1\" loading=\"lazy\" decoding=\"async\" data-attachment-id=\"427\" data-permalink=\"https:\/\/imaginedemain.fr\/dsc02923-2\/\" data-orig-file=\"https:\/\/i0.wp.com\/imaginedemain.fr\/wp-content\/uploads\/2014\/12\/dsc029231.jpg?fit=4608%2C2592&amp;ssl=1\" data-orig-size=\"4608,2592\" data-comments-opened=\"1\" data-image-meta=\"{&quot;aperture&quot;:&quot;6.5&quot;,&quot;credit&quot;:&quot;Picasa&quot;,&quot;camera&quot;:&quot;DSC-TF1&quot;,&quot;caption&quot;:&quot;&quot;,&quot;created_timestamp&quot;:&quot;1419083724&quot;,&quot;copyright&quot;:&quot;&quot;,&quot;focal_length&quot;:&quot;4.43&quot;,&quot;iso&quot;:&quot;100&quot;,&quot;shutter_speed&quot;:&quot;0.0008&quot;,&quot;title&quot;:&quot;&quot;,&quot;orientation&quot;:&quot;0&quot;}\" data-image-title=\"DSC02923\" data-image-description=\"\" data-image-caption=\"\" data-large-file=\"https:\/\/i0.wp.com\/imaginedemain.fr\/wp-content\/uploads\/2014\/12\/dsc029231.jpg?fit=600%2C338&amp;ssl=1\" class=\"alignnone wp-image-427 size-large\" src=\"https:\/\/phicatgarnier.files.wordpress.com\/2014\/12\/dsc029231.jpg?w=640&#038;resize=600%2C338\" alt=\"DSC02923\" width=\"600\" height=\"338\" srcset=\"https:\/\/i0.wp.com\/imaginedemain.fr\/wp-content\/uploads\/2014\/12\/dsc029231.jpg?w=4608&amp;ssl=1 4608w, https:\/\/i0.wp.com\/imaginedemain.fr\/wp-content\/uploads\/2014\/12\/dsc029231.jpg?resize=300%2C169&amp;ssl=1 300w, https:\/\/i0.wp.com\/imaginedemain.fr\/wp-content\/uploads\/2014\/12\/dsc029231.jpg?resize=768%2C432&amp;ssl=1 768w, https:\/\/i0.wp.com\/imaginedemain.fr\/wp-content\/uploads\/2014\/12\/dsc029231.jpg?resize=1024%2C576&amp;ssl=1 1024w, https:\/\/i0.wp.com\/imaginedemain.fr\/wp-content\/uploads\/2014\/12\/dsc029231.jpg?resize=620%2C349&amp;ssl=1 620w, https:\/\/i0.wp.com\/imaginedemain.fr\/wp-content\/uploads\/2014\/12\/dsc029231.jpg?w=1200&amp;ssl=1 1200w, https:\/\/i0.wp.com\/imaginedemain.fr\/wp-content\/uploads\/2014\/12\/dsc029231.jpg?w=1800&amp;ssl=1 1800w\" sizes=\"auto, (max-width: 600px) 100vw, 600px\" \/><\/a><a href=\"https:\/\/phicatgarnier.files.wordpress.com\/2014\/12\/dsc02882.jpg\"><img data-recalc-dims=\"1\" loading=\"lazy\" decoding=\"async\" data-attachment-id=\"452\" data-permalink=\"https:\/\/imaginedemain.fr\/index.php\/2014\/12\/27\/sur-le-glaciar-exploradores-une-glace-millenaire-sous-les-crampons\/dsc02882\/\" data-orig-file=\"https:\/\/i0.wp.com\/imaginedemain.fr\/wp-content\/uploads\/2014\/12\/dsc02882.jpg?fit=4608%2C2592&amp;ssl=1\" data-orig-size=\"4608,2592\" data-comments-opened=\"1\" data-image-meta=\"{&quot;aperture&quot;:&quot;6.5&quot;,&quot;credit&quot;:&quot;&quot;,&quot;camera&quot;:&quot;DSC-TF1&quot;,&quot;caption&quot;:&quot;&quot;,&quot;created_timestamp&quot;:&quot;1419079885&quot;,&quot;copyright&quot;:&quot;&quot;,&quot;focal_length&quot;:&quot;4.43&quot;,&quot;iso&quot;:&quot;100&quot;,&quot;shutter_speed&quot;:&quot;0.0015625&quot;,&quot;title&quot;:&quot;&quot;,&quot;orientation&quot;:&quot;1&quot;}\" data-image-title=\"DSC02882\" data-image-description=\"\" data-image-caption=\"\" data-large-file=\"https:\/\/i0.wp.com\/imaginedemain.fr\/wp-content\/uploads\/2014\/12\/dsc02882.jpg?fit=600%2C338&amp;ssl=1\" class=\"alignnone wp-image-452 size-large\" src=\"https:\/\/phicatgarnier.files.wordpress.com\/2014\/12\/dsc02882.jpg?w=640&#038;resize=600%2C338\" alt=\"DSC02882\" width=\"600\" height=\"338\" srcset=\"https:\/\/i0.wp.com\/imaginedemain.fr\/wp-content\/uploads\/2014\/12\/dsc02882.jpg?w=4608&amp;ssl=1 4608w, https:\/\/i0.wp.com\/imaginedemain.fr\/wp-content\/uploads\/2014\/12\/dsc02882.jpg?resize=300%2C169&amp;ssl=1 300w, https:\/\/i0.wp.com\/imaginedemain.fr\/wp-content\/uploads\/2014\/12\/dsc02882.jpg?resize=768%2C432&amp;ssl=1 768w, https:\/\/i0.wp.com\/imaginedemain.fr\/wp-content\/uploads\/2014\/12\/dsc02882.jpg?resize=1024%2C576&amp;ssl=1 1024w, https:\/\/i0.wp.com\/imaginedemain.fr\/wp-content\/uploads\/2014\/12\/dsc02882.jpg?resize=620%2C349&amp;ssl=1 620w, https:\/\/i0.wp.com\/imaginedemain.fr\/wp-content\/uploads\/2014\/12\/dsc02882.jpg?w=1200&amp;ssl=1 1200w, https:\/\/i0.wp.com\/imaginedemain.fr\/wp-content\/uploads\/2014\/12\/dsc02882.jpg?w=1800&amp;ssl=1 1800w\" sizes=\"auto, (max-width: 600px) 100vw, 600px\" \/><\/a><a href=\"https:\/\/phicatgarnier.files.wordpress.com\/2014\/12\/dsc029051.jpg\"><img data-recalc-dims=\"1\" loading=\"lazy\" decoding=\"async\" data-attachment-id=\"424\" data-permalink=\"https:\/\/imaginedemain.fr\/dsc02905-2\/\" data-orig-file=\"https:\/\/i0.wp.com\/imaginedemain.fr\/wp-content\/uploads\/2014\/12\/dsc029051.jpg?fit=4608%2C2592&amp;ssl=1\" data-orig-size=\"4608,2592\" data-comments-opened=\"1\" data-image-meta=\"{&quot;aperture&quot;:&quot;6.5&quot;,&quot;credit&quot;:&quot;Picasa&quot;,&quot;camera&quot;:&quot;DSC-TF1&quot;,&quot;caption&quot;:&quot;&quot;,&quot;created_timestamp&quot;:&quot;1419081269&quot;,&quot;copyright&quot;:&quot;&quot;,&quot;focal_length&quot;:&quot;4.43&quot;,&quot;iso&quot;:&quot;100&quot;,&quot;shutter_speed&quot;:&quot;0.000625&quot;,&quot;title&quot;:&quot;&quot;,&quot;orientation&quot;:&quot;0&quot;}\" data-image-title=\"DSC02905\" data-image-description=\"\" data-image-caption=\"\" data-large-file=\"https:\/\/i0.wp.com\/imaginedemain.fr\/wp-content\/uploads\/2014\/12\/dsc029051.jpg?fit=600%2C338&amp;ssl=1\" class=\"alignnone wp-image-424 size-large\" src=\"https:\/\/phicatgarnier.files.wordpress.com\/2014\/12\/dsc029051.jpg?w=640&#038;resize=600%2C338\" alt=\"DSC02905\" width=\"600\" height=\"338\" srcset=\"https:\/\/i0.wp.com\/imaginedemain.fr\/wp-content\/uploads\/2014\/12\/dsc029051.jpg?w=4608&amp;ssl=1 4608w, https:\/\/i0.wp.com\/imaginedemain.fr\/wp-content\/uploads\/2014\/12\/dsc029051.jpg?resize=300%2C169&amp;ssl=1 300w, https:\/\/i0.wp.com\/imaginedemain.fr\/wp-content\/uploads\/2014\/12\/dsc029051.jpg?resize=768%2C432&amp;ssl=1 768w, https:\/\/i0.wp.com\/imaginedemain.fr\/wp-content\/uploads\/2014\/12\/dsc029051.jpg?resize=1024%2C576&amp;ssl=1 1024w, https:\/\/i0.wp.com\/imaginedemain.fr\/wp-content\/uploads\/2014\/12\/dsc029051.jpg?resize=620%2C349&amp;ssl=1 620w, https:\/\/i0.wp.com\/imaginedemain.fr\/wp-content\/uploads\/2014\/12\/dsc029051.jpg?w=1200&amp;ssl=1 1200w, https:\/\/i0.wp.com\/imaginedemain.fr\/wp-content\/uploads\/2014\/12\/dsc029051.jpg?w=1800&amp;ssl=1 1800w\" sizes=\"auto, (max-width: 600px) 100vw, 600px\" \/><\/a><a href=\"https:\/\/phicatgarnier.files.wordpress.com\/2014\/12\/dsc028921.jpg\"><img data-recalc-dims=\"1\" loading=\"lazy\" decoding=\"async\" data-attachment-id=\"423\" data-permalink=\"https:\/\/imaginedemain.fr\/dsc02892-2\/\" data-orig-file=\"https:\/\/i0.wp.com\/imaginedemain.fr\/wp-content\/uploads\/2014\/12\/dsc028921.jpg?fit=4608%2C2592&amp;ssl=1\" data-orig-size=\"4608,2592\" data-comments-opened=\"1\" data-image-meta=\"{&quot;aperture&quot;:&quot;6.5&quot;,&quot;credit&quot;:&quot;Picasa&quot;,&quot;camera&quot;:&quot;DSC-TF1&quot;,&quot;caption&quot;:&quot;&quot;,&quot;created_timestamp&quot;:&quot;1419080410&quot;,&quot;copyright&quot;:&quot;&quot;,&quot;focal_length&quot;:&quot;4.43&quot;,&quot;iso&quot;:&quot;100&quot;,&quot;shutter_speed&quot;:&quot;0.0005&quot;,&quot;title&quot;:&quot;&quot;,&quot;orientation&quot;:&quot;0&quot;}\" data-image-title=\"DSC02892\" data-image-description=\"\" data-image-caption=\"\" data-large-file=\"https:\/\/i0.wp.com\/imaginedemain.fr\/wp-content\/uploads\/2014\/12\/dsc028921.jpg?fit=600%2C338&amp;ssl=1\" class=\"alignnone wp-image-423 size-large\" src=\"https:\/\/phicatgarnier.files.wordpress.com\/2014\/12\/dsc028921.jpg?w=640&#038;resize=600%2C338\" alt=\"DSC02892\" width=\"600\" height=\"338\" srcset=\"https:\/\/i0.wp.com\/imaginedemain.fr\/wp-content\/uploads\/2014\/12\/dsc028921.jpg?w=4608&amp;ssl=1 4608w, https:\/\/i0.wp.com\/imaginedemain.fr\/wp-content\/uploads\/2014\/12\/dsc028921.jpg?resize=300%2C169&amp;ssl=1 300w, https:\/\/i0.wp.com\/imaginedemain.fr\/wp-content\/uploads\/2014\/12\/dsc028921.jpg?resize=768%2C432&amp;ssl=1 768w, https:\/\/i0.wp.com\/imaginedemain.fr\/wp-content\/uploads\/2014\/12\/dsc028921.jpg?resize=1024%2C576&amp;ssl=1 1024w, https:\/\/i0.wp.com\/imaginedemain.fr\/wp-content\/uploads\/2014\/12\/dsc028921.jpg?resize=620%2C349&amp;ssl=1 620w, https:\/\/i0.wp.com\/imaginedemain.fr\/wp-content\/uploads\/2014\/12\/dsc028921.jpg?w=1200&amp;ssl=1 1200w, https:\/\/i0.wp.com\/imaginedemain.fr\/wp-content\/uploads\/2014\/12\/dsc028921.jpg?w=1800&amp;ssl=1 1800w\" sizes=\"auto, (max-width: 600px) 100vw, 600px\" \/><\/a><\/p>\n<p><a href=\"https:\/\/phicatgarnier.files.wordpress.com\/2014\/12\/dsc029071.jpg\"><img data-recalc-dims=\"1\" loading=\"lazy\" decoding=\"async\" data-attachment-id=\"425\" data-permalink=\"https:\/\/imaginedemain.fr\/dsc02907-2\/\" data-orig-file=\"https:\/\/i0.wp.com\/imaginedemain.fr\/wp-content\/uploads\/2014\/12\/dsc029071.jpg?fit=4608%2C2592&amp;ssl=1\" data-orig-size=\"4608,2592\" data-comments-opened=\"1\" data-image-meta=\"{&quot;aperture&quot;:&quot;3.6&quot;,&quot;credit&quot;:&quot;Picasa&quot;,&quot;camera&quot;:&quot;DSC-TF1&quot;,&quot;caption&quot;:&quot;&quot;,&quot;created_timestamp&quot;:&quot;1419081524&quot;,&quot;copyright&quot;:&quot;&quot;,&quot;focal_length&quot;:&quot;4.43&quot;,&quot;iso&quot;:&quot;100&quot;,&quot;shutter_speed&quot;:&quot;0.008&quot;,&quot;title&quot;:&quot;&quot;,&quot;orientation&quot;:&quot;0&quot;}\" data-image-title=\"DSC02907\" data-image-description=\"\" data-image-caption=\"\" data-large-file=\"https:\/\/i0.wp.com\/imaginedemain.fr\/wp-content\/uploads\/2014\/12\/dsc029071.jpg?fit=600%2C338&amp;ssl=1\" class=\"alignnone wp-image-425 size-large\" src=\"https:\/\/phicatgarnier.files.wordpress.com\/2014\/12\/dsc029071.jpg?w=640&#038;resize=600%2C338\" alt=\"DSC02907\" width=\"600\" height=\"338\" srcset=\"https:\/\/i0.wp.com\/imaginedemain.fr\/wp-content\/uploads\/2014\/12\/dsc029071.jpg?w=4608&amp;ssl=1 4608w, https:\/\/i0.wp.com\/imaginedemain.fr\/wp-content\/uploads\/2014\/12\/dsc029071.jpg?resize=300%2C169&amp;ssl=1 300w, https:\/\/i0.wp.com\/imaginedemain.fr\/wp-content\/uploads\/2014\/12\/dsc029071.jpg?resize=768%2C432&amp;ssl=1 768w, https:\/\/i0.wp.com\/imaginedemain.fr\/wp-content\/uploads\/2014\/12\/dsc029071.jpg?resize=1024%2C576&amp;ssl=1 1024w, https:\/\/i0.wp.com\/imaginedemain.fr\/wp-content\/uploads\/2014\/12\/dsc029071.jpg?resize=620%2C349&amp;ssl=1 620w, https:\/\/i0.wp.com\/imaginedemain.fr\/wp-content\/uploads\/2014\/12\/dsc029071.jpg?w=1200&amp;ssl=1 1200w, https:\/\/i0.wp.com\/imaginedemain.fr\/wp-content\/uploads\/2014\/12\/dsc029071.jpg?w=1800&amp;ssl=1 1800w\" sizes=\"auto, (max-width: 600px) 100vw, 600px\" \/><\/a><\/p>\n<p>Nous avan\u00e7ons encore d\u2019un bon kilom\u00e8tre en direction d\u2019un large front de s\u00e9racs, au bas de derni\u00e8re pente o\u00f9 la glace se fracture. Malheureusement notre guide interrompt la progression, pr\u00e9tendant que la zone situ\u00e9e devant nous est dangereuse. Possible. Peut-\u00eatre\u00a0 qu\u2019il est\u00a0simplement l\u2019heure de revenir \u2026 Nous faisons alors la photo qui s\u2019impose.<\/p>\n<p><a href=\"https:\/\/phicatgarnier.files.wordpress.com\/2014\/12\/dsc02919.jpg\"><img data-recalc-dims=\"1\" loading=\"lazy\" decoding=\"async\" data-attachment-id=\"447\" data-permalink=\"https:\/\/imaginedemain.fr\/dsc02919\/\" data-orig-file=\"https:\/\/i0.wp.com\/imaginedemain.fr\/wp-content\/uploads\/2014\/12\/dsc02919.jpg?fit=4608%2C2592&amp;ssl=1\" data-orig-size=\"4608,2592\" data-comments-opened=\"1\" data-image-meta=\"{&quot;aperture&quot;:&quot;6.5&quot;,&quot;credit&quot;:&quot;Picasa&quot;,&quot;camera&quot;:&quot;DSC-TF1&quot;,&quot;caption&quot;:&quot;&quot;,&quot;created_timestamp&quot;:&quot;1419083116&quot;,&quot;copyright&quot;:&quot;&quot;,&quot;focal_length&quot;:&quot;4.43&quot;,&quot;iso&quot;:&quot;100&quot;,&quot;shutter_speed&quot;:&quot;0.0025&quot;,&quot;title&quot;:&quot;&quot;,&quot;orientation&quot;:&quot;0&quot;}\" data-image-title=\"DSC02919\" data-image-description=\"\" data-image-caption=\"\" data-large-file=\"https:\/\/i0.wp.com\/imaginedemain.fr\/wp-content\/uploads\/2014\/12\/dsc02919.jpg?fit=600%2C338&amp;ssl=1\" class=\"alignnone wp-image-447 size-large\" src=\"https:\/\/phicatgarnier.files.wordpress.com\/2014\/12\/dsc02919.jpg?w=640&#038;resize=600%2C338\" alt=\"DSC02919\" width=\"600\" height=\"338\" srcset=\"https:\/\/i0.wp.com\/imaginedemain.fr\/wp-content\/uploads\/2014\/12\/dsc02919.jpg?w=4608&amp;ssl=1 4608w, https:\/\/i0.wp.com\/imaginedemain.fr\/wp-content\/uploads\/2014\/12\/dsc02919.jpg?resize=300%2C169&amp;ssl=1 300w, https:\/\/i0.wp.com\/imaginedemain.fr\/wp-content\/uploads\/2014\/12\/dsc02919.jpg?resize=768%2C432&amp;ssl=1 768w, https:\/\/i0.wp.com\/imaginedemain.fr\/wp-content\/uploads\/2014\/12\/dsc02919.jpg?resize=1024%2C576&amp;ssl=1 1024w, https:\/\/i0.wp.com\/imaginedemain.fr\/wp-content\/uploads\/2014\/12\/dsc02919.jpg?resize=620%2C349&amp;ssl=1 620w, https:\/\/i0.wp.com\/imaginedemain.fr\/wp-content\/uploads\/2014\/12\/dsc02919.jpg?w=1200&amp;ssl=1 1200w, https:\/\/i0.wp.com\/imaginedemain.fr\/wp-content\/uploads\/2014\/12\/dsc02919.jpg?w=1800&amp;ssl=1 1800w\" sizes=\"auto, (max-width: 600px) 100vw, 600px\" \/><\/a><\/p>\n<p>Hasta luego<\/p>\n","protected":false},"excerpt":{"rendered":"<p>Le \u00ab\u00a0Campo Hielo Norte\u00a0\u00bb, champ de glaces nord de la Patagonie, pr\u00e9sente la superficie d\u2019un d\u00e9partement fran\u00e7ais. Cinquante fois plus grand que nos grands glaciers de la Vanoise. Depuis cette \u00e9norme masse de glace situ\u00e9e en altitude, coulent des glaciers jusqu\u2019au niveau de la mer, charriant une glace form\u00e9e il y a des milliers d&rsquo;ann\u00e9es. [&hellip;]<\/p>\n","protected":false},"author":1,"featured_media":423,"comment_status":"open","ping_status":"open","sticky":false,"template":"","format":"standard","meta":{"ngg_post_thumbnail":0,"jetpack_post_was_ever_published":false,"_jetpack_newsletter_access":"","_jetpack_dont_email_post_to_subs":true,"_jetpack_newsletter_tier_id":0,"_jetpack_memberships_contains_paywalled_content":false,"_jetpack_memberships_contains_paid_content":false,"footnotes":"","jetpack_publicize_message":"","jetpack_publicize_feature_enabled":true,"jetpack_social_post_already_shared":false,"jetpack_social_options":{"image_generator_settings":{"template":"highway","default_image_id":0,"font":"","enabled":false},"version":2}},"categories":[10],"tags":[14],"class_list":["post-448","post","type-post","status-publish","format-standard","has-post-thumbnail","hentry","category-chile-y-argentina","tag-chili"],"yoast_head":"<!-- This site is optimized with the Yoast SEO plugin v27.5 - https:\/\/yoast.com\/product\/yoast-seo-wordpress\/ -->\n<title>Sur le Glaciar Exploradores, une glace mill\u00e9naire sous les crampons - Imagine demain<\/title>\n<meta name=\"robots\" content=\"index, follow, max-snippet:-1, max-image-preview:large, max-video-preview:-1\" \/>\n<link rel=\"canonical\" href=\"https:\/\/imaginedemain.fr\/index.php\/2014\/12\/27\/sur-le-glaciar-exploradores-une-glace-millenaire-sous-les-crampons\/\" \/>\n<meta property=\"og:locale\" content=\"fr_FR\" \/>\n<meta property=\"og:type\" content=\"article\" \/>\n<meta property=\"og:title\" content=\"Sur le Glaciar Exploradores, une glace mill\u00e9naire sous les crampons - Imagine demain\" \/>\n<meta property=\"og:description\" content=\"Le \u00ab\u00a0Campo Hielo Norte\u00a0\u00bb, champ de glaces nord de la Patagonie, pr\u00e9sente la superficie d\u2019un d\u00e9partement fran\u00e7ais. Cinquante fois plus grand que nos grands glaciers de la Vanoise. Depuis cette \u00e9norme masse de glace situ\u00e9e en altitude, coulent des glaciers jusqu\u2019au niveau de la mer, charriant une glace form\u00e9e il y a des milliers d&rsquo;ann\u00e9es. [&hellip;]\" \/>\n<meta property=\"og:url\" content=\"https:\/\/imaginedemain.fr\/index.php\/2014\/12\/27\/sur-le-glaciar-exploradores-une-glace-millenaire-sous-les-crampons\/\" \/>\n<meta property=\"og:site_name\" content=\"Imagine demain\" \/>\n<meta property=\"article:published_time\" content=\"2014-12-27T13:02:54+00:00\" \/>\n<meta property=\"article:modified_time\" content=\"2017-03-22T15:14:06+00:00\" \/>\n<meta property=\"og:image\" content=\"https:\/\/imaginedemain.fr\/wp-content\/uploads\/2014\/12\/dsc028921-1024x576.jpg\" \/>\n\t<meta property=\"og:image:width\" content=\"1024\" \/>\n\t<meta property=\"og:image:height\" content=\"576\" \/>\n\t<meta property=\"og:image:type\" content=\"image\/jpeg\" \/>\n<meta name=\"author\" content=\"Philippe\" \/>\n<meta name=\"twitter:card\" content=\"summary_large_image\" \/>\n<meta name=\"twitter:label1\" content=\"\u00c9crit par\" \/>\n\t<meta name=\"twitter:data1\" content=\"Philippe\" \/>\n\t<meta name=\"twitter:label2\" content=\"Dur\u00e9e de lecture estim\u00e9e\" \/>\n\t<meta name=\"twitter:data2\" content=\"3 minutes\" \/>\n<script type=\"application\/ld+json\" class=\"yoast-schema-graph\">{\"@context\":\"https:\\\/\\\/schema.org\",\"@graph\":[{\"@type\":\"Article\",\"@id\":\"https:\\\/\\\/imaginedemain.fr\\\/index.php\\\/2014\\\/12\\\/27\\\/sur-le-glaciar-exploradores-une-glace-millenaire-sous-les-crampons\\\/#article\",\"isPartOf\":{\"@id\":\"https:\\\/\\\/imaginedemain.fr\\\/index.php\\\/2014\\\/12\\\/27\\\/sur-le-glaciar-exploradores-une-glace-millenaire-sous-les-crampons\\\/\"},\"author\":{\"name\":\"Philippe\",\"@id\":\"https:\\\/\\\/imaginedemain.fr\\\/#\\\/schema\\\/person\\\/e38f616126180f1f6000edc7daca21ab\"},\"headline\":\"Sur le Glaciar Exploradores, une glace mill\u00e9naire sous les crampons\",\"datePublished\":\"2014-12-27T13:02:54+00:00\",\"dateModified\":\"2017-03-22T15:14:06+00:00\",\"mainEntityOfPage\":{\"@id\":\"https:\\\/\\\/imaginedemain.fr\\\/index.php\\\/2014\\\/12\\\/27\\\/sur-le-glaciar-exploradores-une-glace-millenaire-sous-les-crampons\\\/\"},\"wordCount\":563,\"commentCount\":0,\"image\":{\"@id\":\"https:\\\/\\\/imaginedemain.fr\\\/index.php\\\/2014\\\/12\\\/27\\\/sur-le-glaciar-exploradores-une-glace-millenaire-sous-les-crampons\\\/#primaryimage\"},\"thumbnailUrl\":\"https:\\\/\\\/i0.wp.com\\\/imaginedemain.fr\\\/wp-content\\\/uploads\\\/2014\\\/12\\\/dsc028921.jpg?fit=4608%2C2592&ssl=1\",\"keywords\":[\"Chili\"],\"articleSection\":[\"Chili &amp; Argentine\"],\"inLanguage\":\"fr-FR\",\"potentialAction\":[{\"@type\":\"CommentAction\",\"name\":\"Comment\",\"target\":[\"https:\\\/\\\/imaginedemain.fr\\\/index.php\\\/2014\\\/12\\\/27\\\/sur-le-glaciar-exploradores-une-glace-millenaire-sous-les-crampons\\\/#respond\"]}]},{\"@type\":\"WebPage\",\"@id\":\"https:\\\/\\\/imaginedemain.fr\\\/index.php\\\/2014\\\/12\\\/27\\\/sur-le-glaciar-exploradores-une-glace-millenaire-sous-les-crampons\\\/\",\"url\":\"https:\\\/\\\/imaginedemain.fr\\\/index.php\\\/2014\\\/12\\\/27\\\/sur-le-glaciar-exploradores-une-glace-millenaire-sous-les-crampons\\\/\",\"name\":\"Sur le Glaciar Exploradores, une glace mill\u00e9naire sous les crampons - Imagine demain\",\"isPartOf\":{\"@id\":\"https:\\\/\\\/imaginedemain.fr\\\/#website\"},\"primaryImageOfPage\":{\"@id\":\"https:\\\/\\\/imaginedemain.fr\\\/index.php\\\/2014\\\/12\\\/27\\\/sur-le-glaciar-exploradores-une-glace-millenaire-sous-les-crampons\\\/#primaryimage\"},\"image\":{\"@id\":\"https:\\\/\\\/imaginedemain.fr\\\/index.php\\\/2014\\\/12\\\/27\\\/sur-le-glaciar-exploradores-une-glace-millenaire-sous-les-crampons\\\/#primaryimage\"},\"thumbnailUrl\":\"https:\\\/\\\/i0.wp.com\\\/imaginedemain.fr\\\/wp-content\\\/uploads\\\/2014\\\/12\\\/dsc028921.jpg?fit=4608%2C2592&ssl=1\",\"datePublished\":\"2014-12-27T13:02:54+00:00\",\"dateModified\":\"2017-03-22T15:14:06+00:00\",\"author\":{\"@id\":\"https:\\\/\\\/imaginedemain.fr\\\/#\\\/schema\\\/person\\\/e38f616126180f1f6000edc7daca21ab\"},\"breadcrumb\":{\"@id\":\"https:\\\/\\\/imaginedemain.fr\\\/index.php\\\/2014\\\/12\\\/27\\\/sur-le-glaciar-exploradores-une-glace-millenaire-sous-les-crampons\\\/#breadcrumb\"},\"inLanguage\":\"fr-FR\",\"potentialAction\":[{\"@type\":\"ReadAction\",\"target\":[\"https:\\\/\\\/imaginedemain.fr\\\/index.php\\\/2014\\\/12\\\/27\\\/sur-le-glaciar-exploradores-une-glace-millenaire-sous-les-crampons\\\/\"]}]},{\"@type\":\"ImageObject\",\"inLanguage\":\"fr-FR\",\"@id\":\"https:\\\/\\\/imaginedemain.fr\\\/index.php\\\/2014\\\/12\\\/27\\\/sur-le-glaciar-exploradores-une-glace-millenaire-sous-les-crampons\\\/#primaryimage\",\"url\":\"https:\\\/\\\/i0.wp.com\\\/imaginedemain.fr\\\/wp-content\\\/uploads\\\/2014\\\/12\\\/dsc028921.jpg?fit=4608%2C2592&ssl=1\",\"contentUrl\":\"https:\\\/\\\/i0.wp.com\\\/imaginedemain.fr\\\/wp-content\\\/uploads\\\/2014\\\/12\\\/dsc028921.jpg?fit=4608%2C2592&ssl=1\",\"width\":4608,\"height\":2592},{\"@type\":\"BreadcrumbList\",\"@id\":\"https:\\\/\\\/imaginedemain.fr\\\/index.php\\\/2014\\\/12\\\/27\\\/sur-le-glaciar-exploradores-une-glace-millenaire-sous-les-crampons\\\/#breadcrumb\",\"itemListElement\":[{\"@type\":\"ListItem\",\"position\":1,\"name\":\"Accueil\",\"item\":\"https:\\\/\\\/imaginedemain.fr\\\/\"},{\"@type\":\"ListItem\",\"position\":2,\"name\":\"Sur le Glaciar Exploradores, une glace mill\u00e9naire sous les crampons\"}]},{\"@type\":\"WebSite\",\"@id\":\"https:\\\/\\\/imaginedemain.fr\\\/#website\",\"url\":\"https:\\\/\\\/imaginedemain.fr\\\/\",\"name\":\"Imagine demain\",\"description\":\"\",\"potentialAction\":[{\"@type\":\"SearchAction\",\"target\":{\"@type\":\"EntryPoint\",\"urlTemplate\":\"https:\\\/\\\/imaginedemain.fr\\\/?s={search_term_string}\"},\"query-input\":{\"@type\":\"PropertyValueSpecification\",\"valueRequired\":true,\"valueName\":\"search_term_string\"}}],\"inLanguage\":\"fr-FR\"},{\"@type\":\"Person\",\"@id\":\"https:\\\/\\\/imaginedemain.fr\\\/#\\\/schema\\\/person\\\/e38f616126180f1f6000edc7daca21ab\",\"name\":\"Philippe\",\"image\":{\"@type\":\"ImageObject\",\"inLanguage\":\"fr-FR\",\"@id\":\"https:\\\/\\\/secure.gravatar.com\\\/avatar\\\/69f59b5b22630ea786677085abd0e3dc50190e58bc7ca3c50bd640bfaf2456a4?s=96&d=blank&r=g\",\"url\":\"https:\\\/\\\/secure.gravatar.com\\\/avatar\\\/69f59b5b22630ea786677085abd0e3dc50190e58bc7ca3c50bd640bfaf2456a4?s=96&d=blank&r=g\",\"contentUrl\":\"https:\\\/\\\/secure.gravatar.com\\\/avatar\\\/69f59b5b22630ea786677085abd0e3dc50190e58bc7ca3c50bd640bfaf2456a4?s=96&d=blank&r=g\",\"caption\":\"Philippe\"},\"sameAs\":[\"http:\\\/\\\/imaginedemain.fr\\\/\"],\"url\":\"https:\\\/\\\/imaginedemain.fr\\\/index.php\\\/author\\\/admin4809\\\/\"}]}<\/script>\n<!-- \/ Yoast SEO plugin. -->","yoast_head_json":{"title":"Sur le Glaciar Exploradores, une glace mill\u00e9naire sous les crampons - Imagine demain","robots":{"index":"index","follow":"follow","max-snippet":"max-snippet:-1","max-image-preview":"max-image-preview:large","max-video-preview":"max-video-preview:-1"},"canonical":"https:\/\/imaginedemain.fr\/index.php\/2014\/12\/27\/sur-le-glaciar-exploradores-une-glace-millenaire-sous-les-crampons\/","og_locale":"fr_FR","og_type":"article","og_title":"Sur le Glaciar Exploradores, une glace mill\u00e9naire sous les crampons - Imagine demain","og_description":"Le \u00ab\u00a0Campo Hielo Norte\u00a0\u00bb, champ de glaces nord de la Patagonie, pr\u00e9sente la superficie d\u2019un d\u00e9partement fran\u00e7ais. Cinquante fois plus grand que nos grands glaciers de la Vanoise. Depuis cette \u00e9norme masse de glace situ\u00e9e en altitude, coulent des glaciers jusqu\u2019au niveau de la mer, charriant une glace form\u00e9e il y a des milliers d&rsquo;ann\u00e9es. [&hellip;]","og_url":"https:\/\/imaginedemain.fr\/index.php\/2014\/12\/27\/sur-le-glaciar-exploradores-une-glace-millenaire-sous-les-crampons\/","og_site_name":"Imagine demain","article_published_time":"2014-12-27T13:02:54+00:00","article_modified_time":"2017-03-22T15:14:06+00:00","og_image":[{"width":1024,"height":576,"url":"https:\/\/imaginedemain.fr\/wp-content\/uploads\/2014\/12\/dsc028921-1024x576.jpg","type":"image\/jpeg"}],"author":"Philippe","twitter_card":"summary_large_image","twitter_misc":{"\u00c9crit par":"Philippe","Dur\u00e9e de lecture estim\u00e9e":"3 minutes"},"schema":{"@context":"https:\/\/schema.org","@graph":[{"@type":"Article","@id":"https:\/\/imaginedemain.fr\/index.php\/2014\/12\/27\/sur-le-glaciar-exploradores-une-glace-millenaire-sous-les-crampons\/#article","isPartOf":{"@id":"https:\/\/imaginedemain.fr\/index.php\/2014\/12\/27\/sur-le-glaciar-exploradores-une-glace-millenaire-sous-les-crampons\/"},"author":{"name":"Philippe","@id":"https:\/\/imaginedemain.fr\/#\/schema\/person\/e38f616126180f1f6000edc7daca21ab"},"headline":"Sur le Glaciar Exploradores, une glace mill\u00e9naire sous les crampons","datePublished":"2014-12-27T13:02:54+00:00","dateModified":"2017-03-22T15:14:06+00:00","mainEntityOfPage":{"@id":"https:\/\/imaginedemain.fr\/index.php\/2014\/12\/27\/sur-le-glaciar-exploradores-une-glace-millenaire-sous-les-crampons\/"},"wordCount":563,"commentCount":0,"image":{"@id":"https:\/\/imaginedemain.fr\/index.php\/2014\/12\/27\/sur-le-glaciar-exploradores-une-glace-millenaire-sous-les-crampons\/#primaryimage"},"thumbnailUrl":"https:\/\/i0.wp.com\/imaginedemain.fr\/wp-content\/uploads\/2014\/12\/dsc028921.jpg?fit=4608%2C2592&ssl=1","keywords":["Chili"],"articleSection":["Chili &amp; Argentine"],"inLanguage":"fr-FR","potentialAction":[{"@type":"CommentAction","name":"Comment","target":["https:\/\/imaginedemain.fr\/index.php\/2014\/12\/27\/sur-le-glaciar-exploradores-une-glace-millenaire-sous-les-crampons\/#respond"]}]},{"@type":"WebPage","@id":"https:\/\/imaginedemain.fr\/index.php\/2014\/12\/27\/sur-le-glaciar-exploradores-une-glace-millenaire-sous-les-crampons\/","url":"https:\/\/imaginedemain.fr\/index.php\/2014\/12\/27\/sur-le-glaciar-exploradores-une-glace-millenaire-sous-les-crampons\/","name":"Sur le Glaciar Exploradores, une glace mill\u00e9naire sous les crampons - Imagine demain","isPartOf":{"@id":"https:\/\/imaginedemain.fr\/#website"},"primaryImageOfPage":{"@id":"https:\/\/imaginedemain.fr\/index.php\/2014\/12\/27\/sur-le-glaciar-exploradores-une-glace-millenaire-sous-les-crampons\/#primaryimage"},"image":{"@id":"https:\/\/imaginedemain.fr\/index.php\/2014\/12\/27\/sur-le-glaciar-exploradores-une-glace-millenaire-sous-les-crampons\/#primaryimage"},"thumbnailUrl":"https:\/\/i0.wp.com\/imaginedemain.fr\/wp-content\/uploads\/2014\/12\/dsc028921.jpg?fit=4608%2C2592&ssl=1","datePublished":"2014-12-27T13:02:54+00:00","dateModified":"2017-03-22T15:14:06+00:00","author":{"@id":"https:\/\/imaginedemain.fr\/#\/schema\/person\/e38f616126180f1f6000edc7daca21ab"},"breadcrumb":{"@id":"https:\/\/imaginedemain.fr\/index.php\/2014\/12\/27\/sur-le-glaciar-exploradores-une-glace-millenaire-sous-les-crampons\/#breadcrumb"},"inLanguage":"fr-FR","potentialAction":[{"@type":"ReadAction","target":["https:\/\/imaginedemain.fr\/index.php\/2014\/12\/27\/sur-le-glaciar-exploradores-une-glace-millenaire-sous-les-crampons\/"]}]},{"@type":"ImageObject","inLanguage":"fr-FR","@id":"https:\/\/imaginedemain.fr\/index.php\/2014\/12\/27\/sur-le-glaciar-exploradores-une-glace-millenaire-sous-les-crampons\/#primaryimage","url":"https:\/\/i0.wp.com\/imaginedemain.fr\/wp-content\/uploads\/2014\/12\/dsc028921.jpg?fit=4608%2C2592&ssl=1","contentUrl":"https:\/\/i0.wp.com\/imaginedemain.fr\/wp-content\/uploads\/2014\/12\/dsc028921.jpg?fit=4608%2C2592&ssl=1","width":4608,"height":2592},{"@type":"BreadcrumbList","@id":"https:\/\/imaginedemain.fr\/index.php\/2014\/12\/27\/sur-le-glaciar-exploradores-une-glace-millenaire-sous-les-crampons\/#breadcrumb","itemListElement":[{"@type":"ListItem","position":1,"name":"Accueil","item":"https:\/\/imaginedemain.fr\/"},{"@type":"ListItem","position":2,"name":"Sur le Glaciar Exploradores, une glace mill\u00e9naire sous les crampons"}]},{"@type":"WebSite","@id":"https:\/\/imaginedemain.fr\/#website","url":"https:\/\/imaginedemain.fr\/","name":"Imagine demain","description":"","potentialAction":[{"@type":"SearchAction","target":{"@type":"EntryPoint","urlTemplate":"https:\/\/imaginedemain.fr\/?s={search_term_string}"},"query-input":{"@type":"PropertyValueSpecification","valueRequired":true,"valueName":"search_term_string"}}],"inLanguage":"fr-FR"},{"@type":"Person","@id":"https:\/\/imaginedemain.fr\/#\/schema\/person\/e38f616126180f1f6000edc7daca21ab","name":"Philippe","image":{"@type":"ImageObject","inLanguage":"fr-FR","@id":"https:\/\/secure.gravatar.com\/avatar\/69f59b5b22630ea786677085abd0e3dc50190e58bc7ca3c50bd640bfaf2456a4?s=96&d=blank&r=g","url":"https:\/\/secure.gravatar.com\/avatar\/69f59b5b22630ea786677085abd0e3dc50190e58bc7ca3c50bd640bfaf2456a4?s=96&d=blank&r=g","contentUrl":"https:\/\/secure.gravatar.com\/avatar\/69f59b5b22630ea786677085abd0e3dc50190e58bc7ca3c50bd640bfaf2456a4?s=96&d=blank&r=g","caption":"Philippe"},"sameAs":["http:\/\/imaginedemain.fr\/"],"url":"https:\/\/imaginedemain.fr\/index.php\/author\/admin4809\/"}]}},"jetpack_publicize_connections":[],"jetpack_featured_media_url":"https:\/\/i0.wp.com\/imaginedemain.fr\/wp-content\/uploads\/2014\/12\/dsc028921.jpg?fit=4608%2C2592&ssl=1","jetpack_shortlink":"https:\/\/wp.me\/p8tuMH-7e","jetpack-related-posts":[{"id":468,"url":"https:\/\/imaginedemain.fr\/index.php\/2015\/01\/07\/perito-moreno-un-tsunami-de-glace\/","url_meta":{"origin":448,"position":0},"title":"Perito Moreno, un tsunami de glace","author":"Philippe","date":"7 janvier 2015","format":false,"excerpt":"Pas \u00e9vident de naviguer sur le blog ... Conseils: cliquer sur l'onglet dossier , en haut \u00e0 gauche de l'affichage, pour voir le sommaire du blog et les commentaires les plus r\u00e9cents. Pour voir les photos en plein \u00e9cran cliquer dessus. Quand les guides de voyage parlent d'une destination \u00ab\u00a0incontournable\u00a0\u00bb\u2026","rel":"","context":"Dans &quot;Chili &amp; Argentine&quot;","block_context":{"text":"Chili &amp; Argentine","link":"https:\/\/imaginedemain.fr\/index.php\/category\/chile-y-argentina\/"},"img":{"alt_text":"Capture","src":"https:\/\/phicatgarnier.files.wordpress.com\/2015\/01\/capture.png?w=350&h=200&crop=1","width":350,"height":200},"classes":[]},{"id":513,"url":"https:\/\/imaginedemain.fr\/index.php\/2015\/01\/02\/el-fitz-roy-es-una-diva\/","url_meta":{"origin":448,"position":1},"title":"El Fitz Roy es una diva","author":"Philippe","date":"2 janvier 2015","format":false,"excerpt":"El Fitz Roy es una diva. Il y a une semaine nous avons pos\u00e9 nos roues en Argentine et piqu\u00e9 au 180\u00b0, plein sud vers le Parque National Los Glaciares, par la Ruta 40 . Etrange route que cette route 40. Quand la carte Michelin nous disait asphalte, nous avons\u2026","rel":"","context":"Dans &quot;Chili &amp; Argentine&quot;","block_context":{"text":"Chili &amp; Argentine","link":"https:\/\/imaginedemain.fr\/index.php\/category\/chile-y-argentina\/"},"img":{"alt_text":"","src":"https:\/\/i0.wp.com\/imaginedemain.fr\/wp-content\/uploads\/2015\/01\/dsc01209.jpg?fit=673%2C1200&ssl=1&resize=350%2C200","width":350,"height":200,"srcset":"https:\/\/i0.wp.com\/imaginedemain.fr\/wp-content\/uploads\/2015\/01\/dsc01209.jpg?fit=673%2C1200&ssl=1&resize=350%2C200 1x, https:\/\/i0.wp.com\/imaginedemain.fr\/wp-content\/uploads\/2015\/01\/dsc01209.jpg?fit=673%2C1200&ssl=1&resize=525%2C300 1.5x"},"classes":[]},{"id":2445,"url":"https:\/\/imaginedemain.fr\/index.php\/2005\/09\/06\/sur-les-cimes-boliviennes-a-plus-de-6000-le-huyna-potosi-le-parinacota\/","url_meta":{"origin":448,"position":2},"title":"Sur les cimes boliviennes, \u00e0 plus de 6000, le Huyna Potosi, le Parinacota","author":"Philippe","date":"6 septembre 2005","format":false,"excerpt":"La Bolivie nous a secou\u00e9s. C\u2019est un ailleurs. On ne triche pas avec le pays des Andes. En bas, dans l\u2019Altiplano, au pied des montagnes nous sommes d\u00e9j\u00e0 \u00e0 4000 m\u00e8tres. Dans les rues de la capitale, La Paz, ou sur les rives du lac Titicaca, \u00e0 4000 m\u00e8tres, il\u2026","rel":"","context":"Dans &quot;Bolivie&quot;","block_context":{"text":"Bolivie","link":"https:\/\/imaginedemain.fr\/index.php\/category\/bolivie\/"},"img":{"alt_text":"","src":"https:\/\/i0.wp.com\/imaginedemain.fr\/wp-content\/uploads\/2017\/04\/290-Bolivie-2005.jpg?fit=1200%2C662&ssl=1&resize=350%2C200","width":350,"height":200,"srcset":"https:\/\/i0.wp.com\/imaginedemain.fr\/wp-content\/uploads\/2017\/04\/290-Bolivie-2005.jpg?fit=1200%2C662&ssl=1&resize=350%2C200 1x, https:\/\/i0.wp.com\/imaginedemain.fr\/wp-content\/uploads\/2017\/04\/290-Bolivie-2005.jpg?fit=1200%2C662&ssl=1&resize=525%2C300 1.5x, https:\/\/i0.wp.com\/imaginedemain.fr\/wp-content\/uploads\/2017\/04\/290-Bolivie-2005.jpg?fit=1200%2C662&ssl=1&resize=700%2C400 2x, https:\/\/i0.wp.com\/imaginedemain.fr\/wp-content\/uploads\/2017\/04\/290-Bolivie-2005.jpg?fit=1200%2C662&ssl=1&resize=1050%2C600 3x"},"classes":[]},{"id":1117,"url":"https:\/\/imaginedemain.fr\/index.php\/2015\/02\/27\/dans-la-vallee-de-lelqui-aux-sources-du-pisco\/","url_meta":{"origin":448,"position":3},"title":"Dans la vall\u00e9e de l&rsquo;Elqui, aux sources du Pisco","author":"Philippe","date":"27 f\u00e9vrier 2015","format":false,"excerpt":"Nous quittons notre curieux studio de la Pointe de Choros, am\u00e9nag\u00e9 dans la pointe avant d'un chalutier naufrag\u00e9, pour rejoindre la ville de La Serena. Mais cette ancienne capitale se r\u00e9v\u00e8le moins sereine qu'annonc\u00e9, avec nombre de chiliens en goguette, et surtout d'\u00e9normes voitures qui encombrent les petites rues. L'h\u00f4tel,\u2026","rel":"","context":"Dans &quot;Chili &amp; Argentine&quot;","block_context":{"text":"Chili &amp; Argentine","link":"https:\/\/imaginedemain.fr\/index.php\/category\/chile-y-argentina\/"},"img":{"alt_text":"","src":"https:\/\/i0.wp.com\/imaginedemain.fr\/wp-content\/uploads\/2015\/02\/600015.jpg?fit=1200%2C675&ssl=1&resize=350%2C200","width":350,"height":200,"srcset":"https:\/\/i0.wp.com\/imaginedemain.fr\/wp-content\/uploads\/2015\/02\/600015.jpg?fit=1200%2C675&ssl=1&resize=350%2C200 1x, https:\/\/i0.wp.com\/imaginedemain.fr\/wp-content\/uploads\/2015\/02\/600015.jpg?fit=1200%2C675&ssl=1&resize=525%2C300 1.5x, https:\/\/i0.wp.com\/imaginedemain.fr\/wp-content\/uploads\/2015\/02\/600015.jpg?fit=1200%2C675&ssl=1&resize=700%2C400 2x, https:\/\/i0.wp.com\/imaginedemain.fr\/wp-content\/uploads\/2015\/02\/600015.jpg?fit=1200%2C675&ssl=1&resize=1050%2C600 3x"},"classes":[]},{"id":465,"url":"https:\/\/imaginedemain.fr\/index.php\/2014\/12\/30\/rio-baker-bleu-turquoise-ou-vert-emeraude\/","url_meta":{"origin":448,"position":4},"title":"Rio Baker, bleu turquoise ou vert \u00e9meraude ?","author":"Philippe","date":"30 d\u00e9cembre 2014","format":false,"excerpt":"Arriv\u00e9s au lac G\u00e9n\u00e9ral Carrera, nous devrions mettre le cap sur l\u2019Argentine et passer la fronti\u00e8re \u00e0 Chile Chico (Los Antiguos en Argentine). La voie argentine est le seul moyen de gagner le tr\u00e8s grand Sud par la fameuse Ruta 40, et notamment les parcs Los Glaciares en Argentine et\u2026","rel":"","context":"Dans &quot;Chili &amp; Argentine&quot;","block_context":{"text":"Chili &amp; Argentine","link":"https:\/\/imaginedemain.fr\/index.php\/category\/chile-y-argentina\/"},"img":{"alt_text":"","src":"https:\/\/i0.wp.com\/imaginedemain.fr\/wp-content\/uploads\/2014\/12\/dsc00288.jpg?fit=1200%2C673&ssl=1&resize=350%2C200","width":350,"height":200,"srcset":"https:\/\/i0.wp.com\/imaginedemain.fr\/wp-content\/uploads\/2014\/12\/dsc00288.jpg?fit=1200%2C673&ssl=1&resize=350%2C200 1x, https:\/\/i0.wp.com\/imaginedemain.fr\/wp-content\/uploads\/2014\/12\/dsc00288.jpg?fit=1200%2C673&ssl=1&resize=525%2C300 1.5x, https:\/\/i0.wp.com\/imaginedemain.fr\/wp-content\/uploads\/2014\/12\/dsc00288.jpg?fit=1200%2C673&ssl=1&resize=700%2C400 2x, https:\/\/i0.wp.com\/imaginedemain.fr\/wp-content\/uploads\/2014\/12\/dsc00288.jpg?fit=1200%2C673&ssl=1&resize=1050%2C600 3x"},"classes":[]},{"id":1064,"url":"https:\/\/imaginedemain.fr\/index.php\/2014\/12\/13\/cote-austral-1\/","url_meta":{"origin":448,"position":5},"title":"C\u00f4t\u00e9 austral (1)","author":"Philippe","date":"13 d\u00e9cembre 2014","format":false,"excerpt":"S\u2019agissant de d\u00e9coration, chacun a ses go\u00fbts. Personnellement j\u2019ai de la sympathie pour le kitsch. Mais d\u00e9fendant un jour que les gens qui mettent des \u00ab\u00a0nains de jardin\u00a0\u00bb pr\u00e9cis\u00e9ment dans leur jardin, font vertu de leur simplicit\u00e9, je me rendis compte que je passais pour un cr\u00e9tin. Quoi, d\u00e9fendre les\u2026","rel":"","context":"Dans &quot;Chili &amp; Argentine&quot;","block_context":{"text":"Chili &amp; Argentine","link":"https:\/\/imaginedemain.fr\/index.php\/category\/chile-y-argentina\/"},"img":{"alt_text":"","src":"https:\/\/i0.wp.com\/imaginedemain.fr\/wp-content\/uploads\/2014\/12\/dsc00832.jpg?fit=1200%2C673&ssl=1&resize=350%2C200","width":350,"height":200,"srcset":"https:\/\/i0.wp.com\/imaginedemain.fr\/wp-content\/uploads\/2014\/12\/dsc00832.jpg?fit=1200%2C673&ssl=1&resize=350%2C200 1x, https:\/\/i0.wp.com\/imaginedemain.fr\/wp-content\/uploads\/2014\/12\/dsc00832.jpg?fit=1200%2C673&ssl=1&resize=525%2C300 1.5x, https:\/\/i0.wp.com\/imaginedemain.fr\/wp-content\/uploads\/2014\/12\/dsc00832.jpg?fit=1200%2C673&ssl=1&resize=700%2C400 2x, https:\/\/i0.wp.com\/imaginedemain.fr\/wp-content\/uploads\/2014\/12\/dsc00832.jpg?fit=1200%2C673&ssl=1&resize=1050%2C600 3x"},"classes":[]}],"jetpack_sharing_enabled":true,"_links":{"self":[{"href":"https:\/\/imaginedemain.fr\/index.php\/wp-json\/wp\/v2\/posts\/448","targetHints":{"allow":["GET"]}}],"collection":[{"href":"https:\/\/imaginedemain.fr\/index.php\/wp-json\/wp\/v2\/posts"}],"about":[{"href":"https:\/\/imaginedemain.fr\/index.php\/wp-json\/wp\/v2\/types\/post"}],"author":[{"embeddable":true,"href":"https:\/\/imaginedemain.fr\/index.php\/wp-json\/wp\/v2\/users\/1"}],"replies":[{"embeddable":true,"href":"https:\/\/imaginedemain.fr\/index.php\/wp-json\/wp\/v2\/comments?post=448"}],"version-history":[{"count":1,"href":"https:\/\/imaginedemain.fr\/index.php\/wp-json\/wp\/v2\/posts\/448\/revisions"}],"predecessor-version":[{"id":2138,"href":"https:\/\/imaginedemain.fr\/index.php\/wp-json\/wp\/v2\/posts\/448\/revisions\/2138"}],"wp:featuredmedia":[{"embeddable":true,"href":"https:\/\/imaginedemain.fr\/index.php\/wp-json\/wp\/v2\/media\/423"}],"wp:attachment":[{"href":"https:\/\/imaginedemain.fr\/index.php\/wp-json\/wp\/v2\/media?parent=448"}],"wp:term":[{"taxonomy":"category","embeddable":true,"href":"https:\/\/imaginedemain.fr\/index.php\/wp-json\/wp\/v2\/categories?post=448"},{"taxonomy":"post_tag","embeddable":true,"href":"https:\/\/imaginedemain.fr\/index.php\/wp-json\/wp\/v2\/tags?post=448"}],"curies":[{"name":"wp","href":"https:\/\/api.w.org\/{rel}","templated":true}]}}