{"id":5595,"date":"2020-02-29T08:00:00","date_gmt":"2020-02-29T07:00:00","guid":{"rendered":"http:\/\/imaginedemain.fr\/?p=5595"},"modified":"2020-02-28T04:48:43","modified_gmt":"2020-02-28T03:48:43","slug":"une-cuisine-de-marche-a-chichicastenango","status":"publish","type":"post","link":"https:\/\/imaginedemain.fr\/index.php\/2020\/02\/29\/une-cuisine-de-marche-a-chichicastenango\/","title":{"rendered":"Une cuisine de march\u00e9 \u00e0 Chichicastenango"},"content":{"rendered":"\n<p>A Chichicastenango (le lieu des orties!), nous sommes accueillis , comme en famille,  \u00e0 la casa Diego Ignacio construite il y a 250 ans. Juna Ignacio va nous transformer pour une journ\u00e9e en authentiques Quiche, la grande ethnie Maya de la r\u00e9gion. La pr\u00e9paration d&rsquo;un plat traditionnel, le pepian,  sera le catalyseur de cette transformation, avec les courses au grand march\u00e9 local, puis la pr\u00e9paration sur la plaque de fonte chauff\u00e9e au feu de bois. Et enfin la d\u00e9gustation. <\/p>\n\n\n\n<p>Une belle fa\u00e7on d&rsquo;appr\u00e9hender la richesse des march\u00e9s guat\u00e9malt\u00e8ques, ainsi que le mode de vie indig\u00e8ne, entre rusticit\u00e9 et pl\u00e9nitude. <\/p>\n\n\n\n<p>Merci \u00e0 Juna et \u00e0 sa grande famille!<\/p>\n\n\n\n<div class=\"wp-block-group\"><div class=\"wp-block-group__inner-container is-layout-flow wp-block-group-is-layout-flow\">\n<div class=\"wp-block-group is-layout-flow wp-block-group-is-layout-flow\"><div class=\"wp-block-group__inner-container\"><\/div><\/div>\n<\/div><\/div>\n\n\n\n<div class=\"wp-block-jetpack-slideshow aligncenter\" data-effect=\"slide\"><div class=\"wp-block-jetpack-slideshow_container swiper-container\"><ul class=\"wp-block-jetpack-slideshow_swiper-wrapper swiper-wrapper\"><li class=\"wp-block-jetpack-slideshow_slide swiper-slide\"><figure><img data-recalc-dims=\"1\" loading=\"lazy\" decoding=\"async\" width=\"600\" height=\"450\" alt=\"\" class=\"wp-block-jetpack-slideshow_image wp-image-5540\" data-id=\"5540\" src=\"https:\/\/i0.wp.com\/imaginedemain.fr\/wp-content\/uploads\/2020\/02\/DSC06943-1024x768.jpg?resize=600%2C450\" srcset=\"https:\/\/i0.wp.com\/imaginedemain.fr\/wp-content\/uploads\/2020\/02\/DSC06943-scaled.jpg?resize=1024%2C768&amp;ssl=1 1024w, https:\/\/i0.wp.com\/imaginedemain.fr\/wp-content\/uploads\/2020\/02\/DSC06943-scaled.jpg?resize=300%2C225&amp;ssl=1 300w, https:\/\/i0.wp.com\/imaginedemain.fr\/wp-content\/uploads\/2020\/02\/DSC06943-scaled.jpg?resize=768%2C576&amp;ssl=1 768w, https:\/\/i0.wp.com\/imaginedemain.fr\/wp-content\/uploads\/2020\/02\/DSC06943-scaled.jpg?resize=600%2C450&amp;ssl=1 600w, https:\/\/i0.wp.com\/imaginedemain.fr\/wp-content\/uploads\/2020\/02\/DSC06943-scaled.jpg?resize=1536%2C1152&amp;ssl=1 1536w, https:\/\/i0.wp.com\/imaginedemain.fr\/wp-content\/uploads\/2020\/02\/DSC06943-scaled.jpg?resize=2048%2C1536&amp;ssl=1 2048w, https:\/\/i0.wp.com\/imaginedemain.fr\/wp-content\/uploads\/2020\/02\/DSC06943-scaled.jpg?resize=1320%2C990&amp;ssl=1 1320w, https:\/\/i0.wp.com\/imaginedemain.fr\/wp-content\/uploads\/2020\/02\/DSC06943-scaled.jpg?w=1200&amp;ssl=1 1200w, https:\/\/i0.wp.com\/imaginedemain.fr\/wp-content\/uploads\/2020\/02\/DSC06943-scaled.jpg?w=1800&amp;ssl=1 1800w\" sizes=\"(max-width: 600px) 100vw, 600px\" \/><figcaption class=\"wp-block-jetpack-slideshow_caption gallery-caption\"> Le march\u00e9 de Chicchicastenango regorge toute l&rsquo;ann\u00e9e de fruits et  l\u00e9gumes. Cultiv\u00e9s sans produits chimiques, vendus par les producteurs.  Une AMAP g\u00e9ante! <\/figcaption><\/figure><\/li><li class=\"wp-block-jetpack-slideshow_slide swiper-slide\"><figure><img data-recalc-dims=\"1\" loading=\"lazy\" decoding=\"async\" width=\"600\" height=\"450\" alt=\"\" class=\"wp-block-jetpack-slideshow_image wp-image-5539\" data-id=\"5539\" src=\"https:\/\/i0.wp.com\/imaginedemain.fr\/wp-content\/uploads\/2020\/02\/DSC06937-1024x768.jpg?resize=600%2C450\" srcset=\"https:\/\/i0.wp.com\/imaginedemain.fr\/wp-content\/uploads\/2020\/02\/DSC06937-scaled.jpg?resize=1024%2C768&amp;ssl=1 1024w, https:\/\/i0.wp.com\/imaginedemain.fr\/wp-content\/uploads\/2020\/02\/DSC06937-scaled.jpg?resize=300%2C225&amp;ssl=1 300w, https:\/\/i0.wp.com\/imaginedemain.fr\/wp-content\/uploads\/2020\/02\/DSC06937-scaled.jpg?resize=768%2C576&amp;ssl=1 768w, https:\/\/i0.wp.com\/imaginedemain.fr\/wp-content\/uploads\/2020\/02\/DSC06937-scaled.jpg?resize=600%2C450&amp;ssl=1 600w, https:\/\/i0.wp.com\/imaginedemain.fr\/wp-content\/uploads\/2020\/02\/DSC06937-scaled.jpg?resize=1536%2C1152&amp;ssl=1 1536w, https:\/\/i0.wp.com\/imaginedemain.fr\/wp-content\/uploads\/2020\/02\/DSC06937-scaled.jpg?resize=2048%2C1536&amp;ssl=1 2048w, https:\/\/i0.wp.com\/imaginedemain.fr\/wp-content\/uploads\/2020\/02\/DSC06937-scaled.jpg?resize=1320%2C990&amp;ssl=1 1320w, https:\/\/i0.wp.com\/imaginedemain.fr\/wp-content\/uploads\/2020\/02\/DSC06937-scaled.jpg?w=1200&amp;ssl=1 1200w, https:\/\/i0.wp.com\/imaginedemain.fr\/wp-content\/uploads\/2020\/02\/DSC06937-scaled.jpg?w=1800&amp;ssl=1 1800w\" sizes=\"(max-width: 600px) 100vw, 600px\" \/><figcaption class=\"wp-block-jetpack-slideshow_caption gallery-caption\">Profusion de couleurs<\/figcaption><\/figure><\/li><li class=\"wp-block-jetpack-slideshow_slide swiper-slide\"><figure><img data-recalc-dims=\"1\" loading=\"lazy\" decoding=\"async\" width=\"600\" height=\"338\" alt=\"\" class=\"wp-block-jetpack-slideshow_image wp-image-5554\" data-id=\"5554\" src=\"https:\/\/i0.wp.com\/imaginedemain.fr\/wp-content\/uploads\/2020\/02\/DSC06986-1024x577.jpg?resize=600%2C338\" srcset=\"https:\/\/i0.wp.com\/imaginedemain.fr\/wp-content\/uploads\/2020\/02\/DSC06986-scaled.jpg?resize=1024%2C577&amp;ssl=1 1024w, https:\/\/i0.wp.com\/imaginedemain.fr\/wp-content\/uploads\/2020\/02\/DSC06986-scaled.jpg?resize=300%2C169&amp;ssl=1 300w, https:\/\/i0.wp.com\/imaginedemain.fr\/wp-content\/uploads\/2020\/02\/DSC06986-scaled.jpg?resize=768%2C433&amp;ssl=1 768w, https:\/\/i0.wp.com\/imaginedemain.fr\/wp-content\/uploads\/2020\/02\/DSC06986-scaled.jpg?resize=600%2C338&amp;ssl=1 600w, https:\/\/i0.wp.com\/imaginedemain.fr\/wp-content\/uploads\/2020\/02\/DSC06986-scaled.jpg?resize=1536%2C865&amp;ssl=1 1536w, https:\/\/i0.wp.com\/imaginedemain.fr\/wp-content\/uploads\/2020\/02\/DSC06986-scaled.jpg?resize=2048%2C1154&amp;ssl=1 2048w, https:\/\/i0.wp.com\/imaginedemain.fr\/wp-content\/uploads\/2020\/02\/DSC06986-scaled.jpg?resize=1320%2C744&amp;ssl=1 1320w, https:\/\/i0.wp.com\/imaginedemain.fr\/wp-content\/uploads\/2020\/02\/DSC06986-scaled.jpg?w=1200&amp;ssl=1 1200w, https:\/\/i0.wp.com\/imaginedemain.fr\/wp-content\/uploads\/2020\/02\/DSC06986-scaled.jpg?w=1800&amp;ssl=1 1800w\" sizes=\"(max-width: 600px) 100vw, 600px\" \/><figcaption class=\"wp-block-jetpack-slideshow_caption gallery-caption\">Fa\u00e7on nature morte bien fournie<\/figcaption><\/figure><\/li><li class=\"wp-block-jetpack-slideshow_slide swiper-slide\"><figure><img data-recalc-dims=\"1\" loading=\"lazy\" decoding=\"async\" width=\"600\" height=\"450\" alt=\"\" class=\"wp-block-jetpack-slideshow_image wp-image-5538\" data-id=\"5538\" src=\"https:\/\/i0.wp.com\/imaginedemain.fr\/wp-content\/uploads\/2020\/02\/DSC06936-1024x768.jpg?resize=600%2C450\" srcset=\"https:\/\/i0.wp.com\/imaginedemain.fr\/wp-content\/uploads\/2020\/02\/DSC06936-scaled.jpg?resize=1024%2C768&amp;ssl=1 1024w, https:\/\/i0.wp.com\/imaginedemain.fr\/wp-content\/uploads\/2020\/02\/DSC06936-scaled.jpg?resize=300%2C225&amp;ssl=1 300w, https:\/\/i0.wp.com\/imaginedemain.fr\/wp-content\/uploads\/2020\/02\/DSC06936-scaled.jpg?resize=768%2C576&amp;ssl=1 768w, https:\/\/i0.wp.com\/imaginedemain.fr\/wp-content\/uploads\/2020\/02\/DSC06936-scaled.jpg?resize=600%2C450&amp;ssl=1 600w, https:\/\/i0.wp.com\/imaginedemain.fr\/wp-content\/uploads\/2020\/02\/DSC06936-scaled.jpg?resize=1536%2C1152&amp;ssl=1 1536w, https:\/\/i0.wp.com\/imaginedemain.fr\/wp-content\/uploads\/2020\/02\/DSC06936-scaled.jpg?resize=2048%2C1536&amp;ssl=1 2048w, https:\/\/i0.wp.com\/imaginedemain.fr\/wp-content\/uploads\/2020\/02\/DSC06936-scaled.jpg?resize=1320%2C990&amp;ssl=1 1320w, https:\/\/i0.wp.com\/imaginedemain.fr\/wp-content\/uploads\/2020\/02\/DSC06936-scaled.jpg?w=1200&amp;ssl=1 1200w, https:\/\/i0.wp.com\/imaginedemain.fr\/wp-content\/uploads\/2020\/02\/DSC06936-scaled.jpg?w=1800&amp;ssl=1 1800w\" sizes=\"(max-width: 600px) 100vw, 600px\" \/><\/figure><\/li><li class=\"wp-block-jetpack-slideshow_slide swiper-slide\"><figure><img data-recalc-dims=\"1\" loading=\"lazy\" decoding=\"async\" width=\"600\" height=\"450\" alt=\"\" class=\"wp-block-jetpack-slideshow_image wp-image-5526\" data-id=\"5526\" src=\"https:\/\/i0.wp.com\/imaginedemain.fr\/wp-content\/uploads\/2020\/02\/DSC06839-1024x768.jpg?resize=600%2C450\" srcset=\"https:\/\/i0.wp.com\/imaginedemain.fr\/wp-content\/uploads\/2020\/02\/DSC06839-scaled.jpg?resize=1024%2C768&amp;ssl=1 1024w, https:\/\/i0.wp.com\/imaginedemain.fr\/wp-content\/uploads\/2020\/02\/DSC06839-scaled.jpg?resize=300%2C225&amp;ssl=1 300w, https:\/\/i0.wp.com\/imaginedemain.fr\/wp-content\/uploads\/2020\/02\/DSC06839-scaled.jpg?resize=768%2C576&amp;ssl=1 768w, https:\/\/i0.wp.com\/imaginedemain.fr\/wp-content\/uploads\/2020\/02\/DSC06839-scaled.jpg?resize=600%2C450&amp;ssl=1 600w, https:\/\/i0.wp.com\/imaginedemain.fr\/wp-content\/uploads\/2020\/02\/DSC06839-scaled.jpg?resize=1536%2C1152&amp;ssl=1 1536w, https:\/\/i0.wp.com\/imaginedemain.fr\/wp-content\/uploads\/2020\/02\/DSC06839-scaled.jpg?resize=2048%2C1536&amp;ssl=1 2048w, https:\/\/i0.wp.com\/imaginedemain.fr\/wp-content\/uploads\/2020\/02\/DSC06839-scaled.jpg?resize=1320%2C990&amp;ssl=1 1320w, https:\/\/i0.wp.com\/imaginedemain.fr\/wp-content\/uploads\/2020\/02\/DSC06839-scaled.jpg?w=1200&amp;ssl=1 1200w, https:\/\/i0.wp.com\/imaginedemain.fr\/wp-content\/uploads\/2020\/02\/DSC06839-scaled.jpg?w=1800&amp;ssl=1 1800w\" sizes=\"(max-width: 600px) 100vw, 600px\" \/><figcaption class=\"wp-block-jetpack-slideshow_caption gallery-caption\">Past\u00e8ques et ananas \u00e0 la d\u00e9coupe<\/figcaption><\/figure><\/li><li class=\"wp-block-jetpack-slideshow_slide swiper-slide\"><figure><img data-recalc-dims=\"1\" loading=\"lazy\" decoding=\"async\" width=\"600\" height=\"450\" alt=\"\" class=\"wp-block-jetpack-slideshow_image wp-image-5527\" data-id=\"5527\" src=\"https:\/\/i0.wp.com\/imaginedemain.fr\/wp-content\/uploads\/2020\/02\/DSC06845-1024x768.jpg?resize=600%2C450\" srcset=\"https:\/\/i0.wp.com\/imaginedemain.fr\/wp-content\/uploads\/2020\/02\/DSC06845-scaled.jpg?resize=1024%2C768&amp;ssl=1 1024w, https:\/\/i0.wp.com\/imaginedemain.fr\/wp-content\/uploads\/2020\/02\/DSC06845-scaled.jpg?resize=300%2C225&amp;ssl=1 300w, https:\/\/i0.wp.com\/imaginedemain.fr\/wp-content\/uploads\/2020\/02\/DSC06845-scaled.jpg?resize=768%2C576&amp;ssl=1 768w, https:\/\/i0.wp.com\/imaginedemain.fr\/wp-content\/uploads\/2020\/02\/DSC06845-scaled.jpg?resize=600%2C450&amp;ssl=1 600w, https:\/\/i0.wp.com\/imaginedemain.fr\/wp-content\/uploads\/2020\/02\/DSC06845-scaled.jpg?resize=1536%2C1152&amp;ssl=1 1536w, https:\/\/i0.wp.com\/imaginedemain.fr\/wp-content\/uploads\/2020\/02\/DSC06845-scaled.jpg?resize=2048%2C1536&amp;ssl=1 2048w, https:\/\/i0.wp.com\/imaginedemain.fr\/wp-content\/uploads\/2020\/02\/DSC06845-scaled.jpg?resize=1320%2C990&amp;ssl=1 1320w, https:\/\/i0.wp.com\/imaginedemain.fr\/wp-content\/uploads\/2020\/02\/DSC06845-scaled.jpg?w=1200&amp;ssl=1 1200w, https:\/\/i0.wp.com\/imaginedemain.fr\/wp-content\/uploads\/2020\/02\/DSC06845-scaled.jpg?w=1800&amp;ssl=1 1800w\" sizes=\"(max-width: 600px) 100vw, 600px\" \/><figcaption class=\"wp-block-jetpack-slideshow_caption gallery-caption\">Le poulet a une place de choix dans l&rsquo;alimentation. Ceux-ci paraissent morts d&rsquo;effroi.<\/figcaption><\/figure><\/li><li class=\"wp-block-jetpack-slideshow_slide swiper-slide\"><figure><img data-recalc-dims=\"1\" loading=\"lazy\" decoding=\"async\" width=\"600\" height=\"450\" alt=\"\" class=\"wp-block-jetpack-slideshow_image wp-image-5534\" data-id=\"5534\" src=\"https:\/\/i0.wp.com\/imaginedemain.fr\/wp-content\/uploads\/2020\/02\/DSC06928-1024x768.jpg?resize=600%2C450\" srcset=\"https:\/\/i0.wp.com\/imaginedemain.fr\/wp-content\/uploads\/2020\/02\/DSC06928-scaled.jpg?resize=1024%2C768&amp;ssl=1 1024w, https:\/\/i0.wp.com\/imaginedemain.fr\/wp-content\/uploads\/2020\/02\/DSC06928-scaled.jpg?resize=300%2C225&amp;ssl=1 300w, https:\/\/i0.wp.com\/imaginedemain.fr\/wp-content\/uploads\/2020\/02\/DSC06928-scaled.jpg?resize=768%2C576&amp;ssl=1 768w, https:\/\/i0.wp.com\/imaginedemain.fr\/wp-content\/uploads\/2020\/02\/DSC06928-scaled.jpg?resize=600%2C450&amp;ssl=1 600w, https:\/\/i0.wp.com\/imaginedemain.fr\/wp-content\/uploads\/2020\/02\/DSC06928-scaled.jpg?resize=1536%2C1152&amp;ssl=1 1536w, https:\/\/i0.wp.com\/imaginedemain.fr\/wp-content\/uploads\/2020\/02\/DSC06928-scaled.jpg?resize=2048%2C1536&amp;ssl=1 2048w, https:\/\/i0.wp.com\/imaginedemain.fr\/wp-content\/uploads\/2020\/02\/DSC06928-scaled.jpg?resize=1320%2C990&amp;ssl=1 1320w, https:\/\/i0.wp.com\/imaginedemain.fr\/wp-content\/uploads\/2020\/02\/DSC06928-scaled.jpg?w=1200&amp;ssl=1 1200w, https:\/\/i0.wp.com\/imaginedemain.fr\/wp-content\/uploads\/2020\/02\/DSC06928-scaled.jpg?w=1800&amp;ssl=1 1800w\" sizes=\"(max-width: 600px) 100vw, 600px\" \/><figcaption class=\"wp-block-jetpack-slideshow_caption gallery-caption\">Crevettes et poissons s\u00e9ch\u00e9s, avec l&rsquo;odeur qui va bien.<\/figcaption><\/figure><\/li><li class=\"wp-block-jetpack-slideshow_slide swiper-slide\"><figure><img data-recalc-dims=\"1\" loading=\"lazy\" decoding=\"async\" width=\"600\" height=\"338\" alt=\"\" class=\"wp-block-jetpack-slideshow_image wp-image-5548\" data-id=\"5548\" src=\"https:\/\/i0.wp.com\/imaginedemain.fr\/wp-content\/uploads\/2020\/02\/DSC06970-1024x577.jpg?resize=600%2C338\" srcset=\"https:\/\/i0.wp.com\/imaginedemain.fr\/wp-content\/uploads\/2020\/02\/DSC06970-scaled.jpg?resize=1024%2C577&amp;ssl=1 1024w, https:\/\/i0.wp.com\/imaginedemain.fr\/wp-content\/uploads\/2020\/02\/DSC06970-scaled.jpg?resize=300%2C169&amp;ssl=1 300w, https:\/\/i0.wp.com\/imaginedemain.fr\/wp-content\/uploads\/2020\/02\/DSC06970-scaled.jpg?resize=768%2C433&amp;ssl=1 768w, https:\/\/i0.wp.com\/imaginedemain.fr\/wp-content\/uploads\/2020\/02\/DSC06970-scaled.jpg?resize=600%2C338&amp;ssl=1 600w, https:\/\/i0.wp.com\/imaginedemain.fr\/wp-content\/uploads\/2020\/02\/DSC06970-scaled.jpg?resize=1536%2C865&amp;ssl=1 1536w, https:\/\/i0.wp.com\/imaginedemain.fr\/wp-content\/uploads\/2020\/02\/DSC06970-scaled.jpg?resize=2048%2C1154&amp;ssl=1 2048w, https:\/\/i0.wp.com\/imaginedemain.fr\/wp-content\/uploads\/2020\/02\/DSC06970-scaled.jpg?resize=1320%2C744&amp;ssl=1 1320w, https:\/\/i0.wp.com\/imaginedemain.fr\/wp-content\/uploads\/2020\/02\/DSC06970-scaled.jpg?w=1200&amp;ssl=1 1200w, https:\/\/i0.wp.com\/imaginedemain.fr\/wp-content\/uploads\/2020\/02\/DSC06970-scaled.jpg?w=1800&amp;ssl=1 1800w\" sizes=\"(max-width: 600px) 100vw, 600px\" \/><figcaption class=\"wp-block-jetpack-slideshow_caption gallery-caption\">Les tissus indig\u00e8nes ont des couleurs crues. Chaque bourg utilise un th\u00e8me qui le distingue de tous les autres.<\/figcaption><\/figure><\/li><li class=\"wp-block-jetpack-slideshow_slide swiper-slide\"><figure><img data-recalc-dims=\"1\" loading=\"lazy\" decoding=\"async\" width=\"600\" height=\"450\" alt=\"\" class=\"wp-block-jetpack-slideshow_image wp-image-5535\" data-id=\"5535\" src=\"https:\/\/i0.wp.com\/imaginedemain.fr\/wp-content\/uploads\/2020\/02\/DSC06929-1024x768.jpg?resize=600%2C450\" srcset=\"https:\/\/i0.wp.com\/imaginedemain.fr\/wp-content\/uploads\/2020\/02\/DSC06929-scaled.jpg?resize=1024%2C768&amp;ssl=1 1024w, https:\/\/i0.wp.com\/imaginedemain.fr\/wp-content\/uploads\/2020\/02\/DSC06929-scaled.jpg?resize=300%2C225&amp;ssl=1 300w, https:\/\/i0.wp.com\/imaginedemain.fr\/wp-content\/uploads\/2020\/02\/DSC06929-scaled.jpg?resize=768%2C576&amp;ssl=1 768w, https:\/\/i0.wp.com\/imaginedemain.fr\/wp-content\/uploads\/2020\/02\/DSC06929-scaled.jpg?resize=600%2C450&amp;ssl=1 600w, https:\/\/i0.wp.com\/imaginedemain.fr\/wp-content\/uploads\/2020\/02\/DSC06929-scaled.jpg?resize=1536%2C1152&amp;ssl=1 1536w, https:\/\/i0.wp.com\/imaginedemain.fr\/wp-content\/uploads\/2020\/02\/DSC06929-scaled.jpg?resize=2048%2C1536&amp;ssl=1 2048w, https:\/\/i0.wp.com\/imaginedemain.fr\/wp-content\/uploads\/2020\/02\/DSC06929-scaled.jpg?resize=1320%2C990&amp;ssl=1 1320w, https:\/\/i0.wp.com\/imaginedemain.fr\/wp-content\/uploads\/2020\/02\/DSC06929-scaled.jpg?w=1200&amp;ssl=1 1200w, https:\/\/i0.wp.com\/imaginedemain.fr\/wp-content\/uploads\/2020\/02\/DSC06929-scaled.jpg?w=1800&amp;ssl=1 1800w\" sizes=\"(max-width: 600px) 100vw, 600px\" \/><figcaption class=\"wp-block-jetpack-slideshow_caption gallery-caption\">Les tortillas de ma\u00efs accompagnent tous les repas. Pour former une tortilla \u00e0 partir de la farine de ma\u00efs, c&rsquo;est facile. Il  suffit d&rsquo;applaudir avec une boule de farine entre les mains. <\/figcaption><\/figure><\/li><li class=\"wp-block-jetpack-slideshow_slide swiper-slide\"><figure><img data-recalc-dims=\"1\" loading=\"lazy\" decoding=\"async\" width=\"600\" height=\"338\" alt=\"\" class=\"wp-block-jetpack-slideshow_image wp-image-5552\" data-id=\"5552\" src=\"https:\/\/i0.wp.com\/imaginedemain.fr\/wp-content\/uploads\/2020\/02\/DSC06981-1024x577.jpg?resize=600%2C338\" srcset=\"https:\/\/i0.wp.com\/imaginedemain.fr\/wp-content\/uploads\/2020\/02\/DSC06981-scaled.jpg?resize=1024%2C577&amp;ssl=1 1024w, https:\/\/i0.wp.com\/imaginedemain.fr\/wp-content\/uploads\/2020\/02\/DSC06981-scaled.jpg?resize=300%2C169&amp;ssl=1 300w, https:\/\/i0.wp.com\/imaginedemain.fr\/wp-content\/uploads\/2020\/02\/DSC06981-scaled.jpg?resize=768%2C433&amp;ssl=1 768w, https:\/\/i0.wp.com\/imaginedemain.fr\/wp-content\/uploads\/2020\/02\/DSC06981-scaled.jpg?resize=600%2C338&amp;ssl=1 600w, https:\/\/i0.wp.com\/imaginedemain.fr\/wp-content\/uploads\/2020\/02\/DSC06981-scaled.jpg?resize=1536%2C865&amp;ssl=1 1536w, https:\/\/i0.wp.com\/imaginedemain.fr\/wp-content\/uploads\/2020\/02\/DSC06981-scaled.jpg?resize=2048%2C1154&amp;ssl=1 2048w, https:\/\/i0.wp.com\/imaginedemain.fr\/wp-content\/uploads\/2020\/02\/DSC06981-scaled.jpg?resize=1320%2C744&amp;ssl=1 1320w, https:\/\/i0.wp.com\/imaginedemain.fr\/wp-content\/uploads\/2020\/02\/DSC06981-scaled.jpg?w=1200&amp;ssl=1 1200w, https:\/\/i0.wp.com\/imaginedemain.fr\/wp-content\/uploads\/2020\/02\/DSC06981-scaled.jpg?w=1800&amp;ssl=1 1800w\" sizes=\"(max-width: 600px) 100vw, 600px\" \/><figcaption class=\"wp-block-jetpack-slideshow_caption gallery-caption\">Cuisson sur plaque chauffante, au feu de bois naturellement.<\/figcaption><\/figure><\/li><li class=\"wp-block-jetpack-slideshow_slide swiper-slide\"><figure><img data-recalc-dims=\"1\" loading=\"lazy\" decoding=\"async\" width=\"600\" height=\"338\" alt=\"\" class=\"wp-block-jetpack-slideshow_image wp-image-5547\" data-id=\"5547\" src=\"https:\/\/i0.wp.com\/imaginedemain.fr\/wp-content\/uploads\/2020\/02\/DSC06966-1024x577.jpg?resize=600%2C338\" srcset=\"https:\/\/i0.wp.com\/imaginedemain.fr\/wp-content\/uploads\/2020\/02\/DSC06966-scaled.jpg?resize=1024%2C577&amp;ssl=1 1024w, https:\/\/i0.wp.com\/imaginedemain.fr\/wp-content\/uploads\/2020\/02\/DSC06966-scaled.jpg?resize=300%2C169&amp;ssl=1 300w, https:\/\/i0.wp.com\/imaginedemain.fr\/wp-content\/uploads\/2020\/02\/DSC06966-scaled.jpg?resize=768%2C433&amp;ssl=1 768w, https:\/\/i0.wp.com\/imaginedemain.fr\/wp-content\/uploads\/2020\/02\/DSC06966-scaled.jpg?resize=600%2C338&amp;ssl=1 600w, https:\/\/i0.wp.com\/imaginedemain.fr\/wp-content\/uploads\/2020\/02\/DSC06966-scaled.jpg?resize=1536%2C865&amp;ssl=1 1536w, https:\/\/i0.wp.com\/imaginedemain.fr\/wp-content\/uploads\/2020\/02\/DSC06966-scaled.jpg?resize=2048%2C1154&amp;ssl=1 2048w, https:\/\/i0.wp.com\/imaginedemain.fr\/wp-content\/uploads\/2020\/02\/DSC06966-scaled.jpg?resize=1320%2C744&amp;ssl=1 1320w, https:\/\/i0.wp.com\/imaginedemain.fr\/wp-content\/uploads\/2020\/02\/DSC06966-scaled.jpg?w=1200&amp;ssl=1 1200w, https:\/\/i0.wp.com\/imaginedemain.fr\/wp-content\/uploads\/2020\/02\/DSC06966-scaled.jpg?w=1800&amp;ssl=1 1800w\" sizes=\"(max-width: 600px) 100vw, 600px\" \/><figcaption class=\"wp-block-jetpack-slideshow_caption gallery-caption\">Pr\u00e9voir deux ou trois tortillas par personne, servies dans une serviette chaude. Mais notre chauffeur va jusqu&rsquo;\u00e0 douze.<\/figcaption><\/figure><\/li><li class=\"wp-block-jetpack-slideshow_slide swiper-slide\"><figure><img data-recalc-dims=\"1\" loading=\"lazy\" decoding=\"async\" width=\"600\" height=\"450\" alt=\"\" class=\"wp-block-jetpack-slideshow_image wp-image-5529\" data-id=\"5529\" src=\"https:\/\/i0.wp.com\/imaginedemain.fr\/wp-content\/uploads\/2020\/02\/DSC06861-1024x768.jpg?resize=600%2C450\" srcset=\"https:\/\/i0.wp.com\/imaginedemain.fr\/wp-content\/uploads\/2020\/02\/DSC06861-scaled.jpg?resize=1024%2C768&amp;ssl=1 1024w, https:\/\/i0.wp.com\/imaginedemain.fr\/wp-content\/uploads\/2020\/02\/DSC06861-scaled.jpg?resize=300%2C225&amp;ssl=1 300w, https:\/\/i0.wp.com\/imaginedemain.fr\/wp-content\/uploads\/2020\/02\/DSC06861-scaled.jpg?resize=768%2C576&amp;ssl=1 768w, https:\/\/i0.wp.com\/imaginedemain.fr\/wp-content\/uploads\/2020\/02\/DSC06861-scaled.jpg?resize=600%2C450&amp;ssl=1 600w, https:\/\/i0.wp.com\/imaginedemain.fr\/wp-content\/uploads\/2020\/02\/DSC06861-scaled.jpg?resize=1536%2C1152&amp;ssl=1 1536w, https:\/\/i0.wp.com\/imaginedemain.fr\/wp-content\/uploads\/2020\/02\/DSC06861-scaled.jpg?resize=2048%2C1536&amp;ssl=1 2048w, https:\/\/i0.wp.com\/imaginedemain.fr\/wp-content\/uploads\/2020\/02\/DSC06861-scaled.jpg?resize=1320%2C990&amp;ssl=1 1320w, https:\/\/i0.wp.com\/imaginedemain.fr\/wp-content\/uploads\/2020\/02\/DSC06861-scaled.jpg?w=1200&amp;ssl=1 1200w, https:\/\/i0.wp.com\/imaginedemain.fr\/wp-content\/uploads\/2020\/02\/DSC06861-scaled.jpg?w=1800&amp;ssl=1 1800w\" sizes=\"(max-width: 600px) 100vw, 600px\" \/><figcaption class=\"wp-block-jetpack-slideshow_caption gallery-caption\">Il n&rsquo; y a pas d&rsquo;age minimum pour commencer \u00e0 travailler dur &#8230;<\/figcaption><\/figure><\/li><li class=\"wp-block-jetpack-slideshow_slide swiper-slide\"><figure><img data-recalc-dims=\"1\" loading=\"lazy\" decoding=\"async\" width=\"600\" height=\"450\" alt=\"\" class=\"wp-block-jetpack-slideshow_image wp-image-5531\" data-id=\"5531\" src=\"https:\/\/i0.wp.com\/imaginedemain.fr\/wp-content\/uploads\/2020\/02\/DSC06892-1024x768.jpg?resize=600%2C450\" srcset=\"https:\/\/i0.wp.com\/imaginedemain.fr\/wp-content\/uploads\/2020\/02\/DSC06892-scaled.jpg?resize=1024%2C768&amp;ssl=1 1024w, https:\/\/i0.wp.com\/imaginedemain.fr\/wp-content\/uploads\/2020\/02\/DSC06892-scaled.jpg?resize=300%2C225&amp;ssl=1 300w, https:\/\/i0.wp.com\/imaginedemain.fr\/wp-content\/uploads\/2020\/02\/DSC06892-scaled.jpg?resize=768%2C576&amp;ssl=1 768w, https:\/\/i0.wp.com\/imaginedemain.fr\/wp-content\/uploads\/2020\/02\/DSC06892-scaled.jpg?resize=600%2C450&amp;ssl=1 600w, https:\/\/i0.wp.com\/imaginedemain.fr\/wp-content\/uploads\/2020\/02\/DSC06892-scaled.jpg?resize=1536%2C1152&amp;ssl=1 1536w, https:\/\/i0.wp.com\/imaginedemain.fr\/wp-content\/uploads\/2020\/02\/DSC06892-scaled.jpg?resize=2048%2C1536&amp;ssl=1 2048w, https:\/\/i0.wp.com\/imaginedemain.fr\/wp-content\/uploads\/2020\/02\/DSC06892-scaled.jpg?resize=1320%2C990&amp;ssl=1 1320w, https:\/\/i0.wp.com\/imaginedemain.fr\/wp-content\/uploads\/2020\/02\/DSC06892-scaled.jpg?w=1200&amp;ssl=1 1200w, https:\/\/i0.wp.com\/imaginedemain.fr\/wp-content\/uploads\/2020\/02\/DSC06892-scaled.jpg?w=1800&amp;ssl=1 1800w\" sizes=\"(max-width: 600px) 100vw, 600px\" \/><figcaption class=\"wp-block-jetpack-slideshow_caption gallery-caption\">ni pour continuer &#8230;<\/figcaption><\/figure><\/li><li class=\"wp-block-jetpack-slideshow_slide swiper-slide\"><figure><img data-recalc-dims=\"1\" loading=\"lazy\" decoding=\"async\" width=\"600\" height=\"338\" alt=\"\" class=\"wp-block-jetpack-slideshow_image wp-image-5553\" data-id=\"5553\" src=\"https:\/\/i0.wp.com\/imaginedemain.fr\/wp-content\/uploads\/2020\/02\/DSC06983-1024x577.jpg?resize=600%2C338\" srcset=\"https:\/\/i0.wp.com\/imaginedemain.fr\/wp-content\/uploads\/2020\/02\/DSC06983-scaled.jpg?resize=1024%2C577&amp;ssl=1 1024w, https:\/\/i0.wp.com\/imaginedemain.fr\/wp-content\/uploads\/2020\/02\/DSC06983-scaled.jpg?resize=300%2C169&amp;ssl=1 300w, https:\/\/i0.wp.com\/imaginedemain.fr\/wp-content\/uploads\/2020\/02\/DSC06983-scaled.jpg?resize=768%2C433&amp;ssl=1 768w, https:\/\/i0.wp.com\/imaginedemain.fr\/wp-content\/uploads\/2020\/02\/DSC06983-scaled.jpg?resize=600%2C338&amp;ssl=1 600w, https:\/\/i0.wp.com\/imaginedemain.fr\/wp-content\/uploads\/2020\/02\/DSC06983-scaled.jpg?resize=1536%2C865&amp;ssl=1 1536w, https:\/\/i0.wp.com\/imaginedemain.fr\/wp-content\/uploads\/2020\/02\/DSC06983-scaled.jpg?resize=2048%2C1154&amp;ssl=1 2048w, https:\/\/i0.wp.com\/imaginedemain.fr\/wp-content\/uploads\/2020\/02\/DSC06983-scaled.jpg?resize=1320%2C744&amp;ssl=1 1320w, https:\/\/i0.wp.com\/imaginedemain.fr\/wp-content\/uploads\/2020\/02\/DSC06983-scaled.jpg?w=1200&amp;ssl=1 1200w, https:\/\/i0.wp.com\/imaginedemain.fr\/wp-content\/uploads\/2020\/02\/DSC06983-scaled.jpg?w=1800&amp;ssl=1 1800w\" sizes=\"(max-width: 600px) 100vw, 600px\" \/><figcaption class=\"wp-block-jetpack-slideshow_caption gallery-caption\">&#8230; ni pour arr\u00eater.<\/figcaption><\/figure><\/li><li class=\"wp-block-jetpack-slideshow_slide swiper-slide\"><figure><img data-recalc-dims=\"1\" loading=\"lazy\" decoding=\"async\" width=\"600\" height=\"450\" alt=\"\" class=\"wp-block-jetpack-slideshow_image wp-image-5599\" data-id=\"5599\" src=\"https:\/\/i0.wp.com\/imaginedemain.fr\/wp-content\/uploads\/2020\/02\/DSC06895-1-1024x768.jpg?resize=600%2C450\" srcset=\"https:\/\/i0.wp.com\/imaginedemain.fr\/wp-content\/uploads\/2020\/02\/DSC06895-1-scaled.jpg?resize=1024%2C768&amp;ssl=1 1024w, https:\/\/i0.wp.com\/imaginedemain.fr\/wp-content\/uploads\/2020\/02\/DSC06895-1-scaled.jpg?resize=300%2C225&amp;ssl=1 300w, https:\/\/i0.wp.com\/imaginedemain.fr\/wp-content\/uploads\/2020\/02\/DSC06895-1-scaled.jpg?resize=768%2C576&amp;ssl=1 768w, https:\/\/i0.wp.com\/imaginedemain.fr\/wp-content\/uploads\/2020\/02\/DSC06895-1-scaled.jpg?resize=600%2C450&amp;ssl=1 600w, https:\/\/i0.wp.com\/imaginedemain.fr\/wp-content\/uploads\/2020\/02\/DSC06895-1-scaled.jpg?resize=1536%2C1152&amp;ssl=1 1536w, https:\/\/i0.wp.com\/imaginedemain.fr\/wp-content\/uploads\/2020\/02\/DSC06895-1-scaled.jpg?resize=2048%2C1536&amp;ssl=1 2048w, https:\/\/i0.wp.com\/imaginedemain.fr\/wp-content\/uploads\/2020\/02\/DSC06895-1-scaled.jpg?resize=1320%2C990&amp;ssl=1 1320w, https:\/\/i0.wp.com\/imaginedemain.fr\/wp-content\/uploads\/2020\/02\/DSC06895-1-scaled.jpg?w=1200&amp;ssl=1 1200w, https:\/\/i0.wp.com\/imaginedemain.fr\/wp-content\/uploads\/2020\/02\/DSC06895-1-scaled.jpg?w=1800&amp;ssl=1 1800w\" sizes=\"(max-width: 600px) 100vw, 600px\" \/><figcaption class=\"wp-block-jetpack-slideshow_caption gallery-caption\">Une bonimenteuse vante les m\u00e9rites de sa pommade miracle soigne-tout<\/figcaption><\/figure><\/li><li class=\"wp-block-jetpack-slideshow_slide swiper-slide\"><figure><img data-recalc-dims=\"1\" loading=\"lazy\" decoding=\"async\" width=\"600\" height=\"450\" alt=\"\" class=\"wp-block-jetpack-slideshow_image wp-image-5533\" data-id=\"5533\" src=\"https:\/\/i0.wp.com\/imaginedemain.fr\/wp-content\/uploads\/2020\/02\/DSC06924-1024x768.jpg?resize=600%2C450\" srcset=\"https:\/\/i0.wp.com\/imaginedemain.fr\/wp-content\/uploads\/2020\/02\/DSC06924-scaled.jpg?resize=1024%2C768&amp;ssl=1 1024w, https:\/\/i0.wp.com\/imaginedemain.fr\/wp-content\/uploads\/2020\/02\/DSC06924-scaled.jpg?resize=300%2C225&amp;ssl=1 300w, https:\/\/i0.wp.com\/imaginedemain.fr\/wp-content\/uploads\/2020\/02\/DSC06924-scaled.jpg?resize=768%2C576&amp;ssl=1 768w, https:\/\/i0.wp.com\/imaginedemain.fr\/wp-content\/uploads\/2020\/02\/DSC06924-scaled.jpg?resize=600%2C450&amp;ssl=1 600w, https:\/\/i0.wp.com\/imaginedemain.fr\/wp-content\/uploads\/2020\/02\/DSC06924-scaled.jpg?resize=1536%2C1152&amp;ssl=1 1536w, https:\/\/i0.wp.com\/imaginedemain.fr\/wp-content\/uploads\/2020\/02\/DSC06924-scaled.jpg?resize=2048%2C1536&amp;ssl=1 2048w, https:\/\/i0.wp.com\/imaginedemain.fr\/wp-content\/uploads\/2020\/02\/DSC06924-scaled.jpg?resize=1320%2C990&amp;ssl=1 1320w, https:\/\/i0.wp.com\/imaginedemain.fr\/wp-content\/uploads\/2020\/02\/DSC06924-scaled.jpg?w=1200&amp;ssl=1 1200w, https:\/\/i0.wp.com\/imaginedemain.fr\/wp-content\/uploads\/2020\/02\/DSC06924-scaled.jpg?w=1800&amp;ssl=1 1800w\" sizes=\"(max-width: 600px) 100vw, 600px\" \/><figcaption class=\"wp-block-jetpack-slideshow_caption gallery-caption\">Pour les plus endurcis on peut toujours tenter le comedor du march\u00e9,<\/figcaption><\/figure><\/li><li class=\"wp-block-jetpack-slideshow_slide swiper-slide\"><figure><img data-recalc-dims=\"1\" loading=\"lazy\" decoding=\"async\" width=\"600\" height=\"338\" alt=\"\" class=\"wp-block-jetpack-slideshow_image wp-image-5550\" data-id=\"5550\" src=\"https:\/\/i0.wp.com\/imaginedemain.fr\/wp-content\/uploads\/2020\/02\/DSC06977-1024x577.jpg?resize=600%2C338\" srcset=\"https:\/\/i0.wp.com\/imaginedemain.fr\/wp-content\/uploads\/2020\/02\/DSC06977-scaled.jpg?resize=1024%2C577&amp;ssl=1 1024w, https:\/\/i0.wp.com\/imaginedemain.fr\/wp-content\/uploads\/2020\/02\/DSC06977-scaled.jpg?resize=300%2C169&amp;ssl=1 300w, https:\/\/i0.wp.com\/imaginedemain.fr\/wp-content\/uploads\/2020\/02\/DSC06977-scaled.jpg?resize=768%2C433&amp;ssl=1 768w, https:\/\/i0.wp.com\/imaginedemain.fr\/wp-content\/uploads\/2020\/02\/DSC06977-scaled.jpg?resize=600%2C338&amp;ssl=1 600w, https:\/\/i0.wp.com\/imaginedemain.fr\/wp-content\/uploads\/2020\/02\/DSC06977-scaled.jpg?resize=1536%2C865&amp;ssl=1 1536w, https:\/\/i0.wp.com\/imaginedemain.fr\/wp-content\/uploads\/2020\/02\/DSC06977-scaled.jpg?resize=2048%2C1154&amp;ssl=1 2048w, https:\/\/i0.wp.com\/imaginedemain.fr\/wp-content\/uploads\/2020\/02\/DSC06977-scaled.jpg?resize=1320%2C744&amp;ssl=1 1320w, https:\/\/i0.wp.com\/imaginedemain.fr\/wp-content\/uploads\/2020\/02\/DSC06977-scaled.jpg?w=1200&amp;ssl=1 1200w, https:\/\/i0.wp.com\/imaginedemain.fr\/wp-content\/uploads\/2020\/02\/DSC06977-scaled.jpg?w=1800&amp;ssl=1 1800w\" sizes=\"(max-width: 600px) 100vw, 600px\" \/><figcaption class=\"wp-block-jetpack-slideshow_caption gallery-caption\">qui n&rsquo;est pas tr\u00e8s distingu\u00e9, mais au prix muy muy barato.<\/figcaption><\/figure><\/li><li class=\"wp-block-jetpack-slideshow_slide swiper-slide\"><figure><img data-recalc-dims=\"1\" loading=\"lazy\" decoding=\"async\" width=\"600\" height=\"338\" alt=\"\" class=\"wp-block-jetpack-slideshow_image wp-image-5555\" data-id=\"5555\" src=\"https:\/\/i0.wp.com\/imaginedemain.fr\/wp-content\/uploads\/2020\/02\/DSC06987-1024x577.jpg?resize=600%2C338\" srcset=\"https:\/\/i0.wp.com\/imaginedemain.fr\/wp-content\/uploads\/2020\/02\/DSC06987-scaled.jpg?resize=1024%2C577&amp;ssl=1 1024w, https:\/\/i0.wp.com\/imaginedemain.fr\/wp-content\/uploads\/2020\/02\/DSC06987-scaled.jpg?resize=300%2C169&amp;ssl=1 300w, https:\/\/i0.wp.com\/imaginedemain.fr\/wp-content\/uploads\/2020\/02\/DSC06987-scaled.jpg?resize=768%2C433&amp;ssl=1 768w, https:\/\/i0.wp.com\/imaginedemain.fr\/wp-content\/uploads\/2020\/02\/DSC06987-scaled.jpg?resize=600%2C338&amp;ssl=1 600w, https:\/\/i0.wp.com\/imaginedemain.fr\/wp-content\/uploads\/2020\/02\/DSC06987-scaled.jpg?resize=1536%2C865&amp;ssl=1 1536w, https:\/\/i0.wp.com\/imaginedemain.fr\/wp-content\/uploads\/2020\/02\/DSC06987-scaled.jpg?resize=2048%2C1154&amp;ssl=1 2048w, https:\/\/i0.wp.com\/imaginedemain.fr\/wp-content\/uploads\/2020\/02\/DSC06987-scaled.jpg?resize=1320%2C744&amp;ssl=1 1320w, https:\/\/i0.wp.com\/imaginedemain.fr\/wp-content\/uploads\/2020\/02\/DSC06987-scaled.jpg?w=1200&amp;ssl=1 1200w, https:\/\/i0.wp.com\/imaginedemain.fr\/wp-content\/uploads\/2020\/02\/DSC06987-scaled.jpg?w=1800&amp;ssl=1 1800w\" sizes=\"(max-width: 600px) 100vw, 600px\" \/><figcaption class=\"wp-block-jetpack-slideshow_caption gallery-caption\">Sur le march\u00e9 il y a aussi des fleurs &#8230;<\/figcaption><\/figure><\/li><li class=\"wp-block-jetpack-slideshow_slide swiper-slide\"><figure><img data-recalc-dims=\"1\" loading=\"lazy\" decoding=\"async\" width=\"600\" height=\"450\" alt=\"\" class=\"wp-block-jetpack-slideshow_image wp-image-5536\" data-id=\"5536\" src=\"https:\/\/i0.wp.com\/imaginedemain.fr\/wp-content\/uploads\/2020\/02\/DSC06932-1024x768.jpg?resize=600%2C450\" srcset=\"https:\/\/i0.wp.com\/imaginedemain.fr\/wp-content\/uploads\/2020\/02\/DSC06932-scaled.jpg?resize=1024%2C768&amp;ssl=1 1024w, https:\/\/i0.wp.com\/imaginedemain.fr\/wp-content\/uploads\/2020\/02\/DSC06932-scaled.jpg?resize=300%2C225&amp;ssl=1 300w, https:\/\/i0.wp.com\/imaginedemain.fr\/wp-content\/uploads\/2020\/02\/DSC06932-scaled.jpg?resize=768%2C576&amp;ssl=1 768w, https:\/\/i0.wp.com\/imaginedemain.fr\/wp-content\/uploads\/2020\/02\/DSC06932-scaled.jpg?resize=600%2C450&amp;ssl=1 600w, https:\/\/i0.wp.com\/imaginedemain.fr\/wp-content\/uploads\/2020\/02\/DSC06932-scaled.jpg?resize=1536%2C1152&amp;ssl=1 1536w, https:\/\/i0.wp.com\/imaginedemain.fr\/wp-content\/uploads\/2020\/02\/DSC06932-scaled.jpg?resize=2048%2C1536&amp;ssl=1 2048w, https:\/\/i0.wp.com\/imaginedemain.fr\/wp-content\/uploads\/2020\/02\/DSC06932-scaled.jpg?resize=1320%2C990&amp;ssl=1 1320w, https:\/\/i0.wp.com\/imaginedemain.fr\/wp-content\/uploads\/2020\/02\/DSC06932-scaled.jpg?w=1200&amp;ssl=1 1200w, https:\/\/i0.wp.com\/imaginedemain.fr\/wp-content\/uploads\/2020\/02\/DSC06932-scaled.jpg?w=1800&amp;ssl=1 1800w\" sizes=\"(max-width: 600px) 100vw, 600px\" \/><figcaption class=\"wp-block-jetpack-slideshow_caption gallery-caption\">&#8230; et des confettis en vrac, car la fiesta est une seconde religion pour tous.<\/figcaption><\/figure><\/li><li class=\"wp-block-jetpack-slideshow_slide swiper-slide\"><figure><img data-recalc-dims=\"1\" loading=\"lazy\" decoding=\"async\" width=\"600\" height=\"338\" alt=\"\" class=\"wp-block-jetpack-slideshow_image wp-image-5551\" data-id=\"5551\" src=\"https:\/\/i0.wp.com\/imaginedemain.fr\/wp-content\/uploads\/2020\/02\/DSC06979-1024x577.jpg?resize=600%2C338\" srcset=\"https:\/\/i0.wp.com\/imaginedemain.fr\/wp-content\/uploads\/2020\/02\/DSC06979-scaled.jpg?resize=1024%2C577&amp;ssl=1 1024w, https:\/\/i0.wp.com\/imaginedemain.fr\/wp-content\/uploads\/2020\/02\/DSC06979-scaled.jpg?resize=300%2C169&amp;ssl=1 300w, https:\/\/i0.wp.com\/imaginedemain.fr\/wp-content\/uploads\/2020\/02\/DSC06979-scaled.jpg?resize=768%2C433&amp;ssl=1 768w, https:\/\/i0.wp.com\/imaginedemain.fr\/wp-content\/uploads\/2020\/02\/DSC06979-scaled.jpg?resize=600%2C338&amp;ssl=1 600w, https:\/\/i0.wp.com\/imaginedemain.fr\/wp-content\/uploads\/2020\/02\/DSC06979-scaled.jpg?resize=1536%2C865&amp;ssl=1 1536w, https:\/\/i0.wp.com\/imaginedemain.fr\/wp-content\/uploads\/2020\/02\/DSC06979-scaled.jpg?resize=2048%2C1154&amp;ssl=1 2048w, https:\/\/i0.wp.com\/imaginedemain.fr\/wp-content\/uploads\/2020\/02\/DSC06979-scaled.jpg?resize=1320%2C744&amp;ssl=1 1320w, https:\/\/i0.wp.com\/imaginedemain.fr\/wp-content\/uploads\/2020\/02\/DSC06979-scaled.jpg?w=1200&amp;ssl=1 1200w, https:\/\/i0.wp.com\/imaginedemain.fr\/wp-content\/uploads\/2020\/02\/DSC06979-scaled.jpg?w=1800&amp;ssl=1 1800w\" sizes=\"(max-width: 600px) 100vw, 600px\" \/><figcaption class=\"wp-block-jetpack-slideshow_caption gallery-caption\">Il est temps de se pr\u00e9occuper de nos courses pour pr\u00e9parer le pepian.<\/figcaption><\/figure><\/li><li class=\"wp-block-jetpack-slideshow_slide swiper-slide\"><figure><img data-recalc-dims=\"1\" loading=\"lazy\" decoding=\"async\" width=\"600\" height=\"338\" alt=\"\" class=\"wp-block-jetpack-slideshow_image wp-image-5549\" data-id=\"5549\" src=\"https:\/\/i0.wp.com\/imaginedemain.fr\/wp-content\/uploads\/2020\/02\/DSC06973-1024x577.jpg?resize=600%2C338\" srcset=\"https:\/\/i0.wp.com\/imaginedemain.fr\/wp-content\/uploads\/2020\/02\/DSC06973-scaled.jpg?resize=1024%2C577&amp;ssl=1 1024w, https:\/\/i0.wp.com\/imaginedemain.fr\/wp-content\/uploads\/2020\/02\/DSC06973-scaled.jpg?resize=300%2C169&amp;ssl=1 300w, https:\/\/i0.wp.com\/imaginedemain.fr\/wp-content\/uploads\/2020\/02\/DSC06973-scaled.jpg?resize=768%2C433&amp;ssl=1 768w, https:\/\/i0.wp.com\/imaginedemain.fr\/wp-content\/uploads\/2020\/02\/DSC06973-scaled.jpg?resize=600%2C338&amp;ssl=1 600w, https:\/\/i0.wp.com\/imaginedemain.fr\/wp-content\/uploads\/2020\/02\/DSC06973-scaled.jpg?resize=1536%2C865&amp;ssl=1 1536w, https:\/\/i0.wp.com\/imaginedemain.fr\/wp-content\/uploads\/2020\/02\/DSC06973-scaled.jpg?resize=2048%2C1154&amp;ssl=1 2048w, https:\/\/i0.wp.com\/imaginedemain.fr\/wp-content\/uploads\/2020\/02\/DSC06973-scaled.jpg?resize=1320%2C744&amp;ssl=1 1320w, https:\/\/i0.wp.com\/imaginedemain.fr\/wp-content\/uploads\/2020\/02\/DSC06973-scaled.jpg?w=1200&amp;ssl=1 1200w, https:\/\/i0.wp.com\/imaginedemain.fr\/wp-content\/uploads\/2020\/02\/DSC06973-scaled.jpg?w=1800&amp;ssl=1 1800w\" sizes=\"(max-width: 600px) 100vw, 600px\" \/><figcaption class=\"wp-block-jetpack-slideshow_caption gallery-caption\">Les \u00e9pices sont essentielles, piquantes ou douces<\/figcaption><\/figure><\/li><li class=\"wp-block-jetpack-slideshow_slide swiper-slide\"><figure><img data-recalc-dims=\"1\" loading=\"lazy\" decoding=\"async\" width=\"600\" height=\"338\" alt=\"\" class=\"wp-block-jetpack-slideshow_image wp-image-5557\" data-id=\"5557\" src=\"https:\/\/i0.wp.com\/imaginedemain.fr\/wp-content\/uploads\/2020\/02\/DSC06996-1024x577.jpg?resize=600%2C338\" srcset=\"https:\/\/i0.wp.com\/imaginedemain.fr\/wp-content\/uploads\/2020\/02\/DSC06996-scaled.jpg?resize=1024%2C577&amp;ssl=1 1024w, https:\/\/i0.wp.com\/imaginedemain.fr\/wp-content\/uploads\/2020\/02\/DSC06996-scaled.jpg?resize=300%2C169&amp;ssl=1 300w, https:\/\/i0.wp.com\/imaginedemain.fr\/wp-content\/uploads\/2020\/02\/DSC06996-scaled.jpg?resize=768%2C433&amp;ssl=1 768w, https:\/\/i0.wp.com\/imaginedemain.fr\/wp-content\/uploads\/2020\/02\/DSC06996-scaled.jpg?resize=600%2C338&amp;ssl=1 600w, https:\/\/i0.wp.com\/imaginedemain.fr\/wp-content\/uploads\/2020\/02\/DSC06996-scaled.jpg?resize=1536%2C865&amp;ssl=1 1536w, https:\/\/i0.wp.com\/imaginedemain.fr\/wp-content\/uploads\/2020\/02\/DSC06996-scaled.jpg?resize=2048%2C1154&amp;ssl=1 2048w, https:\/\/i0.wp.com\/imaginedemain.fr\/wp-content\/uploads\/2020\/02\/DSC06996-scaled.jpg?resize=1320%2C744&amp;ssl=1 1320w, https:\/\/i0.wp.com\/imaginedemain.fr\/wp-content\/uploads\/2020\/02\/DSC06996-scaled.jpg?w=1200&amp;ssl=1 1200w, https:\/\/i0.wp.com\/imaginedemain.fr\/wp-content\/uploads\/2020\/02\/DSC06996-scaled.jpg?w=1800&amp;ssl=1 1800w\" sizes=\"(max-width: 600px) 100vw, 600px\" \/><figcaption class=\"wp-block-jetpack-slideshow_caption gallery-caption\">Voil\u00e0 nos ingr\u00e9dients r\u00e9unis.<\/figcaption><\/figure><\/li><li class=\"wp-block-jetpack-slideshow_slide swiper-slide\"><figure><img data-recalc-dims=\"1\" loading=\"lazy\" decoding=\"async\" width=\"600\" height=\"338\" alt=\"\" class=\"wp-block-jetpack-slideshow_image wp-image-5558\" data-id=\"5558\" src=\"https:\/\/i0.wp.com\/imaginedemain.fr\/wp-content\/uploads\/2020\/02\/DSC06999-1024x577.jpg?resize=600%2C338\" srcset=\"https:\/\/i0.wp.com\/imaginedemain.fr\/wp-content\/uploads\/2020\/02\/DSC06999-scaled.jpg?resize=1024%2C577&amp;ssl=1 1024w, https:\/\/i0.wp.com\/imaginedemain.fr\/wp-content\/uploads\/2020\/02\/DSC06999-scaled.jpg?resize=300%2C169&amp;ssl=1 300w, https:\/\/i0.wp.com\/imaginedemain.fr\/wp-content\/uploads\/2020\/02\/DSC06999-scaled.jpg?resize=768%2C433&amp;ssl=1 768w, https:\/\/i0.wp.com\/imaginedemain.fr\/wp-content\/uploads\/2020\/02\/DSC06999-scaled.jpg?resize=600%2C338&amp;ssl=1 600w, https:\/\/i0.wp.com\/imaginedemain.fr\/wp-content\/uploads\/2020\/02\/DSC06999-scaled.jpg?resize=1536%2C865&amp;ssl=1 1536w, https:\/\/i0.wp.com\/imaginedemain.fr\/wp-content\/uploads\/2020\/02\/DSC06999-scaled.jpg?resize=2048%2C1154&amp;ssl=1 2048w, https:\/\/i0.wp.com\/imaginedemain.fr\/wp-content\/uploads\/2020\/02\/DSC06999-scaled.jpg?resize=1320%2C744&amp;ssl=1 1320w, https:\/\/i0.wp.com\/imaginedemain.fr\/wp-content\/uploads\/2020\/02\/DSC06999-scaled.jpg?w=1200&amp;ssl=1 1200w, https:\/\/i0.wp.com\/imaginedemain.fr\/wp-content\/uploads\/2020\/02\/DSC06999-scaled.jpg?w=1800&amp;ssl=1 1800w\" sizes=\"(max-width: 600px) 100vw, 600px\" \/><figcaption class=\"wp-block-jetpack-slideshow_caption gallery-caption\">Je mets mes comp\u00e9tences en oeuvre.<\/figcaption><\/figure><\/li><li class=\"wp-block-jetpack-slideshow_slide swiper-slide\"><figure><img data-recalc-dims=\"1\" loading=\"lazy\" decoding=\"async\" width=\"600\" height=\"288\" alt=\"\" class=\"wp-block-jetpack-slideshow_image wp-image-5600\" data-id=\"5600\" src=\"https:\/\/i0.wp.com\/imaginedemain.fr\/wp-content\/uploads\/2020\/02\/PHOTO-2020-02-24-14-07-10-1-1024x492.jpg?resize=600%2C288\" srcset=\"https:\/\/i0.wp.com\/imaginedemain.fr\/wp-content\/uploads\/2020\/02\/PHOTO-2020-02-24-14-07-10-1.jpg?resize=1024%2C492&amp;ssl=1 1024w, https:\/\/i0.wp.com\/imaginedemain.fr\/wp-content\/uploads\/2020\/02\/PHOTO-2020-02-24-14-07-10-1.jpg?resize=300%2C144&amp;ssl=1 300w, https:\/\/i0.wp.com\/imaginedemain.fr\/wp-content\/uploads\/2020\/02\/PHOTO-2020-02-24-14-07-10-1.jpg?resize=768%2C369&amp;ssl=1 768w, https:\/\/i0.wp.com\/imaginedemain.fr\/wp-content\/uploads\/2020\/02\/PHOTO-2020-02-24-14-07-10-1.jpg?resize=600%2C288&amp;ssl=1 600w, https:\/\/i0.wp.com\/imaginedemain.fr\/wp-content\/uploads\/2020\/02\/PHOTO-2020-02-24-14-07-10-1.jpg?w=1040&amp;ssl=1 1040w\" sizes=\"(max-width: 600px) 100vw, 600px\" \/><figcaption class=\"wp-block-jetpack-slideshow_caption gallery-caption\">Nous ne sommes pas trop de deux pour cela!<\/figcaption><\/figure><\/li><li class=\"wp-block-jetpack-slideshow_slide swiper-slide\"><figure><img data-recalc-dims=\"1\" loading=\"lazy\" decoding=\"async\" width=\"600\" height=\"338\" alt=\"\" class=\"wp-block-jetpack-slideshow_image wp-image-5559\" data-id=\"5559\" src=\"https:\/\/i0.wp.com\/imaginedemain.fr\/wp-content\/uploads\/2020\/02\/DSC07004-1024x577.jpg?resize=600%2C338\" srcset=\"https:\/\/i0.wp.com\/imaginedemain.fr\/wp-content\/uploads\/2020\/02\/DSC07004-scaled.jpg?resize=1024%2C577&amp;ssl=1 1024w, https:\/\/i0.wp.com\/imaginedemain.fr\/wp-content\/uploads\/2020\/02\/DSC07004-scaled.jpg?resize=300%2C169&amp;ssl=1 300w, https:\/\/i0.wp.com\/imaginedemain.fr\/wp-content\/uploads\/2020\/02\/DSC07004-scaled.jpg?resize=768%2C433&amp;ssl=1 768w, https:\/\/i0.wp.com\/imaginedemain.fr\/wp-content\/uploads\/2020\/02\/DSC07004-scaled.jpg?resize=600%2C338&amp;ssl=1 600w, https:\/\/i0.wp.com\/imaginedemain.fr\/wp-content\/uploads\/2020\/02\/DSC07004-scaled.jpg?resize=1536%2C865&amp;ssl=1 1536w, https:\/\/i0.wp.com\/imaginedemain.fr\/wp-content\/uploads\/2020\/02\/DSC07004-scaled.jpg?resize=2048%2C1154&amp;ssl=1 2048w, https:\/\/i0.wp.com\/imaginedemain.fr\/wp-content\/uploads\/2020\/02\/DSC07004-scaled.jpg?resize=1320%2C744&amp;ssl=1 1320w, https:\/\/i0.wp.com\/imaginedemain.fr\/wp-content\/uploads\/2020\/02\/DSC07004-scaled.jpg?w=1200&amp;ssl=1 1200w, https:\/\/i0.wp.com\/imaginedemain.fr\/wp-content\/uploads\/2020\/02\/DSC07004-scaled.jpg?w=1800&amp;ssl=1 1800w\" sizes=\"(max-width: 600px) 100vw, 600px\" \/><figcaption class=\"wp-block-jetpack-slideshow_caption gallery-caption\">Pour fendre la calebasse il faut taper avec un pilon sur le couteau<\/figcaption><\/figure><\/li><li class=\"wp-block-jetpack-slideshow_slide swiper-slide\"><figure><img data-recalc-dims=\"1\" loading=\"lazy\" decoding=\"async\" width=\"600\" height=\"338\" alt=\"\" class=\"wp-block-jetpack-slideshow_image wp-image-5561\" data-id=\"5561\" src=\"https:\/\/i0.wp.com\/imaginedemain.fr\/wp-content\/uploads\/2020\/02\/DSC07009-1024x577.jpg?resize=600%2C338\" srcset=\"https:\/\/i0.wp.com\/imaginedemain.fr\/wp-content\/uploads\/2020\/02\/DSC07009-scaled.jpg?resize=1024%2C577&amp;ssl=1 1024w, https:\/\/i0.wp.com\/imaginedemain.fr\/wp-content\/uploads\/2020\/02\/DSC07009-scaled.jpg?resize=300%2C169&amp;ssl=1 300w, https:\/\/i0.wp.com\/imaginedemain.fr\/wp-content\/uploads\/2020\/02\/DSC07009-scaled.jpg?resize=768%2C433&amp;ssl=1 768w, https:\/\/i0.wp.com\/imaginedemain.fr\/wp-content\/uploads\/2020\/02\/DSC07009-scaled.jpg?resize=600%2C338&amp;ssl=1 600w, https:\/\/i0.wp.com\/imaginedemain.fr\/wp-content\/uploads\/2020\/02\/DSC07009-scaled.jpg?resize=1536%2C865&amp;ssl=1 1536w, https:\/\/i0.wp.com\/imaginedemain.fr\/wp-content\/uploads\/2020\/02\/DSC07009-scaled.jpg?resize=2048%2C1154&amp;ssl=1 2048w, https:\/\/i0.wp.com\/imaginedemain.fr\/wp-content\/uploads\/2020\/02\/DSC07009-scaled.jpg?resize=1320%2C744&amp;ssl=1 1320w, https:\/\/i0.wp.com\/imaginedemain.fr\/wp-content\/uploads\/2020\/02\/DSC07009-scaled.jpg?w=1200&amp;ssl=1 1200w, https:\/\/i0.wp.com\/imaginedemain.fr\/wp-content\/uploads\/2020\/02\/DSC07009-scaled.jpg?w=1800&amp;ssl=1 1800w\" sizes=\"(max-width: 600px) 100vw, 600px\" \/><figcaption class=\"wp-block-jetpack-slideshow_caption gallery-caption\">La brigade quiche au complet<\/figcaption><\/figure><\/li><li class=\"wp-block-jetpack-slideshow_slide swiper-slide\"><figure><img data-recalc-dims=\"1\" loading=\"lazy\" decoding=\"async\" width=\"600\" height=\"338\" alt=\"\" class=\"wp-block-jetpack-slideshow_image wp-image-5562\" data-id=\"5562\" src=\"https:\/\/i0.wp.com\/imaginedemain.fr\/wp-content\/uploads\/2020\/02\/DSC07010-1024x577.jpg?resize=600%2C338\" srcset=\"https:\/\/i0.wp.com\/imaginedemain.fr\/wp-content\/uploads\/2020\/02\/DSC07010-scaled.jpg?resize=1024%2C577&amp;ssl=1 1024w, https:\/\/i0.wp.com\/imaginedemain.fr\/wp-content\/uploads\/2020\/02\/DSC07010-scaled.jpg?resize=300%2C169&amp;ssl=1 300w, https:\/\/i0.wp.com\/imaginedemain.fr\/wp-content\/uploads\/2020\/02\/DSC07010-scaled.jpg?resize=768%2C433&amp;ssl=1 768w, https:\/\/i0.wp.com\/imaginedemain.fr\/wp-content\/uploads\/2020\/02\/DSC07010-scaled.jpg?resize=600%2C338&amp;ssl=1 600w, https:\/\/i0.wp.com\/imaginedemain.fr\/wp-content\/uploads\/2020\/02\/DSC07010-scaled.jpg?resize=1536%2C865&amp;ssl=1 1536w, https:\/\/i0.wp.com\/imaginedemain.fr\/wp-content\/uploads\/2020\/02\/DSC07010-scaled.jpg?resize=2048%2C1154&amp;ssl=1 2048w, https:\/\/i0.wp.com\/imaginedemain.fr\/wp-content\/uploads\/2020\/02\/DSC07010-scaled.jpg?resize=1320%2C744&amp;ssl=1 1320w, https:\/\/i0.wp.com\/imaginedemain.fr\/wp-content\/uploads\/2020\/02\/DSC07010-scaled.jpg?w=1200&amp;ssl=1 1200w, https:\/\/i0.wp.com\/imaginedemain.fr\/wp-content\/uploads\/2020\/02\/DSC07010-scaled.jpg?w=1800&amp;ssl=1 1800w\" sizes=\"(max-width: 600px) 100vw, 600px\" \/><figcaption class=\"wp-block-jetpack-slideshow_caption gallery-caption\">C&rsquo;est parti pour la cuisson sur cet antique appareil<\/figcaption><\/figure><\/li><li class=\"wp-block-jetpack-slideshow_slide swiper-slide\"><figure><img data-recalc-dims=\"1\" loading=\"lazy\" decoding=\"async\" width=\"600\" height=\"338\" alt=\"\" class=\"wp-block-jetpack-slideshow_image wp-image-5560\" data-id=\"5560\" src=\"https:\/\/i0.wp.com\/imaginedemain.fr\/wp-content\/uploads\/2020\/02\/DSC07008-1024x577.jpg?resize=600%2C338\" srcset=\"https:\/\/i0.wp.com\/imaginedemain.fr\/wp-content\/uploads\/2020\/02\/DSC07008-scaled.jpg?resize=1024%2C577&amp;ssl=1 1024w, https:\/\/i0.wp.com\/imaginedemain.fr\/wp-content\/uploads\/2020\/02\/DSC07008-scaled.jpg?resize=300%2C169&amp;ssl=1 300w, https:\/\/i0.wp.com\/imaginedemain.fr\/wp-content\/uploads\/2020\/02\/DSC07008-scaled.jpg?resize=768%2C433&amp;ssl=1 768w, https:\/\/i0.wp.com\/imaginedemain.fr\/wp-content\/uploads\/2020\/02\/DSC07008-scaled.jpg?resize=600%2C338&amp;ssl=1 600w, https:\/\/i0.wp.com\/imaginedemain.fr\/wp-content\/uploads\/2020\/02\/DSC07008-scaled.jpg?resize=1536%2C865&amp;ssl=1 1536w, https:\/\/i0.wp.com\/imaginedemain.fr\/wp-content\/uploads\/2020\/02\/DSC07008-scaled.jpg?resize=2048%2C1154&amp;ssl=1 2048w, https:\/\/i0.wp.com\/imaginedemain.fr\/wp-content\/uploads\/2020\/02\/DSC07008-scaled.jpg?resize=1320%2C744&amp;ssl=1 1320w, https:\/\/i0.wp.com\/imaginedemain.fr\/wp-content\/uploads\/2020\/02\/DSC07008-scaled.jpg?w=1200&amp;ssl=1 1200w, https:\/\/i0.wp.com\/imaginedemain.fr\/wp-content\/uploads\/2020\/02\/DSC07008-scaled.jpg?w=1800&amp;ssl=1 1800w\" sizes=\"(max-width: 600px) 100vw, 600px\" \/><figcaption class=\"wp-block-jetpack-slideshow_caption gallery-caption\">Le petit dernier de la famille passe l&rsquo;essentiel de sa journ\u00e9e sur le dos de sa maman, install\u00e9 adroitement dans une simple couverture. Il y restera jusqu&rsquo;\u00e0 ses premiers pas.<\/figcaption><\/figure><\/li><li class=\"wp-block-jetpack-slideshow_slide swiper-slide\"><figure><img data-recalc-dims=\"1\" loading=\"lazy\" decoding=\"async\" width=\"600\" height=\"337\" alt=\"\" class=\"wp-block-jetpack-slideshow_image wp-image-5593\" data-id=\"5593\" src=\"https:\/\/i0.wp.com\/imaginedemain.fr\/wp-content\/uploads\/2020\/02\/IMG_1294-1024x575.jpg?resize=600%2C337\" srcset=\"https:\/\/i0.wp.com\/imaginedemain.fr\/wp-content\/uploads\/2020\/02\/IMG_1294-scaled.jpg?resize=1024%2C575&amp;ssl=1 1024w, https:\/\/i0.wp.com\/imaginedemain.fr\/wp-content\/uploads\/2020\/02\/IMG_1294-scaled.jpg?resize=300%2C168&amp;ssl=1 300w, https:\/\/i0.wp.com\/imaginedemain.fr\/wp-content\/uploads\/2020\/02\/IMG_1294-scaled.jpg?resize=768%2C431&amp;ssl=1 768w, https:\/\/i0.wp.com\/imaginedemain.fr\/wp-content\/uploads\/2020\/02\/IMG_1294-scaled.jpg?resize=600%2C337&amp;ssl=1 600w, https:\/\/i0.wp.com\/imaginedemain.fr\/wp-content\/uploads\/2020\/02\/IMG_1294-scaled.jpg?resize=1536%2C862&amp;ssl=1 1536w, https:\/\/i0.wp.com\/imaginedemain.fr\/wp-content\/uploads\/2020\/02\/IMG_1294-scaled.jpg?resize=2048%2C1150&amp;ssl=1 2048w, https:\/\/i0.wp.com\/imaginedemain.fr\/wp-content\/uploads\/2020\/02\/IMG_1294-scaled.jpg?resize=1320%2C741&amp;ssl=1 1320w, https:\/\/i0.wp.com\/imaginedemain.fr\/wp-content\/uploads\/2020\/02\/IMG_1294-scaled.jpg?w=1200&amp;ssl=1 1200w, https:\/\/i0.wp.com\/imaginedemain.fr\/wp-content\/uploads\/2020\/02\/IMG_1294-scaled.jpg?w=1800&amp;ssl=1 1800w\" sizes=\"(max-width: 600px) 100vw, 600px\" \/><figcaption class=\"wp-block-jetpack-slideshow_caption gallery-caption\">La cuisson s&rsquo;ach\u00e8ve &#8230;<\/figcaption><\/figure><\/li><li class=\"wp-block-jetpack-slideshow_slide swiper-slide\"><figure><img data-recalc-dims=\"1\" loading=\"lazy\" decoding=\"async\" width=\"600\" height=\"450\" alt=\"\" class=\"wp-block-jetpack-slideshow_image wp-image-5594\" data-id=\"5594\" src=\"https:\/\/i0.wp.com\/imaginedemain.fr\/wp-content\/uploads\/2020\/02\/IMG_1299-1-1024x768.jpg?resize=600%2C450\" srcset=\"https:\/\/i0.wp.com\/imaginedemain.fr\/wp-content\/uploads\/2020\/02\/IMG_1299-1-scaled.jpg?resize=1024%2C768&amp;ssl=1 1024w, https:\/\/i0.wp.com\/imaginedemain.fr\/wp-content\/uploads\/2020\/02\/IMG_1299-1-scaled.jpg?resize=300%2C225&amp;ssl=1 300w, https:\/\/i0.wp.com\/imaginedemain.fr\/wp-content\/uploads\/2020\/02\/IMG_1299-1-scaled.jpg?resize=768%2C576&amp;ssl=1 768w, https:\/\/i0.wp.com\/imaginedemain.fr\/wp-content\/uploads\/2020\/02\/IMG_1299-1-scaled.jpg?resize=600%2C450&amp;ssl=1 600w, https:\/\/i0.wp.com\/imaginedemain.fr\/wp-content\/uploads\/2020\/02\/IMG_1299-1-scaled.jpg?resize=1536%2C1152&amp;ssl=1 1536w, https:\/\/i0.wp.com\/imaginedemain.fr\/wp-content\/uploads\/2020\/02\/IMG_1299-1-scaled.jpg?resize=2048%2C1536&amp;ssl=1 2048w, https:\/\/i0.wp.com\/imaginedemain.fr\/wp-content\/uploads\/2020\/02\/IMG_1299-1-scaled.jpg?resize=1320%2C990&amp;ssl=1 1320w, https:\/\/i0.wp.com\/imaginedemain.fr\/wp-content\/uploads\/2020\/02\/IMG_1299-1-scaled.jpg?w=1200&amp;ssl=1 1200w, https:\/\/i0.wp.com\/imaginedemain.fr\/wp-content\/uploads\/2020\/02\/IMG_1299-1-scaled.jpg?w=1800&amp;ssl=1 1800w\" sizes=\"(max-width: 600px) 100vw, 600px\" \/><figcaption class=\"wp-block-jetpack-slideshow_caption gallery-caption\">Les assiettes sont dress\u00e9es en \u00ab\u00a0cuisine\u00a0\u00bb. Riche, naturel, avec le go\u00fbt tr\u00e8s fin de cette soupe o\u00f9 ont converg\u00e9 bouillon de poule, tomates, \u00e9pices, pain grill\u00e9, riz, etc. ce pepian vaut le d\u00e9tour.<\/figcaption><\/figure><\/li><li class=\"wp-block-jetpack-slideshow_slide swiper-slide\"><figure><img data-recalc-dims=\"1\" loading=\"lazy\" decoding=\"async\" width=\"600\" height=\"338\" alt=\"\" class=\"wp-block-jetpack-slideshow_image wp-image-5568\" data-id=\"5568\" src=\"https:\/\/i0.wp.com\/imaginedemain.fr\/wp-content\/uploads\/2020\/02\/DSC07026-1024x577.jpg?resize=600%2C338\" srcset=\"https:\/\/i0.wp.com\/imaginedemain.fr\/wp-content\/uploads\/2020\/02\/DSC07026-scaled.jpg?resize=1024%2C577&amp;ssl=1 1024w, https:\/\/i0.wp.com\/imaginedemain.fr\/wp-content\/uploads\/2020\/02\/DSC07026-scaled.jpg?resize=300%2C169&amp;ssl=1 300w, https:\/\/i0.wp.com\/imaginedemain.fr\/wp-content\/uploads\/2020\/02\/DSC07026-scaled.jpg?resize=768%2C433&amp;ssl=1 768w, https:\/\/i0.wp.com\/imaginedemain.fr\/wp-content\/uploads\/2020\/02\/DSC07026-scaled.jpg?resize=600%2C338&amp;ssl=1 600w, https:\/\/i0.wp.com\/imaginedemain.fr\/wp-content\/uploads\/2020\/02\/DSC07026-scaled.jpg?resize=1536%2C865&amp;ssl=1 1536w, https:\/\/i0.wp.com\/imaginedemain.fr\/wp-content\/uploads\/2020\/02\/DSC07026-scaled.jpg?resize=2048%2C1154&amp;ssl=1 2048w, https:\/\/i0.wp.com\/imaginedemain.fr\/wp-content\/uploads\/2020\/02\/DSC07026-scaled.jpg?resize=1320%2C744&amp;ssl=1 1320w, https:\/\/i0.wp.com\/imaginedemain.fr\/wp-content\/uploads\/2020\/02\/DSC07026-scaled.jpg?w=1200&amp;ssl=1 1200w, https:\/\/i0.wp.com\/imaginedemain.fr\/wp-content\/uploads\/2020\/02\/DSC07026-scaled.jpg?w=1800&amp;ssl=1 1800w\" sizes=\"(max-width: 600px) 100vw, 600px\" \/><figcaption class=\"wp-block-jetpack-slideshow_caption gallery-caption\">Bravo!<\/figcaption><\/figure><\/li><\/ul><a class=\"wp-block-jetpack-slideshow_button-prev swiper-button-prev swiper-button-white\" role=\"button\"><\/a><a class=\"wp-block-jetpack-slideshow_button-next swiper-button-next swiper-button-white\" role=\"button\"><\/a><a aria-label=\"Pause Slideshow\" class=\"wp-block-jetpack-slideshow_button-pause\" role=\"button\"><\/a><div class=\"wp-block-jetpack-slideshow_pagination swiper-pagination swiper-pagination-white\"><\/div><\/div><\/div>\n\n\n\n<p>Hasta luego!<\/p>\n","protected":false},"excerpt":{"rendered":"<p>A Chichicastenango (le lieu des orties!), nous sommes accueillis , comme en famille, \u00e0 la casa Diego Ignacio construite il y a 250 ans. Juna Ignacio va nous transformer pour une journ\u00e9e en authentiques Quiche, la grande ethnie Maya de la r\u00e9gion. La pr\u00e9paration d&rsquo;un plat traditionnel, le pepian, sera le catalyseur de cette transformation, [&hellip;]<\/p>\n","protected":false},"author":269,"featured_media":5560,"comment_status":"open","ping_status":"open","sticky":false,"template":"","format":"standard","meta":{"ngg_post_thumbnail":0,"jetpack_post_was_ever_published":false,"_jetpack_newsletter_access":"","_jetpack_dont_email_post_to_subs":false,"_jetpack_newsletter_tier_id":0,"_jetpack_memberships_contains_paywalled_content":false,"_jetpack_memberships_contains_paid_content":false,"footnotes":"","jetpack_publicize_message":"","jetpack_publicize_feature_enabled":true,"jetpack_social_post_already_shared":true,"jetpack_social_options":{"image_generator_settings":{"template":"highway","default_image_id":0,"font":"","enabled":false},"version":2}},"categories":[98],"tags":[],"class_list":["post-5595","post","type-post","status-publish","format-standard","has-post-thumbnail","hentry","category-guatemala"],"yoast_head":"<!-- This site is optimized with the Yoast SEO plugin v27.4 - https:\/\/yoast.com\/product\/yoast-seo-wordpress\/ -->\n<title>Une cuisine de march\u00e9 \u00e0 Chichicastenango - Imagine demain<\/title>\n<meta name=\"robots\" content=\"index, follow, max-snippet:-1, max-image-preview:large, max-video-preview:-1\" \/>\n<link rel=\"canonical\" href=\"https:\/\/imaginedemain.fr\/index.php\/2020\/02\/29\/une-cuisine-de-marche-a-chichicastenango\/\" \/>\n<meta property=\"og:locale\" content=\"fr_FR\" \/>\n<meta property=\"og:type\" content=\"article\" \/>\n<meta property=\"og:title\" content=\"Une cuisine de march\u00e9 \u00e0 Chichicastenango - Imagine demain\" \/>\n<meta property=\"og:description\" content=\"A Chichicastenango (le lieu des orties!), nous sommes accueillis , comme en famille, \u00e0 la casa Diego Ignacio construite il y a 250 ans. Juna Ignacio va nous transformer pour une journ\u00e9e en authentiques Quiche, la grande ethnie Maya de la r\u00e9gion. La pr\u00e9paration d&rsquo;un plat traditionnel, le pepian, sera le catalyseur de cette transformation, [&hellip;]\" \/>\n<meta property=\"og:url\" content=\"https:\/\/imaginedemain.fr\/index.php\/2020\/02\/29\/une-cuisine-de-marche-a-chichicastenango\/\" \/>\n<meta property=\"og:site_name\" content=\"Imagine demain\" \/>\n<meta property=\"article:published_time\" content=\"2020-02-29T07:00:00+00:00\" \/>\n<meta property=\"og:image\" content=\"https:\/\/i0.wp.com\/imaginedemain.fr\/wp-content\/uploads\/2020\/02\/DSC07008-scaled.jpg?fit=2560%2C1442&ssl=1\" \/>\n\t<meta property=\"og:image:width\" content=\"2560\" \/>\n\t<meta property=\"og:image:height\" content=\"1442\" \/>\n\t<meta property=\"og:image:type\" content=\"image\/jpeg\" \/>\n<meta name=\"author\" content=\"Philippe\" \/>\n<meta name=\"twitter:card\" content=\"summary_large_image\" \/>\n<meta name=\"twitter:label1\" content=\"\u00c9crit par\" \/>\n\t<meta name=\"twitter:data1\" content=\"Philippe\" \/>\n\t<meta name=\"twitter:label2\" content=\"Dur\u00e9e de lecture estim\u00e9e\" \/>\n\t<meta name=\"twitter:data2\" content=\"2 minutes\" \/>\n<script type=\"application\/ld+json\" class=\"yoast-schema-graph\">{\"@context\":\"https:\\\/\\\/schema.org\",\"@graph\":[{\"@type\":\"Article\",\"@id\":\"https:\\\/\\\/imaginedemain.fr\\\/index.php\\\/2020\\\/02\\\/29\\\/une-cuisine-de-marche-a-chichicastenango\\\/#article\",\"isPartOf\":{\"@id\":\"https:\\\/\\\/imaginedemain.fr\\\/index.php\\\/2020\\\/02\\\/29\\\/une-cuisine-de-marche-a-chichicastenango\\\/\"},\"author\":{\"name\":\"Philippe\",\"@id\":\"https:\\\/\\\/imaginedemain.fr\\\/#\\\/schema\\\/person\\\/9f5931e51d7535c65f1a4a291d3bbaa4\"},\"headline\":\"Une cuisine de march\u00e9 \u00e0 Chichicastenango\",\"datePublished\":\"2020-02-29T07:00:00+00:00\",\"mainEntityOfPage\":{\"@id\":\"https:\\\/\\\/imaginedemain.fr\\\/index.php\\\/2020\\\/02\\\/29\\\/une-cuisine-de-marche-a-chichicastenango\\\/\"},\"wordCount\":503,\"commentCount\":6,\"image\":{\"@id\":\"https:\\\/\\\/imaginedemain.fr\\\/index.php\\\/2020\\\/02\\\/29\\\/une-cuisine-de-marche-a-chichicastenango\\\/#primaryimage\"},\"thumbnailUrl\":\"https:\\\/\\\/i0.wp.com\\\/imaginedemain.fr\\\/wp-content\\\/uploads\\\/2020\\\/02\\\/DSC07008-scaled.jpg?fit=2560%2C1442&ssl=1\",\"articleSection\":[\"Guatemala\"],\"inLanguage\":\"fr-FR\",\"potentialAction\":[{\"@type\":\"CommentAction\",\"name\":\"Comment\",\"target\":[\"https:\\\/\\\/imaginedemain.fr\\\/index.php\\\/2020\\\/02\\\/29\\\/une-cuisine-de-marche-a-chichicastenango\\\/#respond\"]}]},{\"@type\":\"WebPage\",\"@id\":\"https:\\\/\\\/imaginedemain.fr\\\/index.php\\\/2020\\\/02\\\/29\\\/une-cuisine-de-marche-a-chichicastenango\\\/\",\"url\":\"https:\\\/\\\/imaginedemain.fr\\\/index.php\\\/2020\\\/02\\\/29\\\/une-cuisine-de-marche-a-chichicastenango\\\/\",\"name\":\"Une cuisine de march\u00e9 \u00e0 Chichicastenango - Imagine demain\",\"isPartOf\":{\"@id\":\"https:\\\/\\\/imaginedemain.fr\\\/#website\"},\"primaryImageOfPage\":{\"@id\":\"https:\\\/\\\/imaginedemain.fr\\\/index.php\\\/2020\\\/02\\\/29\\\/une-cuisine-de-marche-a-chichicastenango\\\/#primaryimage\"},\"image\":{\"@id\":\"https:\\\/\\\/imaginedemain.fr\\\/index.php\\\/2020\\\/02\\\/29\\\/une-cuisine-de-marche-a-chichicastenango\\\/#primaryimage\"},\"thumbnailUrl\":\"https:\\\/\\\/i0.wp.com\\\/imaginedemain.fr\\\/wp-content\\\/uploads\\\/2020\\\/02\\\/DSC07008-scaled.jpg?fit=2560%2C1442&ssl=1\",\"datePublished\":\"2020-02-29T07:00:00+00:00\",\"author\":{\"@id\":\"https:\\\/\\\/imaginedemain.fr\\\/#\\\/schema\\\/person\\\/9f5931e51d7535c65f1a4a291d3bbaa4\"},\"breadcrumb\":{\"@id\":\"https:\\\/\\\/imaginedemain.fr\\\/index.php\\\/2020\\\/02\\\/29\\\/une-cuisine-de-marche-a-chichicastenango\\\/#breadcrumb\"},\"inLanguage\":\"fr-FR\",\"potentialAction\":[{\"@type\":\"ReadAction\",\"target\":[\"https:\\\/\\\/imaginedemain.fr\\\/index.php\\\/2020\\\/02\\\/29\\\/une-cuisine-de-marche-a-chichicastenango\\\/\"]}]},{\"@type\":\"ImageObject\",\"inLanguage\":\"fr-FR\",\"@id\":\"https:\\\/\\\/imaginedemain.fr\\\/index.php\\\/2020\\\/02\\\/29\\\/une-cuisine-de-marche-a-chichicastenango\\\/#primaryimage\",\"url\":\"https:\\\/\\\/i0.wp.com\\\/imaginedemain.fr\\\/wp-content\\\/uploads\\\/2020\\\/02\\\/DSC07008-scaled.jpg?fit=2560%2C1442&ssl=1\",\"contentUrl\":\"https:\\\/\\\/i0.wp.com\\\/imaginedemain.fr\\\/wp-content\\\/uploads\\\/2020\\\/02\\\/DSC07008-scaled.jpg?fit=2560%2C1442&ssl=1\",\"width\":2560,\"height\":1442},{\"@type\":\"BreadcrumbList\",\"@id\":\"https:\\\/\\\/imaginedemain.fr\\\/index.php\\\/2020\\\/02\\\/29\\\/une-cuisine-de-marche-a-chichicastenango\\\/#breadcrumb\",\"itemListElement\":[{\"@type\":\"ListItem\",\"position\":1,\"name\":\"Accueil\",\"item\":\"https:\\\/\\\/imaginedemain.fr\\\/\"},{\"@type\":\"ListItem\",\"position\":2,\"name\":\"Une cuisine de march\u00e9 \u00e0 Chichicastenango\"}]},{\"@type\":\"WebSite\",\"@id\":\"https:\\\/\\\/imaginedemain.fr\\\/#website\",\"url\":\"https:\\\/\\\/imaginedemain.fr\\\/\",\"name\":\"Imagine demain\",\"description\":\"\",\"potentialAction\":[{\"@type\":\"SearchAction\",\"target\":{\"@type\":\"EntryPoint\",\"urlTemplate\":\"https:\\\/\\\/imaginedemain.fr\\\/?s={search_term_string}\"},\"query-input\":{\"@type\":\"PropertyValueSpecification\",\"valueRequired\":true,\"valueName\":\"search_term_string\"}}],\"inLanguage\":\"fr-FR\"},{\"@type\":\"Person\",\"@id\":\"https:\\\/\\\/imaginedemain.fr\\\/#\\\/schema\\\/person\\\/9f5931e51d7535c65f1a4a291d3bbaa4\",\"name\":\"Philippe\",\"image\":{\"@type\":\"ImageObject\",\"inLanguage\":\"fr-FR\",\"@id\":\"https:\\\/\\\/secure.gravatar.com\\\/avatar\\\/b2aa6bd51417a74d8dc72e7c9d4f289ee495b30120bb4f2aa3f0b5fbf65f59d8?s=96&d=blank&r=g\",\"url\":\"https:\\\/\\\/secure.gravatar.com\\\/avatar\\\/b2aa6bd51417a74d8dc72e7c9d4f289ee495b30120bb4f2aa3f0b5fbf65f59d8?s=96&d=blank&r=g\",\"contentUrl\":\"https:\\\/\\\/secure.gravatar.com\\\/avatar\\\/b2aa6bd51417a74d8dc72e7c9d4f289ee495b30120bb4f2aa3f0b5fbf65f59d8?s=96&d=blank&r=g\",\"caption\":\"Philippe\"},\"sameAs\":[\"http:\\\/\\\/imaginedemain.fr\"],\"url\":\"https:\\\/\\\/imaginedemain.fr\\\/index.php\\\/author\\\/phjg7856\\\/\"}]}<\/script>\n<!-- \/ Yoast SEO plugin. -->","yoast_head_json":{"title":"Une cuisine de march\u00e9 \u00e0 Chichicastenango - Imagine demain","robots":{"index":"index","follow":"follow","max-snippet":"max-snippet:-1","max-image-preview":"max-image-preview:large","max-video-preview":"max-video-preview:-1"},"canonical":"https:\/\/imaginedemain.fr\/index.php\/2020\/02\/29\/une-cuisine-de-marche-a-chichicastenango\/","og_locale":"fr_FR","og_type":"article","og_title":"Une cuisine de march\u00e9 \u00e0 Chichicastenango - Imagine demain","og_description":"A Chichicastenango (le lieu des orties!), nous sommes accueillis , comme en famille, \u00e0 la casa Diego Ignacio construite il y a 250 ans. Juna Ignacio va nous transformer pour une journ\u00e9e en authentiques Quiche, la grande ethnie Maya de la r\u00e9gion. La pr\u00e9paration d&rsquo;un plat traditionnel, le pepian, sera le catalyseur de cette transformation, [&hellip;]","og_url":"https:\/\/imaginedemain.fr\/index.php\/2020\/02\/29\/une-cuisine-de-marche-a-chichicastenango\/","og_site_name":"Imagine demain","article_published_time":"2020-02-29T07:00:00+00:00","og_image":[{"width":2560,"height":1442,"url":"https:\/\/i0.wp.com\/imaginedemain.fr\/wp-content\/uploads\/2020\/02\/DSC07008-scaled.jpg?fit=2560%2C1442&ssl=1","type":"image\/jpeg"}],"author":"Philippe","twitter_card":"summary_large_image","twitter_misc":{"\u00c9crit par":"Philippe","Dur\u00e9e de lecture estim\u00e9e":"2 minutes"},"schema":{"@context":"https:\/\/schema.org","@graph":[{"@type":"Article","@id":"https:\/\/imaginedemain.fr\/index.php\/2020\/02\/29\/une-cuisine-de-marche-a-chichicastenango\/#article","isPartOf":{"@id":"https:\/\/imaginedemain.fr\/index.php\/2020\/02\/29\/une-cuisine-de-marche-a-chichicastenango\/"},"author":{"name":"Philippe","@id":"https:\/\/imaginedemain.fr\/#\/schema\/person\/9f5931e51d7535c65f1a4a291d3bbaa4"},"headline":"Une cuisine de march\u00e9 \u00e0 Chichicastenango","datePublished":"2020-02-29T07:00:00+00:00","mainEntityOfPage":{"@id":"https:\/\/imaginedemain.fr\/index.php\/2020\/02\/29\/une-cuisine-de-marche-a-chichicastenango\/"},"wordCount":503,"commentCount":6,"image":{"@id":"https:\/\/imaginedemain.fr\/index.php\/2020\/02\/29\/une-cuisine-de-marche-a-chichicastenango\/#primaryimage"},"thumbnailUrl":"https:\/\/i0.wp.com\/imaginedemain.fr\/wp-content\/uploads\/2020\/02\/DSC07008-scaled.jpg?fit=2560%2C1442&ssl=1","articleSection":["Guatemala"],"inLanguage":"fr-FR","potentialAction":[{"@type":"CommentAction","name":"Comment","target":["https:\/\/imaginedemain.fr\/index.php\/2020\/02\/29\/une-cuisine-de-marche-a-chichicastenango\/#respond"]}]},{"@type":"WebPage","@id":"https:\/\/imaginedemain.fr\/index.php\/2020\/02\/29\/une-cuisine-de-marche-a-chichicastenango\/","url":"https:\/\/imaginedemain.fr\/index.php\/2020\/02\/29\/une-cuisine-de-marche-a-chichicastenango\/","name":"Une cuisine de march\u00e9 \u00e0 Chichicastenango - Imagine demain","isPartOf":{"@id":"https:\/\/imaginedemain.fr\/#website"},"primaryImageOfPage":{"@id":"https:\/\/imaginedemain.fr\/index.php\/2020\/02\/29\/une-cuisine-de-marche-a-chichicastenango\/#primaryimage"},"image":{"@id":"https:\/\/imaginedemain.fr\/index.php\/2020\/02\/29\/une-cuisine-de-marche-a-chichicastenango\/#primaryimage"},"thumbnailUrl":"https:\/\/i0.wp.com\/imaginedemain.fr\/wp-content\/uploads\/2020\/02\/DSC07008-scaled.jpg?fit=2560%2C1442&ssl=1","datePublished":"2020-02-29T07:00:00+00:00","author":{"@id":"https:\/\/imaginedemain.fr\/#\/schema\/person\/9f5931e51d7535c65f1a4a291d3bbaa4"},"breadcrumb":{"@id":"https:\/\/imaginedemain.fr\/index.php\/2020\/02\/29\/une-cuisine-de-marche-a-chichicastenango\/#breadcrumb"},"inLanguage":"fr-FR","potentialAction":[{"@type":"ReadAction","target":["https:\/\/imaginedemain.fr\/index.php\/2020\/02\/29\/une-cuisine-de-marche-a-chichicastenango\/"]}]},{"@type":"ImageObject","inLanguage":"fr-FR","@id":"https:\/\/imaginedemain.fr\/index.php\/2020\/02\/29\/une-cuisine-de-marche-a-chichicastenango\/#primaryimage","url":"https:\/\/i0.wp.com\/imaginedemain.fr\/wp-content\/uploads\/2020\/02\/DSC07008-scaled.jpg?fit=2560%2C1442&ssl=1","contentUrl":"https:\/\/i0.wp.com\/imaginedemain.fr\/wp-content\/uploads\/2020\/02\/DSC07008-scaled.jpg?fit=2560%2C1442&ssl=1","width":2560,"height":1442},{"@type":"BreadcrumbList","@id":"https:\/\/imaginedemain.fr\/index.php\/2020\/02\/29\/une-cuisine-de-marche-a-chichicastenango\/#breadcrumb","itemListElement":[{"@type":"ListItem","position":1,"name":"Accueil","item":"https:\/\/imaginedemain.fr\/"},{"@type":"ListItem","position":2,"name":"Une cuisine de march\u00e9 \u00e0 Chichicastenango"}]},{"@type":"WebSite","@id":"https:\/\/imaginedemain.fr\/#website","url":"https:\/\/imaginedemain.fr\/","name":"Imagine demain","description":"","potentialAction":[{"@type":"SearchAction","target":{"@type":"EntryPoint","urlTemplate":"https:\/\/imaginedemain.fr\/?s={search_term_string}"},"query-input":{"@type":"PropertyValueSpecification","valueRequired":true,"valueName":"search_term_string"}}],"inLanguage":"fr-FR"},{"@type":"Person","@id":"https:\/\/imaginedemain.fr\/#\/schema\/person\/9f5931e51d7535c65f1a4a291d3bbaa4","name":"Philippe","image":{"@type":"ImageObject","inLanguage":"fr-FR","@id":"https:\/\/secure.gravatar.com\/avatar\/b2aa6bd51417a74d8dc72e7c9d4f289ee495b30120bb4f2aa3f0b5fbf65f59d8?s=96&d=blank&r=g","url":"https:\/\/secure.gravatar.com\/avatar\/b2aa6bd51417a74d8dc72e7c9d4f289ee495b30120bb4f2aa3f0b5fbf65f59d8?s=96&d=blank&r=g","contentUrl":"https:\/\/secure.gravatar.com\/avatar\/b2aa6bd51417a74d8dc72e7c9d4f289ee495b30120bb4f2aa3f0b5fbf65f59d8?s=96&d=blank&r=g","caption":"Philippe"},"sameAs":["http:\/\/imaginedemain.fr"],"url":"https:\/\/imaginedemain.fr\/index.php\/author\/phjg7856\/"}]}},"jetpack_publicize_connections":[],"jetpack_featured_media_url":"https:\/\/i0.wp.com\/imaginedemain.fr\/wp-content\/uploads\/2020\/02\/DSC07008-scaled.jpg?fit=2560%2C1442&ssl=1","jetpack_shortlink":"https:\/\/wp.me\/p8tuMH-1sf","jetpack-related-posts":[{"id":22,"url":"https:\/\/imaginedemain.fr\/index.php\/2014\/11\/24\/de-lautre-cote-de-latlantique\/","url_meta":{"origin":5595,"position":0},"title":"De l&rsquo;autre cot\u00e9 de l&rsquo;Atlantique","author":"Philippe","date":"24 novembre 2014","format":false,"excerpt":"Partis! Nous arrivons de nuit sur Sao Paulo, premi\u00e8re et immense nappe de lumi\u00e8re apr\u00e8s le survol de l'Atlantique et du Br\u00e9sil. Deux heures de transit dans cet a\u00e9rogare hors sol, puis nouvel envol pour quatre heures vers Santiago. L'Aconcagua sous l'aile droite, fabuleux, inoubliable. On aimerait tellement aller sur\u2026","rel":"","context":"Dans &quot;Chili &amp; Argentine&quot;","block_context":{"text":"Chili &amp; Argentine","link":"https:\/\/imaginedemain.fr\/index.php\/category\/chile-y-argentina\/"},"img":{"alt_text":"","src":"https:\/\/i0.wp.com\/imaginedemain.fr\/wp-content\/uploads\/2014\/11\/img_0564.jpg?fit=1200%2C900&ssl=1&resize=350%2C200","width":350,"height":200,"srcset":"https:\/\/i0.wp.com\/imaginedemain.fr\/wp-content\/uploads\/2014\/11\/img_0564.jpg?fit=1200%2C900&ssl=1&resize=350%2C200 1x, https:\/\/i0.wp.com\/imaginedemain.fr\/wp-content\/uploads\/2014\/11\/img_0564.jpg?fit=1200%2C900&ssl=1&resize=525%2C300 1.5x, https:\/\/i0.wp.com\/imaginedemain.fr\/wp-content\/uploads\/2014\/11\/img_0564.jpg?fit=1200%2C900&ssl=1&resize=700%2C400 2x, https:\/\/i0.wp.com\/imaginedemain.fr\/wp-content\/uploads\/2014\/11\/img_0564.jpg?fit=1200%2C900&ssl=1&resize=1050%2C600 3x"},"classes":[]},{"id":5503,"url":"https:\/\/imaginedemain.fr\/index.php\/2020\/02\/25\/trek-en-pays-maya-un-voyage-dans-le-temps\/","url_meta":{"origin":5595,"position":1},"title":"Trek en pays Maya, une plong\u00e9e dans le pass\u00e9","author":"Philippe","date":"25 f\u00e9vrier 2020","format":false,"excerpt":"La un tixiehx! ... en Maya Ixil Nous voulions voir le Guatemala authentique, voire profond. Nous l'avons touch\u00e9 du doigt dans ce trek de trois jours dans la Sierra de Los Cuchumatanes, du village de Chancol au bourg de Nebaj. R\u00e9gion recul\u00e9e du Guatemala, entre 2000 et 3300 m\u00e8tres d'altitude,\u2026","rel":"","context":"Dans &quot;Guatemala&quot;","block_context":{"text":"Guatemala","link":"https:\/\/imaginedemain.fr\/index.php\/category\/guatemala\/"},"img":{"alt_text":"","src":"https:\/\/i0.wp.com\/imaginedemain.fr\/wp-content\/uploads\/2020\/02\/DSC06735-scaled.jpg?fit=900%2C1200&ssl=1&resize=350%2C200","width":350,"height":200,"srcset":"https:\/\/i0.wp.com\/imaginedemain.fr\/wp-content\/uploads\/2020\/02\/DSC06735-scaled.jpg?fit=900%2C1200&ssl=1&resize=350%2C200 1x, https:\/\/i0.wp.com\/imaginedemain.fr\/wp-content\/uploads\/2020\/02\/DSC06735-scaled.jpg?fit=900%2C1200&ssl=1&resize=525%2C300 1.5x, https:\/\/i0.wp.com\/imaginedemain.fr\/wp-content\/uploads\/2020\/02\/DSC06735-scaled.jpg?fit=900%2C1200&ssl=1&resize=700%2C400 2x"},"classes":[]},{"id":5666,"url":"https:\/\/imaginedemain.fr\/index.php\/2020\/03\/07\/dans-la-jungle-un-trek-vers-le-temple-du-grand-jaguar\/","url_meta":{"origin":5595,"position":2},"title":"Dans la jungle, un trek vers le temple du Grand Jaguar","author":"Philippe","date":"7 mars 2020","format":false,"excerpt":"Pour d\u00e9couvrir les palais Mayas, concentr\u00e9s d\u2019une civilisation myst\u00e9rieusement disparue, nous avons choisi une voie d\u2019acc\u00e8s puissamment \u00e9vocatrice\u00a0: un trek de trois jours dans la jungle. L\u2019objectif est de rejoindre Tikal, le plus grand site Maya au monde, occup\u00e9 de 800 avant notre \u00e8re jusque vers l'an 900. A son\u2026","rel":"","context":"Dans &quot;Guatemala&quot;","block_context":{"text":"Guatemala","link":"https:\/\/imaginedemain.fr\/index.php\/category\/guatemala\/"},"img":{"alt_text":"","src":"https:\/\/i0.wp.com\/imaginedemain.fr\/wp-content\/uploads\/2020\/03\/DSC07371-scaled.jpg?fit=1200%2C676&ssl=1&resize=350%2C200","width":350,"height":200,"srcset":"https:\/\/i0.wp.com\/imaginedemain.fr\/wp-content\/uploads\/2020\/03\/DSC07371-scaled.jpg?fit=1200%2C676&ssl=1&resize=350%2C200 1x, https:\/\/i0.wp.com\/imaginedemain.fr\/wp-content\/uploads\/2020\/03\/DSC07371-scaled.jpg?fit=1200%2C676&ssl=1&resize=525%2C300 1.5x, https:\/\/i0.wp.com\/imaginedemain.fr\/wp-content\/uploads\/2020\/03\/DSC07371-scaled.jpg?fit=1200%2C676&ssl=1&resize=700%2C400 2x, https:\/\/i0.wp.com\/imaginedemain.fr\/wp-content\/uploads\/2020\/03\/DSC07371-scaled.jpg?fit=1200%2C676&ssl=1&resize=1050%2C600 3x"},"classes":[]},{"id":815,"url":"https:\/\/imaginedemain.fr\/index.php\/2015\/02\/07\/au-tropique-du-capricorne-une-argentine-ethnique\/","url_meta":{"origin":5595,"position":3},"title":"Au tropique du capricorne, une Argentine ethnique","author":"Philippe","date":"7 f\u00e9vrier 2015","format":false,"excerpt":"Arriv\u00e9s au tropique du Capricorne dans le nord ouest argentin, 23\u00b0 sud, \u00a0\u00a0 \u00a0 \u00a0\u00a0\u00a0 ... nous trouvons une r\u00e9gion indienne. D\u00e9j\u00e0 les ruines de la cit\u00e9 des indiens Quilm\u00e8s nous avaient impressionn\u00e9s par leur taille et leur organisation. Elles t\u00e9moignent d\u2019une organisation sociale avanc\u00e9e. Vaincus par les espagnols, ces\u2026","rel":"","context":"Dans &quot;Chili &amp; Argentine&quot;","block_context":{"text":"Chili &amp; Argentine","link":"https:\/\/imaginedemain.fr\/index.php\/category\/chile-y-argentina\/"},"img":{"alt_text":"","src":"https:\/\/i0.wp.com\/imaginedemain.fr\/wp-content\/uploads\/2015\/02\/dsc03328.jpg?fit=1200%2C673&ssl=1&resize=350%2C200","width":350,"height":200,"srcset":"https:\/\/i0.wp.com\/imaginedemain.fr\/wp-content\/uploads\/2015\/02\/dsc03328.jpg?fit=1200%2C673&ssl=1&resize=350%2C200 1x, https:\/\/i0.wp.com\/imaginedemain.fr\/wp-content\/uploads\/2015\/02\/dsc03328.jpg?fit=1200%2C673&ssl=1&resize=525%2C300 1.5x, https:\/\/i0.wp.com\/imaginedemain.fr\/wp-content\/uploads\/2015\/02\/dsc03328.jpg?fit=1200%2C673&ssl=1&resize=700%2C400 2x, https:\/\/i0.wp.com\/imaginedemain.fr\/wp-content\/uploads\/2015\/02\/dsc03328.jpg?fit=1200%2C673&ssl=1&resize=1050%2C600 3x"},"classes":[]},{"id":104,"url":"https:\/\/imaginedemain.fr\/index.php\/2014\/12\/04\/notre-module-sest-pose-sur-mars-mais-repond-toujours\/","url_meta":{"origin":5595,"position":4},"title":"Notre module s&rsquo;est pos\u00e9 sur Mars, mais r\u00e9pond toujours.","author":"Philippe","date":"4 d\u00e9cembre 2014","format":false,"excerpt":"Beaucoup d'\u00e9l\u00e9ments diff\u00e9rencient les Andes des Alpes ... mais l'un majeur est la pr\u00e9sence de volcans actifs tout au long des Andes. Tr\u00e8s nombreux dans ces r\u00e9gions, il se pr\u00e9sentent sous la forme parfaite du volcan, \u00e0 la \"Mont Fuji\", un c\u00f4ne couronn\u00e9 de cr\u00e8me glac\u00e9e. Notre gite face au\u2026","rel":"","context":"Dans &quot;Chili &amp; Argentine&quot;","block_context":{"text":"Chili &amp; Argentine","link":"https:\/\/imaginedemain.fr\/index.php\/category\/chile-y-argentina\/"},"img":{"alt_text":"","src":"https:\/\/i0.wp.com\/imaginedemain.fr\/wp-content\/uploads\/2014\/12\/dsc00427.jpg?fit=1200%2C673&ssl=1&resize=350%2C200","width":350,"height":200,"srcset":"https:\/\/i0.wp.com\/imaginedemain.fr\/wp-content\/uploads\/2014\/12\/dsc00427.jpg?fit=1200%2C673&ssl=1&resize=350%2C200 1x, https:\/\/i0.wp.com\/imaginedemain.fr\/wp-content\/uploads\/2014\/12\/dsc00427.jpg?fit=1200%2C673&ssl=1&resize=525%2C300 1.5x, https:\/\/i0.wp.com\/imaginedemain.fr\/wp-content\/uploads\/2014\/12\/dsc00427.jpg?fit=1200%2C673&ssl=1&resize=700%2C400 2x, https:\/\/i0.wp.com\/imaginedemain.fr\/wp-content\/uploads\/2014\/12\/dsc00427.jpg?fit=1200%2C673&ssl=1&resize=1050%2C600 3x"},"classes":[]},{"id":1618,"url":"https:\/\/imaginedemain.fr\/index.php\/2015\/07\/17\/latour-de-carol-a-vielha\/","url_meta":{"origin":5595,"position":5},"title":"En ballada sobre la Senda","author":"Philippe","date":"17 juillet 2015","format":false,"excerpt":"Nous entretenons avec les Pyr\u00e9n\u00e9es une relation passionn\u00e9e, voire tumultueuse. Depuis trente ans, presque chaque ann\u00e9e, nous y avons \u00e9lim\u00e9 nos Vibram\u00ae et d\u00e9tremp\u00e9 nos Goretex\u00ae, tr\u00e8s souvent sur la HRP (Haute Randonn\u00e9e Pyr\u00e9n\u00e9enne), tr\u00e8s rarement le GR 10, beaucoup plus fr\u00e9quemment sur des boucles savamment programm\u00e9es dans le d\u00e9dale\u2026","rel":"","context":"Dans &quot;Pyr\u00e9n\u00e9es&quot;","block_context":{"text":"Pyr\u00e9n\u00e9es","link":"https:\/\/imaginedemain.fr\/index.php\/category\/pyrenees\/"},"img":{"alt_text":"","src":"https:\/\/i0.wp.com\/imaginedemain.fr\/wp-content\/uploads\/2015\/07\/gr11-0010.jpg?fit=1024%2C1024&ssl=1&resize=350%2C200","width":350,"height":200,"srcset":"https:\/\/i0.wp.com\/imaginedemain.fr\/wp-content\/uploads\/2015\/07\/gr11-0010.jpg?fit=1024%2C1024&ssl=1&resize=350%2C200 1x, https:\/\/i0.wp.com\/imaginedemain.fr\/wp-content\/uploads\/2015\/07\/gr11-0010.jpg?fit=1024%2C1024&ssl=1&resize=525%2C300 1.5x, https:\/\/i0.wp.com\/imaginedemain.fr\/wp-content\/uploads\/2015\/07\/gr11-0010.jpg?fit=1024%2C1024&ssl=1&resize=700%2C400 2x"},"classes":[]}],"jetpack_sharing_enabled":true,"_links":{"self":[{"href":"https:\/\/imaginedemain.fr\/index.php\/wp-json\/wp\/v2\/posts\/5595","targetHints":{"allow":["GET"]}}],"collection":[{"href":"https:\/\/imaginedemain.fr\/index.php\/wp-json\/wp\/v2\/posts"}],"about":[{"href":"https:\/\/imaginedemain.fr\/index.php\/wp-json\/wp\/v2\/types\/post"}],"author":[{"embeddable":true,"href":"https:\/\/imaginedemain.fr\/index.php\/wp-json\/wp\/v2\/users\/269"}],"replies":[{"embeddable":true,"href":"https:\/\/imaginedemain.fr\/index.php\/wp-json\/wp\/v2\/comments?post=5595"}],"version-history":[{"count":20,"href":"https:\/\/imaginedemain.fr\/index.php\/wp-json\/wp\/v2\/posts\/5595\/revisions"}],"predecessor-version":[{"id":5618,"href":"https:\/\/imaginedemain.fr\/index.php\/wp-json\/wp\/v2\/posts\/5595\/revisions\/5618"}],"wp:featuredmedia":[{"embeddable":true,"href":"https:\/\/imaginedemain.fr\/index.php\/wp-json\/wp\/v2\/media\/5560"}],"wp:attachment":[{"href":"https:\/\/imaginedemain.fr\/index.php\/wp-json\/wp\/v2\/media?parent=5595"}],"wp:term":[{"taxonomy":"category","embeddable":true,"href":"https:\/\/imaginedemain.fr\/index.php\/wp-json\/wp\/v2\/categories?post=5595"},{"taxonomy":"post_tag","embeddable":true,"href":"https:\/\/imaginedemain.fr\/index.php\/wp-json\/wp\/v2\/tags?post=5595"}],"curies":[{"name":"wp","href":"https:\/\/api.w.org\/{rel}","templated":true}]}}