{"id":5848,"date":"2020-04-19T16:09:44","date_gmt":"2020-04-19T14:09:44","guid":{"rendered":"http:\/\/imaginedemain.fr\/?p=5848"},"modified":"2020-04-20T21:51:21","modified_gmt":"2020-04-20T19:51:21","slug":"18-avril-la-contagion-au-covid19-en-nette-baisse-mais-toujours-marquee-dans-un-grand-tiers-est-nord-est-de-la-france","status":"publish","type":"post","link":"https:\/\/imaginedemain.fr\/index.php\/2020\/04\/19\/18-avril-la-contagion-au-covid19-en-nette-baisse-mais-toujours-marquee-dans-un-grand-tiers-est-nord-est-de-la-france\/","title":{"rendered":"20 avril: la contagion au COVID19 en nette baisse"},"content":{"rendered":"\n<p>Depuis le pic de l&rsquo;\u00e9pid\u00e9mie que l&rsquo;on peut maintenant situer au 1er avril, les hospitalisations journali\u00e8res sont presque divis\u00e9es par trois, avec une d\u00e9croissance r\u00e9guli\u00e8re.<\/p>\n\n\n\n<figure class=\"wp-block-image size-large\"><a href=\"http:\/\/imaginedemain.fr\/Imaginedemain_COVID2019\/histogramme_departements_20_avril_2020.html\" target=\"_blank\" rel=\"noreferrer noopener\"><img data-recalc-dims=\"1\" loading=\"lazy\" decoding=\"async\" width=\"600\" height=\"386\" data-attachment-id=\"5859\" data-permalink=\"https:\/\/imaginedemain.fr\/index.php\/2020\/04\/19\/18-avril-la-contagion-au-covid19-en-nette-baisse-mais-toujours-marquee-dans-un-grand-tiers-est-nord-est-de-la-france\/miniature-histogramme-20-avril\/\" data-orig-file=\"https:\/\/i0.wp.com\/imaginedemain.fr\/wp-content\/uploads\/2020\/04\/miniature-histogramme-20-avril.jpg?fit=700%2C450&amp;ssl=1\" data-orig-size=\"700,450\" data-comments-opened=\"1\" data-image-meta=\"{&quot;aperture&quot;:&quot;0&quot;,&quot;credit&quot;:&quot;&quot;,&quot;camera&quot;:&quot;&quot;,&quot;caption&quot;:&quot;&quot;,&quot;created_timestamp&quot;:&quot;0&quot;,&quot;copyright&quot;:&quot;&quot;,&quot;focal_length&quot;:&quot;0&quot;,&quot;iso&quot;:&quot;0&quot;,&quot;shutter_speed&quot;:&quot;0&quot;,&quot;title&quot;:&quot;&quot;,&quot;orientation&quot;:&quot;0&quot;}\" data-image-title=\"miniature-histogramme-20-avril\" data-image-description=\"\" data-image-caption=\"\" data-large-file=\"https:\/\/i0.wp.com\/imaginedemain.fr\/wp-content\/uploads\/2020\/04\/miniature-histogramme-20-avril.jpg?fit=600%2C386&amp;ssl=1\" src=\"https:\/\/i0.wp.com\/imaginedemain.fr\/wp-content\/uploads\/2020\/04\/miniature-histogramme-20-avril.jpg?resize=600%2C386\" alt=\"\" class=\"wp-image-5859\" srcset=\"https:\/\/i0.wp.com\/imaginedemain.fr\/wp-content\/uploads\/2020\/04\/miniature-histogramme-20-avril.jpg?w=700&amp;ssl=1 700w, https:\/\/i0.wp.com\/imaginedemain.fr\/wp-content\/uploads\/2020\/04\/miniature-histogramme-20-avril.jpg?resize=300%2C193&amp;ssl=1 300w, https:\/\/i0.wp.com\/imaginedemain.fr\/wp-content\/uploads\/2020\/04\/miniature-histogramme-20-avril.jpg?resize=600%2C386&amp;ssl=1 600w\" sizes=\"auto, (max-width: 600px) 100vw, 600px\" \/><\/a><figcaption> Cliquer pour agrandir vers l&rsquo;histogramme interactif <\/figcaption><\/figure>\n\n\n\n<p>Trois d\u00e9partements, relativement moins peupl\u00e9s, pr\u00e9sentent sur les quatre jours \u00e9coul\u00e9s un taux d&rsquo;hospitalisations plus \u00e9lev\u00e9 que dans le Nord-Est et en r\u00e9gion parisienne. Si les donn\u00e9es collect\u00e9es \u00e9taient confirm\u00e9es, ce serait un fait nouveau.<\/p>\n\n\n\n<figure class=\"wp-block-image size-large\"><a href=\"http:\/\/imaginedemain.fr\/Imaginedemain_COVID2019\/ratio_departements_20_avril_2020.html\" target=\"_blank\" rel=\"noreferrer noopener\"><img data-recalc-dims=\"1\" loading=\"lazy\" decoding=\"async\" width=\"600\" height=\"386\" data-attachment-id=\"5864\" data-permalink=\"https:\/\/imaginedemain.fr\/index.php\/2020\/04\/19\/18-avril-la-contagion-au-covid19-en-nette-baisse-mais-toujours-marquee-dans-un-grand-tiers-est-nord-est-de-la-france\/miniature-carte-france-ratio-20-avril-1\/\" data-orig-file=\"https:\/\/i0.wp.com\/imaginedemain.fr\/wp-content\/uploads\/2020\/04\/miniature-carte-France-ratio-20-avril-1.jpg?fit=700%2C450&amp;ssl=1\" data-orig-size=\"700,450\" data-comments-opened=\"1\" data-image-meta=\"{&quot;aperture&quot;:&quot;0&quot;,&quot;credit&quot;:&quot;&quot;,&quot;camera&quot;:&quot;&quot;,&quot;caption&quot;:&quot;&quot;,&quot;created_timestamp&quot;:&quot;0&quot;,&quot;copyright&quot;:&quot;&quot;,&quot;focal_length&quot;:&quot;0&quot;,&quot;iso&quot;:&quot;0&quot;,&quot;shutter_speed&quot;:&quot;0&quot;,&quot;title&quot;:&quot;&quot;,&quot;orientation&quot;:&quot;0&quot;}\" data-image-title=\"miniature-carte-France-ratio-20-avril-1\" data-image-description=\"\" data-image-caption=\"\" data-large-file=\"https:\/\/i0.wp.com\/imaginedemain.fr\/wp-content\/uploads\/2020\/04\/miniature-carte-France-ratio-20-avril-1.jpg?fit=600%2C386&amp;ssl=1\" src=\"https:\/\/i0.wp.com\/imaginedemain.fr\/wp-content\/uploads\/2020\/04\/miniature-carte-France-ratio-20-avril-1.jpg?resize=600%2C386\" alt=\"\" class=\"wp-image-5864\" srcset=\"https:\/\/i0.wp.com\/imaginedemain.fr\/wp-content\/uploads\/2020\/04\/miniature-carte-France-ratio-20-avril-1.jpg?w=700&amp;ssl=1 700w, https:\/\/i0.wp.com\/imaginedemain.fr\/wp-content\/uploads\/2020\/04\/miniature-carte-France-ratio-20-avril-1.jpg?resize=300%2C193&amp;ssl=1 300w, https:\/\/i0.wp.com\/imaginedemain.fr\/wp-content\/uploads\/2020\/04\/miniature-carte-France-ratio-20-avril-1.jpg?resize=600%2C386&amp;ssl=1 600w\" sizes=\"auto, (max-width: 600px) 100vw, 600px\" \/><\/a><figcaption>   Cliquer pour agrandir vers la carte interactive <\/figcaption><\/figure>\n\n\n\n<p>Au pic de l&rsquo;\u00e9pid\u00e9mie le tiers est \/ nord-est \u00e9tait particuli\u00e8rement plus touch\u00e9.<\/p>\n\n\n\n<figure class=\"wp-block-image size-large\"><a href=\"http:\/\/imaginedemain.fr\/Imaginedemain_COVID2019\/ratio_departements_3_avril_2020.html\" target=\"_blank\" rel=\"noreferrer noopener\"><img data-recalc-dims=\"1\" loading=\"lazy\" decoding=\"async\" width=\"600\" height=\"386\" data-attachment-id=\"5851\" data-permalink=\"https:\/\/imaginedemain.fr\/index.php\/2020\/04\/19\/18-avril-la-contagion-au-covid19-en-nette-baisse-mais-toujours-marquee-dans-un-grand-tiers-est-nord-est-de-la-france\/miniature-carte-france-ratio-3-avril\/\" data-orig-file=\"https:\/\/i0.wp.com\/imaginedemain.fr\/wp-content\/uploads\/2020\/04\/miniature-carte-France-ratio-3-avril.jpg?fit=700%2C450&amp;ssl=1\" data-orig-size=\"700,450\" data-comments-opened=\"1\" data-image-meta=\"{&quot;aperture&quot;:&quot;0&quot;,&quot;credit&quot;:&quot;&quot;,&quot;camera&quot;:&quot;&quot;,&quot;caption&quot;:&quot;&quot;,&quot;created_timestamp&quot;:&quot;0&quot;,&quot;copyright&quot;:&quot;&quot;,&quot;focal_length&quot;:&quot;0&quot;,&quot;iso&quot;:&quot;0&quot;,&quot;shutter_speed&quot;:&quot;0&quot;,&quot;title&quot;:&quot;&quot;,&quot;orientation&quot;:&quot;0&quot;}\" data-image-title=\"miniature-carte-France-ratio-3-avril\" data-image-description=\"\" data-image-caption=\"\" data-large-file=\"https:\/\/i0.wp.com\/imaginedemain.fr\/wp-content\/uploads\/2020\/04\/miniature-carte-France-ratio-3-avril.jpg?fit=600%2C386&amp;ssl=1\" src=\"https:\/\/i0.wp.com\/imaginedemain.fr\/wp-content\/uploads\/2020\/04\/miniature-carte-France-ratio-3-avril.jpg?resize=600%2C386\" alt=\"\" class=\"wp-image-5851\" srcset=\"https:\/\/i0.wp.com\/imaginedemain.fr\/wp-content\/uploads\/2020\/04\/miniature-carte-France-ratio-3-avril.jpg?w=700&amp;ssl=1 700w, https:\/\/i0.wp.com\/imaginedemain.fr\/wp-content\/uploads\/2020\/04\/miniature-carte-France-ratio-3-avril.jpg?resize=300%2C193&amp;ssl=1 300w, https:\/\/i0.wp.com\/imaginedemain.fr\/wp-content\/uploads\/2020\/04\/miniature-carte-France-ratio-3-avril.jpg?resize=600%2C386&amp;ssl=1 600w\" sizes=\"auto, (max-width: 600px) 100vw, 600px\" \/><\/a><figcaption>  Cliquer pour agrandir vers la carte interactive  <\/figcaption><\/figure>\n\n\n\n<p>Un zoom sur la r\u00e9gion parisienne montre \u00e9galement la chute des hospitalisations entre le 3 avril et le 20 avril.  Le Val-de-Marne est aujourd&rsquo;hui le d\u00e9partement qui enregistre le plus d&rsquo;hospitalisations rapport\u00e9es \u00e0 sa population.<\/p>\n\n\n\n<figure class=\"wp-block-image size-large\"><a href=\"http:\/\/imaginedemain.fr\/Imaginedemain_COVID2019\/ratio_idf_20_avril_2020.html\" target=\"_blank\" rel=\"noreferrer noopener\"><img data-recalc-dims=\"1\" loading=\"lazy\" decoding=\"async\" width=\"600\" height=\"514\" data-attachment-id=\"5862\" data-permalink=\"https:\/\/imaginedemain.fr\/index.php\/2020\/04\/19\/18-avril-la-contagion-au-covid19-en-nette-baisse-mais-toujours-marquee-dans-un-grand-tiers-est-nord-est-de-la-france\/miniature-carte-idf-ratio-20-avril\/\" data-orig-file=\"https:\/\/i0.wp.com\/imaginedemain.fr\/wp-content\/uploads\/2020\/04\/miniature-carte-IDF-ratio-20-avril.jpg?fit=700%2C600&amp;ssl=1\" data-orig-size=\"700,600\" data-comments-opened=\"1\" data-image-meta=\"{&quot;aperture&quot;:&quot;0&quot;,&quot;credit&quot;:&quot;&quot;,&quot;camera&quot;:&quot;&quot;,&quot;caption&quot;:&quot;&quot;,&quot;created_timestamp&quot;:&quot;0&quot;,&quot;copyright&quot;:&quot;&quot;,&quot;focal_length&quot;:&quot;0&quot;,&quot;iso&quot;:&quot;0&quot;,&quot;shutter_speed&quot;:&quot;0&quot;,&quot;title&quot;:&quot;&quot;,&quot;orientation&quot;:&quot;0&quot;}\" data-image-title=\"miniature-carte-IDF-ratio-20-avril\" data-image-description=\"\" data-image-caption=\"\" data-large-file=\"https:\/\/i0.wp.com\/imaginedemain.fr\/wp-content\/uploads\/2020\/04\/miniature-carte-IDF-ratio-20-avril.jpg?fit=600%2C514&amp;ssl=1\" src=\"https:\/\/i0.wp.com\/imaginedemain.fr\/wp-content\/uploads\/2020\/04\/miniature-carte-IDF-ratio-20-avril.jpg?resize=600%2C514\" alt=\"\" class=\"wp-image-5862\" srcset=\"https:\/\/i0.wp.com\/imaginedemain.fr\/wp-content\/uploads\/2020\/04\/miniature-carte-IDF-ratio-20-avril.jpg?w=700&amp;ssl=1 700w, https:\/\/i0.wp.com\/imaginedemain.fr\/wp-content\/uploads\/2020\/04\/miniature-carte-IDF-ratio-20-avril.jpg?resize=300%2C257&amp;ssl=1 300w, https:\/\/i0.wp.com\/imaginedemain.fr\/wp-content\/uploads\/2020\/04\/miniature-carte-IDF-ratio-20-avril.jpg?resize=600%2C514&amp;ssl=1 600w\" sizes=\"auto, (max-width: 600px) 100vw, 600px\" \/><\/a><figcaption> Cliquer pour agrandir vers la carte interactive <\/figcaption><\/figure>\n\n\n\n<figure class=\"wp-block-image size-large\"><a href=\"http:\/\/imaginedemain.fr\/Imaginedemain_COVID2019\/ratio_idf_3_avril_2020.html\" target=\"_blank\" rel=\"noreferrer noopener\"><img data-recalc-dims=\"1\" loading=\"lazy\" decoding=\"async\" width=\"600\" height=\"514\" data-attachment-id=\"5853\" data-permalink=\"https:\/\/imaginedemain.fr\/index.php\/2020\/04\/19\/18-avril-la-contagion-au-covid19-en-nette-baisse-mais-toujours-marquee-dans-un-grand-tiers-est-nord-est-de-la-france\/miniature-carte-idf-ratio-3-avril\/\" data-orig-file=\"https:\/\/i0.wp.com\/imaginedemain.fr\/wp-content\/uploads\/2020\/04\/miniature-carte-IDF-ratio-3-avril.jpg?fit=700%2C600&amp;ssl=1\" data-orig-size=\"700,600\" data-comments-opened=\"1\" data-image-meta=\"{&quot;aperture&quot;:&quot;0&quot;,&quot;credit&quot;:&quot;&quot;,&quot;camera&quot;:&quot;&quot;,&quot;caption&quot;:&quot;&quot;,&quot;created_timestamp&quot;:&quot;0&quot;,&quot;copyright&quot;:&quot;&quot;,&quot;focal_length&quot;:&quot;0&quot;,&quot;iso&quot;:&quot;0&quot;,&quot;shutter_speed&quot;:&quot;0&quot;,&quot;title&quot;:&quot;&quot;,&quot;orientation&quot;:&quot;0&quot;}\" data-image-title=\"miniature-carte-IDF-ratio-3-avril\" data-image-description=\"\" data-image-caption=\"\" data-large-file=\"https:\/\/i0.wp.com\/imaginedemain.fr\/wp-content\/uploads\/2020\/04\/miniature-carte-IDF-ratio-3-avril.jpg?fit=600%2C514&amp;ssl=1\" src=\"https:\/\/i0.wp.com\/imaginedemain.fr\/wp-content\/uploads\/2020\/04\/miniature-carte-IDF-ratio-3-avril.jpg?resize=600%2C514\" alt=\"\" class=\"wp-image-5853\" srcset=\"https:\/\/i0.wp.com\/imaginedemain.fr\/wp-content\/uploads\/2020\/04\/miniature-carte-IDF-ratio-3-avril.jpg?w=700&amp;ssl=1 700w, https:\/\/i0.wp.com\/imaginedemain.fr\/wp-content\/uploads\/2020\/04\/miniature-carte-IDF-ratio-3-avril.jpg?resize=300%2C257&amp;ssl=1 300w, https:\/\/i0.wp.com\/imaginedemain.fr\/wp-content\/uploads\/2020\/04\/miniature-carte-IDF-ratio-3-avril.jpg?resize=600%2C514&amp;ssl=1 600w\" sizes=\"auto, (max-width: 600px) 100vw, 600px\" \/><\/a><figcaption>  Cliquer pour agrandir vers la carte interactive  <\/figcaption><\/figure>\n","protected":false},"excerpt":{"rendered":"<p>Depuis le pic de l&rsquo;\u00e9pid\u00e9mie que l&rsquo;on peut maintenant situer au 1er avril, les hospitalisations journali\u00e8res sont presque divis\u00e9es par trois, avec une d\u00e9croissance r\u00e9guli\u00e8re. Trois d\u00e9partements, relativement moins peupl\u00e9s, pr\u00e9sentent sur les quatre jours \u00e9coul\u00e9s un taux d&rsquo;hospitalisations plus \u00e9lev\u00e9 que dans le Nord-Est et en r\u00e9gion parisienne. Si les donn\u00e9es collect\u00e9es \u00e9taient confirm\u00e9es, [&hellip;]<\/p>\n","protected":false},"author":269,"featured_media":5850,"comment_status":"open","ping_status":"open","sticky":false,"template":"","format":"standard","meta":{"ngg_post_thumbnail":0,"jetpack_post_was_ever_published":false,"_jetpack_newsletter_access":"","_jetpack_dont_email_post_to_subs":false,"_jetpack_newsletter_tier_id":0,"_jetpack_memberships_contains_paywalled_content":false,"_jetpack_memberships_contains_paid_content":false,"footnotes":"","jetpack_publicize_message":"","jetpack_publicize_feature_enabled":true,"jetpack_social_post_already_shared":true,"jetpack_social_options":{"image_generator_settings":{"template":"highway","default_image_id":0,"font":"","enabled":false},"version":2}},"categories":[99],"tags":[],"class_list":["post-5848","post","type-post","status-publish","format-standard","has-post-thumbnail","hentry","category-covid19"],"yoast_head":"<!-- This site is optimized with the Yoast SEO plugin v27.5 - https:\/\/yoast.com\/product\/yoast-seo-wordpress\/ -->\n<title>20 avril: la contagion au COVID19 en nette baisse - Imagine demain<\/title>\n<meta name=\"robots\" content=\"index, follow, max-snippet:-1, max-image-preview:large, max-video-preview:-1\" \/>\n<link rel=\"canonical\" href=\"https:\/\/imaginedemain.fr\/index.php\/2020\/04\/19\/18-avril-la-contagion-au-covid19-en-nette-baisse-mais-toujours-marquee-dans-un-grand-tiers-est-nord-est-de-la-france\/\" \/>\n<meta property=\"og:locale\" content=\"fr_FR\" \/>\n<meta property=\"og:type\" content=\"article\" \/>\n<meta property=\"og:title\" content=\"20 avril: la contagion au COVID19 en nette baisse - Imagine demain\" \/>\n<meta property=\"og:description\" content=\"Depuis le pic de l&rsquo;\u00e9pid\u00e9mie que l&rsquo;on peut maintenant situer au 1er avril, les hospitalisations journali\u00e8res sont presque divis\u00e9es par trois, avec une d\u00e9croissance r\u00e9guli\u00e8re. Trois d\u00e9partements, relativement moins peupl\u00e9s, pr\u00e9sentent sur les quatre jours \u00e9coul\u00e9s un taux d&rsquo;hospitalisations plus \u00e9lev\u00e9 que dans le Nord-Est et en r\u00e9gion parisienne. Si les donn\u00e9es collect\u00e9es \u00e9taient confirm\u00e9es, [&hellip;]\" \/>\n<meta property=\"og:url\" content=\"https:\/\/imaginedemain.fr\/index.php\/2020\/04\/19\/18-avril-la-contagion-au-covid19-en-nette-baisse-mais-toujours-marquee-dans-un-grand-tiers-est-nord-est-de-la-france\/\" \/>\n<meta property=\"og:site_name\" content=\"Imagine demain\" \/>\n<meta property=\"article:published_time\" content=\"2020-04-19T14:09:44+00:00\" \/>\n<meta property=\"article:modified_time\" content=\"2020-04-20T19:51:21+00:00\" \/>\n<meta property=\"og:image\" content=\"https:\/\/i0.wp.com\/imaginedemain.fr\/wp-content\/uploads\/2020\/04\/miniature-carte-France-ratio-18-avril.jpg?fit=700%2C450&ssl=1\" \/>\n\t<meta property=\"og:image:width\" content=\"700\" \/>\n\t<meta property=\"og:image:height\" content=\"450\" \/>\n\t<meta property=\"og:image:type\" content=\"image\/jpeg\" \/>\n<meta name=\"author\" content=\"Philippe\" \/>\n<meta name=\"twitter:card\" content=\"summary_large_image\" \/>\n<meta name=\"twitter:label1\" content=\"\u00c9crit par\" \/>\n\t<meta name=\"twitter:data1\" content=\"Philippe\" \/>\n\t<meta name=\"twitter:label2\" content=\"Dur\u00e9e de lecture estim\u00e9e\" \/>\n\t<meta name=\"twitter:data2\" content=\"1 minute\" \/>\n<script type=\"application\/ld+json\" class=\"yoast-schema-graph\">{\"@context\":\"https:\\\/\\\/schema.org\",\"@graph\":[{\"@type\":\"Article\",\"@id\":\"https:\\\/\\\/imaginedemain.fr\\\/index.php\\\/2020\\\/04\\\/19\\\/18-avril-la-contagion-au-covid19-en-nette-baisse-mais-toujours-marquee-dans-un-grand-tiers-est-nord-est-de-la-france\\\/#article\",\"isPartOf\":{\"@id\":\"https:\\\/\\\/imaginedemain.fr\\\/index.php\\\/2020\\\/04\\\/19\\\/18-avril-la-contagion-au-covid19-en-nette-baisse-mais-toujours-marquee-dans-un-grand-tiers-est-nord-est-de-la-france\\\/\"},\"author\":{\"name\":\"Philippe\",\"@id\":\"https:\\\/\\\/imaginedemain.fr\\\/#\\\/schema\\\/person\\\/9f5931e51d7535c65f1a4a291d3bbaa4\"},\"headline\":\"20 avril: la contagion au COVID19 en nette baisse\",\"datePublished\":\"2020-04-19T14:09:44+00:00\",\"dateModified\":\"2020-04-20T19:51:21+00:00\",\"mainEntityOfPage\":{\"@id\":\"https:\\\/\\\/imaginedemain.fr\\\/index.php\\\/2020\\\/04\\\/19\\\/18-avril-la-contagion-au-covid19-en-nette-baisse-mais-toujours-marquee-dans-un-grand-tiers-est-nord-est-de-la-france\\\/\"},\"wordCount\":172,\"commentCount\":0,\"image\":{\"@id\":\"https:\\\/\\\/imaginedemain.fr\\\/index.php\\\/2020\\\/04\\\/19\\\/18-avril-la-contagion-au-covid19-en-nette-baisse-mais-toujours-marquee-dans-un-grand-tiers-est-nord-est-de-la-france\\\/#primaryimage\"},\"thumbnailUrl\":\"https:\\\/\\\/i0.wp.com\\\/imaginedemain.fr\\\/wp-content\\\/uploads\\\/2020\\\/04\\\/miniature-carte-France-ratio-18-avril.jpg?fit=700%2C450&ssl=1\",\"articleSection\":[\"Covid19\"],\"inLanguage\":\"fr-FR\",\"potentialAction\":[{\"@type\":\"CommentAction\",\"name\":\"Comment\",\"target\":[\"https:\\\/\\\/imaginedemain.fr\\\/index.php\\\/2020\\\/04\\\/19\\\/18-avril-la-contagion-au-covid19-en-nette-baisse-mais-toujours-marquee-dans-un-grand-tiers-est-nord-est-de-la-france\\\/#respond\"]}]},{\"@type\":\"WebPage\",\"@id\":\"https:\\\/\\\/imaginedemain.fr\\\/index.php\\\/2020\\\/04\\\/19\\\/18-avril-la-contagion-au-covid19-en-nette-baisse-mais-toujours-marquee-dans-un-grand-tiers-est-nord-est-de-la-france\\\/\",\"url\":\"https:\\\/\\\/imaginedemain.fr\\\/index.php\\\/2020\\\/04\\\/19\\\/18-avril-la-contagion-au-covid19-en-nette-baisse-mais-toujours-marquee-dans-un-grand-tiers-est-nord-est-de-la-france\\\/\",\"name\":\"20 avril: la contagion au COVID19 en nette baisse - Imagine demain\",\"isPartOf\":{\"@id\":\"https:\\\/\\\/imaginedemain.fr\\\/#website\"},\"primaryImageOfPage\":{\"@id\":\"https:\\\/\\\/imaginedemain.fr\\\/index.php\\\/2020\\\/04\\\/19\\\/18-avril-la-contagion-au-covid19-en-nette-baisse-mais-toujours-marquee-dans-un-grand-tiers-est-nord-est-de-la-france\\\/#primaryimage\"},\"image\":{\"@id\":\"https:\\\/\\\/imaginedemain.fr\\\/index.php\\\/2020\\\/04\\\/19\\\/18-avril-la-contagion-au-covid19-en-nette-baisse-mais-toujours-marquee-dans-un-grand-tiers-est-nord-est-de-la-france\\\/#primaryimage\"},\"thumbnailUrl\":\"https:\\\/\\\/i0.wp.com\\\/imaginedemain.fr\\\/wp-content\\\/uploads\\\/2020\\\/04\\\/miniature-carte-France-ratio-18-avril.jpg?fit=700%2C450&ssl=1\",\"datePublished\":\"2020-04-19T14:09:44+00:00\",\"dateModified\":\"2020-04-20T19:51:21+00:00\",\"author\":{\"@id\":\"https:\\\/\\\/imaginedemain.fr\\\/#\\\/schema\\\/person\\\/9f5931e51d7535c65f1a4a291d3bbaa4\"},\"breadcrumb\":{\"@id\":\"https:\\\/\\\/imaginedemain.fr\\\/index.php\\\/2020\\\/04\\\/19\\\/18-avril-la-contagion-au-covid19-en-nette-baisse-mais-toujours-marquee-dans-un-grand-tiers-est-nord-est-de-la-france\\\/#breadcrumb\"},\"inLanguage\":\"fr-FR\",\"potentialAction\":[{\"@type\":\"ReadAction\",\"target\":[\"https:\\\/\\\/imaginedemain.fr\\\/index.php\\\/2020\\\/04\\\/19\\\/18-avril-la-contagion-au-covid19-en-nette-baisse-mais-toujours-marquee-dans-un-grand-tiers-est-nord-est-de-la-france\\\/\"]}]},{\"@type\":\"ImageObject\",\"inLanguage\":\"fr-FR\",\"@id\":\"https:\\\/\\\/imaginedemain.fr\\\/index.php\\\/2020\\\/04\\\/19\\\/18-avril-la-contagion-au-covid19-en-nette-baisse-mais-toujours-marquee-dans-un-grand-tiers-est-nord-est-de-la-france\\\/#primaryimage\",\"url\":\"https:\\\/\\\/i0.wp.com\\\/imaginedemain.fr\\\/wp-content\\\/uploads\\\/2020\\\/04\\\/miniature-carte-France-ratio-18-avril.jpg?fit=700%2C450&ssl=1\",\"contentUrl\":\"https:\\\/\\\/i0.wp.com\\\/imaginedemain.fr\\\/wp-content\\\/uploads\\\/2020\\\/04\\\/miniature-carte-France-ratio-18-avril.jpg?fit=700%2C450&ssl=1\",\"width\":700,\"height\":450},{\"@type\":\"BreadcrumbList\",\"@id\":\"https:\\\/\\\/imaginedemain.fr\\\/index.php\\\/2020\\\/04\\\/19\\\/18-avril-la-contagion-au-covid19-en-nette-baisse-mais-toujours-marquee-dans-un-grand-tiers-est-nord-est-de-la-france\\\/#breadcrumb\",\"itemListElement\":[{\"@type\":\"ListItem\",\"position\":1,\"name\":\"Accueil\",\"item\":\"https:\\\/\\\/imaginedemain.fr\\\/\"},{\"@type\":\"ListItem\",\"position\":2,\"name\":\"20 avril: la contagion au COVID19 en nette baisse\"}]},{\"@type\":\"WebSite\",\"@id\":\"https:\\\/\\\/imaginedemain.fr\\\/#website\",\"url\":\"https:\\\/\\\/imaginedemain.fr\\\/\",\"name\":\"Imagine demain\",\"description\":\"\",\"potentialAction\":[{\"@type\":\"SearchAction\",\"target\":{\"@type\":\"EntryPoint\",\"urlTemplate\":\"https:\\\/\\\/imaginedemain.fr\\\/?s={search_term_string}\"},\"query-input\":{\"@type\":\"PropertyValueSpecification\",\"valueRequired\":true,\"valueName\":\"search_term_string\"}}],\"inLanguage\":\"fr-FR\"},{\"@type\":\"Person\",\"@id\":\"https:\\\/\\\/imaginedemain.fr\\\/#\\\/schema\\\/person\\\/9f5931e51d7535c65f1a4a291d3bbaa4\",\"name\":\"Philippe\",\"image\":{\"@type\":\"ImageObject\",\"inLanguage\":\"fr-FR\",\"@id\":\"https:\\\/\\\/secure.gravatar.com\\\/avatar\\\/b2aa6bd51417a74d8dc72e7c9d4f289ee495b30120bb4f2aa3f0b5fbf65f59d8?s=96&d=blank&r=g\",\"url\":\"https:\\\/\\\/secure.gravatar.com\\\/avatar\\\/b2aa6bd51417a74d8dc72e7c9d4f289ee495b30120bb4f2aa3f0b5fbf65f59d8?s=96&d=blank&r=g\",\"contentUrl\":\"https:\\\/\\\/secure.gravatar.com\\\/avatar\\\/b2aa6bd51417a74d8dc72e7c9d4f289ee495b30120bb4f2aa3f0b5fbf65f59d8?s=96&d=blank&r=g\",\"caption\":\"Philippe\"},\"sameAs\":[\"http:\\\/\\\/imaginedemain.fr\"],\"url\":\"https:\\\/\\\/imaginedemain.fr\\\/index.php\\\/author\\\/phjg7856\\\/\"}]}<\/script>\n<!-- \/ Yoast SEO plugin. -->","yoast_head_json":{"title":"20 avril: la contagion au COVID19 en nette baisse - Imagine demain","robots":{"index":"index","follow":"follow","max-snippet":"max-snippet:-1","max-image-preview":"max-image-preview:large","max-video-preview":"max-video-preview:-1"},"canonical":"https:\/\/imaginedemain.fr\/index.php\/2020\/04\/19\/18-avril-la-contagion-au-covid19-en-nette-baisse-mais-toujours-marquee-dans-un-grand-tiers-est-nord-est-de-la-france\/","og_locale":"fr_FR","og_type":"article","og_title":"20 avril: la contagion au COVID19 en nette baisse - Imagine demain","og_description":"Depuis le pic de l&rsquo;\u00e9pid\u00e9mie que l&rsquo;on peut maintenant situer au 1er avril, les hospitalisations journali\u00e8res sont presque divis\u00e9es par trois, avec une d\u00e9croissance r\u00e9guli\u00e8re. Trois d\u00e9partements, relativement moins peupl\u00e9s, pr\u00e9sentent sur les quatre jours \u00e9coul\u00e9s un taux d&rsquo;hospitalisations plus \u00e9lev\u00e9 que dans le Nord-Est et en r\u00e9gion parisienne. Si les donn\u00e9es collect\u00e9es \u00e9taient confirm\u00e9es, [&hellip;]","og_url":"https:\/\/imaginedemain.fr\/index.php\/2020\/04\/19\/18-avril-la-contagion-au-covid19-en-nette-baisse-mais-toujours-marquee-dans-un-grand-tiers-est-nord-est-de-la-france\/","og_site_name":"Imagine demain","article_published_time":"2020-04-19T14:09:44+00:00","article_modified_time":"2020-04-20T19:51:21+00:00","og_image":[{"width":700,"height":450,"url":"https:\/\/i0.wp.com\/imaginedemain.fr\/wp-content\/uploads\/2020\/04\/miniature-carte-France-ratio-18-avril.jpg?fit=700%2C450&ssl=1","type":"image\/jpeg"}],"author":"Philippe","twitter_card":"summary_large_image","twitter_misc":{"\u00c9crit par":"Philippe","Dur\u00e9e de lecture estim\u00e9e":"1 minute"},"schema":{"@context":"https:\/\/schema.org","@graph":[{"@type":"Article","@id":"https:\/\/imaginedemain.fr\/index.php\/2020\/04\/19\/18-avril-la-contagion-au-covid19-en-nette-baisse-mais-toujours-marquee-dans-un-grand-tiers-est-nord-est-de-la-france\/#article","isPartOf":{"@id":"https:\/\/imaginedemain.fr\/index.php\/2020\/04\/19\/18-avril-la-contagion-au-covid19-en-nette-baisse-mais-toujours-marquee-dans-un-grand-tiers-est-nord-est-de-la-france\/"},"author":{"name":"Philippe","@id":"https:\/\/imaginedemain.fr\/#\/schema\/person\/9f5931e51d7535c65f1a4a291d3bbaa4"},"headline":"20 avril: la contagion au COVID19 en nette baisse","datePublished":"2020-04-19T14:09:44+00:00","dateModified":"2020-04-20T19:51:21+00:00","mainEntityOfPage":{"@id":"https:\/\/imaginedemain.fr\/index.php\/2020\/04\/19\/18-avril-la-contagion-au-covid19-en-nette-baisse-mais-toujours-marquee-dans-un-grand-tiers-est-nord-est-de-la-france\/"},"wordCount":172,"commentCount":0,"image":{"@id":"https:\/\/imaginedemain.fr\/index.php\/2020\/04\/19\/18-avril-la-contagion-au-covid19-en-nette-baisse-mais-toujours-marquee-dans-un-grand-tiers-est-nord-est-de-la-france\/#primaryimage"},"thumbnailUrl":"https:\/\/i0.wp.com\/imaginedemain.fr\/wp-content\/uploads\/2020\/04\/miniature-carte-France-ratio-18-avril.jpg?fit=700%2C450&ssl=1","articleSection":["Covid19"],"inLanguage":"fr-FR","potentialAction":[{"@type":"CommentAction","name":"Comment","target":["https:\/\/imaginedemain.fr\/index.php\/2020\/04\/19\/18-avril-la-contagion-au-covid19-en-nette-baisse-mais-toujours-marquee-dans-un-grand-tiers-est-nord-est-de-la-france\/#respond"]}]},{"@type":"WebPage","@id":"https:\/\/imaginedemain.fr\/index.php\/2020\/04\/19\/18-avril-la-contagion-au-covid19-en-nette-baisse-mais-toujours-marquee-dans-un-grand-tiers-est-nord-est-de-la-france\/","url":"https:\/\/imaginedemain.fr\/index.php\/2020\/04\/19\/18-avril-la-contagion-au-covid19-en-nette-baisse-mais-toujours-marquee-dans-un-grand-tiers-est-nord-est-de-la-france\/","name":"20 avril: la contagion au COVID19 en nette baisse - Imagine demain","isPartOf":{"@id":"https:\/\/imaginedemain.fr\/#website"},"primaryImageOfPage":{"@id":"https:\/\/imaginedemain.fr\/index.php\/2020\/04\/19\/18-avril-la-contagion-au-covid19-en-nette-baisse-mais-toujours-marquee-dans-un-grand-tiers-est-nord-est-de-la-france\/#primaryimage"},"image":{"@id":"https:\/\/imaginedemain.fr\/index.php\/2020\/04\/19\/18-avril-la-contagion-au-covid19-en-nette-baisse-mais-toujours-marquee-dans-un-grand-tiers-est-nord-est-de-la-france\/#primaryimage"},"thumbnailUrl":"https:\/\/i0.wp.com\/imaginedemain.fr\/wp-content\/uploads\/2020\/04\/miniature-carte-France-ratio-18-avril.jpg?fit=700%2C450&ssl=1","datePublished":"2020-04-19T14:09:44+00:00","dateModified":"2020-04-20T19:51:21+00:00","author":{"@id":"https:\/\/imaginedemain.fr\/#\/schema\/person\/9f5931e51d7535c65f1a4a291d3bbaa4"},"breadcrumb":{"@id":"https:\/\/imaginedemain.fr\/index.php\/2020\/04\/19\/18-avril-la-contagion-au-covid19-en-nette-baisse-mais-toujours-marquee-dans-un-grand-tiers-est-nord-est-de-la-france\/#breadcrumb"},"inLanguage":"fr-FR","potentialAction":[{"@type":"ReadAction","target":["https:\/\/imaginedemain.fr\/index.php\/2020\/04\/19\/18-avril-la-contagion-au-covid19-en-nette-baisse-mais-toujours-marquee-dans-un-grand-tiers-est-nord-est-de-la-france\/"]}]},{"@type":"ImageObject","inLanguage":"fr-FR","@id":"https:\/\/imaginedemain.fr\/index.php\/2020\/04\/19\/18-avril-la-contagion-au-covid19-en-nette-baisse-mais-toujours-marquee-dans-un-grand-tiers-est-nord-est-de-la-france\/#primaryimage","url":"https:\/\/i0.wp.com\/imaginedemain.fr\/wp-content\/uploads\/2020\/04\/miniature-carte-France-ratio-18-avril.jpg?fit=700%2C450&ssl=1","contentUrl":"https:\/\/i0.wp.com\/imaginedemain.fr\/wp-content\/uploads\/2020\/04\/miniature-carte-France-ratio-18-avril.jpg?fit=700%2C450&ssl=1","width":700,"height":450},{"@type":"BreadcrumbList","@id":"https:\/\/imaginedemain.fr\/index.php\/2020\/04\/19\/18-avril-la-contagion-au-covid19-en-nette-baisse-mais-toujours-marquee-dans-un-grand-tiers-est-nord-est-de-la-france\/#breadcrumb","itemListElement":[{"@type":"ListItem","position":1,"name":"Accueil","item":"https:\/\/imaginedemain.fr\/"},{"@type":"ListItem","position":2,"name":"20 avril: la contagion au COVID19 en nette baisse"}]},{"@type":"WebSite","@id":"https:\/\/imaginedemain.fr\/#website","url":"https:\/\/imaginedemain.fr\/","name":"Imagine demain","description":"","potentialAction":[{"@type":"SearchAction","target":{"@type":"EntryPoint","urlTemplate":"https:\/\/imaginedemain.fr\/?s={search_term_string}"},"query-input":{"@type":"PropertyValueSpecification","valueRequired":true,"valueName":"search_term_string"}}],"inLanguage":"fr-FR"},{"@type":"Person","@id":"https:\/\/imaginedemain.fr\/#\/schema\/person\/9f5931e51d7535c65f1a4a291d3bbaa4","name":"Philippe","image":{"@type":"ImageObject","inLanguage":"fr-FR","@id":"https:\/\/secure.gravatar.com\/avatar\/b2aa6bd51417a74d8dc72e7c9d4f289ee495b30120bb4f2aa3f0b5fbf65f59d8?s=96&d=blank&r=g","url":"https:\/\/secure.gravatar.com\/avatar\/b2aa6bd51417a74d8dc72e7c9d4f289ee495b30120bb4f2aa3f0b5fbf65f59d8?s=96&d=blank&r=g","contentUrl":"https:\/\/secure.gravatar.com\/avatar\/b2aa6bd51417a74d8dc72e7c9d4f289ee495b30120bb4f2aa3f0b5fbf65f59d8?s=96&d=blank&r=g","caption":"Philippe"},"sameAs":["http:\/\/imaginedemain.fr"],"url":"https:\/\/imaginedemain.fr\/index.php\/author\/phjg7856\/"}]}},"jetpack_publicize_connections":[],"jetpack_featured_media_url":"https:\/\/i0.wp.com\/imaginedemain.fr\/wp-content\/uploads\/2020\/04\/miniature-carte-France-ratio-18-avril.jpg?fit=700%2C450&ssl=1","jetpack_shortlink":"https:\/\/wp.me\/p8tuMH-1wk","jetpack-related-posts":[{"id":5869,"url":"https:\/\/imaginedemain.fr\/index.php\/2020\/04\/28\/covid19-ou-en-sont-les-departements\/","url_meta":{"origin":5848,"position":0},"title":"Covid19: o\u00f9 en sont les d\u00e9partements?","author":"Philippe","date":"28 avril 2020","format":false,"excerpt":"Une seule vue dynamique pour mesurer l'intensit\u00e9 de l'\u00e9pid\u00e9mie dans les d\u00e9partements, de mi-mars au 28 avril Cliquer sur l'image pour acc\u00e9der \u00e0 la vue dynamique","rel":"","context":"Dans &quot;Covid19&quot;","block_context":{"text":"Covid19","link":"https:\/\/imaginedemain.fr\/index.php\/category\/covid19\/"},"img":{"alt_text":"","src":"https:\/\/i0.wp.com\/imaginedemain.fr\/wp-content\/uploads\/2020\/04\/histo_anim%C3%A9_280420.jpg?fit=1200%2C640&ssl=1&resize=350%2C200","width":350,"height":200,"srcset":"https:\/\/i0.wp.com\/imaginedemain.fr\/wp-content\/uploads\/2020\/04\/histo_anim%C3%A9_280420.jpg?fit=1200%2C640&ssl=1&resize=350%2C200 1x, https:\/\/i0.wp.com\/imaginedemain.fr\/wp-content\/uploads\/2020\/04\/histo_anim%C3%A9_280420.jpg?fit=1200%2C640&ssl=1&resize=525%2C300 1.5x, https:\/\/i0.wp.com\/imaginedemain.fr\/wp-content\/uploads\/2020\/04\/histo_anim%C3%A9_280420.jpg?fit=1200%2C640&ssl=1&resize=700%2C400 2x, https:\/\/i0.wp.com\/imaginedemain.fr\/wp-content\/uploads\/2020\/04\/histo_anim%C3%A9_280420.jpg?fit=1200%2C640&ssl=1&resize=1050%2C600 3x"},"classes":[]},{"id":5802,"url":"https:\/\/imaginedemain.fr\/index.php\/2020\/04\/08\/mortalite-du-covid19-a-lhopital-par-departement\/","url_meta":{"origin":5848,"position":1},"title":"Mortalit\u00e9 du Covid19 \u00e0 l&rsquo;h\u00f4pital, par d\u00e9partement","author":"Philippe","date":"8 avril 2020","format":false,"excerpt":"La carte suivante rapporte le taux de mortalit\u00e9, au 13 avril 2020, du Covid19 pour les patients hospitalis\u00e9s. L'indicateur retenu est le rapport d\u00e9c\u00e8s\/hospitalisations, \u00e9tabli pour chaque d\u00e9partement. Cliquer sur la carte pour obtenir une carte interactive, avec les informations par d\u00e9partement La carte suivante zoome le taux de mortalit\u00e9\u2026","rel":"","context":"Dans &quot;Covid19&quot;","block_context":{"text":"Covid19","link":"https:\/\/imaginedemain.fr\/index.php\/category\/covid19\/"},"img":{"alt_text":"","src":"https:\/\/i0.wp.com\/imaginedemain.fr\/wp-content\/uploads\/2020\/04\/photo-illustration-7-avril-2.jpg?fit=700%2C450&ssl=1&resize=350%2C200","width":350,"height":200,"srcset":"https:\/\/i0.wp.com\/imaginedemain.fr\/wp-content\/uploads\/2020\/04\/photo-illustration-7-avril-2.jpg?fit=700%2C450&ssl=1&resize=350%2C200 1x, https:\/\/i0.wp.com\/imaginedemain.fr\/wp-content\/uploads\/2020\/04\/photo-illustration-7-avril-2.jpg?fit=700%2C450&ssl=1&resize=525%2C300 1.5x, https:\/\/i0.wp.com\/imaginedemain.fr\/wp-content\/uploads\/2020\/04\/photo-illustration-7-avril-2.jpg?fit=700%2C450&ssl=1&resize=700%2C400 2x"},"classes":[]},{"id":5822,"url":"https:\/\/imaginedemain.fr\/index.php\/2020\/04\/13\/en-france-la-strategie-de-lutte-contre-lextension-du-covid19-patine\/","url_meta":{"origin":5848,"position":2},"title":"En France la strat\u00e9gie de lutte contre l\u2019extension du Covid19 patine","author":"Philippe","date":"13 avril 2020","format":false,"excerpt":"13 avril \u00e0 14h Le confinement a d\u00e9but\u00e9 le 17 mars \u00e0 12h, soit depuis 26 jours. Or la p\u00e9riode d\u2019incubation de la maladie est comprise dans une fourchette de l\u2019ordre de quelques jours \u00e0 deux semaines. Les signes alarmants apparaissent en g\u00e9n\u00e9ral apr\u00e8s 5 \u00e0 8 jours apr\u00e8s le\u2026","rel":"","context":"Dans &quot;Covid19&quot;","block_context":{"text":"Covid19","link":"https:\/\/imaginedemain.fr\/index.php\/category\/covid19\/"},"img":{"alt_text":"","src":"https:\/\/i0.wp.com\/imaginedemain.fr\/wp-content\/uploads\/2020\/04\/Pr%C3%A9sentation2-scaled.jpg?fit=1200%2C660&ssl=1&resize=350%2C200","width":350,"height":200,"srcset":"https:\/\/i0.wp.com\/imaginedemain.fr\/wp-content\/uploads\/2020\/04\/Pr%C3%A9sentation2-scaled.jpg?fit=1200%2C660&ssl=1&resize=350%2C200 1x, https:\/\/i0.wp.com\/imaginedemain.fr\/wp-content\/uploads\/2020\/04\/Pr%C3%A9sentation2-scaled.jpg?fit=1200%2C660&ssl=1&resize=525%2C300 1.5x, https:\/\/i0.wp.com\/imaginedemain.fr\/wp-content\/uploads\/2020\/04\/Pr%C3%A9sentation2-scaled.jpg?fit=1200%2C660&ssl=1&resize=700%2C400 2x, https:\/\/i0.wp.com\/imaginedemain.fr\/wp-content\/uploads\/2020\/04\/Pr%C3%A9sentation2-scaled.jpg?fit=1200%2C660&ssl=1&resize=1050%2C600 3x"},"classes":[]},{"id":5771,"url":"https:\/\/imaginedemain.fr\/index.php\/2020\/04\/01\/un-masque-pour-se-proteger-et-proteger-les-autres\/","url_meta":{"origin":5848,"position":3},"title":"Un masque pour se prot\u00e9ger et prot\u00e9ger les autres","author":"Philippe","date":"1 avril 2020","format":false,"excerpt":"Apr\u00e8s un confinement de deux semaines en France et trois semaines en Italie les chiffres de l'\u00e9pid\u00e9mie n'y faiblissent pas. Le responsable chinois de la lutte contre l'\u00e9pid\u00e9mie, vaincue au moins dans son premier stade en Chine, affirme que selon lui l'Europe commet deux erreurs majeures pour n'avoir pas syst\u00e9matis\u00e9\u2026","rel":"","context":"Dans &quot;Covid19&quot;","block_context":{"text":"Covid19","link":"https:\/\/imaginedemain.fr\/index.php\/category\/covid19\/"},"img":{"alt_text":"","src":"https:\/\/i0.wp.com\/imaginedemain.fr\/wp-content\/uploads\/2020\/04\/Capture.jpg?fit=734%2C412&ssl=1&resize=350%2C200","width":350,"height":200,"srcset":"https:\/\/i0.wp.com\/imaginedemain.fr\/wp-content\/uploads\/2020\/04\/Capture.jpg?fit=734%2C412&ssl=1&resize=350%2C200 1x, https:\/\/i0.wp.com\/imaginedemain.fr\/wp-content\/uploads\/2020\/04\/Capture.jpg?fit=734%2C412&ssl=1&resize=525%2C300 1.5x, https:\/\/i0.wp.com\/imaginedemain.fr\/wp-content\/uploads\/2020\/04\/Capture.jpg?fit=734%2C412&ssl=1&resize=700%2C400 2x"},"classes":[]},{"id":6272,"url":"https:\/\/imaginedemain.fr\/index.php\/2021\/01\/19\/vers-un-troisieme-confinement\/","url_meta":{"origin":5848,"position":4},"title":"Vers un troisi\u00e8me confinement","author":"Philippe","date":"19 janvier 2021","format":false,"excerpt":"La courbe des hospitalisations journali\u00e8res pour COVID19 est repartie \u00e0 la hausse. Les admissions journali\u00e8res \u00e0 l'h\u00f4pital avaient baiss\u00e9 tr\u00e8s sensiblement pendant le second confinement, pour se stabiliser d\u00e9but d\u00e9cembre sur un plateau \u00e9lev\u00e9, puis amorcer une nouvelle baisse, plus lente, pendant les vacances de fin d'ann\u00e9e avec l'arr\u00eat de\u2026","rel":"","context":"Dans &quot;Covid19&quot;","block_context":{"text":"Covid19","link":"https:\/\/imaginedemain.fr\/index.php\/category\/covid19\/"},"img":{"alt_text":"","src":"https:\/\/i0.wp.com\/imaginedemain.fr\/wp-content\/uploads\/2021\/01\/Image1.png?fit=1200%2C586&ssl=1&resize=350%2C200","width":350,"height":200,"srcset":"https:\/\/i0.wp.com\/imaginedemain.fr\/wp-content\/uploads\/2021\/01\/Image1.png?fit=1200%2C586&ssl=1&resize=350%2C200 1x, https:\/\/i0.wp.com\/imaginedemain.fr\/wp-content\/uploads\/2021\/01\/Image1.png?fit=1200%2C586&ssl=1&resize=525%2C300 1.5x, https:\/\/i0.wp.com\/imaginedemain.fr\/wp-content\/uploads\/2021\/01\/Image1.png?fit=1200%2C586&ssl=1&resize=700%2C400 2x, https:\/\/i0.wp.com\/imaginedemain.fr\/wp-content\/uploads\/2021\/01\/Image1.png?fit=1200%2C586&ssl=1&resize=1050%2C600 3x"},"classes":[]},{"id":4577,"url":"https:\/\/imaginedemain.fr\/index.php\/2019\/01\/20\/destination-grenadines-cuba-2\/","url_meta":{"origin":5848,"position":5},"title":"Destination Grenadines, Cuba","author":"Philippe","date":"20 janvier 2019","format":false,"excerpt":"Grenadines, \u00e0 la barre d'un course-croisi\u00e8re, un plan FARR de 40 pieds, une machine \u00e0 avaler les milles, grande barre \u00e0 roue, voile immense...","rel":"","context":"Dans &quot;Grenadines, Cuba&quot;","block_context":{"text":"Grenadines, Cuba","link":"https:\/\/imaginedemain.fr\/index.php\/category\/grenadines\/"},"img":{"alt_text":"","src":"https:\/\/i0.wp.com\/imaginedemain.fr\/wp-content\/uploads\/2019\/01\/Carte-Grenadines-Cuba-illustration.jpg?fit=710%2C425&ssl=1&resize=350%2C200","width":350,"height":200,"srcset":"https:\/\/i0.wp.com\/imaginedemain.fr\/wp-content\/uploads\/2019\/01\/Carte-Grenadines-Cuba-illustration.jpg?fit=710%2C425&ssl=1&resize=350%2C200 1x, https:\/\/i0.wp.com\/imaginedemain.fr\/wp-content\/uploads\/2019\/01\/Carte-Grenadines-Cuba-illustration.jpg?fit=710%2C425&ssl=1&resize=525%2C300 1.5x, https:\/\/i0.wp.com\/imaginedemain.fr\/wp-content\/uploads\/2019\/01\/Carte-Grenadines-Cuba-illustration.jpg?fit=710%2C425&ssl=1&resize=700%2C400 2x"},"classes":[]}],"jetpack_sharing_enabled":true,"_links":{"self":[{"href":"https:\/\/imaginedemain.fr\/index.php\/wp-json\/wp\/v2\/posts\/5848","targetHints":{"allow":["GET"]}}],"collection":[{"href":"https:\/\/imaginedemain.fr\/index.php\/wp-json\/wp\/v2\/posts"}],"about":[{"href":"https:\/\/imaginedemain.fr\/index.php\/wp-json\/wp\/v2\/types\/post"}],"author":[{"embeddable":true,"href":"https:\/\/imaginedemain.fr\/index.php\/wp-json\/wp\/v2\/users\/269"}],"replies":[{"embeddable":true,"href":"https:\/\/imaginedemain.fr\/index.php\/wp-json\/wp\/v2\/comments?post=5848"}],"version-history":[{"count":8,"href":"https:\/\/imaginedemain.fr\/index.php\/wp-json\/wp\/v2\/posts\/5848\/revisions"}],"predecessor-version":[{"id":5867,"href":"https:\/\/imaginedemain.fr\/index.php\/wp-json\/wp\/v2\/posts\/5848\/revisions\/5867"}],"wp:featuredmedia":[{"embeddable":true,"href":"https:\/\/imaginedemain.fr\/index.php\/wp-json\/wp\/v2\/media\/5850"}],"wp:attachment":[{"href":"https:\/\/imaginedemain.fr\/index.php\/wp-json\/wp\/v2\/media?parent=5848"}],"wp:term":[{"taxonomy":"category","embeddable":true,"href":"https:\/\/imaginedemain.fr\/index.php\/wp-json\/wp\/v2\/categories?post=5848"},{"taxonomy":"post_tag","embeddable":true,"href":"https:\/\/imaginedemain.fr\/index.php\/wp-json\/wp\/v2\/tags?post=5848"}],"curies":[{"name":"wp","href":"https:\/\/api.w.org\/{rel}","templated":true}]}}