{"id":5869,"date":"2020-04-28T22:46:45","date_gmt":"2020-04-28T20:46:45","guid":{"rendered":"http:\/\/imaginedemain.fr\/?p=5869"},"modified":"2020-04-28T22:46:46","modified_gmt":"2020-04-28T20:46:46","slug":"covid19-ou-en-sont-les-departements","status":"publish","type":"post","link":"https:\/\/imaginedemain.fr\/index.php\/2020\/04\/28\/covid19-ou-en-sont-les-departements\/","title":{"rendered":"Covid19: o\u00f9 en sont les d\u00e9partements?"},"content":{"rendered":"\n<p>Une seule vue dynamique pour mesurer l&rsquo;intensit\u00e9 de l&rsquo;\u00e9pid\u00e9mie dans les d\u00e9partements, de mi-mars au 28 avril<\/p>\n\n\n\n<figure class=\"wp-block-image size-large\"><a href=\"http:\/\/imaginedemain.fr\/Imaginedemain_COVID2019\/histogramme_anim\u00e9_au_280420.html\" target=\"_blank\" rel=\"noreferrer noopener\"><img loading=\"lazy\" decoding=\"async\" width=\"1500\" height=\"800\" data-attachment-id=\"5870\" data-permalink=\"https:\/\/imaginedemain.fr\/index.php\/2020\/04\/28\/covid19-ou-en-sont-les-departements\/histo_anime_280420\/\" data-orig-file=\"https:\/\/i0.wp.com\/imaginedemain.fr\/wp-content\/uploads\/2020\/04\/histo_anim%C3%A9_280420.jpg?fit=1500%2C800&amp;ssl=1\" data-orig-size=\"1500,800\" data-comments-opened=\"1\" data-image-meta=\"{&quot;aperture&quot;:&quot;0&quot;,&quot;credit&quot;:&quot;&quot;,&quot;camera&quot;:&quot;&quot;,&quot;caption&quot;:&quot;&quot;,&quot;created_timestamp&quot;:&quot;0&quot;,&quot;copyright&quot;:&quot;&quot;,&quot;focal_length&quot;:&quot;0&quot;,&quot;iso&quot;:&quot;0&quot;,&quot;shutter_speed&quot;:&quot;0&quot;,&quot;title&quot;:&quot;&quot;,&quot;orientation&quot;:&quot;0&quot;}\" data-image-title=\"histo_anim\u00e9_280420\" data-image-description=\"\" data-image-caption=\"\" data-large-file=\"https:\/\/i0.wp.com\/imaginedemain.fr\/wp-content\/uploads\/2020\/04\/histo_anim%C3%A9_280420.jpg?fit=600%2C320&amp;ssl=1\" src=\"https:\/\/i1.wp.com\/imaginedemain.fr\/wp-content\/uploads\/2020\/04\/histo_anim\u00e9_280420.jpg?fit=600%2C320\" alt=\"\" class=\"wp-image-5870\" srcset=\"https:\/\/i0.wp.com\/imaginedemain.fr\/wp-content\/uploads\/2020\/04\/histo_anim%C3%A9_280420.jpg?w=1500&amp;ssl=1 1500w, https:\/\/i0.wp.com\/imaginedemain.fr\/wp-content\/uploads\/2020\/04\/histo_anim%C3%A9_280420.jpg?resize=300%2C160&amp;ssl=1 300w, https:\/\/i0.wp.com\/imaginedemain.fr\/wp-content\/uploads\/2020\/04\/histo_anim%C3%A9_280420.jpg?resize=1024%2C546&amp;ssl=1 1024w, https:\/\/i0.wp.com\/imaginedemain.fr\/wp-content\/uploads\/2020\/04\/histo_anim%C3%A9_280420.jpg?resize=768%2C410&amp;ssl=1 768w, https:\/\/i0.wp.com\/imaginedemain.fr\/wp-content\/uploads\/2020\/04\/histo_anim%C3%A9_280420.jpg?resize=600%2C320&amp;ssl=1 600w, https:\/\/i0.wp.com\/imaginedemain.fr\/wp-content\/uploads\/2020\/04\/histo_anim%C3%A9_280420.jpg?resize=1320%2C704&amp;ssl=1 1320w, https:\/\/i0.wp.com\/imaginedemain.fr\/wp-content\/uploads\/2020\/04\/histo_anim%C3%A9_280420.jpg?w=1200&amp;ssl=1 1200w\" sizes=\"auto, (max-width: 600px) 100vw, 600px\" \/><\/a><figcaption>Cliquer sur l&rsquo;image pour acc\u00e9der \u00e0 la vue dynamique<\/figcaption><\/figure>\n","protected":false},"excerpt":{"rendered":"<p>Une seule vue dynamique pour mesurer l&rsquo;intensit\u00e9 de l&rsquo;\u00e9pid\u00e9mie dans les d\u00e9partements, de mi-mars au 28 avril<\/p>\n","protected":false},"author":269,"featured_media":5870,"comment_status":"open","ping_status":"open","sticky":false,"template":"","format":"standard","meta":{"ngg_post_thumbnail":0,"jetpack_post_was_ever_published":false,"_jetpack_newsletter_access":"","_jetpack_dont_email_post_to_subs":false,"_jetpack_newsletter_tier_id":0,"_jetpack_memberships_contains_paywalled_content":false,"_jetpack_memberships_contains_paid_content":false,"footnotes":"","jetpack_publicize_message":"","jetpack_publicize_feature_enabled":true,"jetpack_social_post_already_shared":true,"jetpack_social_options":{"image_generator_settings":{"template":"highway","default_image_id":0,"font":"","enabled":false},"version":2}},"categories":[99],"tags":[],"class_list":["post-5869","post","type-post","status-publish","format-standard","has-post-thumbnail","hentry","category-covid19"],"yoast_head":"<!-- This site is optimized with the Yoast SEO plugin v27.5 - https:\/\/yoast.com\/product\/yoast-seo-wordpress\/ -->\n<title>Covid19: o\u00f9 en sont les d\u00e9partements? - Imagine demain<\/title>\n<meta name=\"robots\" content=\"index, follow, max-snippet:-1, max-image-preview:large, max-video-preview:-1\" \/>\n<link rel=\"canonical\" href=\"https:\/\/imaginedemain.fr\/index.php\/2020\/04\/28\/covid19-ou-en-sont-les-departements\/\" \/>\n<meta property=\"og:locale\" content=\"fr_FR\" \/>\n<meta property=\"og:type\" content=\"article\" \/>\n<meta property=\"og:title\" content=\"Covid19: o\u00f9 en sont les d\u00e9partements? - Imagine demain\" \/>\n<meta property=\"og:description\" content=\"Une seule vue dynamique pour mesurer l&rsquo;intensit\u00e9 de l&rsquo;\u00e9pid\u00e9mie dans les d\u00e9partements, de mi-mars au 28 avril\" \/>\n<meta property=\"og:url\" content=\"https:\/\/imaginedemain.fr\/index.php\/2020\/04\/28\/covid19-ou-en-sont-les-departements\/\" \/>\n<meta property=\"og:site_name\" content=\"Imagine demain\" \/>\n<meta property=\"article:published_time\" content=\"2020-04-28T20:46:45+00:00\" \/>\n<meta property=\"article:modified_time\" content=\"2020-04-28T20:46:46+00:00\" \/>\n<meta property=\"og:image\" content=\"https:\/\/i0.wp.com\/imaginedemain.fr\/wp-content\/uploads\/2020\/04\/histo_anim\u00e9_280420.jpg?fit=1500%2C800&ssl=1\" \/>\n\t<meta property=\"og:image:width\" content=\"1500\" \/>\n\t<meta property=\"og:image:height\" content=\"800\" \/>\n\t<meta property=\"og:image:type\" content=\"image\/jpeg\" \/>\n<meta name=\"author\" content=\"Philippe\" \/>\n<meta name=\"twitter:card\" content=\"summary_large_image\" \/>\n<meta name=\"twitter:label1\" content=\"\u00c9crit par\" \/>\n\t<meta name=\"twitter:data1\" content=\"Philippe\" \/>\n<script type=\"application\/ld+json\" class=\"yoast-schema-graph\">{\"@context\":\"https:\\\/\\\/schema.org\",\"@graph\":[{\"@type\":\"Article\",\"@id\":\"https:\\\/\\\/imaginedemain.fr\\\/index.php\\\/2020\\\/04\\\/28\\\/covid19-ou-en-sont-les-departements\\\/#article\",\"isPartOf\":{\"@id\":\"https:\\\/\\\/imaginedemain.fr\\\/index.php\\\/2020\\\/04\\\/28\\\/covid19-ou-en-sont-les-departements\\\/\"},\"author\":{\"name\":\"Philippe\",\"@id\":\"https:\\\/\\\/imaginedemain.fr\\\/#\\\/schema\\\/person\\\/9f5931e51d7535c65f1a4a291d3bbaa4\"},\"headline\":\"Covid19: o\u00f9 en sont les d\u00e9partements?\",\"datePublished\":\"2020-04-28T20:46:45+00:00\",\"dateModified\":\"2020-04-28T20:46:46+00:00\",\"mainEntityOfPage\":{\"@id\":\"https:\\\/\\\/imaginedemain.fr\\\/index.php\\\/2020\\\/04\\\/28\\\/covid19-ou-en-sont-les-departements\\\/\"},\"wordCount\":37,\"commentCount\":0,\"image\":{\"@id\":\"https:\\\/\\\/imaginedemain.fr\\\/index.php\\\/2020\\\/04\\\/28\\\/covid19-ou-en-sont-les-departements\\\/#primaryimage\"},\"thumbnailUrl\":\"https:\\\/\\\/i0.wp.com\\\/imaginedemain.fr\\\/wp-content\\\/uploads\\\/2020\\\/04\\\/histo_anim%C3%A9_280420.jpg?fit=1500%2C800&ssl=1\",\"articleSection\":[\"Covid19\"],\"inLanguage\":\"fr-FR\",\"potentialAction\":[{\"@type\":\"CommentAction\",\"name\":\"Comment\",\"target\":[\"https:\\\/\\\/imaginedemain.fr\\\/index.php\\\/2020\\\/04\\\/28\\\/covid19-ou-en-sont-les-departements\\\/#respond\"]}]},{\"@type\":\"WebPage\",\"@id\":\"https:\\\/\\\/imaginedemain.fr\\\/index.php\\\/2020\\\/04\\\/28\\\/covid19-ou-en-sont-les-departements\\\/\",\"url\":\"https:\\\/\\\/imaginedemain.fr\\\/index.php\\\/2020\\\/04\\\/28\\\/covid19-ou-en-sont-les-departements\\\/\",\"name\":\"Covid19: o\u00f9 en sont les d\u00e9partements? - Imagine demain\",\"isPartOf\":{\"@id\":\"https:\\\/\\\/imaginedemain.fr\\\/#website\"},\"primaryImageOfPage\":{\"@id\":\"https:\\\/\\\/imaginedemain.fr\\\/index.php\\\/2020\\\/04\\\/28\\\/covid19-ou-en-sont-les-departements\\\/#primaryimage\"},\"image\":{\"@id\":\"https:\\\/\\\/imaginedemain.fr\\\/index.php\\\/2020\\\/04\\\/28\\\/covid19-ou-en-sont-les-departements\\\/#primaryimage\"},\"thumbnailUrl\":\"https:\\\/\\\/i0.wp.com\\\/imaginedemain.fr\\\/wp-content\\\/uploads\\\/2020\\\/04\\\/histo_anim%C3%A9_280420.jpg?fit=1500%2C800&ssl=1\",\"datePublished\":\"2020-04-28T20:46:45+00:00\",\"dateModified\":\"2020-04-28T20:46:46+00:00\",\"author\":{\"@id\":\"https:\\\/\\\/imaginedemain.fr\\\/#\\\/schema\\\/person\\\/9f5931e51d7535c65f1a4a291d3bbaa4\"},\"breadcrumb\":{\"@id\":\"https:\\\/\\\/imaginedemain.fr\\\/index.php\\\/2020\\\/04\\\/28\\\/covid19-ou-en-sont-les-departements\\\/#breadcrumb\"},\"inLanguage\":\"fr-FR\",\"potentialAction\":[{\"@type\":\"ReadAction\",\"target\":[\"https:\\\/\\\/imaginedemain.fr\\\/index.php\\\/2020\\\/04\\\/28\\\/covid19-ou-en-sont-les-departements\\\/\"]}]},{\"@type\":\"ImageObject\",\"inLanguage\":\"fr-FR\",\"@id\":\"https:\\\/\\\/imaginedemain.fr\\\/index.php\\\/2020\\\/04\\\/28\\\/covid19-ou-en-sont-les-departements\\\/#primaryimage\",\"url\":\"https:\\\/\\\/i0.wp.com\\\/imaginedemain.fr\\\/wp-content\\\/uploads\\\/2020\\\/04\\\/histo_anim%C3%A9_280420.jpg?fit=1500%2C800&ssl=1\",\"contentUrl\":\"https:\\\/\\\/i0.wp.com\\\/imaginedemain.fr\\\/wp-content\\\/uploads\\\/2020\\\/04\\\/histo_anim%C3%A9_280420.jpg?fit=1500%2C800&ssl=1\",\"width\":1500,\"height\":800},{\"@type\":\"BreadcrumbList\",\"@id\":\"https:\\\/\\\/imaginedemain.fr\\\/index.php\\\/2020\\\/04\\\/28\\\/covid19-ou-en-sont-les-departements\\\/#breadcrumb\",\"itemListElement\":[{\"@type\":\"ListItem\",\"position\":1,\"name\":\"Accueil\",\"item\":\"https:\\\/\\\/imaginedemain.fr\\\/\"},{\"@type\":\"ListItem\",\"position\":2,\"name\":\"Covid19: o\u00f9 en sont les d\u00e9partements?\"}]},{\"@type\":\"WebSite\",\"@id\":\"https:\\\/\\\/imaginedemain.fr\\\/#website\",\"url\":\"https:\\\/\\\/imaginedemain.fr\\\/\",\"name\":\"Imagine demain\",\"description\":\"\",\"potentialAction\":[{\"@type\":\"SearchAction\",\"target\":{\"@type\":\"EntryPoint\",\"urlTemplate\":\"https:\\\/\\\/imaginedemain.fr\\\/?s={search_term_string}\"},\"query-input\":{\"@type\":\"PropertyValueSpecification\",\"valueRequired\":true,\"valueName\":\"search_term_string\"}}],\"inLanguage\":\"fr-FR\"},{\"@type\":\"Person\",\"@id\":\"https:\\\/\\\/imaginedemain.fr\\\/#\\\/schema\\\/person\\\/9f5931e51d7535c65f1a4a291d3bbaa4\",\"name\":\"Philippe\",\"image\":{\"@type\":\"ImageObject\",\"inLanguage\":\"fr-FR\",\"@id\":\"https:\\\/\\\/secure.gravatar.com\\\/avatar\\\/b2aa6bd51417a74d8dc72e7c9d4f289ee495b30120bb4f2aa3f0b5fbf65f59d8?s=96&d=blank&r=g\",\"url\":\"https:\\\/\\\/secure.gravatar.com\\\/avatar\\\/b2aa6bd51417a74d8dc72e7c9d4f289ee495b30120bb4f2aa3f0b5fbf65f59d8?s=96&d=blank&r=g\",\"contentUrl\":\"https:\\\/\\\/secure.gravatar.com\\\/avatar\\\/b2aa6bd51417a74d8dc72e7c9d4f289ee495b30120bb4f2aa3f0b5fbf65f59d8?s=96&d=blank&r=g\",\"caption\":\"Philippe\"},\"sameAs\":[\"http:\\\/\\\/imaginedemain.fr\"],\"url\":\"https:\\\/\\\/imaginedemain.fr\\\/index.php\\\/author\\\/phjg7856\\\/\"}]}<\/script>\n<!-- \/ Yoast SEO plugin. -->","yoast_head_json":{"title":"Covid19: o\u00f9 en sont les d\u00e9partements? - Imagine demain","robots":{"index":"index","follow":"follow","max-snippet":"max-snippet:-1","max-image-preview":"max-image-preview:large","max-video-preview":"max-video-preview:-1"},"canonical":"https:\/\/imaginedemain.fr\/index.php\/2020\/04\/28\/covid19-ou-en-sont-les-departements\/","og_locale":"fr_FR","og_type":"article","og_title":"Covid19: o\u00f9 en sont les d\u00e9partements? - Imagine demain","og_description":"Une seule vue dynamique pour mesurer l&rsquo;intensit\u00e9 de l&rsquo;\u00e9pid\u00e9mie dans les d\u00e9partements, de mi-mars au 28 avril","og_url":"https:\/\/imaginedemain.fr\/index.php\/2020\/04\/28\/covid19-ou-en-sont-les-departements\/","og_site_name":"Imagine demain","article_published_time":"2020-04-28T20:46:45+00:00","article_modified_time":"2020-04-28T20:46:46+00:00","og_image":[{"width":1500,"height":800,"url":"https:\/\/i0.wp.com\/imaginedemain.fr\/wp-content\/uploads\/2020\/04\/histo_anim\u00e9_280420.jpg?fit=1500%2C800&ssl=1","type":"image\/jpeg"}],"author":"Philippe","twitter_card":"summary_large_image","twitter_misc":{"\u00c9crit par":"Philippe"},"schema":{"@context":"https:\/\/schema.org","@graph":[{"@type":"Article","@id":"https:\/\/imaginedemain.fr\/index.php\/2020\/04\/28\/covid19-ou-en-sont-les-departements\/#article","isPartOf":{"@id":"https:\/\/imaginedemain.fr\/index.php\/2020\/04\/28\/covid19-ou-en-sont-les-departements\/"},"author":{"name":"Philippe","@id":"https:\/\/imaginedemain.fr\/#\/schema\/person\/9f5931e51d7535c65f1a4a291d3bbaa4"},"headline":"Covid19: o\u00f9 en sont les d\u00e9partements?","datePublished":"2020-04-28T20:46:45+00:00","dateModified":"2020-04-28T20:46:46+00:00","mainEntityOfPage":{"@id":"https:\/\/imaginedemain.fr\/index.php\/2020\/04\/28\/covid19-ou-en-sont-les-departements\/"},"wordCount":37,"commentCount":0,"image":{"@id":"https:\/\/imaginedemain.fr\/index.php\/2020\/04\/28\/covid19-ou-en-sont-les-departements\/#primaryimage"},"thumbnailUrl":"https:\/\/i0.wp.com\/imaginedemain.fr\/wp-content\/uploads\/2020\/04\/histo_anim%C3%A9_280420.jpg?fit=1500%2C800&ssl=1","articleSection":["Covid19"],"inLanguage":"fr-FR","potentialAction":[{"@type":"CommentAction","name":"Comment","target":["https:\/\/imaginedemain.fr\/index.php\/2020\/04\/28\/covid19-ou-en-sont-les-departements\/#respond"]}]},{"@type":"WebPage","@id":"https:\/\/imaginedemain.fr\/index.php\/2020\/04\/28\/covid19-ou-en-sont-les-departements\/","url":"https:\/\/imaginedemain.fr\/index.php\/2020\/04\/28\/covid19-ou-en-sont-les-departements\/","name":"Covid19: o\u00f9 en sont les d\u00e9partements? - Imagine demain","isPartOf":{"@id":"https:\/\/imaginedemain.fr\/#website"},"primaryImageOfPage":{"@id":"https:\/\/imaginedemain.fr\/index.php\/2020\/04\/28\/covid19-ou-en-sont-les-departements\/#primaryimage"},"image":{"@id":"https:\/\/imaginedemain.fr\/index.php\/2020\/04\/28\/covid19-ou-en-sont-les-departements\/#primaryimage"},"thumbnailUrl":"https:\/\/i0.wp.com\/imaginedemain.fr\/wp-content\/uploads\/2020\/04\/histo_anim%C3%A9_280420.jpg?fit=1500%2C800&ssl=1","datePublished":"2020-04-28T20:46:45+00:00","dateModified":"2020-04-28T20:46:46+00:00","author":{"@id":"https:\/\/imaginedemain.fr\/#\/schema\/person\/9f5931e51d7535c65f1a4a291d3bbaa4"},"breadcrumb":{"@id":"https:\/\/imaginedemain.fr\/index.php\/2020\/04\/28\/covid19-ou-en-sont-les-departements\/#breadcrumb"},"inLanguage":"fr-FR","potentialAction":[{"@type":"ReadAction","target":["https:\/\/imaginedemain.fr\/index.php\/2020\/04\/28\/covid19-ou-en-sont-les-departements\/"]}]},{"@type":"ImageObject","inLanguage":"fr-FR","@id":"https:\/\/imaginedemain.fr\/index.php\/2020\/04\/28\/covid19-ou-en-sont-les-departements\/#primaryimage","url":"https:\/\/i0.wp.com\/imaginedemain.fr\/wp-content\/uploads\/2020\/04\/histo_anim%C3%A9_280420.jpg?fit=1500%2C800&ssl=1","contentUrl":"https:\/\/i0.wp.com\/imaginedemain.fr\/wp-content\/uploads\/2020\/04\/histo_anim%C3%A9_280420.jpg?fit=1500%2C800&ssl=1","width":1500,"height":800},{"@type":"BreadcrumbList","@id":"https:\/\/imaginedemain.fr\/index.php\/2020\/04\/28\/covid19-ou-en-sont-les-departements\/#breadcrumb","itemListElement":[{"@type":"ListItem","position":1,"name":"Accueil","item":"https:\/\/imaginedemain.fr\/"},{"@type":"ListItem","position":2,"name":"Covid19: o\u00f9 en sont les d\u00e9partements?"}]},{"@type":"WebSite","@id":"https:\/\/imaginedemain.fr\/#website","url":"https:\/\/imaginedemain.fr\/","name":"Imagine demain","description":"","potentialAction":[{"@type":"SearchAction","target":{"@type":"EntryPoint","urlTemplate":"https:\/\/imaginedemain.fr\/?s={search_term_string}"},"query-input":{"@type":"PropertyValueSpecification","valueRequired":true,"valueName":"search_term_string"}}],"inLanguage":"fr-FR"},{"@type":"Person","@id":"https:\/\/imaginedemain.fr\/#\/schema\/person\/9f5931e51d7535c65f1a4a291d3bbaa4","name":"Philippe","image":{"@type":"ImageObject","inLanguage":"fr-FR","@id":"https:\/\/secure.gravatar.com\/avatar\/b2aa6bd51417a74d8dc72e7c9d4f289ee495b30120bb4f2aa3f0b5fbf65f59d8?s=96&d=blank&r=g","url":"https:\/\/secure.gravatar.com\/avatar\/b2aa6bd51417a74d8dc72e7c9d4f289ee495b30120bb4f2aa3f0b5fbf65f59d8?s=96&d=blank&r=g","contentUrl":"https:\/\/secure.gravatar.com\/avatar\/b2aa6bd51417a74d8dc72e7c9d4f289ee495b30120bb4f2aa3f0b5fbf65f59d8?s=96&d=blank&r=g","caption":"Philippe"},"sameAs":["http:\/\/imaginedemain.fr"],"url":"https:\/\/imaginedemain.fr\/index.php\/author\/phjg7856\/"}]}},"jetpack_publicize_connections":[],"jetpack_featured_media_url":"https:\/\/i0.wp.com\/imaginedemain.fr\/wp-content\/uploads\/2020\/04\/histo_anim%C3%A9_280420.jpg?fit=1500%2C800&ssl=1","jetpack_shortlink":"https:\/\/wp.me\/p8tuMH-1wF","jetpack-related-posts":[{"id":6272,"url":"https:\/\/imaginedemain.fr\/index.php\/2021\/01\/19\/vers-un-troisieme-confinement\/","url_meta":{"origin":5869,"position":0},"title":"Vers un troisi\u00e8me confinement","author":"Philippe","date":"19 janvier 2021","format":false,"excerpt":"La courbe des hospitalisations journali\u00e8res pour COVID19 est repartie \u00e0 la hausse. Les admissions journali\u00e8res \u00e0 l'h\u00f4pital avaient baiss\u00e9 tr\u00e8s sensiblement pendant le second confinement, pour se stabiliser d\u00e9but d\u00e9cembre sur un plateau \u00e9lev\u00e9, puis amorcer une nouvelle baisse, plus lente, pendant les vacances de fin d'ann\u00e9e avec l'arr\u00eat de\u2026","rel":"","context":"Dans &quot;Covid19&quot;","block_context":{"text":"Covid19","link":"https:\/\/imaginedemain.fr\/index.php\/category\/covid19\/"},"img":{"alt_text":"","src":"https:\/\/i0.wp.com\/imaginedemain.fr\/wp-content\/uploads\/2021\/01\/Image1.png?fit=1200%2C586&ssl=1&resize=350%2C200","width":350,"height":200,"srcset":"https:\/\/i0.wp.com\/imaginedemain.fr\/wp-content\/uploads\/2021\/01\/Image1.png?fit=1200%2C586&ssl=1&resize=350%2C200 1x, https:\/\/i0.wp.com\/imaginedemain.fr\/wp-content\/uploads\/2021\/01\/Image1.png?fit=1200%2C586&ssl=1&resize=525%2C300 1.5x, https:\/\/i0.wp.com\/imaginedemain.fr\/wp-content\/uploads\/2021\/01\/Image1.png?fit=1200%2C586&ssl=1&resize=700%2C400 2x, https:\/\/i0.wp.com\/imaginedemain.fr\/wp-content\/uploads\/2021\/01\/Image1.png?fit=1200%2C586&ssl=1&resize=1050%2C600 3x"},"classes":[]},{"id":5848,"url":"https:\/\/imaginedemain.fr\/index.php\/2020\/04\/19\/18-avril-la-contagion-au-covid19-en-nette-baisse-mais-toujours-marquee-dans-un-grand-tiers-est-nord-est-de-la-france\/","url_meta":{"origin":5869,"position":1},"title":"20 avril: la contagion au COVID19 en nette baisse","author":"Philippe","date":"19 avril 2020","format":false,"excerpt":"Depuis le pic de l'\u00e9pid\u00e9mie que l'on peut maintenant situer au 1er avril, les hospitalisations journali\u00e8res sont presque divis\u00e9es par trois, avec une d\u00e9croissance r\u00e9guli\u00e8re. Cliquer pour agrandir vers l'histogramme interactif Trois d\u00e9partements, relativement moins peupl\u00e9s, pr\u00e9sentent sur les quatre jours \u00e9coul\u00e9s un taux d'hospitalisations plus \u00e9lev\u00e9 que dans le\u2026","rel":"","context":"Dans &quot;Covid19&quot;","block_context":{"text":"Covid19","link":"https:\/\/imaginedemain.fr\/index.php\/category\/covid19\/"},"img":{"alt_text":"","src":"https:\/\/i0.wp.com\/imaginedemain.fr\/wp-content\/uploads\/2020\/04\/miniature-carte-France-ratio-18-avril.jpg?fit=700%2C450&ssl=1&resize=350%2C200","width":350,"height":200,"srcset":"https:\/\/i0.wp.com\/imaginedemain.fr\/wp-content\/uploads\/2020\/04\/miniature-carte-France-ratio-18-avril.jpg?fit=700%2C450&ssl=1&resize=350%2C200 1x, https:\/\/i0.wp.com\/imaginedemain.fr\/wp-content\/uploads\/2020\/04\/miniature-carte-France-ratio-18-avril.jpg?fit=700%2C450&ssl=1&resize=525%2C300 1.5x, https:\/\/i0.wp.com\/imaginedemain.fr\/wp-content\/uploads\/2020\/04\/miniature-carte-France-ratio-18-avril.jpg?fit=700%2C450&ssl=1&resize=700%2C400 2x"},"classes":[]},{"id":5802,"url":"https:\/\/imaginedemain.fr\/index.php\/2020\/04\/08\/mortalite-du-covid19-a-lhopital-par-departement\/","url_meta":{"origin":5869,"position":2},"title":"Mortalit\u00e9 du Covid19 \u00e0 l&rsquo;h\u00f4pital, par d\u00e9partement","author":"Philippe","date":"8 avril 2020","format":false,"excerpt":"La carte suivante rapporte le taux de mortalit\u00e9, au 13 avril 2020, du Covid19 pour les patients hospitalis\u00e9s. L'indicateur retenu est le rapport d\u00e9c\u00e8s\/hospitalisations, \u00e9tabli pour chaque d\u00e9partement. Cliquer sur la carte pour obtenir une carte interactive, avec les informations par d\u00e9partement La carte suivante zoome le taux de mortalit\u00e9\u2026","rel":"","context":"Dans &quot;Covid19&quot;","block_context":{"text":"Covid19","link":"https:\/\/imaginedemain.fr\/index.php\/category\/covid19\/"},"img":{"alt_text":"","src":"https:\/\/i0.wp.com\/imaginedemain.fr\/wp-content\/uploads\/2020\/04\/photo-illustration-7-avril-2.jpg?fit=700%2C450&ssl=1&resize=350%2C200","width":350,"height":200,"srcset":"https:\/\/i0.wp.com\/imaginedemain.fr\/wp-content\/uploads\/2020\/04\/photo-illustration-7-avril-2.jpg?fit=700%2C450&ssl=1&resize=350%2C200 1x, https:\/\/i0.wp.com\/imaginedemain.fr\/wp-content\/uploads\/2020\/04\/photo-illustration-7-avril-2.jpg?fit=700%2C450&ssl=1&resize=525%2C300 1.5x, https:\/\/i0.wp.com\/imaginedemain.fr\/wp-content\/uploads\/2020\/04\/photo-illustration-7-avril-2.jpg?fit=700%2C450&ssl=1&resize=700%2C400 2x"},"classes":[]},{"id":5822,"url":"https:\/\/imaginedemain.fr\/index.php\/2020\/04\/13\/en-france-la-strategie-de-lutte-contre-lextension-du-covid19-patine\/","url_meta":{"origin":5869,"position":3},"title":"En France la strat\u00e9gie de lutte contre l\u2019extension du Covid19 patine","author":"Philippe","date":"13 avril 2020","format":false,"excerpt":"13 avril \u00e0 14h Le confinement a d\u00e9but\u00e9 le 17 mars \u00e0 12h, soit depuis 26 jours. Or la p\u00e9riode d\u2019incubation de la maladie est comprise dans une fourchette de l\u2019ordre de quelques jours \u00e0 deux semaines. Les signes alarmants apparaissent en g\u00e9n\u00e9ral apr\u00e8s 5 \u00e0 8 jours apr\u00e8s le\u2026","rel":"","context":"Dans &quot;Covid19&quot;","block_context":{"text":"Covid19","link":"https:\/\/imaginedemain.fr\/index.php\/category\/covid19\/"},"img":{"alt_text":"","src":"https:\/\/i0.wp.com\/imaginedemain.fr\/wp-content\/uploads\/2020\/04\/Pr%C3%A9sentation2-scaled.jpg?fit=1200%2C660&ssl=1&resize=350%2C200","width":350,"height":200,"srcset":"https:\/\/i0.wp.com\/imaginedemain.fr\/wp-content\/uploads\/2020\/04\/Pr%C3%A9sentation2-scaled.jpg?fit=1200%2C660&ssl=1&resize=350%2C200 1x, https:\/\/i0.wp.com\/imaginedemain.fr\/wp-content\/uploads\/2020\/04\/Pr%C3%A9sentation2-scaled.jpg?fit=1200%2C660&ssl=1&resize=525%2C300 1.5x, https:\/\/i0.wp.com\/imaginedemain.fr\/wp-content\/uploads\/2020\/04\/Pr%C3%A9sentation2-scaled.jpg?fit=1200%2C660&ssl=1&resize=700%2C400 2x, https:\/\/i0.wp.com\/imaginedemain.fr\/wp-content\/uploads\/2020\/04\/Pr%C3%A9sentation2-scaled.jpg?fit=1200%2C660&ssl=1&resize=1050%2C600 3x"},"classes":[]},{"id":5444,"url":"https:\/\/imaginedemain.fr\/index.php\/2020\/02\/20\/au-sommet-de-lamerique-centrale\/","url_meta":{"origin":5869,"position":4},"title":"Au sommet de l&rsquo;Am\u00e9rique Centrale","author":"Philippe","date":"20 f\u00e9vrier 2020","format":false,"excerpt":"Nous avons rejoint Quetzaltenango pour deux jours. La ville n'est pas fantastique ... mais c'est un point de d\u00e9part pour deux ascensions, celle du volcan Santa Maria, 3770 m\u00e8tres, et celle du volcan Tajumulco, 4220 m\u00e8tres, point culminant de l'Am\u00e9rique Centrale. Nous enchainons ces deux randonn\u00e9es en deux jours, lever\u2026","rel":"","context":"Dans &quot;Guatemala&quot;","block_context":{"text":"Guatemala","link":"https:\/\/imaginedemain.fr\/index.php\/category\/guatemala\/"},"img":{"alt_text":"","src":"https:\/\/i0.wp.com\/imaginedemain.fr\/wp-content\/uploads\/2020\/02\/DSC06462-scaled.jpg?fit=1200%2C676&ssl=1&resize=350%2C200","width":350,"height":200,"srcset":"https:\/\/i0.wp.com\/imaginedemain.fr\/wp-content\/uploads\/2020\/02\/DSC06462-scaled.jpg?fit=1200%2C676&ssl=1&resize=350%2C200 1x, https:\/\/i0.wp.com\/imaginedemain.fr\/wp-content\/uploads\/2020\/02\/DSC06462-scaled.jpg?fit=1200%2C676&ssl=1&resize=525%2C300 1.5x, https:\/\/i0.wp.com\/imaginedemain.fr\/wp-content\/uploads\/2020\/02\/DSC06462-scaled.jpg?fit=1200%2C676&ssl=1&resize=700%2C400 2x, https:\/\/i0.wp.com\/imaginedemain.fr\/wp-content\/uploads\/2020\/02\/DSC06462-scaled.jpg?fit=1200%2C676&ssl=1&resize=1050%2C600 3x"},"classes":[]},{"id":5771,"url":"https:\/\/imaginedemain.fr\/index.php\/2020\/04\/01\/un-masque-pour-se-proteger-et-proteger-les-autres\/","url_meta":{"origin":5869,"position":5},"title":"Un masque pour se prot\u00e9ger et prot\u00e9ger les autres","author":"Philippe","date":"1 avril 2020","format":false,"excerpt":"Apr\u00e8s un confinement de deux semaines en France et trois semaines en Italie les chiffres de l'\u00e9pid\u00e9mie n'y faiblissent pas. Le responsable chinois de la lutte contre l'\u00e9pid\u00e9mie, vaincue au moins dans son premier stade en Chine, affirme que selon lui l'Europe commet deux erreurs majeures pour n'avoir pas syst\u00e9matis\u00e9\u2026","rel":"","context":"Dans &quot;Covid19&quot;","block_context":{"text":"Covid19","link":"https:\/\/imaginedemain.fr\/index.php\/category\/covid19\/"},"img":{"alt_text":"","src":"https:\/\/i0.wp.com\/imaginedemain.fr\/wp-content\/uploads\/2020\/04\/Capture.jpg?fit=734%2C412&ssl=1&resize=350%2C200","width":350,"height":200,"srcset":"https:\/\/i0.wp.com\/imaginedemain.fr\/wp-content\/uploads\/2020\/04\/Capture.jpg?fit=734%2C412&ssl=1&resize=350%2C200 1x, https:\/\/i0.wp.com\/imaginedemain.fr\/wp-content\/uploads\/2020\/04\/Capture.jpg?fit=734%2C412&ssl=1&resize=525%2C300 1.5x, https:\/\/i0.wp.com\/imaginedemain.fr\/wp-content\/uploads\/2020\/04\/Capture.jpg?fit=734%2C412&ssl=1&resize=700%2C400 2x"},"classes":[]}],"jetpack_sharing_enabled":true,"_links":{"self":[{"href":"https:\/\/imaginedemain.fr\/index.php\/wp-json\/wp\/v2\/posts\/5869","targetHints":{"allow":["GET"]}}],"collection":[{"href":"https:\/\/imaginedemain.fr\/index.php\/wp-json\/wp\/v2\/posts"}],"about":[{"href":"https:\/\/imaginedemain.fr\/index.php\/wp-json\/wp\/v2\/types\/post"}],"author":[{"embeddable":true,"href":"https:\/\/imaginedemain.fr\/index.php\/wp-json\/wp\/v2\/users\/269"}],"replies":[{"embeddable":true,"href":"https:\/\/imaginedemain.fr\/index.php\/wp-json\/wp\/v2\/comments?post=5869"}],"version-history":[{"count":3,"href":"https:\/\/imaginedemain.fr\/index.php\/wp-json\/wp\/v2\/posts\/5869\/revisions"}],"predecessor-version":[{"id":5873,"href":"https:\/\/imaginedemain.fr\/index.php\/wp-json\/wp\/v2\/posts\/5869\/revisions\/5873"}],"wp:featuredmedia":[{"embeddable":true,"href":"https:\/\/imaginedemain.fr\/index.php\/wp-json\/wp\/v2\/media\/5870"}],"wp:attachment":[{"href":"https:\/\/imaginedemain.fr\/index.php\/wp-json\/wp\/v2\/media?parent=5869"}],"wp:term":[{"taxonomy":"category","embeddable":true,"href":"https:\/\/imaginedemain.fr\/index.php\/wp-json\/wp\/v2\/categories?post=5869"},{"taxonomy":"post_tag","embeddable":true,"href":"https:\/\/imaginedemain.fr\/index.php\/wp-json\/wp\/v2\/tags?post=5869"}],"curies":[{"name":"wp","href":"https:\/\/api.w.org\/{rel}","templated":true}]}}