{"id":5935,"date":"2020-08-04T22:53:52","date_gmt":"2020-08-04T20:53:52","guid":{"rendered":"http:\/\/imaginedemain.fr\/?p=5935"},"modified":"2020-08-04T22:53:55","modified_gmt":"2020-08-04T20:53:55","slug":"sur-le-gr10-damnees-pyrenees","status":"publish","type":"post","link":"https:\/\/imaginedemain.fr\/index.php\/2020\/08\/04\/sur-le-gr10-damnees-pyrenees\/","title":{"rendered":"Sur le GR10, damn\u00e9es  Pyr\u00e9n\u00e9es!"},"content":{"rendered":"\n<p>Chloroform\u00e9s par la p\u00e9riode de confinement, nous peinions \u00e0 nous projeter dans de nouvelles aventures pyr\u00e9n\u00e9ennes. Aussi f\u00eemes-nous, en cette ann\u00e9e virale, le choix de revenir sur nos pas \u00e0 Saint-Jean-Pied-de-Port pour nous diriger vers l&rsquo;est, mais cette fois-ci du c\u00f4t\u00e9 fran\u00e7ais, sur le parcours du GR10. Neuf jours pour nous rendre aux Eaux-Chaudes.<\/p>\n\n\n\n<p>L&rsquo;an dernier nous \u00e9tions partis du m\u00eame lieu, dans la m\u00eame direction, mais du c\u00f4t\u00e9 espagnol de la fronti\u00e8re, en empruntant le GR11.<\/p>\n\n\n\n<p>Oublions tout de suite le tryptique humide de temps m\u00e9diocre, maussade,  mauvais,  essuy\u00e9 sur les deux tiers du parcours. Marcher dans la brouillasse avec cinq m\u00e8tres de visibilit\u00e9, stagner sous l&rsquo;orage effrayant, la cape de pluie faisant tipi, glisser dans les chemins creux transform\u00e9s en torrents, s&rsquo;enliser dans d&rsquo;immondes bourbiers, bivouaquer en mode \u00e9ponge, voil\u00e0 toutes les punitions que la randonn\u00e9e pyr\u00e9n\u00e9enne nous aura inflig\u00e9es cette ann\u00e9e. <\/p>\n\n\n\n<figure class=\"wp-block-image\"><img data-recalc-dims=\"1\" loading=\"lazy\" decoding=\"async\" width=\"600\" height=\"338\" data-attachment-id=\"5904\" data-permalink=\"https:\/\/imaginedemain.fr\/img_1616\/\" data-orig-file=\"https:\/\/i0.wp.com\/imaginedemain.fr\/wp-content\/uploads\/2020\/07\/IMG_1616-scaled.jpg?fit=2560%2C1442&amp;ssl=1\" data-orig-size=\"2560,1442\" data-comments-opened=\"1\" data-image-meta=\"{&quot;aperture&quot;:&quot;1.8&quot;,&quot;credit&quot;:&quot;Picasa&quot;,&quot;camera&quot;:&quot;iPhone 7&quot;,&quot;caption&quot;:&quot;&quot;,&quot;created_timestamp&quot;:&quot;1594549767&quot;,&quot;copyright&quot;:&quot;&quot;,&quot;focal_length&quot;:&quot;3.99&quot;,&quot;iso&quot;:&quot;20&quot;,&quot;shutter_speed&quot;:&quot;0.008695652173913&quot;,&quot;title&quot;:&quot;&quot;,&quot;orientation&quot;:&quot;0&quot;}\" data-image-title=\"IMG_1616\" data-image-description=\"\" data-image-caption=\"\" data-large-file=\"https:\/\/i0.wp.com\/imaginedemain.fr\/wp-content\/uploads\/2020\/07\/IMG_1616-scaled.jpg?fit=600%2C338&amp;ssl=1\" src=\"https:\/\/i0.wp.com\/imaginedemain.fr\/wp-content\/uploads\/2020\/07\/IMG_1616-1024x577.jpg?resize=600%2C338\" alt=\"\" class=\"wp-image-5904\" srcset=\"https:\/\/i0.wp.com\/imaginedemain.fr\/wp-content\/uploads\/2020\/07\/IMG_1616-scaled.jpg?resize=1024%2C577&amp;ssl=1 1024w, https:\/\/i0.wp.com\/imaginedemain.fr\/wp-content\/uploads\/2020\/07\/IMG_1616-scaled.jpg?resize=300%2C169&amp;ssl=1 300w, https:\/\/i0.wp.com\/imaginedemain.fr\/wp-content\/uploads\/2020\/07\/IMG_1616-scaled.jpg?resize=768%2C433&amp;ssl=1 768w, https:\/\/i0.wp.com\/imaginedemain.fr\/wp-content\/uploads\/2020\/07\/IMG_1616-scaled.jpg?resize=600%2C338&amp;ssl=1 600w, https:\/\/i0.wp.com\/imaginedemain.fr\/wp-content\/uploads\/2020\/07\/IMG_1616-scaled.jpg?resize=1536%2C865&amp;ssl=1 1536w, https:\/\/i0.wp.com\/imaginedemain.fr\/wp-content\/uploads\/2020\/07\/IMG_1616-scaled.jpg?resize=2048%2C1154&amp;ssl=1 2048w, https:\/\/i0.wp.com\/imaginedemain.fr\/wp-content\/uploads\/2020\/07\/IMG_1616-scaled.jpg?resize=1320%2C743&amp;ssl=1 1320w, https:\/\/i0.wp.com\/imaginedemain.fr\/wp-content\/uploads\/2020\/07\/IMG_1616-scaled.jpg?w=1200&amp;ssl=1 1200w, https:\/\/i0.wp.com\/imaginedemain.fr\/wp-content\/uploads\/2020\/07\/IMG_1616-scaled.jpg?w=1800&amp;ssl=1 1800w\" sizes=\"auto, (max-width: 600px) 100vw, 600px\" \/><\/figure>\n\n\n\n<figure class=\"wp-block-image\"><img data-recalc-dims=\"1\" loading=\"lazy\" decoding=\"async\" width=\"600\" height=\"338\" data-attachment-id=\"5903\" data-permalink=\"https:\/\/imaginedemain.fr\/img_1615\/\" data-orig-file=\"https:\/\/i0.wp.com\/imaginedemain.fr\/wp-content\/uploads\/2020\/07\/IMG_1615-scaled.jpg?fit=2560%2C1441&amp;ssl=1\" data-orig-size=\"2560,1441\" data-comments-opened=\"1\" data-image-meta=\"{&quot;aperture&quot;:&quot;1.8&quot;,&quot;credit&quot;:&quot;Picasa&quot;,&quot;camera&quot;:&quot;iPhone 7&quot;,&quot;caption&quot;:&quot;&quot;,&quot;created_timestamp&quot;:&quot;1594549756&quot;,&quot;copyright&quot;:&quot;&quot;,&quot;focal_length&quot;:&quot;3.99&quot;,&quot;iso&quot;:&quot;25&quot;,&quot;shutter_speed&quot;:&quot;0.01&quot;,&quot;title&quot;:&quot;&quot;,&quot;orientation&quot;:&quot;0&quot;}\" data-image-title=\"IMG_1615\" data-image-description=\"\" data-image-caption=\"\" data-large-file=\"https:\/\/i0.wp.com\/imaginedemain.fr\/wp-content\/uploads\/2020\/07\/IMG_1615-scaled.jpg?fit=600%2C338&amp;ssl=1\" src=\"https:\/\/i0.wp.com\/imaginedemain.fr\/wp-content\/uploads\/2020\/07\/IMG_1615-1024x576.jpg?resize=600%2C338\" alt=\"\" class=\"wp-image-5903\" srcset=\"https:\/\/i0.wp.com\/imaginedemain.fr\/wp-content\/uploads\/2020\/07\/IMG_1615-scaled.jpg?resize=1024%2C576&amp;ssl=1 1024w, https:\/\/i0.wp.com\/imaginedemain.fr\/wp-content\/uploads\/2020\/07\/IMG_1615-scaled.jpg?resize=300%2C169&amp;ssl=1 300w, https:\/\/i0.wp.com\/imaginedemain.fr\/wp-content\/uploads\/2020\/07\/IMG_1615-scaled.jpg?resize=768%2C432&amp;ssl=1 768w, https:\/\/i0.wp.com\/imaginedemain.fr\/wp-content\/uploads\/2020\/07\/IMG_1615-scaled.jpg?resize=600%2C338&amp;ssl=1 600w, https:\/\/i0.wp.com\/imaginedemain.fr\/wp-content\/uploads\/2020\/07\/IMG_1615-scaled.jpg?resize=1536%2C864&amp;ssl=1 1536w, https:\/\/i0.wp.com\/imaginedemain.fr\/wp-content\/uploads\/2020\/07\/IMG_1615-scaled.jpg?resize=2048%2C1153&amp;ssl=1 2048w, https:\/\/i0.wp.com\/imaginedemain.fr\/wp-content\/uploads\/2020\/07\/IMG_1615-scaled.jpg?resize=1320%2C743&amp;ssl=1 1320w, https:\/\/i0.wp.com\/imaginedemain.fr\/wp-content\/uploads\/2020\/07\/IMG_1615-scaled.jpg?w=1200&amp;ssl=1 1200w, https:\/\/i0.wp.com\/imaginedemain.fr\/wp-content\/uploads\/2020\/07\/IMG_1615-scaled.jpg?w=1800&amp;ssl=1 1800w\" sizes=\"auto, (max-width: 600px) 100vw, 600px\" \/><\/figure>\n\n\n\n<p>Oublions au profit de la lumi\u00e8re qui revient et transperce le couvert forestier, de la ligne de montagnes qui \u00e9merge, du soleil naissant qui irradie les cimes apr\u00e8s une nuit glaciale.<\/p>\n\n\n\n<figure class=\"wp-block-image\"><img data-recalc-dims=\"1\" loading=\"lazy\" decoding=\"async\" width=\"600\" height=\"338\" data-attachment-id=\"5905\" data-permalink=\"https:\/\/imaginedemain.fr\/img_1637\/\" data-orig-file=\"https:\/\/i0.wp.com\/imaginedemain.fr\/wp-content\/uploads\/2020\/07\/IMG_1637-scaled.jpg?fit=2560%2C1441&amp;ssl=1\" data-orig-size=\"2560,1441\" data-comments-opened=\"1\" data-image-meta=\"{&quot;aperture&quot;:&quot;1.8&quot;,&quot;credit&quot;:&quot;Picasa&quot;,&quot;camera&quot;:&quot;iPhone 7&quot;,&quot;caption&quot;:&quot;&quot;,&quot;created_timestamp&quot;:&quot;1594635688&quot;,&quot;copyright&quot;:&quot;&quot;,&quot;focal_length&quot;:&quot;3.99&quot;,&quot;iso&quot;:&quot;20&quot;,&quot;shutter_speed&quot;:&quot;0.0019417475728155&quot;,&quot;title&quot;:&quot;&quot;,&quot;orientation&quot;:&quot;0&quot;}\" data-image-title=\"IMG_1637\" data-image-description=\"\" data-image-caption=\"\" data-large-file=\"https:\/\/i0.wp.com\/imaginedemain.fr\/wp-content\/uploads\/2020\/07\/IMG_1637-scaled.jpg?fit=600%2C338&amp;ssl=1\" src=\"https:\/\/i0.wp.com\/imaginedemain.fr\/wp-content\/uploads\/2020\/07\/IMG_1637-1024x576.jpg?resize=600%2C338\" alt=\"\" class=\"wp-image-5905\" srcset=\"https:\/\/i0.wp.com\/imaginedemain.fr\/wp-content\/uploads\/2020\/07\/IMG_1637-scaled.jpg?resize=1024%2C576&amp;ssl=1 1024w, https:\/\/i0.wp.com\/imaginedemain.fr\/wp-content\/uploads\/2020\/07\/IMG_1637-scaled.jpg?resize=300%2C169&amp;ssl=1 300w, https:\/\/i0.wp.com\/imaginedemain.fr\/wp-content\/uploads\/2020\/07\/IMG_1637-scaled.jpg?resize=768%2C432&amp;ssl=1 768w, https:\/\/i0.wp.com\/imaginedemain.fr\/wp-content\/uploads\/2020\/07\/IMG_1637-scaled.jpg?resize=600%2C338&amp;ssl=1 600w, https:\/\/i0.wp.com\/imaginedemain.fr\/wp-content\/uploads\/2020\/07\/IMG_1637-scaled.jpg?resize=1536%2C864&amp;ssl=1 1536w, https:\/\/i0.wp.com\/imaginedemain.fr\/wp-content\/uploads\/2020\/07\/IMG_1637-scaled.jpg?resize=2048%2C1153&amp;ssl=1 2048w, https:\/\/i0.wp.com\/imaginedemain.fr\/wp-content\/uploads\/2020\/07\/IMG_1637-scaled.jpg?resize=1320%2C743&amp;ssl=1 1320w, https:\/\/i0.wp.com\/imaginedemain.fr\/wp-content\/uploads\/2020\/07\/IMG_1637-scaled.jpg?w=1200&amp;ssl=1 1200w, https:\/\/i0.wp.com\/imaginedemain.fr\/wp-content\/uploads\/2020\/07\/IMG_1637-scaled.jpg?w=1800&amp;ssl=1 1800w\" sizes=\"auto, (max-width: 600px) 100vw, 600px\" \/><\/figure>\n\n\n\n<figure class=\"wp-block-image\"><img data-recalc-dims=\"1\" loading=\"lazy\" decoding=\"async\" width=\"600\" height=\"338\" data-attachment-id=\"5906\" data-permalink=\"https:\/\/imaginedemain.fr\/img_1642\/\" data-orig-file=\"https:\/\/i0.wp.com\/imaginedemain.fr\/wp-content\/uploads\/2020\/07\/IMG_1642-scaled.jpg?fit=2560%2C1440&amp;ssl=1\" data-orig-size=\"2560,1440\" data-comments-opened=\"1\" data-image-meta=\"{&quot;aperture&quot;:&quot;1.8&quot;,&quot;credit&quot;:&quot;Picasa&quot;,&quot;camera&quot;:&quot;iPhone 7&quot;,&quot;caption&quot;:&quot;&quot;,&quot;created_timestamp&quot;:&quot;1594635949&quot;,&quot;copyright&quot;:&quot;&quot;,&quot;focal_length&quot;:&quot;3.99&quot;,&quot;iso&quot;:&quot;20&quot;,&quot;shutter_speed&quot;:&quot;0.0025706940874036&quot;,&quot;title&quot;:&quot;&quot;,&quot;orientation&quot;:&quot;0&quot;}\" data-image-title=\"IMG_1642\" data-image-description=\"\" data-image-caption=\"\" data-large-file=\"https:\/\/i0.wp.com\/imaginedemain.fr\/wp-content\/uploads\/2020\/07\/IMG_1642-scaled.jpg?fit=600%2C338&amp;ssl=1\" src=\"https:\/\/i0.wp.com\/imaginedemain.fr\/wp-content\/uploads\/2020\/07\/IMG_1642-1024x576.jpg?resize=600%2C338\" alt=\"\" class=\"wp-image-5906\" srcset=\"https:\/\/i0.wp.com\/imaginedemain.fr\/wp-content\/uploads\/2020\/07\/IMG_1642-scaled.jpg?resize=1024%2C576&amp;ssl=1 1024w, https:\/\/i0.wp.com\/imaginedemain.fr\/wp-content\/uploads\/2020\/07\/IMG_1642-scaled.jpg?resize=300%2C169&amp;ssl=1 300w, https:\/\/i0.wp.com\/imaginedemain.fr\/wp-content\/uploads\/2020\/07\/IMG_1642-scaled.jpg?resize=768%2C432&amp;ssl=1 768w, https:\/\/i0.wp.com\/imaginedemain.fr\/wp-content\/uploads\/2020\/07\/IMG_1642-scaled.jpg?resize=600%2C338&amp;ssl=1 600w, https:\/\/i0.wp.com\/imaginedemain.fr\/wp-content\/uploads\/2020\/07\/IMG_1642-scaled.jpg?resize=1536%2C864&amp;ssl=1 1536w, https:\/\/i0.wp.com\/imaginedemain.fr\/wp-content\/uploads\/2020\/07\/IMG_1642-scaled.jpg?resize=2048%2C1152&amp;ssl=1 2048w, https:\/\/i0.wp.com\/imaginedemain.fr\/wp-content\/uploads\/2020\/07\/IMG_1642-scaled.jpg?resize=1320%2C743&amp;ssl=1 1320w, https:\/\/i0.wp.com\/imaginedemain.fr\/wp-content\/uploads\/2020\/07\/IMG_1642-scaled.jpg?w=1200&amp;ssl=1 1200w, https:\/\/i0.wp.com\/imaginedemain.fr\/wp-content\/uploads\/2020\/07\/IMG_1642-scaled.jpg?w=1800&amp;ssl=1 1800w\" sizes=\"auto, (max-width: 600px) 100vw, 600px\" \/><\/figure>\n\n\n\n<figure class=\"wp-block-image\"><img data-recalc-dims=\"1\" loading=\"lazy\" decoding=\"async\" width=\"600\" height=\"338\" data-attachment-id=\"5912\" data-permalink=\"https:\/\/imaginedemain.fr\/img_1710\/\" data-orig-file=\"https:\/\/i0.wp.com\/imaginedemain.fr\/wp-content\/uploads\/2020\/07\/IMG_1710-scaled.jpg?fit=2560%2C1441&amp;ssl=1\" data-orig-size=\"2560,1441\" data-comments-opened=\"1\" data-image-meta=\"{&quot;aperture&quot;:&quot;1.8&quot;,&quot;credit&quot;:&quot;Picasa&quot;,&quot;camera&quot;:&quot;iPhone 7&quot;,&quot;caption&quot;:&quot;&quot;,&quot;created_timestamp&quot;:&quot;1594968600&quot;,&quot;copyright&quot;:&quot;&quot;,&quot;focal_length&quot;:&quot;3.99&quot;,&quot;iso&quot;:&quot;20&quot;,&quot;shutter_speed&quot;:&quot;0.00078308535630384&quot;,&quot;title&quot;:&quot;&quot;,&quot;orientation&quot;:&quot;0&quot;}\" data-image-title=\"IMG_1710\" data-image-description=\"\" data-image-caption=\"\" data-large-file=\"https:\/\/i0.wp.com\/imaginedemain.fr\/wp-content\/uploads\/2020\/07\/IMG_1710-scaled.jpg?fit=600%2C338&amp;ssl=1\" src=\"https:\/\/i0.wp.com\/imaginedemain.fr\/wp-content\/uploads\/2020\/07\/IMG_1710-1024x577.jpg?resize=600%2C338\" alt=\"\" class=\"wp-image-5912\" srcset=\"https:\/\/i0.wp.com\/imaginedemain.fr\/wp-content\/uploads\/2020\/07\/IMG_1710-scaled.jpg?resize=1024%2C577&amp;ssl=1 1024w, https:\/\/i0.wp.com\/imaginedemain.fr\/wp-content\/uploads\/2020\/07\/IMG_1710-scaled.jpg?resize=300%2C169&amp;ssl=1 300w, https:\/\/i0.wp.com\/imaginedemain.fr\/wp-content\/uploads\/2020\/07\/IMG_1710-scaled.jpg?resize=768%2C432&amp;ssl=1 768w, https:\/\/i0.wp.com\/imaginedemain.fr\/wp-content\/uploads\/2020\/07\/IMG_1710-scaled.jpg?resize=600%2C338&amp;ssl=1 600w, https:\/\/i0.wp.com\/imaginedemain.fr\/wp-content\/uploads\/2020\/07\/IMG_1710-scaled.jpg?resize=1536%2C865&amp;ssl=1 1536w, https:\/\/i0.wp.com\/imaginedemain.fr\/wp-content\/uploads\/2020\/07\/IMG_1710-scaled.jpg?resize=2048%2C1153&amp;ssl=1 2048w, https:\/\/i0.wp.com\/imaginedemain.fr\/wp-content\/uploads\/2020\/07\/IMG_1710-scaled.jpg?resize=1320%2C743&amp;ssl=1 1320w, https:\/\/i0.wp.com\/imaginedemain.fr\/wp-content\/uploads\/2020\/07\/IMG_1710-scaled.jpg?w=1200&amp;ssl=1 1200w, https:\/\/i0.wp.com\/imaginedemain.fr\/wp-content\/uploads\/2020\/07\/IMG_1710-scaled.jpg?w=1800&amp;ssl=1 1800w\" sizes=\"auto, (max-width: 600px) 100vw, 600px\" \/><\/figure>\n\n\n\n<figure class=\"wp-block-image\"><img data-recalc-dims=\"1\" loading=\"lazy\" decoding=\"async\" width=\"600\" height=\"338\" data-attachment-id=\"5909\" data-permalink=\"https:\/\/imaginedemain.fr\/img_1655\/\" data-orig-file=\"https:\/\/i0.wp.com\/imaginedemain.fr\/wp-content\/uploads\/2020\/07\/IMG_1655-scaled.jpg?fit=2560%2C1441&amp;ssl=1\" data-orig-size=\"2560,1441\" data-comments-opened=\"1\" data-image-meta=\"{&quot;aperture&quot;:&quot;1.8&quot;,&quot;credit&quot;:&quot;Picasa&quot;,&quot;camera&quot;:&quot;iPhone 7&quot;,&quot;caption&quot;:&quot;&quot;,&quot;created_timestamp&quot;:&quot;1594720689&quot;,&quot;copyright&quot;:&quot;&quot;,&quot;focal_length&quot;:&quot;3.99&quot;,&quot;iso&quot;:&quot;20&quot;,&quot;shutter_speed&quot;:&quot;0.00019798059790141&quot;,&quot;title&quot;:&quot;&quot;,&quot;orientation&quot;:&quot;0&quot;}\" data-image-title=\"IMG_1655\" data-image-description=\"\" data-image-caption=\"\" data-large-file=\"https:\/\/i0.wp.com\/imaginedemain.fr\/wp-content\/uploads\/2020\/07\/IMG_1655-scaled.jpg?fit=600%2C338&amp;ssl=1\" src=\"https:\/\/i0.wp.com\/imaginedemain.fr\/wp-content\/uploads\/2020\/07\/IMG_1655-1024x577.jpg?resize=600%2C338\" alt=\"\" class=\"wp-image-5909\" srcset=\"https:\/\/i0.wp.com\/imaginedemain.fr\/wp-content\/uploads\/2020\/07\/IMG_1655-scaled.jpg?resize=1024%2C577&amp;ssl=1 1024w, https:\/\/i0.wp.com\/imaginedemain.fr\/wp-content\/uploads\/2020\/07\/IMG_1655-scaled.jpg?resize=300%2C169&amp;ssl=1 300w, https:\/\/i0.wp.com\/imaginedemain.fr\/wp-content\/uploads\/2020\/07\/IMG_1655-scaled.jpg?resize=768%2C432&amp;ssl=1 768w, https:\/\/i0.wp.com\/imaginedemain.fr\/wp-content\/uploads\/2020\/07\/IMG_1655-scaled.jpg?resize=600%2C338&amp;ssl=1 600w, https:\/\/i0.wp.com\/imaginedemain.fr\/wp-content\/uploads\/2020\/07\/IMG_1655-scaled.jpg?resize=1536%2C865&amp;ssl=1 1536w, https:\/\/i0.wp.com\/imaginedemain.fr\/wp-content\/uploads\/2020\/07\/IMG_1655-scaled.jpg?resize=2048%2C1153&amp;ssl=1 2048w, https:\/\/i0.wp.com\/imaginedemain.fr\/wp-content\/uploads\/2020\/07\/IMG_1655-scaled.jpg?resize=1320%2C743&amp;ssl=1 1320w, https:\/\/i0.wp.com\/imaginedemain.fr\/wp-content\/uploads\/2020\/07\/IMG_1655-scaled.jpg?w=1200&amp;ssl=1 1200w, https:\/\/i0.wp.com\/imaginedemain.fr\/wp-content\/uploads\/2020\/07\/IMG_1655-scaled.jpg?w=1800&amp;ssl=1 1800w\" sizes=\"auto, (max-width: 600px) 100vw, 600px\" \/><\/figure>\n\n\n\n<p>Partout nous croisons des animaux d&rsquo;\u00e9levage qui semblent chaque ann\u00e9e plus nombreux. Ici ce sont les gigantesques troupeaux de moutons et de brebis qui impressionnent. Ils produisent ces fameux fromages Ossau-Iraty que des bergers d\u2019op\u00e9rette, \u00e0 b\u00e9rets au diam\u00e8tre 33 tours, vendent  \u00e0 prix d&rsquo;or sur les march\u00e9s d&rsquo;Ile-de-France.<\/p>\n\n\n\n<figure class=\"wp-block-image\"><img data-recalc-dims=\"1\" loading=\"lazy\" decoding=\"async\" width=\"600\" height=\"338\" data-attachment-id=\"5931\" data-permalink=\"https:\/\/imaginedemain.fr\/img_e1714\/\" data-orig-file=\"https:\/\/i0.wp.com\/imaginedemain.fr\/wp-content\/uploads\/2020\/07\/IMG_E1714-scaled.jpg?fit=2560%2C1442&amp;ssl=1\" data-orig-size=\"2560,1442\" data-comments-opened=\"1\" data-image-meta=\"{&quot;aperture&quot;:&quot;1.8&quot;,&quot;credit&quot;:&quot;Picasa&quot;,&quot;camera&quot;:&quot;iPhone 7&quot;,&quot;caption&quot;:&quot;&quot;,&quot;created_timestamp&quot;:&quot;1594973768&quot;,&quot;copyright&quot;:&quot;&quot;,&quot;focal_length&quot;:&quot;3.99&quot;,&quot;iso&quot;:&quot;20&quot;,&quot;shutter_speed&quot;:&quot;0.00029197080291971&quot;,&quot;title&quot;:&quot;&quot;,&quot;orientation&quot;:&quot;0&quot;}\" data-image-title=\"IMG_E1714\" data-image-description=\"\" data-image-caption=\"\" data-large-file=\"https:\/\/i0.wp.com\/imaginedemain.fr\/wp-content\/uploads\/2020\/07\/IMG_E1714-scaled.jpg?fit=600%2C338&amp;ssl=1\" src=\"https:\/\/i0.wp.com\/imaginedemain.fr\/wp-content\/uploads\/2020\/07\/IMG_E1714-1024x577.jpg?resize=600%2C338\" alt=\"\" class=\"wp-image-5931\" srcset=\"https:\/\/i0.wp.com\/imaginedemain.fr\/wp-content\/uploads\/2020\/07\/IMG_E1714-scaled.jpg?resize=1024%2C577&amp;ssl=1 1024w, https:\/\/i0.wp.com\/imaginedemain.fr\/wp-content\/uploads\/2020\/07\/IMG_E1714-scaled.jpg?resize=300%2C169&amp;ssl=1 300w, https:\/\/i0.wp.com\/imaginedemain.fr\/wp-content\/uploads\/2020\/07\/IMG_E1714-scaled.jpg?resize=768%2C433&amp;ssl=1 768w, https:\/\/i0.wp.com\/imaginedemain.fr\/wp-content\/uploads\/2020\/07\/IMG_E1714-scaled.jpg?resize=600%2C338&amp;ssl=1 600w, https:\/\/i0.wp.com\/imaginedemain.fr\/wp-content\/uploads\/2020\/07\/IMG_E1714-scaled.jpg?resize=1536%2C865&amp;ssl=1 1536w, https:\/\/i0.wp.com\/imaginedemain.fr\/wp-content\/uploads\/2020\/07\/IMG_E1714-scaled.jpg?resize=2048%2C1154&amp;ssl=1 2048w, https:\/\/i0.wp.com\/imaginedemain.fr\/wp-content\/uploads\/2020\/07\/IMG_E1714-scaled.jpg?resize=1320%2C743&amp;ssl=1 1320w, https:\/\/i0.wp.com\/imaginedemain.fr\/wp-content\/uploads\/2020\/07\/IMG_E1714-scaled.jpg?w=1200&amp;ssl=1 1200w, https:\/\/i0.wp.com\/imaginedemain.fr\/wp-content\/uploads\/2020\/07\/IMG_E1714-scaled.jpg?w=1800&amp;ssl=1 1800w\" sizes=\"auto, (max-width: 600px) 100vw, 600px\" \/><\/figure>\n\n\n\n<p>Un troupeau de brebis fait un sitting sur le sentier, comme dans une manif d\u2019extinction-r\u00e9bellion. Nous contournons ces ovid\u00e9s qui se font dor\u00e9navant prot\u00e9ger par des patous, chiens aux r\u00e9actions impr\u00e9visibles. Un randonneur crois\u00e9 nous raconte comment,  aujourd&rsquo;hui m\u00eame , il a \u00e9t\u00e9 saisi au bras par une gueule puissante, se faisant la peur de sa vie de marcheur. <\/p>\n\n\n\n<figure class=\"wp-block-image\"><img data-recalc-dims=\"1\" loading=\"lazy\" decoding=\"async\" width=\"600\" height=\"338\" data-attachment-id=\"5914\" data-permalink=\"https:\/\/imaginedemain.fr\/img_1734\/\" data-orig-file=\"https:\/\/i0.wp.com\/imaginedemain.fr\/wp-content\/uploads\/2020\/07\/IMG_1734-scaled.jpg?fit=2560%2C1441&amp;ssl=1\" data-orig-size=\"2560,1441\" data-comments-opened=\"1\" data-image-meta=\"{&quot;aperture&quot;:&quot;1.8&quot;,&quot;credit&quot;:&quot;Picasa&quot;,&quot;camera&quot;:&quot;iPhone 7&quot;,&quot;caption&quot;:&quot;&quot;,&quot;created_timestamp&quot;:&quot;1594977724&quot;,&quot;copyright&quot;:&quot;&quot;,&quot;focal_length&quot;:&quot;3.99&quot;,&quot;iso&quot;:&quot;20&quot;,&quot;shutter_speed&quot;:&quot;0.00050100200400802&quot;,&quot;title&quot;:&quot;&quot;,&quot;orientation&quot;:&quot;0&quot;}\" data-image-title=\"IMG_1734\" data-image-description=\"\" data-image-caption=\"\" data-large-file=\"https:\/\/i0.wp.com\/imaginedemain.fr\/wp-content\/uploads\/2020\/07\/IMG_1734-scaled.jpg?fit=600%2C338&amp;ssl=1\" src=\"https:\/\/i0.wp.com\/imaginedemain.fr\/wp-content\/uploads\/2020\/07\/IMG_1734-1024x576.jpg?resize=600%2C338\" alt=\"\" class=\"wp-image-5914\" srcset=\"https:\/\/i0.wp.com\/imaginedemain.fr\/wp-content\/uploads\/2020\/07\/IMG_1734-scaled.jpg?resize=1024%2C576&amp;ssl=1 1024w, https:\/\/i0.wp.com\/imaginedemain.fr\/wp-content\/uploads\/2020\/07\/IMG_1734-scaled.jpg?resize=300%2C169&amp;ssl=1 300w, https:\/\/i0.wp.com\/imaginedemain.fr\/wp-content\/uploads\/2020\/07\/IMG_1734-scaled.jpg?resize=768%2C432&amp;ssl=1 768w, https:\/\/i0.wp.com\/imaginedemain.fr\/wp-content\/uploads\/2020\/07\/IMG_1734-scaled.jpg?resize=600%2C338&amp;ssl=1 600w, https:\/\/i0.wp.com\/imaginedemain.fr\/wp-content\/uploads\/2020\/07\/IMG_1734-scaled.jpg?resize=1536%2C864&amp;ssl=1 1536w, https:\/\/i0.wp.com\/imaginedemain.fr\/wp-content\/uploads\/2020\/07\/IMG_1734-scaled.jpg?resize=2048%2C1153&amp;ssl=1 2048w, https:\/\/i0.wp.com\/imaginedemain.fr\/wp-content\/uploads\/2020\/07\/IMG_1734-scaled.jpg?resize=1320%2C743&amp;ssl=1 1320w, https:\/\/i0.wp.com\/imaginedemain.fr\/wp-content\/uploads\/2020\/07\/IMG_1734-scaled.jpg?w=1200&amp;ssl=1 1200w, https:\/\/i0.wp.com\/imaginedemain.fr\/wp-content\/uploads\/2020\/07\/IMG_1734-scaled.jpg?w=1800&amp;ssl=1 1800w\" sizes=\"auto, (max-width: 600px) 100vw, 600px\" \/><\/figure>\n\n\n\n<figure class=\"wp-block-image\"><img data-recalc-dims=\"1\" loading=\"lazy\" decoding=\"async\" width=\"600\" height=\"338\" data-attachment-id=\"5916\" data-permalink=\"https:\/\/imaginedemain.fr\/img_1738\/\" data-orig-file=\"https:\/\/i0.wp.com\/imaginedemain.fr\/wp-content\/uploads\/2020\/07\/IMG_1738-scaled.jpg?fit=2560%2C1440&amp;ssl=1\" data-orig-size=\"2560,1440\" data-comments-opened=\"1\" data-image-meta=\"{&quot;aperture&quot;:&quot;1.8&quot;,&quot;credit&quot;:&quot;Picasa&quot;,&quot;camera&quot;:&quot;iPhone 7&quot;,&quot;caption&quot;:&quot;&quot;,&quot;created_timestamp&quot;:&quot;1594977782&quot;,&quot;copyright&quot;:&quot;&quot;,&quot;focal_length&quot;:&quot;3.99&quot;,&quot;iso&quot;:&quot;20&quot;,&quot;shutter_speed&quot;:&quot;0.00036496350364964&quot;,&quot;title&quot;:&quot;&quot;,&quot;orientation&quot;:&quot;0&quot;}\" data-image-title=\"IMG_1738\" data-image-description=\"\" data-image-caption=\"\" data-large-file=\"https:\/\/i0.wp.com\/imaginedemain.fr\/wp-content\/uploads\/2020\/07\/IMG_1738-scaled.jpg?fit=600%2C338&amp;ssl=1\" src=\"https:\/\/i0.wp.com\/imaginedemain.fr\/wp-content\/uploads\/2020\/07\/IMG_1738-1024x576.jpg?resize=600%2C338\" alt=\"\" class=\"wp-image-5916\" srcset=\"https:\/\/i0.wp.com\/imaginedemain.fr\/wp-content\/uploads\/2020\/07\/IMG_1738-scaled.jpg?resize=1024%2C576&amp;ssl=1 1024w, https:\/\/i0.wp.com\/imaginedemain.fr\/wp-content\/uploads\/2020\/07\/IMG_1738-scaled.jpg?resize=300%2C169&amp;ssl=1 300w, https:\/\/i0.wp.com\/imaginedemain.fr\/wp-content\/uploads\/2020\/07\/IMG_1738-scaled.jpg?resize=768%2C432&amp;ssl=1 768w, https:\/\/i0.wp.com\/imaginedemain.fr\/wp-content\/uploads\/2020\/07\/IMG_1738-scaled.jpg?resize=600%2C337&amp;ssl=1 600w, https:\/\/i0.wp.com\/imaginedemain.fr\/wp-content\/uploads\/2020\/07\/IMG_1738-scaled.jpg?resize=1536%2C864&amp;ssl=1 1536w, https:\/\/i0.wp.com\/imaginedemain.fr\/wp-content\/uploads\/2020\/07\/IMG_1738-scaled.jpg?resize=2048%2C1152&amp;ssl=1 2048w, https:\/\/i0.wp.com\/imaginedemain.fr\/wp-content\/uploads\/2020\/07\/IMG_1738-scaled.jpg?resize=1320%2C742&amp;ssl=1 1320w, https:\/\/i0.wp.com\/imaginedemain.fr\/wp-content\/uploads\/2020\/07\/IMG_1738-scaled.jpg?w=1200&amp;ssl=1 1200w, https:\/\/i0.wp.com\/imaginedemain.fr\/wp-content\/uploads\/2020\/07\/IMG_1738-scaled.jpg?w=1800&amp;ssl=1 1800w\" sizes=\"auto, (max-width: 600px) 100vw, 600px\" \/><\/figure>\n\n\n\n<p>Un manifestant pourtant pacifique vient de se faire bomber.<\/p>\n\n\n\n<figure class=\"wp-block-image\"><img data-recalc-dims=\"1\" loading=\"lazy\" decoding=\"async\" width=\"600\" height=\"338\" data-attachment-id=\"5915\" data-permalink=\"https:\/\/imaginedemain.fr\/img_1737\/\" data-orig-file=\"https:\/\/i0.wp.com\/imaginedemain.fr\/wp-content\/uploads\/2020\/07\/IMG_1737-scaled.jpg?fit=2560%2C1441&amp;ssl=1\" data-orig-size=\"2560,1441\" data-comments-opened=\"1\" data-image-meta=\"{&quot;aperture&quot;:&quot;1.8&quot;,&quot;credit&quot;:&quot;Picasa&quot;,&quot;camera&quot;:&quot;iPhone 7&quot;,&quot;caption&quot;:&quot;&quot;,&quot;created_timestamp&quot;:&quot;1594977768&quot;,&quot;copyright&quot;:&quot;&quot;,&quot;focal_length&quot;:&quot;3.99&quot;,&quot;iso&quot;:&quot;20&quot;,&quot;shutter_speed&quot;:&quot;0.00067888662593347&quot;,&quot;title&quot;:&quot;&quot;,&quot;orientation&quot;:&quot;0&quot;}\" data-image-title=\"IMG_1737\" data-image-description=\"\" data-image-caption=\"\" data-large-file=\"https:\/\/i0.wp.com\/imaginedemain.fr\/wp-content\/uploads\/2020\/07\/IMG_1737-scaled.jpg?fit=600%2C338&amp;ssl=1\" src=\"https:\/\/i0.wp.com\/imaginedemain.fr\/wp-content\/uploads\/2020\/07\/IMG_1737-1024x576.jpg?resize=600%2C338\" alt=\"\" class=\"wp-image-5915\" srcset=\"https:\/\/i0.wp.com\/imaginedemain.fr\/wp-content\/uploads\/2020\/07\/IMG_1737-scaled.jpg?resize=1024%2C576&amp;ssl=1 1024w, https:\/\/i0.wp.com\/imaginedemain.fr\/wp-content\/uploads\/2020\/07\/IMG_1737-scaled.jpg?resize=300%2C169&amp;ssl=1 300w, https:\/\/i0.wp.com\/imaginedemain.fr\/wp-content\/uploads\/2020\/07\/IMG_1737-scaled.jpg?resize=768%2C432&amp;ssl=1 768w, https:\/\/i0.wp.com\/imaginedemain.fr\/wp-content\/uploads\/2020\/07\/IMG_1737-scaled.jpg?resize=600%2C338&amp;ssl=1 600w, https:\/\/i0.wp.com\/imaginedemain.fr\/wp-content\/uploads\/2020\/07\/IMG_1737-scaled.jpg?resize=1536%2C864&amp;ssl=1 1536w, https:\/\/i0.wp.com\/imaginedemain.fr\/wp-content\/uploads\/2020\/07\/IMG_1737-scaled.jpg?resize=2048%2C1153&amp;ssl=1 2048w, https:\/\/i0.wp.com\/imaginedemain.fr\/wp-content\/uploads\/2020\/07\/IMG_1737-scaled.jpg?resize=1320%2C743&amp;ssl=1 1320w, https:\/\/i0.wp.com\/imaginedemain.fr\/wp-content\/uploads\/2020\/07\/IMG_1737-scaled.jpg?w=1200&amp;ssl=1 1200w, https:\/\/i0.wp.com\/imaginedemain.fr\/wp-content\/uploads\/2020\/07\/IMG_1737-scaled.jpg?w=1800&amp;ssl=1 1800w\" sizes=\"auto, (max-width: 600px) 100vw, 600px\" \/><\/figure>\n\n\n\n<p>Il semble que le patou soit plus dangereux pour les randonneurs que pour les ours. Nous verrons l\u2019ours seulement en photo dans une maison du Parc national. Seule cette institution se porte \u00e0 sa d\u00e9fense. Ailleurs on hait d\u00e9finitivement l&rsquo;ours, l&rsquo;ours slov\u00e8ne, cet \u00e9tranger au fort accent venu manger le pain des moutons fran\u00e7ais.<\/p>\n\n\n\n<figure class=\"wp-block-image\"><img data-recalc-dims=\"1\" loading=\"lazy\" decoding=\"async\" width=\"600\" height=\"337\" data-attachment-id=\"5930\" data-permalink=\"https:\/\/imaginedemain.fr\/img_e1698\/\" data-orig-file=\"https:\/\/i0.wp.com\/imaginedemain.fr\/wp-content\/uploads\/2020\/07\/IMG_E1698-scaled.jpg?fit=2560%2C1438&amp;ssl=1\" data-orig-size=\"2560,1438\" data-comments-opened=\"1\" data-image-meta=\"{&quot;aperture&quot;:&quot;1.8&quot;,&quot;credit&quot;:&quot;Picasa&quot;,&quot;camera&quot;:&quot;iPhone 7&quot;,&quot;caption&quot;:&quot;&quot;,&quot;created_timestamp&quot;:&quot;1594834363&quot;,&quot;copyright&quot;:&quot;&quot;,&quot;focal_length&quot;:&quot;3.99&quot;,&quot;iso&quot;:&quot;80&quot;,&quot;shutter_speed&quot;:&quot;0.14285714285714&quot;,&quot;title&quot;:&quot;&quot;,&quot;orientation&quot;:&quot;0&quot;}\" data-image-title=\"IMG_E1698\" data-image-description=\"\" data-image-caption=\"\" data-large-file=\"https:\/\/i0.wp.com\/imaginedemain.fr\/wp-content\/uploads\/2020\/07\/IMG_E1698-scaled.jpg?fit=600%2C337&amp;ssl=1\" src=\"https:\/\/i0.wp.com\/imaginedemain.fr\/wp-content\/uploads\/2020\/07\/IMG_E1698-1024x575.jpg?resize=600%2C337\" alt=\"\" class=\"wp-image-5930\" srcset=\"https:\/\/i0.wp.com\/imaginedemain.fr\/wp-content\/uploads\/2020\/07\/IMG_E1698-scaled.jpg?resize=1024%2C575&amp;ssl=1 1024w, https:\/\/i0.wp.com\/imaginedemain.fr\/wp-content\/uploads\/2020\/07\/IMG_E1698-scaled.jpg?resize=300%2C169&amp;ssl=1 300w, https:\/\/i0.wp.com\/imaginedemain.fr\/wp-content\/uploads\/2020\/07\/IMG_E1698-scaled.jpg?resize=768%2C431&amp;ssl=1 768w, https:\/\/i0.wp.com\/imaginedemain.fr\/wp-content\/uploads\/2020\/07\/IMG_E1698-scaled.jpg?resize=600%2C337&amp;ssl=1 600w, https:\/\/i0.wp.com\/imaginedemain.fr\/wp-content\/uploads\/2020\/07\/IMG_E1698-scaled.jpg?resize=1536%2C863&amp;ssl=1 1536w, https:\/\/i0.wp.com\/imaginedemain.fr\/wp-content\/uploads\/2020\/07\/IMG_E1698-scaled.jpg?resize=2048%2C1151&amp;ssl=1 2048w, https:\/\/i0.wp.com\/imaginedemain.fr\/wp-content\/uploads\/2020\/07\/IMG_E1698-scaled.jpg?resize=1320%2C742&amp;ssl=1 1320w, https:\/\/i0.wp.com\/imaginedemain.fr\/wp-content\/uploads\/2020\/07\/IMG_E1698-scaled.jpg?w=1200&amp;ssl=1 1200w, https:\/\/i0.wp.com\/imaginedemain.fr\/wp-content\/uploads\/2020\/07\/IMG_E1698-scaled.jpg?w=1800&amp;ssl=1 1800w\" sizes=\"auto, (max-width: 600px) 100vw, 600px\" \/><\/figure>\n\n\n\n<p>Cette vache rumine, regard en coin, dans la posture avantageuse de la Grande Odalisque. Nul doute que Jean-Baptiste Ingres soit venu chercher ici son mod\u00e8le, croupe sur croupe, dans ce B\u00e9arn d&rsquo;altitude.<\/p>\n\n\n\n<figure class=\"wp-block-image\"><img data-recalc-dims=\"1\" loading=\"lazy\" decoding=\"async\" width=\"600\" height=\"338\" data-attachment-id=\"5902\" data-permalink=\"https:\/\/imaginedemain.fr\/img_1606\/\" data-orig-file=\"https:\/\/i0.wp.com\/imaginedemain.fr\/wp-content\/uploads\/2020\/07\/IMG_1606-scaled.jpg?fit=2560%2C1439&amp;ssl=1\" data-orig-size=\"2560,1439\" data-comments-opened=\"1\" data-image-meta=\"{&quot;aperture&quot;:&quot;1.8&quot;,&quot;credit&quot;:&quot;Picasa&quot;,&quot;camera&quot;:&quot;iPhone 7&quot;,&quot;caption&quot;:&quot;&quot;,&quot;created_timestamp&quot;:&quot;1594542270&quot;,&quot;copyright&quot;:&quot;&quot;,&quot;focal_length&quot;:&quot;3.99&quot;,&quot;iso&quot;:&quot;20&quot;,&quot;shutter_speed&quot;:&quot;0.0010649627263046&quot;,&quot;title&quot;:&quot;&quot;,&quot;orientation&quot;:&quot;0&quot;}\" data-image-title=\"IMG_1606\" data-image-description=\"\" data-image-caption=\"\" data-large-file=\"https:\/\/i0.wp.com\/imaginedemain.fr\/wp-content\/uploads\/2020\/07\/IMG_1606-scaled.jpg?fit=600%2C338&amp;ssl=1\" src=\"https:\/\/i0.wp.com\/imaginedemain.fr\/wp-content\/uploads\/2020\/07\/IMG_1606-1024x576.jpg?resize=600%2C338\" alt=\"\" class=\"wp-image-5902\" srcset=\"https:\/\/i0.wp.com\/imaginedemain.fr\/wp-content\/uploads\/2020\/07\/IMG_1606-scaled.jpg?resize=1024%2C576&amp;ssl=1 1024w, https:\/\/i0.wp.com\/imaginedemain.fr\/wp-content\/uploads\/2020\/07\/IMG_1606-scaled.jpg?resize=300%2C169&amp;ssl=1 300w, https:\/\/i0.wp.com\/imaginedemain.fr\/wp-content\/uploads\/2020\/07\/IMG_1606-scaled.jpg?resize=768%2C432&amp;ssl=1 768w, https:\/\/i0.wp.com\/imaginedemain.fr\/wp-content\/uploads\/2020\/07\/IMG_1606-scaled.jpg?resize=600%2C337&amp;ssl=1 600w, https:\/\/i0.wp.com\/imaginedemain.fr\/wp-content\/uploads\/2020\/07\/IMG_1606-scaled.jpg?resize=1536%2C864&amp;ssl=1 1536w, https:\/\/i0.wp.com\/imaginedemain.fr\/wp-content\/uploads\/2020\/07\/IMG_1606-scaled.jpg?resize=2048%2C1151&amp;ssl=1 2048w, https:\/\/i0.wp.com\/imaginedemain.fr\/wp-content\/uploads\/2020\/07\/IMG_1606-scaled.jpg?resize=1320%2C742&amp;ssl=1 1320w, https:\/\/i0.wp.com\/imaginedemain.fr\/wp-content\/uploads\/2020\/07\/IMG_1606-scaled.jpg?w=1200&amp;ssl=1 1200w, https:\/\/i0.wp.com\/imaginedemain.fr\/wp-content\/uploads\/2020\/07\/IMG_1606-scaled.jpg?w=1800&amp;ssl=1 1800w\" sizes=\"auto, (max-width: 600px) 100vw, 600px\" \/><\/figure>\n\n\n\n<p>Nous passons \u00e0 Lescun sous une grisaille et une fra\u00eecheur persistantes. Un couple tr\u00e8s \u00e2g\u00e9 et d&rsquo;une franche gait\u00e9 nous y raconte le Lescun de 1940, dix fois plus peupl\u00e9, cur\u00e9 \u00e0 l&rsquo;ann\u00e9e, \u00e9cole \u00e9l\u00e9mentaire braillante. Tout cette vie disparue. A l&rsquo;inverse la toute nouvelle propri\u00e9taire du gite nous refuse d&rsquo;allumer un feu de chemin\u00e9e quoique nous soyons transis. Elle nous refuse aussi un petit morceau de savon tandis que nous sommes candidats \u00e0 la douche. Mais alors Madame, pourquoi tenir un gite de randonn\u00e9e quand il y a tant \u00e0 faire dans l\u2019administration p\u00e9nitentiaire?<\/p>\n\n\n\n<figure class=\"wp-block-image\"><img data-recalc-dims=\"1\" loading=\"lazy\" decoding=\"async\" width=\"600\" height=\"338\" data-attachment-id=\"5929\" data-permalink=\"https:\/\/imaginedemain.fr\/img_e1686\/\" data-orig-file=\"https:\/\/i0.wp.com\/imaginedemain.fr\/wp-content\/uploads\/2020\/07\/IMG_E1686-scaled.jpg?fit=2560%2C1441&amp;ssl=1\" data-orig-size=\"2560,1441\" data-comments-opened=\"1\" data-image-meta=\"{&quot;aperture&quot;:&quot;1.8&quot;,&quot;credit&quot;:&quot;Picasa&quot;,&quot;camera&quot;:&quot;iPhone 7&quot;,&quot;caption&quot;:&quot;&quot;,&quot;created_timestamp&quot;:&quot;1594803636&quot;,&quot;copyright&quot;:&quot;&quot;,&quot;focal_length&quot;:&quot;3.99&quot;,&quot;iso&quot;:&quot;20&quot;,&quot;shutter_speed&quot;:&quot;0.0016181229773463&quot;,&quot;title&quot;:&quot;&quot;,&quot;orientation&quot;:&quot;0&quot;}\" data-image-title=\"IMG_E1686\" data-image-description=\"\" data-image-caption=\"\" data-large-file=\"https:\/\/i0.wp.com\/imaginedemain.fr\/wp-content\/uploads\/2020\/07\/IMG_E1686-scaled.jpg?fit=600%2C338&amp;ssl=1\" src=\"https:\/\/i0.wp.com\/imaginedemain.fr\/wp-content\/uploads\/2020\/07\/IMG_E1686-1024x576.jpg?resize=600%2C338\" alt=\"\" class=\"wp-image-5929\" srcset=\"https:\/\/i0.wp.com\/imaginedemain.fr\/wp-content\/uploads\/2020\/07\/IMG_E1686-scaled.jpg?resize=1024%2C576&amp;ssl=1 1024w, https:\/\/i0.wp.com\/imaginedemain.fr\/wp-content\/uploads\/2020\/07\/IMG_E1686-scaled.jpg?resize=300%2C169&amp;ssl=1 300w, https:\/\/i0.wp.com\/imaginedemain.fr\/wp-content\/uploads\/2020\/07\/IMG_E1686-scaled.jpg?resize=768%2C432&amp;ssl=1 768w, https:\/\/i0.wp.com\/imaginedemain.fr\/wp-content\/uploads\/2020\/07\/IMG_E1686-scaled.jpg?resize=600%2C338&amp;ssl=1 600w, https:\/\/i0.wp.com\/imaginedemain.fr\/wp-content\/uploads\/2020\/07\/IMG_E1686-scaled.jpg?resize=1536%2C864&amp;ssl=1 1536w, https:\/\/i0.wp.com\/imaginedemain.fr\/wp-content\/uploads\/2020\/07\/IMG_E1686-scaled.jpg?resize=2048%2C1153&amp;ssl=1 2048w, https:\/\/i0.wp.com\/imaginedemain.fr\/wp-content\/uploads\/2020\/07\/IMG_E1686-scaled.jpg?resize=1320%2C743&amp;ssl=1 1320w, https:\/\/i0.wp.com\/imaginedemain.fr\/wp-content\/uploads\/2020\/07\/IMG_E1686-scaled.jpg?w=1200&amp;ssl=1 1200w, https:\/\/i0.wp.com\/imaginedemain.fr\/wp-content\/uploads\/2020\/07\/IMG_E1686-scaled.jpg?w=1800&amp;ssl=1 1800w\" sizes=\"auto, (max-width: 600px) 100vw, 600px\" \/><\/figure>\n\n\n\n<p>Le Pic du Midi d\u2019Ossau, l\u2019Ossau pour ses intimes, est sans conteste le prince de ces montagnes. D\u2019o\u00f9 qu\u2019on le d\u00e9couvre l\u2019\u00e9motion est l\u00e0. M\u00eame du boulevard des Pyr\u00e9n\u00e9es \u00e0 Pau, il s\u2019encadre, il s\u2019encastre, il s\u2019enchasse dans la cha\u00eene.  Alors depuis les cols et cimes alentour c\u2019est juste une montagne \u00e9blouissante.<\/p>\n\n\n\n<figure class=\"wp-block-image\"><img data-recalc-dims=\"1\" loading=\"lazy\" decoding=\"async\" width=\"600\" height=\"338\" data-attachment-id=\"5919\" data-permalink=\"https:\/\/imaginedemain.fr\/img_1752\/\" data-orig-file=\"https:\/\/i0.wp.com\/imaginedemain.fr\/wp-content\/uploads\/2020\/07\/IMG_1752-scaled.jpg?fit=2560%2C1441&amp;ssl=1\" data-orig-size=\"2560,1441\" data-comments-opened=\"1\" data-image-meta=\"{&quot;aperture&quot;:&quot;1.8&quot;,&quot;credit&quot;:&quot;Picasa&quot;,&quot;camera&quot;:&quot;iPhone 7&quot;,&quot;caption&quot;:&quot;&quot;,&quot;created_timestamp&quot;:&quot;1594989424&quot;,&quot;copyright&quot;:&quot;&quot;,&quot;focal_length&quot;:&quot;3.99&quot;,&quot;iso&quot;:&quot;20&quot;,&quot;shutter_speed&quot;:&quot;0.0002289901534234&quot;,&quot;title&quot;:&quot;&quot;,&quot;orientation&quot;:&quot;0&quot;}\" data-image-title=\"IMG_1752\" data-image-description=\"\" data-image-caption=\"\" data-large-file=\"https:\/\/i0.wp.com\/imaginedemain.fr\/wp-content\/uploads\/2020\/07\/IMG_1752-scaled.jpg?fit=600%2C338&amp;ssl=1\" src=\"https:\/\/i0.wp.com\/imaginedemain.fr\/wp-content\/uploads\/2020\/07\/IMG_1752-1024x577.jpg?resize=600%2C338\" alt=\"\" class=\"wp-image-5919\" srcset=\"https:\/\/i0.wp.com\/imaginedemain.fr\/wp-content\/uploads\/2020\/07\/IMG_1752-scaled.jpg?resize=1024%2C577&amp;ssl=1 1024w, https:\/\/i0.wp.com\/imaginedemain.fr\/wp-content\/uploads\/2020\/07\/IMG_1752-scaled.jpg?resize=300%2C169&amp;ssl=1 300w, https:\/\/i0.wp.com\/imaginedemain.fr\/wp-content\/uploads\/2020\/07\/IMG_1752-scaled.jpg?resize=768%2C432&amp;ssl=1 768w, https:\/\/i0.wp.com\/imaginedemain.fr\/wp-content\/uploads\/2020\/07\/IMG_1752-scaled.jpg?resize=600%2C338&amp;ssl=1 600w, https:\/\/i0.wp.com\/imaginedemain.fr\/wp-content\/uploads\/2020\/07\/IMG_1752-scaled.jpg?resize=1536%2C865&amp;ssl=1 1536w, https:\/\/i0.wp.com\/imaginedemain.fr\/wp-content\/uploads\/2020\/07\/IMG_1752-scaled.jpg?resize=2048%2C1153&amp;ssl=1 2048w, https:\/\/i0.wp.com\/imaginedemain.fr\/wp-content\/uploads\/2020\/07\/IMG_1752-scaled.jpg?resize=1320%2C743&amp;ssl=1 1320w, https:\/\/i0.wp.com\/imaginedemain.fr\/wp-content\/uploads\/2020\/07\/IMG_1752-scaled.jpg?w=1200&amp;ssl=1 1200w, https:\/\/i0.wp.com\/imaginedemain.fr\/wp-content\/uploads\/2020\/07\/IMG_1752-scaled.jpg?w=1800&amp;ssl=1 1800w\" sizes=\"auto, (max-width: 600px) 100vw, 600px\" \/><\/figure>\n\n\n\n<figure class=\"wp-block-image\"><img data-recalc-dims=\"1\" loading=\"lazy\" decoding=\"async\" width=\"600\" height=\"338\" data-attachment-id=\"5928\" data-permalink=\"https:\/\/imaginedemain.fr\/img_e1682\/\" data-orig-file=\"https:\/\/i0.wp.com\/imaginedemain.fr\/wp-content\/uploads\/2020\/07\/IMG_E1682-scaled.jpg?fit=2560%2C1441&amp;ssl=1\" data-orig-size=\"2560,1441\" data-comments-opened=\"1\" data-image-meta=\"{&quot;aperture&quot;:&quot;1.8&quot;,&quot;credit&quot;:&quot;Picasa&quot;,&quot;camera&quot;:&quot;iPhone 7&quot;,&quot;caption&quot;:&quot;&quot;,&quot;created_timestamp&quot;:&quot;1594725858&quot;,&quot;copyright&quot;:&quot;&quot;,&quot;focal_length&quot;:&quot;3.99&quot;,&quot;iso&quot;:&quot;20&quot;,&quot;shutter_speed&quot;:&quot;0.00023998080153588&quot;,&quot;title&quot;:&quot;&quot;,&quot;orientation&quot;:&quot;0&quot;}\" data-image-title=\"IMG_E1682\" data-image-description=\"\" data-image-caption=\"\" data-large-file=\"https:\/\/i0.wp.com\/imaginedemain.fr\/wp-content\/uploads\/2020\/07\/IMG_E1682-scaled.jpg?fit=600%2C338&amp;ssl=1\" src=\"https:\/\/i0.wp.com\/imaginedemain.fr\/wp-content\/uploads\/2020\/07\/IMG_E1682-1024x576.jpg?resize=600%2C338\" alt=\"\" class=\"wp-image-5928\" srcset=\"https:\/\/i0.wp.com\/imaginedemain.fr\/wp-content\/uploads\/2020\/07\/IMG_E1682-scaled.jpg?resize=1024%2C576&amp;ssl=1 1024w, https:\/\/i0.wp.com\/imaginedemain.fr\/wp-content\/uploads\/2020\/07\/IMG_E1682-scaled.jpg?resize=300%2C169&amp;ssl=1 300w, https:\/\/i0.wp.com\/imaginedemain.fr\/wp-content\/uploads\/2020\/07\/IMG_E1682-scaled.jpg?resize=768%2C432&amp;ssl=1 768w, https:\/\/i0.wp.com\/imaginedemain.fr\/wp-content\/uploads\/2020\/07\/IMG_E1682-scaled.jpg?resize=600%2C338&amp;ssl=1 600w, https:\/\/i0.wp.com\/imaginedemain.fr\/wp-content\/uploads\/2020\/07\/IMG_E1682-scaled.jpg?resize=1536%2C864&amp;ssl=1 1536w, https:\/\/i0.wp.com\/imaginedemain.fr\/wp-content\/uploads\/2020\/07\/IMG_E1682-scaled.jpg?resize=2048%2C1153&amp;ssl=1 2048w, https:\/\/i0.wp.com\/imaginedemain.fr\/wp-content\/uploads\/2020\/07\/IMG_E1682-scaled.jpg?resize=1320%2C743&amp;ssl=1 1320w, https:\/\/i0.wp.com\/imaginedemain.fr\/wp-content\/uploads\/2020\/07\/IMG_E1682-scaled.jpg?w=1200&amp;ssl=1 1200w, https:\/\/i0.wp.com\/imaginedemain.fr\/wp-content\/uploads\/2020\/07\/IMG_E1682-scaled.jpg?w=1800&amp;ssl=1 1800w\" sizes=\"auto, (max-width: 600px) 100vw, 600px\" \/><\/figure>\n\n\n\n<figure class=\"wp-block-image\"><img data-recalc-dims=\"1\" loading=\"lazy\" decoding=\"async\" width=\"600\" height=\"338\" data-attachment-id=\"5918\" data-permalink=\"https:\/\/imaginedemain.fr\/img_1746\/\" data-orig-file=\"https:\/\/i0.wp.com\/imaginedemain.fr\/wp-content\/uploads\/2020\/07\/IMG_1746-scaled.jpg?fit=2560%2C1443&amp;ssl=1\" data-orig-size=\"2560,1443\" data-comments-opened=\"1\" data-image-meta=\"{&quot;aperture&quot;:&quot;1.8&quot;,&quot;credit&quot;:&quot;Picasa&quot;,&quot;camera&quot;:&quot;iPhone 7&quot;,&quot;caption&quot;:&quot;&quot;,&quot;created_timestamp&quot;:&quot;1594985273&quot;,&quot;copyright&quot;:&quot;&quot;,&quot;focal_length&quot;:&quot;3.99&quot;,&quot;iso&quot;:&quot;20&quot;,&quot;shutter_speed&quot;:&quot;0.00036496350364964&quot;,&quot;title&quot;:&quot;&quot;,&quot;orientation&quot;:&quot;0&quot;}\" data-image-title=\"IMG_1746\" data-image-description=\"\" data-image-caption=\"\" data-large-file=\"https:\/\/i0.wp.com\/imaginedemain.fr\/wp-content\/uploads\/2020\/07\/IMG_1746-scaled.jpg?fit=600%2C338&amp;ssl=1\" src=\"https:\/\/i0.wp.com\/imaginedemain.fr\/wp-content\/uploads\/2020\/07\/IMG_1746-1024x577.jpg?resize=600%2C338\" alt=\"\" class=\"wp-image-5918\" srcset=\"https:\/\/i0.wp.com\/imaginedemain.fr\/wp-content\/uploads\/2020\/07\/IMG_1746-scaled.jpg?resize=1024%2C577&amp;ssl=1 1024w, https:\/\/i0.wp.com\/imaginedemain.fr\/wp-content\/uploads\/2020\/07\/IMG_1746-scaled.jpg?resize=300%2C169&amp;ssl=1 300w, https:\/\/i0.wp.com\/imaginedemain.fr\/wp-content\/uploads\/2020\/07\/IMG_1746-scaled.jpg?resize=768%2C433&amp;ssl=1 768w, https:\/\/i0.wp.com\/imaginedemain.fr\/wp-content\/uploads\/2020\/07\/IMG_1746-scaled.jpg?resize=600%2C338&amp;ssl=1 600w, https:\/\/i0.wp.com\/imaginedemain.fr\/wp-content\/uploads\/2020\/07\/IMG_1746-scaled.jpg?resize=1536%2C866&amp;ssl=1 1536w, https:\/\/i0.wp.com\/imaginedemain.fr\/wp-content\/uploads\/2020\/07\/IMG_1746-scaled.jpg?resize=2048%2C1155&amp;ssl=1 2048w, https:\/\/i0.wp.com\/imaginedemain.fr\/wp-content\/uploads\/2020\/07\/IMG_1746-scaled.jpg?resize=1320%2C744&amp;ssl=1 1320w, https:\/\/i0.wp.com\/imaginedemain.fr\/wp-content\/uploads\/2020\/07\/IMG_1746-scaled.jpg?w=1200&amp;ssl=1 1200w, https:\/\/i0.wp.com\/imaginedemain.fr\/wp-content\/uploads\/2020\/07\/IMG_1746-scaled.jpg?w=1800&amp;ssl=1 1800w\" sizes=\"auto, (max-width: 600px) 100vw, 600px\" \/><\/figure>\n\n\n\n<figure class=\"wp-block-image\"><img data-recalc-dims=\"1\" loading=\"lazy\" decoding=\"async\" width=\"600\" height=\"338\" data-attachment-id=\"5927\" data-permalink=\"https:\/\/imaginedemain.fr\/img_5543\/\" data-orig-file=\"https:\/\/i0.wp.com\/imaginedemain.fr\/wp-content\/uploads\/2020\/07\/IMG_5543-scaled.jpg?fit=2560%2C1439&amp;ssl=1\" data-orig-size=\"2560,1439\" data-comments-opened=\"1\" data-image-meta=\"{&quot;aperture&quot;:&quot;2.2&quot;,&quot;credit&quot;:&quot;Picasa&quot;,&quot;camera&quot;:&quot;iPhone SE (1st generation)&quot;,&quot;caption&quot;:&quot;&quot;,&quot;created_timestamp&quot;:&quot;1594914514&quot;,&quot;copyright&quot;:&quot;&quot;,&quot;focal_length&quot;:&quot;4.15&quot;,&quot;iso&quot;:&quot;25&quot;,&quot;shutter_speed&quot;:&quot;0.00045495905368517&quot;,&quot;title&quot;:&quot;&quot;,&quot;orientation&quot;:&quot;0&quot;}\" data-image-title=\"IMG_5543\" data-image-description=\"\" data-image-caption=\"\" data-large-file=\"https:\/\/i0.wp.com\/imaginedemain.fr\/wp-content\/uploads\/2020\/07\/IMG_5543-scaled.jpg?fit=600%2C338&amp;ssl=1\" src=\"https:\/\/i0.wp.com\/imaginedemain.fr\/wp-content\/uploads\/2020\/07\/IMG_5543-1024x576.jpg?resize=600%2C338\" alt=\"\" class=\"wp-image-5927\" srcset=\"https:\/\/i0.wp.com\/imaginedemain.fr\/wp-content\/uploads\/2020\/07\/IMG_5543-scaled.jpg?resize=1024%2C576&amp;ssl=1 1024w, https:\/\/i0.wp.com\/imaginedemain.fr\/wp-content\/uploads\/2020\/07\/IMG_5543-scaled.jpg?resize=300%2C169&amp;ssl=1 300w, https:\/\/i0.wp.com\/imaginedemain.fr\/wp-content\/uploads\/2020\/07\/IMG_5543-scaled.jpg?resize=768%2C432&amp;ssl=1 768w, https:\/\/i0.wp.com\/imaginedemain.fr\/wp-content\/uploads\/2020\/07\/IMG_5543-scaled.jpg?resize=600%2C337&amp;ssl=1 600w, https:\/\/i0.wp.com\/imaginedemain.fr\/wp-content\/uploads\/2020\/07\/IMG_5543-scaled.jpg?resize=1536%2C864&amp;ssl=1 1536w, https:\/\/i0.wp.com\/imaginedemain.fr\/wp-content\/uploads\/2020\/07\/IMG_5543-scaled.jpg?resize=2048%2C1151&amp;ssl=1 2048w, https:\/\/i0.wp.com\/imaginedemain.fr\/wp-content\/uploads\/2020\/07\/IMG_5543-scaled.jpg?resize=1320%2C742&amp;ssl=1 1320w, https:\/\/i0.wp.com\/imaginedemain.fr\/wp-content\/uploads\/2020\/07\/IMG_5543-scaled.jpg?w=1200&amp;ssl=1 1200w, https:\/\/i0.wp.com\/imaginedemain.fr\/wp-content\/uploads\/2020\/07\/IMG_5543-scaled.jpg?w=1800&amp;ssl=1 1800w\" sizes=\"auto, (max-width: 600px) 100vw, 600px\" \/><\/figure>\n\n\n\n<p>Ces iris sur fond d\u2019Ossau et de mer de nuages se sont pos\u00e9s dans un d\u00e9cor de r\u00eave. <\/p>\n\n\n\n<figure class=\"wp-block-image\"><img data-recalc-dims=\"1\" loading=\"lazy\" decoding=\"async\" width=\"600\" height=\"338\" data-attachment-id=\"5913\" data-permalink=\"https:\/\/imaginedemain.fr\/img_1733\/\" data-orig-file=\"https:\/\/i0.wp.com\/imaginedemain.fr\/wp-content\/uploads\/2020\/07\/IMG_1733-scaled.jpg?fit=2560%2C1443&amp;ssl=1\" data-orig-size=\"2560,1443\" data-comments-opened=\"1\" data-image-meta=\"{&quot;aperture&quot;:&quot;1.8&quot;,&quot;credit&quot;:&quot;Picasa&quot;,&quot;camera&quot;:&quot;iPhone 7&quot;,&quot;caption&quot;:&quot;&quot;,&quot;created_timestamp&quot;:&quot;1594977021&quot;,&quot;copyright&quot;:&quot;&quot;,&quot;focal_length&quot;:&quot;3.99&quot;,&quot;iso&quot;:&quot;25&quot;,&quot;shutter_speed&quot;:&quot;9.4002632073698E-5&quot;,&quot;title&quot;:&quot;&quot;,&quot;orientation&quot;:&quot;0&quot;}\" data-image-title=\"IMG_1733\" data-image-description=\"\" data-image-caption=\"\" data-large-file=\"https:\/\/i0.wp.com\/imaginedemain.fr\/wp-content\/uploads\/2020\/07\/IMG_1733-scaled.jpg?fit=600%2C338&amp;ssl=1\" src=\"https:\/\/i0.wp.com\/imaginedemain.fr\/wp-content\/uploads\/2020\/07\/IMG_1733-1024x577.jpg?resize=600%2C338\" alt=\"\" class=\"wp-image-5913\" srcset=\"https:\/\/i0.wp.com\/imaginedemain.fr\/wp-content\/uploads\/2020\/07\/IMG_1733-scaled.jpg?resize=1024%2C577&amp;ssl=1 1024w, https:\/\/i0.wp.com\/imaginedemain.fr\/wp-content\/uploads\/2020\/07\/IMG_1733-scaled.jpg?resize=300%2C169&amp;ssl=1 300w, https:\/\/i0.wp.com\/imaginedemain.fr\/wp-content\/uploads\/2020\/07\/IMG_1733-scaled.jpg?resize=768%2C433&amp;ssl=1 768w, https:\/\/i0.wp.com\/imaginedemain.fr\/wp-content\/uploads\/2020\/07\/IMG_1733-scaled.jpg?resize=600%2C338&amp;ssl=1 600w, https:\/\/i0.wp.com\/imaginedemain.fr\/wp-content\/uploads\/2020\/07\/IMG_1733-scaled.jpg?resize=1536%2C866&amp;ssl=1 1536w, https:\/\/i0.wp.com\/imaginedemain.fr\/wp-content\/uploads\/2020\/07\/IMG_1733-scaled.jpg?resize=2048%2C1155&amp;ssl=1 2048w, https:\/\/i0.wp.com\/imaginedemain.fr\/wp-content\/uploads\/2020\/07\/IMG_1733-scaled.jpg?resize=1320%2C744&amp;ssl=1 1320w, https:\/\/i0.wp.com\/imaginedemain.fr\/wp-content\/uploads\/2020\/07\/IMG_1733-scaled.jpg?w=1200&amp;ssl=1 1200w, https:\/\/i0.wp.com\/imaginedemain.fr\/wp-content\/uploads\/2020\/07\/IMG_1733-scaled.jpg?w=1800&amp;ssl=1 1800w\" sizes=\"auto, (max-width: 600px) 100vw, 600px\" \/><\/figure>\n\n\n\n<p>Neuf jours de marche avec 12 ou 13 kilos sur le dos, c\u2019est la bonne dose pour tester les machines. Comme dans toutes les Pyr\u00e9n\u00e9es, le parcours enchaine cols \u00e9lev\u00e9s et vall\u00e9es profondes. Avec souvent de grosses bavantes, il n\u2019y a pas d\u2019autre mot pour le dire. L\u2019\u00e9tape d\u2019Escaut au lac d\u2019Ayous nous fait remonter 1600 m\u00e8tres d\u2019un seul tenant &#8230; Au d\u00e9but de ce rampaillou nous empruntons le spectaculaire chemin de la mature, mais ce n\u2019est qu\u2019un hors d\u2019oeuvre.<\/p>\n\n\n\n<figure class=\"wp-block-image\"><img data-recalc-dims=\"1\" loading=\"lazy\" decoding=\"async\" width=\"600\" height=\"338\" data-attachment-id=\"5926\" data-permalink=\"https:\/\/imaginedemain.fr\/img_5539\/\" data-orig-file=\"https:\/\/i0.wp.com\/imaginedemain.fr\/wp-content\/uploads\/2020\/07\/IMG_5539-scaled.jpg?fit=2560%2C1439&amp;ssl=1\" data-orig-size=\"2560,1439\" data-comments-opened=\"1\" data-image-meta=\"{&quot;aperture&quot;:&quot;2.2&quot;,&quot;credit&quot;:&quot;Picasa&quot;,&quot;camera&quot;:&quot;iPhone SE (1st generation)&quot;,&quot;caption&quot;:&quot;&quot;,&quot;created_timestamp&quot;:&quot;1594890179&quot;,&quot;copyright&quot;:&quot;&quot;,&quot;focal_length&quot;:&quot;4.15&quot;,&quot;iso&quot;:&quot;25&quot;,&quot;shutter_speed&quot;:&quot;0.0088495575221239&quot;,&quot;title&quot;:&quot;&quot;,&quot;orientation&quot;:&quot;0&quot;}\" data-image-title=\"IMG_5539\" data-image-description=\"\" data-image-caption=\"\" data-large-file=\"https:\/\/i0.wp.com\/imaginedemain.fr\/wp-content\/uploads\/2020\/07\/IMG_5539-scaled.jpg?fit=600%2C338&amp;ssl=1\" src=\"https:\/\/i0.wp.com\/imaginedemain.fr\/wp-content\/uploads\/2020\/07\/IMG_5539-1024x576.jpg?resize=600%2C338\" alt=\"\" class=\"wp-image-5926\" srcset=\"https:\/\/i0.wp.com\/imaginedemain.fr\/wp-content\/uploads\/2020\/07\/IMG_5539-scaled.jpg?resize=1024%2C576&amp;ssl=1 1024w, https:\/\/i0.wp.com\/imaginedemain.fr\/wp-content\/uploads\/2020\/07\/IMG_5539-scaled.jpg?resize=300%2C169&amp;ssl=1 300w, https:\/\/i0.wp.com\/imaginedemain.fr\/wp-content\/uploads\/2020\/07\/IMG_5539-scaled.jpg?resize=768%2C432&amp;ssl=1 768w, https:\/\/i0.wp.com\/imaginedemain.fr\/wp-content\/uploads\/2020\/07\/IMG_5539-scaled.jpg?resize=600%2C337&amp;ssl=1 600w, https:\/\/i0.wp.com\/imaginedemain.fr\/wp-content\/uploads\/2020\/07\/IMG_5539-scaled.jpg?resize=1536%2C864&amp;ssl=1 1536w, https:\/\/i0.wp.com\/imaginedemain.fr\/wp-content\/uploads\/2020\/07\/IMG_5539-scaled.jpg?resize=2048%2C1151&amp;ssl=1 2048w, https:\/\/i0.wp.com\/imaginedemain.fr\/wp-content\/uploads\/2020\/07\/IMG_5539-scaled.jpg?resize=1320%2C742&amp;ssl=1 1320w, https:\/\/i0.wp.com\/imaginedemain.fr\/wp-content\/uploads\/2020\/07\/IMG_5539-scaled.jpg?w=1200&amp;ssl=1 1200w, https:\/\/i0.wp.com\/imaginedemain.fr\/wp-content\/uploads\/2020\/07\/IMG_5539-scaled.jpg?w=1800&amp;ssl=1 1800w\" sizes=\"auto, (max-width: 600px) 100vw, 600px\" \/><\/figure>\n\n\n\n<figure class=\"wp-block-image\"><img data-recalc-dims=\"1\" loading=\"lazy\" decoding=\"async\" width=\"600\" height=\"338\" data-attachment-id=\"5925\" data-permalink=\"https:\/\/imaginedemain.fr\/img_5535\/\" data-orig-file=\"https:\/\/i0.wp.com\/imaginedemain.fr\/wp-content\/uploads\/2020\/07\/IMG_5535-scaled.jpg?fit=2560%2C1443&amp;ssl=1\" data-orig-size=\"2560,1443\" data-comments-opened=\"1\" data-image-meta=\"{&quot;aperture&quot;:&quot;2.2&quot;,&quot;credit&quot;:&quot;Picasa&quot;,&quot;camera&quot;:&quot;iPhone SE (1st generation)&quot;,&quot;caption&quot;:&quot;&quot;,&quot;created_timestamp&quot;:&quot;1594889992&quot;,&quot;copyright&quot;:&quot;&quot;,&quot;focal_length&quot;:&quot;4.15&quot;,&quot;iso&quot;:&quot;25&quot;,&quot;shutter_speed&quot;:&quot;0.0052356020942408&quot;,&quot;title&quot;:&quot;&quot;,&quot;orientation&quot;:&quot;0&quot;}\" data-image-title=\"IMG_5535\" data-image-description=\"\" data-image-caption=\"\" data-large-file=\"https:\/\/i0.wp.com\/imaginedemain.fr\/wp-content\/uploads\/2020\/07\/IMG_5535-scaled.jpg?fit=600%2C338&amp;ssl=1\" src=\"https:\/\/i0.wp.com\/imaginedemain.fr\/wp-content\/uploads\/2020\/07\/IMG_5535-1024x577.jpg?resize=600%2C338\" alt=\"\" class=\"wp-image-5925\" srcset=\"https:\/\/i0.wp.com\/imaginedemain.fr\/wp-content\/uploads\/2020\/07\/IMG_5535-scaled.jpg?resize=1024%2C577&amp;ssl=1 1024w, https:\/\/i0.wp.com\/imaginedemain.fr\/wp-content\/uploads\/2020\/07\/IMG_5535-scaled.jpg?resize=300%2C169&amp;ssl=1 300w, https:\/\/i0.wp.com\/imaginedemain.fr\/wp-content\/uploads\/2020\/07\/IMG_5535-scaled.jpg?resize=768%2C433&amp;ssl=1 768w, https:\/\/i0.wp.com\/imaginedemain.fr\/wp-content\/uploads\/2020\/07\/IMG_5535-scaled.jpg?resize=600%2C338&amp;ssl=1 600w, https:\/\/i0.wp.com\/imaginedemain.fr\/wp-content\/uploads\/2020\/07\/IMG_5535-scaled.jpg?resize=1536%2C866&amp;ssl=1 1536w, https:\/\/i0.wp.com\/imaginedemain.fr\/wp-content\/uploads\/2020\/07\/IMG_5535-scaled.jpg?resize=2048%2C1155&amp;ssl=1 2048w, https:\/\/i0.wp.com\/imaginedemain.fr\/wp-content\/uploads\/2020\/07\/IMG_5535-scaled.jpg?resize=1320%2C744&amp;ssl=1 1320w, https:\/\/i0.wp.com\/imaginedemain.fr\/wp-content\/uploads\/2020\/07\/IMG_5535-scaled.jpg?w=1200&amp;ssl=1 1200w, https:\/\/i0.wp.com\/imaginedemain.fr\/wp-content\/uploads\/2020\/07\/IMG_5535-scaled.jpg?w=1800&amp;ssl=1 1800w\" sizes=\"auto, (max-width: 600px) 100vw, 600px\" \/><\/figure>\n\n\n\n<figure class=\"wp-block-image\"><img data-recalc-dims=\"1\" loading=\"lazy\" decoding=\"async\" width=\"600\" height=\"338\" data-attachment-id=\"5917\" data-permalink=\"https:\/\/imaginedemain.fr\/img_1744\/\" data-orig-file=\"https:\/\/i0.wp.com\/imaginedemain.fr\/wp-content\/uploads\/2020\/07\/IMG_1744-scaled.jpg?fit=2560%2C1443&amp;ssl=1\" data-orig-size=\"2560,1443\" data-comments-opened=\"1\" data-image-meta=\"{&quot;aperture&quot;:&quot;1.8&quot;,&quot;credit&quot;:&quot;Picasa&quot;,&quot;camera&quot;:&quot;iPhone 7&quot;,&quot;caption&quot;:&quot;&quot;,&quot;created_timestamp&quot;:&quot;1594981292&quot;,&quot;copyright&quot;:&quot;&quot;,&quot;focal_length&quot;:&quot;3.99&quot;,&quot;iso&quot;:&quot;20&quot;,&quot;shutter_speed&quot;:&quot;0.00061614294516328&quot;,&quot;title&quot;:&quot;&quot;,&quot;orientation&quot;:&quot;0&quot;}\" data-image-title=\"IMG_1744\" data-image-description=\"\" data-image-caption=\"\" data-large-file=\"https:\/\/i0.wp.com\/imaginedemain.fr\/wp-content\/uploads\/2020\/07\/IMG_1744-scaled.jpg?fit=600%2C338&amp;ssl=1\" src=\"https:\/\/i0.wp.com\/imaginedemain.fr\/wp-content\/uploads\/2020\/07\/IMG_1744-1024x577.jpg?resize=600%2C338\" alt=\"\" class=\"wp-image-5917\" srcset=\"https:\/\/i0.wp.com\/imaginedemain.fr\/wp-content\/uploads\/2020\/07\/IMG_1744-scaled.jpg?resize=1024%2C577&amp;ssl=1 1024w, https:\/\/i0.wp.com\/imaginedemain.fr\/wp-content\/uploads\/2020\/07\/IMG_1744-scaled.jpg?resize=300%2C169&amp;ssl=1 300w, https:\/\/i0.wp.com\/imaginedemain.fr\/wp-content\/uploads\/2020\/07\/IMG_1744-scaled.jpg?resize=768%2C433&amp;ssl=1 768w, https:\/\/i0.wp.com\/imaginedemain.fr\/wp-content\/uploads\/2020\/07\/IMG_1744-scaled.jpg?resize=600%2C338&amp;ssl=1 600w, https:\/\/i0.wp.com\/imaginedemain.fr\/wp-content\/uploads\/2020\/07\/IMG_1744-scaled.jpg?resize=1536%2C866&amp;ssl=1 1536w, https:\/\/i0.wp.com\/imaginedemain.fr\/wp-content\/uploads\/2020\/07\/IMG_1744-scaled.jpg?resize=2048%2C1155&amp;ssl=1 2048w, https:\/\/i0.wp.com\/imaginedemain.fr\/wp-content\/uploads\/2020\/07\/IMG_1744-scaled.jpg?resize=1320%2C744&amp;ssl=1 1320w, https:\/\/i0.wp.com\/imaginedemain.fr\/wp-content\/uploads\/2020\/07\/IMG_1744-scaled.jpg?w=1200&amp;ssl=1 1200w, https:\/\/i0.wp.com\/imaginedemain.fr\/wp-content\/uploads\/2020\/07\/IMG_1744-scaled.jpg?w=1800&amp;ssl=1 1800w\" sizes=\"auto, (max-width: 600px) 100vw, 600px\" \/><\/figure>\n\n\n\n<figure class=\"wp-block-image\"><img data-recalc-dims=\"1\" loading=\"lazy\" decoding=\"async\" width=\"600\" height=\"338\" data-attachment-id=\"5910\" data-permalink=\"https:\/\/imaginedemain.fr\/img_1680\/\" data-orig-file=\"https:\/\/i0.wp.com\/imaginedemain.fr\/wp-content\/uploads\/2020\/07\/IMG_1680-scaled.jpg?fit=2560%2C1439&amp;ssl=1\" data-orig-size=\"2560,1439\" data-comments-opened=\"1\" data-image-meta=\"{&quot;aperture&quot;:&quot;1.8&quot;,&quot;credit&quot;:&quot;Picasa&quot;,&quot;camera&quot;:&quot;iPhone 7&quot;,&quot;caption&quot;:&quot;&quot;,&quot;created_timestamp&quot;:&quot;1594722971&quot;,&quot;copyright&quot;:&quot;&quot;,&quot;focal_length&quot;:&quot;3.99&quot;,&quot;iso&quot;:&quot;20&quot;,&quot;shutter_speed&quot;:&quot;0.00059488399762046&quot;,&quot;title&quot;:&quot;&quot;,&quot;orientation&quot;:&quot;0&quot;}\" data-image-title=\"IMG_1680\" data-image-description=\"\" data-image-caption=\"\" data-large-file=\"https:\/\/i0.wp.com\/imaginedemain.fr\/wp-content\/uploads\/2020\/07\/IMG_1680-scaled.jpg?fit=600%2C338&amp;ssl=1\" src=\"https:\/\/i0.wp.com\/imaginedemain.fr\/wp-content\/uploads\/2020\/07\/IMG_1680-1024x576.jpg?resize=600%2C338\" alt=\"\" class=\"wp-image-5910\" srcset=\"https:\/\/i0.wp.com\/imaginedemain.fr\/wp-content\/uploads\/2020\/07\/IMG_1680-scaled.jpg?resize=1024%2C576&amp;ssl=1 1024w, https:\/\/i0.wp.com\/imaginedemain.fr\/wp-content\/uploads\/2020\/07\/IMG_1680-scaled.jpg?resize=300%2C169&amp;ssl=1 300w, https:\/\/i0.wp.com\/imaginedemain.fr\/wp-content\/uploads\/2020\/07\/IMG_1680-scaled.jpg?resize=768%2C432&amp;ssl=1 768w, https:\/\/i0.wp.com\/imaginedemain.fr\/wp-content\/uploads\/2020\/07\/IMG_1680-scaled.jpg?resize=600%2C337&amp;ssl=1 600w, https:\/\/i0.wp.com\/imaginedemain.fr\/wp-content\/uploads\/2020\/07\/IMG_1680-scaled.jpg?resize=1536%2C864&amp;ssl=1 1536w, https:\/\/i0.wp.com\/imaginedemain.fr\/wp-content\/uploads\/2020\/07\/IMG_1680-scaled.jpg?resize=2048%2C1151&amp;ssl=1 2048w, https:\/\/i0.wp.com\/imaginedemain.fr\/wp-content\/uploads\/2020\/07\/IMG_1680-scaled.jpg?resize=1320%2C742&amp;ssl=1 1320w, https:\/\/i0.wp.com\/imaginedemain.fr\/wp-content\/uploads\/2020\/07\/IMG_1680-scaled.jpg?w=1200&amp;ssl=1 1200w, https:\/\/i0.wp.com\/imaginedemain.fr\/wp-content\/uploads\/2020\/07\/IMG_1680-scaled.jpg?w=1800&amp;ssl=1 1800w\" sizes=\"auto, (max-width: 600px) 100vw, 600px\" \/><\/figure>\n\n\n\n<p>Dommage qu\u2019on installe pas davantage de funiculaires comme celui de Pau, si charmant.<\/p>\n\n\n\n<figure class=\"wp-block-image\"><img data-recalc-dims=\"1\" loading=\"lazy\" decoding=\"async\" width=\"600\" height=\"338\" data-attachment-id=\"5922\" data-permalink=\"https:\/\/imaginedemain.fr\/img_1764\/\" data-orig-file=\"https:\/\/i0.wp.com\/imaginedemain.fr\/wp-content\/uploads\/2020\/07\/IMG_1764-scaled.jpg?fit=2560%2C1442&amp;ssl=1\" data-orig-size=\"2560,1442\" data-comments-opened=\"1\" data-image-meta=\"{&quot;aperture&quot;:&quot;1.8&quot;,&quot;credit&quot;:&quot;Picasa&quot;,&quot;camera&quot;:&quot;iPhone 7&quot;,&quot;caption&quot;:&quot;&quot;,&quot;created_timestamp&quot;:&quot;1595081811&quot;,&quot;copyright&quot;:&quot;&quot;,&quot;focal_length&quot;:&quot;3.99&quot;,&quot;iso&quot;:&quot;20&quot;,&quot;shutter_speed&quot;:&quot;0.0013368983957219&quot;,&quot;title&quot;:&quot;&quot;,&quot;orientation&quot;:&quot;0&quot;}\" data-image-title=\"IMG_1764\" data-image-description=\"\" data-image-caption=\"\" data-large-file=\"https:\/\/i0.wp.com\/imaginedemain.fr\/wp-content\/uploads\/2020\/07\/IMG_1764-scaled.jpg?fit=600%2C338&amp;ssl=1\" src=\"https:\/\/i0.wp.com\/imaginedemain.fr\/wp-content\/uploads\/2020\/07\/IMG_1764-1024x577.jpg?resize=600%2C338\" alt=\"\" class=\"wp-image-5922\" srcset=\"https:\/\/i0.wp.com\/imaginedemain.fr\/wp-content\/uploads\/2020\/07\/IMG_1764-scaled.jpg?resize=1024%2C577&amp;ssl=1 1024w, https:\/\/i0.wp.com\/imaginedemain.fr\/wp-content\/uploads\/2020\/07\/IMG_1764-scaled.jpg?resize=300%2C169&amp;ssl=1 300w, https:\/\/i0.wp.com\/imaginedemain.fr\/wp-content\/uploads\/2020\/07\/IMG_1764-scaled.jpg?resize=768%2C433&amp;ssl=1 768w, https:\/\/i0.wp.com\/imaginedemain.fr\/wp-content\/uploads\/2020\/07\/IMG_1764-scaled.jpg?resize=600%2C338&amp;ssl=1 600w, https:\/\/i0.wp.com\/imaginedemain.fr\/wp-content\/uploads\/2020\/07\/IMG_1764-scaled.jpg?resize=1536%2C865&amp;ssl=1 1536w, https:\/\/i0.wp.com\/imaginedemain.fr\/wp-content\/uploads\/2020\/07\/IMG_1764-scaled.jpg?resize=2048%2C1154&amp;ssl=1 2048w, https:\/\/i0.wp.com\/imaginedemain.fr\/wp-content\/uploads\/2020\/07\/IMG_1764-scaled.jpg?resize=1320%2C743&amp;ssl=1 1320w, https:\/\/i0.wp.com\/imaginedemain.fr\/wp-content\/uploads\/2020\/07\/IMG_1764-scaled.jpg?w=1200&amp;ssl=1 1200w, https:\/\/i0.wp.com\/imaginedemain.fr\/wp-content\/uploads\/2020\/07\/IMG_1764-scaled.jpg?w=1800&amp;ssl=1 1800w\" sizes=\"auto, (max-width: 600px) 100vw, 600px\" \/><\/figure>\n\n\n\n<p>Le GR10 a le d\u00e9faut de faire \u00e9tape dans quelques uns des endroits les plus hideux des Pyr\u00e9n\u00e9es, qui s\u2019y connaissent en la mati\u00e8re. C\u2019est le cas \u00e0 Arette la Pierre St Martin, un exemple tr\u00e8s abouti de l\u2019effrayante d\u00e9t\u00e9rioration de la montagne par les stations de sport d\u2019hiver. Le splendide massif karstique d\u00e9fonc\u00e9 de part en part, des immeubles tristounes \u00e0 en faire pleurer les skis, des parkings \u00e0 hurler, que du vomi de promoteur. Jusqu\u2019au sentier du GR10 barr\u00e9 par d\u2019\u00e9normes boulons!<\/p>\n\n\n\n<figure class=\"wp-block-image\"><img data-recalc-dims=\"1\" loading=\"lazy\" decoding=\"async\" width=\"600\" height=\"338\" data-attachment-id=\"5908\" data-permalink=\"https:\/\/imaginedemain.fr\/img_1653\/\" data-orig-file=\"https:\/\/i0.wp.com\/imaginedemain.fr\/wp-content\/uploads\/2020\/07\/IMG_1653-scaled.jpg?fit=2560%2C1439&amp;ssl=1\" data-orig-size=\"2560,1439\" data-comments-opened=\"1\" data-image-meta=\"{&quot;aperture&quot;:&quot;1.8&quot;,&quot;credit&quot;:&quot;Picasa&quot;,&quot;camera&quot;:&quot;iPhone 7&quot;,&quot;caption&quot;:&quot;&quot;,&quot;created_timestamp&quot;:&quot;1594719228&quot;,&quot;copyright&quot;:&quot;&quot;,&quot;focal_length&quot;:&quot;3.99&quot;,&quot;iso&quot;:&quot;20&quot;,&quot;shutter_speed&quot;:&quot;0.00052192066805846&quot;,&quot;title&quot;:&quot;&quot;,&quot;orientation&quot;:&quot;0&quot;}\" data-image-title=\"IMG_1653\" data-image-description=\"\" data-image-caption=\"\" data-large-file=\"https:\/\/i0.wp.com\/imaginedemain.fr\/wp-content\/uploads\/2020\/07\/IMG_1653-scaled.jpg?fit=600%2C338&amp;ssl=1\" src=\"https:\/\/i0.wp.com\/imaginedemain.fr\/wp-content\/uploads\/2020\/07\/IMG_1653-1024x576.jpg?resize=600%2C338\" alt=\"\" class=\"wp-image-5908\" srcset=\"https:\/\/i0.wp.com\/imaginedemain.fr\/wp-content\/uploads\/2020\/07\/IMG_1653-scaled.jpg?resize=1024%2C576&amp;ssl=1 1024w, https:\/\/i0.wp.com\/imaginedemain.fr\/wp-content\/uploads\/2020\/07\/IMG_1653-scaled.jpg?resize=300%2C169&amp;ssl=1 300w, https:\/\/i0.wp.com\/imaginedemain.fr\/wp-content\/uploads\/2020\/07\/IMG_1653-scaled.jpg?resize=768%2C432&amp;ssl=1 768w, https:\/\/i0.wp.com\/imaginedemain.fr\/wp-content\/uploads\/2020\/07\/IMG_1653-scaled.jpg?resize=600%2C337&amp;ssl=1 600w, https:\/\/i0.wp.com\/imaginedemain.fr\/wp-content\/uploads\/2020\/07\/IMG_1653-scaled.jpg?resize=1536%2C864&amp;ssl=1 1536w, https:\/\/i0.wp.com\/imaginedemain.fr\/wp-content\/uploads\/2020\/07\/IMG_1653-scaled.jpg?resize=2048%2C1151&amp;ssl=1 2048w, https:\/\/i0.wp.com\/imaginedemain.fr\/wp-content\/uploads\/2020\/07\/IMG_1653-scaled.jpg?resize=1320%2C742&amp;ssl=1 1320w, https:\/\/i0.wp.com\/imaginedemain.fr\/wp-content\/uploads\/2020\/07\/IMG_1653-scaled.jpg?w=1200&amp;ssl=1 1200w, https:\/\/i0.wp.com\/imaginedemain.fr\/wp-content\/uploads\/2020\/07\/IMG_1653-scaled.jpg?w=1800&amp;ssl=1 1800w\" sizes=\"auto, (max-width: 600px) 100vw, 600px\" \/><\/figure>\n\n\n\n<figure class=\"wp-block-image\"><img data-recalc-dims=\"1\" loading=\"lazy\" decoding=\"async\" width=\"600\" height=\"338\" data-attachment-id=\"5907\" data-permalink=\"https:\/\/imaginedemain.fr\/img_1652\/\" data-orig-file=\"https:\/\/i0.wp.com\/imaginedemain.fr\/wp-content\/uploads\/2020\/07\/IMG_1652-scaled.jpg?fit=2560%2C1441&amp;ssl=1\" data-orig-size=\"2560,1441\" data-comments-opened=\"1\" data-image-meta=\"{&quot;aperture&quot;:&quot;1.8&quot;,&quot;credit&quot;:&quot;Picasa&quot;,&quot;camera&quot;:&quot;iPhone 7&quot;,&quot;caption&quot;:&quot;&quot;,&quot;created_timestamp&quot;:&quot;1594718400&quot;,&quot;copyright&quot;:&quot;&quot;,&quot;focal_length&quot;:&quot;3.99&quot;,&quot;iso&quot;:&quot;20&quot;,&quot;shutter_speed&quot;:&quot;0.00093984962406015&quot;,&quot;title&quot;:&quot;&quot;,&quot;orientation&quot;:&quot;0&quot;}\" data-image-title=\"IMG_1652\" data-image-description=\"\" data-image-caption=\"\" data-large-file=\"https:\/\/i0.wp.com\/imaginedemain.fr\/wp-content\/uploads\/2020\/07\/IMG_1652-scaled.jpg?fit=600%2C338&amp;ssl=1\" src=\"https:\/\/i0.wp.com\/imaginedemain.fr\/wp-content\/uploads\/2020\/07\/IMG_1652-1024x576.jpg?resize=600%2C338\" alt=\"\" class=\"wp-image-5907\" srcset=\"https:\/\/i0.wp.com\/imaginedemain.fr\/wp-content\/uploads\/2020\/07\/IMG_1652-scaled.jpg?resize=1024%2C576&amp;ssl=1 1024w, https:\/\/i0.wp.com\/imaginedemain.fr\/wp-content\/uploads\/2020\/07\/IMG_1652-scaled.jpg?resize=300%2C169&amp;ssl=1 300w, https:\/\/i0.wp.com\/imaginedemain.fr\/wp-content\/uploads\/2020\/07\/IMG_1652-scaled.jpg?resize=768%2C432&amp;ssl=1 768w, https:\/\/i0.wp.com\/imaginedemain.fr\/wp-content\/uploads\/2020\/07\/IMG_1652-scaled.jpg?resize=600%2C338&amp;ssl=1 600w, https:\/\/i0.wp.com\/imaginedemain.fr\/wp-content\/uploads\/2020\/07\/IMG_1652-scaled.jpg?resize=1536%2C864&amp;ssl=1 1536w, https:\/\/i0.wp.com\/imaginedemain.fr\/wp-content\/uploads\/2020\/07\/IMG_1652-scaled.jpg?resize=2048%2C1153&amp;ssl=1 2048w, https:\/\/i0.wp.com\/imaginedemain.fr\/wp-content\/uploads\/2020\/07\/IMG_1652-scaled.jpg?resize=1320%2C743&amp;ssl=1 1320w, https:\/\/i0.wp.com\/imaginedemain.fr\/wp-content\/uploads\/2020\/07\/IMG_1652-scaled.jpg?w=1200&amp;ssl=1 1200w, https:\/\/i0.wp.com\/imaginedemain.fr\/wp-content\/uploads\/2020\/07\/IMG_1652-scaled.jpg?w=1800&amp;ssl=1 1800w\" sizes=\"auto, (max-width: 600px) 100vw, 600px\" \/><\/figure>\n\n\n\n<p>Certains lieux rendent au contraire justice aux Pyr\u00e9n\u00e9es comme Sainte-Engrace, avec son \u00e9glise hors d\u2019\u00e2ge, son cimeti\u00e8re peupl\u00e9 de d\u00e9funts aux noms aussi basques qu\u2019impronon\u00e7ables.  Ou Borce en Vall\u00e9e d\u2019Aspe, ou encore Laruns au pied de la vall\u00e9e d\u2019Ossau. Mais ce sont pr\u00e9cis\u00e9ment les lieux les plus anciens et les mieux conserv\u00e9s, parce qu\u2019au 20eme si\u00e8cle, quel d\u00e9sastre!<\/p>\n\n\n\n<figure class=\"wp-block-image\"><img data-recalc-dims=\"1\" loading=\"lazy\" decoding=\"async\" width=\"600\" height=\"800\" data-attachment-id=\"5923\" data-permalink=\"https:\/\/imaginedemain.fr\/img_5527\/\" data-orig-file=\"https:\/\/i0.wp.com\/imaginedemain.fr\/wp-content\/uploads\/2020\/07\/IMG_5527-scaled.jpg?fit=1920%2C2560&amp;ssl=1\" data-orig-size=\"1920,2560\" data-comments-opened=\"1\" data-image-meta=\"{&quot;aperture&quot;:&quot;2.2&quot;,&quot;credit&quot;:&quot;Picasa&quot;,&quot;camera&quot;:&quot;iPhone SE (1st generation)&quot;,&quot;caption&quot;:&quot;&quot;,&quot;created_timestamp&quot;:&quot;1594628658&quot;,&quot;copyright&quot;:&quot;&quot;,&quot;focal_length&quot;:&quot;4.15&quot;,&quot;iso&quot;:&quot;25&quot;,&quot;shutter_speed&quot;:&quot;0.0013140604467806&quot;,&quot;title&quot;:&quot;&quot;,&quot;orientation&quot;:&quot;0&quot;}\" data-image-title=\"\" data-image-description=\"\" data-image-caption=\"\" data-large-file=\"https:\/\/i0.wp.com\/imaginedemain.fr\/wp-content\/uploads\/2020\/07\/IMG_5527-scaled.jpg?fit=600%2C800&amp;ssl=1\" src=\"https:\/\/i0.wp.com\/imaginedemain.fr\/wp-content\/uploads\/2020\/07\/IMG_5527-768x1024.jpg?resize=600%2C800\" alt=\"\" class=\"wp-image-5923\" srcset=\"https:\/\/i0.wp.com\/imaginedemain.fr\/wp-content\/uploads\/2020\/07\/IMG_5527-scaled.jpg?resize=768%2C1024&amp;ssl=1 768w, https:\/\/i0.wp.com\/imaginedemain.fr\/wp-content\/uploads\/2020\/07\/IMG_5527-scaled.jpg?resize=225%2C300&amp;ssl=1 225w, https:\/\/i0.wp.com\/imaginedemain.fr\/wp-content\/uploads\/2020\/07\/IMG_5527-scaled.jpg?resize=600%2C800&amp;ssl=1 600w, https:\/\/i0.wp.com\/imaginedemain.fr\/wp-content\/uploads\/2020\/07\/IMG_5527-scaled.jpg?resize=1152%2C1536&amp;ssl=1 1152w, https:\/\/i0.wp.com\/imaginedemain.fr\/wp-content\/uploads\/2020\/07\/IMG_5527-scaled.jpg?resize=1536%2C2048&amp;ssl=1 1536w, https:\/\/i0.wp.com\/imaginedemain.fr\/wp-content\/uploads\/2020\/07\/IMG_5527-scaled.jpg?resize=1320%2C1760&amp;ssl=1 1320w, https:\/\/i0.wp.com\/imaginedemain.fr\/wp-content\/uploads\/2020\/07\/IMG_5527-scaled.jpg?w=1920&amp;ssl=1 1920w, https:\/\/i0.wp.com\/imaginedemain.fr\/wp-content\/uploads\/2020\/07\/IMG_5527-scaled.jpg?w=1800&amp;ssl=1 1800w\" sizes=\"auto, (max-width: 600px) 100vw, 600px\" \/><\/figure>\n\n\n\n<p>Terminant cette randonn\u00e9e \u00e0 Laruns, nous y retrouvons l\u2019insigne des temps, ce masque si critiqu\u00e9 hier par les autorit\u00e9s de sant\u00e9, et si vant\u00e9 aujourd&rsquo;hui par les m\u00eames. Jusqu\u2019\u00e0 en affubler les statues des h\u00e9ros locaux.<\/p>\n\n\n\n<figure class=\"wp-block-image\"><img data-recalc-dims=\"1\" loading=\"lazy\" decoding=\"async\" width=\"600\" height=\"669\" data-attachment-id=\"5920\" data-permalink=\"https:\/\/imaginedemain.fr\/img_1758\/\" data-orig-file=\"https:\/\/i0.wp.com\/imaginedemain.fr\/wp-content\/uploads\/2020\/07\/IMG_1758-scaled.jpg?fit=2298%2C2560&amp;ssl=1\" data-orig-size=\"2298,2560\" data-comments-opened=\"1\" data-image-meta=\"{&quot;aperture&quot;:&quot;1.8&quot;,&quot;credit&quot;:&quot;Picasa&quot;,&quot;camera&quot;:&quot;iPhone 7&quot;,&quot;caption&quot;:&quot;&quot;,&quot;created_timestamp&quot;:&quot;1595064196&quot;,&quot;copyright&quot;:&quot;&quot;,&quot;focal_length&quot;:&quot;3.99&quot;,&quot;iso&quot;:&quot;20&quot;,&quot;shutter_speed&quot;:&quot;0.00033400133600534&quot;,&quot;title&quot;:&quot;&quot;,&quot;orientation&quot;:&quot;0&quot;}\" data-image-title=\"IMG_1758\" data-image-description=\"\" data-image-caption=\"\" data-large-file=\"https:\/\/i0.wp.com\/imaginedemain.fr\/wp-content\/uploads\/2020\/07\/IMG_1758-scaled.jpg?fit=600%2C669&amp;ssl=1\" src=\"https:\/\/i0.wp.com\/imaginedemain.fr\/wp-content\/uploads\/2020\/07\/IMG_1758-919x1024.jpg?resize=600%2C669\" alt=\"\" class=\"wp-image-5920\" srcset=\"https:\/\/i0.wp.com\/imaginedemain.fr\/wp-content\/uploads\/2020\/07\/IMG_1758-scaled.jpg?resize=919%2C1024&amp;ssl=1 919w, https:\/\/i0.wp.com\/imaginedemain.fr\/wp-content\/uploads\/2020\/07\/IMG_1758-scaled.jpg?resize=269%2C300&amp;ssl=1 269w, https:\/\/i0.wp.com\/imaginedemain.fr\/wp-content\/uploads\/2020\/07\/IMG_1758-scaled.jpg?resize=768%2C856&amp;ssl=1 768w, https:\/\/i0.wp.com\/imaginedemain.fr\/wp-content\/uploads\/2020\/07\/IMG_1758-scaled.jpg?resize=600%2C668&amp;ssl=1 600w, https:\/\/i0.wp.com\/imaginedemain.fr\/wp-content\/uploads\/2020\/07\/IMG_1758-scaled.jpg?resize=1379%2C1536&amp;ssl=1 1379w, https:\/\/i0.wp.com\/imaginedemain.fr\/wp-content\/uploads\/2020\/07\/IMG_1758-scaled.jpg?resize=1838%2C2048&amp;ssl=1 1838w, https:\/\/i0.wp.com\/imaginedemain.fr\/wp-content\/uploads\/2020\/07\/IMG_1758-scaled.jpg?resize=1320%2C1471&amp;ssl=1 1320w, https:\/\/i0.wp.com\/imaginedemain.fr\/wp-content\/uploads\/2020\/07\/IMG_1758-scaled.jpg?w=1200&amp;ssl=1 1200w\" sizes=\"auto, (max-width: 600px) 100vw, 600px\" \/><\/figure>\n\n\n\n<figure class=\"wp-block-image\"><img data-recalc-dims=\"1\" loading=\"lazy\" decoding=\"async\" width=\"600\" height=\"405\" data-attachment-id=\"5921\" data-permalink=\"https:\/\/imaginedemain.fr\/img_1759\/\" data-orig-file=\"https:\/\/i0.wp.com\/imaginedemain.fr\/wp-content\/uploads\/2020\/07\/IMG_1759-scaled.jpg?fit=2560%2C1730&amp;ssl=1\" data-orig-size=\"2560,1730\" data-comments-opened=\"1\" data-image-meta=\"{&quot;aperture&quot;:&quot;1.8&quot;,&quot;credit&quot;:&quot;Picasa&quot;,&quot;camera&quot;:&quot;iPhone 7&quot;,&quot;caption&quot;:&quot;&quot;,&quot;created_timestamp&quot;:&quot;1595064226&quot;,&quot;copyright&quot;:&quot;&quot;,&quot;focal_length&quot;:&quot;3.99&quot;,&quot;iso&quot;:&quot;20&quot;,&quot;shutter_speed&quot;:&quot;9.4002632073698E-5&quot;,&quot;title&quot;:&quot;&quot;,&quot;orientation&quot;:&quot;0&quot;}\" data-image-title=\"IMG_1759\" data-image-description=\"\" data-image-caption=\"\" data-large-file=\"https:\/\/i0.wp.com\/imaginedemain.fr\/wp-content\/uploads\/2020\/07\/IMG_1759-scaled.jpg?fit=600%2C405&amp;ssl=1\" src=\"https:\/\/i0.wp.com\/imaginedemain.fr\/wp-content\/uploads\/2020\/07\/IMG_1759-1024x692.jpg?resize=600%2C405\" alt=\"\" class=\"wp-image-5921\" srcset=\"https:\/\/i0.wp.com\/imaginedemain.fr\/wp-content\/uploads\/2020\/07\/IMG_1759-scaled.jpg?resize=1024%2C692&amp;ssl=1 1024w, https:\/\/i0.wp.com\/imaginedemain.fr\/wp-content\/uploads\/2020\/07\/IMG_1759-scaled.jpg?resize=300%2C203&amp;ssl=1 300w, https:\/\/i0.wp.com\/imaginedemain.fr\/wp-content\/uploads\/2020\/07\/IMG_1759-scaled.jpg?resize=768%2C519&amp;ssl=1 768w, https:\/\/i0.wp.com\/imaginedemain.fr\/wp-content\/uploads\/2020\/07\/IMG_1759-scaled.jpg?resize=600%2C405&amp;ssl=1 600w, https:\/\/i0.wp.com\/imaginedemain.fr\/wp-content\/uploads\/2020\/07\/IMG_1759-scaled.jpg?resize=1536%2C1038&amp;ssl=1 1536w, https:\/\/i0.wp.com\/imaginedemain.fr\/wp-content\/uploads\/2020\/07\/IMG_1759-scaled.jpg?resize=2048%2C1384&amp;ssl=1 2048w, https:\/\/i0.wp.com\/imaginedemain.fr\/wp-content\/uploads\/2020\/07\/IMG_1759-scaled.jpg?resize=1320%2C892&amp;ssl=1 1320w, https:\/\/i0.wp.com\/imaginedemain.fr\/wp-content\/uploads\/2020\/07\/IMG_1759-scaled.jpg?w=1200&amp;ssl=1 1200w, https:\/\/i0.wp.com\/imaginedemain.fr\/wp-content\/uploads\/2020\/07\/IMG_1759-scaled.jpg?w=1800&amp;ssl=1 1800w\" sizes=\"auto, (max-width: 600px) 100vw, 600px\" \/><\/figure>\n\n\n\n<p>Nous y reviendrons! Hasta luego &#8230;<\/p>\n\n\n\n<figure class=\"wp-block-image\"><img data-recalc-dims=\"1\" loading=\"lazy\" decoding=\"async\" width=\"600\" height=\"338\" data-attachment-id=\"5911\" data-permalink=\"https:\/\/imaginedemain.fr\/img_1681\/\" data-orig-file=\"https:\/\/i0.wp.com\/imaginedemain.fr\/wp-content\/uploads\/2020\/07\/IMG_1681-scaled.jpg?fit=2560%2C1441&amp;ssl=1\" data-orig-size=\"2560,1441\" data-comments-opened=\"1\" data-image-meta=\"{&quot;aperture&quot;:&quot;1.8&quot;,&quot;credit&quot;:&quot;Picasa&quot;,&quot;camera&quot;:&quot;iPhone 7&quot;,&quot;caption&quot;:&quot;&quot;,&quot;created_timestamp&quot;:&quot;1594725766&quot;,&quot;copyright&quot;:&quot;&quot;,&quot;focal_length&quot;:&quot;3.99&quot;,&quot;iso&quot;:&quot;20&quot;,&quot;shutter_speed&quot;:&quot;0.0029325513196481&quot;,&quot;title&quot;:&quot;&quot;,&quot;orientation&quot;:&quot;0&quot;}\" data-image-title=\"IMG_1681\" data-image-description=\"\" data-image-caption=\"\" data-large-file=\"https:\/\/i0.wp.com\/imaginedemain.fr\/wp-content\/uploads\/2020\/07\/IMG_1681-scaled.jpg?fit=600%2C338&amp;ssl=1\" src=\"https:\/\/i0.wp.com\/imaginedemain.fr\/wp-content\/uploads\/2020\/07\/IMG_1681-1024x576.jpg?resize=600%2C338\" alt=\"\" class=\"wp-image-5911\" srcset=\"https:\/\/i0.wp.com\/imaginedemain.fr\/wp-content\/uploads\/2020\/07\/IMG_1681-scaled.jpg?resize=1024%2C576&amp;ssl=1 1024w, https:\/\/i0.wp.com\/imaginedemain.fr\/wp-content\/uploads\/2020\/07\/IMG_1681-scaled.jpg?resize=300%2C169&amp;ssl=1 300w, https:\/\/i0.wp.com\/imaginedemain.fr\/wp-content\/uploads\/2020\/07\/IMG_1681-scaled.jpg?resize=768%2C432&amp;ssl=1 768w, https:\/\/i0.wp.com\/imaginedemain.fr\/wp-content\/uploads\/2020\/07\/IMG_1681-scaled.jpg?resize=600%2C338&amp;ssl=1 600w, https:\/\/i0.wp.com\/imaginedemain.fr\/wp-content\/uploads\/2020\/07\/IMG_1681-scaled.jpg?resize=1536%2C864&amp;ssl=1 1536w, https:\/\/i0.wp.com\/imaginedemain.fr\/wp-content\/uploads\/2020\/07\/IMG_1681-scaled.jpg?resize=2048%2C1153&amp;ssl=1 2048w, https:\/\/i0.wp.com\/imaginedemain.fr\/wp-content\/uploads\/2020\/07\/IMG_1681-scaled.jpg?resize=1320%2C743&amp;ssl=1 1320w, https:\/\/i0.wp.com\/imaginedemain.fr\/wp-content\/uploads\/2020\/07\/IMG_1681-scaled.jpg?w=1200&amp;ssl=1 1200w, https:\/\/i0.wp.com\/imaginedemain.fr\/wp-content\/uploads\/2020\/07\/IMG_1681-scaled.jpg?w=1800&amp;ssl=1 1800w\" sizes=\"auto, (max-width: 600px) 100vw, 600px\" \/><\/figure>\n\n\n\n<figure class=\"wp-block-image\"><img data-recalc-dims=\"1\" loading=\"lazy\" decoding=\"async\" width=\"600\" height=\"338\" data-attachment-id=\"5901\" data-permalink=\"https:\/\/imaginedemain.fr\/img_1604\/\" data-orig-file=\"https:\/\/i0.wp.com\/imaginedemain.fr\/wp-content\/uploads\/2020\/07\/IMG_1604-scaled.jpg?fit=2560%2C1439&amp;ssl=1\" data-orig-size=\"2560,1439\" data-comments-opened=\"1\" data-image-meta=\"{&quot;aperture&quot;:&quot;1.8&quot;,&quot;credit&quot;:&quot;Picasa&quot;,&quot;camera&quot;:&quot;iPhone 7&quot;,&quot;caption&quot;:&quot;&quot;,&quot;created_timestamp&quot;:&quot;1594542203&quot;,&quot;copyright&quot;:&quot;&quot;,&quot;focal_length&quot;:&quot;3.99&quot;,&quot;iso&quot;:&quot;20&quot;,&quot;shutter_speed&quot;:&quot;0.00090909090909091&quot;,&quot;title&quot;:&quot;&quot;,&quot;orientation&quot;:&quot;0&quot;}\" data-image-title=\"IMG_1604\" data-image-description=\"\" data-image-caption=\"\" data-large-file=\"https:\/\/i0.wp.com\/imaginedemain.fr\/wp-content\/uploads\/2020\/07\/IMG_1604-scaled.jpg?fit=600%2C338&amp;ssl=1\" src=\"https:\/\/i0.wp.com\/imaginedemain.fr\/wp-content\/uploads\/2020\/07\/IMG_1604-1024x576.jpg?resize=600%2C338\" alt=\"\" class=\"wp-image-5901\" srcset=\"https:\/\/i0.wp.com\/imaginedemain.fr\/wp-content\/uploads\/2020\/07\/IMG_1604-scaled.jpg?resize=1024%2C576&amp;ssl=1 1024w, https:\/\/i0.wp.com\/imaginedemain.fr\/wp-content\/uploads\/2020\/07\/IMG_1604-scaled.jpg?resize=300%2C169&amp;ssl=1 300w, https:\/\/i0.wp.com\/imaginedemain.fr\/wp-content\/uploads\/2020\/07\/IMG_1604-scaled.jpg?resize=768%2C432&amp;ssl=1 768w, https:\/\/i0.wp.com\/imaginedemain.fr\/wp-content\/uploads\/2020\/07\/IMG_1604-scaled.jpg?resize=600%2C337&amp;ssl=1 600w, https:\/\/i0.wp.com\/imaginedemain.fr\/wp-content\/uploads\/2020\/07\/IMG_1604-scaled.jpg?resize=1536%2C864&amp;ssl=1 1536w, https:\/\/i0.wp.com\/imaginedemain.fr\/wp-content\/uploads\/2020\/07\/IMG_1604-scaled.jpg?resize=2048%2C1151&amp;ssl=1 2048w, https:\/\/i0.wp.com\/imaginedemain.fr\/wp-content\/uploads\/2020\/07\/IMG_1604-scaled.jpg?resize=1320%2C742&amp;ssl=1 1320w, https:\/\/i0.wp.com\/imaginedemain.fr\/wp-content\/uploads\/2020\/07\/IMG_1604-scaled.jpg?w=1200&amp;ssl=1 1200w, https:\/\/i0.wp.com\/imaginedemain.fr\/wp-content\/uploads\/2020\/07\/IMG_1604-scaled.jpg?w=1800&amp;ssl=1 1800w\" sizes=\"auto, (max-width: 600px) 100vw, 600px\" \/><\/figure>\n","protected":false},"excerpt":{"rendered":"<p>Chloroform\u00e9s par la p\u00e9riode de confinement, nous peinions \u00e0 nous projeter dans de nouvelles aventures pyr\u00e9n\u00e9ennes. Aussi f\u00eemes-nous, en cette ann\u00e9e virale, le choix de revenir sur nos pas \u00e0 Saint-Jean-Pied-de-Port pour nous diriger vers l&rsquo;est, mais cette fois-ci du c\u00f4t\u00e9 fran\u00e7ais, sur le parcours du GR10. Neuf jours pour nous rendre aux Eaux-Chaudes. L&rsquo;an [&hellip;]<\/p>\n","protected":false},"author":269,"featured_media":5913,"comment_status":"open","ping_status":"open","sticky":false,"template":"","format":"standard","meta":{"ngg_post_thumbnail":0,"jetpack_post_was_ever_published":false,"_jetpack_newsletter_access":"","_jetpack_dont_email_post_to_subs":false,"_jetpack_newsletter_tier_id":0,"_jetpack_memberships_contains_paywalled_content":false,"_jetpack_memberships_contains_paid_content":false,"footnotes":"","jetpack_publicize_message":"","jetpack_publicize_feature_enabled":true,"jetpack_social_post_already_shared":true,"jetpack_social_options":{"image_generator_settings":{"template":"highway","default_image_id":0,"font":"","enabled":false},"version":2}},"categories":[30],"tags":[],"class_list":["post-5935","post","type-post","status-publish","format-standard","has-post-thumbnail","hentry","category-pyrenees"],"yoast_head":"<!-- This site is optimized with the Yoast SEO plugin v27.5 - https:\/\/yoast.com\/product\/yoast-seo-wordpress\/ -->\n<title>Sur le GR10, damn\u00e9es Pyr\u00e9n\u00e9es! - Imagine demain<\/title>\n<meta name=\"robots\" content=\"index, follow, max-snippet:-1, max-image-preview:large, max-video-preview:-1\" \/>\n<link rel=\"canonical\" href=\"https:\/\/imaginedemain.fr\/index.php\/2020\/08\/04\/sur-le-gr10-damnees-pyrenees\/\" \/>\n<meta property=\"og:locale\" content=\"fr_FR\" \/>\n<meta property=\"og:type\" content=\"article\" \/>\n<meta property=\"og:title\" content=\"Sur le GR10, damn\u00e9es Pyr\u00e9n\u00e9es! - Imagine demain\" \/>\n<meta property=\"og:description\" content=\"Chloroform\u00e9s par la p\u00e9riode de confinement, nous peinions \u00e0 nous projeter dans de nouvelles aventures pyr\u00e9n\u00e9ennes. Aussi f\u00eemes-nous, en cette ann\u00e9e virale, le choix de revenir sur nos pas \u00e0 Saint-Jean-Pied-de-Port pour nous diriger vers l&rsquo;est, mais cette fois-ci du c\u00f4t\u00e9 fran\u00e7ais, sur le parcours du GR10. Neuf jours pour nous rendre aux Eaux-Chaudes. L&rsquo;an [&hellip;]\" \/>\n<meta property=\"og:url\" content=\"https:\/\/imaginedemain.fr\/index.php\/2020\/08\/04\/sur-le-gr10-damnees-pyrenees\/\" \/>\n<meta property=\"og:site_name\" content=\"Imagine demain\" \/>\n<meta property=\"article:published_time\" content=\"2020-08-04T20:53:52+00:00\" \/>\n<meta property=\"article:modified_time\" content=\"2020-08-04T20:53:55+00:00\" \/>\n<meta property=\"og:image\" content=\"https:\/\/i0.wp.com\/imaginedemain.fr\/wp-content\/uploads\/2020\/07\/IMG_1733-scaled.jpg?fit=2560%2C1443&ssl=1\" \/>\n\t<meta property=\"og:image:width\" content=\"2560\" \/>\n\t<meta property=\"og:image:height\" content=\"1443\" \/>\n\t<meta property=\"og:image:type\" content=\"image\/jpeg\" \/>\n<meta name=\"author\" content=\"Philippe\" \/>\n<meta name=\"twitter:card\" content=\"summary_large_image\" \/>\n<meta name=\"twitter:label1\" content=\"\u00c9crit par\" \/>\n\t<meta name=\"twitter:data1\" content=\"Philippe\" \/>\n\t<meta name=\"twitter:label2\" content=\"Dur\u00e9e de lecture estim\u00e9e\" \/>\n\t<meta name=\"twitter:data2\" content=\"5 minutes\" \/>\n<script type=\"application\/ld+json\" class=\"yoast-schema-graph\">{\"@context\":\"https:\\\/\\\/schema.org\",\"@graph\":[{\"@type\":\"Article\",\"@id\":\"https:\\\/\\\/imaginedemain.fr\\\/index.php\\\/2020\\\/08\\\/04\\\/sur-le-gr10-damnees-pyrenees\\\/#article\",\"isPartOf\":{\"@id\":\"https:\\\/\\\/imaginedemain.fr\\\/index.php\\\/2020\\\/08\\\/04\\\/sur-le-gr10-damnees-pyrenees\\\/\"},\"author\":{\"name\":\"Philippe\",\"@id\":\"https:\\\/\\\/imaginedemain.fr\\\/#\\\/schema\\\/person\\\/9f5931e51d7535c65f1a4a291d3bbaa4\"},\"headline\":\"Sur le GR10, damn\u00e9es Pyr\u00e9n\u00e9es!\",\"datePublished\":\"2020-08-04T20:53:52+00:00\",\"dateModified\":\"2020-08-04T20:53:55+00:00\",\"mainEntityOfPage\":{\"@id\":\"https:\\\/\\\/imaginedemain.fr\\\/index.php\\\/2020\\\/08\\\/04\\\/sur-le-gr10-damnees-pyrenees\\\/\"},\"wordCount\":946,\"commentCount\":1,\"image\":{\"@id\":\"https:\\\/\\\/imaginedemain.fr\\\/index.php\\\/2020\\\/08\\\/04\\\/sur-le-gr10-damnees-pyrenees\\\/#primaryimage\"},\"thumbnailUrl\":\"https:\\\/\\\/i0.wp.com\\\/imaginedemain.fr\\\/wp-content\\\/uploads\\\/2020\\\/07\\\/IMG_1733-scaled.jpg?fit=2560%2C1443&ssl=1\",\"articleSection\":[\"Pyr\u00e9n\u00e9es\"],\"inLanguage\":\"fr-FR\",\"potentialAction\":[{\"@type\":\"CommentAction\",\"name\":\"Comment\",\"target\":[\"https:\\\/\\\/imaginedemain.fr\\\/index.php\\\/2020\\\/08\\\/04\\\/sur-le-gr10-damnees-pyrenees\\\/#respond\"]}]},{\"@type\":\"WebPage\",\"@id\":\"https:\\\/\\\/imaginedemain.fr\\\/index.php\\\/2020\\\/08\\\/04\\\/sur-le-gr10-damnees-pyrenees\\\/\",\"url\":\"https:\\\/\\\/imaginedemain.fr\\\/index.php\\\/2020\\\/08\\\/04\\\/sur-le-gr10-damnees-pyrenees\\\/\",\"name\":\"Sur le GR10, damn\u00e9es Pyr\u00e9n\u00e9es! - Imagine demain\",\"isPartOf\":{\"@id\":\"https:\\\/\\\/imaginedemain.fr\\\/#website\"},\"primaryImageOfPage\":{\"@id\":\"https:\\\/\\\/imaginedemain.fr\\\/index.php\\\/2020\\\/08\\\/04\\\/sur-le-gr10-damnees-pyrenees\\\/#primaryimage\"},\"image\":{\"@id\":\"https:\\\/\\\/imaginedemain.fr\\\/index.php\\\/2020\\\/08\\\/04\\\/sur-le-gr10-damnees-pyrenees\\\/#primaryimage\"},\"thumbnailUrl\":\"https:\\\/\\\/i0.wp.com\\\/imaginedemain.fr\\\/wp-content\\\/uploads\\\/2020\\\/07\\\/IMG_1733-scaled.jpg?fit=2560%2C1443&ssl=1\",\"datePublished\":\"2020-08-04T20:53:52+00:00\",\"dateModified\":\"2020-08-04T20:53:55+00:00\",\"author\":{\"@id\":\"https:\\\/\\\/imaginedemain.fr\\\/#\\\/schema\\\/person\\\/9f5931e51d7535c65f1a4a291d3bbaa4\"},\"breadcrumb\":{\"@id\":\"https:\\\/\\\/imaginedemain.fr\\\/index.php\\\/2020\\\/08\\\/04\\\/sur-le-gr10-damnees-pyrenees\\\/#breadcrumb\"},\"inLanguage\":\"fr-FR\",\"potentialAction\":[{\"@type\":\"ReadAction\",\"target\":[\"https:\\\/\\\/imaginedemain.fr\\\/index.php\\\/2020\\\/08\\\/04\\\/sur-le-gr10-damnees-pyrenees\\\/\"]}]},{\"@type\":\"ImageObject\",\"inLanguage\":\"fr-FR\",\"@id\":\"https:\\\/\\\/imaginedemain.fr\\\/index.php\\\/2020\\\/08\\\/04\\\/sur-le-gr10-damnees-pyrenees\\\/#primaryimage\",\"url\":\"https:\\\/\\\/i0.wp.com\\\/imaginedemain.fr\\\/wp-content\\\/uploads\\\/2020\\\/07\\\/IMG_1733-scaled.jpg?fit=2560%2C1443&ssl=1\",\"contentUrl\":\"https:\\\/\\\/i0.wp.com\\\/imaginedemain.fr\\\/wp-content\\\/uploads\\\/2020\\\/07\\\/IMG_1733-scaled.jpg?fit=2560%2C1443&ssl=1\",\"width\":2560,\"height\":1443},{\"@type\":\"BreadcrumbList\",\"@id\":\"https:\\\/\\\/imaginedemain.fr\\\/index.php\\\/2020\\\/08\\\/04\\\/sur-le-gr10-damnees-pyrenees\\\/#breadcrumb\",\"itemListElement\":[{\"@type\":\"ListItem\",\"position\":1,\"name\":\"Accueil\",\"item\":\"https:\\\/\\\/imaginedemain.fr\\\/\"},{\"@type\":\"ListItem\",\"position\":2,\"name\":\"Sur le GR10, damn\u00e9es Pyr\u00e9n\u00e9es!\"}]},{\"@type\":\"WebSite\",\"@id\":\"https:\\\/\\\/imaginedemain.fr\\\/#website\",\"url\":\"https:\\\/\\\/imaginedemain.fr\\\/\",\"name\":\"Imagine demain\",\"description\":\"\",\"potentialAction\":[{\"@type\":\"SearchAction\",\"target\":{\"@type\":\"EntryPoint\",\"urlTemplate\":\"https:\\\/\\\/imaginedemain.fr\\\/?s={search_term_string}\"},\"query-input\":{\"@type\":\"PropertyValueSpecification\",\"valueRequired\":true,\"valueName\":\"search_term_string\"}}],\"inLanguage\":\"fr-FR\"},{\"@type\":\"Person\",\"@id\":\"https:\\\/\\\/imaginedemain.fr\\\/#\\\/schema\\\/person\\\/9f5931e51d7535c65f1a4a291d3bbaa4\",\"name\":\"Philippe\",\"image\":{\"@type\":\"ImageObject\",\"inLanguage\":\"fr-FR\",\"@id\":\"https:\\\/\\\/secure.gravatar.com\\\/avatar\\\/b2aa6bd51417a74d8dc72e7c9d4f289ee495b30120bb4f2aa3f0b5fbf65f59d8?s=96&d=blank&r=g\",\"url\":\"https:\\\/\\\/secure.gravatar.com\\\/avatar\\\/b2aa6bd51417a74d8dc72e7c9d4f289ee495b30120bb4f2aa3f0b5fbf65f59d8?s=96&d=blank&r=g\",\"contentUrl\":\"https:\\\/\\\/secure.gravatar.com\\\/avatar\\\/b2aa6bd51417a74d8dc72e7c9d4f289ee495b30120bb4f2aa3f0b5fbf65f59d8?s=96&d=blank&r=g\",\"caption\":\"Philippe\"},\"sameAs\":[\"http:\\\/\\\/imaginedemain.fr\"],\"url\":\"https:\\\/\\\/imaginedemain.fr\\\/index.php\\\/author\\\/phjg7856\\\/\"}]}<\/script>\n<!-- \/ Yoast SEO plugin. -->","yoast_head_json":{"title":"Sur le GR10, damn\u00e9es Pyr\u00e9n\u00e9es! - Imagine demain","robots":{"index":"index","follow":"follow","max-snippet":"max-snippet:-1","max-image-preview":"max-image-preview:large","max-video-preview":"max-video-preview:-1"},"canonical":"https:\/\/imaginedemain.fr\/index.php\/2020\/08\/04\/sur-le-gr10-damnees-pyrenees\/","og_locale":"fr_FR","og_type":"article","og_title":"Sur le GR10, damn\u00e9es Pyr\u00e9n\u00e9es! - Imagine demain","og_description":"Chloroform\u00e9s par la p\u00e9riode de confinement, nous peinions \u00e0 nous projeter dans de nouvelles aventures pyr\u00e9n\u00e9ennes. Aussi f\u00eemes-nous, en cette ann\u00e9e virale, le choix de revenir sur nos pas \u00e0 Saint-Jean-Pied-de-Port pour nous diriger vers l&rsquo;est, mais cette fois-ci du c\u00f4t\u00e9 fran\u00e7ais, sur le parcours du GR10. Neuf jours pour nous rendre aux Eaux-Chaudes. L&rsquo;an [&hellip;]","og_url":"https:\/\/imaginedemain.fr\/index.php\/2020\/08\/04\/sur-le-gr10-damnees-pyrenees\/","og_site_name":"Imagine demain","article_published_time":"2020-08-04T20:53:52+00:00","article_modified_time":"2020-08-04T20:53:55+00:00","og_image":[{"width":2560,"height":1443,"url":"https:\/\/i0.wp.com\/imaginedemain.fr\/wp-content\/uploads\/2020\/07\/IMG_1733-scaled.jpg?fit=2560%2C1443&ssl=1","type":"image\/jpeg"}],"author":"Philippe","twitter_card":"summary_large_image","twitter_misc":{"\u00c9crit par":"Philippe","Dur\u00e9e de lecture estim\u00e9e":"5 minutes"},"schema":{"@context":"https:\/\/schema.org","@graph":[{"@type":"Article","@id":"https:\/\/imaginedemain.fr\/index.php\/2020\/08\/04\/sur-le-gr10-damnees-pyrenees\/#article","isPartOf":{"@id":"https:\/\/imaginedemain.fr\/index.php\/2020\/08\/04\/sur-le-gr10-damnees-pyrenees\/"},"author":{"name":"Philippe","@id":"https:\/\/imaginedemain.fr\/#\/schema\/person\/9f5931e51d7535c65f1a4a291d3bbaa4"},"headline":"Sur le GR10, damn\u00e9es Pyr\u00e9n\u00e9es!","datePublished":"2020-08-04T20:53:52+00:00","dateModified":"2020-08-04T20:53:55+00:00","mainEntityOfPage":{"@id":"https:\/\/imaginedemain.fr\/index.php\/2020\/08\/04\/sur-le-gr10-damnees-pyrenees\/"},"wordCount":946,"commentCount":1,"image":{"@id":"https:\/\/imaginedemain.fr\/index.php\/2020\/08\/04\/sur-le-gr10-damnees-pyrenees\/#primaryimage"},"thumbnailUrl":"https:\/\/i0.wp.com\/imaginedemain.fr\/wp-content\/uploads\/2020\/07\/IMG_1733-scaled.jpg?fit=2560%2C1443&ssl=1","articleSection":["Pyr\u00e9n\u00e9es"],"inLanguage":"fr-FR","potentialAction":[{"@type":"CommentAction","name":"Comment","target":["https:\/\/imaginedemain.fr\/index.php\/2020\/08\/04\/sur-le-gr10-damnees-pyrenees\/#respond"]}]},{"@type":"WebPage","@id":"https:\/\/imaginedemain.fr\/index.php\/2020\/08\/04\/sur-le-gr10-damnees-pyrenees\/","url":"https:\/\/imaginedemain.fr\/index.php\/2020\/08\/04\/sur-le-gr10-damnees-pyrenees\/","name":"Sur le GR10, damn\u00e9es Pyr\u00e9n\u00e9es! - Imagine demain","isPartOf":{"@id":"https:\/\/imaginedemain.fr\/#website"},"primaryImageOfPage":{"@id":"https:\/\/imaginedemain.fr\/index.php\/2020\/08\/04\/sur-le-gr10-damnees-pyrenees\/#primaryimage"},"image":{"@id":"https:\/\/imaginedemain.fr\/index.php\/2020\/08\/04\/sur-le-gr10-damnees-pyrenees\/#primaryimage"},"thumbnailUrl":"https:\/\/i0.wp.com\/imaginedemain.fr\/wp-content\/uploads\/2020\/07\/IMG_1733-scaled.jpg?fit=2560%2C1443&ssl=1","datePublished":"2020-08-04T20:53:52+00:00","dateModified":"2020-08-04T20:53:55+00:00","author":{"@id":"https:\/\/imaginedemain.fr\/#\/schema\/person\/9f5931e51d7535c65f1a4a291d3bbaa4"},"breadcrumb":{"@id":"https:\/\/imaginedemain.fr\/index.php\/2020\/08\/04\/sur-le-gr10-damnees-pyrenees\/#breadcrumb"},"inLanguage":"fr-FR","potentialAction":[{"@type":"ReadAction","target":["https:\/\/imaginedemain.fr\/index.php\/2020\/08\/04\/sur-le-gr10-damnees-pyrenees\/"]}]},{"@type":"ImageObject","inLanguage":"fr-FR","@id":"https:\/\/imaginedemain.fr\/index.php\/2020\/08\/04\/sur-le-gr10-damnees-pyrenees\/#primaryimage","url":"https:\/\/i0.wp.com\/imaginedemain.fr\/wp-content\/uploads\/2020\/07\/IMG_1733-scaled.jpg?fit=2560%2C1443&ssl=1","contentUrl":"https:\/\/i0.wp.com\/imaginedemain.fr\/wp-content\/uploads\/2020\/07\/IMG_1733-scaled.jpg?fit=2560%2C1443&ssl=1","width":2560,"height":1443},{"@type":"BreadcrumbList","@id":"https:\/\/imaginedemain.fr\/index.php\/2020\/08\/04\/sur-le-gr10-damnees-pyrenees\/#breadcrumb","itemListElement":[{"@type":"ListItem","position":1,"name":"Accueil","item":"https:\/\/imaginedemain.fr\/"},{"@type":"ListItem","position":2,"name":"Sur le GR10, damn\u00e9es Pyr\u00e9n\u00e9es!"}]},{"@type":"WebSite","@id":"https:\/\/imaginedemain.fr\/#website","url":"https:\/\/imaginedemain.fr\/","name":"Imagine demain","description":"","potentialAction":[{"@type":"SearchAction","target":{"@type":"EntryPoint","urlTemplate":"https:\/\/imaginedemain.fr\/?s={search_term_string}"},"query-input":{"@type":"PropertyValueSpecification","valueRequired":true,"valueName":"search_term_string"}}],"inLanguage":"fr-FR"},{"@type":"Person","@id":"https:\/\/imaginedemain.fr\/#\/schema\/person\/9f5931e51d7535c65f1a4a291d3bbaa4","name":"Philippe","image":{"@type":"ImageObject","inLanguage":"fr-FR","@id":"https:\/\/secure.gravatar.com\/avatar\/b2aa6bd51417a74d8dc72e7c9d4f289ee495b30120bb4f2aa3f0b5fbf65f59d8?s=96&d=blank&r=g","url":"https:\/\/secure.gravatar.com\/avatar\/b2aa6bd51417a74d8dc72e7c9d4f289ee495b30120bb4f2aa3f0b5fbf65f59d8?s=96&d=blank&r=g","contentUrl":"https:\/\/secure.gravatar.com\/avatar\/b2aa6bd51417a74d8dc72e7c9d4f289ee495b30120bb4f2aa3f0b5fbf65f59d8?s=96&d=blank&r=g","caption":"Philippe"},"sameAs":["http:\/\/imaginedemain.fr"],"url":"https:\/\/imaginedemain.fr\/index.php\/author\/phjg7856\/"}]}},"jetpack_publicize_connections":[],"jetpack_featured_media_url":"https:\/\/i0.wp.com\/imaginedemain.fr\/wp-content\/uploads\/2020\/07\/IMG_1733-scaled.jpg?fit=2560%2C1443&ssl=1","jetpack_shortlink":"https:\/\/wp.me\/p8tuMH-1xJ","jetpack-related-posts":[{"id":1670,"url":"https:\/\/imaginedemain.fr\/index.php\/2015\/07\/19\/de-luchon-a-gavarnie-par-le-gr11-au-sud-du-mont-perdu\/","url_meta":{"origin":5935,"position":0},"title":"Sur le GR11 espagnol, de Luchon \u00e0 Gavarnie, au sud du Mont Perdu","author":"Philippe","date":"19 juillet 2015","format":false,"excerpt":"Nous entretenons avec les Pyr\u00e9n\u00e9es des relations passionn\u00e9es, voire tumultueuses. Depuis trente ans, presque chaque ann\u00e9e, nous y avons \u00e9lim\u00e9 nos Vibram\u00ae et mouill\u00e9 nos Goretex\u00ae, tr\u00e8s souvent sur la HRP (Haute Randonn\u00e9e Pyr\u00e9n\u00e9enne), tr\u00e8s rarement le GR 10, et, beaucoup plus encore sur des boucles savamment programm\u00e9es dans le\u2026","rel":"","context":"Dans &quot;Pyr\u00e9n\u00e9es&quot;","block_context":{"text":"Pyr\u00e9n\u00e9es","link":"https:\/\/imaginedemain.fr\/index.php\/category\/pyrenees\/"},"img":{"alt_text":"GR11 0001","src":"https:\/\/i0.wp.com\/imaginedemain.fr\/wp-content\/uploads\/2015\/07\/gr11-00011.jpg?resize=350%2C200","width":350,"height":200},"classes":[]},{"id":2570,"url":"https:\/\/imaginedemain.fr\/index.php\/2017\/10\/06\/randonnee-de-banyuls-a-llivia-etape-1-cap-plein-ouest\/","url_meta":{"origin":5935,"position":1},"title":"Randonn\u00e9e de Banyuls \u00e0 Llivia, \u00e9tape 1, cap plein ouest","author":"Philippe","date":"6 octobre 2017","format":false,"excerpt":"\u00a0Le selfie sur la plage de Banyuls, en gage donn\u00e9 \u00e0 la narcissique modernit\u00e9, sac gonfl\u00e9 et chaussures impeccables, c\u2019est l\u2019immanquable du d\u00e9part. Nous sommes au seuil d\u2019une nouvelle\u00a0 aventure dont on ne sait encore rien, sinon le principe d\u2019un long trait d\u00e9sordonn\u00e9 sur trois cartes au 1\/50000\u00e8me \u00e0 parcourir\u2026","rel":"","context":"Dans &quot;Pyr\u00e9n\u00e9es&quot;","block_context":{"text":"Pyr\u00e9n\u00e9es","link":"https:\/\/imaginedemain.fr\/index.php\/category\/pyrenees\/"},"img":{"alt_text":"","src":"https:\/\/i0.wp.com\/imaginedemain.fr\/wp-content\/uploads\/2017\/10\/DSC05067-2.jpg?fit=1016%2C1200&ssl=1&resize=350%2C200","width":350,"height":200,"srcset":"https:\/\/i0.wp.com\/imaginedemain.fr\/wp-content\/uploads\/2017\/10\/DSC05067-2.jpg?fit=1016%2C1200&ssl=1&resize=350%2C200 1x, https:\/\/i0.wp.com\/imaginedemain.fr\/wp-content\/uploads\/2017\/10\/DSC05067-2.jpg?fit=1016%2C1200&ssl=1&resize=525%2C300 1.5x, https:\/\/i0.wp.com\/imaginedemain.fr\/wp-content\/uploads\/2017\/10\/DSC05067-2.jpg?fit=1016%2C1200&ssl=1&resize=700%2C400 2x"},"classes":[]},{"id":2593,"url":"https:\/\/imaginedemain.fr\/index.php\/2017\/10\/07\/randonnee-de-banyuls-a-llivia-etape-2-entre-harmonie-et-chaos\/","url_meta":{"origin":5935,"position":2},"title":"Randonn\u00e9e de Banyuls \u00e0 Llivia, \u00e9tape 2, entre harmonie et chaos","author":"Philippe","date":"7 octobre 2017","format":false,"excerpt":"Il y a quelque chose de troublant \u00e0 embrasser d'un seul regard, depuis notre bivouac sur la cr\u00eate de la Massane, la c\u00f4te du Roussillon au nord, le Cap Creus \u00e0 l\u2019Est, tout au bout du bout des Pyr\u00e9n\u00e9es, quand elles l\u00e2chent prise dans la grande bleue, et au sud,\u2026","rel":"","context":"Dans &quot;Pyr\u00e9n\u00e9es&quot;","block_context":{"text":"Pyr\u00e9n\u00e9es","link":"https:\/\/imaginedemain.fr\/index.php\/category\/pyrenees\/"},"img":{"alt_text":"","src":"https:\/\/i0.wp.com\/imaginedemain.fr\/wp-content\/uploads\/2017\/10\/DSC05087.jpg?fit=1200%2C675&ssl=1&resize=350%2C200","width":350,"height":200,"srcset":"https:\/\/i0.wp.com\/imaginedemain.fr\/wp-content\/uploads\/2017\/10\/DSC05087.jpg?fit=1200%2C675&ssl=1&resize=350%2C200 1x, https:\/\/i0.wp.com\/imaginedemain.fr\/wp-content\/uploads\/2017\/10\/DSC05087.jpg?fit=1200%2C675&ssl=1&resize=525%2C300 1.5x, https:\/\/i0.wp.com\/imaginedemain.fr\/wp-content\/uploads\/2017\/10\/DSC05087.jpg?fit=1200%2C675&ssl=1&resize=700%2C400 2x, https:\/\/i0.wp.com\/imaginedemain.fr\/wp-content\/uploads\/2017\/10\/DSC05087.jpg?fit=1200%2C675&ssl=1&resize=1050%2C600 3x"},"classes":[]},{"id":2975,"url":"https:\/\/imaginedemain.fr\/index.php\/2017\/11\/04\/de-banyuls-a-llivia-dixieme-ultime-etape-petite-lecon-dhistoire-geo-cerdagne\/","url_meta":{"origin":5935,"position":3},"title":"De Banyuls \u00e0 Llivia, dixi\u00e8me et ultime \u00e9tape, petite le\u00e7on d&rsquo;histoire-g\u00e9o en Cerdagne","author":"Philippe","date":"4 novembre 2017","format":false,"excerpt":"Dixi\u00e8me\u00a0et dernier jour\u00a0 de randonn\u00e9e non stop sur ce parcours tr\u00e8s accident\u00e9, avec nos sacs de 12 kg bon poids, les jambes ont chang\u00e9, devenues plus dures au mal, les courbatures oubli\u00e9es depuis longtemps. Fatigu\u00e9es, oui sans aucun doute. Tiendrions-nous s\u2019il fallait continuer? Oui, mais nous ne sommes pas malheureux\u2026","rel":"","context":"Dans &quot;Pyr\u00e9n\u00e9es&quot;","block_context":{"text":"Pyr\u00e9n\u00e9es","link":"https:\/\/imaginedemain.fr\/index.php\/category\/pyrenees\/"},"img":{"alt_text":"","src":"https:\/\/i0.wp.com\/imaginedemain.fr\/wp-content\/uploads\/2017\/11\/DSC05359.jpg?fit=1200%2C675&ssl=1&resize=350%2C200","width":350,"height":200,"srcset":"https:\/\/i0.wp.com\/imaginedemain.fr\/wp-content\/uploads\/2017\/11\/DSC05359.jpg?fit=1200%2C675&ssl=1&resize=350%2C200 1x, https:\/\/i0.wp.com\/imaginedemain.fr\/wp-content\/uploads\/2017\/11\/DSC05359.jpg?fit=1200%2C675&ssl=1&resize=525%2C300 1.5x, https:\/\/i0.wp.com\/imaginedemain.fr\/wp-content\/uploads\/2017\/11\/DSC05359.jpg?fit=1200%2C675&ssl=1&resize=700%2C400 2x, https:\/\/i0.wp.com\/imaginedemain.fr\/wp-content\/uploads\/2017\/11\/DSC05359.jpg?fit=1200%2C675&ssl=1&resize=1050%2C600 3x"},"classes":[]},{"id":1618,"url":"https:\/\/imaginedemain.fr\/index.php\/2015\/07\/17\/latour-de-carol-a-vielha\/","url_meta":{"origin":5935,"position":4},"title":"En ballada sobre la Senda","author":"Philippe","date":"17 juillet 2015","format":false,"excerpt":"Nous entretenons avec les Pyr\u00e9n\u00e9es une relation passionn\u00e9e, voire tumultueuse. Depuis trente ans, presque chaque ann\u00e9e, nous y avons \u00e9lim\u00e9 nos Vibram\u00ae et d\u00e9tremp\u00e9 nos Goretex\u00ae, tr\u00e8s souvent sur la HRP (Haute Randonn\u00e9e Pyr\u00e9n\u00e9enne), tr\u00e8s rarement le GR 10, beaucoup plus fr\u00e9quemment sur des boucles savamment programm\u00e9es dans le d\u00e9dale\u2026","rel":"","context":"Dans &quot;Pyr\u00e9n\u00e9es&quot;","block_context":{"text":"Pyr\u00e9n\u00e9es","link":"https:\/\/imaginedemain.fr\/index.php\/category\/pyrenees\/"},"img":{"alt_text":"","src":"https:\/\/i0.wp.com\/imaginedemain.fr\/wp-content\/uploads\/2015\/07\/gr11-0010.jpg?fit=1024%2C1024&ssl=1&resize=350%2C200","width":350,"height":200,"srcset":"https:\/\/i0.wp.com\/imaginedemain.fr\/wp-content\/uploads\/2015\/07\/gr11-0010.jpg?fit=1024%2C1024&ssl=1&resize=350%2C200 1x, https:\/\/i0.wp.com\/imaginedemain.fr\/wp-content\/uploads\/2015\/07\/gr11-0010.jpg?fit=1024%2C1024&ssl=1&resize=525%2C300 1.5x, https:\/\/i0.wp.com\/imaginedemain.fr\/wp-content\/uploads\/2015\/07\/gr11-0010.jpg?fit=1024%2C1024&ssl=1&resize=700%2C400 2x"},"classes":[]},{"id":337,"url":"https:\/\/imaginedemain.fr\/index.php\/2017\/01\/03\/jours-tranquilles-en-vallee-daspe\/","url_meta":{"origin":5935,"position":5},"title":"Jours tranquilles en Vall\u00e9e d&rsquo;Aspe","author":"Philippe","date":"3 janvier 2017","format":"gallery","excerpt":"2016 presque termin\u00e9e, bien remplie, superbe, du sentier cathare en randonn\u00e9e partag\u00e9e aux atolls polyn\u00e9siens en \u00e9quipage, du raz de Sein franchi voiles hautes aux belles Marquises rejointes \u00e0 tire d'aile d'avion, entre enfants, vifs petits-enfants, amis, rencontres, jolies surprises, des plateaux du Vercors en hiver \u00e0 Belle-Ile pour cet\u2026","rel":"","context":"Dans &quot;Pyr\u00e9n\u00e9es&quot;","block_context":{"text":"Pyr\u00e9n\u00e9es","link":"https:\/\/imaginedemain.fr\/index.php\/category\/pyrenees\/"},"img":{"alt_text":"","src":"https:\/\/i0.wp.com\/imaginedemain.fr\/wp-content\/uploads\/2017\/01\/dsc00513.jpg?fit=1200%2C673&ssl=1&resize=350%2C200","width":350,"height":200,"srcset":"https:\/\/i0.wp.com\/imaginedemain.fr\/wp-content\/uploads\/2017\/01\/dsc00513.jpg?fit=1200%2C673&ssl=1&resize=350%2C200 1x, https:\/\/i0.wp.com\/imaginedemain.fr\/wp-content\/uploads\/2017\/01\/dsc00513.jpg?fit=1200%2C673&ssl=1&resize=525%2C300 1.5x, https:\/\/i0.wp.com\/imaginedemain.fr\/wp-content\/uploads\/2017\/01\/dsc00513.jpg?fit=1200%2C673&ssl=1&resize=700%2C400 2x, https:\/\/i0.wp.com\/imaginedemain.fr\/wp-content\/uploads\/2017\/01\/dsc00513.jpg?fit=1200%2C673&ssl=1&resize=1050%2C600 3x"},"classes":[]}],"jetpack_sharing_enabled":true,"_links":{"self":[{"href":"https:\/\/imaginedemain.fr\/index.php\/wp-json\/wp\/v2\/posts\/5935","targetHints":{"allow":["GET"]}}],"collection":[{"href":"https:\/\/imaginedemain.fr\/index.php\/wp-json\/wp\/v2\/posts"}],"about":[{"href":"https:\/\/imaginedemain.fr\/index.php\/wp-json\/wp\/v2\/types\/post"}],"author":[{"embeddable":true,"href":"https:\/\/imaginedemain.fr\/index.php\/wp-json\/wp\/v2\/users\/269"}],"replies":[{"embeddable":true,"href":"https:\/\/imaginedemain.fr\/index.php\/wp-json\/wp\/v2\/comments?post=5935"}],"version-history":[{"count":26,"href":"https:\/\/imaginedemain.fr\/index.php\/wp-json\/wp\/v2\/posts\/5935\/revisions"}],"predecessor-version":[{"id":5970,"href":"https:\/\/imaginedemain.fr\/index.php\/wp-json\/wp\/v2\/posts\/5935\/revisions\/5970"}],"wp:featuredmedia":[{"embeddable":true,"href":"https:\/\/imaginedemain.fr\/index.php\/wp-json\/wp\/v2\/media\/5913"}],"wp:attachment":[{"href":"https:\/\/imaginedemain.fr\/index.php\/wp-json\/wp\/v2\/media?parent=5935"}],"wp:term":[{"taxonomy":"category","embeddable":true,"href":"https:\/\/imaginedemain.fr\/index.php\/wp-json\/wp\/v2\/categories?post=5935"},{"taxonomy":"post_tag","embeddable":true,"href":"https:\/\/imaginedemain.fr\/index.php\/wp-json\/wp\/v2\/tags?post=5935"}],"curies":[{"name":"wp","href":"https:\/\/api.w.org\/{rel}","templated":true}]}}