{"id":5973,"date":"2020-08-30T19:37:18","date_gmt":"2020-08-30T17:37:18","guid":{"rendered":"http:\/\/imaginedemain.fr\/?p=5973"},"modified":"2020-11-01T11:33:33","modified_gmt":"2020-11-01T10:33:33","slug":"un-mur-dimages-pour-bangor","status":"publish","type":"post","link":"https:\/\/imaginedemain.fr\/index.php\/2020\/08\/30\/un-mur-dimages-pour-bangor\/","title":{"rendered":"Un mur d&rsquo;images pour Bangor"},"content":{"rendered":"\n<p>Dans cet \u00e9t\u00e9 si pauvre en \u00e9v\u00e9nements culturels, l&rsquo;organisation d&rsquo;une premi\u00e8re soir\u00e9e \u00ab\u00a0Artistes au clair de lune\u00a0\u00bb au village d&rsquo;Herlin constituait un sacr\u00e9 d\u00e9fi. Pourtant relev\u00e9 et r\u00e9ussi par notre voisine Val\u00e9rie, aid\u00e9e d&rsquo;une petite \u00e9quipe soud\u00e9e autour d&rsquo;elle.<\/p>\n\n\n\n<p>Pour appuyer cette belle initiative, j&rsquo;avais propos\u00e9 un \u00ab\u00a0mur d&rsquo;images\u00a0\u00bb avec une s\u00e9lection de beaux clich\u00e9s pris sur le village d&rsquo;Herlin au cours des ann\u00e9es.<\/p>\n\n\n\n<div class=\"wp-block-image\"><figure class=\"aligncenter size-large\"><a href=\"http:\/\/Imaginedemain.fr\/Imaginedemain\/Mur_d_images_Bangor_long.avi\" target=\"_blank\" rel=\"noreferrer noopener\"><img data-recalc-dims=\"1\" loading=\"lazy\" decoding=\"async\" width=\"600\" height=\"600\" data-attachment-id=\"5982\" data-permalink=\"https:\/\/imaginedemain.fr\/index.php\/2020\/08\/30\/un-mur-dimages-pour-bangor\/projet-roll-up-6\/\" data-orig-file=\"https:\/\/i0.wp.com\/imaginedemain.fr\/wp-content\/uploads\/2020\/08\/Projet-roll-up-6-scaled.jpg?fit=2560%2C2560&amp;ssl=1\" data-orig-size=\"2560,2560\" data-comments-opened=\"1\" data-image-meta=\"{&quot;aperture&quot;:&quot;0&quot;,&quot;credit&quot;:&quot;&quot;,&quot;camera&quot;:&quot;&quot;,&quot;caption&quot;:&quot;&quot;,&quot;created_timestamp&quot;:&quot;0&quot;,&quot;copyright&quot;:&quot;&quot;,&quot;focal_length&quot;:&quot;0&quot;,&quot;iso&quot;:&quot;0&quot;,&quot;shutter_speed&quot;:&quot;0&quot;,&quot;title&quot;:&quot;&quot;,&quot;orientation&quot;:&quot;0&quot;}\" data-image-title=\"Projet-roll-up-6\" data-image-description=\"\" data-image-caption=\"\" data-large-file=\"https:\/\/i0.wp.com\/imaginedemain.fr\/wp-content\/uploads\/2020\/08\/Projet-roll-up-6-scaled.jpg?fit=600%2C600&amp;ssl=1\" src=\"https:\/\/i0.wp.com\/imaginedemain.fr\/wp-content\/uploads\/2020\/08\/Projet-roll-up-6-1024x1024.jpg?resize=600%2C600\" alt=\"\" class=\"wp-image-5982\" srcset=\"https:\/\/i0.wp.com\/imaginedemain.fr\/wp-content\/uploads\/2020\/08\/Projet-roll-up-6-scaled.jpg?resize=1024%2C1024&amp;ssl=1 1024w, https:\/\/i0.wp.com\/imaginedemain.fr\/wp-content\/uploads\/2020\/08\/Projet-roll-up-6-scaled.jpg?resize=300%2C300&amp;ssl=1 300w, https:\/\/i0.wp.com\/imaginedemain.fr\/wp-content\/uploads\/2020\/08\/Projet-roll-up-6-scaled.jpg?resize=150%2C150&amp;ssl=1 150w, https:\/\/i0.wp.com\/imaginedemain.fr\/wp-content\/uploads\/2020\/08\/Projet-roll-up-6-scaled.jpg?resize=768%2C768&amp;ssl=1 768w, https:\/\/i0.wp.com\/imaginedemain.fr\/wp-content\/uploads\/2020\/08\/Projet-roll-up-6-scaled.jpg?resize=600%2C600&amp;ssl=1 600w, https:\/\/i0.wp.com\/imaginedemain.fr\/wp-content\/uploads\/2020\/08\/Projet-roll-up-6-scaled.jpg?resize=1536%2C1536&amp;ssl=1 1536w, https:\/\/i0.wp.com\/imaginedemain.fr\/wp-content\/uploads\/2020\/08\/Projet-roll-up-6-scaled.jpg?resize=2048%2C2048&amp;ssl=1 2048w, https:\/\/i0.wp.com\/imaginedemain.fr\/wp-content\/uploads\/2020\/08\/Projet-roll-up-6-scaled.jpg?resize=1320%2C1320&amp;ssl=1 1320w, https:\/\/i0.wp.com\/imaginedemain.fr\/wp-content\/uploads\/2020\/08\/Projet-roll-up-6-scaled.jpg?resize=50%2C50&amp;ssl=1 50w, https:\/\/i0.wp.com\/imaginedemain.fr\/wp-content\/uploads\/2020\/08\/Projet-roll-up-6-scaled.jpg?w=1200&amp;ssl=1 1200w, https:\/\/i0.wp.com\/imaginedemain.fr\/wp-content\/uploads\/2020\/08\/Projet-roll-up-6-scaled.jpg?w=1800&amp;ssl=1 1800w\" sizes=\"auto, (max-width: 600px) 100vw, 600px\" \/><\/a><figcaption><em>Cliquer sur le mur d&rsquo;images pour lancer la vid\u00e9o<\/em><\/figcaption><\/figure><\/div>\n\n\n\n<p>Mis en sc\u00e8ne avec un \u00e9clairage puissant plac\u00e9 derri\u00e8re le mur, l&rsquo;effet \u00e9tait au rendez-vous &#8230;<\/p>\n\n\n\n<p>Mais ce n&rsquo;\u00e9tait rien devant la richesse et l&rsquo;originalit\u00e9 de la soir\u00e9e gr\u00e2ce \u00e0 la g\u00e9n\u00e9rosit\u00e9 des artistes r\u00e9unis, une grande r\u00e9ussite:<\/p>\n\n\n\n<figure class=\"wp-block-image size-large\"><a href=\"https:\/\/www.facebook.com\/pages\/category\/Arts---Entertainment\/Artistes-au-clair-de-lune-104255814723890\/\" target=\"_blank\" rel=\"noopener noreferrer\"><img data-recalc-dims=\"1\" loading=\"lazy\" decoding=\"async\" width=\"600\" height=\"438\" data-attachment-id=\"5996\" data-permalink=\"https:\/\/imaginedemain.fr\/index.php\/2020\/08\/30\/un-mur-dimages-pour-bangor\/117013925_104259718056833_6018210709603635959_n\/\" data-orig-file=\"https:\/\/i0.wp.com\/imaginedemain.fr\/wp-content\/uploads\/2020\/11\/117013925_104259718056833_6018210709603635959_n.jpg?fit=658%2C480&amp;ssl=1\" data-orig-size=\"658,480\" data-comments-opened=\"1\" data-image-meta=\"{&quot;aperture&quot;:&quot;0&quot;,&quot;credit&quot;:&quot;&quot;,&quot;camera&quot;:&quot;&quot;,&quot;caption&quot;:&quot;&quot;,&quot;created_timestamp&quot;:&quot;0&quot;,&quot;copyright&quot;:&quot;&quot;,&quot;focal_length&quot;:&quot;0&quot;,&quot;iso&quot;:&quot;0&quot;,&quot;shutter_speed&quot;:&quot;0&quot;,&quot;title&quot;:&quot;&quot;,&quot;orientation&quot;:&quot;0&quot;}\" data-image-title=\"117013925_104259718056833_6018210709603635959_n\" data-image-description=\"\" data-image-caption=\"\" data-large-file=\"https:\/\/i0.wp.com\/imaginedemain.fr\/wp-content\/uploads\/2020\/11\/117013925_104259718056833_6018210709603635959_n.jpg?fit=600%2C438&amp;ssl=1\" src=\"https:\/\/i0.wp.com\/imaginedemain.fr\/wp-content\/uploads\/2020\/11\/117013925_104259718056833_6018210709603635959_n.jpg?resize=600%2C438\" alt=\"\" class=\"wp-image-5996\" srcset=\"https:\/\/i0.wp.com\/imaginedemain.fr\/wp-content\/uploads\/2020\/11\/117013925_104259718056833_6018210709603635959_n.jpg?w=658&amp;ssl=1 658w, https:\/\/i0.wp.com\/imaginedemain.fr\/wp-content\/uploads\/2020\/11\/117013925_104259718056833_6018210709603635959_n.jpg?resize=300%2C219&amp;ssl=1 300w\" sizes=\"auto, (max-width: 600px) 100vw, 600px\" \/><\/a><figcaption>Cliquer sur l&rsquo;image pour acc\u00e9der \u00e0 la page Facebook<\/figcaption><\/figure>\n","protected":false},"excerpt":{"rendered":"<p>Dans cet \u00e9t\u00e9 si pauvre en \u00e9v\u00e9nements culturels, l&rsquo;organisation d&rsquo;une premi\u00e8re soir\u00e9e \u00ab\u00a0Artistes au clair de lune\u00a0\u00bb au village d&rsquo;Herlin constituait un sacr\u00e9 d\u00e9fi. Pourtant relev\u00e9 et r\u00e9ussi par notre voisine Val\u00e9rie, aid\u00e9e d&rsquo;une petite \u00e9quipe soud\u00e9e autour d&rsquo;elle. Pour appuyer cette belle initiative, j&rsquo;avais propos\u00e9 un \u00ab\u00a0mur d&rsquo;images\u00a0\u00bb avec une s\u00e9lection de beaux clich\u00e9s [&hellip;]<\/p>\n","protected":false},"author":269,"featured_media":5982,"comment_status":"open","ping_status":"open","sticky":false,"template":"","format":"standard","meta":{"ngg_post_thumbnail":0,"jetpack_post_was_ever_published":false,"_jetpack_newsletter_access":"","_jetpack_dont_email_post_to_subs":false,"_jetpack_newsletter_tier_id":0,"_jetpack_memberships_contains_paywalled_content":false,"_jetpack_memberships_contains_paid_content":false,"footnotes":"","jetpack_publicize_message":"","jetpack_publicize_feature_enabled":true,"jetpack_social_post_already_shared":true,"jetpack_social_options":{"image_generator_settings":{"template":"highway","default_image_id":0,"font":"","enabled":false},"version":2}},"categories":[8],"tags":[],"class_list":["post-5973","post","type-post","status-publish","format-standard","has-post-thumbnail","hentry","category-savoir"],"yoast_head":"<!-- This site is optimized with the Yoast SEO plugin v27.5 - https:\/\/yoast.com\/product\/yoast-seo-wordpress\/ -->\n<title>Un mur d&#039;images pour Bangor - Imagine demain<\/title>\n<meta name=\"robots\" content=\"index, follow, max-snippet:-1, max-image-preview:large, max-video-preview:-1\" \/>\n<link rel=\"canonical\" href=\"https:\/\/imaginedemain.fr\/index.php\/2020\/08\/30\/un-mur-dimages-pour-bangor\/\" \/>\n<meta property=\"og:locale\" content=\"fr_FR\" \/>\n<meta property=\"og:type\" content=\"article\" \/>\n<meta property=\"og:title\" content=\"Un mur d&#039;images pour Bangor - Imagine demain\" \/>\n<meta property=\"og:description\" content=\"Dans cet \u00e9t\u00e9 si pauvre en \u00e9v\u00e9nements culturels, l&rsquo;organisation d&rsquo;une premi\u00e8re soir\u00e9e \u00ab\u00a0Artistes au clair de lune\u00a0\u00bb au village d&rsquo;Herlin constituait un sacr\u00e9 d\u00e9fi. Pourtant relev\u00e9 et r\u00e9ussi par notre voisine Val\u00e9rie, aid\u00e9e d&rsquo;une petite \u00e9quipe soud\u00e9e autour d&rsquo;elle. Pour appuyer cette belle initiative, j&rsquo;avais propos\u00e9 un \u00ab\u00a0mur d&rsquo;images\u00a0\u00bb avec une s\u00e9lection de beaux clich\u00e9s [&hellip;]\" \/>\n<meta property=\"og:url\" content=\"https:\/\/imaginedemain.fr\/index.php\/2020\/08\/30\/un-mur-dimages-pour-bangor\/\" \/>\n<meta property=\"og:site_name\" content=\"Imagine demain\" \/>\n<meta property=\"article:published_time\" content=\"2020-08-30T17:37:18+00:00\" \/>\n<meta property=\"article:modified_time\" content=\"2020-11-01T10:33:33+00:00\" \/>\n<meta property=\"og:image\" content=\"https:\/\/i0.wp.com\/imaginedemain.fr\/wp-content\/uploads\/2020\/08\/Projet-roll-up-6-scaled.jpg?fit=2560%2C2560&ssl=1\" \/>\n\t<meta property=\"og:image:width\" content=\"2560\" \/>\n\t<meta property=\"og:image:height\" content=\"2560\" \/>\n\t<meta property=\"og:image:type\" content=\"image\/jpeg\" \/>\n<meta name=\"author\" content=\"Philippe\" \/>\n<meta name=\"twitter:card\" content=\"summary_large_image\" \/>\n<meta name=\"twitter:label1\" content=\"\u00c9crit par\" \/>\n\t<meta name=\"twitter:data1\" content=\"Philippe\" \/>\n\t<meta name=\"twitter:label2\" content=\"Dur\u00e9e de lecture estim\u00e9e\" \/>\n\t<meta name=\"twitter:data2\" content=\"1 minute\" \/>\n<script type=\"application\/ld+json\" class=\"yoast-schema-graph\">{\"@context\":\"https:\\\/\\\/schema.org\",\"@graph\":[{\"@type\":\"Article\",\"@id\":\"https:\\\/\\\/imaginedemain.fr\\\/index.php\\\/2020\\\/08\\\/30\\\/un-mur-dimages-pour-bangor\\\/#article\",\"isPartOf\":{\"@id\":\"https:\\\/\\\/imaginedemain.fr\\\/index.php\\\/2020\\\/08\\\/30\\\/un-mur-dimages-pour-bangor\\\/\"},\"author\":{\"name\":\"Philippe\",\"@id\":\"https:\\\/\\\/imaginedemain.fr\\\/#\\\/schema\\\/person\\\/9f5931e51d7535c65f1a4a291d3bbaa4\"},\"headline\":\"Un mur d&rsquo;images pour Bangor\",\"datePublished\":\"2020-08-30T17:37:18+00:00\",\"dateModified\":\"2020-11-01T10:33:33+00:00\",\"mainEntityOfPage\":{\"@id\":\"https:\\\/\\\/imaginedemain.fr\\\/index.php\\\/2020\\\/08\\\/30\\\/un-mur-dimages-pour-bangor\\\/\"},\"wordCount\":157,\"commentCount\":1,\"image\":{\"@id\":\"https:\\\/\\\/imaginedemain.fr\\\/index.php\\\/2020\\\/08\\\/30\\\/un-mur-dimages-pour-bangor\\\/#primaryimage\"},\"thumbnailUrl\":\"https:\\\/\\\/i0.wp.com\\\/imaginedemain.fr\\\/wp-content\\\/uploads\\\/2020\\\/08\\\/Projet-roll-up-6-scaled.jpg?fit=2560%2C2560&ssl=1\",\"articleSection\":[\"Voyage immobile\"],\"inLanguage\":\"fr-FR\",\"potentialAction\":[{\"@type\":\"CommentAction\",\"name\":\"Comment\",\"target\":[\"https:\\\/\\\/imaginedemain.fr\\\/index.php\\\/2020\\\/08\\\/30\\\/un-mur-dimages-pour-bangor\\\/#respond\"]}]},{\"@type\":\"WebPage\",\"@id\":\"https:\\\/\\\/imaginedemain.fr\\\/index.php\\\/2020\\\/08\\\/30\\\/un-mur-dimages-pour-bangor\\\/\",\"url\":\"https:\\\/\\\/imaginedemain.fr\\\/index.php\\\/2020\\\/08\\\/30\\\/un-mur-dimages-pour-bangor\\\/\",\"name\":\"Un mur d'images pour Bangor - Imagine demain\",\"isPartOf\":{\"@id\":\"https:\\\/\\\/imaginedemain.fr\\\/#website\"},\"primaryImageOfPage\":{\"@id\":\"https:\\\/\\\/imaginedemain.fr\\\/index.php\\\/2020\\\/08\\\/30\\\/un-mur-dimages-pour-bangor\\\/#primaryimage\"},\"image\":{\"@id\":\"https:\\\/\\\/imaginedemain.fr\\\/index.php\\\/2020\\\/08\\\/30\\\/un-mur-dimages-pour-bangor\\\/#primaryimage\"},\"thumbnailUrl\":\"https:\\\/\\\/i0.wp.com\\\/imaginedemain.fr\\\/wp-content\\\/uploads\\\/2020\\\/08\\\/Projet-roll-up-6-scaled.jpg?fit=2560%2C2560&ssl=1\",\"datePublished\":\"2020-08-30T17:37:18+00:00\",\"dateModified\":\"2020-11-01T10:33:33+00:00\",\"author\":{\"@id\":\"https:\\\/\\\/imaginedemain.fr\\\/#\\\/schema\\\/person\\\/9f5931e51d7535c65f1a4a291d3bbaa4\"},\"breadcrumb\":{\"@id\":\"https:\\\/\\\/imaginedemain.fr\\\/index.php\\\/2020\\\/08\\\/30\\\/un-mur-dimages-pour-bangor\\\/#breadcrumb\"},\"inLanguage\":\"fr-FR\",\"potentialAction\":[{\"@type\":\"ReadAction\",\"target\":[\"https:\\\/\\\/imaginedemain.fr\\\/index.php\\\/2020\\\/08\\\/30\\\/un-mur-dimages-pour-bangor\\\/\"]}]},{\"@type\":\"ImageObject\",\"inLanguage\":\"fr-FR\",\"@id\":\"https:\\\/\\\/imaginedemain.fr\\\/index.php\\\/2020\\\/08\\\/30\\\/un-mur-dimages-pour-bangor\\\/#primaryimage\",\"url\":\"https:\\\/\\\/i0.wp.com\\\/imaginedemain.fr\\\/wp-content\\\/uploads\\\/2020\\\/08\\\/Projet-roll-up-6-scaled.jpg?fit=2560%2C2560&ssl=1\",\"contentUrl\":\"https:\\\/\\\/i0.wp.com\\\/imaginedemain.fr\\\/wp-content\\\/uploads\\\/2020\\\/08\\\/Projet-roll-up-6-scaled.jpg?fit=2560%2C2560&ssl=1\",\"width\":2560,\"height\":2560},{\"@type\":\"BreadcrumbList\",\"@id\":\"https:\\\/\\\/imaginedemain.fr\\\/index.php\\\/2020\\\/08\\\/30\\\/un-mur-dimages-pour-bangor\\\/#breadcrumb\",\"itemListElement\":[{\"@type\":\"ListItem\",\"position\":1,\"name\":\"Accueil\",\"item\":\"https:\\\/\\\/imaginedemain.fr\\\/\"},{\"@type\":\"ListItem\",\"position\":2,\"name\":\"Un mur d&#8217;images pour Bangor\"}]},{\"@type\":\"WebSite\",\"@id\":\"https:\\\/\\\/imaginedemain.fr\\\/#website\",\"url\":\"https:\\\/\\\/imaginedemain.fr\\\/\",\"name\":\"Imagine demain\",\"description\":\"\",\"potentialAction\":[{\"@type\":\"SearchAction\",\"target\":{\"@type\":\"EntryPoint\",\"urlTemplate\":\"https:\\\/\\\/imaginedemain.fr\\\/?s={search_term_string}\"},\"query-input\":{\"@type\":\"PropertyValueSpecification\",\"valueRequired\":true,\"valueName\":\"search_term_string\"}}],\"inLanguage\":\"fr-FR\"},{\"@type\":\"Person\",\"@id\":\"https:\\\/\\\/imaginedemain.fr\\\/#\\\/schema\\\/person\\\/9f5931e51d7535c65f1a4a291d3bbaa4\",\"name\":\"Philippe\",\"image\":{\"@type\":\"ImageObject\",\"inLanguage\":\"fr-FR\",\"@id\":\"https:\\\/\\\/secure.gravatar.com\\\/avatar\\\/b2aa6bd51417a74d8dc72e7c9d4f289ee495b30120bb4f2aa3f0b5fbf65f59d8?s=96&d=blank&r=g\",\"url\":\"https:\\\/\\\/secure.gravatar.com\\\/avatar\\\/b2aa6bd51417a74d8dc72e7c9d4f289ee495b30120bb4f2aa3f0b5fbf65f59d8?s=96&d=blank&r=g\",\"contentUrl\":\"https:\\\/\\\/secure.gravatar.com\\\/avatar\\\/b2aa6bd51417a74d8dc72e7c9d4f289ee495b30120bb4f2aa3f0b5fbf65f59d8?s=96&d=blank&r=g\",\"caption\":\"Philippe\"},\"sameAs\":[\"http:\\\/\\\/imaginedemain.fr\"],\"url\":\"https:\\\/\\\/imaginedemain.fr\\\/index.php\\\/author\\\/phjg7856\\\/\"}]}<\/script>\n<!-- \/ Yoast SEO plugin. -->","yoast_head_json":{"title":"Un mur d'images pour Bangor - Imagine demain","robots":{"index":"index","follow":"follow","max-snippet":"max-snippet:-1","max-image-preview":"max-image-preview:large","max-video-preview":"max-video-preview:-1"},"canonical":"https:\/\/imaginedemain.fr\/index.php\/2020\/08\/30\/un-mur-dimages-pour-bangor\/","og_locale":"fr_FR","og_type":"article","og_title":"Un mur d'images pour Bangor - Imagine demain","og_description":"Dans cet \u00e9t\u00e9 si pauvre en \u00e9v\u00e9nements culturels, l&rsquo;organisation d&rsquo;une premi\u00e8re soir\u00e9e \u00ab\u00a0Artistes au clair de lune\u00a0\u00bb au village d&rsquo;Herlin constituait un sacr\u00e9 d\u00e9fi. Pourtant relev\u00e9 et r\u00e9ussi par notre voisine Val\u00e9rie, aid\u00e9e d&rsquo;une petite \u00e9quipe soud\u00e9e autour d&rsquo;elle. Pour appuyer cette belle initiative, j&rsquo;avais propos\u00e9 un \u00ab\u00a0mur d&rsquo;images\u00a0\u00bb avec une s\u00e9lection de beaux clich\u00e9s [&hellip;]","og_url":"https:\/\/imaginedemain.fr\/index.php\/2020\/08\/30\/un-mur-dimages-pour-bangor\/","og_site_name":"Imagine demain","article_published_time":"2020-08-30T17:37:18+00:00","article_modified_time":"2020-11-01T10:33:33+00:00","og_image":[{"width":2560,"height":2560,"url":"https:\/\/i0.wp.com\/imaginedemain.fr\/wp-content\/uploads\/2020\/08\/Projet-roll-up-6-scaled.jpg?fit=2560%2C2560&ssl=1","type":"image\/jpeg"}],"author":"Philippe","twitter_card":"summary_large_image","twitter_misc":{"\u00c9crit par":"Philippe","Dur\u00e9e de lecture estim\u00e9e":"1 minute"},"schema":{"@context":"https:\/\/schema.org","@graph":[{"@type":"Article","@id":"https:\/\/imaginedemain.fr\/index.php\/2020\/08\/30\/un-mur-dimages-pour-bangor\/#article","isPartOf":{"@id":"https:\/\/imaginedemain.fr\/index.php\/2020\/08\/30\/un-mur-dimages-pour-bangor\/"},"author":{"name":"Philippe","@id":"https:\/\/imaginedemain.fr\/#\/schema\/person\/9f5931e51d7535c65f1a4a291d3bbaa4"},"headline":"Un mur d&rsquo;images pour Bangor","datePublished":"2020-08-30T17:37:18+00:00","dateModified":"2020-11-01T10:33:33+00:00","mainEntityOfPage":{"@id":"https:\/\/imaginedemain.fr\/index.php\/2020\/08\/30\/un-mur-dimages-pour-bangor\/"},"wordCount":157,"commentCount":1,"image":{"@id":"https:\/\/imaginedemain.fr\/index.php\/2020\/08\/30\/un-mur-dimages-pour-bangor\/#primaryimage"},"thumbnailUrl":"https:\/\/i0.wp.com\/imaginedemain.fr\/wp-content\/uploads\/2020\/08\/Projet-roll-up-6-scaled.jpg?fit=2560%2C2560&ssl=1","articleSection":["Voyage immobile"],"inLanguage":"fr-FR","potentialAction":[{"@type":"CommentAction","name":"Comment","target":["https:\/\/imaginedemain.fr\/index.php\/2020\/08\/30\/un-mur-dimages-pour-bangor\/#respond"]}]},{"@type":"WebPage","@id":"https:\/\/imaginedemain.fr\/index.php\/2020\/08\/30\/un-mur-dimages-pour-bangor\/","url":"https:\/\/imaginedemain.fr\/index.php\/2020\/08\/30\/un-mur-dimages-pour-bangor\/","name":"Un mur d'images pour Bangor - Imagine demain","isPartOf":{"@id":"https:\/\/imaginedemain.fr\/#website"},"primaryImageOfPage":{"@id":"https:\/\/imaginedemain.fr\/index.php\/2020\/08\/30\/un-mur-dimages-pour-bangor\/#primaryimage"},"image":{"@id":"https:\/\/imaginedemain.fr\/index.php\/2020\/08\/30\/un-mur-dimages-pour-bangor\/#primaryimage"},"thumbnailUrl":"https:\/\/i0.wp.com\/imaginedemain.fr\/wp-content\/uploads\/2020\/08\/Projet-roll-up-6-scaled.jpg?fit=2560%2C2560&ssl=1","datePublished":"2020-08-30T17:37:18+00:00","dateModified":"2020-11-01T10:33:33+00:00","author":{"@id":"https:\/\/imaginedemain.fr\/#\/schema\/person\/9f5931e51d7535c65f1a4a291d3bbaa4"},"breadcrumb":{"@id":"https:\/\/imaginedemain.fr\/index.php\/2020\/08\/30\/un-mur-dimages-pour-bangor\/#breadcrumb"},"inLanguage":"fr-FR","potentialAction":[{"@type":"ReadAction","target":["https:\/\/imaginedemain.fr\/index.php\/2020\/08\/30\/un-mur-dimages-pour-bangor\/"]}]},{"@type":"ImageObject","inLanguage":"fr-FR","@id":"https:\/\/imaginedemain.fr\/index.php\/2020\/08\/30\/un-mur-dimages-pour-bangor\/#primaryimage","url":"https:\/\/i0.wp.com\/imaginedemain.fr\/wp-content\/uploads\/2020\/08\/Projet-roll-up-6-scaled.jpg?fit=2560%2C2560&ssl=1","contentUrl":"https:\/\/i0.wp.com\/imaginedemain.fr\/wp-content\/uploads\/2020\/08\/Projet-roll-up-6-scaled.jpg?fit=2560%2C2560&ssl=1","width":2560,"height":2560},{"@type":"BreadcrumbList","@id":"https:\/\/imaginedemain.fr\/index.php\/2020\/08\/30\/un-mur-dimages-pour-bangor\/#breadcrumb","itemListElement":[{"@type":"ListItem","position":1,"name":"Accueil","item":"https:\/\/imaginedemain.fr\/"},{"@type":"ListItem","position":2,"name":"Un mur d&#8217;images pour Bangor"}]},{"@type":"WebSite","@id":"https:\/\/imaginedemain.fr\/#website","url":"https:\/\/imaginedemain.fr\/","name":"Imagine demain","description":"","potentialAction":[{"@type":"SearchAction","target":{"@type":"EntryPoint","urlTemplate":"https:\/\/imaginedemain.fr\/?s={search_term_string}"},"query-input":{"@type":"PropertyValueSpecification","valueRequired":true,"valueName":"search_term_string"}}],"inLanguage":"fr-FR"},{"@type":"Person","@id":"https:\/\/imaginedemain.fr\/#\/schema\/person\/9f5931e51d7535c65f1a4a291d3bbaa4","name":"Philippe","image":{"@type":"ImageObject","inLanguage":"fr-FR","@id":"https:\/\/secure.gravatar.com\/avatar\/b2aa6bd51417a74d8dc72e7c9d4f289ee495b30120bb4f2aa3f0b5fbf65f59d8?s=96&d=blank&r=g","url":"https:\/\/secure.gravatar.com\/avatar\/b2aa6bd51417a74d8dc72e7c9d4f289ee495b30120bb4f2aa3f0b5fbf65f59d8?s=96&d=blank&r=g","contentUrl":"https:\/\/secure.gravatar.com\/avatar\/b2aa6bd51417a74d8dc72e7c9d4f289ee495b30120bb4f2aa3f0b5fbf65f59d8?s=96&d=blank&r=g","caption":"Philippe"},"sameAs":["http:\/\/imaginedemain.fr"],"url":"https:\/\/imaginedemain.fr\/index.php\/author\/phjg7856\/"}]}},"jetpack_publicize_connections":[],"jetpack_featured_media_url":"https:\/\/i0.wp.com\/imaginedemain.fr\/wp-content\/uploads\/2020\/08\/Projet-roll-up-6-scaled.jpg?fit=2560%2C2560&ssl=1","jetpack_shortlink":"https:\/\/wp.me\/p8tuMH-1yl","jetpack-related-posts":[{"id":4951,"url":"https:\/\/imaginedemain.fr\/index.php\/2019\/03\/02\/derniere-salsa-a-cuba\/","url_meta":{"origin":5973,"position":0},"title":"Derni\u00e8re salsa \u00e0 Cuba","author":"Philippe","date":"2 mars 2019","format":false,"excerpt":"Les galeries pour touristes \u00e0 Cuba affectionnent ces murs d'images bariol\u00e9es, d\u00e9di\u00e9es aux beaux chassis, ceux des vieilles am\u00e9ricaines, comme ceux des jeunes cubaines, sur une palette qui tape fort dans les couleurs. Notre galerie de souvenirs n'en sera pas loin, mais avec pas moins de six murs. Sur le\u2026","rel":"","context":"Dans &quot;Grenadines, Cuba&quot;","block_context":{"text":"Grenadines, Cuba","link":"https:\/\/imaginedemain.fr\/index.php\/category\/grenadines\/"},"img":{"alt_text":"","src":"https:\/\/i0.wp.com\/imaginedemain.fr\/wp-content\/uploads\/2019\/02\/F777AB1C-82A8-4368-BBF0-9DC35B7B53CB.jpeg?fit=1200%2C675&ssl=1&resize=350%2C200","width":350,"height":200,"srcset":"https:\/\/i0.wp.com\/imaginedemain.fr\/wp-content\/uploads\/2019\/02\/F777AB1C-82A8-4368-BBF0-9DC35B7B53CB.jpeg?fit=1200%2C675&ssl=1&resize=350%2C200 1x, https:\/\/i0.wp.com\/imaginedemain.fr\/wp-content\/uploads\/2019\/02\/F777AB1C-82A8-4368-BBF0-9DC35B7B53CB.jpeg?fit=1200%2C675&ssl=1&resize=525%2C300 1.5x, https:\/\/i0.wp.com\/imaginedemain.fr\/wp-content\/uploads\/2019\/02\/F777AB1C-82A8-4368-BBF0-9DC35B7B53CB.jpeg?fit=1200%2C675&ssl=1&resize=700%2C400 2x, https:\/\/i0.wp.com\/imaginedemain.fr\/wp-content\/uploads\/2019\/02\/F777AB1C-82A8-4368-BBF0-9DC35B7B53CB.jpeg?fit=1200%2C675&ssl=1&resize=1050%2C600 3x"},"classes":[]},{"id":62,"url":"https:\/\/imaginedemain.fr\/index.php\/2014\/11\/30\/lexperience-du-pisco-sour\/","url_meta":{"origin":5973,"position":1},"title":"L\u2019exp\u00e9rience du Pisco Sour","author":"Philippe","date":"30 novembre 2014","format":false,"excerpt":"Avant d\u2019entrer dans le vif du sujet, je vous soumets trois questions sur la course du soleil. A votre avis, \u00e0 Santiago du Chili, qui se situe dans l\u2019h\u00e9misph\u00e8re sud\u00a0: 1\/ O\u00f9 le soleil se trouve-t-il \u00e0 midi\u00a0: au sud ou au nord\u00a0? 2\/ O\u00f9 le soleil se l\u00e8ve-t-il\u00a0: \u00e0\u2026","rel":"","context":"Dans &quot;Chili &amp; Argentine&quot;","block_context":{"text":"Chili &amp; Argentine","link":"https:\/\/imaginedemain.fr\/index.php\/category\/chile-y-argentina\/"},"img":{"alt_text":"","src":"https:\/\/i0.wp.com\/imaginedemain.fr\/wp-content\/uploads\/2014\/11\/dsc02459.jpg?fit=1200%2C675&ssl=1&resize=350%2C200","width":350,"height":200,"srcset":"https:\/\/i0.wp.com\/imaginedemain.fr\/wp-content\/uploads\/2014\/11\/dsc02459.jpg?fit=1200%2C675&ssl=1&resize=350%2C200 1x, https:\/\/i0.wp.com\/imaginedemain.fr\/wp-content\/uploads\/2014\/11\/dsc02459.jpg?fit=1200%2C675&ssl=1&resize=525%2C300 1.5x, https:\/\/i0.wp.com\/imaginedemain.fr\/wp-content\/uploads\/2014\/11\/dsc02459.jpg?fit=1200%2C675&ssl=1&resize=700%2C400 2x, https:\/\/i0.wp.com\/imaginedemain.fr\/wp-content\/uploads\/2014\/11\/dsc02459.jpg?fit=1200%2C675&ssl=1&resize=1050%2C600 3x"},"classes":[]},{"id":4826,"url":"https:\/\/imaginedemain.fr\/index.php\/2019\/02\/24\/dans-la-campagne-cubaine-aux-sources-du-cigare\/","url_meta":{"origin":5973,"position":2},"title":"Dans la campagne cubaine, aux sources du cigare","author":"Philippe","date":"24 f\u00e9vrier 2019","format":false,"excerpt":"A Vinales, dans l\u2019ouest de Cuba, la campagne se feuillette comme un livre d\u2019enfants, livre d\u2019images illustrant les cultures \u00e0 l\u2019ancienne, boeufs, chevaux, charrues et charrois, labours et semis, champs de tabac ou de manioc, fiers guajiros, les paysans d\u2019ici, durs au travail de la terre, qui pompent sur leur\u2026","rel":"","context":"Dans &quot;Grenadines, Cuba&quot;","block_context":{"text":"Grenadines, Cuba","link":"https:\/\/imaginedemain.fr\/index.php\/category\/grenadines\/"},"img":{"alt_text":"","src":"https:\/\/i0.wp.com\/imaginedemain.fr\/wp-content\/uploads\/2019\/02\/0D9534B8-4132-4177-8C4E-D5B927D7B58E.jpeg?fit=1200%2C675&ssl=1&resize=350%2C200","width":350,"height":200,"srcset":"https:\/\/i0.wp.com\/imaginedemain.fr\/wp-content\/uploads\/2019\/02\/0D9534B8-4132-4177-8C4E-D5B927D7B58E.jpeg?fit=1200%2C675&ssl=1&resize=350%2C200 1x, https:\/\/i0.wp.com\/imaginedemain.fr\/wp-content\/uploads\/2019\/02\/0D9534B8-4132-4177-8C4E-D5B927D7B58E.jpeg?fit=1200%2C675&ssl=1&resize=525%2C300 1.5x, https:\/\/i0.wp.com\/imaginedemain.fr\/wp-content\/uploads\/2019\/02\/0D9534B8-4132-4177-8C4E-D5B927D7B58E.jpeg?fit=1200%2C675&ssl=1&resize=700%2C400 2x, https:\/\/i0.wp.com\/imaginedemain.fr\/wp-content\/uploads\/2019\/02\/0D9534B8-4132-4177-8C4E-D5B927D7B58E.jpeg?fit=1200%2C675&ssl=1&resize=1050%2C600 3x"},"classes":[]},{"id":2648,"url":"https:\/\/imaginedemain.fr\/index.php\/2017\/10\/10\/de-banyuls-a-llivia-etape-3-memoire-blessee-de-catalogne\/","url_meta":{"origin":5973,"position":3},"title":"De Banyuls \u00e0 Llivia, \u00e9tape 3, dans la m\u00e9moire bless\u00e9e de la Catalogne","author":"Philippe","date":"10 octobre 2017","format":false,"excerpt":"Encore en Catalogne fran\u00e7aise, nous avons bivouaqu\u00e9 parmi nos amis les ch\u00eanes-li\u00e8ges, des arbres bien complaisants qui se laissent tondre sans une plainte. Aujourd\u2019hui nous avons un s\u00e9rieux challenge de randonneur, car nous devons switcher du GR10 fran\u00e7ais vers le GR11 espagnol, que nous suivrons ensuite pendant une bonne semaine.\u2026","rel":"","context":"Dans &quot;Pyr\u00e9n\u00e9es&quot;","block_context":{"text":"Pyr\u00e9n\u00e9es","link":"https:\/\/imaginedemain.fr\/index.php\/category\/pyrenees\/"},"img":{"alt_text":"","src":"https:\/\/i0.wp.com\/imaginedemain.fr\/wp-content\/uploads\/2017\/10\/DSC05169.jpg?fit=1200%2C675&ssl=1&resize=350%2C200","width":350,"height":200,"srcset":"https:\/\/i0.wp.com\/imaginedemain.fr\/wp-content\/uploads\/2017\/10\/DSC05169.jpg?fit=1200%2C675&ssl=1&resize=350%2C200 1x, https:\/\/i0.wp.com\/imaginedemain.fr\/wp-content\/uploads\/2017\/10\/DSC05169.jpg?fit=1200%2C675&ssl=1&resize=525%2C300 1.5x, https:\/\/i0.wp.com\/imaginedemain.fr\/wp-content\/uploads\/2017\/10\/DSC05169.jpg?fit=1200%2C675&ssl=1&resize=700%2C400 2x, https:\/\/i0.wp.com\/imaginedemain.fr\/wp-content\/uploads\/2017\/10\/DSC05169.jpg?fit=1200%2C675&ssl=1&resize=1050%2C600 3x"},"classes":[]},{"id":5410,"url":"https:\/\/imaginedemain.fr\/index.php\/2020\/02\/16\/premieres-impressions-du-guatemala\/","url_meta":{"origin":5973,"position":4},"title":"Premi\u00e8res impressions du Guatemala","author":"Philippe","date":"16 f\u00e9vrier 2020","format":false,"excerpt":"Difficile de trouver une vue plus majestueuse que celle que nous offre aujourd\u2019hui le lac Atitlan. Enserr\u00e9 dans une vaste barri\u00e8re montagneuse, que dominent trois volcans id\u00e9alement coniques, ses eaux azur renvoient la couleur d\u2019un ciel parfaitement d\u00e9gag\u00e9. De loin en loin s\u2019\u00e9tagent des villages aux maisons modestes, inond\u00e9es de\u2026","rel":"","context":"Dans &quot;Guatemala&quot;","block_context":{"text":"Guatemala","link":"https:\/\/imaginedemain.fr\/index.php\/category\/guatemala\/"},"img":{"alt_text":"","src":"https:\/\/i0.wp.com\/imaginedemain.fr\/wp-content\/uploads\/2020\/02\/DSC06320-scaled.jpg?fit=1200%2C676&ssl=1&resize=350%2C200","width":350,"height":200,"srcset":"https:\/\/i0.wp.com\/imaginedemain.fr\/wp-content\/uploads\/2020\/02\/DSC06320-scaled.jpg?fit=1200%2C676&ssl=1&resize=350%2C200 1x, https:\/\/i0.wp.com\/imaginedemain.fr\/wp-content\/uploads\/2020\/02\/DSC06320-scaled.jpg?fit=1200%2C676&ssl=1&resize=525%2C300 1.5x, https:\/\/i0.wp.com\/imaginedemain.fr\/wp-content\/uploads\/2020\/02\/DSC06320-scaled.jpg?fit=1200%2C676&ssl=1&resize=700%2C400 2x, https:\/\/i0.wp.com\/imaginedemain.fr\/wp-content\/uploads\/2020\/02\/DSC06320-scaled.jpg?fit=1200%2C676&ssl=1&resize=1050%2C600 3x"},"classes":[]},{"id":5346,"url":"https:\/\/imaginedemain.fr\/index.php\/2020\/02\/08\/petite-venise-de-la-poudreuse\/","url_meta":{"origin":5973,"position":5},"title":"Petite Venise de la poudreuse","author":"Philippe","date":"8 f\u00e9vrier 2020","format":false,"excerpt":"Dans la France des 36000 communes, combien en connaissons-nous\u00a0? A peine epsilon\u00a0! Pour un inconditionnel du jeu des 1000 euros, \u00e0 raison d\u2019une commune par jour, presque cent ann\u00e9es seraient n\u00e9cessaires pour en faire le tour. Une vie n\u2019y suffisant pas, prendre un biais s'impose pour les conna\u00eetre un peu.\u2026","rel":"","context":"Dans &quot;Voyage immobile&quot;","block_context":{"text":"Voyage immobile","link":"https:\/\/imaginedemain.fr\/index.php\/category\/savoir\/"},"img":{"alt_text":"","src":"https:\/\/i0.wp.com\/imaginedemain.fr\/wp-content\/uploads\/2020\/02\/DSC02878-scaled.jpg?fit=1200%2C673&ssl=1&resize=350%2C200","width":350,"height":200,"srcset":"https:\/\/i0.wp.com\/imaginedemain.fr\/wp-content\/uploads\/2020\/02\/DSC02878-scaled.jpg?fit=1200%2C673&ssl=1&resize=350%2C200 1x, https:\/\/i0.wp.com\/imaginedemain.fr\/wp-content\/uploads\/2020\/02\/DSC02878-scaled.jpg?fit=1200%2C673&ssl=1&resize=525%2C300 1.5x, https:\/\/i0.wp.com\/imaginedemain.fr\/wp-content\/uploads\/2020\/02\/DSC02878-scaled.jpg?fit=1200%2C673&ssl=1&resize=700%2C400 2x, https:\/\/i0.wp.com\/imaginedemain.fr\/wp-content\/uploads\/2020\/02\/DSC02878-scaled.jpg?fit=1200%2C673&ssl=1&resize=1050%2C600 3x"},"classes":[]}],"jetpack_sharing_enabled":true,"_links":{"self":[{"href":"https:\/\/imaginedemain.fr\/index.php\/wp-json\/wp\/v2\/posts\/5973","targetHints":{"allow":["GET"]}}],"collection":[{"href":"https:\/\/imaginedemain.fr\/index.php\/wp-json\/wp\/v2\/posts"}],"about":[{"href":"https:\/\/imaginedemain.fr\/index.php\/wp-json\/wp\/v2\/types\/post"}],"author":[{"embeddable":true,"href":"https:\/\/imaginedemain.fr\/index.php\/wp-json\/wp\/v2\/users\/269"}],"replies":[{"embeddable":true,"href":"https:\/\/imaginedemain.fr\/index.php\/wp-json\/wp\/v2\/comments?post=5973"}],"version-history":[{"count":16,"href":"https:\/\/imaginedemain.fr\/index.php\/wp-json\/wp\/v2\/posts\/5973\/revisions"}],"predecessor-version":[{"id":5997,"href":"https:\/\/imaginedemain.fr\/index.php\/wp-json\/wp\/v2\/posts\/5973\/revisions\/5997"}],"wp:featuredmedia":[{"embeddable":true,"href":"https:\/\/imaginedemain.fr\/index.php\/wp-json\/wp\/v2\/media\/5982"}],"wp:attachment":[{"href":"https:\/\/imaginedemain.fr\/index.php\/wp-json\/wp\/v2\/media?parent=5973"}],"wp:term":[{"taxonomy":"category","embeddable":true,"href":"https:\/\/imaginedemain.fr\/index.php\/wp-json\/wp\/v2\/categories?post=5973"},{"taxonomy":"post_tag","embeddable":true,"href":"https:\/\/imaginedemain.fr\/index.php\/wp-json\/wp\/v2\/tags?post=5973"}],"curies":[{"name":"wp","href":"https:\/\/api.w.org\/{rel}","templated":true}]}}