{"id":62,"date":"2014-11-30T02:18:34","date_gmt":"2014-11-30T01:18:34","guid":{"rendered":"http:\/\/phicatgarnier.wordpress.com\/?p=62"},"modified":"2017-03-22T16:24:09","modified_gmt":"2017-03-22T15:24:09","slug":"lexperience-du-pisco-sour","status":"publish","type":"post","link":"https:\/\/imaginedemain.fr\/index.php\/2014\/11\/30\/lexperience-du-pisco-sour\/","title":{"rendered":"L\u2019exp\u00e9rience du Pisco Sour"},"content":{"rendered":"<p>Avant d\u2019entrer dans le vif du sujet, je vous soumets trois questions sur la course du soleil. A votre avis, \u00e0 Santiago du Chili, qui se situe dans l\u2019h\u00e9misph\u00e8re sud\u00a0:<\/p>\n<p>1\/ O\u00f9 le soleil se trouve-t-il \u00e0 midi\u00a0: au sud ou au nord\u00a0?<\/p>\n<p>2\/ O\u00f9 le soleil se l\u00e8ve-t-il\u00a0: \u00e0 l\u2019est ou \u00e0 l\u2019ouest\u00a0?<\/p>\n<p>3\/ Le soleil se d\u00e9place-t-il de la gauche vers la droite, comme \u00e0 Paris, ou de la droite vers la gauche\u00a0?<\/p>\n<p>Maintenant que vous avez tent\u00e9 de r\u00e9pondre, voire r\u00e9pondu, \u00e0 ces questions d\u00e9licates, je vous livre les r\u00e9sultats que nous avons pu \u00e9tablir gr\u00e2ce \u00e0 l\u2019exp\u00e9rience inattendue du Pisco Sour. Le Pisco Sour\u00a0? C\u2019est un cocktail qui para\u00eet \u00eatre au Chili ce que le pastis est \u00e0 la France, c&rsquo;est-\u00e0-dire l\u2019ap\u00e9ritif de r\u00e9f\u00e9rence. Nous \u00e9tions donc tr\u00e8s impatients de porter un premier Pisco Sour \u00e0 nos l\u00e8vres.<\/p>\n<p>Cette d\u00e9gustation fut l\u2019objectif d\u2019une randonn\u00e9e \u00e0 v\u00e9lo dans Santiago, vers le Barrio Brasil, endroit o\u00f9 la multiplicit\u00e9 des bars nous laissait esp\u00e9rer la r\u00e9ussite totale de ce projet. Mais \u00e0 un carrefour un peu confus, il nous fut n\u00e9cessaire de nous orienter. Prenant notre plan de ville \u00e0 quatre mains et nous r\u00e9f\u00e9rant au soleil bien pr\u00e9sent pour nous rep\u00e9rer, nous arriv\u00e2mes \u00e0 la conclusion que nous \u00e9tions carr\u00e9ment perdus. Les informations dont nous disposions \u00e9taient totalement contradictoires, selon le plan il fallait prendre \u00e0 gauche, selon le soleil \u00e0 droite \u2026 Malgr\u00e9 cette confusion nous trouv\u00e2mes par chance un superbe bar, le \u00ab\u00a0Tales\u00a0\u00bb, de style art d\u00e9co, avec un tr\u00e8s joli balcon sur rue o\u00f9 la carte des Pisco Sour \u00e9tait particuli\u00e8rement attrayante.<\/p>\n<p><a href=\"https:\/\/phicatgarnier.files.wordpress.com\/2014\/11\/dsc02459.jpg\"><img data-recalc-dims=\"1\" loading=\"lazy\" decoding=\"async\" data-attachment-id=\"54\" data-permalink=\"https:\/\/imaginedemain.fr\/dsc02459\/\" data-orig-file=\"https:\/\/i0.wp.com\/imaginedemain.fr\/wp-content\/uploads\/2014\/11\/dsc02459.jpg?fit=4608%2C2592&amp;ssl=1\" data-orig-size=\"4608,2592\" data-comments-opened=\"1\" data-image-meta=\"{&quot;aperture&quot;:&quot;3.6&quot;,&quot;credit&quot;:&quot;&quot;,&quot;camera&quot;:&quot;DSC-TF1&quot;,&quot;caption&quot;:&quot;&quot;,&quot;created_timestamp&quot;:&quot;1416959007&quot;,&quot;copyright&quot;:&quot;&quot;,&quot;focal_length&quot;:&quot;4.43&quot;,&quot;iso&quot;:&quot;320&quot;,&quot;shutter_speed&quot;:&quot;0.033333333333333&quot;,&quot;title&quot;:&quot;&quot;,&quot;orientation&quot;:&quot;1&quot;}\" data-image-title=\"\" data-image-description=\"\" data-image-caption=\"\" data-large-file=\"https:\/\/i0.wp.com\/imaginedemain.fr\/wp-content\/uploads\/2014\/11\/dsc02459.jpg?fit=600%2C338&amp;ssl=1\" class=\"alignnone wp-image-54\" src=\"https:\/\/phicatgarnier.files.wordpress.com\/2014\/11\/dsc02459.jpg?w=300&#038;resize=546%2C312\" alt=\"DSC02459\" width=\"546\" height=\"312\" \/><\/a><\/p>\n<p>Il \u00e9tait alors environ 7 heures du soir. L\u2019ambiance \u00e9tait sud am\u00e9ricaine comme on l\u2019imagine, chaleureuse, un brin fol\u00e2tre, ne manquait qu\u2019un air de bandol\u00e9on. Install\u00e9s au balcon nous d\u00e9cid\u00e2mes d\u2019immortaliser notre initiation au Pisco Sour par quelques photos que je me d\u00e9p\u00eachai de prendre et de faire prendre par la serveuse. En effet le beau soleil qui \u00e9clairait encore le balcon commen\u00e7ait \u00e0 s\u2019effacer derri\u00e8re un mur proche, nous annon\u00e7ant sa disparition rapide!<\/p>\n<p><a href=\"https:\/\/phicatgarnier.files.wordpress.com\/2014\/11\/dsc02462.jpg\"><img data-recalc-dims=\"1\" loading=\"lazy\" decoding=\"async\" data-attachment-id=\"55\" data-permalink=\"https:\/\/imaginedemain.fr\/dsc02462\/\" data-orig-file=\"https:\/\/i0.wp.com\/imaginedemain.fr\/wp-content\/uploads\/2014\/11\/dsc02462.jpg?fit=4608%2C2592&amp;ssl=1\" data-orig-size=\"4608,2592\" data-comments-opened=\"1\" data-image-meta=\"{&quot;aperture&quot;:&quot;3.6&quot;,&quot;credit&quot;:&quot;&quot;,&quot;camera&quot;:&quot;DSC-TF1&quot;,&quot;caption&quot;:&quot;&quot;,&quot;created_timestamp&quot;:&quot;1416959217&quot;,&quot;copyright&quot;:&quot;&quot;,&quot;focal_length&quot;:&quot;4.43&quot;,&quot;iso&quot;:&quot;100&quot;,&quot;shutter_speed&quot;:&quot;0.00625&quot;,&quot;title&quot;:&quot;&quot;,&quot;orientation&quot;:&quot;1&quot;}\" data-image-title=\"DSC02462\" data-image-description=\"\" data-image-caption=\"\" data-large-file=\"https:\/\/i0.wp.com\/imaginedemain.fr\/wp-content\/uploads\/2014\/11\/dsc02462.jpg?fit=600%2C338&amp;ssl=1\" class=\"alignnone wp-image-55\" src=\"https:\/\/phicatgarnier.files.wordpress.com\/2014\/11\/dsc02462.jpg?w=300&#038;resize=263%2C153\" alt=\"DSC02462\" width=\"263\" height=\"153\" \/><\/a><a href=\"https:\/\/phicatgarnier.files.wordpress.com\/2014\/11\/dsc02466.jpg\"><img data-recalc-dims=\"1\" loading=\"lazy\" decoding=\"async\" data-attachment-id=\"56\" data-permalink=\"https:\/\/imaginedemain.fr\/dsc02466\/\" data-orig-file=\"https:\/\/i0.wp.com\/imaginedemain.fr\/wp-content\/uploads\/2014\/11\/dsc02466.jpg?fit=4608%2C2592&amp;ssl=1\" data-orig-size=\"4608,2592\" data-comments-opened=\"1\" data-image-meta=\"{&quot;aperture&quot;:&quot;3.6&quot;,&quot;credit&quot;:&quot;&quot;,&quot;camera&quot;:&quot;DSC-TF1&quot;,&quot;caption&quot;:&quot;&quot;,&quot;created_timestamp&quot;:&quot;1416959383&quot;,&quot;copyright&quot;:&quot;&quot;,&quot;focal_length&quot;:&quot;4.43&quot;,&quot;iso&quot;:&quot;100&quot;,&quot;shutter_speed&quot;:&quot;0.025&quot;,&quot;title&quot;:&quot;&quot;,&quot;orientation&quot;:&quot;1&quot;}\" data-image-title=\"DSC02466\" data-image-description=\"\" data-image-caption=\"\" data-large-file=\"https:\/\/i0.wp.com\/imaginedemain.fr\/wp-content\/uploads\/2014\/11\/dsc02466.jpg?fit=600%2C338&amp;ssl=1\" class=\"alignnone wp-image-56\" src=\"https:\/\/phicatgarnier.files.wordpress.com\/2014\/11\/dsc02466.jpg?w=300&#038;resize=263%2C154\" alt=\"DSC02466\" width=\"263\" height=\"154\" \/><\/a><\/p>\n<p>Nous p\u00fbmes alors nous concentrer sur le Pisco Sour, buvant gorg\u00e9e par gorg\u00e9e, tr\u00e8s lentement, pour en appr\u00e9cier toutes les qualit\u00e9s. Excellent\u00a0: couleur lagon, frais, d\u00e9licatement parfum\u00e9 au raisin, sucr\u00e9 et acidul\u00e9 \u00e0 la fois. Un plaisir\u00a0! Cette d\u00e9gustation durait depuis un certain temps lorsque nous rend\u00eemes compte que notre balcon \u00e9tait de plus en plus \u00e9clair\u00e9 par le soleil\u00a0! L\u2019astre du jour au lieu de dispara\u00eetre derri\u00e8re le mur ne faisait au contraire que s\u2019en \u00e9loigner, et n\u2019\u00e9tant plus g\u00ean\u00e9 par ce mur, nous livrait alors tous ses rayons.<\/p>\n<p>Cette constatation nous surprit\u00a0! Avions-nous abus\u00e9 de cette boisson locale pour en \u00eatre au stade des hallucinations? Nous plonge\u00e2mes alors dans une intense r\u00e9flexion du type\u00a0: qu\u2019est-ce qui se passe dans l\u2019h\u00e9misph\u00e8re sud avec ce soleil, qui trompe ainsi nos plus de 120 ann\u00e9es d\u2019exp\u00e9rience cumul\u00e9e, dont nous croyions tout conna\u00eetre?<\/p>\n<p><a href=\"https:\/\/phicatgarnier.files.wordpress.com\/2014\/11\/dsc02467.jpg\"><img data-recalc-dims=\"1\" loading=\"lazy\" decoding=\"async\" data-attachment-id=\"57\" data-permalink=\"https:\/\/imaginedemain.fr\/dsc02467\/\" data-orig-file=\"https:\/\/i0.wp.com\/imaginedemain.fr\/wp-content\/uploads\/2014\/11\/dsc02467.jpg?fit=4608%2C2592&amp;ssl=1\" data-orig-size=\"4608,2592\" data-comments-opened=\"1\" data-image-meta=\"{&quot;aperture&quot;:&quot;3.6&quot;,&quot;credit&quot;:&quot;&quot;,&quot;camera&quot;:&quot;DSC-TF1&quot;,&quot;caption&quot;:&quot;&quot;,&quot;created_timestamp&quot;:&quot;1416960500&quot;,&quot;copyright&quot;:&quot;&quot;,&quot;focal_length&quot;:&quot;4.43&quot;,&quot;iso&quot;:&quot;100&quot;,&quot;shutter_speed&quot;:&quot;0.004&quot;,&quot;title&quot;:&quot;&quot;,&quot;orientation&quot;:&quot;1&quot;}\" data-image-title=\"DSC02467\" data-image-description=\"\" data-image-caption=\"\" data-large-file=\"https:\/\/i0.wp.com\/imaginedemain.fr\/wp-content\/uploads\/2014\/11\/dsc02467.jpg?fit=600%2C338&amp;ssl=1\" class=\"alignnone wp-image-57\" src=\"https:\/\/phicatgarnier.files.wordpress.com\/2014\/11\/dsc02467.jpg?w=300&#038;resize=540%2C313\" alt=\"DSC02467\" width=\"540\" height=\"313\" \/><\/a><\/p>\n<p>Reprenant nos esprits nous about\u00eemes \u00e0 quelques r\u00e9sultats.<\/p>\n<p>Tout d\u2019abord si dans l\u2019h\u00e9misph\u00e8re nord nous voyons la course du soleil au sud, et que le z\u00e9nith montre la direction du sud, c\u2019est parce que la trajectoire du soleil se situe dans un plan proche de l\u2019\u00e9quateur terrestre. Or, comme chacun sait, l\u2019\u00e9quateur terrestre constitue la limite sud de l\u2018h\u00e9misph\u00e8re nord, ce pourquoi on y voit le soleil au sud. Mais pour l\u2019h\u00e9misph\u00e8re sud, \u00e0 l\u2019inverse, l\u2019\u00e9quateur terrestre constitue sa limite nord. Donc \u00e0 Santiago du Chili, on voit la course du soleil dans le nord, et \u00e0 son z\u00e9nith le soleil montre exactement la direction du nord. Ce qui explique notre erreur en nous orientant avec notre plan. Nous avions simplement oubli\u00e9 que le soleil \u00e9tait ici vers le nord et non pas vers le sud\u00a0!!!<\/p>\n<p>Ensuite dans l\u2019h\u00e9misph\u00e8re sud comme dans l\u2019h\u00e9misph\u00e8re nord le soleil va d\u2019est en ouest. C\u2019est normal la terre ne change pas de sens de rotation \u00e0 l\u2019\u00e9quateur!<\/p>\n<p>Mais pour celui qui observe cette couse du soleil dans le ciel, le soleil va de droite \u00e0 gauche dans l\u2019h\u00e9misph\u00e8re sud, quand il va de gauche \u00e0 droite dans l\u2019h\u00e9misph\u00e8re nord\u00a0!!! En effet quand on regarde le soleil en passant de l\u2019h\u00e9misph\u00e8re nord \u00e0 l\u2019h\u00e9misph\u00e8re sud, il faut litt\u00e9ralement se retourner, et donc ce qui \u00e9tait \u00e0 gauche passe \u00e0 droite, et vice versa. Ce qui explique qu\u2019au balcon de notre bar, le soleil au lieu de disparaitre derri\u00e8re le mur en allant de gauche \u00e0 droite, comme nous nous y attendions, ne faisait au contraire que s\u2019en \u00e9loigner en allant de droite \u00e0 gauche.<\/p>\n<p>Conclusions possibles de tout cela\u00a0? Premi\u00e8re conclusion, la preuve des vertus relaxantes et stimulantes des cocktails. Dans cette perspective le Pisco Sour brille particuli\u00e8rement \u00e0 Santiago. Seconde conclusion, ce dont nos sens nous informent, auquel nous croyons dur comme fer, que nous prenons pour une v\u00e9rit\u00e9 universelle, n\u2019est que le reflet de notre modeste cadre local, et ne vaut rien au-del\u00e0\u00a0!<\/p>\n","protected":false},"excerpt":{"rendered":"<p>Avant d\u2019entrer dans le vif du sujet, je vous soumets trois questions sur la course du soleil. A votre avis, \u00e0 Santiago du Chili, qui se situe dans l\u2019h\u00e9misph\u00e8re sud\u00a0: 1\/ O\u00f9 le soleil se trouve-t-il \u00e0 midi\u00a0: au sud ou au nord\u00a0? 2\/ O\u00f9 le soleil se l\u00e8ve-t-il\u00a0: \u00e0 l\u2019est ou \u00e0 l\u2019ouest\u00a0? 3\/ [&hellip;]<\/p>\n","protected":false},"author":1,"featured_media":54,"comment_status":"open","ping_status":"open","sticky":false,"template":"","format":"standard","meta":{"ngg_post_thumbnail":0,"jetpack_post_was_ever_published":false,"_jetpack_newsletter_access":"","_jetpack_dont_email_post_to_subs":true,"_jetpack_newsletter_tier_id":0,"_jetpack_memberships_contains_paywalled_content":false,"_jetpack_memberships_contains_paid_content":false,"footnotes":"","jetpack_publicize_message":"","jetpack_publicize_feature_enabled":true,"jetpack_social_post_already_shared":false,"jetpack_social_options":{"image_generator_settings":{"template":"highway","default_image_id":0,"font":"","enabled":false},"version":2}},"categories":[10],"tags":[14],"class_list":["post-62","post","type-post","status-publish","format-standard","has-post-thumbnail","hentry","category-chile-y-argentina","tag-chili"],"yoast_head":"<!-- This site is optimized with the Yoast SEO plugin v27.5 - https:\/\/yoast.com\/product\/yoast-seo-wordpress\/ -->\n<title>L\u2019exp\u00e9rience du Pisco Sour - Imagine demain<\/title>\n<meta name=\"robots\" content=\"index, follow, max-snippet:-1, max-image-preview:large, max-video-preview:-1\" \/>\n<link rel=\"canonical\" href=\"https:\/\/imaginedemain.fr\/index.php\/2014\/11\/30\/lexperience-du-pisco-sour\/\" \/>\n<meta property=\"og:locale\" content=\"fr_FR\" \/>\n<meta property=\"og:type\" content=\"article\" \/>\n<meta property=\"og:title\" content=\"L\u2019exp\u00e9rience du Pisco Sour - Imagine demain\" \/>\n<meta property=\"og:description\" content=\"Avant d\u2019entrer dans le vif du sujet, je vous soumets trois questions sur la course du soleil. A votre avis, \u00e0 Santiago du Chili, qui se situe dans l\u2019h\u00e9misph\u00e8re sud\u00a0: 1\/ O\u00f9 le soleil se trouve-t-il \u00e0 midi\u00a0: au sud ou au nord\u00a0? 2\/ O\u00f9 le soleil se l\u00e8ve-t-il\u00a0: \u00e0 l\u2019est ou \u00e0 l\u2019ouest\u00a0? 3\/ [&hellip;]\" \/>\n<meta property=\"og:url\" content=\"https:\/\/imaginedemain.fr\/index.php\/2014\/11\/30\/lexperience-du-pisco-sour\/\" \/>\n<meta property=\"og:site_name\" content=\"Imagine demain\" \/>\n<meta property=\"article:published_time\" content=\"2014-11-30T01:18:34+00:00\" \/>\n<meta property=\"article:modified_time\" content=\"2017-03-22T15:24:09+00:00\" \/>\n<meta property=\"og:image\" content=\"https:\/\/imaginedemain.fr\/wp-content\/uploads\/2014\/11\/dsc02459-1024x576.jpg\" \/>\n\t<meta property=\"og:image:width\" content=\"1024\" \/>\n\t<meta property=\"og:image:height\" content=\"576\" \/>\n\t<meta property=\"og:image:type\" content=\"image\/jpeg\" \/>\n<meta name=\"author\" content=\"Philippe\" \/>\n<meta name=\"twitter:card\" content=\"summary_large_image\" \/>\n<meta name=\"twitter:label1\" content=\"\u00c9crit par\" \/>\n\t<meta name=\"twitter:data1\" content=\"Philippe\" \/>\n\t<meta name=\"twitter:label2\" content=\"Dur\u00e9e de lecture estim\u00e9e\" \/>\n\t<meta name=\"twitter:data2\" content=\"5 minutes\" \/>\n<script type=\"application\/ld+json\" class=\"yoast-schema-graph\">{\"@context\":\"https:\\\/\\\/schema.org\",\"@graph\":[{\"@type\":\"Article\",\"@id\":\"https:\\\/\\\/imaginedemain.fr\\\/index.php\\\/2014\\\/11\\\/30\\\/lexperience-du-pisco-sour\\\/#article\",\"isPartOf\":{\"@id\":\"https:\\\/\\\/imaginedemain.fr\\\/index.php\\\/2014\\\/11\\\/30\\\/lexperience-du-pisco-sour\\\/\"},\"author\":{\"name\":\"Philippe\",\"@id\":\"https:\\\/\\\/imaginedemain.fr\\\/#\\\/schema\\\/person\\\/e38f616126180f1f6000edc7daca21ab\"},\"headline\":\"L\u2019exp\u00e9rience du Pisco Sour\",\"datePublished\":\"2014-11-30T01:18:34+00:00\",\"dateModified\":\"2017-03-22T15:24:09+00:00\",\"mainEntityOfPage\":{\"@id\":\"https:\\\/\\\/imaginedemain.fr\\\/index.php\\\/2014\\\/11\\\/30\\\/lexperience-du-pisco-sour\\\/\"},\"wordCount\":915,\"commentCount\":0,\"image\":{\"@id\":\"https:\\\/\\\/imaginedemain.fr\\\/index.php\\\/2014\\\/11\\\/30\\\/lexperience-du-pisco-sour\\\/#primaryimage\"},\"thumbnailUrl\":\"https:\\\/\\\/i0.wp.com\\\/imaginedemain.fr\\\/wp-content\\\/uploads\\\/2014\\\/11\\\/dsc02459.jpg?fit=4608%2C2592&ssl=1\",\"keywords\":[\"Chili\"],\"articleSection\":[\"Chili &amp; Argentine\"],\"inLanguage\":\"fr-FR\",\"potentialAction\":[{\"@type\":\"CommentAction\",\"name\":\"Comment\",\"target\":[\"https:\\\/\\\/imaginedemain.fr\\\/index.php\\\/2014\\\/11\\\/30\\\/lexperience-du-pisco-sour\\\/#respond\"]}]},{\"@type\":\"WebPage\",\"@id\":\"https:\\\/\\\/imaginedemain.fr\\\/index.php\\\/2014\\\/11\\\/30\\\/lexperience-du-pisco-sour\\\/\",\"url\":\"https:\\\/\\\/imaginedemain.fr\\\/index.php\\\/2014\\\/11\\\/30\\\/lexperience-du-pisco-sour\\\/\",\"name\":\"L\u2019exp\u00e9rience du Pisco Sour - Imagine demain\",\"isPartOf\":{\"@id\":\"https:\\\/\\\/imaginedemain.fr\\\/#website\"},\"primaryImageOfPage\":{\"@id\":\"https:\\\/\\\/imaginedemain.fr\\\/index.php\\\/2014\\\/11\\\/30\\\/lexperience-du-pisco-sour\\\/#primaryimage\"},\"image\":{\"@id\":\"https:\\\/\\\/imaginedemain.fr\\\/index.php\\\/2014\\\/11\\\/30\\\/lexperience-du-pisco-sour\\\/#primaryimage\"},\"thumbnailUrl\":\"https:\\\/\\\/i0.wp.com\\\/imaginedemain.fr\\\/wp-content\\\/uploads\\\/2014\\\/11\\\/dsc02459.jpg?fit=4608%2C2592&ssl=1\",\"datePublished\":\"2014-11-30T01:18:34+00:00\",\"dateModified\":\"2017-03-22T15:24:09+00:00\",\"author\":{\"@id\":\"https:\\\/\\\/imaginedemain.fr\\\/#\\\/schema\\\/person\\\/e38f616126180f1f6000edc7daca21ab\"},\"breadcrumb\":{\"@id\":\"https:\\\/\\\/imaginedemain.fr\\\/index.php\\\/2014\\\/11\\\/30\\\/lexperience-du-pisco-sour\\\/#breadcrumb\"},\"inLanguage\":\"fr-FR\",\"potentialAction\":[{\"@type\":\"ReadAction\",\"target\":[\"https:\\\/\\\/imaginedemain.fr\\\/index.php\\\/2014\\\/11\\\/30\\\/lexperience-du-pisco-sour\\\/\"]}]},{\"@type\":\"ImageObject\",\"inLanguage\":\"fr-FR\",\"@id\":\"https:\\\/\\\/imaginedemain.fr\\\/index.php\\\/2014\\\/11\\\/30\\\/lexperience-du-pisco-sour\\\/#primaryimage\",\"url\":\"https:\\\/\\\/i0.wp.com\\\/imaginedemain.fr\\\/wp-content\\\/uploads\\\/2014\\\/11\\\/dsc02459.jpg?fit=4608%2C2592&ssl=1\",\"contentUrl\":\"https:\\\/\\\/i0.wp.com\\\/imaginedemain.fr\\\/wp-content\\\/uploads\\\/2014\\\/11\\\/dsc02459.jpg?fit=4608%2C2592&ssl=1\",\"width\":4608,\"height\":2592},{\"@type\":\"BreadcrumbList\",\"@id\":\"https:\\\/\\\/imaginedemain.fr\\\/index.php\\\/2014\\\/11\\\/30\\\/lexperience-du-pisco-sour\\\/#breadcrumb\",\"itemListElement\":[{\"@type\":\"ListItem\",\"position\":1,\"name\":\"Accueil\",\"item\":\"https:\\\/\\\/imaginedemain.fr\\\/\"},{\"@type\":\"ListItem\",\"position\":2,\"name\":\"L\u2019exp\u00e9rience du Pisco Sour\"}]},{\"@type\":\"WebSite\",\"@id\":\"https:\\\/\\\/imaginedemain.fr\\\/#website\",\"url\":\"https:\\\/\\\/imaginedemain.fr\\\/\",\"name\":\"Imagine demain\",\"description\":\"\",\"potentialAction\":[{\"@type\":\"SearchAction\",\"target\":{\"@type\":\"EntryPoint\",\"urlTemplate\":\"https:\\\/\\\/imaginedemain.fr\\\/?s={search_term_string}\"},\"query-input\":{\"@type\":\"PropertyValueSpecification\",\"valueRequired\":true,\"valueName\":\"search_term_string\"}}],\"inLanguage\":\"fr-FR\"},{\"@type\":\"Person\",\"@id\":\"https:\\\/\\\/imaginedemain.fr\\\/#\\\/schema\\\/person\\\/e38f616126180f1f6000edc7daca21ab\",\"name\":\"Philippe\",\"image\":{\"@type\":\"ImageObject\",\"inLanguage\":\"fr-FR\",\"@id\":\"https:\\\/\\\/secure.gravatar.com\\\/avatar\\\/69f59b5b22630ea786677085abd0e3dc50190e58bc7ca3c50bd640bfaf2456a4?s=96&d=blank&r=g\",\"url\":\"https:\\\/\\\/secure.gravatar.com\\\/avatar\\\/69f59b5b22630ea786677085abd0e3dc50190e58bc7ca3c50bd640bfaf2456a4?s=96&d=blank&r=g\",\"contentUrl\":\"https:\\\/\\\/secure.gravatar.com\\\/avatar\\\/69f59b5b22630ea786677085abd0e3dc50190e58bc7ca3c50bd640bfaf2456a4?s=96&d=blank&r=g\",\"caption\":\"Philippe\"},\"sameAs\":[\"http:\\\/\\\/imaginedemain.fr\\\/\"],\"url\":\"https:\\\/\\\/imaginedemain.fr\\\/index.php\\\/author\\\/admin4809\\\/\"}]}<\/script>\n<!-- \/ Yoast SEO plugin. -->","yoast_head_json":{"title":"L\u2019exp\u00e9rience du Pisco Sour - Imagine demain","robots":{"index":"index","follow":"follow","max-snippet":"max-snippet:-1","max-image-preview":"max-image-preview:large","max-video-preview":"max-video-preview:-1"},"canonical":"https:\/\/imaginedemain.fr\/index.php\/2014\/11\/30\/lexperience-du-pisco-sour\/","og_locale":"fr_FR","og_type":"article","og_title":"L\u2019exp\u00e9rience du Pisco Sour - Imagine demain","og_description":"Avant d\u2019entrer dans le vif du sujet, je vous soumets trois questions sur la course du soleil. A votre avis, \u00e0 Santiago du Chili, qui se situe dans l\u2019h\u00e9misph\u00e8re sud\u00a0: 1\/ O\u00f9 le soleil se trouve-t-il \u00e0 midi\u00a0: au sud ou au nord\u00a0? 2\/ O\u00f9 le soleil se l\u00e8ve-t-il\u00a0: \u00e0 l\u2019est ou \u00e0 l\u2019ouest\u00a0? 3\/ [&hellip;]","og_url":"https:\/\/imaginedemain.fr\/index.php\/2014\/11\/30\/lexperience-du-pisco-sour\/","og_site_name":"Imagine demain","article_published_time":"2014-11-30T01:18:34+00:00","article_modified_time":"2017-03-22T15:24:09+00:00","og_image":[{"width":1024,"height":576,"url":"https:\/\/imaginedemain.fr\/wp-content\/uploads\/2014\/11\/dsc02459-1024x576.jpg","type":"image\/jpeg"}],"author":"Philippe","twitter_card":"summary_large_image","twitter_misc":{"\u00c9crit par":"Philippe","Dur\u00e9e de lecture estim\u00e9e":"5 minutes"},"schema":{"@context":"https:\/\/schema.org","@graph":[{"@type":"Article","@id":"https:\/\/imaginedemain.fr\/index.php\/2014\/11\/30\/lexperience-du-pisco-sour\/#article","isPartOf":{"@id":"https:\/\/imaginedemain.fr\/index.php\/2014\/11\/30\/lexperience-du-pisco-sour\/"},"author":{"name":"Philippe","@id":"https:\/\/imaginedemain.fr\/#\/schema\/person\/e38f616126180f1f6000edc7daca21ab"},"headline":"L\u2019exp\u00e9rience du Pisco Sour","datePublished":"2014-11-30T01:18:34+00:00","dateModified":"2017-03-22T15:24:09+00:00","mainEntityOfPage":{"@id":"https:\/\/imaginedemain.fr\/index.php\/2014\/11\/30\/lexperience-du-pisco-sour\/"},"wordCount":915,"commentCount":0,"image":{"@id":"https:\/\/imaginedemain.fr\/index.php\/2014\/11\/30\/lexperience-du-pisco-sour\/#primaryimage"},"thumbnailUrl":"https:\/\/i0.wp.com\/imaginedemain.fr\/wp-content\/uploads\/2014\/11\/dsc02459.jpg?fit=4608%2C2592&ssl=1","keywords":["Chili"],"articleSection":["Chili &amp; Argentine"],"inLanguage":"fr-FR","potentialAction":[{"@type":"CommentAction","name":"Comment","target":["https:\/\/imaginedemain.fr\/index.php\/2014\/11\/30\/lexperience-du-pisco-sour\/#respond"]}]},{"@type":"WebPage","@id":"https:\/\/imaginedemain.fr\/index.php\/2014\/11\/30\/lexperience-du-pisco-sour\/","url":"https:\/\/imaginedemain.fr\/index.php\/2014\/11\/30\/lexperience-du-pisco-sour\/","name":"L\u2019exp\u00e9rience du Pisco Sour - Imagine demain","isPartOf":{"@id":"https:\/\/imaginedemain.fr\/#website"},"primaryImageOfPage":{"@id":"https:\/\/imaginedemain.fr\/index.php\/2014\/11\/30\/lexperience-du-pisco-sour\/#primaryimage"},"image":{"@id":"https:\/\/imaginedemain.fr\/index.php\/2014\/11\/30\/lexperience-du-pisco-sour\/#primaryimage"},"thumbnailUrl":"https:\/\/i0.wp.com\/imaginedemain.fr\/wp-content\/uploads\/2014\/11\/dsc02459.jpg?fit=4608%2C2592&ssl=1","datePublished":"2014-11-30T01:18:34+00:00","dateModified":"2017-03-22T15:24:09+00:00","author":{"@id":"https:\/\/imaginedemain.fr\/#\/schema\/person\/e38f616126180f1f6000edc7daca21ab"},"breadcrumb":{"@id":"https:\/\/imaginedemain.fr\/index.php\/2014\/11\/30\/lexperience-du-pisco-sour\/#breadcrumb"},"inLanguage":"fr-FR","potentialAction":[{"@type":"ReadAction","target":["https:\/\/imaginedemain.fr\/index.php\/2014\/11\/30\/lexperience-du-pisco-sour\/"]}]},{"@type":"ImageObject","inLanguage":"fr-FR","@id":"https:\/\/imaginedemain.fr\/index.php\/2014\/11\/30\/lexperience-du-pisco-sour\/#primaryimage","url":"https:\/\/i0.wp.com\/imaginedemain.fr\/wp-content\/uploads\/2014\/11\/dsc02459.jpg?fit=4608%2C2592&ssl=1","contentUrl":"https:\/\/i0.wp.com\/imaginedemain.fr\/wp-content\/uploads\/2014\/11\/dsc02459.jpg?fit=4608%2C2592&ssl=1","width":4608,"height":2592},{"@type":"BreadcrumbList","@id":"https:\/\/imaginedemain.fr\/index.php\/2014\/11\/30\/lexperience-du-pisco-sour\/#breadcrumb","itemListElement":[{"@type":"ListItem","position":1,"name":"Accueil","item":"https:\/\/imaginedemain.fr\/"},{"@type":"ListItem","position":2,"name":"L\u2019exp\u00e9rience du Pisco Sour"}]},{"@type":"WebSite","@id":"https:\/\/imaginedemain.fr\/#website","url":"https:\/\/imaginedemain.fr\/","name":"Imagine demain","description":"","potentialAction":[{"@type":"SearchAction","target":{"@type":"EntryPoint","urlTemplate":"https:\/\/imaginedemain.fr\/?s={search_term_string}"},"query-input":{"@type":"PropertyValueSpecification","valueRequired":true,"valueName":"search_term_string"}}],"inLanguage":"fr-FR"},{"@type":"Person","@id":"https:\/\/imaginedemain.fr\/#\/schema\/person\/e38f616126180f1f6000edc7daca21ab","name":"Philippe","image":{"@type":"ImageObject","inLanguage":"fr-FR","@id":"https:\/\/secure.gravatar.com\/avatar\/69f59b5b22630ea786677085abd0e3dc50190e58bc7ca3c50bd640bfaf2456a4?s=96&d=blank&r=g","url":"https:\/\/secure.gravatar.com\/avatar\/69f59b5b22630ea786677085abd0e3dc50190e58bc7ca3c50bd640bfaf2456a4?s=96&d=blank&r=g","contentUrl":"https:\/\/secure.gravatar.com\/avatar\/69f59b5b22630ea786677085abd0e3dc50190e58bc7ca3c50bd640bfaf2456a4?s=96&d=blank&r=g","caption":"Philippe"},"sameAs":["http:\/\/imaginedemain.fr\/"],"url":"https:\/\/imaginedemain.fr\/index.php\/author\/admin4809\/"}]}},"jetpack_publicize_connections":[],"jetpack_featured_media_url":"https:\/\/i0.wp.com\/imaginedemain.fr\/wp-content\/uploads\/2014\/11\/dsc02459.jpg?fit=4608%2C2592&ssl=1","jetpack_shortlink":"https:\/\/wp.me\/p8tuMH-10","jetpack-related-posts":[{"id":1117,"url":"https:\/\/imaginedemain.fr\/index.php\/2015\/02\/27\/dans-la-vallee-de-lelqui-aux-sources-du-pisco\/","url_meta":{"origin":62,"position":0},"title":"Dans la vall\u00e9e de l&rsquo;Elqui, aux sources du Pisco","author":"Philippe","date":"27 f\u00e9vrier 2015","format":false,"excerpt":"Nous quittons notre curieux studio de la Pointe de Choros, am\u00e9nag\u00e9 dans la pointe avant d'un chalutier naufrag\u00e9, pour rejoindre la ville de La Serena. Mais cette ancienne capitale se r\u00e9v\u00e8le moins sereine qu'annonc\u00e9, avec nombre de chiliens en goguette, et surtout d'\u00e9normes voitures qui encombrent les petites rues. L'h\u00f4tel,\u2026","rel":"","context":"Dans &quot;Chili &amp; Argentine&quot;","block_context":{"text":"Chili &amp; Argentine","link":"https:\/\/imaginedemain.fr\/index.php\/category\/chile-y-argentina\/"},"img":{"alt_text":"","src":"https:\/\/i0.wp.com\/imaginedemain.fr\/wp-content\/uploads\/2015\/02\/600015.jpg?fit=1200%2C675&ssl=1&resize=350%2C200","width":350,"height":200,"srcset":"https:\/\/i0.wp.com\/imaginedemain.fr\/wp-content\/uploads\/2015\/02\/600015.jpg?fit=1200%2C675&ssl=1&resize=350%2C200 1x, https:\/\/i0.wp.com\/imaginedemain.fr\/wp-content\/uploads\/2015\/02\/600015.jpg?fit=1200%2C675&ssl=1&resize=525%2C300 1.5x, https:\/\/i0.wp.com\/imaginedemain.fr\/wp-content\/uploads\/2015\/02\/600015.jpg?fit=1200%2C675&ssl=1&resize=700%2C400 2x, https:\/\/i0.wp.com\/imaginedemain.fr\/wp-content\/uploads\/2015\/02\/600015.jpg?fit=1200%2C675&ssl=1&resize=1050%2C600 3x"},"classes":[]},{"id":1134,"url":"https:\/\/imaginedemain.fr\/index.php\/2015\/03\/01\/a-mon-tour-jai-pris-des-cactus\/","url_meta":{"origin":62,"position":1},"title":"A mon tour j&rsquo;ai pris des cactus &#8230;","author":"Philippe","date":"1 mars 2015","format":false,"excerpt":"Pour les amateurs de cactus, nous avons rassembl\u00e9 quelques photos prises \"in situ\". Nous ne sommes pas certains de leurs noms, repris dans les brochures des parcs. Etonnant de voir \u00e0 quel point ces cactus sculptent des volumes diff\u00e9rents, du micro-cactus qui se dissimule au regard, au g\u00e9ant qui se\u2026","rel":"","context":"Dans &quot;Chili &amp; Argentine&quot;","block_context":{"text":"Chili &amp; Argentine","link":"https:\/\/imaginedemain.fr\/index.php\/category\/chile-y-argentina\/"},"img":{"alt_text":"SONY DSC","src":"https:\/\/phicatgarnier.files.wordpress.com\/2015\/02\/dsc04783.jpg?w=350&h=200&crop=1","width":350,"height":200},"classes":[]},{"id":666,"url":"https:\/\/imaginedemain.fr\/index.php\/2015\/01\/24\/la-longue-route\/","url_meta":{"origin":62,"position":2},"title":"La longue route","author":"Philippe","date":"24 janvier 2015","format":false,"excerpt":"Depuis le d\u00e9troit de Magellan notre mission est claire: rejoindre le nord du Chili, en passant par l\u2019Argentine. Soit 4000 \u00e0 5000 kilom\u00e8tres de route, pour aller du 53\u00e8me parall\u00e8le au 23\u00e8me parall\u00e8le sud. Carte en main la route part de Punta Arenas au Chili, puis Rio Gallegos en Argentine,\u2026","rel":"","context":"Dans &quot;Chili &amp; Argentine&quot;","block_context":{"text":"Chili &amp; Argentine","link":"https:\/\/imaginedemain.fr\/index.php\/category\/chile-y-argentina\/"},"img":{"alt_text":"","src":"https:\/\/i0.wp.com\/imaginedemain.fr\/wp-content\/uploads\/2015\/01\/img_1150.jpg?fit=1200%2C900&ssl=1&resize=350%2C200","width":350,"height":200,"srcset":"https:\/\/i0.wp.com\/imaginedemain.fr\/wp-content\/uploads\/2015\/01\/img_1150.jpg?fit=1200%2C900&ssl=1&resize=350%2C200 1x, https:\/\/i0.wp.com\/imaginedemain.fr\/wp-content\/uploads\/2015\/01\/img_1150.jpg?fit=1200%2C900&ssl=1&resize=525%2C300 1.5x, https:\/\/i0.wp.com\/imaginedemain.fr\/wp-content\/uploads\/2015\/01\/img_1150.jpg?fit=1200%2C900&ssl=1&resize=700%2C400 2x, https:\/\/i0.wp.com\/imaginedemain.fr\/wp-content\/uploads\/2015\/01\/img_1150.jpg?fit=1200%2C900&ssl=1&resize=1050%2C600 3x"},"classes":[]},{"id":1332,"url":"https:\/\/imaginedemain.fr\/index.php\/2015\/03\/06\/comment-voyager-voiture-bus-avion-velo-cheval-pick-up-paquebot-camping-car-ferry\/","url_meta":{"origin":62,"position":3},"title":"Comment voyager? Voiture, bus, avion, v\u00e9lo, cheval, pick-up, paquebot, camping-car, ferry?","author":"Philippe","date":"6 mars 2015","format":false,"excerpt":"En 15000 kilom\u00e8tres parcourus au Chili et en Argentine, nous avons rencontr\u00e9 bien des voyageurs, et bien des styles d'aventure. Petit bilan pour ceux qui pr\u00e9parent le voyage, ou ceux, plus nombreux, qui ne le pr\u00e9parent pas tout en y pensant. Garder \u00e0 l'esprit la loi universelle du voyage, selon\u2026","rel":"","context":"Dans &quot;Chili &amp; Argentine&quot;","block_context":{"text":"Chili &amp; Argentine","link":"https:\/\/imaginedemain.fr\/index.php\/category\/chile-y-argentina\/"},"img":{"alt_text":"","src":"https:\/\/i0.wp.com\/imaginedemain.fr\/wp-content\/uploads\/2014\/12\/dsc00109.jpg?fit=1200%2C673&ssl=1&resize=350%2C200","width":350,"height":200,"srcset":"https:\/\/i0.wp.com\/imaginedemain.fr\/wp-content\/uploads\/2014\/12\/dsc00109.jpg?fit=1200%2C673&ssl=1&resize=350%2C200 1x, https:\/\/i0.wp.com\/imaginedemain.fr\/wp-content\/uploads\/2014\/12\/dsc00109.jpg?fit=1200%2C673&ssl=1&resize=525%2C300 1.5x, https:\/\/i0.wp.com\/imaginedemain.fr\/wp-content\/uploads\/2014\/12\/dsc00109.jpg?fit=1200%2C673&ssl=1&resize=700%2C400 2x, https:\/\/i0.wp.com\/imaginedemain.fr\/wp-content\/uploads\/2014\/12\/dsc00109.jpg?fit=1200%2C673&ssl=1&resize=1050%2C600 3x"},"classes":[]},{"id":196,"url":"https:\/\/imaginedemain.fr\/index.php\/2014\/12\/09\/pacifique-sud-isla-grande-de-chiloe\/","url_meta":{"origin":62,"position":4},"title":"Pacifique Sud, Isla Grande de Chilo\u00e9","author":"Philippe","date":"9 d\u00e9cembre 2014","format":"audio","excerpt":"Apr\u00e8s 1000 kilom\u00e8tres en direction du Sud depuis Santiago du Chili, c'est \u00e0 dire en direction du froid, nous nous d\u00e9cidons \u00e0 quitter les montagnes et les belles r\u00e9gions des rivi\u00e8res et des lacs pour rejoindre la c\u00f4te du Pacifique Sud. Nous embarquons \u00e0 Pargua pour la c\u00e9l\u00e8bre ile de\u2026","rel":"","context":"Dans &quot;Chili &amp; Argentine&quot;","block_context":{"text":"Chili &amp; Argentine","link":"https:\/\/imaginedemain.fr\/index.php\/category\/chile-y-argentina\/"},"img":{"alt_text":"","src":"https:\/\/i0.wp.com\/imaginedemain.fr\/wp-content\/uploads\/2014\/12\/dsc01204-1.jpg?fit=1200%2C673&ssl=1&resize=350%2C200","width":350,"height":200,"srcset":"https:\/\/i0.wp.com\/imaginedemain.fr\/wp-content\/uploads\/2014\/12\/dsc01204-1.jpg?fit=1200%2C673&ssl=1&resize=350%2C200 1x, https:\/\/i0.wp.com\/imaginedemain.fr\/wp-content\/uploads\/2014\/12\/dsc01204-1.jpg?fit=1200%2C673&ssl=1&resize=525%2C300 1.5x, https:\/\/i0.wp.com\/imaginedemain.fr\/wp-content\/uploads\/2014\/12\/dsc01204-1.jpg?fit=1200%2C673&ssl=1&resize=700%2C400 2x, https:\/\/i0.wp.com\/imaginedemain.fr\/wp-content\/uploads\/2014\/12\/dsc01204-1.jpg?fit=1200%2C673&ssl=1&resize=1050%2C600 3x"},"classes":[]},{"id":2593,"url":"https:\/\/imaginedemain.fr\/index.php\/2017\/10\/07\/randonnee-de-banyuls-a-llivia-etape-2-entre-harmonie-et-chaos\/","url_meta":{"origin":62,"position":5},"title":"Randonn\u00e9e de Banyuls \u00e0 Llivia, \u00e9tape 2, entre harmonie et chaos","author":"Philippe","date":"7 octobre 2017","format":false,"excerpt":"Il y a quelque chose de troublant \u00e0 embrasser d'un seul regard, depuis notre bivouac sur la cr\u00eate de la Massane, la c\u00f4te du Roussillon au nord, le Cap Creus \u00e0 l\u2019Est, tout au bout du bout des Pyr\u00e9n\u00e9es, quand elles l\u00e2chent prise dans la grande bleue, et au sud,\u2026","rel":"","context":"Dans &quot;Pyr\u00e9n\u00e9es&quot;","block_context":{"text":"Pyr\u00e9n\u00e9es","link":"https:\/\/imaginedemain.fr\/index.php\/category\/pyrenees\/"},"img":{"alt_text":"","src":"https:\/\/i0.wp.com\/imaginedemain.fr\/wp-content\/uploads\/2017\/10\/DSC05087.jpg?fit=1200%2C675&ssl=1&resize=350%2C200","width":350,"height":200,"srcset":"https:\/\/i0.wp.com\/imaginedemain.fr\/wp-content\/uploads\/2017\/10\/DSC05087.jpg?fit=1200%2C675&ssl=1&resize=350%2C200 1x, https:\/\/i0.wp.com\/imaginedemain.fr\/wp-content\/uploads\/2017\/10\/DSC05087.jpg?fit=1200%2C675&ssl=1&resize=525%2C300 1.5x, https:\/\/i0.wp.com\/imaginedemain.fr\/wp-content\/uploads\/2017\/10\/DSC05087.jpg?fit=1200%2C675&ssl=1&resize=700%2C400 2x, https:\/\/i0.wp.com\/imaginedemain.fr\/wp-content\/uploads\/2017\/10\/DSC05087.jpg?fit=1200%2C675&ssl=1&resize=1050%2C600 3x"},"classes":[]}],"jetpack_sharing_enabled":true,"_links":{"self":[{"href":"https:\/\/imaginedemain.fr\/index.php\/wp-json\/wp\/v2\/posts\/62","targetHints":{"allow":["GET"]}}],"collection":[{"href":"https:\/\/imaginedemain.fr\/index.php\/wp-json\/wp\/v2\/posts"}],"about":[{"href":"https:\/\/imaginedemain.fr\/index.php\/wp-json\/wp\/v2\/types\/post"}],"author":[{"embeddable":true,"href":"https:\/\/imaginedemain.fr\/index.php\/wp-json\/wp\/v2\/users\/1"}],"replies":[{"embeddable":true,"href":"https:\/\/imaginedemain.fr\/index.php\/wp-json\/wp\/v2\/comments?post=62"}],"version-history":[{"count":1,"href":"https:\/\/imaginedemain.fr\/index.php\/wp-json\/wp\/v2\/posts\/62\/revisions"}],"predecessor-version":[{"id":2145,"href":"https:\/\/imaginedemain.fr\/index.php\/wp-json\/wp\/v2\/posts\/62\/revisions\/2145"}],"wp:featuredmedia":[{"embeddable":true,"href":"https:\/\/imaginedemain.fr\/index.php\/wp-json\/wp\/v2\/media\/54"}],"wp:attachment":[{"href":"https:\/\/imaginedemain.fr\/index.php\/wp-json\/wp\/v2\/media?parent=62"}],"wp:term":[{"taxonomy":"category","embeddable":true,"href":"https:\/\/imaginedemain.fr\/index.php\/wp-json\/wp\/v2\/categories?post=62"},{"taxonomy":"post_tag","embeddable":true,"href":"https:\/\/imaginedemain.fr\/index.php\/wp-json\/wp\/v2\/tags?post=62"}],"curies":[{"name":"wp","href":"https:\/\/api.w.org\/{rel}","templated":true}]}}