{"id":6328,"date":"2021-03-07T10:21:16","date_gmt":"2021-03-07T09:21:16","guid":{"rendered":"https:\/\/imaginedemain.fr\/?p=6328"},"modified":"2021-03-08T22:00:18","modified_gmt":"2021-03-08T21:00:18","slug":"le-bout-du-tunnel","status":"publish","type":"post","link":"https:\/\/imaginedemain.fr\/index.php\/2021\/03\/07\/le-bout-du-tunnel\/","title":{"rendered":"Le bout du tunnel ?"},"content":{"rendered":"\n<p>La vaccination porte ses fruits avec une r\u00e9duction sensible de la pand\u00e9mie chez les plus de 90 ans, vaccin\u00e9s en toute premi\u00e8re priorit\u00e9, puis des 80 \u00e0 90 ans.<\/p>\n\n\n\n<p>Depuis le 1er f\u00e9vrier le taux d&rsquo;incidence est en tr\u00e8s forte baisse chez les plus de 90 ans, en baisse sensible chez les 80\/90 ans, en tr\u00e8s faible baisse chez les 70\/80 ans. A l&rsquo;inverse chez les populations moins \u00e2g\u00e9es, le taux d&rsquo;incidence a continu\u00e9 de cro\u00eetre entre le 1er f\u00e9vrier et le 15 mars, particuli\u00e8rement entre le 15 et le 25 f\u00e9vrier pendant la p\u00e9riode des vacances d&rsquo;hiver.<\/p>\n\n\n\n<p>Si toutefois le driver des restrictions demeure l&rsquo;occupation des lits de r\u00e9animation, il faudra attendre la vaccination en masse des 60 \u00e0 80 ans, principaux occupants de ces lits.<\/p>\n\n\n\n<figure class=\"wp-block-image size-large\"><img data-recalc-dims=\"1\" loading=\"lazy\" decoding=\"async\" width=\"600\" height=\"631\" data-attachment-id=\"6332\" data-permalink=\"https:\/\/imaginedemain.fr\/index.php\/2021\/03\/07\/le-bout-du-tunnel\/taux_incidence_5mars\/\" data-orig-file=\"https:\/\/i0.wp.com\/imaginedemain.fr\/wp-content\/uploads\/2021\/03\/taux_incidence_5mars-scaled.jpg?fit=2435%2C2560&amp;ssl=1\" data-orig-size=\"2435,2560\" data-comments-opened=\"1\" data-image-meta=\"{&quot;aperture&quot;:&quot;0&quot;,&quot;credit&quot;:&quot;&quot;,&quot;camera&quot;:&quot;&quot;,&quot;caption&quot;:&quot;&quot;,&quot;created_timestamp&quot;:&quot;0&quot;,&quot;copyright&quot;:&quot;&quot;,&quot;focal_length&quot;:&quot;0&quot;,&quot;iso&quot;:&quot;0&quot;,&quot;shutter_speed&quot;:&quot;0&quot;,&quot;title&quot;:&quot;&quot;,&quot;orientation&quot;:&quot;0&quot;}\" data-image-title=\"taux_incidence_5mars\" data-image-description=\"\" data-image-caption=\"\" data-large-file=\"https:\/\/i0.wp.com\/imaginedemain.fr\/wp-content\/uploads\/2021\/03\/taux_incidence_5mars-scaled.jpg?fit=600%2C631&amp;ssl=1\" src=\"https:\/\/i0.wp.com\/imaginedemain.fr\/wp-content\/uploads\/2021\/03\/taux_incidence_5mars.jpg?resize=600%2C631&#038;ssl=1\" alt=\"\" class=\"wp-image-6332\" srcset=\"https:\/\/i0.wp.com\/imaginedemain.fr\/wp-content\/uploads\/2021\/03\/taux_incidence_5mars-scaled.jpg?resize=974%2C1024&amp;ssl=1 974w, https:\/\/i0.wp.com\/imaginedemain.fr\/wp-content\/uploads\/2021\/03\/taux_incidence_5mars-scaled.jpg?resize=285%2C300&amp;ssl=1 285w, https:\/\/i0.wp.com\/imaginedemain.fr\/wp-content\/uploads\/2021\/03\/taux_incidence_5mars-scaled.jpg?resize=768%2C807&amp;ssl=1 768w, https:\/\/i0.wp.com\/imaginedemain.fr\/wp-content\/uploads\/2021\/03\/taux_incidence_5mars-scaled.jpg?resize=1461%2C1536&amp;ssl=1 1461w, https:\/\/i0.wp.com\/imaginedemain.fr\/wp-content\/uploads\/2021\/03\/taux_incidence_5mars-scaled.jpg?resize=1948%2C2048&amp;ssl=1 1948w, https:\/\/i0.wp.com\/imaginedemain.fr\/wp-content\/uploads\/2021\/03\/taux_incidence_5mars-scaled.jpg?resize=1320%2C1388&amp;ssl=1 1320w, https:\/\/i0.wp.com\/imaginedemain.fr\/wp-content\/uploads\/2021\/03\/taux_incidence_5mars-scaled.jpg?w=1200&amp;ssl=1 1200w, https:\/\/i0.wp.com\/imaginedemain.fr\/wp-content\/uploads\/2021\/03\/taux_incidence_5mars-scaled.jpg?w=1800&amp;ssl=1 1800w\" sizes=\"auto, (max-width: 600px) 100vw, 600px\" \/><\/figure>\n","protected":false},"excerpt":{"rendered":"<p>La vaccination porte ses fruits avec une r\u00e9duction sensible de la pand\u00e9mie chez les plus de 90 ans, vaccin\u00e9s en toute premi\u00e8re priorit\u00e9, puis des 80 \u00e0 90 ans. Depuis le 1er f\u00e9vrier le taux d&rsquo;incidence est en tr\u00e8s forte baisse chez les plus de 90 ans, en baisse sensible chez les 80\/90 ans, en [&hellip;]<\/p>\n","protected":false},"author":269,"featured_media":6329,"comment_status":"open","ping_status":"open","sticky":false,"template":"","format":"standard","meta":{"ngg_post_thumbnail":0,"jetpack_post_was_ever_published":false,"_jetpack_newsletter_access":"","_jetpack_dont_email_post_to_subs":false,"_jetpack_newsletter_tier_id":0,"_jetpack_memberships_contains_paywalled_content":false,"_jetpack_memberships_contains_paid_content":false,"footnotes":"","jetpack_publicize_message":"","jetpack_publicize_feature_enabled":true,"jetpack_social_post_already_shared":true,"jetpack_social_options":{"image_generator_settings":{"template":"highway","default_image_id":0,"font":"","enabled":false},"version":2}},"categories":[99],"tags":[],"class_list":["post-6328","post","type-post","status-publish","format-standard","has-post-thumbnail","hentry","category-covid19"],"yoast_head":"<!-- This site is optimized with the Yoast SEO plugin v27.5 - https:\/\/yoast.com\/product\/yoast-seo-wordpress\/ -->\n<title>Le bout du tunnel ? - Imagine demain<\/title>\n<meta name=\"robots\" content=\"index, follow, max-snippet:-1, max-image-preview:large, max-video-preview:-1\" \/>\n<link rel=\"canonical\" href=\"https:\/\/imaginedemain.fr\/index.php\/2021\/03\/07\/le-bout-du-tunnel\/\" \/>\n<meta property=\"og:locale\" content=\"fr_FR\" \/>\n<meta property=\"og:type\" content=\"article\" \/>\n<meta property=\"og:title\" content=\"Le bout du tunnel ? - Imagine demain\" \/>\n<meta property=\"og:description\" content=\"La vaccination porte ses fruits avec une r\u00e9duction sensible de la pand\u00e9mie chez les plus de 90 ans, vaccin\u00e9s en toute premi\u00e8re priorit\u00e9, puis des 80 \u00e0 90 ans. Depuis le 1er f\u00e9vrier le taux d&rsquo;incidence est en tr\u00e8s forte baisse chez les plus de 90 ans, en baisse sensible chez les 80\/90 ans, en [&hellip;]\" \/>\n<meta property=\"og:url\" content=\"https:\/\/imaginedemain.fr\/index.php\/2021\/03\/07\/le-bout-du-tunnel\/\" \/>\n<meta property=\"og:site_name\" content=\"Imagine demain\" \/>\n<meta property=\"article:published_time\" content=\"2021-03-07T09:21:16+00:00\" \/>\n<meta property=\"article:modified_time\" content=\"2021-03-08T21:00:18+00:00\" \/>\n<meta property=\"og:image\" content=\"https:\/\/i0.wp.com\/imaginedemain.fr\/wp-content\/uploads\/2021\/03\/Evolution-du-taux-de-reproduction-scaled.jpg?fit=1887%2C2560&ssl=1\" \/>\n\t<meta property=\"og:image:width\" content=\"1887\" \/>\n\t<meta property=\"og:image:height\" content=\"2560\" \/>\n\t<meta property=\"og:image:type\" content=\"image\/jpeg\" \/>\n<meta name=\"author\" content=\"Philippe\" \/>\n<meta name=\"twitter:card\" content=\"summary_large_image\" \/>\n<meta name=\"twitter:label1\" content=\"\u00c9crit par\" \/>\n\t<meta name=\"twitter:data1\" content=\"Philippe\" \/>\n\t<meta name=\"twitter:label2\" content=\"Dur\u00e9e de lecture estim\u00e9e\" \/>\n\t<meta name=\"twitter:data2\" content=\"1 minute\" \/>\n<script type=\"application\/ld+json\" class=\"yoast-schema-graph\">{\"@context\":\"https:\\\/\\\/schema.org\",\"@graph\":[{\"@type\":\"Article\",\"@id\":\"https:\\\/\\\/imaginedemain.fr\\\/index.php\\\/2021\\\/03\\\/07\\\/le-bout-du-tunnel\\\/#article\",\"isPartOf\":{\"@id\":\"https:\\\/\\\/imaginedemain.fr\\\/index.php\\\/2021\\\/03\\\/07\\\/le-bout-du-tunnel\\\/\"},\"author\":{\"name\":\"Philippe\",\"@id\":\"https:\\\/\\\/imaginedemain.fr\\\/#\\\/schema\\\/person\\\/9f5931e51d7535c65f1a4a291d3bbaa4\"},\"headline\":\"Le bout du tunnel ?\",\"datePublished\":\"2021-03-07T09:21:16+00:00\",\"dateModified\":\"2021-03-08T21:00:18+00:00\",\"mainEntityOfPage\":{\"@id\":\"https:\\\/\\\/imaginedemain.fr\\\/index.php\\\/2021\\\/03\\\/07\\\/le-bout-du-tunnel\\\/\"},\"wordCount\":137,\"commentCount\":2,\"image\":{\"@id\":\"https:\\\/\\\/imaginedemain.fr\\\/index.php\\\/2021\\\/03\\\/07\\\/le-bout-du-tunnel\\\/#primaryimage\"},\"thumbnailUrl\":\"https:\\\/\\\/i0.wp.com\\\/imaginedemain.fr\\\/wp-content\\\/uploads\\\/2021\\\/03\\\/Evolution-du-taux-de-reproduction-scaled.jpg?fit=1887%2C2560&ssl=1\",\"articleSection\":[\"Covid19\"],\"inLanguage\":\"fr-FR\",\"potentialAction\":[{\"@type\":\"CommentAction\",\"name\":\"Comment\",\"target\":[\"https:\\\/\\\/imaginedemain.fr\\\/index.php\\\/2021\\\/03\\\/07\\\/le-bout-du-tunnel\\\/#respond\"]}]},{\"@type\":\"WebPage\",\"@id\":\"https:\\\/\\\/imaginedemain.fr\\\/index.php\\\/2021\\\/03\\\/07\\\/le-bout-du-tunnel\\\/\",\"url\":\"https:\\\/\\\/imaginedemain.fr\\\/index.php\\\/2021\\\/03\\\/07\\\/le-bout-du-tunnel\\\/\",\"name\":\"Le bout du tunnel ? - Imagine demain\",\"isPartOf\":{\"@id\":\"https:\\\/\\\/imaginedemain.fr\\\/#website\"},\"primaryImageOfPage\":{\"@id\":\"https:\\\/\\\/imaginedemain.fr\\\/index.php\\\/2021\\\/03\\\/07\\\/le-bout-du-tunnel\\\/#primaryimage\"},\"image\":{\"@id\":\"https:\\\/\\\/imaginedemain.fr\\\/index.php\\\/2021\\\/03\\\/07\\\/le-bout-du-tunnel\\\/#primaryimage\"},\"thumbnailUrl\":\"https:\\\/\\\/i0.wp.com\\\/imaginedemain.fr\\\/wp-content\\\/uploads\\\/2021\\\/03\\\/Evolution-du-taux-de-reproduction-scaled.jpg?fit=1887%2C2560&ssl=1\",\"datePublished\":\"2021-03-07T09:21:16+00:00\",\"dateModified\":\"2021-03-08T21:00:18+00:00\",\"author\":{\"@id\":\"https:\\\/\\\/imaginedemain.fr\\\/#\\\/schema\\\/person\\\/9f5931e51d7535c65f1a4a291d3bbaa4\"},\"breadcrumb\":{\"@id\":\"https:\\\/\\\/imaginedemain.fr\\\/index.php\\\/2021\\\/03\\\/07\\\/le-bout-du-tunnel\\\/#breadcrumb\"},\"inLanguage\":\"fr-FR\",\"potentialAction\":[{\"@type\":\"ReadAction\",\"target\":[\"https:\\\/\\\/imaginedemain.fr\\\/index.php\\\/2021\\\/03\\\/07\\\/le-bout-du-tunnel\\\/\"]}]},{\"@type\":\"ImageObject\",\"inLanguage\":\"fr-FR\",\"@id\":\"https:\\\/\\\/imaginedemain.fr\\\/index.php\\\/2021\\\/03\\\/07\\\/le-bout-du-tunnel\\\/#primaryimage\",\"url\":\"https:\\\/\\\/i0.wp.com\\\/imaginedemain.fr\\\/wp-content\\\/uploads\\\/2021\\\/03\\\/Evolution-du-taux-de-reproduction-scaled.jpg?fit=1887%2C2560&ssl=1\",\"contentUrl\":\"https:\\\/\\\/i0.wp.com\\\/imaginedemain.fr\\\/wp-content\\\/uploads\\\/2021\\\/03\\\/Evolution-du-taux-de-reproduction-scaled.jpg?fit=1887%2C2560&ssl=1\",\"width\":1887,\"height\":2560},{\"@type\":\"BreadcrumbList\",\"@id\":\"https:\\\/\\\/imaginedemain.fr\\\/index.php\\\/2021\\\/03\\\/07\\\/le-bout-du-tunnel\\\/#breadcrumb\",\"itemListElement\":[{\"@type\":\"ListItem\",\"position\":1,\"name\":\"Accueil\",\"item\":\"https:\\\/\\\/imaginedemain.fr\\\/\"},{\"@type\":\"ListItem\",\"position\":2,\"name\":\"Le bout du tunnel ?\"}]},{\"@type\":\"WebSite\",\"@id\":\"https:\\\/\\\/imaginedemain.fr\\\/#website\",\"url\":\"https:\\\/\\\/imaginedemain.fr\\\/\",\"name\":\"Imagine demain\",\"description\":\"\",\"potentialAction\":[{\"@type\":\"SearchAction\",\"target\":{\"@type\":\"EntryPoint\",\"urlTemplate\":\"https:\\\/\\\/imaginedemain.fr\\\/?s={search_term_string}\"},\"query-input\":{\"@type\":\"PropertyValueSpecification\",\"valueRequired\":true,\"valueName\":\"search_term_string\"}}],\"inLanguage\":\"fr-FR\"},{\"@type\":\"Person\",\"@id\":\"https:\\\/\\\/imaginedemain.fr\\\/#\\\/schema\\\/person\\\/9f5931e51d7535c65f1a4a291d3bbaa4\",\"name\":\"Philippe\",\"image\":{\"@type\":\"ImageObject\",\"inLanguage\":\"fr-FR\",\"@id\":\"https:\\\/\\\/secure.gravatar.com\\\/avatar\\\/b2aa6bd51417a74d8dc72e7c9d4f289ee495b30120bb4f2aa3f0b5fbf65f59d8?s=96&d=blank&r=g\",\"url\":\"https:\\\/\\\/secure.gravatar.com\\\/avatar\\\/b2aa6bd51417a74d8dc72e7c9d4f289ee495b30120bb4f2aa3f0b5fbf65f59d8?s=96&d=blank&r=g\",\"contentUrl\":\"https:\\\/\\\/secure.gravatar.com\\\/avatar\\\/b2aa6bd51417a74d8dc72e7c9d4f289ee495b30120bb4f2aa3f0b5fbf65f59d8?s=96&d=blank&r=g\",\"caption\":\"Philippe\"},\"sameAs\":[\"http:\\\/\\\/imaginedemain.fr\"],\"url\":\"https:\\\/\\\/imaginedemain.fr\\\/index.php\\\/author\\\/phjg7856\\\/\"}]}<\/script>\n<!-- \/ Yoast SEO plugin. -->","yoast_head_json":{"title":"Le bout du tunnel ? - Imagine demain","robots":{"index":"index","follow":"follow","max-snippet":"max-snippet:-1","max-image-preview":"max-image-preview:large","max-video-preview":"max-video-preview:-1"},"canonical":"https:\/\/imaginedemain.fr\/index.php\/2021\/03\/07\/le-bout-du-tunnel\/","og_locale":"fr_FR","og_type":"article","og_title":"Le bout du tunnel ? - Imagine demain","og_description":"La vaccination porte ses fruits avec une r\u00e9duction sensible de la pand\u00e9mie chez les plus de 90 ans, vaccin\u00e9s en toute premi\u00e8re priorit\u00e9, puis des 80 \u00e0 90 ans. Depuis le 1er f\u00e9vrier le taux d&rsquo;incidence est en tr\u00e8s forte baisse chez les plus de 90 ans, en baisse sensible chez les 80\/90 ans, en [&hellip;]","og_url":"https:\/\/imaginedemain.fr\/index.php\/2021\/03\/07\/le-bout-du-tunnel\/","og_site_name":"Imagine demain","article_published_time":"2021-03-07T09:21:16+00:00","article_modified_time":"2021-03-08T21:00:18+00:00","og_image":[{"width":1887,"height":2560,"url":"https:\/\/i0.wp.com\/imaginedemain.fr\/wp-content\/uploads\/2021\/03\/Evolution-du-taux-de-reproduction-scaled.jpg?fit=1887%2C2560&ssl=1","type":"image\/jpeg"}],"author":"Philippe","twitter_card":"summary_large_image","twitter_misc":{"\u00c9crit par":"Philippe","Dur\u00e9e de lecture estim\u00e9e":"1 minute"},"schema":{"@context":"https:\/\/schema.org","@graph":[{"@type":"Article","@id":"https:\/\/imaginedemain.fr\/index.php\/2021\/03\/07\/le-bout-du-tunnel\/#article","isPartOf":{"@id":"https:\/\/imaginedemain.fr\/index.php\/2021\/03\/07\/le-bout-du-tunnel\/"},"author":{"name":"Philippe","@id":"https:\/\/imaginedemain.fr\/#\/schema\/person\/9f5931e51d7535c65f1a4a291d3bbaa4"},"headline":"Le bout du tunnel ?","datePublished":"2021-03-07T09:21:16+00:00","dateModified":"2021-03-08T21:00:18+00:00","mainEntityOfPage":{"@id":"https:\/\/imaginedemain.fr\/index.php\/2021\/03\/07\/le-bout-du-tunnel\/"},"wordCount":137,"commentCount":2,"image":{"@id":"https:\/\/imaginedemain.fr\/index.php\/2021\/03\/07\/le-bout-du-tunnel\/#primaryimage"},"thumbnailUrl":"https:\/\/i0.wp.com\/imaginedemain.fr\/wp-content\/uploads\/2021\/03\/Evolution-du-taux-de-reproduction-scaled.jpg?fit=1887%2C2560&ssl=1","articleSection":["Covid19"],"inLanguage":"fr-FR","potentialAction":[{"@type":"CommentAction","name":"Comment","target":["https:\/\/imaginedemain.fr\/index.php\/2021\/03\/07\/le-bout-du-tunnel\/#respond"]}]},{"@type":"WebPage","@id":"https:\/\/imaginedemain.fr\/index.php\/2021\/03\/07\/le-bout-du-tunnel\/","url":"https:\/\/imaginedemain.fr\/index.php\/2021\/03\/07\/le-bout-du-tunnel\/","name":"Le bout du tunnel ? - Imagine demain","isPartOf":{"@id":"https:\/\/imaginedemain.fr\/#website"},"primaryImageOfPage":{"@id":"https:\/\/imaginedemain.fr\/index.php\/2021\/03\/07\/le-bout-du-tunnel\/#primaryimage"},"image":{"@id":"https:\/\/imaginedemain.fr\/index.php\/2021\/03\/07\/le-bout-du-tunnel\/#primaryimage"},"thumbnailUrl":"https:\/\/i0.wp.com\/imaginedemain.fr\/wp-content\/uploads\/2021\/03\/Evolution-du-taux-de-reproduction-scaled.jpg?fit=1887%2C2560&ssl=1","datePublished":"2021-03-07T09:21:16+00:00","dateModified":"2021-03-08T21:00:18+00:00","author":{"@id":"https:\/\/imaginedemain.fr\/#\/schema\/person\/9f5931e51d7535c65f1a4a291d3bbaa4"},"breadcrumb":{"@id":"https:\/\/imaginedemain.fr\/index.php\/2021\/03\/07\/le-bout-du-tunnel\/#breadcrumb"},"inLanguage":"fr-FR","potentialAction":[{"@type":"ReadAction","target":["https:\/\/imaginedemain.fr\/index.php\/2021\/03\/07\/le-bout-du-tunnel\/"]}]},{"@type":"ImageObject","inLanguage":"fr-FR","@id":"https:\/\/imaginedemain.fr\/index.php\/2021\/03\/07\/le-bout-du-tunnel\/#primaryimage","url":"https:\/\/i0.wp.com\/imaginedemain.fr\/wp-content\/uploads\/2021\/03\/Evolution-du-taux-de-reproduction-scaled.jpg?fit=1887%2C2560&ssl=1","contentUrl":"https:\/\/i0.wp.com\/imaginedemain.fr\/wp-content\/uploads\/2021\/03\/Evolution-du-taux-de-reproduction-scaled.jpg?fit=1887%2C2560&ssl=1","width":1887,"height":2560},{"@type":"BreadcrumbList","@id":"https:\/\/imaginedemain.fr\/index.php\/2021\/03\/07\/le-bout-du-tunnel\/#breadcrumb","itemListElement":[{"@type":"ListItem","position":1,"name":"Accueil","item":"https:\/\/imaginedemain.fr\/"},{"@type":"ListItem","position":2,"name":"Le bout du tunnel ?"}]},{"@type":"WebSite","@id":"https:\/\/imaginedemain.fr\/#website","url":"https:\/\/imaginedemain.fr\/","name":"Imagine demain","description":"","potentialAction":[{"@type":"SearchAction","target":{"@type":"EntryPoint","urlTemplate":"https:\/\/imaginedemain.fr\/?s={search_term_string}"},"query-input":{"@type":"PropertyValueSpecification","valueRequired":true,"valueName":"search_term_string"}}],"inLanguage":"fr-FR"},{"@type":"Person","@id":"https:\/\/imaginedemain.fr\/#\/schema\/person\/9f5931e51d7535c65f1a4a291d3bbaa4","name":"Philippe","image":{"@type":"ImageObject","inLanguage":"fr-FR","@id":"https:\/\/secure.gravatar.com\/avatar\/b2aa6bd51417a74d8dc72e7c9d4f289ee495b30120bb4f2aa3f0b5fbf65f59d8?s=96&d=blank&r=g","url":"https:\/\/secure.gravatar.com\/avatar\/b2aa6bd51417a74d8dc72e7c9d4f289ee495b30120bb4f2aa3f0b5fbf65f59d8?s=96&d=blank&r=g","contentUrl":"https:\/\/secure.gravatar.com\/avatar\/b2aa6bd51417a74d8dc72e7c9d4f289ee495b30120bb4f2aa3f0b5fbf65f59d8?s=96&d=blank&r=g","caption":"Philippe"},"sameAs":["http:\/\/imaginedemain.fr"],"url":"https:\/\/imaginedemain.fr\/index.php\/author\/phjg7856\/"}]}},"jetpack_publicize_connections":[],"jetpack_featured_media_url":"https:\/\/i0.wp.com\/imaginedemain.fr\/wp-content\/uploads\/2021\/03\/Evolution-du-taux-de-reproduction-scaled.jpg?fit=1887%2C2560&ssl=1","jetpack_shortlink":"https:\/\/wp.me\/p8tuMH-1E4","jetpack-related-posts":[{"id":5848,"url":"https:\/\/imaginedemain.fr\/index.php\/2020\/04\/19\/18-avril-la-contagion-au-covid19-en-nette-baisse-mais-toujours-marquee-dans-un-grand-tiers-est-nord-est-de-la-france\/","url_meta":{"origin":6328,"position":0},"title":"20 avril: la contagion au COVID19 en nette baisse","author":"Philippe","date":"19 avril 2020","format":false,"excerpt":"Depuis le pic de l'\u00e9pid\u00e9mie que l'on peut maintenant situer au 1er avril, les hospitalisations journali\u00e8res sont presque divis\u00e9es par trois, avec une d\u00e9croissance r\u00e9guli\u00e8re. Cliquer pour agrandir vers l'histogramme interactif Trois d\u00e9partements, relativement moins peupl\u00e9s, pr\u00e9sentent sur les quatre jours \u00e9coul\u00e9s un taux d'hospitalisations plus \u00e9lev\u00e9 que dans le\u2026","rel":"","context":"Dans &quot;Covid19&quot;","block_context":{"text":"Covid19","link":"https:\/\/imaginedemain.fr\/index.php\/category\/covid19\/"},"img":{"alt_text":"","src":"https:\/\/i0.wp.com\/imaginedemain.fr\/wp-content\/uploads\/2020\/04\/miniature-carte-France-ratio-18-avril.jpg?fit=700%2C450&ssl=1&resize=350%2C200","width":350,"height":200,"srcset":"https:\/\/i0.wp.com\/imaginedemain.fr\/wp-content\/uploads\/2020\/04\/miniature-carte-France-ratio-18-avril.jpg?fit=700%2C450&ssl=1&resize=350%2C200 1x, https:\/\/i0.wp.com\/imaginedemain.fr\/wp-content\/uploads\/2020\/04\/miniature-carte-France-ratio-18-avril.jpg?fit=700%2C450&ssl=1&resize=525%2C300 1.5x, https:\/\/i0.wp.com\/imaginedemain.fr\/wp-content\/uploads\/2020\/04\/miniature-carte-France-ratio-18-avril.jpg?fit=700%2C450&ssl=1&resize=700%2C400 2x"},"classes":[]},{"id":1428,"url":"https:\/\/imaginedemain.fr\/index.php\/2017\/03\/20\/atacama-paradis-des-observations-astronomiques\/","url_meta":{"origin":6328,"position":1},"title":"Atacama, paradis des observations astronomiques","author":"Philippe","date":"20 mars 2017","format":false,"excerpt":"L'Observatoire de Paris organisait le 13 mars une journ\u00e9e anniversaire pour les 10 ans du Dipl\u00f4me d'Universit\u00e9 \"Explorer et Comprendre l'Univers\" (DU ECU). Cet enseignement dispens\u00e9 sur un an par l'Observatoire de Paris est une opportunit\u00e9 unique pour tous ceux qui souhaitent acqu\u00e9rir une compr\u00e9hension d'ensemble de ce qu'est l'Univers,\u2026","rel":"","context":"Dans &quot;Chili &amp; Argentine&quot;","block_context":{"text":"Chili &amp; Argentine","link":"https:\/\/imaginedemain.fr\/index.php\/category\/chile-y-argentina\/"},"img":{"alt_text":"","src":"https:\/\/i0.wp.com\/imaginedemain.fr\/wp-content\/uploads\/2015\/02\/dsc04560.jpg?fit=1200%2C673&ssl=1&resize=350%2C200","width":350,"height":200,"srcset":"https:\/\/i0.wp.com\/imaginedemain.fr\/wp-content\/uploads\/2015\/02\/dsc04560.jpg?fit=1200%2C673&ssl=1&resize=350%2C200 1x, https:\/\/i0.wp.com\/imaginedemain.fr\/wp-content\/uploads\/2015\/02\/dsc04560.jpg?fit=1200%2C673&ssl=1&resize=525%2C300 1.5x, https:\/\/i0.wp.com\/imaginedemain.fr\/wp-content\/uploads\/2015\/02\/dsc04560.jpg?fit=1200%2C673&ssl=1&resize=700%2C400 2x, https:\/\/i0.wp.com\/imaginedemain.fr\/wp-content\/uploads\/2015\/02\/dsc04560.jpg?fit=1200%2C673&ssl=1&resize=1050%2C600 3x"},"classes":[]},{"id":1602,"url":"https:\/\/imaginedemain.fr\/index.php\/2016\/09\/27\/randonner-au-present\/","url_meta":{"origin":6328,"position":2},"title":"Randonner au pr\u00e9sent","author":"Philippe","date":"27 septembre 2016","format":false,"excerpt":"Je m'\u00e9tonnais r\u00e9cemment d\u2019un article sur la pratique sportive apr\u00e8s (seulement) 50 ans. Sujet secondaire, mais non sans int\u00e9r\u00eat pour celui qui, voyant s\u2019\u00e9loigner de beaucoup sa quarantaine, s\u2019aventure sur un territoire de mauvaise r\u00e9putation. L\u2019article soulignait \u00e0 quel point la fonte de la masse musculaire combin\u00e9e \u00e0 la r\u00e9duction\u2026","rel":"","context":"Dans &quot;Sentier Cathare&quot;","block_context":{"text":"Sentier Cathare","link":"https:\/\/imaginedemain.fr\/index.php\/category\/sentier-cathare\/"},"img":{"alt_text":"","src":"https:\/\/i0.wp.com\/imaginedemain.fr\/wp-content\/uploads\/2016\/10\/dsc00318-1.jpg?fit=1200%2C673&ssl=1&resize=350%2C200","width":350,"height":200,"srcset":"https:\/\/i0.wp.com\/imaginedemain.fr\/wp-content\/uploads\/2016\/10\/dsc00318-1.jpg?fit=1200%2C673&ssl=1&resize=350%2C200 1x, https:\/\/i0.wp.com\/imaginedemain.fr\/wp-content\/uploads\/2016\/10\/dsc00318-1.jpg?fit=1200%2C673&ssl=1&resize=525%2C300 1.5x, https:\/\/i0.wp.com\/imaginedemain.fr\/wp-content\/uploads\/2016\/10\/dsc00318-1.jpg?fit=1200%2C673&ssl=1&resize=700%2C400 2x, https:\/\/i0.wp.com\/imaginedemain.fr\/wp-content\/uploads\/2016\/10\/dsc00318-1.jpg?fit=1200%2C673&ssl=1&resize=1050%2C600 3x"},"classes":[]},{"id":6272,"url":"https:\/\/imaginedemain.fr\/index.php\/2021\/01\/19\/vers-un-troisieme-confinement\/","url_meta":{"origin":6328,"position":3},"title":"Vers un troisi\u00e8me confinement","author":"Philippe","date":"19 janvier 2021","format":false,"excerpt":"La courbe des hospitalisations journali\u00e8res pour COVID19 est repartie \u00e0 la hausse. Les admissions journali\u00e8res \u00e0 l'h\u00f4pital avaient baiss\u00e9 tr\u00e8s sensiblement pendant le second confinement, pour se stabiliser d\u00e9but d\u00e9cembre sur un plateau \u00e9lev\u00e9, puis amorcer une nouvelle baisse, plus lente, pendant les vacances de fin d'ann\u00e9e avec l'arr\u00eat de\u2026","rel":"","context":"Dans &quot;Covid19&quot;","block_context":{"text":"Covid19","link":"https:\/\/imaginedemain.fr\/index.php\/category\/covid19\/"},"img":{"alt_text":"","src":"https:\/\/i0.wp.com\/imaginedemain.fr\/wp-content\/uploads\/2021\/01\/Image1.png?fit=1200%2C586&ssl=1&resize=350%2C200","width":350,"height":200,"srcset":"https:\/\/i0.wp.com\/imaginedemain.fr\/wp-content\/uploads\/2021\/01\/Image1.png?fit=1200%2C586&ssl=1&resize=350%2C200 1x, https:\/\/i0.wp.com\/imaginedemain.fr\/wp-content\/uploads\/2021\/01\/Image1.png?fit=1200%2C586&ssl=1&resize=525%2C300 1.5x, https:\/\/i0.wp.com\/imaginedemain.fr\/wp-content\/uploads\/2021\/01\/Image1.png?fit=1200%2C586&ssl=1&resize=700%2C400 2x, https:\/\/i0.wp.com\/imaginedemain.fr\/wp-content\/uploads\/2021\/01\/Image1.png?fit=1200%2C586&ssl=1&resize=1050%2C600 3x"},"classes":[]},{"id":1955,"url":"https:\/\/imaginedemain.fr\/index.php\/2016\/11\/15\/une-ferme-perliere-a-raiatea\/","url_meta":{"origin":6328,"position":4},"title":"Une ferme perli\u00e8re \u00e0 Raiatea","author":"Philippe","date":"15 novembre 2016","format":false,"excerpt":"La d\u00e9couverte de la Polyn\u00e9sie pr\u00e9sente de nombreuses occasions de s'extasier, dont la visite d'une ferme perli\u00e8re n'est pas la moindre. Pour celle-ci notre choix se porte sur Anapaperles, \u00e0 Raiatea, dans le lagon \u00e0 l'ouest de l'\u00eele, visite r\u00e9put\u00e9e la plus int\u00e9ressante de l'archipel. Nous mouillons notre bateau \u00e0\u2026","rel":"","context":"Dans &quot;Polyn\u00e9sie&quot;","block_context":{"text":"Polyn\u00e9sie","link":"https:\/\/imaginedemain.fr\/index.php\/category\/polynesie\/"},"img":{"alt_text":"","src":"https:\/\/i0.wp.com\/imaginedemain.fr\/wp-content\/uploads\/2016\/11\/image110.jpeg?fit=1200%2C900&ssl=1&resize=350%2C200","width":350,"height":200,"srcset":"https:\/\/i0.wp.com\/imaginedemain.fr\/wp-content\/uploads\/2016\/11\/image110.jpeg?fit=1200%2C900&ssl=1&resize=350%2C200 1x, https:\/\/i0.wp.com\/imaginedemain.fr\/wp-content\/uploads\/2016\/11\/image110.jpeg?fit=1200%2C900&ssl=1&resize=525%2C300 1.5x, https:\/\/i0.wp.com\/imaginedemain.fr\/wp-content\/uploads\/2016\/11\/image110.jpeg?fit=1200%2C900&ssl=1&resize=700%2C400 2x, https:\/\/i0.wp.com\/imaginedemain.fr\/wp-content\/uploads\/2016\/11\/image110.jpeg?fit=1200%2C900&ssl=1&resize=1050%2C600 3x"},"classes":[]},{"id":5666,"url":"https:\/\/imaginedemain.fr\/index.php\/2020\/03\/07\/dans-la-jungle-un-trek-vers-le-temple-du-grand-jaguar\/","url_meta":{"origin":6328,"position":5},"title":"Dans la jungle, un trek vers le temple du Grand Jaguar","author":"Philippe","date":"7 mars 2020","format":false,"excerpt":"Pour d\u00e9couvrir les palais Mayas, concentr\u00e9s d\u2019une civilisation myst\u00e9rieusement disparue, nous avons choisi une voie d\u2019acc\u00e8s puissamment \u00e9vocatrice\u00a0: un trek de trois jours dans la jungle. L\u2019objectif est de rejoindre Tikal, le plus grand site Maya au monde, occup\u00e9 de 800 avant notre \u00e8re jusque vers l'an 900. A son\u2026","rel":"","context":"Dans &quot;Guatemala&quot;","block_context":{"text":"Guatemala","link":"https:\/\/imaginedemain.fr\/index.php\/category\/guatemala\/"},"img":{"alt_text":"","src":"https:\/\/i0.wp.com\/imaginedemain.fr\/wp-content\/uploads\/2020\/03\/DSC07371-scaled.jpg?fit=1200%2C676&ssl=1&resize=350%2C200","width":350,"height":200,"srcset":"https:\/\/i0.wp.com\/imaginedemain.fr\/wp-content\/uploads\/2020\/03\/DSC07371-scaled.jpg?fit=1200%2C676&ssl=1&resize=350%2C200 1x, https:\/\/i0.wp.com\/imaginedemain.fr\/wp-content\/uploads\/2020\/03\/DSC07371-scaled.jpg?fit=1200%2C676&ssl=1&resize=525%2C300 1.5x, https:\/\/i0.wp.com\/imaginedemain.fr\/wp-content\/uploads\/2020\/03\/DSC07371-scaled.jpg?fit=1200%2C676&ssl=1&resize=700%2C400 2x, https:\/\/i0.wp.com\/imaginedemain.fr\/wp-content\/uploads\/2020\/03\/DSC07371-scaled.jpg?fit=1200%2C676&ssl=1&resize=1050%2C600 3x"},"classes":[]}],"jetpack_sharing_enabled":true,"_links":{"self":[{"href":"https:\/\/imaginedemain.fr\/index.php\/wp-json\/wp\/v2\/posts\/6328","targetHints":{"allow":["GET"]}}],"collection":[{"href":"https:\/\/imaginedemain.fr\/index.php\/wp-json\/wp\/v2\/posts"}],"about":[{"href":"https:\/\/imaginedemain.fr\/index.php\/wp-json\/wp\/v2\/types\/post"}],"author":[{"embeddable":true,"href":"https:\/\/imaginedemain.fr\/index.php\/wp-json\/wp\/v2\/users\/269"}],"replies":[{"embeddable":true,"href":"https:\/\/imaginedemain.fr\/index.php\/wp-json\/wp\/v2\/comments?post=6328"}],"version-history":[{"count":4,"href":"https:\/\/imaginedemain.fr\/index.php\/wp-json\/wp\/v2\/posts\/6328\/revisions"}],"predecessor-version":[{"id":6334,"href":"https:\/\/imaginedemain.fr\/index.php\/wp-json\/wp\/v2\/posts\/6328\/revisions\/6334"}],"wp:featuredmedia":[{"embeddable":true,"href":"https:\/\/imaginedemain.fr\/index.php\/wp-json\/wp\/v2\/media\/6329"}],"wp:attachment":[{"href":"https:\/\/imaginedemain.fr\/index.php\/wp-json\/wp\/v2\/media?parent=6328"}],"wp:term":[{"taxonomy":"category","embeddable":true,"href":"https:\/\/imaginedemain.fr\/index.php\/wp-json\/wp\/v2\/categories?post=6328"},{"taxonomy":"post_tag","embeddable":true,"href":"https:\/\/imaginedemain.fr\/index.php\/wp-json\/wp\/v2\/tags?post=6328"}],"curies":[{"name":"wp","href":"https:\/\/api.w.org\/{rel}","templated":true}]}}