{"id":7036,"date":"2024-12-31T14:31:26","date_gmt":"2024-12-31T13:31:26","guid":{"rendered":"https:\/\/imaginedemain.fr\/?p=7036"},"modified":"2025-05-22T12:04:55","modified_gmt":"2025-05-22T10:04:55","slug":"meilleurs-voeux-2","status":"publish","type":"post","link":"https:\/\/imaginedemain.fr\/index.php\/2024\/12\/31\/meilleurs-voeux-2\/","title":{"rendered":"Belle ann\u00e9e !"},"content":{"rendered":"\n<div class=\"wp-block-media-text has-media-on-the-right is-stacked-on-mobile\" style=\"grid-template-columns:auto 59%\"><div class=\"wp-block-media-text__content\">\n<div style=\"height:33px\" aria-hidden=\"true\" class=\"wp-block-spacer\"><\/div>\n\n\n\n<h4 class=\"wp-block-heading\">Le sublime existe, si d\u00e9licat \u00e0 capter. Pour le faire surgir, des mots, des \u0153uvres d\u2019art, des fictions sensibles, la voix d&rsquo;une soprano. Un effort accompli, un sentiment qui \u00e9treint,  un ciel \u00e9toil\u00e9, des sourires d\u2019enfant, une m\u00e9lodie soyeuse. Une photo aussi, peut-\u00eatre, qui re\u00e7oit toute la lumi\u00e8re du monde.<\/h4>\n<\/div><figure class=\"wp-block-media-text__media\"><img data-recalc-dims=\"1\" loading=\"lazy\" decoding=\"async\" width=\"576\" height=\"1024\" data-attachment-id=\"7037\" data-permalink=\"https:\/\/imaginedemain.fr\/index.php\/2024\/12\/31\/meilleurs-voeux-2\/carte-de-voeux-2025\/\" data-orig-file=\"https:\/\/i0.wp.com\/imaginedemain.fr\/wp-content\/uploads\/2024\/12\/Carte-de-voeux-2025-scaled.jpg?fit=1440%2C2560&amp;ssl=1\" data-orig-size=\"1440,2560\" data-comments-opened=\"1\" data-image-meta=\"{&quot;aperture&quot;:&quot;0&quot;,&quot;credit&quot;:&quot;&quot;,&quot;camera&quot;:&quot;&quot;,&quot;caption&quot;:&quot;&quot;,&quot;created_timestamp&quot;:&quot;0&quot;,&quot;copyright&quot;:&quot;&quot;,&quot;focal_length&quot;:&quot;0&quot;,&quot;iso&quot;:&quot;0&quot;,&quot;shutter_speed&quot;:&quot;0&quot;,&quot;title&quot;:&quot;&quot;,&quot;orientation&quot;:&quot;0&quot;}\" data-image-title=\"Carte-de-voeux-2025\" data-image-description=\"\" data-image-caption=\"\" data-large-file=\"https:\/\/i0.wp.com\/imaginedemain.fr\/wp-content\/uploads\/2024\/12\/Carte-de-voeux-2025-scaled.jpg?fit=576%2C1024&amp;ssl=1\" src=\"https:\/\/i0.wp.com\/imaginedemain.fr\/wp-content\/uploads\/2024\/12\/Carte-de-voeux-2025.jpg?resize=576%2C1024&#038;ssl=1\" alt=\"\" class=\"wp-image-7037 size-full\" srcset=\"https:\/\/i0.wp.com\/imaginedemain.fr\/wp-content\/uploads\/2024\/12\/Carte-de-voeux-2025-scaled.jpg?resize=576%2C1024&amp;ssl=1 576w, https:\/\/i0.wp.com\/imaginedemain.fr\/wp-content\/uploads\/2024\/12\/Carte-de-voeux-2025-scaled.jpg?resize=169%2C300&amp;ssl=1 169w, https:\/\/i0.wp.com\/imaginedemain.fr\/wp-content\/uploads\/2024\/12\/Carte-de-voeux-2025-scaled.jpg?resize=768%2C1365&amp;ssl=1 768w, https:\/\/i0.wp.com\/imaginedemain.fr\/wp-content\/uploads\/2024\/12\/Carte-de-voeux-2025-scaled.jpg?resize=864%2C1536&amp;ssl=1 864w, https:\/\/i0.wp.com\/imaginedemain.fr\/wp-content\/uploads\/2024\/12\/Carte-de-voeux-2025-scaled.jpg?resize=1152%2C2048&amp;ssl=1 1152w, https:\/\/i0.wp.com\/imaginedemain.fr\/wp-content\/uploads\/2024\/12\/Carte-de-voeux-2025-scaled.jpg?resize=1320%2C2346&amp;ssl=1 1320w, https:\/\/i0.wp.com\/imaginedemain.fr\/wp-content\/uploads\/2024\/12\/Carte-de-voeux-2025-scaled.jpg?w=1440&amp;ssl=1 1440w\" sizes=\"auto, (max-width: 576px) 100vw, 576px\" \/><\/figure><\/div>\n","protected":false},"excerpt":{"rendered":"","protected":false},"author":269,"featured_media":7048,"comment_status":"open","ping_status":"open","sticky":false,"template":"","format":"standard","meta":{"ngg_post_thumbnail":0,"jetpack_post_was_ever_published":false,"_jetpack_newsletter_access":"","_jetpack_dont_email_post_to_subs":false,"_jetpack_newsletter_tier_id":0,"_jetpack_memberships_contains_paywalled_content":false,"_jetpack_memberships_contains_paid_content":false,"footnotes":"","jetpack_publicize_message":"","jetpack_publicize_feature_enabled":true,"jetpack_social_post_already_shared":true,"jetpack_social_options":{"image_generator_settings":{"template":"highway","default_image_id":0,"font":"","enabled":false},"version":2}},"categories":[7,31,8],"tags":[],"class_list":["post-7036","post","type-post","status-publish","format-standard","has-post-thumbnail","hentry","category-idothink","category-vercors","category-savoir"],"yoast_head":"<!-- This site is optimized with the Yoast SEO plugin v27.5 - https:\/\/yoast.com\/product\/yoast-seo-wordpress\/ -->\n<title>Belle ann\u00e9e ! - Imagine demain<\/title>\n<meta name=\"robots\" content=\"index, follow, max-snippet:-1, max-image-preview:large, max-video-preview:-1\" \/>\n<link rel=\"canonical\" href=\"https:\/\/imaginedemain.fr\/index.php\/2024\/12\/31\/meilleurs-voeux-2\/\" \/>\n<meta property=\"og:locale\" content=\"fr_FR\" \/>\n<meta property=\"og:type\" content=\"article\" \/>\n<meta property=\"og:title\" content=\"Belle ann\u00e9e ! - Imagine demain\" \/>\n<meta property=\"og:url\" content=\"https:\/\/imaginedemain.fr\/index.php\/2024\/12\/31\/meilleurs-voeux-2\/\" \/>\n<meta property=\"og:site_name\" content=\"Imagine demain\" \/>\n<meta property=\"article:published_time\" content=\"2024-12-31T13:31:26+00:00\" \/>\n<meta property=\"article:modified_time\" content=\"2025-05-22T10:04:55+00:00\" \/>\n<meta property=\"og:image\" content=\"https:\/\/imaginedemain.fr\/wp-content\/uploads\/2024\/12\/Carte-de-voeux-2025-1-scaled.jpg\" \/>\n\t<meta property=\"og:image:width\" content=\"1440\" \/>\n\t<meta property=\"og:image:height\" content=\"2560\" \/>\n\t<meta property=\"og:image:type\" content=\"image\/jpeg\" \/>\n<meta name=\"author\" content=\"Philippe\" \/>\n<meta name=\"twitter:card\" content=\"summary_large_image\" \/>\n<meta name=\"twitter:label1\" content=\"\u00c9crit par\" \/>\n\t<meta name=\"twitter:data1\" content=\"Philippe\" \/>\n\t<meta name=\"twitter:label2\" content=\"Dur\u00e9e de lecture estim\u00e9e\" \/>\n\t<meta name=\"twitter:data2\" content=\"1 minute\" \/>\n<script type=\"application\/ld+json\" class=\"yoast-schema-graph\">{\"@context\":\"https:\\\/\\\/schema.org\",\"@graph\":[{\"@type\":\"Article\",\"@id\":\"https:\\\/\\\/imaginedemain.fr\\\/index.php\\\/2024\\\/12\\\/31\\\/meilleurs-voeux-2\\\/#article\",\"isPartOf\":{\"@id\":\"https:\\\/\\\/imaginedemain.fr\\\/index.php\\\/2024\\\/12\\\/31\\\/meilleurs-voeux-2\\\/\"},\"author\":{\"name\":\"Philippe\",\"@id\":\"https:\\\/\\\/imaginedemain.fr\\\/#\\\/schema\\\/person\\\/9f5931e51d7535c65f1a4a291d3bbaa4\"},\"headline\":\"Belle ann\u00e9e !\",\"datePublished\":\"2024-12-31T13:31:26+00:00\",\"dateModified\":\"2025-05-22T10:04:55+00:00\",\"mainEntityOfPage\":{\"@id\":\"https:\\\/\\\/imaginedemain.fr\\\/index.php\\\/2024\\\/12\\\/31\\\/meilleurs-voeux-2\\\/\"},\"wordCount\":60,\"commentCount\":2,\"image\":{\"@id\":\"https:\\\/\\\/imaginedemain.fr\\\/index.php\\\/2024\\\/12\\\/31\\\/meilleurs-voeux-2\\\/#primaryimage\"},\"thumbnailUrl\":\"https:\\\/\\\/i0.wp.com\\\/imaginedemain.fr\\\/wp-content\\\/uploads\\\/2024\\\/12\\\/Carte-de-voeux-2025-1-scaled.jpg?fit=1440%2C2560&ssl=1\",\"articleSection\":[\"Opinions\",\"Vercors\",\"Voyage immobile\"],\"inLanguage\":\"fr-FR\",\"potentialAction\":[{\"@type\":\"CommentAction\",\"name\":\"Comment\",\"target\":[\"https:\\\/\\\/imaginedemain.fr\\\/index.php\\\/2024\\\/12\\\/31\\\/meilleurs-voeux-2\\\/#respond\"]}]},{\"@type\":\"WebPage\",\"@id\":\"https:\\\/\\\/imaginedemain.fr\\\/index.php\\\/2024\\\/12\\\/31\\\/meilleurs-voeux-2\\\/\",\"url\":\"https:\\\/\\\/imaginedemain.fr\\\/index.php\\\/2024\\\/12\\\/31\\\/meilleurs-voeux-2\\\/\",\"name\":\"Belle ann\u00e9e ! - Imagine demain\",\"isPartOf\":{\"@id\":\"https:\\\/\\\/imaginedemain.fr\\\/#website\"},\"primaryImageOfPage\":{\"@id\":\"https:\\\/\\\/imaginedemain.fr\\\/index.php\\\/2024\\\/12\\\/31\\\/meilleurs-voeux-2\\\/#primaryimage\"},\"image\":{\"@id\":\"https:\\\/\\\/imaginedemain.fr\\\/index.php\\\/2024\\\/12\\\/31\\\/meilleurs-voeux-2\\\/#primaryimage\"},\"thumbnailUrl\":\"https:\\\/\\\/i0.wp.com\\\/imaginedemain.fr\\\/wp-content\\\/uploads\\\/2024\\\/12\\\/Carte-de-voeux-2025-1-scaled.jpg?fit=1440%2C2560&ssl=1\",\"datePublished\":\"2024-12-31T13:31:26+00:00\",\"dateModified\":\"2025-05-22T10:04:55+00:00\",\"author\":{\"@id\":\"https:\\\/\\\/imaginedemain.fr\\\/#\\\/schema\\\/person\\\/9f5931e51d7535c65f1a4a291d3bbaa4\"},\"breadcrumb\":{\"@id\":\"https:\\\/\\\/imaginedemain.fr\\\/index.php\\\/2024\\\/12\\\/31\\\/meilleurs-voeux-2\\\/#breadcrumb\"},\"inLanguage\":\"fr-FR\",\"potentialAction\":[{\"@type\":\"ReadAction\",\"target\":[\"https:\\\/\\\/imaginedemain.fr\\\/index.php\\\/2024\\\/12\\\/31\\\/meilleurs-voeux-2\\\/\"]}]},{\"@type\":\"ImageObject\",\"inLanguage\":\"fr-FR\",\"@id\":\"https:\\\/\\\/imaginedemain.fr\\\/index.php\\\/2024\\\/12\\\/31\\\/meilleurs-voeux-2\\\/#primaryimage\",\"url\":\"https:\\\/\\\/i0.wp.com\\\/imaginedemain.fr\\\/wp-content\\\/uploads\\\/2024\\\/12\\\/Carte-de-voeux-2025-1-scaled.jpg?fit=1440%2C2560&ssl=1\",\"contentUrl\":\"https:\\\/\\\/i0.wp.com\\\/imaginedemain.fr\\\/wp-content\\\/uploads\\\/2024\\\/12\\\/Carte-de-voeux-2025-1-scaled.jpg?fit=1440%2C2560&ssl=1\",\"width\":1440,\"height\":2560},{\"@type\":\"BreadcrumbList\",\"@id\":\"https:\\\/\\\/imaginedemain.fr\\\/index.php\\\/2024\\\/12\\\/31\\\/meilleurs-voeux-2\\\/#breadcrumb\",\"itemListElement\":[{\"@type\":\"ListItem\",\"position\":1,\"name\":\"Accueil\",\"item\":\"https:\\\/\\\/imaginedemain.fr\\\/\"},{\"@type\":\"ListItem\",\"position\":2,\"name\":\"Belle ann\u00e9e !\"}]},{\"@type\":\"WebSite\",\"@id\":\"https:\\\/\\\/imaginedemain.fr\\\/#website\",\"url\":\"https:\\\/\\\/imaginedemain.fr\\\/\",\"name\":\"Imagine demain\",\"description\":\"\",\"potentialAction\":[{\"@type\":\"SearchAction\",\"target\":{\"@type\":\"EntryPoint\",\"urlTemplate\":\"https:\\\/\\\/imaginedemain.fr\\\/?s={search_term_string}\"},\"query-input\":{\"@type\":\"PropertyValueSpecification\",\"valueRequired\":true,\"valueName\":\"search_term_string\"}}],\"inLanguage\":\"fr-FR\"},{\"@type\":\"Person\",\"@id\":\"https:\\\/\\\/imaginedemain.fr\\\/#\\\/schema\\\/person\\\/9f5931e51d7535c65f1a4a291d3bbaa4\",\"name\":\"Philippe\",\"image\":{\"@type\":\"ImageObject\",\"inLanguage\":\"fr-FR\",\"@id\":\"https:\\\/\\\/secure.gravatar.com\\\/avatar\\\/b2aa6bd51417a74d8dc72e7c9d4f289ee495b30120bb4f2aa3f0b5fbf65f59d8?s=96&d=blank&r=g\",\"url\":\"https:\\\/\\\/secure.gravatar.com\\\/avatar\\\/b2aa6bd51417a74d8dc72e7c9d4f289ee495b30120bb4f2aa3f0b5fbf65f59d8?s=96&d=blank&r=g\",\"contentUrl\":\"https:\\\/\\\/secure.gravatar.com\\\/avatar\\\/b2aa6bd51417a74d8dc72e7c9d4f289ee495b30120bb4f2aa3f0b5fbf65f59d8?s=96&d=blank&r=g\",\"caption\":\"Philippe\"},\"sameAs\":[\"http:\\\/\\\/imaginedemain.fr\"],\"url\":\"https:\\\/\\\/imaginedemain.fr\\\/index.php\\\/author\\\/phjg7856\\\/\"}]}<\/script>\n<!-- \/ Yoast SEO plugin. -->","yoast_head_json":{"title":"Belle ann\u00e9e ! - Imagine demain","robots":{"index":"index","follow":"follow","max-snippet":"max-snippet:-1","max-image-preview":"max-image-preview:large","max-video-preview":"max-video-preview:-1"},"canonical":"https:\/\/imaginedemain.fr\/index.php\/2024\/12\/31\/meilleurs-voeux-2\/","og_locale":"fr_FR","og_type":"article","og_title":"Belle ann\u00e9e ! - Imagine demain","og_url":"https:\/\/imaginedemain.fr\/index.php\/2024\/12\/31\/meilleurs-voeux-2\/","og_site_name":"Imagine demain","article_published_time":"2024-12-31T13:31:26+00:00","article_modified_time":"2025-05-22T10:04:55+00:00","og_image":[{"width":1440,"height":2560,"url":"https:\/\/imaginedemain.fr\/wp-content\/uploads\/2024\/12\/Carte-de-voeux-2025-1-scaled.jpg","type":"image\/jpeg"}],"author":"Philippe","twitter_card":"summary_large_image","twitter_misc":{"\u00c9crit par":"Philippe","Dur\u00e9e de lecture estim\u00e9e":"1 minute"},"schema":{"@context":"https:\/\/schema.org","@graph":[{"@type":"Article","@id":"https:\/\/imaginedemain.fr\/index.php\/2024\/12\/31\/meilleurs-voeux-2\/#article","isPartOf":{"@id":"https:\/\/imaginedemain.fr\/index.php\/2024\/12\/31\/meilleurs-voeux-2\/"},"author":{"name":"Philippe","@id":"https:\/\/imaginedemain.fr\/#\/schema\/person\/9f5931e51d7535c65f1a4a291d3bbaa4"},"headline":"Belle ann\u00e9e !","datePublished":"2024-12-31T13:31:26+00:00","dateModified":"2025-05-22T10:04:55+00:00","mainEntityOfPage":{"@id":"https:\/\/imaginedemain.fr\/index.php\/2024\/12\/31\/meilleurs-voeux-2\/"},"wordCount":60,"commentCount":2,"image":{"@id":"https:\/\/imaginedemain.fr\/index.php\/2024\/12\/31\/meilleurs-voeux-2\/#primaryimage"},"thumbnailUrl":"https:\/\/i0.wp.com\/imaginedemain.fr\/wp-content\/uploads\/2024\/12\/Carte-de-voeux-2025-1-scaled.jpg?fit=1440%2C2560&ssl=1","articleSection":["Opinions","Vercors","Voyage immobile"],"inLanguage":"fr-FR","potentialAction":[{"@type":"CommentAction","name":"Comment","target":["https:\/\/imaginedemain.fr\/index.php\/2024\/12\/31\/meilleurs-voeux-2\/#respond"]}]},{"@type":"WebPage","@id":"https:\/\/imaginedemain.fr\/index.php\/2024\/12\/31\/meilleurs-voeux-2\/","url":"https:\/\/imaginedemain.fr\/index.php\/2024\/12\/31\/meilleurs-voeux-2\/","name":"Belle ann\u00e9e ! - Imagine demain","isPartOf":{"@id":"https:\/\/imaginedemain.fr\/#website"},"primaryImageOfPage":{"@id":"https:\/\/imaginedemain.fr\/index.php\/2024\/12\/31\/meilleurs-voeux-2\/#primaryimage"},"image":{"@id":"https:\/\/imaginedemain.fr\/index.php\/2024\/12\/31\/meilleurs-voeux-2\/#primaryimage"},"thumbnailUrl":"https:\/\/i0.wp.com\/imaginedemain.fr\/wp-content\/uploads\/2024\/12\/Carte-de-voeux-2025-1-scaled.jpg?fit=1440%2C2560&ssl=1","datePublished":"2024-12-31T13:31:26+00:00","dateModified":"2025-05-22T10:04:55+00:00","author":{"@id":"https:\/\/imaginedemain.fr\/#\/schema\/person\/9f5931e51d7535c65f1a4a291d3bbaa4"},"breadcrumb":{"@id":"https:\/\/imaginedemain.fr\/index.php\/2024\/12\/31\/meilleurs-voeux-2\/#breadcrumb"},"inLanguage":"fr-FR","potentialAction":[{"@type":"ReadAction","target":["https:\/\/imaginedemain.fr\/index.php\/2024\/12\/31\/meilleurs-voeux-2\/"]}]},{"@type":"ImageObject","inLanguage":"fr-FR","@id":"https:\/\/imaginedemain.fr\/index.php\/2024\/12\/31\/meilleurs-voeux-2\/#primaryimage","url":"https:\/\/i0.wp.com\/imaginedemain.fr\/wp-content\/uploads\/2024\/12\/Carte-de-voeux-2025-1-scaled.jpg?fit=1440%2C2560&ssl=1","contentUrl":"https:\/\/i0.wp.com\/imaginedemain.fr\/wp-content\/uploads\/2024\/12\/Carte-de-voeux-2025-1-scaled.jpg?fit=1440%2C2560&ssl=1","width":1440,"height":2560},{"@type":"BreadcrumbList","@id":"https:\/\/imaginedemain.fr\/index.php\/2024\/12\/31\/meilleurs-voeux-2\/#breadcrumb","itemListElement":[{"@type":"ListItem","position":1,"name":"Accueil","item":"https:\/\/imaginedemain.fr\/"},{"@type":"ListItem","position":2,"name":"Belle ann\u00e9e !"}]},{"@type":"WebSite","@id":"https:\/\/imaginedemain.fr\/#website","url":"https:\/\/imaginedemain.fr\/","name":"Imagine demain","description":"","potentialAction":[{"@type":"SearchAction","target":{"@type":"EntryPoint","urlTemplate":"https:\/\/imaginedemain.fr\/?s={search_term_string}"},"query-input":{"@type":"PropertyValueSpecification","valueRequired":true,"valueName":"search_term_string"}}],"inLanguage":"fr-FR"},{"@type":"Person","@id":"https:\/\/imaginedemain.fr\/#\/schema\/person\/9f5931e51d7535c65f1a4a291d3bbaa4","name":"Philippe","image":{"@type":"ImageObject","inLanguage":"fr-FR","@id":"https:\/\/secure.gravatar.com\/avatar\/b2aa6bd51417a74d8dc72e7c9d4f289ee495b30120bb4f2aa3f0b5fbf65f59d8?s=96&d=blank&r=g","url":"https:\/\/secure.gravatar.com\/avatar\/b2aa6bd51417a74d8dc72e7c9d4f289ee495b30120bb4f2aa3f0b5fbf65f59d8?s=96&d=blank&r=g","contentUrl":"https:\/\/secure.gravatar.com\/avatar\/b2aa6bd51417a74d8dc72e7c9d4f289ee495b30120bb4f2aa3f0b5fbf65f59d8?s=96&d=blank&r=g","caption":"Philippe"},"sameAs":["http:\/\/imaginedemain.fr"],"url":"https:\/\/imaginedemain.fr\/index.php\/author\/phjg7856\/"}]}},"jetpack_publicize_connections":[],"jetpack_featured_media_url":"https:\/\/i0.wp.com\/imaginedemain.fr\/wp-content\/uploads\/2024\/12\/Carte-de-voeux-2025-1-scaled.jpg?fit=1440%2C2560&ssl=1","jetpack_shortlink":"https:\/\/wp.me\/p8tuMH-1Pu","jetpack-related-posts":[{"id":1605,"url":"https:\/\/imaginedemain.fr\/index.php\/2016\/10\/04\/cetait-une-gageure-et-on-a-reussi-par-valerie\/","url_meta":{"origin":7036,"position":0},"title":"C\u2019\u00e9tait une gageure, et on a r\u00e9ussi!       par Val\u00e9rie","author":"Philippe","date":"4 octobre 2016","format":false,"excerpt":"Outre la splendeur des paysages montagneux et l'\u00e9trange fascination exerc\u00e9e par ces ch\u00e2teaux haut perch\u00e9s \u00e0 l'\u00e2me troubl\u00e9e... je retiens de cette randonn\u00e9e l'ambiance d'un groupe d'une quinzaine de personnes vivant ensemble une dizaine de jours... Pour avoir gravi maintes fois les pentes pyr\u00e9n\u00e9ennes, nous connaissons parfaitement l'anatomie des mollets\u2026","rel":"","context":"Dans &quot;Sentier Cathare&quot;","block_context":{"text":"Sentier Cathare","link":"https:\/\/imaginedemain.fr\/index.php\/category\/sentier-cathare\/"},"img":{"alt_text":"","src":"https:\/\/i0.wp.com\/imaginedemain.fr\/wp-content\/uploads\/2016\/09\/dsc09822.jpg?fit=1200%2C673&ssl=1&resize=350%2C200","width":350,"height":200,"srcset":"https:\/\/i0.wp.com\/imaginedemain.fr\/wp-content\/uploads\/2016\/09\/dsc09822.jpg?fit=1200%2C673&ssl=1&resize=350%2C200 1x, https:\/\/i0.wp.com\/imaginedemain.fr\/wp-content\/uploads\/2016\/09\/dsc09822.jpg?fit=1200%2C673&ssl=1&resize=525%2C300 1.5x, https:\/\/i0.wp.com\/imaginedemain.fr\/wp-content\/uploads\/2016\/09\/dsc09822.jpg?fit=1200%2C673&ssl=1&resize=700%2C400 2x, https:\/\/i0.wp.com\/imaginedemain.fr\/wp-content\/uploads\/2016\/09\/dsc09822.jpg?fit=1200%2C673&ssl=1&resize=1050%2C600 3x"},"classes":[]},{"id":6963,"url":"https:\/\/imaginedemain.fr\/index.php\/2024\/07\/19\/balade-irlandaise\/","url_meta":{"origin":7036,"position":1},"title":"Balade irlandaise","author":"Philippe","date":"19 juillet 2024","format":false,"excerpt":"Randonnant sur le GR 34 l\u2019an dernier, sur la c\u00f4te nord du Finist\u00e8re, nous d\u00e9couvrions qu\u2019un ferry assure depuis Roscoff la liaison directe vers Cork en Irlande. Cette d\u00e9couverte germant dans nos esprits, nous d\u00e9cid\u00e2mes de r\u00e9server un aller&retour cet \u00e9t\u00e9 pour l\u2019Irlande. L\u2019objectif est de faire un tour d\u2019Irlande\u2026","rel":"","context":"Dans &quot;Irlande&quot;","block_context":{"text":"Irlande","link":"https:\/\/imaginedemain.fr\/index.php\/category\/irlande\/"},"img":{"alt_text":"","src":"https:\/\/i0.wp.com\/imaginedemain.fr\/wp-content\/uploads\/2024\/07\/20240714_095914-scaled.jpg?fit=1200%2C675&ssl=1&resize=350%2C200","width":350,"height":200,"srcset":"https:\/\/i0.wp.com\/imaginedemain.fr\/wp-content\/uploads\/2024\/07\/20240714_095914-scaled.jpg?fit=1200%2C675&ssl=1&resize=350%2C200 1x, https:\/\/i0.wp.com\/imaginedemain.fr\/wp-content\/uploads\/2024\/07\/20240714_095914-scaled.jpg?fit=1200%2C675&ssl=1&resize=525%2C300 1.5x, https:\/\/i0.wp.com\/imaginedemain.fr\/wp-content\/uploads\/2024\/07\/20240714_095914-scaled.jpg?fit=1200%2C675&ssl=1&resize=700%2C400 2x, https:\/\/i0.wp.com\/imaginedemain.fr\/wp-content\/uploads\/2024\/07\/20240714_095914-scaled.jpg?fit=1200%2C675&ssl=1&resize=1050%2C600 3x"},"classes":[]},{"id":448,"url":"https:\/\/imaginedemain.fr\/index.php\/2014\/12\/27\/sur-le-glaciar-exploradores-une-glace-millenaire-sous-les-crampons\/","url_meta":{"origin":7036,"position":2},"title":"Sur le Glaciar Exploradores, une glace mill\u00e9naire sous les crampons","author":"Philippe","date":"27 d\u00e9cembre 2014","format":false,"excerpt":"Le \u00ab\u00a0Campo Hielo Norte\u00a0\u00bb, champ de glaces nord de la Patagonie, pr\u00e9sente la superficie d\u2019un d\u00e9partement fran\u00e7ais. Cinquante fois plus grand que nos grands glaciers de la Vanoise. Depuis cette \u00e9norme masse de glace situ\u00e9e en altitude, coulent des glaciers jusqu\u2019au niveau de la mer, charriant une glace form\u00e9e il\u2026","rel":"","context":"Dans &quot;Chili &amp; Argentine&quot;","block_context":{"text":"Chili &amp; Argentine","link":"https:\/\/imaginedemain.fr\/index.php\/category\/chile-y-argentina\/"},"img":{"alt_text":"","src":"https:\/\/i0.wp.com\/imaginedemain.fr\/wp-content\/uploads\/2014\/12\/dsc028921.jpg?fit=1200%2C675&ssl=1&resize=350%2C200","width":350,"height":200,"srcset":"https:\/\/i0.wp.com\/imaginedemain.fr\/wp-content\/uploads\/2014\/12\/dsc028921.jpg?fit=1200%2C675&ssl=1&resize=350%2C200 1x, https:\/\/i0.wp.com\/imaginedemain.fr\/wp-content\/uploads\/2014\/12\/dsc028921.jpg?fit=1200%2C675&ssl=1&resize=525%2C300 1.5x, https:\/\/i0.wp.com\/imaginedemain.fr\/wp-content\/uploads\/2014\/12\/dsc028921.jpg?fit=1200%2C675&ssl=1&resize=700%2C400 2x, https:\/\/i0.wp.com\/imaginedemain.fr\/wp-content\/uploads\/2014\/12\/dsc028921.jpg?fit=1200%2C675&ssl=1&resize=1050%2C600 3x"},"classes":[]},{"id":327,"url":"https:\/\/imaginedemain.fr\/index.php\/2016\/10\/07\/le-coeur-des-gites-par-sylvie\/","url_meta":{"origin":7036,"position":3},"title":"Le c\u0153ur des g\u00eetes, par Sylvie","author":"Philippe","date":"7 octobre 2016","format":false,"excerpt":"Le jour, le marcheur est acteur de sa r\u00e9ussite tandis que le soir \u00e0 l\u2019\u00e9tape, il confie la reconstitution de ses \u00e9nergies \u00e0 autrui. Il s\u2019est invit\u00e9. En approchant du g\u00eete il pressent de petits bonheurs qui lui feront cueillir les fruits de ses efforts\u00a0; il conna\u00eet le go\u00fbt de\u2026","rel":"","context":"Dans &quot;Sentier Cathare&quot;","block_context":{"text":"Sentier Cathare","link":"https:\/\/imaginedemain.fr\/index.php\/category\/sentier-cathare\/"},"img":{"alt_text":"","src":"https:\/\/i0.wp.com\/imaginedemain.fr\/wp-content\/uploads\/2016\/10\/dsc00012.jpg?fit=1200%2C674&ssl=1&resize=350%2C200","width":350,"height":200,"srcset":"https:\/\/i0.wp.com\/imaginedemain.fr\/wp-content\/uploads\/2016\/10\/dsc00012.jpg?fit=1200%2C674&ssl=1&resize=350%2C200 1x, https:\/\/i0.wp.com\/imaginedemain.fr\/wp-content\/uploads\/2016\/10\/dsc00012.jpg?fit=1200%2C674&ssl=1&resize=525%2C300 1.5x, https:\/\/i0.wp.com\/imaginedemain.fr\/wp-content\/uploads\/2016\/10\/dsc00012.jpg?fit=1200%2C674&ssl=1&resize=700%2C400 2x, https:\/\/i0.wp.com\/imaginedemain.fr\/wp-content\/uploads\/2016\/10\/dsc00012.jpg?fit=1200%2C674&ssl=1&resize=1050%2C600 3x"},"classes":[]},{"id":4759,"url":"https:\/\/imaginedemain.fr\/index.php\/2019\/02\/15\/a-la-havane-dans-le-dernier-carre-de-la-revolution\/","url_meta":{"origin":7036,"position":4},"title":"A La Havane, dans le dernier carr\u00e9 de la r\u00e9volution","author":"Philippe","date":"15 f\u00e9vrier 2019","format":false,"excerpt":"La Havane, pour qui est lucide, ne peut passer pour une simple destination soleil. Non seulement il peut y pleuvoir tr\u00e8s copieusement, laissant d\u2019ailleurs le temps d\u2019\u00e9crire ce billet, mais, surtout, soixante-dix ann\u00e9es de r\u00e9volution ont install\u00e9 ici un climat o\u00f9 nos d\u00e9licates sensibilit\u00e9s d\u00e9mocrates risquent un chaud\/froid. Pour le\u2026","rel":"","context":"Dans &quot;Grenadines, Cuba&quot;","block_context":{"text":"Grenadines, Cuba","link":"https:\/\/imaginedemain.fr\/index.php\/category\/grenadines\/"},"img":{"alt_text":"","src":"https:\/\/i0.wp.com\/imaginedemain.fr\/wp-content\/uploads\/2019\/02\/3D3E347A-8ECC-4753-8F5B-2E1AE7FED5BB.jpeg?fit=1200%2C675&ssl=1&resize=350%2C200","width":350,"height":200,"srcset":"https:\/\/i0.wp.com\/imaginedemain.fr\/wp-content\/uploads\/2019\/02\/3D3E347A-8ECC-4753-8F5B-2E1AE7FED5BB.jpeg?fit=1200%2C675&ssl=1&resize=350%2C200 1x, https:\/\/i0.wp.com\/imaginedemain.fr\/wp-content\/uploads\/2019\/02\/3D3E347A-8ECC-4753-8F5B-2E1AE7FED5BB.jpeg?fit=1200%2C675&ssl=1&resize=525%2C300 1.5x, https:\/\/i0.wp.com\/imaginedemain.fr\/wp-content\/uploads\/2019\/02\/3D3E347A-8ECC-4753-8F5B-2E1AE7FED5BB.jpeg?fit=1200%2C675&ssl=1&resize=700%2C400 2x, https:\/\/i0.wp.com\/imaginedemain.fr\/wp-content\/uploads\/2019\/02\/3D3E347A-8ECC-4753-8F5B-2E1AE7FED5BB.jpeg?fit=1200%2C675&ssl=1&resize=1050%2C600 3x"},"classes":[]},{"id":6012,"url":"https:\/\/imaginedemain.fr\/index.php\/2020\/11\/10\/comment-rejoindre-louest-des-acores-puis-les-cotes-du-bresil\/","url_meta":{"origin":7036,"position":5},"title":"Comment rejoindre l&rsquo;ouest des A\u00e7ores puis les c\u00f4tes du Br\u00e9sil ?","author":"Philippe","date":"10 novembre 2020","format":false,"excerpt":"Aujourd'hui, lundi 10 novembre, tous les bateaux sont dans le large du Cap Finisterre, une zone de navigation r\u00e9put\u00e9e difficile pour sa mer crois\u00e9e et les surventes. Des choix strat\u00e9giques ont \u00e9t\u00e9 op\u00e9r\u00e9s par les skippers entre ceux qui sont pass\u00e9s \u00e0 la c\u00f4te, ou ceux qui, au contraire ont\u2026","rel":"","context":"Dans &quot;Vend\u00e9e Globe&quot;","block_context":{"text":"Vend\u00e9e Globe","link":"https:\/\/imaginedemain.fr\/index.php\/category\/vendee-globe\/"},"img":{"alt_text":"","src":"https:\/\/i0.wp.com\/imaginedemain.fr\/wp-content\/uploads\/2020\/11\/Positions-10-11-20-a-15h.jpg?fit=711%2C417&ssl=1&resize=350%2C200","width":350,"height":200,"srcset":"https:\/\/i0.wp.com\/imaginedemain.fr\/wp-content\/uploads\/2020\/11\/Positions-10-11-20-a-15h.jpg?fit=711%2C417&ssl=1&resize=350%2C200 1x, https:\/\/i0.wp.com\/imaginedemain.fr\/wp-content\/uploads\/2020\/11\/Positions-10-11-20-a-15h.jpg?fit=711%2C417&ssl=1&resize=525%2C300 1.5x, https:\/\/i0.wp.com\/imaginedemain.fr\/wp-content\/uploads\/2020\/11\/Positions-10-11-20-a-15h.jpg?fit=711%2C417&ssl=1&resize=700%2C400 2x"},"classes":[]}],"jetpack_sharing_enabled":true,"_links":{"self":[{"href":"https:\/\/imaginedemain.fr\/index.php\/wp-json\/wp\/v2\/posts\/7036","targetHints":{"allow":["GET"]}}],"collection":[{"href":"https:\/\/imaginedemain.fr\/index.php\/wp-json\/wp\/v2\/posts"}],"about":[{"href":"https:\/\/imaginedemain.fr\/index.php\/wp-json\/wp\/v2\/types\/post"}],"author":[{"embeddable":true,"href":"https:\/\/imaginedemain.fr\/index.php\/wp-json\/wp\/v2\/users\/269"}],"replies":[{"embeddable":true,"href":"https:\/\/imaginedemain.fr\/index.php\/wp-json\/wp\/v2\/comments?post=7036"}],"version-history":[{"count":16,"href":"https:\/\/imaginedemain.fr\/index.php\/wp-json\/wp\/v2\/posts\/7036\/revisions"}],"predecessor-version":[{"id":7058,"href":"https:\/\/imaginedemain.fr\/index.php\/wp-json\/wp\/v2\/posts\/7036\/revisions\/7058"}],"wp:featuredmedia":[{"embeddable":true,"href":"https:\/\/imaginedemain.fr\/index.php\/wp-json\/wp\/v2\/media\/7048"}],"wp:attachment":[{"href":"https:\/\/imaginedemain.fr\/index.php\/wp-json\/wp\/v2\/media?parent=7036"}],"wp:term":[{"taxonomy":"category","embeddable":true,"href":"https:\/\/imaginedemain.fr\/index.php\/wp-json\/wp\/v2\/categories?post=7036"},{"taxonomy":"post_tag","embeddable":true,"href":"https:\/\/imaginedemain.fr\/index.php\/wp-json\/wp\/v2\/tags?post=7036"}],"curies":[{"name":"wp","href":"https:\/\/api.w.org\/{rel}","templated":true}]}}